{"id":1510,"date":"2016-08-22T10:41:21","date_gmt":"2016-08-22T08:41:21","guid":{"rendered":"http:\/\/dev.safety-plus.ch\/?p=1058"},"modified":"2016-08-22T10:41:21","modified_gmt":"2016-08-22T08:41:21","slug":"work-smart-schweizer-unternehmen-setzen-zeichen","status":null,"type":"post","link":"https:\/\/news.save.ch\/fr\/work-smart-schweizer-unternehmen-setzen-zeichen\/","title":{"rendered":"Work smart : les entreprises suisses posent des jalons"},"content":{"rendered":"<figure id=\"attachment_1059\" aria-describedby=\"caption-attachment-1059\" style=\"width: 680px\" class=\"wp-caption alignnone\"><a href=\"http:\/\/develop.safety-plus.ch\/wp-content\/uploads\/2016\/12\/Smarter-arbeiten-sp-safety-plus.jpg\"><img loading=\"lazy\" decoding=\"async\" class=\"size-medium wp-image-1059\" src=\"http:\/\/develop.safety-plus.ch\/wp-content\/uploads\/2016\/12\/Smarter-arbeiten-sp-safety-plus.jpg\" alt=\"\" width=\"680\" height=\"451\" srcset=\"https:\/\/news.save.ch\/wp-content\/uploads\/2016\/12\/Smarter-arbeiten-sp-safety-plus.jpg 999w, https:\/\/news.save.ch\/wp-content\/uploads\/2016\/12\/Smarter-arbeiten-sp-safety-plus-680x451.jpg 680w, https:\/\/news.save.ch\/wp-content\/uploads\/2016\/12\/Smarter-arbeiten-sp-safety-plus-768x509.jpg 768w, https:\/\/news.save.ch\/wp-content\/uploads\/2016\/12\/Smarter-arbeiten-sp-safety-plus-18x12.jpg 18w, https:\/\/news.save.ch\/wp-content\/uploads\/2016\/12\/Smarter-arbeiten-sp-safety-plus-375x248.jpg 375w, https:\/\/news.save.ch\/wp-content\/uploads\/2016\/12\/Smarter-arbeiten-sp-safety-plus-528x350.jpg 528w\" sizes=\"auto, (max-width: 680px) 100vw, 680px\" \/><\/a><figcaption id=\"caption-attachment-1059\" class=\"wp-caption-text\">Work smart : les entreprises suisses posent des jalons<\/figcaption><\/figure>\n<p>La culture du travail devient de plus en plus flexible. Les journ\u00e9es de travail peuvent aujourd'hui \u00eatre organis\u00e9es de mani\u00e8re plus individuelle, plus flexible et ind\u00e9pendamment du lieu. Mais c'est encore loin d'\u00eatre le cas partout. C'est pourquoi les CFF, Microsoft, la Poste, Witzig - The Office Company, Swisscom et La Mobili\u00e8re ont cr\u00e9\u00e9 ensemble la <a href=\"http:\/\/work-smart-initiative.ch\/de\/\" target=\"_blank\" rel=\"noreferrer noopener\" data-cke-saved-href=\"http:\/\/work-smart-initiative.ch\/de\/\">\"Work Smart Initiative\"<\/a> a vu le jour. Les six entreprises susmentionn\u00e9es souhaitent ainsi que les employeurs cr\u00e9ent des conditions g\u00e9n\u00e9rales plus motivantes, qu'ils exploitent mieux le march\u00e9 du travail et qu'ils utilisent plus intelligemment les ressources et les infrastructures. Dans le cadre de cette initiative, une charte a \u00e9t\u00e9 \u00e9labor\u00e9e, que les entreprises signent et s'engagent ainsi \u00e0 atteindre les objectifs mentionn\u00e9s.<\/p>\n<p><strong>Les CFF montrent l'exemple<\/strong><br \/>\nMais comment les entreprises profitent-elles en fin de compte de cette initiative ? Stephan Osterwald, co-responsable du projet \"Work Smart\" aux CFF, r\u00e9pond : \"Les entreprises peuvent ainsi se positionner comme un employeur attractif qui encourage les formes de travail flexibles. En utilisant plus intelligemment les surfaces de bureaux, les b\u00e2timents, mais aussi le rail et la route, les entreprises et les collaborateurs profitent de co\u00fbts plus bas \u00e0 long terme. Le partage de bureau, par exemple, permet d'optimiser l'utilisation des postes de travail et d'\u00e9viter qu'ils ne restent temporairement vides. Travailler \u00e0 la journ\u00e9e \u00e0 partir de son home office permet par exemple de d\u00e9sengorger les voies de circulation. En tant qu'entreprise, la SA CFF essaie de donner le bon exemple. \"Si nous, les collaborateurs, traitons encore nos e-mails \u00e0 la maison le matin, nous pouvons nous rendre de mani\u00e8re flexible sur notre lieu de travail r\u00e9el. Et en g\u00e9n\u00e9ral, il est agr\u00e9able de travailler dans le train - en dehors des heures de pointe, sans \u00eatre d\u00e9rang\u00e9 et de mani\u00e8re plus confortable\", explique Osterwald.<\/p>\n<blockquote>\n<p>\"Chez nous aussi, c'est le CEO qui donne l'exemple du travail intelligent\" - Stephan Osterwald, co-chef de projet pour \"Work Smart\" aux CFF<\/p>\n<\/blockquote>","protected":false},"excerpt":{"rendered":"<p>Die Arbeitskultur wird zunehmend flexibler. Arbeitstage lassen sich heute individueller, flexibler und ortsunabh\u00e4ngig gestalten. Doch das ist l\u00e4ngst noch nicht \u00fcberall so. Deshalb haben SBB, Microsoft, Post, Witzig &#8211; The Office Company, Swisscom und Mobiliar gemeinsam die \u00abWork Smart Initiative\u00bb ins Leben gerufen. Die genannten sechs Unternehmen wollen damit erreichen, dass die Arbeitgeber mehr motivierende [&hellip;]<\/p>\n","protected":false},"author":10,"featured_media":1059,"comment_status":"open","ping_status":"open","sticky":false,"template":"","format":"standard","meta":{"_acf_changed":false,"pgc_sgb_lightbox_settings":"","footnotes":""},"categories":[1],"tags":[183,1678],"class_list":["post-1510","post","type-post","status-publish","format-standard","has-post-thumbnail","hentry","category-allgemein","tag-arbeitsplatzgestaltung","tag-arbeitszeit"],"acf":[],"hkrextid":null,"publication":null,"issue":null,"workflow":null,"startPage":null,"spitzmarke":null,"_posts_by_tag_page_fields":{"widget_title":"","widget_tags":""},"_at_widget":"1","_yoast_wpseo_primary_category":"1","_yoast_wpseo_focuskw_text_input":"Work smart: Schweizer Unternehmen setzen Zeichen","_yoast_wpseo_opengraph-image":"http:\/\/dev.safety-plus.ch\/wp-content\/uploads\/2016\/12\/\u00abSmarter\u00bb-arbeiten-sp-safety-plus.jpg","_yoast_wpseo_opengraph-description":"Mobile Arbeit braucht Unterst\u00fctzung, damit sie wirklich so \u00absmart\u00bb vonstattengeht, wie propagiert. Ger\u00e4tehersteller und die SBB tun ihr M\u00f6glichstes.","_yoast_wpseo_opengraph-title":"Work smart: Schweizer Unternehmen setzen Zeichen","enclosure":null,"_yoast_wpseo_twitter-title":"Work smart: Schweizer Unternehmen setzen Zeichen","_yoast_wpseo_twitter-description":"Mobile Arbeit braucht Unterst\u00fctzung, damit sie wirklich so \u00absmart\u00bb vonstattengeht, wie propagiert. Ger\u00e4tehersteller und die SBB tun ihr M\u00f6glichstes.","_yoast_wpseo_twitter-image":"http:\/\/dev.safety-plus.ch\/wp-content\/uploads\/2016\/12\/\u00abSmarter\u00bb-arbeiten-sp-safety-plus.jpg","_wp_old_slug":null,"_yoast_wpseo_title":null,"_yoast_wpseo_canonical":null,"yoast_head":"<!-- This site is optimized with the Yoast SEO plugin v27.5 - https:\/\/yoast.com\/product\/yoast-seo-wordpress\/ -->\n<title>Work smart: Schweizer Unternehmen setzen Zeichen - Save<\/title>\n<meta name=\"description\" content=\"Mobile Arbeit braucht Unterst\u00fctzung, damit sie wirklich so \u00absmart\u00bb vonstattengeht, wie propagiert. Ger\u00e4tehersteller und die SBB tun ihr M\u00f6glichstes.\" \/>\n<meta name=\"robots\" content=\"index, follow, max-snippet:-1, max-image-preview:large, max-video-preview:-1\" \/>\n<link rel=\"canonical\" href=\"https:\/\/news.save.ch\/fr\/work-smart-schweizer-unternehmen-setzen-zeichen\/\" \/>\n<meta property=\"og:locale\" content=\"fr_FR\" \/>\n<meta property=\"og:type\" content=\"article\" \/>\n<meta property=\"og:title\" content=\"Work smart: Schweizer Unternehmen setzen Zeichen\" \/>\n<meta property=\"og:description\" content=\"Mobile Arbeit braucht Unterst\u00fctzung, damit sie wirklich so \u00absmart\u00bb vonstattengeht, wie propagiert. Ger\u00e4tehersteller und die SBB tun ihr M\u00f6glichstes.\" \/>\n<meta property=\"og:url\" content=\"https:\/\/news.save.ch\/fr\/work-smart-schweizer-unternehmen-setzen-zeichen\/\" \/>\n<meta property=\"og:site_name\" content=\"Save\" \/>\n<meta property=\"article:published_time\" content=\"2016-08-22T08:41:21+00:00\" \/>\n<meta property=\"og:image\" content=\"http:\/\/dev.safety-plus.ch\/wp-content\/uploads\/2016\/12\/\u00abSmarter\u00bb-arbeiten-sp-safety-plus.jpg\" \/>\n<meta name=\"author\" content=\"galledia\" \/>\n<meta name=\"twitter:card\" content=\"summary_large_image\" \/>\n<meta name=\"twitter:title\" content=\"Work smart: Schweizer Unternehmen setzen Zeichen\" \/>\n<meta name=\"twitter:description\" content=\"Mobile Arbeit braucht Unterst\u00fctzung, damit sie wirklich so \u00absmart\u00bb vonstattengeht, wie propagiert. Ger\u00e4tehersteller und die SBB tun ihr M\u00f6glichstes.\" \/>\n<meta name=\"twitter:image\" content=\"http:\/\/dev.safety-plus.ch\/wp-content\/uploads\/2016\/12\/\u00abSmarter\u00bb-arbeiten-sp-safety-plus.jpg\" \/>\n<meta name=\"twitter:label1\" content=\"\u00c9crit par\" \/>\n\t<meta name=\"twitter:data1\" content=\"galledia\" \/>\n\t<meta name=\"twitter:label2\" content=\"Dur\u00e9e de lecture estim\u00e9e\" \/>\n\t<meta name=\"twitter:data2\" content=\"1 minute\" \/>\n<script type=\"application\/ld+json\" class=\"yoast-schema-graph\">{\"@context\":\"https:\\\/\\\/schema.org\",\"@graph\":[{\"@type\":\"Article\",\"@id\":\"https:\\\/\\\/news.save.ch\\\/work-smart-schweizer-unternehmen-setzen-zeichen\\\/#article\",\"isPartOf\":{\"@id\":\"https:\\\/\\\/news.save.ch\\\/work-smart-schweizer-unternehmen-setzen-zeichen\\\/\"},\"author\":{\"name\":\"galledia\",\"@id\":\"https:\\\/\\\/news.save.ch\\\/de\\\/#\\\/schema\\\/person\\\/af1b2481d0ee02dd880e616f4534d788\"},\"headline\":\"Work smart: Schweizer Unternehmen setzen Zeichen\",\"datePublished\":\"2016-08-22T08:41:21+00:00\",\"mainEntityOfPage\":{\"@id\":\"https:\\\/\\\/news.save.ch\\\/work-smart-schweizer-unternehmen-setzen-zeichen\\\/\"},\"wordCount\":268,\"commentCount\":0,\"publisher\":{\"@id\":\"https:\\\/\\\/news.save.ch\\\/de\\\/#organization\"},\"image\":{\"@id\":\"https:\\\/\\\/news.save.ch\\\/work-smart-schweizer-unternehmen-setzen-zeichen\\\/#primaryimage\"},\"thumbnailUrl\":\"https:\\\/\\\/news.save.ch\\\/wp-content\\\/uploads\\\/2016\\\/12\\\/Smarter-arbeiten-sp-safety-plus.jpg\",\"keywords\":[\"Arbeitsplatzgestaltung\",\"Arbeitszeit\"],\"articleSection\":[\"ALLGEMEIN\"],\"inLanguage\":\"fr-FR\"},{\"@type\":\"WebPage\",\"@id\":\"https:\\\/\\\/news.save.ch\\\/work-smart-schweizer-unternehmen-setzen-zeichen\\\/\",\"url\":\"https:\\\/\\\/news.save.ch\\\/work-smart-schweizer-unternehmen-setzen-zeichen\\\/\",\"name\":\"Work smart: Schweizer Unternehmen setzen Zeichen - Save\",\"isPartOf\":{\"@id\":\"https:\\\/\\\/news.save.ch\\\/de\\\/#website\"},\"primaryImageOfPage\":{\"@id\":\"https:\\\/\\\/news.save.ch\\\/work-smart-schweizer-unternehmen-setzen-zeichen\\\/#primaryimage\"},\"image\":{\"@id\":\"https:\\\/\\\/news.save.ch\\\/work-smart-schweizer-unternehmen-setzen-zeichen\\\/#primaryimage\"},\"thumbnailUrl\":\"https:\\\/\\\/news.save.ch\\\/wp-content\\\/uploads\\\/2016\\\/12\\\/Smarter-arbeiten-sp-safety-plus.jpg\",\"datePublished\":\"2016-08-22T08:41:21+00:00\",\"description\":\"Mobile Arbeit braucht Unterst\u00fctzung, damit sie wirklich so \u00absmart\u00bb vonstattengeht, wie propagiert. Ger\u00e4tehersteller und die SBB tun ihr M\u00f6glichstes.\",\"breadcrumb\":{\"@id\":\"https:\\\/\\\/news.save.ch\\\/work-smart-schweizer-unternehmen-setzen-zeichen\\\/#breadcrumb\"},\"inLanguage\":\"fr-FR\",\"potentialAction\":[{\"@type\":\"ReadAction\",\"target\":[\"https:\\\/\\\/news.save.ch\\\/work-smart-schweizer-unternehmen-setzen-zeichen\\\/\"]}]},{\"@type\":\"ImageObject\",\"inLanguage\":\"fr-FR\",\"@id\":\"https:\\\/\\\/news.save.ch\\\/work-smart-schweizer-unternehmen-setzen-zeichen\\\/#primaryimage\",\"url\":\"https:\\\/\\\/news.save.ch\\\/wp-content\\\/uploads\\\/2016\\\/12\\\/Smarter-arbeiten-sp-safety-plus.jpg\",\"contentUrl\":\"https:\\\/\\\/news.save.ch\\\/wp-content\\\/uploads\\\/2016\\\/12\\\/Smarter-arbeiten-sp-safety-plus.jpg\",\"width\":999,\"height\":662,\"caption\":\"Work smart: Schweizer Unternehmen setzen Zeichen\"},{\"@type\":\"BreadcrumbList\",\"@id\":\"https:\\\/\\\/news.save.ch\\\/work-smart-schweizer-unternehmen-setzen-zeichen\\\/#breadcrumb\",\"itemListElement\":[{\"@type\":\"ListItem\",\"position\":1,\"name\":\"Home\",\"item\":\"https:\\\/\\\/news.save.ch\\\/de\\\/\"},{\"@type\":\"ListItem\",\"position\":2,\"name\":\"Work smart: Schweizer Unternehmen setzen Zeichen\"}]},{\"@type\":\"WebSite\",\"@id\":\"https:\\\/\\\/news.save.ch\\\/de\\\/#website\",\"url\":\"https:\\\/\\\/news.save.ch\\\/de\\\/\",\"name\":\"Save\",\"description\":\"Schweizer Fachzeitschrift f\u00fcr Sicherheit\",\"publisher\":{\"@id\":\"https:\\\/\\\/news.save.ch\\\/de\\\/#organization\"},\"potentialAction\":[{\"@type\":\"SearchAction\",\"target\":{\"@type\":\"EntryPoint\",\"urlTemplate\":\"https:\\\/\\\/news.save.ch\\\/de\\\/?s={search_term_string}\"},\"query-input\":{\"@type\":\"PropertyValueSpecification\",\"valueRequired\":true,\"valueName\":\"search_term_string\"}}],\"inLanguage\":\"fr-FR\"},{\"@type\":\"Organization\",\"@id\":\"https:\\\/\\\/news.save.ch\\\/de\\\/#organization\",\"name\":\"Sicherheitsforum\",\"url\":\"https:\\\/\\\/news.save.ch\\\/de\\\/\",\"logo\":{\"@type\":\"ImageObject\",\"inLanguage\":\"fr-FR\",\"@id\":\"https:\\\/\\\/news.save.ch\\\/de\\\/#\\\/schema\\\/logo\\\/image\\\/\",\"url\":\"https:\\\/\\\/news.save.ch\\\/wp-content\\\/uploads\\\/2022\\\/06\\\/Logo_SF_2012.png\",\"contentUrl\":\"https:\\\/\\\/news.save.ch\\\/wp-content\\\/uploads\\\/2022\\\/06\\\/Logo_SF_2012.png\",\"width\":1100,\"height\":91,\"caption\":\"Sicherheitsforum\"},\"image\":{\"@id\":\"https:\\\/\\\/news.save.ch\\\/de\\\/#\\\/schema\\\/logo\\\/image\\\/\"}},{\"@type\":\"Person\",\"@id\":\"https:\\\/\\\/news.save.ch\\\/de\\\/#\\\/schema\\\/person\\\/af1b2481d0ee02dd880e616f4534d788\",\"name\":\"galledia\",\"image\":{\"@type\":\"ImageObject\",\"inLanguage\":\"fr-FR\",\"@id\":\"https:\\\/\\\/secure.gravatar.com\\\/avatar\\\/9baa80b63641d54c66fff920086eecab2c9e64c67a448c886b8c6c946e57f4c4?s=96&d=mm&r=g\",\"url\":\"https:\\\/\\\/secure.gravatar.com\\\/avatar\\\/9baa80b63641d54c66fff920086eecab2c9e64c67a448c886b8c6c946e57f4c4?s=96&d=mm&r=g\",\"contentUrl\":\"https:\\\/\\\/secure.gravatar.com\\\/avatar\\\/9baa80b63641d54c66fff920086eecab2c9e64c67a448c886b8c6c946e57f4c4?s=96&d=mm&r=g\",\"caption\":\"galledia\"},\"url\":\"https:\\\/\\\/news.save.ch\\\/fr\\\/author\\\/galledia\\\/\"}]}<\/script>\n<!-- \/ Yoast SEO plugin. -->","yoast_head_json":{"title":"Work smart : les entreprises suisses posent des jalons - Save","description":"Le travail mobile a besoin de soutien pour \u00eatre aussi \"intelligent\" qu'on le dit. Les fabricants d'appareils et les CFF font tout leur possible.","robots":{"index":"index","follow":"follow","max-snippet":"max-snippet:-1","max-image-preview":"max-image-preview:large","max-video-preview":"max-video-preview:-1"},"canonical":"https:\/\/news.save.ch\/fr\/work-smart-schweizer-unternehmen-setzen-zeichen\/","og_locale":"fr_FR","og_type":"article","og_title":"Work smart: Schweizer Unternehmen setzen Zeichen","og_description":"Mobile Arbeit braucht Unterst\u00fctzung, damit sie wirklich so \u00absmart\u00bb vonstattengeht, wie propagiert. Ger\u00e4tehersteller und die SBB tun ihr M\u00f6glichstes.","og_url":"https:\/\/news.save.ch\/fr\/work-smart-schweizer-unternehmen-setzen-zeichen\/","og_site_name":"Save","article_published_time":"2016-08-22T08:41:21+00:00","og_image":[{"url":"http:\/\/dev.safety-plus.ch\/wp-content\/uploads\/2016\/12\/\u00abSmarter\u00bb-arbeiten-sp-safety-plus.jpg","type":"","width":"","height":""}],"author":"galledia","twitter_card":"summary_large_image","twitter_title":"Work smart: Schweizer Unternehmen setzen Zeichen","twitter_description":"Mobile Arbeit braucht Unterst\u00fctzung, damit sie wirklich so \u00absmart\u00bb vonstattengeht, wie propagiert. Ger\u00e4tehersteller und die SBB tun ihr M\u00f6glichstes.","twitter_image":"http:\/\/dev.safety-plus.ch\/wp-content\/uploads\/2016\/12\/\u00abSmarter\u00bb-arbeiten-sp-safety-plus.jpg","twitter_misc":{"\u00c9crit par":"galledia","Dur\u00e9e de lecture estim\u00e9e":"1 minute"},"schema":{"@context":"https:\/\/schema.org","@graph":[{"@type":"Article","@id":"https:\/\/news.save.ch\/work-smart-schweizer-unternehmen-setzen-zeichen\/#article","isPartOf":{"@id":"https:\/\/news.save.ch\/work-smart-schweizer-unternehmen-setzen-zeichen\/"},"author":{"name":"galledia","@id":"https:\/\/news.save.ch\/de\/#\/schema\/person\/af1b2481d0ee02dd880e616f4534d788"},"headline":"Work smart: Schweizer Unternehmen setzen Zeichen","datePublished":"2016-08-22T08:41:21+00:00","mainEntityOfPage":{"@id":"https:\/\/news.save.ch\/work-smart-schweizer-unternehmen-setzen-zeichen\/"},"wordCount":268,"commentCount":0,"publisher":{"@id":"https:\/\/news.save.ch\/de\/#organization"},"image":{"@id":"https:\/\/news.save.ch\/work-smart-schweizer-unternehmen-setzen-zeichen\/#primaryimage"},"thumbnailUrl":"https:\/\/news.save.ch\/wp-content\/uploads\/2016\/12\/Smarter-arbeiten-sp-safety-plus.jpg","keywords":["Arbeitsplatzgestaltung","Arbeitszeit"],"articleSection":["ALLGEMEIN"],"inLanguage":"fr-FR"},{"@type":"WebPage","@id":"https:\/\/news.save.ch\/work-smart-schweizer-unternehmen-setzen-zeichen\/","url":"https:\/\/news.save.ch\/work-smart-schweizer-unternehmen-setzen-zeichen\/","name":"Work smart : les entreprises suisses posent des jalons - Save","isPartOf":{"@id":"https:\/\/news.save.ch\/de\/#website"},"primaryImageOfPage":{"@id":"https:\/\/news.save.ch\/work-smart-schweizer-unternehmen-setzen-zeichen\/#primaryimage"},"image":{"@id":"https:\/\/news.save.ch\/work-smart-schweizer-unternehmen-setzen-zeichen\/#primaryimage"},"thumbnailUrl":"https:\/\/news.save.ch\/wp-content\/uploads\/2016\/12\/Smarter-arbeiten-sp-safety-plus.jpg","datePublished":"2016-08-22T08:41:21+00:00","description":"Le travail mobile a besoin de soutien pour \u00eatre aussi \"intelligent\" qu'on le dit. Les fabricants d'appareils et les CFF font tout leur possible.","breadcrumb":{"@id":"https:\/\/news.save.ch\/work-smart-schweizer-unternehmen-setzen-zeichen\/#breadcrumb"},"inLanguage":"fr-FR","potentialAction":[{"@type":"ReadAction","target":["https:\/\/news.save.ch\/work-smart-schweizer-unternehmen-setzen-zeichen\/"]}]},{"@type":"ImageObject","inLanguage":"fr-FR","@id":"https:\/\/news.save.ch\/work-smart-schweizer-unternehmen-setzen-zeichen\/#primaryimage","url":"https:\/\/news.save.ch\/wp-content\/uploads\/2016\/12\/Smarter-arbeiten-sp-safety-plus.jpg","contentUrl":"https:\/\/news.save.ch\/wp-content\/uploads\/2016\/12\/Smarter-arbeiten-sp-safety-plus.jpg","width":999,"height":662,"caption":"Work smart: Schweizer Unternehmen setzen Zeichen"},{"@type":"BreadcrumbList","@id":"https:\/\/news.save.ch\/work-smart-schweizer-unternehmen-setzen-zeichen\/#breadcrumb","itemListElement":[{"@type":"ListItem","position":1,"name":"Home","item":"https:\/\/news.save.ch\/de\/"},{"@type":"ListItem","position":2,"name":"Work smart: Schweizer Unternehmen setzen Zeichen"}]},{"@type":"WebSite","@id":"https:\/\/news.save.ch\/de\/#website","url":"https:\/\/news.save.ch\/de\/","name":"Save","description":"Revue suisse sp\u00e9cialis\u00e9e dans la s\u00e9curit\u00e9","publisher":{"@id":"https:\/\/news.save.ch\/de\/#organization"},"potentialAction":[{"@type":"SearchAction","target":{"@type":"EntryPoint","urlTemplate":"https:\/\/news.save.ch\/de\/?s={search_term_string}"},"query-input":{"@type":"PropertyValueSpecification","valueRequired":true,"valueName":"search_term_string"}}],"inLanguage":"fr-FR"},{"@type":"Organization","@id":"https:\/\/news.save.ch\/de\/#organization","name":"Forum sur la s\u00e9curit\u00e9","url":"https:\/\/news.save.ch\/de\/","logo":{"@type":"ImageObject","inLanguage":"fr-FR","@id":"https:\/\/news.save.ch\/de\/#\/schema\/logo\/image\/","url":"https:\/\/news.save.ch\/wp-content\/uploads\/2022\/06\/Logo_SF_2012.png","contentUrl":"https:\/\/news.save.ch\/wp-content\/uploads\/2022\/06\/Logo_SF_2012.png","width":1100,"height":91,"caption":"Sicherheitsforum"},"image":{"@id":"https:\/\/news.save.ch\/de\/#\/schema\/logo\/image\/"}},{"@type":"Person","@id":"https:\/\/news.save.ch\/de\/#\/schema\/person\/af1b2481d0ee02dd880e616f4534d788","name":"galledia","image":{"@type":"ImageObject","inLanguage":"fr-FR","@id":"https:\/\/secure.gravatar.com\/avatar\/9baa80b63641d54c66fff920086eecab2c9e64c67a448c886b8c6c946e57f4c4?s=96&d=mm&r=g","url":"https:\/\/secure.gravatar.com\/avatar\/9baa80b63641d54c66fff920086eecab2c9e64c67a448c886b8c6c946e57f4c4?s=96&d=mm&r=g","contentUrl":"https:\/\/secure.gravatar.com\/avatar\/9baa80b63641d54c66fff920086eecab2c9e64c67a448c886b8c6c946e57f4c4?s=96&d=mm&r=g","caption":"galledia"},"url":"https:\/\/news.save.ch\/fr\/author\/galledia\/"}]}},"_links":{"self":[{"href":"https:\/\/news.save.ch\/fr\/wp-json\/wp\/v2\/posts\/1510","targetHints":{"allow":["GET"]}}],"collection":[{"href":"https:\/\/news.save.ch\/fr\/wp-json\/wp\/v2\/posts"}],"about":[{"href":"https:\/\/news.save.ch\/fr\/wp-json\/wp\/v2\/types\/post"}],"author":[{"embeddable":true,"href":"https:\/\/news.save.ch\/fr\/wp-json\/wp\/v2\/users\/10"}],"replies":[{"embeddable":true,"href":"https:\/\/news.save.ch\/fr\/wp-json\/wp\/v2\/comments?post=1510"}],"version-history":[{"count":0,"href":"https:\/\/news.save.ch\/fr\/wp-json\/wp\/v2\/posts\/1510\/revisions"}],"wp:featuredmedia":[{"embeddable":true,"href":"https:\/\/news.save.ch\/fr\/wp-json\/wp\/v2\/media\/1059"}],"wp:attachment":[{"href":"https:\/\/news.save.ch\/fr\/wp-json\/wp\/v2\/media?parent=1510"}],"wp:term":[{"taxonomy":"category","embeddable":true,"href":"https:\/\/news.save.ch\/fr\/wp-json\/wp\/v2\/categories?post=1510"},{"taxonomy":"post_tag","embeddable":true,"href":"https:\/\/news.save.ch\/fr\/wp-json\/wp\/v2\/tags?post=1510"}],"curies":[{"name":"wp","href":"https:\/\/api.w.org\/{rel}","templated":true}]}}