{"id":15230,"date":"2022-11-03T08:54:49","date_gmt":"2022-11-03T07:54:49","guid":{"rendered":"https:\/\/news.save.ch\/?p=15230"},"modified":"2023-06-13T03:00:35","modified_gmt":"2023-06-13T01:00:35","slug":"datacenter-als-versorgungsdienstleister","status":null,"type":"post","link":"https:\/\/news.save.ch\/fr\/datacenter-als-versorgungsdienstleister\/","title":{"rendered":"Le centre de donn\u00e9es en tant que prestataire de services"},"content":{"rendered":"<figure id=\"attachment_15232\" aria-describedby=\"caption-attachment-15232\" style=\"width: 1200px\" class=\"wp-caption alignleft\"><img loading=\"lazy\" decoding=\"async\" class=\"wp-image-15232 size-full\" src=\"https:\/\/news.save.ch\/wp-content\/uploads\/2022\/11\/05_FactsTrends_Green-scaled-1-scaled.jpg\" alt=\"Centre de donn\u00e9es\" width=\"1200\" height=\"800\" \/><figcaption id=\"caption-attachment-15232\" class=\"wp-caption-text\">Image : Philipp Schmidli<\/figcaption><\/figure>\n<p>Les centres de donn\u00e9es, qui abritent un grand nombre de syst\u00e8mes et stockent ainsi d'\u00e9normes quantit\u00e9s de donn\u00e9es, doivent \u00eatre enti\u00e8rement pr\u00e9par\u00e9s \u00e0 de nombreuses urgences et interruptions, dont font partie les situations de p\u00e9nurie d'\u00e9lectricit\u00e9, et garantir un fonctionnement sans faille. Lors de la Green, le conseiller f\u00e9d\u00e9ral Ueli Maurer a pu se faire une id\u00e9e, fin octobre 2022, de la mani\u00e8re dont le fournisseur suisse de datacenters assure la continuit\u00e9 des activit\u00e9s et une exploitation durable des datacenters.<\/p>\n<h2>Comment les centres de donn\u00e9es peuvent devenir des centrales \u00e9lectriques<\/h2>\n<p>Le site de donn\u00e9es suisse joue un r\u00f4le central en raison de la demande croissante des fournisseurs internationaux de cloud tels qu'Amazon Web Services, Google et Microsoft. Selon Green, Ueli Maurer y voit une grande chance pour la Suisse. C'est pourquoi la politique doit tout entreprendre pour continuer \u00e0 garantir la s\u00e9curit\u00e9 juridique et veiller \u00e0 la fiabilit\u00e9 de la stabilit\u00e9 du syst\u00e8me. Ueli Maurer voit une utilit\u00e9 int\u00e9ressante \u00e0 l'alimentation \u00e9lectrique de secours \u00e9tendue et co\u00fbteuse des centres de donn\u00e9es dans le contexte de la p\u00e9nurie d'\u00e9lectricit\u00e9 : \"Lorsque nous sommes confront\u00e9s \u00e0 une p\u00e9nurie d'\u00e9lectricit\u00e9, nous avons besoin de tout le monde. Les centres de donn\u00e9es peuvent y apporter une contribution tr\u00e8s importante. Ils disposent d'une grande capacit\u00e9 qu'ils pourraient alimenter\".<\/p>\n<p>Mettre \u00e0 disposition les g\u00e9n\u00e9rateurs diesel existants en cas de p\u00e9nurie d'\u00e9lectricit\u00e9 est \u00e9galement un concept auquel Green est favorable. Plus de 80 pour cent de la consommation totale d'\u00e9nergie dans un centre de donn\u00e9es est due au fonctionnement du mat\u00e9riel, explique Roger S\u00fcess, CEO de Green. Les grands centres de donn\u00e9es sont aujourd'hui d\u00e9j\u00e0 tellement optimis\u00e9s qu'ils consomment moins de 20 pour cent de l'\u00e9nergie totale pour le refroidissement, la s\u00e9curit\u00e9 et les installations.  Il faudrait donc commencer par la virtualisation, par un mat\u00e9riel plus efficace ou par une externalisation des syst\u00e8mes.<\/p>\n<p><em>Source : Green.ch\/r\u00e9daction<\/em><\/p>\n<div class=\"mceTemp\"><\/div>","protected":false},"excerpt":{"rendered":"<p>Datacenter, die eine Vielzahl von Systemen beherbergen und damit auch riesige Mengen an Daten speichern, m\u00fcssen auf viele Notf\u00e4lle und Unterbrechungen, dazu z\u00e4hlen auch Strommangellagen, umfassend vorbereitet sein und einen nahtlosen Betrieb sicherstellen. Bei der Green hat Bundesrat Ueli Maurer Ende Oktober 2022 einen Einblick erhalten, wie die Schweizer Datacenter-Anbieterin die Gesch\u00e4ftskontinuit\u00e4t und einen nachhaltigen [&hellip;]<\/p>\n","protected":false},"author":9,"featured_media":15232,"comment_status":"closed","ping_status":"closed","sticky":false,"template":"","format":"standard","meta":{"_acf_changed":false,"pgc_sgb_lightbox_settings":"","footnotes":""},"categories":[1],"tags":[1515,4122,4096,4094,1516,554,387,4097],"class_list":["post-15230","post","type-post","status-publish","format-standard","has-post-thumbnail","hentry","category-allgemein","tag-datacenter","tag-datacenter-betrieb","tag-dieselgeneratoren","tag-geschaeftskontinuitaet","tag-green","tag-strommangellage","tag-stromversorgung","tag-virtualisierung"],"acf":[],"hkrextid":null,"publication":null,"issue":null,"workflow":null,"startPage":null,"spitzmarke":null,"_posts_by_tag_page_fields":null,"_at_widget":"1","_yoast_wpseo_primary_category":"","_yoast_wpseo_focuskw_text_input":null,"_yoast_wpseo_opengraph-image":null,"_yoast_wpseo_opengraph-description":null,"_yoast_wpseo_opengraph-title":null,"enclosure":null,"_yoast_wpseo_twitter-title":null,"_yoast_wpseo_twitter-description":null,"_yoast_wpseo_twitter-image":null,"_wp_old_slug":null,"_yoast_wpseo_title":null,"_yoast_wpseo_canonical":null,"yoast_head":"<!-- This site is optimized with the Yoast SEO plugin v27.5 - https:\/\/yoast.com\/product\/yoast-seo-wordpress\/ -->\n<title>Datacenter als Versorgungsdienstleister - Save<\/title>\n<meta name=\"description\" content=\"Daten sind ein wertvolles Gut. Doch sind Daten und Anwendungen auch in Zeiten der Strommangellage l\u00fcckenlos verf\u00fcgbar? Wie gehen Datacenter-Betreiber mit der Energiekrise um und welchen Einfluss hat diese auf die Unternehmen?\" \/>\n<meta name=\"robots\" content=\"index, follow, max-snippet:-1, max-image-preview:large, max-video-preview:-1\" \/>\n<link rel=\"canonical\" href=\"https:\/\/news.save.ch\/fr\/datacenter-als-versorgungsdienstleister\/\" \/>\n<meta property=\"og:locale\" content=\"fr_FR\" \/>\n<meta property=\"og:type\" content=\"article\" \/>\n<meta property=\"og:title\" content=\"Datacenter als Versorgungsdienstleister - Save\" \/>\n<meta property=\"og:description\" content=\"Daten sind ein wertvolles Gut. Doch sind Daten und Anwendungen auch in Zeiten der Strommangellage l\u00fcckenlos verf\u00fcgbar? Wie gehen Datacenter-Betreiber mit der Energiekrise um und welchen Einfluss hat diese auf die Unternehmen?\" \/>\n<meta property=\"og:url\" content=\"https:\/\/news.save.ch\/fr\/datacenter-als-versorgungsdienstleister\/\" \/>\n<meta property=\"og:site_name\" content=\"Save\" \/>\n<meta property=\"article:published_time\" content=\"2022-11-03T07:54:49+00:00\" \/>\n<meta property=\"article:modified_time\" content=\"2023-06-13T01:00:35+00:00\" \/>\n<meta property=\"og:image\" content=\"https:\/\/news.save.ch\/wp-content\/uploads\/2022\/11\/05_FactsTrends_Green-scaled-1-scaled.jpg\" \/>\n\t<meta property=\"og:image:width\" content=\"1200\" \/>\n\t<meta property=\"og:image:height\" content=\"800\" \/>\n\t<meta property=\"og:image:type\" content=\"image\/jpeg\" \/>\n<meta name=\"author\" content=\"Simon Gr\u00f6flin\" \/>\n<meta name=\"twitter:card\" content=\"summary_large_image\" \/>\n<meta name=\"twitter:label1\" content=\"\u00c9crit par\" \/>\n\t<meta name=\"twitter:data1\" content=\"Simon Gr\u00f6flin\" \/>\n\t<meta name=\"twitter:label2\" content=\"Dur\u00e9e de lecture estim\u00e9e\" \/>\n\t<meta name=\"twitter:data2\" content=\"2 minutes\" \/>\n<script type=\"application\/ld+json\" class=\"yoast-schema-graph\">{\"@context\":\"https:\\\/\\\/schema.org\",\"@graph\":[{\"@type\":\"Article\",\"@id\":\"https:\\\/\\\/news.save.ch\\\/datacenter-als-versorgungsdienstleister\\\/#article\",\"isPartOf\":{\"@id\":\"https:\\\/\\\/news.save.ch\\\/datacenter-als-versorgungsdienstleister\\\/\"},\"author\":{\"name\":\"Simon Gr\u00f6flin\",\"@id\":\"https:\\\/\\\/news.save.ch\\\/de\\\/#\\\/schema\\\/person\\\/ad4ef21102fd6125312409ac57d5296d\"},\"headline\":\"Datacenter als Versorgungsdienstleister\",\"datePublished\":\"2022-11-03T07:54:49+00:00\",\"dateModified\":\"2023-06-13T01:00:35+00:00\",\"mainEntityOfPage\":{\"@id\":\"https:\\\/\\\/news.save.ch\\\/datacenter-als-versorgungsdienstleister\\\/\"},\"wordCount\":276,\"publisher\":{\"@id\":\"https:\\\/\\\/news.save.ch\\\/de\\\/#organization\"},\"image\":{\"@id\":\"https:\\\/\\\/news.save.ch\\\/datacenter-als-versorgungsdienstleister\\\/#primaryimage\"},\"thumbnailUrl\":\"https:\\\/\\\/news.save.ch\\\/wp-content\\\/uploads\\\/2022\\\/11\\\/05_FactsTrends_Green-scaled-1-scaled.jpg\",\"keywords\":[\"Datacenter\",\"Datacenter-Betrieb\",\"Dieselgeneratoren\",\"Gesch\u00e4ftskontinuit\u00e4t\",\"Green\",\"Strommangellage\",\"Stromversorgung\",\"Virtualisierung\"],\"articleSection\":[\"ALLGEMEIN\"],\"inLanguage\":\"fr-FR\"},{\"@type\":\"WebPage\",\"@id\":\"https:\\\/\\\/news.save.ch\\\/datacenter-als-versorgungsdienstleister\\\/\",\"url\":\"https:\\\/\\\/news.save.ch\\\/datacenter-als-versorgungsdienstleister\\\/\",\"name\":\"Datacenter als Versorgungsdienstleister - Save\",\"isPartOf\":{\"@id\":\"https:\\\/\\\/news.save.ch\\\/de\\\/#website\"},\"primaryImageOfPage\":{\"@id\":\"https:\\\/\\\/news.save.ch\\\/datacenter-als-versorgungsdienstleister\\\/#primaryimage\"},\"image\":{\"@id\":\"https:\\\/\\\/news.save.ch\\\/datacenter-als-versorgungsdienstleister\\\/#primaryimage\"},\"thumbnailUrl\":\"https:\\\/\\\/news.save.ch\\\/wp-content\\\/uploads\\\/2022\\\/11\\\/05_FactsTrends_Green-scaled-1-scaled.jpg\",\"datePublished\":\"2022-11-03T07:54:49+00:00\",\"dateModified\":\"2023-06-13T01:00:35+00:00\",\"description\":\"Daten sind ein wertvolles Gut. Doch sind Daten und Anwendungen auch in Zeiten der Strommangellage l\u00fcckenlos verf\u00fcgbar? Wie gehen Datacenter-Betreiber mit der Energiekrise um und welchen Einfluss hat diese auf die Unternehmen?\",\"breadcrumb\":{\"@id\":\"https:\\\/\\\/news.save.ch\\\/datacenter-als-versorgungsdienstleister\\\/#breadcrumb\"},\"inLanguage\":\"fr-FR\",\"potentialAction\":[{\"@type\":\"ReadAction\",\"target\":[\"https:\\\/\\\/news.save.ch\\\/datacenter-als-versorgungsdienstleister\\\/\"]}]},{\"@type\":\"ImageObject\",\"inLanguage\":\"fr-FR\",\"@id\":\"https:\\\/\\\/news.save.ch\\\/datacenter-als-versorgungsdienstleister\\\/#primaryimage\",\"url\":\"https:\\\/\\\/news.save.ch\\\/wp-content\\\/uploads\\\/2022\\\/11\\\/05_FactsTrends_Green-scaled-1-scaled.jpg\",\"contentUrl\":\"https:\\\/\\\/news.save.ch\\\/wp-content\\\/uploads\\\/2022\\\/11\\\/05_FactsTrends_Green-scaled-1-scaled.jpg\",\"width\":1200,\"height\":800,\"caption\":\"Bild: Philipp Schmidli\"},{\"@type\":\"BreadcrumbList\",\"@id\":\"https:\\\/\\\/news.save.ch\\\/datacenter-als-versorgungsdienstleister\\\/#breadcrumb\",\"itemListElement\":[{\"@type\":\"ListItem\",\"position\":1,\"name\":\"Home\",\"item\":\"https:\\\/\\\/news.save.ch\\\/de\\\/\"},{\"@type\":\"ListItem\",\"position\":2,\"name\":\"Datacenter als Versorgungsdienstleister\"}]},{\"@type\":\"WebSite\",\"@id\":\"https:\\\/\\\/news.save.ch\\\/de\\\/#website\",\"url\":\"https:\\\/\\\/news.save.ch\\\/de\\\/\",\"name\":\"Save\",\"description\":\"Schweizer Fachzeitschrift f\u00fcr Sicherheit\",\"publisher\":{\"@id\":\"https:\\\/\\\/news.save.ch\\\/de\\\/#organization\"},\"potentialAction\":[{\"@type\":\"SearchAction\",\"target\":{\"@type\":\"EntryPoint\",\"urlTemplate\":\"https:\\\/\\\/news.save.ch\\\/de\\\/?s={search_term_string}\"},\"query-input\":{\"@type\":\"PropertyValueSpecification\",\"valueRequired\":true,\"valueName\":\"search_term_string\"}}],\"inLanguage\":\"fr-FR\"},{\"@type\":\"Organization\",\"@id\":\"https:\\\/\\\/news.save.ch\\\/de\\\/#organization\",\"name\":\"Sicherheitsforum\",\"url\":\"https:\\\/\\\/news.save.ch\\\/de\\\/\",\"logo\":{\"@type\":\"ImageObject\",\"inLanguage\":\"fr-FR\",\"@id\":\"https:\\\/\\\/news.save.ch\\\/de\\\/#\\\/schema\\\/logo\\\/image\\\/\",\"url\":\"https:\\\/\\\/news.save.ch\\\/wp-content\\\/uploads\\\/2022\\\/06\\\/Logo_SF_2012.png\",\"contentUrl\":\"https:\\\/\\\/news.save.ch\\\/wp-content\\\/uploads\\\/2022\\\/06\\\/Logo_SF_2012.png\",\"width\":1100,\"height\":91,\"caption\":\"Sicherheitsforum\"},\"image\":{\"@id\":\"https:\\\/\\\/news.save.ch\\\/de\\\/#\\\/schema\\\/logo\\\/image\\\/\"}},{\"@type\":\"Person\",\"@id\":\"https:\\\/\\\/news.save.ch\\\/de\\\/#\\\/schema\\\/person\\\/ad4ef21102fd6125312409ac57d5296d\",\"name\":\"Simon Gr\u00f6flin\",\"image\":{\"@type\":\"ImageObject\",\"inLanguage\":\"fr-FR\",\"@id\":\"https:\\\/\\\/secure.gravatar.com\\\/avatar\\\/6ddceb80eb734354635539e0ea5140bb7c41e42de7c45c9a2ab9921b5d5c9a83?s=96&d=mm&r=g\",\"url\":\"https:\\\/\\\/secure.gravatar.com\\\/avatar\\\/6ddceb80eb734354635539e0ea5140bb7c41e42de7c45c9a2ab9921b5d5c9a83?s=96&d=mm&r=g\",\"contentUrl\":\"https:\\\/\\\/secure.gravatar.com\\\/avatar\\\/6ddceb80eb734354635539e0ea5140bb7c41e42de7c45c9a2ab9921b5d5c9a83?s=96&d=mm&r=g\",\"caption\":\"Simon Gr\u00f6flin\"},\"url\":\"https:\\\/\\\/news.save.ch\\\/fr\\\/author\\\/simon-groeflin\\\/\"}]}<\/script>\n<!-- \/ Yoast SEO plugin. -->","yoast_head_json":{"title":"Les centres de donn\u00e9es en tant que fournisseurs de services - Save","description":"Les donn\u00e9es sont un bien pr\u00e9cieux. Mais les donn\u00e9es et les applications sont-elles disponibles sans faille, m\u00eame en p\u00e9riode de p\u00e9nurie d'\u00e9lectricit\u00e9 ? Comment les exploitants de data centers font-ils face \u00e0 la crise \u00e9nerg\u00e9tique et quel est son impact sur les entreprises ?","robots":{"index":"index","follow":"follow","max-snippet":"max-snippet:-1","max-image-preview":"max-image-preview:large","max-video-preview":"max-video-preview:-1"},"canonical":"https:\/\/news.save.ch\/fr\/datacenter-als-versorgungsdienstleister\/","og_locale":"fr_FR","og_type":"article","og_title":"Datacenter als Versorgungsdienstleister - Save","og_description":"Daten sind ein wertvolles Gut. Doch sind Daten und Anwendungen auch in Zeiten der Strommangellage l\u00fcckenlos verf\u00fcgbar? Wie gehen Datacenter-Betreiber mit der Energiekrise um und welchen Einfluss hat diese auf die Unternehmen?","og_url":"https:\/\/news.save.ch\/fr\/datacenter-als-versorgungsdienstleister\/","og_site_name":"Save","article_published_time":"2022-11-03T07:54:49+00:00","article_modified_time":"2023-06-13T01:00:35+00:00","og_image":[{"width":1200,"height":800,"url":"https:\/\/news.save.ch\/wp-content\/uploads\/2022\/11\/05_FactsTrends_Green-scaled-1-scaled.jpg","type":"image\/jpeg"}],"author":"Simon Gr\u00f6flin","twitter_card":"summary_large_image","twitter_misc":{"\u00c9crit par":"Simon Gr\u00f6flin","Dur\u00e9e de lecture estim\u00e9e":"2 minutes"},"schema":{"@context":"https:\/\/schema.org","@graph":[{"@type":"Article","@id":"https:\/\/news.save.ch\/datacenter-als-versorgungsdienstleister\/#article","isPartOf":{"@id":"https:\/\/news.save.ch\/datacenter-als-versorgungsdienstleister\/"},"author":{"name":"Simon Gr\u00f6flin","@id":"https:\/\/news.save.ch\/de\/#\/schema\/person\/ad4ef21102fd6125312409ac57d5296d"},"headline":"Datacenter als Versorgungsdienstleister","datePublished":"2022-11-03T07:54:49+00:00","dateModified":"2023-06-13T01:00:35+00:00","mainEntityOfPage":{"@id":"https:\/\/news.save.ch\/datacenter-als-versorgungsdienstleister\/"},"wordCount":276,"publisher":{"@id":"https:\/\/news.save.ch\/de\/#organization"},"image":{"@id":"https:\/\/news.save.ch\/datacenter-als-versorgungsdienstleister\/#primaryimage"},"thumbnailUrl":"https:\/\/news.save.ch\/wp-content\/uploads\/2022\/11\/05_FactsTrends_Green-scaled-1-scaled.jpg","keywords":["Datacenter","Datacenter-Betrieb","Dieselgeneratoren","Gesch\u00e4ftskontinuit\u00e4t","Green","Strommangellage","Stromversorgung","Virtualisierung"],"articleSection":["ALLGEMEIN"],"inLanguage":"fr-FR"},{"@type":"WebPage","@id":"https:\/\/news.save.ch\/datacenter-als-versorgungsdienstleister\/","url":"https:\/\/news.save.ch\/datacenter-als-versorgungsdienstleister\/","name":"Les centres de donn\u00e9es en tant que fournisseurs de services - Save","isPartOf":{"@id":"https:\/\/news.save.ch\/de\/#website"},"primaryImageOfPage":{"@id":"https:\/\/news.save.ch\/datacenter-als-versorgungsdienstleister\/#primaryimage"},"image":{"@id":"https:\/\/news.save.ch\/datacenter-als-versorgungsdienstleister\/#primaryimage"},"thumbnailUrl":"https:\/\/news.save.ch\/wp-content\/uploads\/2022\/11\/05_FactsTrends_Green-scaled-1-scaled.jpg","datePublished":"2022-11-03T07:54:49+00:00","dateModified":"2023-06-13T01:00:35+00:00","description":"Les donn\u00e9es sont un bien pr\u00e9cieux. Mais les donn\u00e9es et les applications sont-elles disponibles sans faille, m\u00eame en p\u00e9riode de p\u00e9nurie d'\u00e9lectricit\u00e9 ? Comment les exploitants de data centers font-ils face \u00e0 la crise \u00e9nerg\u00e9tique et quel est son impact sur les entreprises ?","breadcrumb":{"@id":"https:\/\/news.save.ch\/datacenter-als-versorgungsdienstleister\/#breadcrumb"},"inLanguage":"fr-FR","potentialAction":[{"@type":"ReadAction","target":["https:\/\/news.save.ch\/datacenter-als-versorgungsdienstleister\/"]}]},{"@type":"ImageObject","inLanguage":"fr-FR","@id":"https:\/\/news.save.ch\/datacenter-als-versorgungsdienstleister\/#primaryimage","url":"https:\/\/news.save.ch\/wp-content\/uploads\/2022\/11\/05_FactsTrends_Green-scaled-1-scaled.jpg","contentUrl":"https:\/\/news.save.ch\/wp-content\/uploads\/2022\/11\/05_FactsTrends_Green-scaled-1-scaled.jpg","width":1200,"height":800,"caption":"Bild: Philipp Schmidli"},{"@type":"BreadcrumbList","@id":"https:\/\/news.save.ch\/datacenter-als-versorgungsdienstleister\/#breadcrumb","itemListElement":[{"@type":"ListItem","position":1,"name":"Home","item":"https:\/\/news.save.ch\/de\/"},{"@type":"ListItem","position":2,"name":"Datacenter als Versorgungsdienstleister"}]},{"@type":"WebSite","@id":"https:\/\/news.save.ch\/de\/#website","url":"https:\/\/news.save.ch\/de\/","name":"Save","description":"Revue suisse sp\u00e9cialis\u00e9e dans la s\u00e9curit\u00e9","publisher":{"@id":"https:\/\/news.save.ch\/de\/#organization"},"potentialAction":[{"@type":"SearchAction","target":{"@type":"EntryPoint","urlTemplate":"https:\/\/news.save.ch\/de\/?s={search_term_string}"},"query-input":{"@type":"PropertyValueSpecification","valueRequired":true,"valueName":"search_term_string"}}],"inLanguage":"fr-FR"},{"@type":"Organization","@id":"https:\/\/news.save.ch\/de\/#organization","name":"Forum sur la s\u00e9curit\u00e9","url":"https:\/\/news.save.ch\/de\/","logo":{"@type":"ImageObject","inLanguage":"fr-FR","@id":"https:\/\/news.save.ch\/de\/#\/schema\/logo\/image\/","url":"https:\/\/news.save.ch\/wp-content\/uploads\/2022\/06\/Logo_SF_2012.png","contentUrl":"https:\/\/news.save.ch\/wp-content\/uploads\/2022\/06\/Logo_SF_2012.png","width":1100,"height":91,"caption":"Sicherheitsforum"},"image":{"@id":"https:\/\/news.save.ch\/de\/#\/schema\/logo\/image\/"}},{"@type":"Person","@id":"https:\/\/news.save.ch\/de\/#\/schema\/person\/ad4ef21102fd6125312409ac57d5296d","name":"Simon Gr\u00f6flin","image":{"@type":"ImageObject","inLanguage":"fr-FR","@id":"https:\/\/secure.gravatar.com\/avatar\/6ddceb80eb734354635539e0ea5140bb7c41e42de7c45c9a2ab9921b5d5c9a83?s=96&d=mm&r=g","url":"https:\/\/secure.gravatar.com\/avatar\/6ddceb80eb734354635539e0ea5140bb7c41e42de7c45c9a2ab9921b5d5c9a83?s=96&d=mm&r=g","contentUrl":"https:\/\/secure.gravatar.com\/avatar\/6ddceb80eb734354635539e0ea5140bb7c41e42de7c45c9a2ab9921b5d5c9a83?s=96&d=mm&r=g","caption":"Simon Gr\u00f6flin"},"url":"https:\/\/news.save.ch\/fr\/author\/simon-groeflin\/"}]}},"_links":{"self":[{"href":"https:\/\/news.save.ch\/fr\/wp-json\/wp\/v2\/posts\/15230","targetHints":{"allow":["GET"]}}],"collection":[{"href":"https:\/\/news.save.ch\/fr\/wp-json\/wp\/v2\/posts"}],"about":[{"href":"https:\/\/news.save.ch\/fr\/wp-json\/wp\/v2\/types\/post"}],"author":[{"embeddable":true,"href":"https:\/\/news.save.ch\/fr\/wp-json\/wp\/v2\/users\/9"}],"replies":[{"embeddable":true,"href":"https:\/\/news.save.ch\/fr\/wp-json\/wp\/v2\/comments?post=15230"}],"version-history":[{"count":2,"href":"https:\/\/news.save.ch\/fr\/wp-json\/wp\/v2\/posts\/15230\/revisions"}],"predecessor-version":[{"id":19948,"href":"https:\/\/news.save.ch\/fr\/wp-json\/wp\/v2\/posts\/15230\/revisions\/19948"}],"wp:featuredmedia":[{"embeddable":true,"href":"https:\/\/news.save.ch\/fr\/wp-json\/wp\/v2\/media\/15232"}],"wp:attachment":[{"href":"https:\/\/news.save.ch\/fr\/wp-json\/wp\/v2\/media?parent=15230"}],"wp:term":[{"taxonomy":"category","embeddable":true,"href":"https:\/\/news.save.ch\/fr\/wp-json\/wp\/v2\/categories?post=15230"},{"taxonomy":"post_tag","embeddable":true,"href":"https:\/\/news.save.ch\/fr\/wp-json\/wp\/v2\/tags?post=15230"}],"curies":[{"name":"wp","href":"https:\/\/api.w.org\/{rel}","templated":true}]}}