{"id":1532,"date":"2016-10-07T11:18:35","date_gmt":"2016-10-07T09:18:35","guid":{"rendered":"https:\/\/dev.sicherheitsforum.ch\/?p=1532"},"modified":"2023-03-14T08:59:23","modified_gmt":"2023-03-14T07:59:23","slug":"video-security-und-zuko-integriert-oder-getrennt","status":null,"type":"post","link":"https:\/\/news.save.ch\/fr\/video-security-und-zuko-integriert-oder-getrennt\/","title":{"rendered":"Vid\u00e9os\u00e9curit\u00e9 et Zuko : int\u00e9gr\u00e9s ou s\u00e9par\u00e9s ?"},"content":{"rendered":"<figure id=\"attachment_1535\" aria-describedby=\"caption-attachment-1535\" style=\"width: 680px\" class=\"wp-caption alignnone\"><img loading=\"lazy\" decoding=\"async\" class=\"size-medium wp-image-1535\" src=\"https:\/\/sicherheitsforum.ch\/wp-content\/uploads\/2016\/12\/Video-Security-und-Zuko-integriert-oder-getrennt_sicherheitsforum.jpg\" alt=\"\" width=\"680\" height=\"510\" srcset=\"https:\/\/news.save.ch\/wp-content\/uploads\/2016\/12\/Video-Security-und-Zuko-integriert-oder-getrennt_sicherheitsforum.jpg 1000w, https:\/\/news.save.ch\/wp-content\/uploads\/2016\/12\/Video-Security-und-Zuko-integriert-oder-getrennt_sicherheitsforum-375x281.jpg 375w\" sizes=\"auto, (max-width: 680px) 100vw, 680px\" \/><figcaption id=\"caption-attachment-1535\" class=\"wp-caption-text\">\u00a9 depositphotos<\/figcaption><\/figure>\n<p>Le contr\u00f4le d'acc\u00e8s (Zuko) a fait ses preuves en tant que technique de s\u00e9curit\u00e9 efficace dans l'entreprise, qu'il soit enti\u00e8rement en ligne ou combin\u00e9 on\/offline. Les syst\u00e8mes de vid\u00e9o-s\u00e9curit\u00e9 jouent \u00e9galement un r\u00f4le de plus en plus important, plut\u00f4t v\u00e9rificateur, dans le concept de s\u00e9curit\u00e9 des b\u00e2timents. Dans quelle mesure ces deux solutions doivent-elles \u00eatre consid\u00e9r\u00e9es isol\u00e9ment l'une de l'autre ? Une tendance claire se dessine-t-elle en faveur d'une surveillance globale, dans laquelle les syst\u00e8mes de s\u00e9curit\u00e9 sont logiquement reli\u00e9s entre eux et peuvent \u00eatre utilis\u00e9s de mani\u00e8re uniforme et \u00e0 des co\u00fbts optimis\u00e9s ? Lorsqu'un \u00e9v\u00e9nement li\u00e9 \u00e0 la s\u00e9curit\u00e9 se produit - par exemple un acc\u00e8s non autoris\u00e9, un incendie ou une effraction - la cause de l'alarme doit \u00eatre d\u00e9termin\u00e9e dans les plus brefs d\u00e9lais. Dans ce contexte, une combinaison des diff\u00e9rentes solutions de s\u00e9curit\u00e9 est judicieuse, \u00e9crivent les organisateurs de la manifestation sp\u00e9cialis\u00e9e \"Video-Security et contr\u00f4le d'acc\u00e8s : int\u00e9gr\u00e9 ou s\u00e9par\u00e9 ? Les intervenants du colloque SES du 22 novembre 2016 \u00e0 Zurich s'exprimeront sur la profondeur de cette int\u00e9gration. Cliquez ici pour acc\u00e9der au <a href=\"https:\/\/save.ch\/events\/video-security-und_zutrittskontrolle\/\" target=\"_blank\" rel=\"noreferrer noopener\" data-cke-saved-href=\"https:\/\/save.ch\/events\/video-security-und_zutrittskontrolle\/\">Programme<\/a> de la manifestation professionnelle.<\/p>","protected":false},"excerpt":{"rendered":"<p>Die Zutrittskontrolle (Zuko) hat sich als wirkungsvolle Sicherheitstechnik im Unternehmen bew\u00e4hrt, ob komplett online oder kombiniert on-\/offline. Auch Video-Security-Systeme nehmen eine immer wichtigere, eher verifizierende Funktion im Geb\u00e4udesicherheitskonzept ein. Wie isoliert voneinander sollen diese beiden L\u00f6sungen nun betrachtet werden? Zeichnet sich ein klarer Trend in Richtung ganzheitliche \u00dcberwachung ab, bei dem die Sicherheitsgewerke logisch miteinander [&hellip;]<\/p>\n","protected":false},"author":1,"featured_media":1535,"comment_status":"open","ping_status":"open","sticky":false,"template":"","format":"standard","meta":{"_acf_changed":false,"pgc_sgb_lightbox_settings":"","footnotes":""},"categories":[3312],"tags":[109,157,158,90],"class_list":["post-1532","post","type-post","status-publish","format-standard","has-post-thumbnail","hentry","category-sicherheit","tag-aus-und-weiterbildung","tag-video-security","tag-zutrittskontrolle","tag-zutrittskontrollevideo-security"],"acf":[],"hkrextid":null,"publication":null,"issue":null,"workflow":null,"startPage":null,"spitzmarke":null,"_posts_by_tag_page_fields":{"widget_title":"","widget_tags":""},"_at_widget":"1","_yoast_wpseo_primary_category":"","_yoast_wpseo_focuskw_text_input":"Video-Security","_yoast_wpseo_opengraph-image":"https:\/\/news.save.ch\/wp-content\/uploads\/2016\/12\/Video-Security-und-Zuko-integriert-oder-getrennt_sicherheitsforum.jpg","_yoast_wpseo_opengraph-description":"Der gezielte Einsatz von Sicherheitsl\u00f6sungen sch\u00fctzt Geb\u00e4ude, Mensch und Unternehmenswerte. Die Herausforderungen an die Sicherheitstechnik \u2013 insbesondere Video-Security und Zutrittskontrolle \u2013 werden vom Anwender unterschiedlich angepackt und umgesetzt.","_yoast_wpseo_opengraph-title":"Video-Security und Zuko: integriert oder getrennt?","enclosure":null,"_yoast_wpseo_twitter-title":null,"_yoast_wpseo_twitter-description":null,"_yoast_wpseo_twitter-image":null,"_wp_old_slug":null,"_yoast_wpseo_title":null,"_yoast_wpseo_canonical":null,"yoast_head":"<!-- This site is optimized with the Yoast SEO plugin v27.4 - https:\/\/yoast.com\/product\/yoast-seo-wordpress\/ -->\n<title>Video-Security und Zuko: integriert oder getrennt? - Save<\/title>\n<meta name=\"description\" content=\"Die Herausforderungen an die Sicherheitstechnik \u2013 insbesondere Video-Security und Zutrittskontrolle \u2013 werden vom Anwender unterschiedlich angepackt.\" \/>\n<meta name=\"robots\" content=\"index, follow, max-snippet:-1, max-image-preview:large, max-video-preview:-1\" \/>\n<link rel=\"canonical\" href=\"https:\/\/news.save.ch\/fr\/video-security-und-zuko-integriert-oder-getrennt\/\" \/>\n<meta property=\"og:locale\" content=\"fr_FR\" \/>\n<meta property=\"og:type\" content=\"article\" \/>\n<meta property=\"og:title\" content=\"Video-Security und Zuko: integriert oder getrennt?\" \/>\n<meta property=\"og:description\" content=\"Der gezielte Einsatz von Sicherheitsl\u00f6sungen sch\u00fctzt Geb\u00e4ude, Mensch und Unternehmenswerte. Die Herausforderungen an die Sicherheitstechnik \u2013 insbesondere Video-Security und Zutrittskontrolle \u2013 werden vom Anwender unterschiedlich angepackt und umgesetzt.\" \/>\n<meta property=\"og:url\" content=\"https:\/\/news.save.ch\/fr\/video-security-und-zuko-integriert-oder-getrennt\/\" \/>\n<meta property=\"og:site_name\" content=\"Save\" \/>\n<meta property=\"article:published_time\" content=\"2016-10-07T09:18:35+00:00\" \/>\n<meta property=\"article:modified_time\" content=\"2023-03-14T07:59:23+00:00\" \/>\n<meta property=\"og:image\" content=\"https:\/\/news.save.ch\/wp-content\/uploads\/2016\/12\/Video-Security-und-Zuko-integriert-oder-getrennt_sicherheitsforum.jpg\" \/>\n<meta name=\"author\" content=\"admin\" \/>\n<meta name=\"twitter:card\" content=\"summary_large_image\" \/>\n<meta name=\"twitter:label1\" content=\"\u00c9crit par\" \/>\n\t<meta name=\"twitter:data1\" content=\"admin\" \/>\n\t<meta name=\"twitter:label2\" content=\"Dur\u00e9e de lecture estim\u00e9e\" \/>\n\t<meta name=\"twitter:data2\" content=\"1 minute\" \/>\n<script type=\"application\/ld+json\" class=\"yoast-schema-graph\">{\"@context\":\"https:\\\/\\\/schema.org\",\"@graph\":[{\"@type\":\"Article\",\"@id\":\"https:\\\/\\\/news.save.ch\\\/video-security-und-zuko-integriert-oder-getrennt\\\/#article\",\"isPartOf\":{\"@id\":\"https:\\\/\\\/news.save.ch\\\/video-security-und-zuko-integriert-oder-getrennt\\\/\"},\"author\":{\"name\":\"admin\",\"@id\":\"https:\\\/\\\/news.save.ch\\\/de\\\/#\\\/schema\\\/person\\\/d49e199490bad7c70d64b9ab51142f2b\"},\"headline\":\"Video-Security und Zuko: integriert oder getrennt?\",\"datePublished\":\"2016-10-07T09:18:35+00:00\",\"dateModified\":\"2023-03-14T07:59:23+00:00\",\"mainEntityOfPage\":{\"@id\":\"https:\\\/\\\/news.save.ch\\\/video-security-und-zuko-integriert-oder-getrennt\\\/\"},\"wordCount\":154,\"commentCount\":0,\"publisher\":{\"@id\":\"https:\\\/\\\/news.save.ch\\\/de\\\/#organization\"},\"image\":{\"@id\":\"https:\\\/\\\/news.save.ch\\\/video-security-und-zuko-integriert-oder-getrennt\\\/#primaryimage\"},\"thumbnailUrl\":\"https:\\\/\\\/news.save.ch\\\/wp-content\\\/uploads\\\/2016\\\/12\\\/Video-Security-und-Zuko-integriert-oder-getrennt_sicherheitsforum.jpg\",\"keywords\":[\"Aus- und Weiterbildung\",\"Video-Security\",\"Zutrittskontrolle\",\"Zutrittskontrolle\\\/Video-Security\"],\"articleSection\":[\"SICHERHEIT\"],\"inLanguage\":\"fr-FR\"},{\"@type\":\"WebPage\",\"@id\":\"https:\\\/\\\/news.save.ch\\\/video-security-und-zuko-integriert-oder-getrennt\\\/\",\"url\":\"https:\\\/\\\/news.save.ch\\\/video-security-und-zuko-integriert-oder-getrennt\\\/\",\"name\":\"Video-Security und Zuko: integriert oder getrennt? - Save\",\"isPartOf\":{\"@id\":\"https:\\\/\\\/news.save.ch\\\/de\\\/#website\"},\"primaryImageOfPage\":{\"@id\":\"https:\\\/\\\/news.save.ch\\\/video-security-und-zuko-integriert-oder-getrennt\\\/#primaryimage\"},\"image\":{\"@id\":\"https:\\\/\\\/news.save.ch\\\/video-security-und-zuko-integriert-oder-getrennt\\\/#primaryimage\"},\"thumbnailUrl\":\"https:\\\/\\\/news.save.ch\\\/wp-content\\\/uploads\\\/2016\\\/12\\\/Video-Security-und-Zuko-integriert-oder-getrennt_sicherheitsforum.jpg\",\"datePublished\":\"2016-10-07T09:18:35+00:00\",\"dateModified\":\"2023-03-14T07:59:23+00:00\",\"description\":\"Die Herausforderungen an die Sicherheitstechnik \u2013 insbesondere Video-Security und Zutrittskontrolle \u2013 werden vom Anwender unterschiedlich angepackt.\",\"breadcrumb\":{\"@id\":\"https:\\\/\\\/news.save.ch\\\/video-security-und-zuko-integriert-oder-getrennt\\\/#breadcrumb\"},\"inLanguage\":\"fr-FR\",\"potentialAction\":[{\"@type\":\"ReadAction\",\"target\":[\"https:\\\/\\\/news.save.ch\\\/video-security-und-zuko-integriert-oder-getrennt\\\/\"]}]},{\"@type\":\"ImageObject\",\"inLanguage\":\"fr-FR\",\"@id\":\"https:\\\/\\\/news.save.ch\\\/video-security-und-zuko-integriert-oder-getrennt\\\/#primaryimage\",\"url\":\"https:\\\/\\\/news.save.ch\\\/wp-content\\\/uploads\\\/2016\\\/12\\\/Video-Security-und-Zuko-integriert-oder-getrennt_sicherheitsforum.jpg\",\"contentUrl\":\"https:\\\/\\\/news.save.ch\\\/wp-content\\\/uploads\\\/2016\\\/12\\\/Video-Security-und-Zuko-integriert-oder-getrennt_sicherheitsforum.jpg\",\"width\":1000,\"height\":750,\"caption\":\"\u00a9 depositphotos\"},{\"@type\":\"BreadcrumbList\",\"@id\":\"https:\\\/\\\/news.save.ch\\\/video-security-und-zuko-integriert-oder-getrennt\\\/#breadcrumb\",\"itemListElement\":[{\"@type\":\"ListItem\",\"position\":1,\"name\":\"Home\",\"item\":\"https:\\\/\\\/news.save.ch\\\/de\\\/\"},{\"@type\":\"ListItem\",\"position\":2,\"name\":\"Video-Security und Zuko: integriert oder getrennt?\"}]},{\"@type\":\"WebSite\",\"@id\":\"https:\\\/\\\/news.save.ch\\\/de\\\/#website\",\"url\":\"https:\\\/\\\/news.save.ch\\\/de\\\/\",\"name\":\"Save\",\"description\":\"Schweizer Fachzeitschrift f\u00fcr Sicherheit\",\"publisher\":{\"@id\":\"https:\\\/\\\/news.save.ch\\\/de\\\/#organization\"},\"potentialAction\":[{\"@type\":\"SearchAction\",\"target\":{\"@type\":\"EntryPoint\",\"urlTemplate\":\"https:\\\/\\\/news.save.ch\\\/de\\\/?s={search_term_string}\"},\"query-input\":{\"@type\":\"PropertyValueSpecification\",\"valueRequired\":true,\"valueName\":\"search_term_string\"}}],\"inLanguage\":\"fr-FR\"},{\"@type\":\"Organization\",\"@id\":\"https:\\\/\\\/news.save.ch\\\/de\\\/#organization\",\"name\":\"Sicherheitsforum\",\"url\":\"https:\\\/\\\/news.save.ch\\\/de\\\/\",\"logo\":{\"@type\":\"ImageObject\",\"inLanguage\":\"fr-FR\",\"@id\":\"https:\\\/\\\/news.save.ch\\\/de\\\/#\\\/schema\\\/logo\\\/image\\\/\",\"url\":\"https:\\\/\\\/news.save.ch\\\/wp-content\\\/uploads\\\/2022\\\/06\\\/Logo_SF_2012.png\",\"contentUrl\":\"https:\\\/\\\/news.save.ch\\\/wp-content\\\/uploads\\\/2022\\\/06\\\/Logo_SF_2012.png\",\"width\":1100,\"height\":91,\"caption\":\"Sicherheitsforum\"},\"image\":{\"@id\":\"https:\\\/\\\/news.save.ch\\\/de\\\/#\\\/schema\\\/logo\\\/image\\\/\"}},{\"@type\":\"Person\",\"@id\":\"https:\\\/\\\/news.save.ch\\\/de\\\/#\\\/schema\\\/person\\\/d49e199490bad7c70d64b9ab51142f2b\",\"name\":\"admin\",\"image\":{\"@type\":\"ImageObject\",\"inLanguage\":\"fr-FR\",\"@id\":\"https:\\\/\\\/secure.gravatar.com\\\/avatar\\\/ae2f4d718e6c49043e314ce431e7e645d646302a24a5ef5a8bc8e3f5a032e319?s=96&d=mm&r=g\",\"url\":\"https:\\\/\\\/secure.gravatar.com\\\/avatar\\\/ae2f4d718e6c49043e314ce431e7e645d646302a24a5ef5a8bc8e3f5a032e319?s=96&d=mm&r=g\",\"contentUrl\":\"https:\\\/\\\/secure.gravatar.com\\\/avatar\\\/ae2f4d718e6c49043e314ce431e7e645d646302a24a5ef5a8bc8e3f5a032e319?s=96&d=mm&r=g\",\"caption\":\"admin\"},\"sameAs\":[\"https:\\\/\\\/develop.organisator.galledia.ch\"],\"url\":\"https:\\\/\\\/news.save.ch\\\/fr\\\/author\\\/admin\\\/\"}]}<\/script>\n<!-- \/ Yoast SEO plugin. -->","yoast_head_json":{"title":"Vid\u00e9os\u00e9curit\u00e9 et Zuko : int\u00e9gr\u00e9s ou s\u00e9par\u00e9s ? - Sauvegarder","description":"Les d\u00e9fis pos\u00e9s par la technologie de s\u00e9curit\u00e9 - en particulier la s\u00e9curit\u00e9 vid\u00e9o et le contr\u00f4le d'acc\u00e8s - sont abord\u00e9s diff\u00e9remment par les utilisateurs.","robots":{"index":"index","follow":"follow","max-snippet":"max-snippet:-1","max-image-preview":"max-image-preview:large","max-video-preview":"max-video-preview:-1"},"canonical":"https:\/\/news.save.ch\/fr\/video-security-und-zuko-integriert-oder-getrennt\/","og_locale":"fr_FR","og_type":"article","og_title":"Video-Security und Zuko: integriert oder getrennt?","og_description":"Der gezielte Einsatz von Sicherheitsl\u00f6sungen sch\u00fctzt Geb\u00e4ude, Mensch und Unternehmenswerte. Die Herausforderungen an die Sicherheitstechnik \u2013 insbesondere Video-Security und Zutrittskontrolle \u2013 werden vom Anwender unterschiedlich angepackt und umgesetzt.","og_url":"https:\/\/news.save.ch\/fr\/video-security-und-zuko-integriert-oder-getrennt\/","og_site_name":"Save","article_published_time":"2016-10-07T09:18:35+00:00","article_modified_time":"2023-03-14T07:59:23+00:00","og_image":[{"url":"https:\/\/news.save.ch\/wp-content\/uploads\/2016\/12\/Video-Security-und-Zuko-integriert-oder-getrennt_sicherheitsforum.jpg","type":"","width":"","height":""}],"author":"admin","twitter_card":"summary_large_image","twitter_misc":{"\u00c9crit par":"admin","Dur\u00e9e de lecture estim\u00e9e":"1 minute"},"schema":{"@context":"https:\/\/schema.org","@graph":[{"@type":"Article","@id":"https:\/\/news.save.ch\/video-security-und-zuko-integriert-oder-getrennt\/#article","isPartOf":{"@id":"https:\/\/news.save.ch\/video-security-und-zuko-integriert-oder-getrennt\/"},"author":{"name":"admin","@id":"https:\/\/news.save.ch\/de\/#\/schema\/person\/d49e199490bad7c70d64b9ab51142f2b"},"headline":"Video-Security und Zuko: integriert oder getrennt?","datePublished":"2016-10-07T09:18:35+00:00","dateModified":"2023-03-14T07:59:23+00:00","mainEntityOfPage":{"@id":"https:\/\/news.save.ch\/video-security-und-zuko-integriert-oder-getrennt\/"},"wordCount":154,"commentCount":0,"publisher":{"@id":"https:\/\/news.save.ch\/de\/#organization"},"image":{"@id":"https:\/\/news.save.ch\/video-security-und-zuko-integriert-oder-getrennt\/#primaryimage"},"thumbnailUrl":"https:\/\/news.save.ch\/wp-content\/uploads\/2016\/12\/Video-Security-und-Zuko-integriert-oder-getrennt_sicherheitsforum.jpg","keywords":["Aus- und Weiterbildung","Video-Security","Zutrittskontrolle","Zutrittskontrolle\/Video-Security"],"articleSection":["SICHERHEIT"],"inLanguage":"fr-FR"},{"@type":"WebPage","@id":"https:\/\/news.save.ch\/video-security-und-zuko-integriert-oder-getrennt\/","url":"https:\/\/news.save.ch\/video-security-und-zuko-integriert-oder-getrennt\/","name":"Vid\u00e9os\u00e9curit\u00e9 et Zuko : int\u00e9gr\u00e9s ou s\u00e9par\u00e9s ? - Sauvegarder","isPartOf":{"@id":"https:\/\/news.save.ch\/de\/#website"},"primaryImageOfPage":{"@id":"https:\/\/news.save.ch\/video-security-und-zuko-integriert-oder-getrennt\/#primaryimage"},"image":{"@id":"https:\/\/news.save.ch\/video-security-und-zuko-integriert-oder-getrennt\/#primaryimage"},"thumbnailUrl":"https:\/\/news.save.ch\/wp-content\/uploads\/2016\/12\/Video-Security-und-Zuko-integriert-oder-getrennt_sicherheitsforum.jpg","datePublished":"2016-10-07T09:18:35+00:00","dateModified":"2023-03-14T07:59:23+00:00","description":"Les d\u00e9fis pos\u00e9s par la technologie de s\u00e9curit\u00e9 - en particulier la s\u00e9curit\u00e9 vid\u00e9o et le contr\u00f4le d'acc\u00e8s - sont abord\u00e9s diff\u00e9remment par les utilisateurs.","breadcrumb":{"@id":"https:\/\/news.save.ch\/video-security-und-zuko-integriert-oder-getrennt\/#breadcrumb"},"inLanguage":"fr-FR","potentialAction":[{"@type":"ReadAction","target":["https:\/\/news.save.ch\/video-security-und-zuko-integriert-oder-getrennt\/"]}]},{"@type":"ImageObject","inLanguage":"fr-FR","@id":"https:\/\/news.save.ch\/video-security-und-zuko-integriert-oder-getrennt\/#primaryimage","url":"https:\/\/news.save.ch\/wp-content\/uploads\/2016\/12\/Video-Security-und-Zuko-integriert-oder-getrennt_sicherheitsforum.jpg","contentUrl":"https:\/\/news.save.ch\/wp-content\/uploads\/2016\/12\/Video-Security-und-Zuko-integriert-oder-getrennt_sicherheitsforum.jpg","width":1000,"height":750,"caption":"\u00a9 depositphotos"},{"@type":"BreadcrumbList","@id":"https:\/\/news.save.ch\/video-security-und-zuko-integriert-oder-getrennt\/#breadcrumb","itemListElement":[{"@type":"ListItem","position":1,"name":"Home","item":"https:\/\/news.save.ch\/de\/"},{"@type":"ListItem","position":2,"name":"Video-Security und Zuko: integriert oder getrennt?"}]},{"@type":"WebSite","@id":"https:\/\/news.save.ch\/de\/#website","url":"https:\/\/news.save.ch\/de\/","name":"Save","description":"Revue suisse sp\u00e9cialis\u00e9e dans la s\u00e9curit\u00e9","publisher":{"@id":"https:\/\/news.save.ch\/de\/#organization"},"potentialAction":[{"@type":"SearchAction","target":{"@type":"EntryPoint","urlTemplate":"https:\/\/news.save.ch\/de\/?s={search_term_string}"},"query-input":{"@type":"PropertyValueSpecification","valueRequired":true,"valueName":"search_term_string"}}],"inLanguage":"fr-FR"},{"@type":"Organization","@id":"https:\/\/news.save.ch\/de\/#organization","name":"Forum sur la s\u00e9curit\u00e9","url":"https:\/\/news.save.ch\/de\/","logo":{"@type":"ImageObject","inLanguage":"fr-FR","@id":"https:\/\/news.save.ch\/de\/#\/schema\/logo\/image\/","url":"https:\/\/news.save.ch\/wp-content\/uploads\/2022\/06\/Logo_SF_2012.png","contentUrl":"https:\/\/news.save.ch\/wp-content\/uploads\/2022\/06\/Logo_SF_2012.png","width":1100,"height":91,"caption":"Sicherheitsforum"},"image":{"@id":"https:\/\/news.save.ch\/de\/#\/schema\/logo\/image\/"}},{"@type":"Person","@id":"https:\/\/news.save.ch\/de\/#\/schema\/person\/d49e199490bad7c70d64b9ab51142f2b","name":"admin","image":{"@type":"ImageObject","inLanguage":"fr-FR","@id":"https:\/\/secure.gravatar.com\/avatar\/ae2f4d718e6c49043e314ce431e7e645d646302a24a5ef5a8bc8e3f5a032e319?s=96&d=mm&r=g","url":"https:\/\/secure.gravatar.com\/avatar\/ae2f4d718e6c49043e314ce431e7e645d646302a24a5ef5a8bc8e3f5a032e319?s=96&d=mm&r=g","contentUrl":"https:\/\/secure.gravatar.com\/avatar\/ae2f4d718e6c49043e314ce431e7e645d646302a24a5ef5a8bc8e3f5a032e319?s=96&d=mm&r=g","caption":"admin"},"sameAs":["https:\/\/develop.organisator.galledia.ch"],"url":"https:\/\/news.save.ch\/fr\/author\/admin\/"}]}},"_links":{"self":[{"href":"https:\/\/news.save.ch\/fr\/wp-json\/wp\/v2\/posts\/1532","targetHints":{"allow":["GET"]}}],"collection":[{"href":"https:\/\/news.save.ch\/fr\/wp-json\/wp\/v2\/posts"}],"about":[{"href":"https:\/\/news.save.ch\/fr\/wp-json\/wp\/v2\/types\/post"}],"author":[{"embeddable":true,"href":"https:\/\/news.save.ch\/fr\/wp-json\/wp\/v2\/users\/1"}],"replies":[{"embeddable":true,"href":"https:\/\/news.save.ch\/fr\/wp-json\/wp\/v2\/comments?post=1532"}],"version-history":[{"count":1,"href":"https:\/\/news.save.ch\/fr\/wp-json\/wp\/v2\/posts\/1532\/revisions"}],"predecessor-version":[{"id":17947,"href":"https:\/\/news.save.ch\/fr\/wp-json\/wp\/v2\/posts\/1532\/revisions\/17947"}],"wp:featuredmedia":[{"embeddable":true,"href":"https:\/\/news.save.ch\/fr\/wp-json\/wp\/v2\/media\/1535"}],"wp:attachment":[{"href":"https:\/\/news.save.ch\/fr\/wp-json\/wp\/v2\/media?parent=1532"}],"wp:term":[{"taxonomy":"category","embeddable":true,"href":"https:\/\/news.save.ch\/fr\/wp-json\/wp\/v2\/categories?post=1532"},{"taxonomy":"post_tag","embeddable":true,"href":"https:\/\/news.save.ch\/fr\/wp-json\/wp\/v2\/tags?post=1532"}],"curies":[{"name":"wp","href":"https:\/\/api.w.org\/{rel}","templated":true}]}}