{"id":1543,"date":"2015-09-14T11:23:08","date_gmt":"2015-09-14T09:23:08","guid":{"rendered":"https:\/\/dev.sicherheitsforum.ch\/?p=1543"},"modified":"2015-09-14T11:23:08","modified_gmt":"2015-09-14T09:23:08","slug":"deutschland-mehr-jobs-in-der-sicherheitsbranche","status":null,"type":"post","link":"https:\/\/news.save.ch\/fr\/deutschland-mehr-jobs-in-der-sicherheitsbranche\/","title":{"rendered":"Allemagne : plus d'emplois dans le secteur de la s\u00e9curit\u00e9"},"content":{"rendered":"<figure id=\"attachment_1546\" aria-describedby=\"caption-attachment-1546\" style=\"width: 680px\" class=\"wp-caption alignnone\"><img loading=\"lazy\" decoding=\"async\" class=\"wp-image-1546 size-medium\" src=\"https:\/\/news.save.ch\/wp-content\/uploads\/2016\/12\/Deutschland-mehr-Jobs-in-der-Sicherheitsbranche-sicherheitsforum.jpg\" width=\"680\" height=\"454\" \/><figcaption id=\"caption-attachment-1546\" class=\"wp-caption-text\">Besoin \u00e9lev\u00e9 de personnel de s\u00e9curit\u00e9 dans les a\u00e9roports allemands.<\/figcaption><\/figure>\n<p>\"Par rapport au premier semestre 2014, l'enqu\u00eate conjoncturelle dans le secteur des services montre une augmentation de l'emploi de pr\u00e8s de 5 % ainsi qu'une variation positive du chiffre d'affaires\", a d\u00e9clar\u00e9 Harald Olschok, directeur g\u00e9n\u00e9ral de la F\u00e9d\u00e9ration allemande de l'industrie de la s\u00e9curit\u00e9 (<a href=\"https:\/\/www.bdsw.de\" target=\"_blank\" data-cke-saved-href=\"https:\/\/www.bdsw.de\" rel=\"noopener\">BDSW<\/a>).<br \/>\nOlschok attribue cette augmentation surtout au besoin \u00e9lev\u00e9 de sp\u00e9cialistes de la s\u00e9curit\u00e9 dans les a\u00e9roports allemands. Mais la forte demande de personnel dans les centres d'h\u00e9bergement pour r\u00e9fugi\u00e9s se fait \u00e9galement fortement sentir.<\/p>\n<p>Olschok explique l'augmentation du chiffre d'affaires de pr\u00e8s de 9 pour cent par la forte hausse des salaires horaires dans certaines cat\u00e9gories de salaires en 2015, conform\u00e9ment \u00e0 la convention collective.<\/p>","protected":false},"excerpt":{"rendered":"<p>\u201eIm Vergleich zur ersten Jahresh\u00e4lfte 2014 weist die Konjunkturerhebung im Dienstleistungssektor einen Besch\u00e4ftigungszuwachs um fast 5 Prozent sowie eine positive Umsatzver\u00e4nderung auf\u201c, so Harald Olschok, Hauptgesch\u00e4ftsf\u00fchrer des Bundesverbandes der Sicherheitswirtschaft (BDSW). Olschok schreibt den Zuwachs\u00a0vor allem dem hohen Bedarf an Sicherheitsfachleuten an den deutschen Flugh\u00e4fen zu. Aber auch die\u00a0grosse\u00a0Nachfrage nach\u00a0Personal in Fl\u00fcchtlingsunterk\u00fcnften mache sich stark [&hellip;]<\/p>\n","protected":false},"author":1,"featured_media":1546,"comment_status":"open","ping_status":"open","sticky":false,"template":"","format":"standard","meta":{"_acf_changed":false,"pgc_sgb_lightbox_settings":"","footnotes":""},"categories":[1],"tags":[65],"class_list":["post-1543","post","type-post","status-publish","format-standard","has-post-thumbnail","hentry","category-allgemein","tag-unternehmen"],"acf":[],"hkrextid":null,"publication":null,"issue":null,"workflow":null,"startPage":null,"spitzmarke":null,"_posts_by_tag_page_fields":{"widget_title":"","widget_tags":""},"_at_widget":"1","_yoast_wpseo_primary_category":"1","_yoast_wpseo_focuskw_text_input":"Sicherheitsbranche","_yoast_wpseo_opengraph-image":"https:\/\/news.save.ch\/wp-content\/uploads\/2016\/12\/Deutschland-mehr-Jobs-in-der-Sicherheitsbranche-sicherheitsforum.jpg","_yoast_wpseo_opengraph-description":"Gem\u00e4ss Bundesverband der Sicherheitswirtschaft stieg die Zahl der Besch\u00e4ftigten in der Sicherheitsbranche im ersten Halbjahr 2015 deutlich.","_yoast_wpseo_opengraph-title":"Deutschland: mehr Jobs in der Sicherheitsbranche","enclosure":null,"_yoast_wpseo_twitter-title":null,"_yoast_wpseo_twitter-description":null,"_yoast_wpseo_twitter-image":null,"_wp_old_slug":null,"_yoast_wpseo_title":null,"_yoast_wpseo_canonical":null,"yoast_head":"<!-- This site is optimized with the Yoast SEO plugin v27.5 - https:\/\/yoast.com\/product\/yoast-seo-wordpress\/ -->\n<title>Deutschland: mehr Jobs in der Sicherheitsbranche - Save<\/title>\n<meta name=\"description\" content=\"Gem\u00e4ss Bundesverband der Sicherheitswirtschaft stieg die Zahl der Besch\u00e4ftigten in der Sicherheitsbranche im ersten Halbjahr 2015 deutlich.\" \/>\n<meta name=\"robots\" content=\"index, follow, max-snippet:-1, max-image-preview:large, max-video-preview:-1\" \/>\n<link rel=\"canonical\" href=\"https:\/\/news.save.ch\/fr\/deutschland-mehr-jobs-in-der-sicherheitsbranche\/\" \/>\n<meta property=\"og:locale\" content=\"fr_FR\" \/>\n<meta property=\"og:type\" content=\"article\" \/>\n<meta property=\"og:title\" content=\"Deutschland: mehr Jobs in der Sicherheitsbranche\" \/>\n<meta property=\"og:description\" content=\"Gem\u00e4ss Bundesverband der Sicherheitswirtschaft stieg die Zahl der Besch\u00e4ftigten in der Sicherheitsbranche im ersten Halbjahr 2015 deutlich.\" \/>\n<meta property=\"og:url\" content=\"https:\/\/news.save.ch\/fr\/deutschland-mehr-jobs-in-der-sicherheitsbranche\/\" \/>\n<meta property=\"og:site_name\" content=\"Save\" \/>\n<meta property=\"article:published_time\" content=\"2015-09-14T09:23:08+00:00\" \/>\n<meta property=\"og:image\" content=\"https:\/\/news.save.ch\/wp-content\/uploads\/2016\/12\/Deutschland-mehr-Jobs-in-der-Sicherheitsbranche-sicherheitsforum.jpg\" \/>\n<meta name=\"author\" content=\"admin\" \/>\n<meta name=\"twitter:card\" content=\"summary_large_image\" \/>\n<meta name=\"twitter:label1\" content=\"\u00c9crit par\" \/>\n\t<meta name=\"twitter:data1\" content=\"admin\" \/>\n\t<meta name=\"twitter:label2\" content=\"Dur\u00e9e de lecture estim\u00e9e\" \/>\n\t<meta name=\"twitter:data2\" content=\"1 minute\" \/>\n<script type=\"application\/ld+json\" class=\"yoast-schema-graph\">{\"@context\":\"https:\\\/\\\/schema.org\",\"@graph\":[{\"@type\":\"Article\",\"@id\":\"https:\\\/\\\/news.save.ch\\\/deutschland-mehr-jobs-in-der-sicherheitsbranche\\\/#article\",\"isPartOf\":{\"@id\":\"https:\\\/\\\/news.save.ch\\\/deutschland-mehr-jobs-in-der-sicherheitsbranche\\\/\"},\"author\":{\"name\":\"admin\",\"@id\":\"https:\\\/\\\/news.save.ch\\\/de\\\/#\\\/schema\\\/person\\\/d49e199490bad7c70d64b9ab51142f2b\"},\"headline\":\"Deutschland: mehr Jobs in der Sicherheitsbranche\",\"datePublished\":\"2015-09-14T09:23:08+00:00\",\"mainEntityOfPage\":{\"@id\":\"https:\\\/\\\/news.save.ch\\\/deutschland-mehr-jobs-in-der-sicherheitsbranche\\\/\"},\"wordCount\":108,\"commentCount\":0,\"publisher\":{\"@id\":\"https:\\\/\\\/news.save.ch\\\/de\\\/#organization\"},\"image\":{\"@id\":\"https:\\\/\\\/news.save.ch\\\/deutschland-mehr-jobs-in-der-sicherheitsbranche\\\/#primaryimage\"},\"thumbnailUrl\":\"https:\\\/\\\/news.save.ch\\\/wp-content\\\/uploads\\\/2016\\\/12\\\/Deutschland-mehr-Jobs-in-der-Sicherheitsbranche-sicherheitsforum-scaled.jpg\",\"keywords\":[\"Unternehmen\"],\"articleSection\":[\"ALLGEMEIN\"],\"inLanguage\":\"fr-FR\"},{\"@type\":\"WebPage\",\"@id\":\"https:\\\/\\\/news.save.ch\\\/deutschland-mehr-jobs-in-der-sicherheitsbranche\\\/\",\"url\":\"https:\\\/\\\/news.save.ch\\\/deutschland-mehr-jobs-in-der-sicherheitsbranche\\\/\",\"name\":\"Deutschland: mehr Jobs in der Sicherheitsbranche - Save\",\"isPartOf\":{\"@id\":\"https:\\\/\\\/news.save.ch\\\/de\\\/#website\"},\"primaryImageOfPage\":{\"@id\":\"https:\\\/\\\/news.save.ch\\\/deutschland-mehr-jobs-in-der-sicherheitsbranche\\\/#primaryimage\"},\"image\":{\"@id\":\"https:\\\/\\\/news.save.ch\\\/deutschland-mehr-jobs-in-der-sicherheitsbranche\\\/#primaryimage\"},\"thumbnailUrl\":\"https:\\\/\\\/news.save.ch\\\/wp-content\\\/uploads\\\/2016\\\/12\\\/Deutschland-mehr-Jobs-in-der-Sicherheitsbranche-sicherheitsforum-scaled.jpg\",\"datePublished\":\"2015-09-14T09:23:08+00:00\",\"description\":\"Gem\u00e4ss Bundesverband der Sicherheitswirtschaft stieg die Zahl der Besch\u00e4ftigten in der Sicherheitsbranche im ersten Halbjahr 2015 deutlich.\",\"breadcrumb\":{\"@id\":\"https:\\\/\\\/news.save.ch\\\/deutschland-mehr-jobs-in-der-sicherheitsbranche\\\/#breadcrumb\"},\"inLanguage\":\"fr-FR\",\"potentialAction\":[{\"@type\":\"ReadAction\",\"target\":[\"https:\\\/\\\/news.save.ch\\\/deutschland-mehr-jobs-in-der-sicherheitsbranche\\\/\"]}]},{\"@type\":\"ImageObject\",\"inLanguage\":\"fr-FR\",\"@id\":\"https:\\\/\\\/news.save.ch\\\/deutschland-mehr-jobs-in-der-sicherheitsbranche\\\/#primaryimage\",\"url\":\"https:\\\/\\\/news.save.ch\\\/wp-content\\\/uploads\\\/2016\\\/12\\\/Deutschland-mehr-Jobs-in-der-Sicherheitsbranche-sicherheitsforum-scaled.jpg\",\"contentUrl\":\"https:\\\/\\\/news.save.ch\\\/wp-content\\\/uploads\\\/2016\\\/12\\\/Deutschland-mehr-Jobs-in-der-Sicherheitsbranche-sicherheitsforum-scaled.jpg\",\"width\":1400,\"height\":934,\"caption\":\"Hoher Bedarf an Sicherheitskr\u00e4ften in deutschen Flugh\u00e4fen.\"},{\"@type\":\"BreadcrumbList\",\"@id\":\"https:\\\/\\\/news.save.ch\\\/deutschland-mehr-jobs-in-der-sicherheitsbranche\\\/#breadcrumb\",\"itemListElement\":[{\"@type\":\"ListItem\",\"position\":1,\"name\":\"Home\",\"item\":\"https:\\\/\\\/news.save.ch\\\/de\\\/\"},{\"@type\":\"ListItem\",\"position\":2,\"name\":\"Deutschland: mehr Jobs in der Sicherheitsbranche\"}]},{\"@type\":\"WebSite\",\"@id\":\"https:\\\/\\\/news.save.ch\\\/de\\\/#website\",\"url\":\"https:\\\/\\\/news.save.ch\\\/de\\\/\",\"name\":\"Save\",\"description\":\"Schweizer Fachzeitschrift f\u00fcr Sicherheit\",\"publisher\":{\"@id\":\"https:\\\/\\\/news.save.ch\\\/de\\\/#organization\"},\"potentialAction\":[{\"@type\":\"SearchAction\",\"target\":{\"@type\":\"EntryPoint\",\"urlTemplate\":\"https:\\\/\\\/news.save.ch\\\/de\\\/?s={search_term_string}\"},\"query-input\":{\"@type\":\"PropertyValueSpecification\",\"valueRequired\":true,\"valueName\":\"search_term_string\"}}],\"inLanguage\":\"fr-FR\"},{\"@type\":\"Organization\",\"@id\":\"https:\\\/\\\/news.save.ch\\\/de\\\/#organization\",\"name\":\"Sicherheitsforum\",\"url\":\"https:\\\/\\\/news.save.ch\\\/de\\\/\",\"logo\":{\"@type\":\"ImageObject\",\"inLanguage\":\"fr-FR\",\"@id\":\"https:\\\/\\\/news.save.ch\\\/de\\\/#\\\/schema\\\/logo\\\/image\\\/\",\"url\":\"https:\\\/\\\/news.save.ch\\\/wp-content\\\/uploads\\\/2022\\\/06\\\/Logo_SF_2012.png\",\"contentUrl\":\"https:\\\/\\\/news.save.ch\\\/wp-content\\\/uploads\\\/2022\\\/06\\\/Logo_SF_2012.png\",\"width\":1100,\"height\":91,\"caption\":\"Sicherheitsforum\"},\"image\":{\"@id\":\"https:\\\/\\\/news.save.ch\\\/de\\\/#\\\/schema\\\/logo\\\/image\\\/\"}},{\"@type\":\"Person\",\"@id\":\"https:\\\/\\\/news.save.ch\\\/de\\\/#\\\/schema\\\/person\\\/d49e199490bad7c70d64b9ab51142f2b\",\"name\":\"admin\",\"image\":{\"@type\":\"ImageObject\",\"inLanguage\":\"fr-FR\",\"@id\":\"https:\\\/\\\/secure.gravatar.com\\\/avatar\\\/ae2f4d718e6c49043e314ce431e7e645d646302a24a5ef5a8bc8e3f5a032e319?s=96&d=mm&r=g\",\"url\":\"https:\\\/\\\/secure.gravatar.com\\\/avatar\\\/ae2f4d718e6c49043e314ce431e7e645d646302a24a5ef5a8bc8e3f5a032e319?s=96&d=mm&r=g\",\"contentUrl\":\"https:\\\/\\\/secure.gravatar.com\\\/avatar\\\/ae2f4d718e6c49043e314ce431e7e645d646302a24a5ef5a8bc8e3f5a032e319?s=96&d=mm&r=g\",\"caption\":\"admin\"},\"sameAs\":[\"https:\\\/\\\/develop.organisator.galledia.ch\"],\"url\":\"https:\\\/\\\/news.save.ch\\\/fr\\\/author\\\/admin\\\/\"}]}<\/script>\n<!-- \/ Yoast SEO plugin. -->","yoast_head_json":{"title":"Allemagne : plus d'emplois dans le secteur de la s\u00e9curit\u00e9 - Save","description":"Selon l'association f\u00e9d\u00e9rale de l'industrie de la s\u00e9curit\u00e9, le nombre de personnes employ\u00e9es dans le secteur de la s\u00e9curit\u00e9 a nettement augment\u00e9 au premier semestre 2015.","robots":{"index":"index","follow":"follow","max-snippet":"max-snippet:-1","max-image-preview":"max-image-preview:large","max-video-preview":"max-video-preview:-1"},"canonical":"https:\/\/news.save.ch\/fr\/deutschland-mehr-jobs-in-der-sicherheitsbranche\/","og_locale":"fr_FR","og_type":"article","og_title":"Deutschland: mehr Jobs in der Sicherheitsbranche","og_description":"Gem\u00e4ss Bundesverband der Sicherheitswirtschaft stieg die Zahl der Besch\u00e4ftigten in der Sicherheitsbranche im ersten Halbjahr 2015 deutlich.","og_url":"https:\/\/news.save.ch\/fr\/deutschland-mehr-jobs-in-der-sicherheitsbranche\/","og_site_name":"Save","article_published_time":"2015-09-14T09:23:08+00:00","og_image":[{"url":"https:\/\/news.save.ch\/wp-content\/uploads\/2016\/12\/Deutschland-mehr-Jobs-in-der-Sicherheitsbranche-sicherheitsforum.jpg","type":"","width":"","height":""}],"author":"admin","twitter_card":"summary_large_image","twitter_misc":{"\u00c9crit par":"admin","Dur\u00e9e de lecture estim\u00e9e":"1 minute"},"schema":{"@context":"https:\/\/schema.org","@graph":[{"@type":"Article","@id":"https:\/\/news.save.ch\/deutschland-mehr-jobs-in-der-sicherheitsbranche\/#article","isPartOf":{"@id":"https:\/\/news.save.ch\/deutschland-mehr-jobs-in-der-sicherheitsbranche\/"},"author":{"name":"admin","@id":"https:\/\/news.save.ch\/de\/#\/schema\/person\/d49e199490bad7c70d64b9ab51142f2b"},"headline":"Deutschland: mehr Jobs in der Sicherheitsbranche","datePublished":"2015-09-14T09:23:08+00:00","mainEntityOfPage":{"@id":"https:\/\/news.save.ch\/deutschland-mehr-jobs-in-der-sicherheitsbranche\/"},"wordCount":108,"commentCount":0,"publisher":{"@id":"https:\/\/news.save.ch\/de\/#organization"},"image":{"@id":"https:\/\/news.save.ch\/deutschland-mehr-jobs-in-der-sicherheitsbranche\/#primaryimage"},"thumbnailUrl":"https:\/\/news.save.ch\/wp-content\/uploads\/2016\/12\/Deutschland-mehr-Jobs-in-der-Sicherheitsbranche-sicherheitsforum-scaled.jpg","keywords":["Unternehmen"],"articleSection":["ALLGEMEIN"],"inLanguage":"fr-FR"},{"@type":"WebPage","@id":"https:\/\/news.save.ch\/deutschland-mehr-jobs-in-der-sicherheitsbranche\/","url":"https:\/\/news.save.ch\/deutschland-mehr-jobs-in-der-sicherheitsbranche\/","name":"Allemagne : plus d'emplois dans le secteur de la s\u00e9curit\u00e9 - Save","isPartOf":{"@id":"https:\/\/news.save.ch\/de\/#website"},"primaryImageOfPage":{"@id":"https:\/\/news.save.ch\/deutschland-mehr-jobs-in-der-sicherheitsbranche\/#primaryimage"},"image":{"@id":"https:\/\/news.save.ch\/deutschland-mehr-jobs-in-der-sicherheitsbranche\/#primaryimage"},"thumbnailUrl":"https:\/\/news.save.ch\/wp-content\/uploads\/2016\/12\/Deutschland-mehr-Jobs-in-der-Sicherheitsbranche-sicherheitsforum-scaled.jpg","datePublished":"2015-09-14T09:23:08+00:00","description":"Selon l'association f\u00e9d\u00e9rale de l'industrie de la s\u00e9curit\u00e9, le nombre de personnes employ\u00e9es dans le secteur de la s\u00e9curit\u00e9 a nettement augment\u00e9 au premier semestre 2015.","breadcrumb":{"@id":"https:\/\/news.save.ch\/deutschland-mehr-jobs-in-der-sicherheitsbranche\/#breadcrumb"},"inLanguage":"fr-FR","potentialAction":[{"@type":"ReadAction","target":["https:\/\/news.save.ch\/deutschland-mehr-jobs-in-der-sicherheitsbranche\/"]}]},{"@type":"ImageObject","inLanguage":"fr-FR","@id":"https:\/\/news.save.ch\/deutschland-mehr-jobs-in-der-sicherheitsbranche\/#primaryimage","url":"https:\/\/news.save.ch\/wp-content\/uploads\/2016\/12\/Deutschland-mehr-Jobs-in-der-Sicherheitsbranche-sicherheitsforum-scaled.jpg","contentUrl":"https:\/\/news.save.ch\/wp-content\/uploads\/2016\/12\/Deutschland-mehr-Jobs-in-der-Sicherheitsbranche-sicherheitsforum-scaled.jpg","width":1400,"height":934,"caption":"Hoher Bedarf an Sicherheitskr\u00e4ften in deutschen Flugh\u00e4fen."},{"@type":"BreadcrumbList","@id":"https:\/\/news.save.ch\/deutschland-mehr-jobs-in-der-sicherheitsbranche\/#breadcrumb","itemListElement":[{"@type":"ListItem","position":1,"name":"Home","item":"https:\/\/news.save.ch\/de\/"},{"@type":"ListItem","position":2,"name":"Deutschland: mehr Jobs in der Sicherheitsbranche"}]},{"@type":"WebSite","@id":"https:\/\/news.save.ch\/de\/#website","url":"https:\/\/news.save.ch\/de\/","name":"Save","description":"Revue suisse sp\u00e9cialis\u00e9e dans la s\u00e9curit\u00e9","publisher":{"@id":"https:\/\/news.save.ch\/de\/#organization"},"potentialAction":[{"@type":"SearchAction","target":{"@type":"EntryPoint","urlTemplate":"https:\/\/news.save.ch\/de\/?s={search_term_string}"},"query-input":{"@type":"PropertyValueSpecification","valueRequired":true,"valueName":"search_term_string"}}],"inLanguage":"fr-FR"},{"@type":"Organization","@id":"https:\/\/news.save.ch\/de\/#organization","name":"Forum sur la s\u00e9curit\u00e9","url":"https:\/\/news.save.ch\/de\/","logo":{"@type":"ImageObject","inLanguage":"fr-FR","@id":"https:\/\/news.save.ch\/de\/#\/schema\/logo\/image\/","url":"https:\/\/news.save.ch\/wp-content\/uploads\/2022\/06\/Logo_SF_2012.png","contentUrl":"https:\/\/news.save.ch\/wp-content\/uploads\/2022\/06\/Logo_SF_2012.png","width":1100,"height":91,"caption":"Sicherheitsforum"},"image":{"@id":"https:\/\/news.save.ch\/de\/#\/schema\/logo\/image\/"}},{"@type":"Person","@id":"https:\/\/news.save.ch\/de\/#\/schema\/person\/d49e199490bad7c70d64b9ab51142f2b","name":"admin","image":{"@type":"ImageObject","inLanguage":"fr-FR","@id":"https:\/\/secure.gravatar.com\/avatar\/ae2f4d718e6c49043e314ce431e7e645d646302a24a5ef5a8bc8e3f5a032e319?s=96&d=mm&r=g","url":"https:\/\/secure.gravatar.com\/avatar\/ae2f4d718e6c49043e314ce431e7e645d646302a24a5ef5a8bc8e3f5a032e319?s=96&d=mm&r=g","contentUrl":"https:\/\/secure.gravatar.com\/avatar\/ae2f4d718e6c49043e314ce431e7e645d646302a24a5ef5a8bc8e3f5a032e319?s=96&d=mm&r=g","caption":"admin"},"sameAs":["https:\/\/develop.organisator.galledia.ch"],"url":"https:\/\/news.save.ch\/fr\/author\/admin\/"}]}},"_links":{"self":[{"href":"https:\/\/news.save.ch\/fr\/wp-json\/wp\/v2\/posts\/1543","targetHints":{"allow":["GET"]}}],"collection":[{"href":"https:\/\/news.save.ch\/fr\/wp-json\/wp\/v2\/posts"}],"about":[{"href":"https:\/\/news.save.ch\/fr\/wp-json\/wp\/v2\/types\/post"}],"author":[{"embeddable":true,"href":"https:\/\/news.save.ch\/fr\/wp-json\/wp\/v2\/users\/1"}],"replies":[{"embeddable":true,"href":"https:\/\/news.save.ch\/fr\/wp-json\/wp\/v2\/comments?post=1543"}],"version-history":[{"count":0,"href":"https:\/\/news.save.ch\/fr\/wp-json\/wp\/v2\/posts\/1543\/revisions"}],"wp:featuredmedia":[{"embeddable":true,"href":"https:\/\/news.save.ch\/fr\/wp-json\/wp\/v2\/media\/1546"}],"wp:attachment":[{"href":"https:\/\/news.save.ch\/fr\/wp-json\/wp\/v2\/media?parent=1543"}],"wp:term":[{"taxonomy":"category","embeddable":true,"href":"https:\/\/news.save.ch\/fr\/wp-json\/wp\/v2\/categories?post=1543"},{"taxonomy":"post_tag","embeddable":true,"href":"https:\/\/news.save.ch\/fr\/wp-json\/wp\/v2\/tags?post=1543"}],"curies":[{"name":"wp","href":"https:\/\/api.w.org\/{rel}","templated":true}]}}