{"id":15458,"date":"2022-12-07T08:28:50","date_gmt":"2022-12-07T07:28:50","guid":{"rendered":"https:\/\/news.save.ch\/?p=15458"},"modified":"2023-07-07T19:04:38","modified_gmt":"2023-07-07T17:04:38","slug":"von-feuersicheren-tueren-bis-zum-sicherheitspersonal","status":null,"type":"post","link":"https:\/\/news.save.ch\/fr\/von-feuersicheren-tueren-bis-zum-sicherheitspersonal\/","title":{"rendered":"Des portes coupe-feu au personnel de s\u00e9curit\u00e9"},"content":{"rendered":"<figure id=\"attachment_15459\" aria-describedby=\"caption-attachment-15459\" style=\"width: 680px\" class=\"wp-caption alignnone\"><img loading=\"lazy\" decoding=\"async\" class=\"wp-image-15459 size-medium\" src=\"https:\/\/news.save.ch\/wp-content\/uploads\/2022\/12\/Kongresshaus_teaser-680x499.jpg\" alt=\"Des portes coupe-feu au personnel de s\u00e9curit\u00e9\" width=\"680\" height=\"499\" srcset=\"https:\/\/news.save.ch\/wp-content\/uploads\/2022\/12\/Kongresshaus_teaser-680x499.jpg 680w, https:\/\/news.save.ch\/wp-content\/uploads\/2022\/12\/Kongresshaus_teaser-1024x751.jpg 1024w, https:\/\/news.save.ch\/wp-content\/uploads\/2022\/12\/Kongresshaus_teaser-768x563.jpg 768w, https:\/\/news.save.ch\/wp-content\/uploads\/2022\/12\/Kongresshaus_teaser-16x12.jpg 16w, https:\/\/news.save.ch\/wp-content\/uploads\/2022\/12\/Kongresshaus_teaser-375x275.jpg 375w, https:\/\/news.save.ch\/wp-content\/uploads\/2022\/12\/Kongresshaus_teaser-477x350.jpg 477w, https:\/\/news.save.ch\/wp-content\/uploads\/2022\/12\/Kongresshaus_teaser-1000x733.jpg 1000w, https:\/\/news.save.ch\/wp-content\/uploads\/2022\/12\/Kongresshaus_teaser.jpg 1121w\" sizes=\"auto, (max-width: 680px) 100vw, 680px\" \/><figcaption id=\"caption-attachment-15459\" class=\"wp-caption-text\">Maison des Congr\u00e8s Zurich SA<\/figcaption><\/figure>\n<p>Des petites manifestations avec quelques participants dans une salle aux \u00e9v\u00e9nements r\u00e9unissant jusqu'\u00e0 2000 personnes, en passant par les spectacles sur sc\u00e8ne avec effets pyrotechniques et les expositions d'\u0153uvres d'art sensibles et hautement assur\u00e9es, il est indispensable de pr\u00e9voir un syst\u00e8me de s\u00e9curit\u00e9 adapt\u00e9. <a href=\"https:\/\/www.kongresshaus-stiftung-zuerich.ch\/\" target=\"_blank\" rel=\"noopener\">Palais des congr\u00e8s de Zurich<\/a> tout doit \u00eatre couvert par une organisation de s\u00e9curit\u00e9 efficace et flexible. Outre les exigences de la s\u00e9curit\u00e9, il faut \u00e9galement respecter les directives l\u00e9gales rigoureuses en mati\u00e8re de protection des personnes. Consciente des exigences op\u00e9rationnelles complexes li\u00e9es \u00e0 l'exploitation du congr\u00e8s, la fondation du Palais des congr\u00e8s a d\u00e9cid\u00e9 d\u00e8s 2018 - deux ans et demi avant l'ouverture alors pr\u00e9vue - de faire \u00e9laborer la s\u00e9curit\u00e9 organisationnelle par une entreprise sp\u00e9cialis\u00e9e externe.<\/p>\n<h3>D\u00e9fis sp\u00e9cifiques \u00e0 l'organisation de congr\u00e8s<\/h3>\n<p>Il n'y a pratiquement aucune limite \u00e0 la diversit\u00e9 des \u00e9v\u00e9nements organis\u00e9s dans le cadre du congr\u00e8s :<\/p>\n<ul>\n<li>Assembl\u00e9es g\u00e9n\u00e9rales de groupes internationaux<\/li>\n<li>Concerts avec pyrotechnie, li\u00e9s \u00e0 un grand nombre de personnes<\/li>\n<li>Expositions d'art avec des valeurs d'assurance \u00e9lev\u00e9es<\/li>\n<li>Petits \u00e9v\u00e9nements avec discr\u00e9tion et protection des personnes<\/li>\n<\/ul>\n<h3>Limites de la construction et de la technique<\/h3>\n<p>D\u00e8s le d\u00e9but, tous les participants ont compris que des exigences aussi vari\u00e9es ne pouvaient pas \u00eatre satisfaites uniquement par des mesures architecturales et techniques. Bien au contraire, les structures et mesures organisationnelles repr\u00e9sentent la partie centrale pour garantir une exploitation du congr\u00e8s s\u00fbre et conforme \u00e0 la loi.<\/p>\n<p>Il est rapidement apparu, au d\u00e9but de la collaboration, que les syst\u00e8mes de comptage des personnes, les installations de vid\u00e9osurveillance ou les syst\u00e8mes d'annonce pouvaient constituer un soutien technique lors des manifestations. Mais l'impact r\u00e9el provient clairement de la pr\u00e9sence de personnel form\u00e9 et cibl\u00e9.<\/p>\n<h3>Organisation de la s\u00e9curit\u00e9<\/h3>\n<p>D'un point de vue \u00e9conomique, il \u00e9tait d\u00e9j\u00e0 \u00e9vident que les diff\u00e9rentes exigences organisationnelles ne pouvaient pas \u00eatre r\u00e9solues uniquement avec du personnel propre. Le concept d'organisation de la s\u00e9curit\u00e9 choisi en collaboration avec la Kongresshaus Z\u00fcrich AG repose donc sur trois piliers avec des \u00e9l\u00e9ments internes et externes qui peuvent \u00eatre assembl\u00e9s et utilis\u00e9s en fonction de la manifestation, des exigences de s\u00e9curit\u00e9 ou des prescriptions l\u00e9gales :<\/p>\n<ul>\n<li><strong>Propres ressources internes de s\u00e9curit\u00e9 :<\/strong> La soci\u00e9t\u00e9 Kongresshaus Z\u00fcrich AG met \u00e0 disposition un petit noyau de sp\u00e9cialistes de la s\u00e9curit\u00e9 comp\u00e9tents et exp\u00e9riment\u00e9s, qui sont responsables des questions de s\u00e9curit\u00e9.<\/li>\n<li><strong>Ressources de s\u00e9curit\u00e9 externes :<\/strong> Le recours \u00e0 du personnel de s\u00e9curit\u00e9 externe professionnel constitue un \u00e9l\u00e9ment central de la s\u00e9curit\u00e9 organisationnelle. Pour ce faire, il est fait appel \u00e0 diff\u00e9rents prestataires de services de s\u00e9curit\u00e9 priv\u00e9s avec lesquels il existe une collaboration de longue date et bien rod\u00e9e.<\/li>\n<li><strong>les ressources de s\u00e9curit\u00e9 du client :<\/strong> En compl\u00e9ment des \u00e9l\u00e9ments de s\u00e9curit\u00e9 organisationnelle d\u00e9crits ci-dessus, le client fournit souvent son propre personnel de s\u00e9curit\u00e9 pour ses manifestations. Ce personnel est familiaris\u00e9 avec les exigences sp\u00e9cifiques du groupe ainsi qu'avec celles de la direction du groupe et n'a plus besoin d'\u00eatre sp\u00e9cialement form\u00e9 et instruit.<\/li>\n<\/ul>\n<p>En plus des ressources mentionn\u00e9es, des forces de police, des pompiers et des services sanitaires sont mobilis\u00e9s en fonction du type et de l'\u00e9valuation des risques d'une manifestation.<\/p>\n<h3>Organisation continue<\/h3>\n<p>Outre les exigences en mati\u00e8re de s\u00e9curit\u00e9 des manifestations, le ma\u00eetre de l'\u00e9tablissement a la responsabilit\u00e9 de veiller \u00e0 ce qu'en cas d'incendie, d'urgence m\u00e9dicale ou de panne des installations techniques du b\u00e2timent, les moyens et ressources organisationnels soient disponibles pour intervenir rapidement et efficacement et garantir \u00e0 tout moment les exigences l\u00e9gales en mati\u00e8re de s\u00e9curit\u00e9 des personnes. Ces t\u00e2ches doivent \u00eatre r\u00e9solues de mani\u00e8re centralis\u00e9e et font partie du domaine de responsabilit\u00e9 de l'\u00e9quipe centrale de s\u00e9curit\u00e9. Le ma\u00eetre d'ouvrage est libre de d\u00e9cider s'il veut tout r\u00e9soudre avec ses propres ressources ou avec le soutien de forces externes.<\/p>\n<h3>Exemple pratique : concert avec effets pyrotechniques<\/h3>\n<p>Pour les spectateurs, les concerts et les spectacles sur sc\u00e8ne avec des artistes connus, associ\u00e9s \u00e0 des effets pyrotechniques, repr\u00e9sentent souvent un moment fort unique. Pour le ma\u00eetre des lieux et l'organisateur, l'\u00e9v\u00e9nement commence des mois \u00e0 l'avance par la clarification et la d\u00e9finition de la manifestation. Des \u00e9tapes et des clarifications syst\u00e9matiques doivent \u00eatre effectu\u00e9es dans le cadre de la pr\u00e9paration organisationnelle d'une telle manifestation :<\/p>\n<ul>\n<li>De quel type d'\u00e9v\u00e9nement s'agit-il ?<\/li>\n<li>Existe-t-il des risques sp\u00e9cifiques ?<\/li>\n<li>Quelles sont les clarifications \u00e0 effectuer ?<\/li>\n<li>Des clarifications et des autorisations administratives doivent-elles \u00eatre obtenues ?<\/li>\n<li>Les ressources personnelles en mati\u00e8re de s\u00e9curit\u00e9 permettent-elles de g\u00e9rer l'\u00e9v\u00e9nement ?<\/li>\n<li>Quelles forces externes doivent \u00eatre mobilis\u00e9es ?<\/li>\n<li>Qu'est-ce qui est possible et \u00e0 quels souhaits faut-il renoncer pour des raisons de s\u00e9curit\u00e9 ?<\/li>\n<\/ul>\n<h3>Conclusion<\/h3>\n<p>Les mesures architecturales et techniques seules ne suffisent souvent pas \u00e0 garantir la s\u00e9curit\u00e9 des manifestations. Une organisation de la s\u00e9curit\u00e9 flexible et l\u00e9g\u00e8re a \u00e9t\u00e9 mise en place, qui peut \u00eatre adapt\u00e9e sp\u00e9cifiquement aux exigences variables des diff\u00e9rentes manifestations. Le personnel de s\u00e9curit\u00e9 interne et externe se compl\u00e8tent en fonction de la situation. Les manifestations sont examin\u00e9es \u00e0 temps \u00e0 l'aide de listes de contr\u00f4le entre la Kongresshaus Z\u00fcrich AG et l'organisateur afin de d\u00e9terminer les risques \u00e9ventuels et les autorisations administratives. La s\u00e9curit\u00e9 de la planification est assur\u00e9e \u00e0 chaque fois par une coordination pr\u00e9coce des mesures organisationnelles avec les autorit\u00e9s comp\u00e9tentes.<\/p>\n<p>&nbsp;<\/p>","protected":false},"excerpt":{"rendered":"<p>Von Kleinveranstaltungen mit wenigen Teilnehmern in einem Raum bis hin zu Anl\u00e4ssen mit bis gegen 2000 Teilnehmern und B\u00fchnen- und Show-Acts mit pyrotechnischen Effekten sowie Ausstellungen mit sensiblen und hoch versicherten Kunstobjekten muss im Kongresshaus Z\u00fcrich alles mit einer effizienten und flexiblen Sicherheitsorganisation abgedeckt werden. Nebst den Anforderungen der Security sind zudem die rigorosen gesetzlichen [&hellip;]<\/p>\n","protected":false},"author":9,"featured_media":15459,"comment_status":"closed","ping_status":"closed","sticky":false,"template":"","format":"standard","meta":{"_acf_changed":false,"pgc_sgb_lightbox_settings":"","footnotes":""},"categories":[1],"tags":[4825,1538,4823,4822,1425,4824,4826,310,1537],"class_list":["post-15458","post","type-post","status-publish","format-standard","has-post-thumbnail","hentry","category-allgemein","tag-bauliche-und-technische-massnahmen","tag-bds-security-design-ag","tag-kongressbetrieb","tag-kongresshaus-zuerich","tag-objektschutz","tag-organisatorische-sicherheit","tag-personenschutz","tag-sicherheit","tag-sicherheitspersonal"],"acf":[],"hkrextid":null,"publication":null,"issue":null,"workflow":null,"startPage":null,"spitzmarke":null,"_posts_by_tag_page_fields":null,"_at_widget":null,"_yoast_wpseo_primary_category":"1","_yoast_wpseo_focuskw_text_input":null,"_yoast_wpseo_opengraph-image":null,"_yoast_wpseo_opengraph-description":null,"_yoast_wpseo_opengraph-title":null,"enclosure":null,"_yoast_wpseo_twitter-title":null,"_yoast_wpseo_twitter-description":null,"_yoast_wpseo_twitter-image":null,"_wp_old_slug":null,"_yoast_wpseo_title":null,"_yoast_wpseo_canonical":null,"yoast_head":"<!-- This site is optimized with the Yoast SEO plugin v27.5 - https:\/\/yoast.com\/product\/yoast-seo-wordpress\/ -->\n<title>Von feuersicheren T\u00fcren bis zum Sicherheitspersonal - Save<\/title>\n<meta name=\"description\" content=\"Ein denkmalgesch\u00fctzter Geb\u00e4udekomplex wie das Kongresshaus Z\u00fcrich \u00aderfordert ein durchdachtes Sicherheitskonzept mit feuerbest\u00e4ndigen, \u00adfluchtwegtauglichen T\u00fcren. Doch auch eine Sicherheitsorganisation f\u00fcr eine Vielzahl verschiedener Veranstaltungen ist n\u00f6tig.\" \/>\n<meta name=\"robots\" content=\"index, follow, max-snippet:-1, max-image-preview:large, max-video-preview:-1\" \/>\n<link rel=\"canonical\" href=\"https:\/\/news.save.ch\/fr\/von-feuersicheren-tueren-bis-zum-sicherheitspersonal\/\" \/>\n<meta property=\"og:locale\" content=\"fr_FR\" \/>\n<meta property=\"og:type\" content=\"article\" \/>\n<meta property=\"og:title\" content=\"Von feuersicheren T\u00fcren bis zum Sicherheitspersonal - Save\" \/>\n<meta property=\"og:description\" content=\"Ein denkmalgesch\u00fctzter Geb\u00e4udekomplex wie das Kongresshaus Z\u00fcrich \u00aderfordert ein durchdachtes Sicherheitskonzept mit feuerbest\u00e4ndigen, \u00adfluchtwegtauglichen T\u00fcren. Doch auch eine Sicherheitsorganisation f\u00fcr eine Vielzahl verschiedener Veranstaltungen ist n\u00f6tig.\" \/>\n<meta property=\"og:url\" content=\"https:\/\/news.save.ch\/fr\/von-feuersicheren-tueren-bis-zum-sicherheitspersonal\/\" \/>\n<meta property=\"og:site_name\" content=\"Save\" \/>\n<meta property=\"article:published_time\" content=\"2022-12-07T07:28:50+00:00\" \/>\n<meta property=\"article:modified_time\" content=\"2023-07-07T17:04:38+00:00\" \/>\n<meta property=\"og:image\" content=\"https:\/\/news.save.ch\/wp-content\/uploads\/2022\/12\/Kongresshaus_teaser.jpg\" \/>\n\t<meta property=\"og:image:width\" content=\"1121\" \/>\n\t<meta property=\"og:image:height\" content=\"822\" \/>\n\t<meta property=\"og:image:type\" content=\"image\/jpeg\" \/>\n<meta name=\"author\" content=\"Simon Gr\u00f6flin\" \/>\n<meta name=\"twitter:card\" content=\"summary_large_image\" \/>\n<meta name=\"twitter:label1\" content=\"\u00c9crit par\" \/>\n\t<meta name=\"twitter:data1\" content=\"Simon Gr\u00f6flin\" \/>\n\t<meta name=\"twitter:label2\" content=\"Dur\u00e9e de lecture estim\u00e9e\" \/>\n\t<meta name=\"twitter:data2\" content=\"4 minutes\" \/>\n<script type=\"application\/ld+json\" class=\"yoast-schema-graph\">{\"@context\":\"https:\\\/\\\/schema.org\",\"@graph\":[{\"@type\":\"Article\",\"@id\":\"https:\\\/\\\/news.save.ch\\\/von-feuersicheren-tueren-bis-zum-sicherheitspersonal\\\/#article\",\"isPartOf\":{\"@id\":\"https:\\\/\\\/news.save.ch\\\/von-feuersicheren-tueren-bis-zum-sicherheitspersonal\\\/\"},\"author\":{\"name\":\"Simon Gr\u00f6flin\",\"@id\":\"https:\\\/\\\/news.save.ch\\\/de\\\/#\\\/schema\\\/person\\\/ad4ef21102fd6125312409ac57d5296d\"},\"headline\":\"Von feuersicheren T\u00fcren bis zum Sicherheitspersonal\",\"datePublished\":\"2022-12-07T07:28:50+00:00\",\"dateModified\":\"2023-07-07T17:04:38+00:00\",\"mainEntityOfPage\":{\"@id\":\"https:\\\/\\\/news.save.ch\\\/von-feuersicheren-tueren-bis-zum-sicherheitspersonal\\\/\"},\"wordCount\":746,\"publisher\":{\"@id\":\"https:\\\/\\\/news.save.ch\\\/de\\\/#organization\"},\"image\":{\"@id\":\"https:\\\/\\\/news.save.ch\\\/von-feuersicheren-tueren-bis-zum-sicherheitspersonal\\\/#primaryimage\"},\"thumbnailUrl\":\"https:\\\/\\\/news.save.ch\\\/wp-content\\\/uploads\\\/2022\\\/12\\\/Kongresshaus_teaser.jpg\",\"keywords\":[\"bauliche und technische Massnahmen\",\"BDS Security Design AG\",\"Kongressbetrieb\",\"Kongresshaus Z\u00fcrich\",\"Objektschutz\",\"organisatorische Sicherheit\",\"Personenschutz\",\"Sicherheit\",\"Sicherheitspersonal\"],\"articleSection\":[\"ALLGEMEIN\"],\"inLanguage\":\"fr-FR\"},{\"@type\":\"WebPage\",\"@id\":\"https:\\\/\\\/news.save.ch\\\/von-feuersicheren-tueren-bis-zum-sicherheitspersonal\\\/\",\"url\":\"https:\\\/\\\/news.save.ch\\\/von-feuersicheren-tueren-bis-zum-sicherheitspersonal\\\/\",\"name\":\"Von feuersicheren T\u00fcren bis zum Sicherheitspersonal - Save\",\"isPartOf\":{\"@id\":\"https:\\\/\\\/news.save.ch\\\/de\\\/#website\"},\"primaryImageOfPage\":{\"@id\":\"https:\\\/\\\/news.save.ch\\\/von-feuersicheren-tueren-bis-zum-sicherheitspersonal\\\/#primaryimage\"},\"image\":{\"@id\":\"https:\\\/\\\/news.save.ch\\\/von-feuersicheren-tueren-bis-zum-sicherheitspersonal\\\/#primaryimage\"},\"thumbnailUrl\":\"https:\\\/\\\/news.save.ch\\\/wp-content\\\/uploads\\\/2022\\\/12\\\/Kongresshaus_teaser.jpg\",\"datePublished\":\"2022-12-07T07:28:50+00:00\",\"dateModified\":\"2023-07-07T17:04:38+00:00\",\"description\":\"Ein denkmalgesch\u00fctzter Geb\u00e4udekomplex wie das Kongresshaus Z\u00fcrich \u00aderfordert ein durchdachtes Sicherheitskonzept mit feuerbest\u00e4ndigen, \u00adfluchtwegtauglichen T\u00fcren. Doch auch eine Sicherheitsorganisation f\u00fcr eine Vielzahl verschiedener Veranstaltungen ist n\u00f6tig.\",\"breadcrumb\":{\"@id\":\"https:\\\/\\\/news.save.ch\\\/von-feuersicheren-tueren-bis-zum-sicherheitspersonal\\\/#breadcrumb\"},\"inLanguage\":\"fr-FR\",\"potentialAction\":[{\"@type\":\"ReadAction\",\"target\":[\"https:\\\/\\\/news.save.ch\\\/von-feuersicheren-tueren-bis-zum-sicherheitspersonal\\\/\"]}]},{\"@type\":\"ImageObject\",\"inLanguage\":\"fr-FR\",\"@id\":\"https:\\\/\\\/news.save.ch\\\/von-feuersicheren-tueren-bis-zum-sicherheitspersonal\\\/#primaryimage\",\"url\":\"https:\\\/\\\/news.save.ch\\\/wp-content\\\/uploads\\\/2022\\\/12\\\/Kongresshaus_teaser.jpg\",\"contentUrl\":\"https:\\\/\\\/news.save.ch\\\/wp-content\\\/uploads\\\/2022\\\/12\\\/Kongresshaus_teaser.jpg\",\"width\":1121,\"height\":822},{\"@type\":\"BreadcrumbList\",\"@id\":\"https:\\\/\\\/news.save.ch\\\/von-feuersicheren-tueren-bis-zum-sicherheitspersonal\\\/#breadcrumb\",\"itemListElement\":[{\"@type\":\"ListItem\",\"position\":1,\"name\":\"Home\",\"item\":\"https:\\\/\\\/news.save.ch\\\/de\\\/\"},{\"@type\":\"ListItem\",\"position\":2,\"name\":\"Von feuersicheren T\u00fcren bis zum Sicherheitspersonal\"}]},{\"@type\":\"WebSite\",\"@id\":\"https:\\\/\\\/news.save.ch\\\/de\\\/#website\",\"url\":\"https:\\\/\\\/news.save.ch\\\/de\\\/\",\"name\":\"Save\",\"description\":\"Schweizer Fachzeitschrift f\u00fcr Sicherheit\",\"publisher\":{\"@id\":\"https:\\\/\\\/news.save.ch\\\/de\\\/#organization\"},\"potentialAction\":[{\"@type\":\"SearchAction\",\"target\":{\"@type\":\"EntryPoint\",\"urlTemplate\":\"https:\\\/\\\/news.save.ch\\\/de\\\/?s={search_term_string}\"},\"query-input\":{\"@type\":\"PropertyValueSpecification\",\"valueRequired\":true,\"valueName\":\"search_term_string\"}}],\"inLanguage\":\"fr-FR\"},{\"@type\":\"Organization\",\"@id\":\"https:\\\/\\\/news.save.ch\\\/de\\\/#organization\",\"name\":\"Sicherheitsforum\",\"url\":\"https:\\\/\\\/news.save.ch\\\/de\\\/\",\"logo\":{\"@type\":\"ImageObject\",\"inLanguage\":\"fr-FR\",\"@id\":\"https:\\\/\\\/news.save.ch\\\/de\\\/#\\\/schema\\\/logo\\\/image\\\/\",\"url\":\"https:\\\/\\\/news.save.ch\\\/wp-content\\\/uploads\\\/2022\\\/06\\\/Logo_SF_2012.png\",\"contentUrl\":\"https:\\\/\\\/news.save.ch\\\/wp-content\\\/uploads\\\/2022\\\/06\\\/Logo_SF_2012.png\",\"width\":1100,\"height\":91,\"caption\":\"Sicherheitsforum\"},\"image\":{\"@id\":\"https:\\\/\\\/news.save.ch\\\/de\\\/#\\\/schema\\\/logo\\\/image\\\/\"}},{\"@type\":\"Person\",\"@id\":\"https:\\\/\\\/news.save.ch\\\/de\\\/#\\\/schema\\\/person\\\/ad4ef21102fd6125312409ac57d5296d\",\"name\":\"Simon Gr\u00f6flin\",\"image\":{\"@type\":\"ImageObject\",\"inLanguage\":\"fr-FR\",\"@id\":\"https:\\\/\\\/secure.gravatar.com\\\/avatar\\\/6ddceb80eb734354635539e0ea5140bb7c41e42de7c45c9a2ab9921b5d5c9a83?s=96&d=mm&r=g\",\"url\":\"https:\\\/\\\/secure.gravatar.com\\\/avatar\\\/6ddceb80eb734354635539e0ea5140bb7c41e42de7c45c9a2ab9921b5d5c9a83?s=96&d=mm&r=g\",\"contentUrl\":\"https:\\\/\\\/secure.gravatar.com\\\/avatar\\\/6ddceb80eb734354635539e0ea5140bb7c41e42de7c45c9a2ab9921b5d5c9a83?s=96&d=mm&r=g\",\"caption\":\"Simon Gr\u00f6flin\"},\"url\":\"https:\\\/\\\/news.save.ch\\\/fr\\\/author\\\/simon-groeflin\\\/\"}]}<\/script>\n<!-- \/ Yoast SEO plugin. -->","yoast_head_json":{"title":"Des portes coupe-feu au personnel de s\u00e9curit\u00e9 - Save","description":"Un complexe de b\u00e2timents class\u00e9s comme le Kongresshaus de Zurich n\u00e9cessite un concept de s\u00e9curit\u00e9 bien pens\u00e9, avec des portes r\u00e9sistantes au feu et adapt\u00e9es aux voies d'\u00e9vacuation. Mais il faut aussi une organisation de la s\u00e9curit\u00e9 pour une multitude de manifestations diff\u00e9rentes.","robots":{"index":"index","follow":"follow","max-snippet":"max-snippet:-1","max-image-preview":"max-image-preview:large","max-video-preview":"max-video-preview:-1"},"canonical":"https:\/\/news.save.ch\/fr\/von-feuersicheren-tueren-bis-zum-sicherheitspersonal\/","og_locale":"fr_FR","og_type":"article","og_title":"Von feuersicheren T\u00fcren bis zum Sicherheitspersonal - Save","og_description":"Ein denkmalgesch\u00fctzter Geb\u00e4udekomplex wie das Kongresshaus Z\u00fcrich \u00aderfordert ein durchdachtes Sicherheitskonzept mit feuerbest\u00e4ndigen, \u00adfluchtwegtauglichen T\u00fcren. Doch auch eine Sicherheitsorganisation f\u00fcr eine Vielzahl verschiedener Veranstaltungen ist n\u00f6tig.","og_url":"https:\/\/news.save.ch\/fr\/von-feuersicheren-tueren-bis-zum-sicherheitspersonal\/","og_site_name":"Save","article_published_time":"2022-12-07T07:28:50+00:00","article_modified_time":"2023-07-07T17:04:38+00:00","og_image":[{"width":1121,"height":822,"url":"https:\/\/news.save.ch\/wp-content\/uploads\/2022\/12\/Kongresshaus_teaser.jpg","type":"image\/jpeg"}],"author":"Simon Gr\u00f6flin","twitter_card":"summary_large_image","twitter_misc":{"\u00c9crit par":"Simon Gr\u00f6flin","Dur\u00e9e de lecture estim\u00e9e":"4 minutes"},"schema":{"@context":"https:\/\/schema.org","@graph":[{"@type":"Article","@id":"https:\/\/news.save.ch\/von-feuersicheren-tueren-bis-zum-sicherheitspersonal\/#article","isPartOf":{"@id":"https:\/\/news.save.ch\/von-feuersicheren-tueren-bis-zum-sicherheitspersonal\/"},"author":{"name":"Simon Gr\u00f6flin","@id":"https:\/\/news.save.ch\/de\/#\/schema\/person\/ad4ef21102fd6125312409ac57d5296d"},"headline":"Von feuersicheren T\u00fcren bis zum Sicherheitspersonal","datePublished":"2022-12-07T07:28:50+00:00","dateModified":"2023-07-07T17:04:38+00:00","mainEntityOfPage":{"@id":"https:\/\/news.save.ch\/von-feuersicheren-tueren-bis-zum-sicherheitspersonal\/"},"wordCount":746,"publisher":{"@id":"https:\/\/news.save.ch\/de\/#organization"},"image":{"@id":"https:\/\/news.save.ch\/von-feuersicheren-tueren-bis-zum-sicherheitspersonal\/#primaryimage"},"thumbnailUrl":"https:\/\/news.save.ch\/wp-content\/uploads\/2022\/12\/Kongresshaus_teaser.jpg","keywords":["bauliche und technische Massnahmen","BDS Security Design AG","Kongressbetrieb","Kongresshaus Z\u00fcrich","Objektschutz","organisatorische Sicherheit","Personenschutz","Sicherheit","Sicherheitspersonal"],"articleSection":["ALLGEMEIN"],"inLanguage":"fr-FR"},{"@type":"WebPage","@id":"https:\/\/news.save.ch\/von-feuersicheren-tueren-bis-zum-sicherheitspersonal\/","url":"https:\/\/news.save.ch\/von-feuersicheren-tueren-bis-zum-sicherheitspersonal\/","name":"Des portes coupe-feu au personnel de s\u00e9curit\u00e9 - Save","isPartOf":{"@id":"https:\/\/news.save.ch\/de\/#website"},"primaryImageOfPage":{"@id":"https:\/\/news.save.ch\/von-feuersicheren-tueren-bis-zum-sicherheitspersonal\/#primaryimage"},"image":{"@id":"https:\/\/news.save.ch\/von-feuersicheren-tueren-bis-zum-sicherheitspersonal\/#primaryimage"},"thumbnailUrl":"https:\/\/news.save.ch\/wp-content\/uploads\/2022\/12\/Kongresshaus_teaser.jpg","datePublished":"2022-12-07T07:28:50+00:00","dateModified":"2023-07-07T17:04:38+00:00","description":"Un complexe de b\u00e2timents class\u00e9s comme le Kongresshaus de Zurich n\u00e9cessite un concept de s\u00e9curit\u00e9 bien pens\u00e9, avec des portes r\u00e9sistantes au feu et adapt\u00e9es aux voies d'\u00e9vacuation. Mais il faut aussi une organisation de la s\u00e9curit\u00e9 pour une multitude de manifestations diff\u00e9rentes.","breadcrumb":{"@id":"https:\/\/news.save.ch\/von-feuersicheren-tueren-bis-zum-sicherheitspersonal\/#breadcrumb"},"inLanguage":"fr-FR","potentialAction":[{"@type":"ReadAction","target":["https:\/\/news.save.ch\/von-feuersicheren-tueren-bis-zum-sicherheitspersonal\/"]}]},{"@type":"ImageObject","inLanguage":"fr-FR","@id":"https:\/\/news.save.ch\/von-feuersicheren-tueren-bis-zum-sicherheitspersonal\/#primaryimage","url":"https:\/\/news.save.ch\/wp-content\/uploads\/2022\/12\/Kongresshaus_teaser.jpg","contentUrl":"https:\/\/news.save.ch\/wp-content\/uploads\/2022\/12\/Kongresshaus_teaser.jpg","width":1121,"height":822},{"@type":"BreadcrumbList","@id":"https:\/\/news.save.ch\/von-feuersicheren-tueren-bis-zum-sicherheitspersonal\/#breadcrumb","itemListElement":[{"@type":"ListItem","position":1,"name":"Home","item":"https:\/\/news.save.ch\/de\/"},{"@type":"ListItem","position":2,"name":"Von feuersicheren T\u00fcren bis zum Sicherheitspersonal"}]},{"@type":"WebSite","@id":"https:\/\/news.save.ch\/de\/#website","url":"https:\/\/news.save.ch\/de\/","name":"Save","description":"Revue suisse sp\u00e9cialis\u00e9e dans la s\u00e9curit\u00e9","publisher":{"@id":"https:\/\/news.save.ch\/de\/#organization"},"potentialAction":[{"@type":"SearchAction","target":{"@type":"EntryPoint","urlTemplate":"https:\/\/news.save.ch\/de\/?s={search_term_string}"},"query-input":{"@type":"PropertyValueSpecification","valueRequired":true,"valueName":"search_term_string"}}],"inLanguage":"fr-FR"},{"@type":"Organization","@id":"https:\/\/news.save.ch\/de\/#organization","name":"Forum sur la s\u00e9curit\u00e9","url":"https:\/\/news.save.ch\/de\/","logo":{"@type":"ImageObject","inLanguage":"fr-FR","@id":"https:\/\/news.save.ch\/de\/#\/schema\/logo\/image\/","url":"https:\/\/news.save.ch\/wp-content\/uploads\/2022\/06\/Logo_SF_2012.png","contentUrl":"https:\/\/news.save.ch\/wp-content\/uploads\/2022\/06\/Logo_SF_2012.png","width":1100,"height":91,"caption":"Sicherheitsforum"},"image":{"@id":"https:\/\/news.save.ch\/de\/#\/schema\/logo\/image\/"}},{"@type":"Person","@id":"https:\/\/news.save.ch\/de\/#\/schema\/person\/ad4ef21102fd6125312409ac57d5296d","name":"Simon Gr\u00f6flin","image":{"@type":"ImageObject","inLanguage":"fr-FR","@id":"https:\/\/secure.gravatar.com\/avatar\/6ddceb80eb734354635539e0ea5140bb7c41e42de7c45c9a2ab9921b5d5c9a83?s=96&d=mm&r=g","url":"https:\/\/secure.gravatar.com\/avatar\/6ddceb80eb734354635539e0ea5140bb7c41e42de7c45c9a2ab9921b5d5c9a83?s=96&d=mm&r=g","contentUrl":"https:\/\/secure.gravatar.com\/avatar\/6ddceb80eb734354635539e0ea5140bb7c41e42de7c45c9a2ab9921b5d5c9a83?s=96&d=mm&r=g","caption":"Simon Gr\u00f6flin"},"url":"https:\/\/news.save.ch\/fr\/author\/simon-groeflin\/"}]}},"_links":{"self":[{"href":"https:\/\/news.save.ch\/fr\/wp-json\/wp\/v2\/posts\/15458","targetHints":{"allow":["GET"]}}],"collection":[{"href":"https:\/\/news.save.ch\/fr\/wp-json\/wp\/v2\/posts"}],"about":[{"href":"https:\/\/news.save.ch\/fr\/wp-json\/wp\/v2\/types\/post"}],"author":[{"embeddable":true,"href":"https:\/\/news.save.ch\/fr\/wp-json\/wp\/v2\/users\/9"}],"replies":[{"embeddable":true,"href":"https:\/\/news.save.ch\/fr\/wp-json\/wp\/v2\/comments?post=15458"}],"version-history":[{"count":5,"href":"https:\/\/news.save.ch\/fr\/wp-json\/wp\/v2\/posts\/15458\/revisions"}],"predecessor-version":[{"id":20012,"href":"https:\/\/news.save.ch\/fr\/wp-json\/wp\/v2\/posts\/15458\/revisions\/20012"}],"wp:featuredmedia":[{"embeddable":true,"href":"https:\/\/news.save.ch\/fr\/wp-json\/wp\/v2\/media\/15459"}],"wp:attachment":[{"href":"https:\/\/news.save.ch\/fr\/wp-json\/wp\/v2\/media?parent=15458"}],"wp:term":[{"taxonomy":"category","embeddable":true,"href":"https:\/\/news.save.ch\/fr\/wp-json\/wp\/v2\/categories?post=15458"},{"taxonomy":"post_tag","embeddable":true,"href":"https:\/\/news.save.ch\/fr\/wp-json\/wp\/v2\/tags?post=15458"}],"curies":[{"name":"wp","href":"https:\/\/api.w.org\/{rel}","templated":true}]}}