{"id":15673,"date":"2023-01-20T09:43:19","date_gmt":"2023-01-20T08:43:19","guid":{"rendered":"https:\/\/news.save.ch\/?p=15673"},"modified":"2023-07-26T06:10:34","modified_gmt":"2023-07-26T04:10:34","slug":"bundesamt-fuer-energie-publiziert-waermestrategie-2050","status":null,"type":"post","link":"https:\/\/news.save.ch\/fr\/bundesamt-fuer-energie-publiziert-waermestrategie-2050\/","title":{"rendered":"L'Office f\u00e9d\u00e9ral de l'\u00e9nergie publie sa strat\u00e9gie thermique 2050"},"content":{"rendered":"<figure id=\"attachment_15674\" aria-describedby=\"caption-attachment-15674\" style=\"width: 680px\" class=\"wp-caption alignnone\"><img loading=\"lazy\" decoding=\"async\" class=\"wp-image-15674 size-medium\" src=\"https:\/\/news.save.ch\/wp-content\/uploads\/2023\/01\/Depositphotos_250472176_S-680x454.jpg\" alt=\"Strat\u00e9gie thermique 2050\" width=\"680\" height=\"454\" srcset=\"https:\/\/news.save.ch\/wp-content\/uploads\/2023\/01\/Depositphotos_250472176_S-680x454.jpg 680w, https:\/\/news.save.ch\/wp-content\/uploads\/2023\/01\/Depositphotos_250472176_S-768x513.jpg 768w, https:\/\/news.save.ch\/wp-content\/uploads\/2023\/01\/Depositphotos_250472176_S-18x12.jpg 18w, https:\/\/news.save.ch\/wp-content\/uploads\/2023\/01\/Depositphotos_250472176_S-375x250.jpg 375w, https:\/\/news.save.ch\/wp-content\/uploads\/2023\/01\/Depositphotos_250472176_S-524x350.jpg 524w, https:\/\/news.save.ch\/wp-content\/uploads\/2023\/01\/Depositphotos_250472176_S.jpg 999w\" sizes=\"auto, (max-width: 680px) 100vw, 680px\" \/><figcaption id=\"caption-attachment-15674\" class=\"wp-caption-text\">Image : depositphotos<\/figcaption><\/figure>\n<p>Selon l'Office f\u00e9d\u00e9ral de l'\u00e9nergie, l'ensemble du secteur du chauffage en Suisse repr\u00e9sente aujourd'hui environ 50 pour cent de la consommation d'\u00e9nergie du pays et g\u00e9n\u00e8re plus de 35 pour cent des \u00e9missions de CO2. Pour atteindre l'objectif de z\u00e9ro \u00e9mission nette, les besoins en chaleur (chauffage et production d'eau chaude dans les b\u00e2timents et chaleur industrielle dans l'industrie) doivent \u00eatre enti\u00e8rement couverts par des \u00e9nergies renouvelables et sans \u00e9missions de CO2 d'ici 2050.<\/p>\n<p>La Strat\u00e9gie chaleur 2050 s'appuie sur les perspectives \u00e9nerg\u00e9tiques 2050+ de l'OFEN, qui ont \u00e9tudi\u00e9 diff\u00e9rents sc\u00e9narios de z\u00e9ro net. Pour atteindre l'objectif climatique, il faut \u00e0 la fois passer des \u00e9nergies fossiles aux \u00e9nergies renouvelables et r\u00e9duire la consommation : en 2050, la consommation d'\u00e9nergie dans le domaine de la chaleur doit \u00eatre inf\u00e9rieure d'environ 30 % \u00e0 ce qu'elle \u00e9tait en 2020.<\/p>\n<p>Une soixantaine d'organisations (communes, cantons, entreprises \u00e9nerg\u00e9tiques, secteur de la construction, associations \u00e9conomiques, organisations de formation, associations environnementales, etc.) ont \u00e9t\u00e9 consult\u00e9es sur le projet de strat\u00e9gie en mati\u00e8re de chaleur pour 2050. Environ 70% des personnes interrog\u00e9es estiment que la strat\u00e9gie en mati\u00e8re de chaleur est r\u00e9aliste ou plut\u00f4t r\u00e9aliste. Les r\u00e9actions ont \u00e9t\u00e9 prises en compte dans la version finale de la Strat\u00e9gie chaleur 2050.<\/p>\n<p>Le site <a href=\"https:\/\/www.newsd.admin.ch\/newsd\/message\/attachments\/74920.pdf\" target=\"_blank\" rel=\"noopener\">Document strat\u00e9gique<\/a> d\u00e9crit dans une image d'objectif 2050 et sous forme de texte les mesures respectives pour un total de dix domaines th\u00e9matiques : Efficacit\u00e9 des b\u00e2timents ; Syst\u00e8mes de chauffage ; Chaleur industrielle : R\u00e9seaux thermiques ; Stockage thermique de l'\u00e9nergie ; Electrification ; Gaz renouvelables et combustibles synth\u00e9tiques ; Conf\u00e9d\u00e9ration, cantons et communes ; L\u00e9gislation ; Personnel qualifi\u00e9.<\/p>\n<p>Plusieurs nouvelles mesures sont d\u00e9j\u00e0 en cours de discussion au Parlement ou sont d\u00e9j\u00e0 pr\u00eates \u00e0 \u00eatre mises en \u0153uvre. La r\u00e9vision de la loi sur le CO2 et le contre-projet indirect \u00e0 l'initiative sur les glaciers soutiennent notamment le passage des syst\u00e8mes de chauffage fossiles aux syst\u00e8mes de chauffage renouvelables.<\/p>\n<p><em>Source : Office f\u00e9d\u00e9ral de l'\u00e9nergie<\/em><\/p>","protected":false},"excerpt":{"rendered":"<p>Der gesamte W\u00e4rmebereich der Schweiz macht heute laut dem Bundesamt f\u00fcr Energie rund 50 Prozent des Energieverbrauchs der Schweiz aus und verursacht mehr als 35 Prozent der CO2-Emissionen. Um das Netto-Null Emissionsziel zu erreichen, muss der W\u00e4rmebedarf (Heizung und Warmwasseraufbereitung in Geb\u00e4uden und Prozessw\u00e4rme in der Industrie) bis 2050 vollst\u00e4ndig mit erneuerbaren Energien und CO2-frei [&hellip;]<\/p>\n","protected":false},"author":9,"featured_media":15674,"comment_status":"closed","ping_status":"closed","sticky":false,"template":"","format":"standard","meta":{"_acf_changed":false,"pgc_sgb_lightbox_settings":"","footnotes":""},"categories":[1],"tags":[3582,3581,3583,1491,6133,3584,3580],"class_list":["post-15673","post","type-post","status-publish","format-standard","has-post-thumbnail","hentry","category-allgemein","tag-co2-emissionen","tag-energieverbrauch","tag-erneuerbare-energien","tag-klimaziele","tag-netto-null-emissionsziel","tag-waermebereich","tag-waermestrategie-2050"],"acf":[],"hkrextid":null,"publication":null,"issue":null,"workflow":null,"startPage":null,"spitzmarke":null,"_posts_by_tag_page_fields":null,"_at_widget":null,"_yoast_wpseo_primary_category":"","_yoast_wpseo_focuskw_text_input":null,"_yoast_wpseo_opengraph-image":null,"_yoast_wpseo_opengraph-description":null,"_yoast_wpseo_opengraph-title":null,"enclosure":null,"_yoast_wpseo_twitter-title":null,"_yoast_wpseo_twitter-description":null,"_yoast_wpseo_twitter-image":null,"_wp_old_slug":null,"_yoast_wpseo_title":null,"_yoast_wpseo_canonical":null,"yoast_head":"<!-- This site is optimized with the Yoast SEO plugin v27.4 - https:\/\/yoast.com\/product\/yoast-seo-wordpress\/ -->\n<title>Bundesamt f\u00fcr Energie publiziert W\u00e4rmestrategie 2050 - Save<\/title>\n<meta name=\"description\" content=\"Die W\u00e4rmeversorgung der Schweiz soll bis 2050 CO2-neutral werden. Die W\u00e4rmestrategie 2050 soll aufzeigen, mit welchen Massnahmen das Ziel erreicht werden kann.\" \/>\n<meta name=\"robots\" content=\"index, follow, max-snippet:-1, max-image-preview:large, max-video-preview:-1\" \/>\n<link rel=\"canonical\" href=\"https:\/\/news.save.ch\/fr\/bundesamt-fuer-energie-publiziert-waermestrategie-2050\/\" \/>\n<meta property=\"og:locale\" content=\"fr_FR\" \/>\n<meta property=\"og:type\" content=\"article\" \/>\n<meta property=\"og:title\" content=\"Bundesamt f\u00fcr Energie publiziert W\u00e4rmestrategie 2050 - Save\" \/>\n<meta property=\"og:description\" content=\"Die W\u00e4rmeversorgung der Schweiz soll bis 2050 CO2-neutral werden. Die W\u00e4rmestrategie 2050 soll aufzeigen, mit welchen Massnahmen das Ziel erreicht werden kann.\" \/>\n<meta property=\"og:url\" content=\"https:\/\/news.save.ch\/fr\/bundesamt-fuer-energie-publiziert-waermestrategie-2050\/\" \/>\n<meta property=\"og:site_name\" content=\"Save\" \/>\n<meta property=\"article:published_time\" content=\"2023-01-20T08:43:19+00:00\" \/>\n<meta property=\"article:modified_time\" content=\"2023-07-26T04:10:34+00:00\" \/>\n<meta property=\"og:image\" content=\"https:\/\/news.save.ch\/wp-content\/uploads\/2023\/01\/Depositphotos_250472176_S.jpg\" \/>\n\t<meta property=\"og:image:width\" content=\"999\" \/>\n\t<meta property=\"og:image:height\" content=\"667\" \/>\n\t<meta property=\"og:image:type\" content=\"image\/jpeg\" \/>\n<meta name=\"author\" content=\"Simon Gr\u00f6flin\" \/>\n<meta name=\"twitter:card\" content=\"summary_large_image\" \/>\n<meta name=\"twitter:label1\" content=\"\u00c9crit par\" \/>\n\t<meta name=\"twitter:data1\" content=\"Simon Gr\u00f6flin\" \/>\n\t<meta name=\"twitter:label2\" content=\"Dur\u00e9e de lecture estim\u00e9e\" \/>\n\t<meta name=\"twitter:data2\" content=\"2 minutes\" \/>\n<script type=\"application\/ld+json\" class=\"yoast-schema-graph\">{\"@context\":\"https:\\\/\\\/schema.org\",\"@graph\":[{\"@type\":\"Article\",\"@id\":\"https:\\\/\\\/news.save.ch\\\/bundesamt-fuer-energie-publiziert-waermestrategie-2050\\\/#article\",\"isPartOf\":{\"@id\":\"https:\\\/\\\/news.save.ch\\\/bundesamt-fuer-energie-publiziert-waermestrategie-2050\\\/\"},\"author\":{\"name\":\"Simon Gr\u00f6flin\",\"@id\":\"https:\\\/\\\/news.save.ch\\\/de\\\/#\\\/schema\\\/person\\\/ad4ef21102fd6125312409ac57d5296d\"},\"headline\":\"Bundesamt f\u00fcr Energie publiziert W\u00e4rmestrategie 2050\",\"datePublished\":\"2023-01-20T08:43:19+00:00\",\"dateModified\":\"2023-07-26T04:10:34+00:00\",\"mainEntityOfPage\":{\"@id\":\"https:\\\/\\\/news.save.ch\\\/bundesamt-fuer-energie-publiziert-waermestrategie-2050\\\/\"},\"wordCount\":261,\"publisher\":{\"@id\":\"https:\\\/\\\/news.save.ch\\\/de\\\/#organization\"},\"image\":{\"@id\":\"https:\\\/\\\/news.save.ch\\\/bundesamt-fuer-energie-publiziert-waermestrategie-2050\\\/#primaryimage\"},\"thumbnailUrl\":\"https:\\\/\\\/news.save.ch\\\/wp-content\\\/uploads\\\/2023\\\/01\\\/Depositphotos_250472176_S.jpg\",\"keywords\":[\"CO2-Emissionen\",\"Energieverbrauch\",\"erneuerbare Energien\",\"Klimaziele\",\"Netto-Null Emissionsziel\",\"W\u00e4rmebereich\",\"W\u00e4rmestrategie 2050\"],\"articleSection\":[\"ALLGEMEIN\"],\"inLanguage\":\"fr-FR\"},{\"@type\":\"WebPage\",\"@id\":\"https:\\\/\\\/news.save.ch\\\/bundesamt-fuer-energie-publiziert-waermestrategie-2050\\\/\",\"url\":\"https:\\\/\\\/news.save.ch\\\/bundesamt-fuer-energie-publiziert-waermestrategie-2050\\\/\",\"name\":\"Bundesamt f\u00fcr Energie publiziert W\u00e4rmestrategie 2050 - Save\",\"isPartOf\":{\"@id\":\"https:\\\/\\\/news.save.ch\\\/de\\\/#website\"},\"primaryImageOfPage\":{\"@id\":\"https:\\\/\\\/news.save.ch\\\/bundesamt-fuer-energie-publiziert-waermestrategie-2050\\\/#primaryimage\"},\"image\":{\"@id\":\"https:\\\/\\\/news.save.ch\\\/bundesamt-fuer-energie-publiziert-waermestrategie-2050\\\/#primaryimage\"},\"thumbnailUrl\":\"https:\\\/\\\/news.save.ch\\\/wp-content\\\/uploads\\\/2023\\\/01\\\/Depositphotos_250472176_S.jpg\",\"datePublished\":\"2023-01-20T08:43:19+00:00\",\"dateModified\":\"2023-07-26T04:10:34+00:00\",\"description\":\"Die W\u00e4rmeversorgung der Schweiz soll bis 2050 CO2-neutral werden. Die W\u00e4rmestrategie 2050 soll aufzeigen, mit welchen Massnahmen das Ziel erreicht werden kann.\",\"breadcrumb\":{\"@id\":\"https:\\\/\\\/news.save.ch\\\/bundesamt-fuer-energie-publiziert-waermestrategie-2050\\\/#breadcrumb\"},\"inLanguage\":\"fr-FR\",\"potentialAction\":[{\"@type\":\"ReadAction\",\"target\":[\"https:\\\/\\\/news.save.ch\\\/bundesamt-fuer-energie-publiziert-waermestrategie-2050\\\/\"]}]},{\"@type\":\"ImageObject\",\"inLanguage\":\"fr-FR\",\"@id\":\"https:\\\/\\\/news.save.ch\\\/bundesamt-fuer-energie-publiziert-waermestrategie-2050\\\/#primaryimage\",\"url\":\"https:\\\/\\\/news.save.ch\\\/wp-content\\\/uploads\\\/2023\\\/01\\\/Depositphotos_250472176_S.jpg\",\"contentUrl\":\"https:\\\/\\\/news.save.ch\\\/wp-content\\\/uploads\\\/2023\\\/01\\\/Depositphotos_250472176_S.jpg\",\"width\":999,\"height\":667},{\"@type\":\"BreadcrumbList\",\"@id\":\"https:\\\/\\\/news.save.ch\\\/bundesamt-fuer-energie-publiziert-waermestrategie-2050\\\/#breadcrumb\",\"itemListElement\":[{\"@type\":\"ListItem\",\"position\":1,\"name\":\"Home\",\"item\":\"https:\\\/\\\/news.save.ch\\\/de\\\/\"},{\"@type\":\"ListItem\",\"position\":2,\"name\":\"Bundesamt f\u00fcr Energie publiziert W\u00e4rmestrategie 2050\"}]},{\"@type\":\"WebSite\",\"@id\":\"https:\\\/\\\/news.save.ch\\\/de\\\/#website\",\"url\":\"https:\\\/\\\/news.save.ch\\\/de\\\/\",\"name\":\"Save\",\"description\":\"Schweizer Fachzeitschrift f\u00fcr Sicherheit\",\"publisher\":{\"@id\":\"https:\\\/\\\/news.save.ch\\\/de\\\/#organization\"},\"potentialAction\":[{\"@type\":\"SearchAction\",\"target\":{\"@type\":\"EntryPoint\",\"urlTemplate\":\"https:\\\/\\\/news.save.ch\\\/de\\\/?s={search_term_string}\"},\"query-input\":{\"@type\":\"PropertyValueSpecification\",\"valueRequired\":true,\"valueName\":\"search_term_string\"}}],\"inLanguage\":\"fr-FR\"},{\"@type\":\"Organization\",\"@id\":\"https:\\\/\\\/news.save.ch\\\/de\\\/#organization\",\"name\":\"Sicherheitsforum\",\"url\":\"https:\\\/\\\/news.save.ch\\\/de\\\/\",\"logo\":{\"@type\":\"ImageObject\",\"inLanguage\":\"fr-FR\",\"@id\":\"https:\\\/\\\/news.save.ch\\\/de\\\/#\\\/schema\\\/logo\\\/image\\\/\",\"url\":\"https:\\\/\\\/news.save.ch\\\/wp-content\\\/uploads\\\/2022\\\/06\\\/Logo_SF_2012.png\",\"contentUrl\":\"https:\\\/\\\/news.save.ch\\\/wp-content\\\/uploads\\\/2022\\\/06\\\/Logo_SF_2012.png\",\"width\":1100,\"height\":91,\"caption\":\"Sicherheitsforum\"},\"image\":{\"@id\":\"https:\\\/\\\/news.save.ch\\\/de\\\/#\\\/schema\\\/logo\\\/image\\\/\"}},{\"@type\":\"Person\",\"@id\":\"https:\\\/\\\/news.save.ch\\\/de\\\/#\\\/schema\\\/person\\\/ad4ef21102fd6125312409ac57d5296d\",\"name\":\"Simon Gr\u00f6flin\",\"image\":{\"@type\":\"ImageObject\",\"inLanguage\":\"fr-FR\",\"@id\":\"https:\\\/\\\/secure.gravatar.com\\\/avatar\\\/6ddceb80eb734354635539e0ea5140bb7c41e42de7c45c9a2ab9921b5d5c9a83?s=96&d=mm&r=g\",\"url\":\"https:\\\/\\\/secure.gravatar.com\\\/avatar\\\/6ddceb80eb734354635539e0ea5140bb7c41e42de7c45c9a2ab9921b5d5c9a83?s=96&d=mm&r=g\",\"contentUrl\":\"https:\\\/\\\/secure.gravatar.com\\\/avatar\\\/6ddceb80eb734354635539e0ea5140bb7c41e42de7c45c9a2ab9921b5d5c9a83?s=96&d=mm&r=g\",\"caption\":\"Simon Gr\u00f6flin\"},\"url\":\"https:\\\/\\\/news.save.ch\\\/fr\\\/author\\\/simon-groeflin\\\/\"}]}<\/script>\n<!-- \/ Yoast SEO plugin. -->","yoast_head_json":{"title":"L'Office f\u00e9d\u00e9ral de l'\u00e9nergie publie la strat\u00e9gie thermique 2050 - Save","description":"L'approvisionnement en chaleur de la Suisse doit \u00eatre neutre en CO2 d'ici 2050. La strat\u00e9gie thermique 2050 doit montrer quelles mesures permettront d'atteindre cet objectif.","robots":{"index":"index","follow":"follow","max-snippet":"max-snippet:-1","max-image-preview":"max-image-preview:large","max-video-preview":"max-video-preview:-1"},"canonical":"https:\/\/news.save.ch\/fr\/bundesamt-fuer-energie-publiziert-waermestrategie-2050\/","og_locale":"fr_FR","og_type":"article","og_title":"Bundesamt f\u00fcr Energie publiziert W\u00e4rmestrategie 2050 - Save","og_description":"Die W\u00e4rmeversorgung der Schweiz soll bis 2050 CO2-neutral werden. Die W\u00e4rmestrategie 2050 soll aufzeigen, mit welchen Massnahmen das Ziel erreicht werden kann.","og_url":"https:\/\/news.save.ch\/fr\/bundesamt-fuer-energie-publiziert-waermestrategie-2050\/","og_site_name":"Save","article_published_time":"2023-01-20T08:43:19+00:00","article_modified_time":"2023-07-26T04:10:34+00:00","og_image":[{"width":999,"height":667,"url":"https:\/\/news.save.ch\/wp-content\/uploads\/2023\/01\/Depositphotos_250472176_S.jpg","type":"image\/jpeg"}],"author":"Simon Gr\u00f6flin","twitter_card":"summary_large_image","twitter_misc":{"\u00c9crit par":"Simon Gr\u00f6flin","Dur\u00e9e de lecture estim\u00e9e":"2 minutes"},"schema":{"@context":"https:\/\/schema.org","@graph":[{"@type":"Article","@id":"https:\/\/news.save.ch\/bundesamt-fuer-energie-publiziert-waermestrategie-2050\/#article","isPartOf":{"@id":"https:\/\/news.save.ch\/bundesamt-fuer-energie-publiziert-waermestrategie-2050\/"},"author":{"name":"Simon Gr\u00f6flin","@id":"https:\/\/news.save.ch\/de\/#\/schema\/person\/ad4ef21102fd6125312409ac57d5296d"},"headline":"Bundesamt f\u00fcr Energie publiziert W\u00e4rmestrategie 2050","datePublished":"2023-01-20T08:43:19+00:00","dateModified":"2023-07-26T04:10:34+00:00","mainEntityOfPage":{"@id":"https:\/\/news.save.ch\/bundesamt-fuer-energie-publiziert-waermestrategie-2050\/"},"wordCount":261,"publisher":{"@id":"https:\/\/news.save.ch\/de\/#organization"},"image":{"@id":"https:\/\/news.save.ch\/bundesamt-fuer-energie-publiziert-waermestrategie-2050\/#primaryimage"},"thumbnailUrl":"https:\/\/news.save.ch\/wp-content\/uploads\/2023\/01\/Depositphotos_250472176_S.jpg","keywords":["CO2-Emissionen","Energieverbrauch","erneuerbare Energien","Klimaziele","Netto-Null Emissionsziel","W\u00e4rmebereich","W\u00e4rmestrategie 2050"],"articleSection":["ALLGEMEIN"],"inLanguage":"fr-FR"},{"@type":"WebPage","@id":"https:\/\/news.save.ch\/bundesamt-fuer-energie-publiziert-waermestrategie-2050\/","url":"https:\/\/news.save.ch\/bundesamt-fuer-energie-publiziert-waermestrategie-2050\/","name":"L'Office f\u00e9d\u00e9ral de l'\u00e9nergie publie la strat\u00e9gie thermique 2050 - Save","isPartOf":{"@id":"https:\/\/news.save.ch\/de\/#website"},"primaryImageOfPage":{"@id":"https:\/\/news.save.ch\/bundesamt-fuer-energie-publiziert-waermestrategie-2050\/#primaryimage"},"image":{"@id":"https:\/\/news.save.ch\/bundesamt-fuer-energie-publiziert-waermestrategie-2050\/#primaryimage"},"thumbnailUrl":"https:\/\/news.save.ch\/wp-content\/uploads\/2023\/01\/Depositphotos_250472176_S.jpg","datePublished":"2023-01-20T08:43:19+00:00","dateModified":"2023-07-26T04:10:34+00:00","description":"L'approvisionnement en chaleur de la Suisse doit \u00eatre neutre en CO2 d'ici 2050. La strat\u00e9gie thermique 2050 doit montrer quelles mesures permettront d'atteindre cet objectif.","breadcrumb":{"@id":"https:\/\/news.save.ch\/bundesamt-fuer-energie-publiziert-waermestrategie-2050\/#breadcrumb"},"inLanguage":"fr-FR","potentialAction":[{"@type":"ReadAction","target":["https:\/\/news.save.ch\/bundesamt-fuer-energie-publiziert-waermestrategie-2050\/"]}]},{"@type":"ImageObject","inLanguage":"fr-FR","@id":"https:\/\/news.save.ch\/bundesamt-fuer-energie-publiziert-waermestrategie-2050\/#primaryimage","url":"https:\/\/news.save.ch\/wp-content\/uploads\/2023\/01\/Depositphotos_250472176_S.jpg","contentUrl":"https:\/\/news.save.ch\/wp-content\/uploads\/2023\/01\/Depositphotos_250472176_S.jpg","width":999,"height":667},{"@type":"BreadcrumbList","@id":"https:\/\/news.save.ch\/bundesamt-fuer-energie-publiziert-waermestrategie-2050\/#breadcrumb","itemListElement":[{"@type":"ListItem","position":1,"name":"Home","item":"https:\/\/news.save.ch\/de\/"},{"@type":"ListItem","position":2,"name":"Bundesamt f\u00fcr Energie publiziert W\u00e4rmestrategie 2050"}]},{"@type":"WebSite","@id":"https:\/\/news.save.ch\/de\/#website","url":"https:\/\/news.save.ch\/de\/","name":"Save","description":"Revue suisse sp\u00e9cialis\u00e9e dans la s\u00e9curit\u00e9","publisher":{"@id":"https:\/\/news.save.ch\/de\/#organization"},"potentialAction":[{"@type":"SearchAction","target":{"@type":"EntryPoint","urlTemplate":"https:\/\/news.save.ch\/de\/?s={search_term_string}"},"query-input":{"@type":"PropertyValueSpecification","valueRequired":true,"valueName":"search_term_string"}}],"inLanguage":"fr-FR"},{"@type":"Organization","@id":"https:\/\/news.save.ch\/de\/#organization","name":"Forum sur la s\u00e9curit\u00e9","url":"https:\/\/news.save.ch\/de\/","logo":{"@type":"ImageObject","inLanguage":"fr-FR","@id":"https:\/\/news.save.ch\/de\/#\/schema\/logo\/image\/","url":"https:\/\/news.save.ch\/wp-content\/uploads\/2022\/06\/Logo_SF_2012.png","contentUrl":"https:\/\/news.save.ch\/wp-content\/uploads\/2022\/06\/Logo_SF_2012.png","width":1100,"height":91,"caption":"Sicherheitsforum"},"image":{"@id":"https:\/\/news.save.ch\/de\/#\/schema\/logo\/image\/"}},{"@type":"Person","@id":"https:\/\/news.save.ch\/de\/#\/schema\/person\/ad4ef21102fd6125312409ac57d5296d","name":"Simon Gr\u00f6flin","image":{"@type":"ImageObject","inLanguage":"fr-FR","@id":"https:\/\/secure.gravatar.com\/avatar\/6ddceb80eb734354635539e0ea5140bb7c41e42de7c45c9a2ab9921b5d5c9a83?s=96&d=mm&r=g","url":"https:\/\/secure.gravatar.com\/avatar\/6ddceb80eb734354635539e0ea5140bb7c41e42de7c45c9a2ab9921b5d5c9a83?s=96&d=mm&r=g","contentUrl":"https:\/\/secure.gravatar.com\/avatar\/6ddceb80eb734354635539e0ea5140bb7c41e42de7c45c9a2ab9921b5d5c9a83?s=96&d=mm&r=g","caption":"Simon Gr\u00f6flin"},"url":"https:\/\/news.save.ch\/fr\/author\/simon-groeflin\/"}]}},"_links":{"self":[{"href":"https:\/\/news.save.ch\/fr\/wp-json\/wp\/v2\/posts\/15673","targetHints":{"allow":["GET"]}}],"collection":[{"href":"https:\/\/news.save.ch\/fr\/wp-json\/wp\/v2\/posts"}],"about":[{"href":"https:\/\/news.save.ch\/fr\/wp-json\/wp\/v2\/types\/post"}],"author":[{"embeddable":true,"href":"https:\/\/news.save.ch\/fr\/wp-json\/wp\/v2\/users\/9"}],"replies":[{"embeddable":true,"href":"https:\/\/news.save.ch\/fr\/wp-json\/wp\/v2\/comments?post=15673"}],"version-history":[{"count":6,"href":"https:\/\/news.save.ch\/fr\/wp-json\/wp\/v2\/posts\/15673\/revisions"}],"predecessor-version":[{"id":19632,"href":"https:\/\/news.save.ch\/fr\/wp-json\/wp\/v2\/posts\/15673\/revisions\/19632"}],"wp:featuredmedia":[{"embeddable":true,"href":"https:\/\/news.save.ch\/fr\/wp-json\/wp\/v2\/media\/15674"}],"wp:attachment":[{"href":"https:\/\/news.save.ch\/fr\/wp-json\/wp\/v2\/media?parent=15673"}],"wp:term":[{"taxonomy":"category","embeddable":true,"href":"https:\/\/news.save.ch\/fr\/wp-json\/wp\/v2\/categories?post=15673"},{"taxonomy":"post_tag","embeddable":true,"href":"https:\/\/news.save.ch\/fr\/wp-json\/wp\/v2\/tags?post=15673"}],"curies":[{"name":"wp","href":"https:\/\/api.w.org\/{rel}","templated":true}]}}