{"id":15743,"date":"2023-02-02T08:17:47","date_gmt":"2023-02-02T07:17:47","guid":{"rendered":"https:\/\/news.save.ch\/?p=15743"},"modified":"2023-06-08T16:36:28","modified_gmt":"2023-06-08T14:36:28","slug":"sirenen-erfolgreich-getestet","status":null,"type":"post","link":"https:\/\/news.save.ch\/fr\/sirenen-erfolgreich-getestet\/","title":{"rendered":"Des sir\u00e8nes test\u00e9es avec succ\u00e8s"},"content":{"rendered":"<figure id=\"attachment_10343\" aria-describedby=\"caption-attachment-10343\" style=\"width: 1000px\" class=\"wp-caption alignnone\"><img loading=\"lazy\" decoding=\"async\" class=\"wp-image-10343 size-full\" src=\"https:\/\/news.save.ch\/wp-content\/uploads\/2023\/02\/Depositphotos_10452763_S-1.jpg\" alt=\"Test des sir\u00e8nes\" width=\"1000\" height=\"667\" srcset=\"https:\/\/news.save.ch\/wp-content\/uploads\/2023\/02\/Depositphotos_10452763_S-1.jpg 1000w, https:\/\/news.save.ch\/wp-content\/uploads\/2023\/02\/Depositphotos_10452763_S-1-680x454.jpg 680w, https:\/\/news.save.ch\/wp-content\/uploads\/2023\/02\/Depositphotos_10452763_S-1-768x512.jpg 768w, https:\/\/news.save.ch\/wp-content\/uploads\/2023\/02\/Depositphotos_10452763_S-1-18x12.jpg 18w, https:\/\/news.save.ch\/wp-content\/uploads\/2023\/02\/Depositphotos_10452763_S-1-375x250.jpg 375w, https:\/\/news.save.ch\/wp-content\/uploads\/2023\/02\/Depositphotos_10452763_S-1-525x350.jpg 525w\" sizes=\"auto, (max-width: 1000px) 100vw, 1000px\" \/><figcaption id=\"caption-attachment-10343\" class=\"wp-caption-text\">Image : depositphotos<\/figcaption><\/figure>\n<p>En Suisse, il existe environ 7200 sir\u00e8nes d'alarme g\u00e9n\u00e9rale pour prot\u00e9ger la population. Il s'agit de 5000 sir\u00e8nes fixes et d'environ 2200 sir\u00e8nes mobiles. Toutes les sir\u00e8nes fixes sont d\u00e9sormais reli\u00e9es au syst\u00e8me de commande unique Polyalert.<\/p>\n<p>Polyalert sert \u00e9galement de syst\u00e8me central pour la diffusion d'alertes et d'informations compl\u00e9mentaires via les canaux Alertswiss de l'application et du site web.<\/p>\n<h3>99% des sir\u00e8nes fonctionnent avec succ\u00e8s<\/h3>\n<p>Lors du test des sir\u00e8nes du 1er f\u00e9vrier 2023, 99% des sir\u00e8nes fixes test\u00e9es ont parfaitement fonctionn\u00e9, selon l'Office f\u00e9d\u00e9ral de la protection de la population (OFPP). Les cantons et les communes sont d\u00e9sormais tenus de r\u00e9parer ou de remplacer imm\u00e9diatement les installations d\u00e9fectueuses. Comme les sir\u00e8nes sont test\u00e9es chaque ann\u00e9e et que les d\u00e9fauts constat\u00e9s sont ensuite corrig\u00e9s, la s\u00e9curit\u00e9 de fonctionnement peut \u00eatre maintenue \u00e0 un niveau \u00e9lev\u00e9.<\/p>\n<p>Pour la cinqui\u00e8me fois, les canaux d'Alertswiss ont \u00e9galement pu \u00eatre test\u00e9s \u00e0 l'occasion du test des sir\u00e8nes. Parall\u00e8lement au d\u00e9clenchement des sir\u00e8nes, un message d'information a \u00e9t\u00e9 diffus\u00e9 sur le site web d'Alertswiss, ainsi que sur l'application mobile Alertswiss.<\/p>\n<p><em>Source : OFPP<\/em><\/p>","protected":false},"excerpt":{"rendered":"<p>In der Schweiz gibt es zum Schutz der Bev\u00f6lkerung rund 7200 Sirenen f\u00fcr den Allgemeinen Alarm. Das sind um die 5000 station\u00e4re Sirenen und ca. 2200 Sirenen, die im sich im mobilen Einsatz befinden. Alle station\u00e4ren Sirenen sind neu an das einheitliche Steuerungssystem Polyalert angeschlossen. Polyalert dient gleichzeitig auch als Kernsystem f\u00fcr die Verbreitung von [&hellip;]<\/p>\n","protected":false},"author":9,"featured_media":15744,"comment_status":"closed","ping_status":"closed","sticky":false,"template":"","format":"standard","meta":{"_acf_changed":false,"pgc_sgb_lightbox_settings":"","footnotes":""},"categories":[1],"tags":[663,571,669,74,75],"class_list":["post-15743","post","type-post","status-publish","format-standard","has-post-thumbnail","hentry","category-allgemein","tag-alertswiss","tag-bundesamt-fuer-bevoelkerungsschutz","tag-polyalert","tag-sirenen","tag-sirenentest"],"acf":[],"hkrextid":null,"publication":null,"issue":null,"workflow":null,"startPage":null,"spitzmarke":null,"_posts_by_tag_page_fields":null,"_at_widget":null,"_yoast_wpseo_primary_category":"1","_yoast_wpseo_focuskw_text_input":null,"_yoast_wpseo_opengraph-image":null,"_yoast_wpseo_opengraph-description":null,"_yoast_wpseo_opengraph-title":null,"enclosure":null,"_yoast_wpseo_twitter-title":null,"_yoast_wpseo_twitter-description":null,"_yoast_wpseo_twitter-image":null,"_wp_old_slug":null,"_yoast_wpseo_title":null,"_yoast_wpseo_canonical":null,"yoast_head":"<!-- This site is optimized with the Yoast SEO plugin v27.4 - https:\/\/yoast.com\/product\/yoast-seo-wordpress\/ -->\n<title>Sirenen erfolgreich getestet - Save<\/title>\n<meta name=\"description\" content=\"Gestern wurde in der gesamten Schweiz der j\u00e4hrliche Sirenentest durchgef\u00fchrt worden. Laut dem Bundesamt f\u00fcr Bev\u00f6lkerungssschutz (BABS) funktionieren 99 Prozent der Sirenen einwandfrei. Parallel zur Ausl\u00f6sung der Sirenen wurde eine Informationsmeldung auf den Alertswiss-Kan\u00e4len ausgel\u00f6st.\" \/>\n<meta name=\"robots\" content=\"index, follow, max-snippet:-1, max-image-preview:large, max-video-preview:-1\" \/>\n<link rel=\"canonical\" href=\"https:\/\/news.save.ch\/fr\/sirenen-erfolgreich-getestet\/\" \/>\n<meta property=\"og:locale\" content=\"fr_FR\" \/>\n<meta property=\"og:type\" content=\"article\" \/>\n<meta property=\"og:title\" content=\"Sirenen erfolgreich getestet - Save\" \/>\n<meta property=\"og:description\" content=\"Gestern wurde in der gesamten Schweiz der j\u00e4hrliche Sirenentest durchgef\u00fchrt worden. Laut dem Bundesamt f\u00fcr Bev\u00f6lkerungssschutz (BABS) funktionieren 99 Prozent der Sirenen einwandfrei. Parallel zur Ausl\u00f6sung der Sirenen wurde eine Informationsmeldung auf den Alertswiss-Kan\u00e4len ausgel\u00f6st.\" \/>\n<meta property=\"og:url\" content=\"https:\/\/news.save.ch\/fr\/sirenen-erfolgreich-getestet\/\" \/>\n<meta property=\"og:site_name\" content=\"Save\" \/>\n<meta property=\"article:published_time\" content=\"2023-02-02T07:17:47+00:00\" \/>\n<meta property=\"article:modified_time\" content=\"2023-06-08T14:36:28+00:00\" \/>\n<meta property=\"og:image\" content=\"https:\/\/news.save.ch\/wp-content\/uploads\/2023\/02\/Depositphotos_10452763_S.jpg\" \/>\n\t<meta property=\"og:image:width\" content=\"1000\" \/>\n\t<meta property=\"og:image:height\" content=\"667\" \/>\n\t<meta property=\"og:image:type\" content=\"image\/jpeg\" \/>\n<meta name=\"author\" content=\"Simon Gr\u00f6flin\" \/>\n<meta name=\"twitter:card\" content=\"summary_large_image\" \/>\n<meta name=\"twitter:label1\" content=\"\u00c9crit par\" \/>\n\t<meta name=\"twitter:data1\" content=\"Simon Gr\u00f6flin\" \/>\n\t<meta name=\"twitter:label2\" content=\"Dur\u00e9e de lecture estim\u00e9e\" \/>\n\t<meta name=\"twitter:data2\" content=\"2 minutes\" \/>\n<script type=\"application\/ld+json\" class=\"yoast-schema-graph\">{\"@context\":\"https:\\\/\\\/schema.org\",\"@graph\":[{\"@type\":\"Article\",\"@id\":\"https:\\\/\\\/news.save.ch\\\/sirenen-erfolgreich-getestet\\\/#article\",\"isPartOf\":{\"@id\":\"https:\\\/\\\/news.save.ch\\\/sirenen-erfolgreich-getestet\\\/\"},\"author\":{\"name\":\"Simon Gr\u00f6flin\",\"@id\":\"https:\\\/\\\/news.save.ch\\\/de\\\/#\\\/schema\\\/person\\\/ad4ef21102fd6125312409ac57d5296d\"},\"headline\":\"Sirenen erfolgreich getestet\",\"datePublished\":\"2023-02-02T07:17:47+00:00\",\"dateModified\":\"2023-06-08T14:36:28+00:00\",\"mainEntityOfPage\":{\"@id\":\"https:\\\/\\\/news.save.ch\\\/sirenen-erfolgreich-getestet\\\/\"},\"wordCount\":183,\"publisher\":{\"@id\":\"https:\\\/\\\/news.save.ch\\\/de\\\/#organization\"},\"image\":{\"@id\":\"https:\\\/\\\/news.save.ch\\\/sirenen-erfolgreich-getestet\\\/#primaryimage\"},\"thumbnailUrl\":\"https:\\\/\\\/news.save.ch\\\/wp-content\\\/uploads\\\/2023\\\/02\\\/Depositphotos_10452763_S.jpg\",\"keywords\":[\"Alertswiss\",\"Bundesamt f\u00fcr Bev\u00f6lkerungsschutz\",\"Polyalert\",\"Sirenen\",\"Sirenentest\"],\"articleSection\":[\"ALLGEMEIN\"],\"inLanguage\":\"fr-FR\"},{\"@type\":\"WebPage\",\"@id\":\"https:\\\/\\\/news.save.ch\\\/sirenen-erfolgreich-getestet\\\/\",\"url\":\"https:\\\/\\\/news.save.ch\\\/sirenen-erfolgreich-getestet\\\/\",\"name\":\"Sirenen erfolgreich getestet - Save\",\"isPartOf\":{\"@id\":\"https:\\\/\\\/news.save.ch\\\/de\\\/#website\"},\"primaryImageOfPage\":{\"@id\":\"https:\\\/\\\/news.save.ch\\\/sirenen-erfolgreich-getestet\\\/#primaryimage\"},\"image\":{\"@id\":\"https:\\\/\\\/news.save.ch\\\/sirenen-erfolgreich-getestet\\\/#primaryimage\"},\"thumbnailUrl\":\"https:\\\/\\\/news.save.ch\\\/wp-content\\\/uploads\\\/2023\\\/02\\\/Depositphotos_10452763_S.jpg\",\"datePublished\":\"2023-02-02T07:17:47+00:00\",\"dateModified\":\"2023-06-08T14:36:28+00:00\",\"description\":\"Gestern wurde in der gesamten Schweiz der j\u00e4hrliche Sirenentest durchgef\u00fchrt worden. Laut dem Bundesamt f\u00fcr Bev\u00f6lkerungssschutz (BABS) funktionieren 99 Prozent der Sirenen einwandfrei. Parallel zur Ausl\u00f6sung der Sirenen wurde eine Informationsmeldung auf den Alertswiss-Kan\u00e4len ausgel\u00f6st.\",\"breadcrumb\":{\"@id\":\"https:\\\/\\\/news.save.ch\\\/sirenen-erfolgreich-getestet\\\/#breadcrumb\"},\"inLanguage\":\"fr-FR\",\"potentialAction\":[{\"@type\":\"ReadAction\",\"target\":[\"https:\\\/\\\/news.save.ch\\\/sirenen-erfolgreich-getestet\\\/\"]}]},{\"@type\":\"ImageObject\",\"inLanguage\":\"fr-FR\",\"@id\":\"https:\\\/\\\/news.save.ch\\\/sirenen-erfolgreich-getestet\\\/#primaryimage\",\"url\":\"https:\\\/\\\/news.save.ch\\\/wp-content\\\/uploads\\\/2023\\\/02\\\/Depositphotos_10452763_S.jpg\",\"contentUrl\":\"https:\\\/\\\/news.save.ch\\\/wp-content\\\/uploads\\\/2023\\\/02\\\/Depositphotos_10452763_S.jpg\",\"width\":1000,\"height\":667,\"caption\":\"Three loudspeakers on a column against the blue sky\"},{\"@type\":\"BreadcrumbList\",\"@id\":\"https:\\\/\\\/news.save.ch\\\/sirenen-erfolgreich-getestet\\\/#breadcrumb\",\"itemListElement\":[{\"@type\":\"ListItem\",\"position\":1,\"name\":\"Home\",\"item\":\"https:\\\/\\\/news.save.ch\\\/de\\\/\"},{\"@type\":\"ListItem\",\"position\":2,\"name\":\"Sirenen erfolgreich getestet\"}]},{\"@type\":\"WebSite\",\"@id\":\"https:\\\/\\\/news.save.ch\\\/de\\\/#website\",\"url\":\"https:\\\/\\\/news.save.ch\\\/de\\\/\",\"name\":\"Save\",\"description\":\"Schweizer Fachzeitschrift f\u00fcr Sicherheit\",\"publisher\":{\"@id\":\"https:\\\/\\\/news.save.ch\\\/de\\\/#organization\"},\"potentialAction\":[{\"@type\":\"SearchAction\",\"target\":{\"@type\":\"EntryPoint\",\"urlTemplate\":\"https:\\\/\\\/news.save.ch\\\/de\\\/?s={search_term_string}\"},\"query-input\":{\"@type\":\"PropertyValueSpecification\",\"valueRequired\":true,\"valueName\":\"search_term_string\"}}],\"inLanguage\":\"fr-FR\"},{\"@type\":\"Organization\",\"@id\":\"https:\\\/\\\/news.save.ch\\\/de\\\/#organization\",\"name\":\"Sicherheitsforum\",\"url\":\"https:\\\/\\\/news.save.ch\\\/de\\\/\",\"logo\":{\"@type\":\"ImageObject\",\"inLanguage\":\"fr-FR\",\"@id\":\"https:\\\/\\\/news.save.ch\\\/de\\\/#\\\/schema\\\/logo\\\/image\\\/\",\"url\":\"https:\\\/\\\/news.save.ch\\\/wp-content\\\/uploads\\\/2022\\\/06\\\/Logo_SF_2012.png\",\"contentUrl\":\"https:\\\/\\\/news.save.ch\\\/wp-content\\\/uploads\\\/2022\\\/06\\\/Logo_SF_2012.png\",\"width\":1100,\"height\":91,\"caption\":\"Sicherheitsforum\"},\"image\":{\"@id\":\"https:\\\/\\\/news.save.ch\\\/de\\\/#\\\/schema\\\/logo\\\/image\\\/\"}},{\"@type\":\"Person\",\"@id\":\"https:\\\/\\\/news.save.ch\\\/de\\\/#\\\/schema\\\/person\\\/ad4ef21102fd6125312409ac57d5296d\",\"name\":\"Simon Gr\u00f6flin\",\"image\":{\"@type\":\"ImageObject\",\"inLanguage\":\"fr-FR\",\"@id\":\"https:\\\/\\\/secure.gravatar.com\\\/avatar\\\/6ddceb80eb734354635539e0ea5140bb7c41e42de7c45c9a2ab9921b5d5c9a83?s=96&d=mm&r=g\",\"url\":\"https:\\\/\\\/secure.gravatar.com\\\/avatar\\\/6ddceb80eb734354635539e0ea5140bb7c41e42de7c45c9a2ab9921b5d5c9a83?s=96&d=mm&r=g\",\"contentUrl\":\"https:\\\/\\\/secure.gravatar.com\\\/avatar\\\/6ddceb80eb734354635539e0ea5140bb7c41e42de7c45c9a2ab9921b5d5c9a83?s=96&d=mm&r=g\",\"caption\":\"Simon Gr\u00f6flin\"},\"url\":\"https:\\\/\\\/news.save.ch\\\/fr\\\/author\\\/simon-groeflin\\\/\"}]}<\/script>\n<!-- \/ Yoast SEO plugin. -->","yoast_head_json":{"title":"Les sir\u00e8nes test\u00e9es avec succ\u00e8s - Save","description":"Hier, le test annuel des sir\u00e8nes a \u00e9t\u00e9 effectu\u00e9 dans toute la Suisse. Selon l'Office f\u00e9d\u00e9ral de la protection de la population (OFPP), 99% des sir\u00e8nes fonctionnent parfaitement. Parall\u00e8lement au d\u00e9clenchement des sir\u00e8nes, un message d'information a \u00e9t\u00e9 diffus\u00e9 sur les canaux Alertswiss.","robots":{"index":"index","follow":"follow","max-snippet":"max-snippet:-1","max-image-preview":"max-image-preview:large","max-video-preview":"max-video-preview:-1"},"canonical":"https:\/\/news.save.ch\/fr\/sirenen-erfolgreich-getestet\/","og_locale":"fr_FR","og_type":"article","og_title":"Sirenen erfolgreich getestet - Save","og_description":"Gestern wurde in der gesamten Schweiz der j\u00e4hrliche Sirenentest durchgef\u00fchrt worden. Laut dem Bundesamt f\u00fcr Bev\u00f6lkerungssschutz (BABS) funktionieren 99 Prozent der Sirenen einwandfrei. Parallel zur Ausl\u00f6sung der Sirenen wurde eine Informationsmeldung auf den Alertswiss-Kan\u00e4len ausgel\u00f6st.","og_url":"https:\/\/news.save.ch\/fr\/sirenen-erfolgreich-getestet\/","og_site_name":"Save","article_published_time":"2023-02-02T07:17:47+00:00","article_modified_time":"2023-06-08T14:36:28+00:00","og_image":[{"width":1000,"height":667,"url":"https:\/\/news.save.ch\/wp-content\/uploads\/2023\/02\/Depositphotos_10452763_S.jpg","type":"image\/jpeg"}],"author":"Simon Gr\u00f6flin","twitter_card":"summary_large_image","twitter_misc":{"\u00c9crit par":"Simon Gr\u00f6flin","Dur\u00e9e de lecture estim\u00e9e":"2 minutes"},"schema":{"@context":"https:\/\/schema.org","@graph":[{"@type":"Article","@id":"https:\/\/news.save.ch\/sirenen-erfolgreich-getestet\/#article","isPartOf":{"@id":"https:\/\/news.save.ch\/sirenen-erfolgreich-getestet\/"},"author":{"name":"Simon Gr\u00f6flin","@id":"https:\/\/news.save.ch\/de\/#\/schema\/person\/ad4ef21102fd6125312409ac57d5296d"},"headline":"Sirenen erfolgreich getestet","datePublished":"2023-02-02T07:17:47+00:00","dateModified":"2023-06-08T14:36:28+00:00","mainEntityOfPage":{"@id":"https:\/\/news.save.ch\/sirenen-erfolgreich-getestet\/"},"wordCount":183,"publisher":{"@id":"https:\/\/news.save.ch\/de\/#organization"},"image":{"@id":"https:\/\/news.save.ch\/sirenen-erfolgreich-getestet\/#primaryimage"},"thumbnailUrl":"https:\/\/news.save.ch\/wp-content\/uploads\/2023\/02\/Depositphotos_10452763_S.jpg","keywords":["Alertswiss","Bundesamt f\u00fcr Bev\u00f6lkerungsschutz","Polyalert","Sirenen","Sirenentest"],"articleSection":["ALLGEMEIN"],"inLanguage":"fr-FR"},{"@type":"WebPage","@id":"https:\/\/news.save.ch\/sirenen-erfolgreich-getestet\/","url":"https:\/\/news.save.ch\/sirenen-erfolgreich-getestet\/","name":"Les sir\u00e8nes test\u00e9es avec succ\u00e8s - Save","isPartOf":{"@id":"https:\/\/news.save.ch\/de\/#website"},"primaryImageOfPage":{"@id":"https:\/\/news.save.ch\/sirenen-erfolgreich-getestet\/#primaryimage"},"image":{"@id":"https:\/\/news.save.ch\/sirenen-erfolgreich-getestet\/#primaryimage"},"thumbnailUrl":"https:\/\/news.save.ch\/wp-content\/uploads\/2023\/02\/Depositphotos_10452763_S.jpg","datePublished":"2023-02-02T07:17:47+00:00","dateModified":"2023-06-08T14:36:28+00:00","description":"Hier, le test annuel des sir\u00e8nes a \u00e9t\u00e9 effectu\u00e9 dans toute la Suisse. Selon l'Office f\u00e9d\u00e9ral de la protection de la population (OFPP), 99% des sir\u00e8nes fonctionnent parfaitement. Parall\u00e8lement au d\u00e9clenchement des sir\u00e8nes, un message d'information a \u00e9t\u00e9 diffus\u00e9 sur les canaux Alertswiss.","breadcrumb":{"@id":"https:\/\/news.save.ch\/sirenen-erfolgreich-getestet\/#breadcrumb"},"inLanguage":"fr-FR","potentialAction":[{"@type":"ReadAction","target":["https:\/\/news.save.ch\/sirenen-erfolgreich-getestet\/"]}]},{"@type":"ImageObject","inLanguage":"fr-FR","@id":"https:\/\/news.save.ch\/sirenen-erfolgreich-getestet\/#primaryimage","url":"https:\/\/news.save.ch\/wp-content\/uploads\/2023\/02\/Depositphotos_10452763_S.jpg","contentUrl":"https:\/\/news.save.ch\/wp-content\/uploads\/2023\/02\/Depositphotos_10452763_S.jpg","width":1000,"height":667,"caption":"Three loudspeakers on a column against the blue sky"},{"@type":"BreadcrumbList","@id":"https:\/\/news.save.ch\/sirenen-erfolgreich-getestet\/#breadcrumb","itemListElement":[{"@type":"ListItem","position":1,"name":"Home","item":"https:\/\/news.save.ch\/de\/"},{"@type":"ListItem","position":2,"name":"Sirenen erfolgreich getestet"}]},{"@type":"WebSite","@id":"https:\/\/news.save.ch\/de\/#website","url":"https:\/\/news.save.ch\/de\/","name":"Save","description":"Revue suisse sp\u00e9cialis\u00e9e dans la s\u00e9curit\u00e9","publisher":{"@id":"https:\/\/news.save.ch\/de\/#organization"},"potentialAction":[{"@type":"SearchAction","target":{"@type":"EntryPoint","urlTemplate":"https:\/\/news.save.ch\/de\/?s={search_term_string}"},"query-input":{"@type":"PropertyValueSpecification","valueRequired":true,"valueName":"search_term_string"}}],"inLanguage":"fr-FR"},{"@type":"Organization","@id":"https:\/\/news.save.ch\/de\/#organization","name":"Forum sur la s\u00e9curit\u00e9","url":"https:\/\/news.save.ch\/de\/","logo":{"@type":"ImageObject","inLanguage":"fr-FR","@id":"https:\/\/news.save.ch\/de\/#\/schema\/logo\/image\/","url":"https:\/\/news.save.ch\/wp-content\/uploads\/2022\/06\/Logo_SF_2012.png","contentUrl":"https:\/\/news.save.ch\/wp-content\/uploads\/2022\/06\/Logo_SF_2012.png","width":1100,"height":91,"caption":"Sicherheitsforum"},"image":{"@id":"https:\/\/news.save.ch\/de\/#\/schema\/logo\/image\/"}},{"@type":"Person","@id":"https:\/\/news.save.ch\/de\/#\/schema\/person\/ad4ef21102fd6125312409ac57d5296d","name":"Simon Gr\u00f6flin","image":{"@type":"ImageObject","inLanguage":"fr-FR","@id":"https:\/\/secure.gravatar.com\/avatar\/6ddceb80eb734354635539e0ea5140bb7c41e42de7c45c9a2ab9921b5d5c9a83?s=96&d=mm&r=g","url":"https:\/\/secure.gravatar.com\/avatar\/6ddceb80eb734354635539e0ea5140bb7c41e42de7c45c9a2ab9921b5d5c9a83?s=96&d=mm&r=g","contentUrl":"https:\/\/secure.gravatar.com\/avatar\/6ddceb80eb734354635539e0ea5140bb7c41e42de7c45c9a2ab9921b5d5c9a83?s=96&d=mm&r=g","caption":"Simon Gr\u00f6flin"},"url":"https:\/\/news.save.ch\/fr\/author\/simon-groeflin\/"}]}},"_links":{"self":[{"href":"https:\/\/news.save.ch\/fr\/wp-json\/wp\/v2\/posts\/15743","targetHints":{"allow":["GET"]}}],"collection":[{"href":"https:\/\/news.save.ch\/fr\/wp-json\/wp\/v2\/posts"}],"about":[{"href":"https:\/\/news.save.ch\/fr\/wp-json\/wp\/v2\/types\/post"}],"author":[{"embeddable":true,"href":"https:\/\/news.save.ch\/fr\/wp-json\/wp\/v2\/users\/9"}],"replies":[{"embeddable":true,"href":"https:\/\/news.save.ch\/fr\/wp-json\/wp\/v2\/comments?post=15743"}],"version-history":[{"count":4,"href":"https:\/\/news.save.ch\/fr\/wp-json\/wp\/v2\/posts\/15743\/revisions"}],"predecessor-version":[{"id":19751,"href":"https:\/\/news.save.ch\/fr\/wp-json\/wp\/v2\/posts\/15743\/revisions\/19751"}],"wp:featuredmedia":[{"embeddable":true,"href":"https:\/\/news.save.ch\/fr\/wp-json\/wp\/v2\/media\/15744"}],"wp:attachment":[{"href":"https:\/\/news.save.ch\/fr\/wp-json\/wp\/v2\/media?parent=15743"}],"wp:term":[{"taxonomy":"category","embeddable":true,"href":"https:\/\/news.save.ch\/fr\/wp-json\/wp\/v2\/categories?post=15743"},{"taxonomy":"post_tag","embeddable":true,"href":"https:\/\/news.save.ch\/fr\/wp-json\/wp\/v2\/tags?post=15743"}],"curies":[{"name":"wp","href":"https:\/\/api.w.org\/{rel}","templated":true}]}}