{"id":15777,"date":"2023-02-07T08:44:43","date_gmt":"2023-02-07T07:44:43","guid":{"rendered":"https:\/\/news.save.ch\/?p=15777"},"modified":"2023-06-08T14:23:42","modified_gmt":"2023-06-08T12:23:42","slug":"schweizer-kernanlagen-erfuellen-sicherheitsanforderungen","status":null,"type":"post","link":"https:\/\/news.save.ch\/fr\/schweizer-kernanlagen-erfuellen-sicherheitsanforderungen\/","title":{"rendered":"Les installations nucl\u00e9aires suisses r\u00e9pondent aux exigences de s\u00e9curit\u00e9"},"content":{"rendered":"<figure id=\"attachment_15779\" aria-describedby=\"caption-attachment-15779\" style=\"width: 680px\" class=\"wp-caption alignnone\"><img loading=\"lazy\" decoding=\"async\" class=\"wp-image-15779 size-medium\" src=\"https:\/\/news.save.ch\/wp-content\/uploads\/2023\/02\/Depositphotos_336067540_S-680x452.jpg\" alt=\"Les installations nucl\u00e9aires\" width=\"680\" height=\"452\" srcset=\"https:\/\/news.save.ch\/wp-content\/uploads\/2023\/02\/Depositphotos_336067540_S-680x452.jpg 680w, https:\/\/news.save.ch\/wp-content\/uploads\/2023\/02\/Depositphotos_336067540_S-768x510.jpg 768w, https:\/\/news.save.ch\/wp-content\/uploads\/2023\/02\/Depositphotos_336067540_S-18x12.jpg 18w, https:\/\/news.save.ch\/wp-content\/uploads\/2023\/02\/Depositphotos_336067540_S-375x249.jpg 375w, https:\/\/news.save.ch\/wp-content\/uploads\/2023\/02\/Depositphotos_336067540_S-527x350.jpg 527w, https:\/\/news.save.ch\/wp-content\/uploads\/2023\/02\/Depositphotos_336067540_S.jpg 1000w\" sizes=\"auto, (max-width: 680px) 100vw, 680px\" \/><figcaption id=\"caption-attachment-15779\" class=\"wp-caption-text\">Image : depositphotos<\/figcaption><\/figure>\n<p>Au cours de l'ann\u00e9e d'exploitation 2022, aucun incident mettant en danger la s\u00e9curit\u00e9 de l'homme et de l'environnement ne s'est produit dans les centrales nucl\u00e9aires, peut-on lire dans un rapport de l'Inspection f\u00e9d\u00e9rale de la s\u00e9curit\u00e9 nucl\u00e9aire (IFSN). \"Les rejets de substances radioactives dans l'environnement en provenance des installations nucl\u00e9aires sont rest\u00e9s nettement inf\u00e9rieurs aux valeurs limites en 2022 \u00e9galement\", r\u00e9sume Rosa Sardella, responsable de la division Radioprotection.<\/p>\n<p>Selon l'IFSN, aucun rejet non autoris\u00e9 de substances radioactives en provenance des installations nucl\u00e9aires suisses n'a \u00e9t\u00e9 enregistr\u00e9 au cours de l'ann\u00e9e sous revue.<\/p>\n<p>Un premier aper\u00e7u provisoire du nombre d'incidents soumis \u00e0 l'obligation de notification et pr\u00e9sentant un int\u00e9r\u00eat pour la s\u00fbret\u00e9 nucl\u00e9aire comprend 30 notifications. Les incidents soumis \u00e0 notification se r\u00e9partissent comme suit entre les installations nucl\u00e9aires :<\/p>\n<ul>\n<li>1 incident concernait la centrale nucl\u00e9aire de Beznau 1 et 2,<\/li>\n<li>5 incidents concernaient la centrale nucl\u00e9aire de Beznau 1,<\/li>\n<li>5 incidents concernaient la centrale nucl\u00e9aire de Beznau 2,<\/li>\n<li>6 incidents concernaient la centrale nucl\u00e9aire de G\u00f6sgen,<\/li>\n<li>6 incidents concernaient la centrale nucl\u00e9aire de Leibstadt,<\/li>\n<li>4 incidents concernaient la centrale nucl\u00e9aire de M\u00fchleberg (en cours de d\u00e9mant\u00e8lement),<\/li>\n<li>2 incidents concernaient les installations nucl\u00e9aires de l'IPS,<\/li>\n<li>1 incident concernait le CCM.<\/li>\n<\/ul>\n<p>Un arr\u00eat rapide du r\u00e9acteur s'est produit au cours de l'ann\u00e9e de surveillance 2022 : Le 7 octobre 2022, le r\u00e9acteur de la centrale nucl\u00e9aire de Beznau 2 a \u00e9t\u00e9 arr\u00eat\u00e9 automatiquement en raison d'un dysfonctionnement technique au niveau de la turbine.<\/p>\n<p>Dans son rapport annuel de surveillance, l'IFSN<a href=\"https:\/\/www.ensi.ch\/de\/dokumente\/document-category\/aufsichtsberichte-ensi\/\" target=\"_blank\" rel=\"noreferrer noopener\">\u00a0<\/a>rendre compte de mani\u00e8re d\u00e9taill\u00e9e, au cours du deuxi\u00e8me trimestre 2023, des incidents et des constats soumis \u00e0 d\u00e9claration dans les installations nucl\u00e9aires.<\/p>\n<article id=\"post-30042\" class=\"post-30042 post type-post status-publish format-standard has-post-thumbnail hentry category-artikel category-news tag-beznau tag-bilanz tag-goesgen tag-kernkraftwerke tag-leibstadt tag-muehleberg tag-paul-scherrer-institut tag-vorkommnisse-2 tag-zwilag topic-forschungsreaktoren topic-kernanlagen topic-kernkraftwerke-schweiz topic-kkw-beznau topic-kkw-goesgen topic-kkw-leibstadt topic-kkw-muehleberg topic-paul-scherrer-institut topic-vorkommnisse\">\n<div class=\"post__content post__content--is-content\">\n<p><em>Source : IFSN<\/em><\/p>\n<\/div>\n<\/article>","protected":false},"excerpt":{"rendered":"<p>Im Betriebsjahr 2022 ist es bei Kernkraftwerken zu keinem Vorkommnis gekommen, das die Sicherheit von Mensch und Umwelt gef\u00e4hrdet hat, heisst es in einem Bericht des Eidgen\u00f6ssischen Nuklearsicherheitsinspektorat ENSI. \u00abDie Abgaben radioaktiver Stoffe an die Umwelt aus den Kernanlagen lagen auch im Jahr 2022 deutlich unter den Grenzwerten\u00bb, bilanziert\u00a0Rosa Sardella, Leiterin des Fachbereichs\u00a0Strahlenschutz. Im Berichtsjahr [&hellip;]<\/p>\n","protected":false},"author":9,"featured_media":15779,"comment_status":"closed","ping_status":"closed","sticky":false,"template":"","format":"standard","meta":{"_acf_changed":false,"pgc_sgb_lightbox_settings":"","footnotes":""},"categories":[1],"tags":[3704,206,601,1155,3705,3706,3703],"class_list":["post-15777","post","type-post","status-publish","format-standard","has-post-thumbnail","hentry","category-allgemein","tag-abgaben-radioaktiver-stoffe","tag-ensi","tag-kernkraftwerk","tag-leibstadt","tag-meldepflichtigen-vorkommnisse","tag-reaktorschnellabschaltung","tag-sicherheit-von-mensch-und-umwelt"],"acf":[],"hkrextid":null,"publication":null,"issue":null,"workflow":null,"startPage":null,"spitzmarke":null,"_posts_by_tag_page_fields":null,"_at_widget":null,"_yoast_wpseo_primary_category":"","_yoast_wpseo_focuskw_text_input":null,"_yoast_wpseo_opengraph-image":null,"_yoast_wpseo_opengraph-description":null,"_yoast_wpseo_opengraph-title":null,"enclosure":null,"_yoast_wpseo_twitter-title":null,"_yoast_wpseo_twitter-description":null,"_yoast_wpseo_twitter-image":null,"_wp_old_slug":null,"_yoast_wpseo_title":null,"_yoast_wpseo_canonical":null,"yoast_head":"<!-- This site is optimized with the Yoast SEO plugin v27.5 - https:\/\/yoast.com\/product\/yoast-seo-wordpress\/ -->\n<title>Schweizer Kernanlagen erf\u00fcllen Sicherheitsanforderungen - Save<\/title>\n<meta name=\"description\" content=\"Die Kernanlagen in der Schweiz wurden im Jahr 2022 gem\u00e4ss den gesetzlichen Sicherheitsvorgaben betrieben. Der Schutz der Bev\u00f6lkerung und des Personals vor radioaktiven Stoffen war zu jeder Zeit gew\u00e4hrleistet. Zu diesem Schluss kommt das Eidgen\u00f6ssische Nuklearsicherheitsinspektorat ENSI in einem ersten Jahresr\u00fcckblick.\" \/>\n<meta name=\"robots\" content=\"index, follow, max-snippet:-1, max-image-preview:large, max-video-preview:-1\" \/>\n<link rel=\"canonical\" href=\"https:\/\/news.save.ch\/fr\/schweizer-kernanlagen-erfuellen-sicherheitsanforderungen\/\" \/>\n<meta property=\"og:locale\" content=\"fr_FR\" \/>\n<meta property=\"og:type\" content=\"article\" \/>\n<meta property=\"og:title\" content=\"Schweizer Kernanlagen erf\u00fcllen Sicherheitsanforderungen - Save\" \/>\n<meta property=\"og:description\" content=\"Die Kernanlagen in der Schweiz wurden im Jahr 2022 gem\u00e4ss den gesetzlichen Sicherheitsvorgaben betrieben. Der Schutz der Bev\u00f6lkerung und des Personals vor radioaktiven Stoffen war zu jeder Zeit gew\u00e4hrleistet. Zu diesem Schluss kommt das Eidgen\u00f6ssische Nuklearsicherheitsinspektorat ENSI in einem ersten Jahresr\u00fcckblick.\" \/>\n<meta property=\"og:url\" content=\"https:\/\/news.save.ch\/fr\/schweizer-kernanlagen-erfuellen-sicherheitsanforderungen\/\" \/>\n<meta property=\"og:site_name\" content=\"Save\" \/>\n<meta property=\"article:published_time\" content=\"2023-02-07T07:44:43+00:00\" \/>\n<meta property=\"article:modified_time\" content=\"2023-06-08T12:23:42+00:00\" \/>\n<meta property=\"og:image\" content=\"https:\/\/news.save.ch\/wp-content\/uploads\/2023\/02\/Depositphotos_336067540_S.jpg\" \/>\n\t<meta property=\"og:image:width\" content=\"1000\" \/>\n\t<meta property=\"og:image:height\" content=\"664\" \/>\n\t<meta property=\"og:image:type\" content=\"image\/jpeg\" \/>\n<meta name=\"author\" content=\"Simon Gr\u00f6flin\" \/>\n<meta name=\"twitter:card\" content=\"summary_large_image\" \/>\n<meta name=\"twitter:label1\" content=\"\u00c9crit par\" \/>\n\t<meta name=\"twitter:data1\" content=\"Simon Gr\u00f6flin\" \/>\n\t<meta name=\"twitter:label2\" content=\"Dur\u00e9e de lecture estim\u00e9e\" \/>\n\t<meta name=\"twitter:data2\" content=\"2 minutes\" \/>\n<script type=\"application\/ld+json\" class=\"yoast-schema-graph\">{\"@context\":\"https:\\\/\\\/schema.org\",\"@graph\":[{\"@type\":\"Article\",\"@id\":\"https:\\\/\\\/news.save.ch\\\/schweizer-kernanlagen-erfuellen-sicherheitsanforderungen\\\/#article\",\"isPartOf\":{\"@id\":\"https:\\\/\\\/news.save.ch\\\/schweizer-kernanlagen-erfuellen-sicherheitsanforderungen\\\/\"},\"author\":{\"name\":\"Simon Gr\u00f6flin\",\"@id\":\"https:\\\/\\\/news.save.ch\\\/de\\\/#\\\/schema\\\/person\\\/ad4ef21102fd6125312409ac57d5296d\"},\"headline\":\"Schweizer Kernanlagen erf\u00fcllen Sicherheitsanforderungen\",\"datePublished\":\"2023-02-07T07:44:43+00:00\",\"dateModified\":\"2023-06-08T12:23:42+00:00\",\"mainEntityOfPage\":{\"@id\":\"https:\\\/\\\/news.save.ch\\\/schweizer-kernanlagen-erfuellen-sicherheitsanforderungen\\\/\"},\"wordCount\":210,\"publisher\":{\"@id\":\"https:\\\/\\\/news.save.ch\\\/de\\\/#organization\"},\"image\":{\"@id\":\"https:\\\/\\\/news.save.ch\\\/schweizer-kernanlagen-erfuellen-sicherheitsanforderungen\\\/#primaryimage\"},\"thumbnailUrl\":\"https:\\\/\\\/news.save.ch\\\/wp-content\\\/uploads\\\/2023\\\/02\\\/Depositphotos_336067540_S.jpg\",\"keywords\":[\"Abgaben radioaktiver Stoffe\",\"ENSI\",\"Kernkraftwerk\",\"Leibstadt\",\"meldepflichtigen Vorkommnisse\",\"Reaktorschnellabschaltung\",\"Sicherheit von Mensch und Umwelt\"],\"articleSection\":[\"ALLGEMEIN\"],\"inLanguage\":\"fr-FR\"},{\"@type\":\"WebPage\",\"@id\":\"https:\\\/\\\/news.save.ch\\\/schweizer-kernanlagen-erfuellen-sicherheitsanforderungen\\\/\",\"url\":\"https:\\\/\\\/news.save.ch\\\/schweizer-kernanlagen-erfuellen-sicherheitsanforderungen\\\/\",\"name\":\"Schweizer Kernanlagen erf\u00fcllen Sicherheitsanforderungen - Save\",\"isPartOf\":{\"@id\":\"https:\\\/\\\/news.save.ch\\\/de\\\/#website\"},\"primaryImageOfPage\":{\"@id\":\"https:\\\/\\\/news.save.ch\\\/schweizer-kernanlagen-erfuellen-sicherheitsanforderungen\\\/#primaryimage\"},\"image\":{\"@id\":\"https:\\\/\\\/news.save.ch\\\/schweizer-kernanlagen-erfuellen-sicherheitsanforderungen\\\/#primaryimage\"},\"thumbnailUrl\":\"https:\\\/\\\/news.save.ch\\\/wp-content\\\/uploads\\\/2023\\\/02\\\/Depositphotos_336067540_S.jpg\",\"datePublished\":\"2023-02-07T07:44:43+00:00\",\"dateModified\":\"2023-06-08T12:23:42+00:00\",\"description\":\"Die Kernanlagen in der Schweiz wurden im Jahr 2022 gem\u00e4ss den gesetzlichen Sicherheitsvorgaben betrieben. Der Schutz der Bev\u00f6lkerung und des Personals vor radioaktiven Stoffen war zu jeder Zeit gew\u00e4hrleistet. Zu diesem Schluss kommt das Eidgen\u00f6ssische Nuklearsicherheitsinspektorat ENSI in einem ersten Jahresr\u00fcckblick.\",\"breadcrumb\":{\"@id\":\"https:\\\/\\\/news.save.ch\\\/schweizer-kernanlagen-erfuellen-sicherheitsanforderungen\\\/#breadcrumb\"},\"inLanguage\":\"fr-FR\",\"potentialAction\":[{\"@type\":\"ReadAction\",\"target\":[\"https:\\\/\\\/news.save.ch\\\/schweizer-kernanlagen-erfuellen-sicherheitsanforderungen\\\/\"]}]},{\"@type\":\"ImageObject\",\"inLanguage\":\"fr-FR\",\"@id\":\"https:\\\/\\\/news.save.ch\\\/schweizer-kernanlagen-erfuellen-sicherheitsanforderungen\\\/#primaryimage\",\"url\":\"https:\\\/\\\/news.save.ch\\\/wp-content\\\/uploads\\\/2023\\\/02\\\/Depositphotos_336067540_S.jpg\",\"contentUrl\":\"https:\\\/\\\/news.save.ch\\\/wp-content\\\/uploads\\\/2023\\\/02\\\/Depositphotos_336067540_S.jpg\",\"width\":1000,\"height\":664},{\"@type\":\"BreadcrumbList\",\"@id\":\"https:\\\/\\\/news.save.ch\\\/schweizer-kernanlagen-erfuellen-sicherheitsanforderungen\\\/#breadcrumb\",\"itemListElement\":[{\"@type\":\"ListItem\",\"position\":1,\"name\":\"Home\",\"item\":\"https:\\\/\\\/news.save.ch\\\/de\\\/\"},{\"@type\":\"ListItem\",\"position\":2,\"name\":\"Schweizer Kernanlagen erf\u00fcllen Sicherheitsanforderungen\"}]},{\"@type\":\"WebSite\",\"@id\":\"https:\\\/\\\/news.save.ch\\\/de\\\/#website\",\"url\":\"https:\\\/\\\/news.save.ch\\\/de\\\/\",\"name\":\"Save\",\"description\":\"Schweizer Fachzeitschrift f\u00fcr Sicherheit\",\"publisher\":{\"@id\":\"https:\\\/\\\/news.save.ch\\\/de\\\/#organization\"},\"potentialAction\":[{\"@type\":\"SearchAction\",\"target\":{\"@type\":\"EntryPoint\",\"urlTemplate\":\"https:\\\/\\\/news.save.ch\\\/de\\\/?s={search_term_string}\"},\"query-input\":{\"@type\":\"PropertyValueSpecification\",\"valueRequired\":true,\"valueName\":\"search_term_string\"}}],\"inLanguage\":\"fr-FR\"},{\"@type\":\"Organization\",\"@id\":\"https:\\\/\\\/news.save.ch\\\/de\\\/#organization\",\"name\":\"Sicherheitsforum\",\"url\":\"https:\\\/\\\/news.save.ch\\\/de\\\/\",\"logo\":{\"@type\":\"ImageObject\",\"inLanguage\":\"fr-FR\",\"@id\":\"https:\\\/\\\/news.save.ch\\\/de\\\/#\\\/schema\\\/logo\\\/image\\\/\",\"url\":\"https:\\\/\\\/news.save.ch\\\/wp-content\\\/uploads\\\/2022\\\/06\\\/Logo_SF_2012.png\",\"contentUrl\":\"https:\\\/\\\/news.save.ch\\\/wp-content\\\/uploads\\\/2022\\\/06\\\/Logo_SF_2012.png\",\"width\":1100,\"height\":91,\"caption\":\"Sicherheitsforum\"},\"image\":{\"@id\":\"https:\\\/\\\/news.save.ch\\\/de\\\/#\\\/schema\\\/logo\\\/image\\\/\"}},{\"@type\":\"Person\",\"@id\":\"https:\\\/\\\/news.save.ch\\\/de\\\/#\\\/schema\\\/person\\\/ad4ef21102fd6125312409ac57d5296d\",\"name\":\"Simon Gr\u00f6flin\",\"image\":{\"@type\":\"ImageObject\",\"inLanguage\":\"fr-FR\",\"@id\":\"https:\\\/\\\/secure.gravatar.com\\\/avatar\\\/6ddceb80eb734354635539e0ea5140bb7c41e42de7c45c9a2ab9921b5d5c9a83?s=96&d=mm&r=g\",\"url\":\"https:\\\/\\\/secure.gravatar.com\\\/avatar\\\/6ddceb80eb734354635539e0ea5140bb7c41e42de7c45c9a2ab9921b5d5c9a83?s=96&d=mm&r=g\",\"contentUrl\":\"https:\\\/\\\/secure.gravatar.com\\\/avatar\\\/6ddceb80eb734354635539e0ea5140bb7c41e42de7c45c9a2ab9921b5d5c9a83?s=96&d=mm&r=g\",\"caption\":\"Simon Gr\u00f6flin\"},\"url\":\"https:\\\/\\\/news.save.ch\\\/fr\\\/author\\\/simon-groeflin\\\/\"}]}<\/script>\n<!-- \/ Yoast SEO plugin. -->","yoast_head_json":{"title":"Les installations nucl\u00e9aires suisses remplissent les exigences de s\u00e9curit\u00e9 - Save","description":"En 2022, les installations nucl\u00e9aires en Suisse ont \u00e9t\u00e9 exploit\u00e9es conform\u00e9ment aux prescriptions l\u00e9gales en mati\u00e8re de s\u00e9curit\u00e9. La protection de la population et du personnel contre les substances radioactives a \u00e9t\u00e9 garantie \u00e0 tout moment. C'est la conclusion \u00e0 laquelle parvient l'Inspection f\u00e9d\u00e9rale de la s\u00e9curit\u00e9 nucl\u00e9aire (IFSN) dans une premi\u00e8re r\u00e9trospective annuelle.","robots":{"index":"index","follow":"follow","max-snippet":"max-snippet:-1","max-image-preview":"max-image-preview:large","max-video-preview":"max-video-preview:-1"},"canonical":"https:\/\/news.save.ch\/fr\/schweizer-kernanlagen-erfuellen-sicherheitsanforderungen\/","og_locale":"fr_FR","og_type":"article","og_title":"Schweizer Kernanlagen erf\u00fcllen Sicherheitsanforderungen - Save","og_description":"Die Kernanlagen in der Schweiz wurden im Jahr 2022 gem\u00e4ss den gesetzlichen Sicherheitsvorgaben betrieben. Der Schutz der Bev\u00f6lkerung und des Personals vor radioaktiven Stoffen war zu jeder Zeit gew\u00e4hrleistet. Zu diesem Schluss kommt das Eidgen\u00f6ssische Nuklearsicherheitsinspektorat ENSI in einem ersten Jahresr\u00fcckblick.","og_url":"https:\/\/news.save.ch\/fr\/schweizer-kernanlagen-erfuellen-sicherheitsanforderungen\/","og_site_name":"Save","article_published_time":"2023-02-07T07:44:43+00:00","article_modified_time":"2023-06-08T12:23:42+00:00","og_image":[{"width":1000,"height":664,"url":"https:\/\/news.save.ch\/wp-content\/uploads\/2023\/02\/Depositphotos_336067540_S.jpg","type":"image\/jpeg"}],"author":"Simon Gr\u00f6flin","twitter_card":"summary_large_image","twitter_misc":{"\u00c9crit par":"Simon Gr\u00f6flin","Dur\u00e9e de lecture estim\u00e9e":"2 minutes"},"schema":{"@context":"https:\/\/schema.org","@graph":[{"@type":"Article","@id":"https:\/\/news.save.ch\/schweizer-kernanlagen-erfuellen-sicherheitsanforderungen\/#article","isPartOf":{"@id":"https:\/\/news.save.ch\/schweizer-kernanlagen-erfuellen-sicherheitsanforderungen\/"},"author":{"name":"Simon Gr\u00f6flin","@id":"https:\/\/news.save.ch\/de\/#\/schema\/person\/ad4ef21102fd6125312409ac57d5296d"},"headline":"Schweizer Kernanlagen erf\u00fcllen Sicherheitsanforderungen","datePublished":"2023-02-07T07:44:43+00:00","dateModified":"2023-06-08T12:23:42+00:00","mainEntityOfPage":{"@id":"https:\/\/news.save.ch\/schweizer-kernanlagen-erfuellen-sicherheitsanforderungen\/"},"wordCount":210,"publisher":{"@id":"https:\/\/news.save.ch\/de\/#organization"},"image":{"@id":"https:\/\/news.save.ch\/schweizer-kernanlagen-erfuellen-sicherheitsanforderungen\/#primaryimage"},"thumbnailUrl":"https:\/\/news.save.ch\/wp-content\/uploads\/2023\/02\/Depositphotos_336067540_S.jpg","keywords":["Abgaben radioaktiver Stoffe","ENSI","Kernkraftwerk","Leibstadt","meldepflichtigen Vorkommnisse","Reaktorschnellabschaltung","Sicherheit von Mensch und Umwelt"],"articleSection":["ALLGEMEIN"],"inLanguage":"fr-FR"},{"@type":"WebPage","@id":"https:\/\/news.save.ch\/schweizer-kernanlagen-erfuellen-sicherheitsanforderungen\/","url":"https:\/\/news.save.ch\/schweizer-kernanlagen-erfuellen-sicherheitsanforderungen\/","name":"Les installations nucl\u00e9aires suisses remplissent les exigences de s\u00e9curit\u00e9 - Save","isPartOf":{"@id":"https:\/\/news.save.ch\/de\/#website"},"primaryImageOfPage":{"@id":"https:\/\/news.save.ch\/schweizer-kernanlagen-erfuellen-sicherheitsanforderungen\/#primaryimage"},"image":{"@id":"https:\/\/news.save.ch\/schweizer-kernanlagen-erfuellen-sicherheitsanforderungen\/#primaryimage"},"thumbnailUrl":"https:\/\/news.save.ch\/wp-content\/uploads\/2023\/02\/Depositphotos_336067540_S.jpg","datePublished":"2023-02-07T07:44:43+00:00","dateModified":"2023-06-08T12:23:42+00:00","description":"En 2022, les installations nucl\u00e9aires en Suisse ont \u00e9t\u00e9 exploit\u00e9es conform\u00e9ment aux prescriptions l\u00e9gales en mati\u00e8re de s\u00e9curit\u00e9. La protection de la population et du personnel contre les substances radioactives a \u00e9t\u00e9 garantie \u00e0 tout moment. C'est la conclusion \u00e0 laquelle parvient l'Inspection f\u00e9d\u00e9rale de la s\u00e9curit\u00e9 nucl\u00e9aire (IFSN) dans une premi\u00e8re r\u00e9trospective annuelle.","breadcrumb":{"@id":"https:\/\/news.save.ch\/schweizer-kernanlagen-erfuellen-sicherheitsanforderungen\/#breadcrumb"},"inLanguage":"fr-FR","potentialAction":[{"@type":"ReadAction","target":["https:\/\/news.save.ch\/schweizer-kernanlagen-erfuellen-sicherheitsanforderungen\/"]}]},{"@type":"ImageObject","inLanguage":"fr-FR","@id":"https:\/\/news.save.ch\/schweizer-kernanlagen-erfuellen-sicherheitsanforderungen\/#primaryimage","url":"https:\/\/news.save.ch\/wp-content\/uploads\/2023\/02\/Depositphotos_336067540_S.jpg","contentUrl":"https:\/\/news.save.ch\/wp-content\/uploads\/2023\/02\/Depositphotos_336067540_S.jpg","width":1000,"height":664},{"@type":"BreadcrumbList","@id":"https:\/\/news.save.ch\/schweizer-kernanlagen-erfuellen-sicherheitsanforderungen\/#breadcrumb","itemListElement":[{"@type":"ListItem","position":1,"name":"Home","item":"https:\/\/news.save.ch\/de\/"},{"@type":"ListItem","position":2,"name":"Schweizer Kernanlagen erf\u00fcllen Sicherheitsanforderungen"}]},{"@type":"WebSite","@id":"https:\/\/news.save.ch\/de\/#website","url":"https:\/\/news.save.ch\/de\/","name":"Save","description":"Revue suisse sp\u00e9cialis\u00e9e dans la s\u00e9curit\u00e9","publisher":{"@id":"https:\/\/news.save.ch\/de\/#organization"},"potentialAction":[{"@type":"SearchAction","target":{"@type":"EntryPoint","urlTemplate":"https:\/\/news.save.ch\/de\/?s={search_term_string}"},"query-input":{"@type":"PropertyValueSpecification","valueRequired":true,"valueName":"search_term_string"}}],"inLanguage":"fr-FR"},{"@type":"Organization","@id":"https:\/\/news.save.ch\/de\/#organization","name":"Forum sur la s\u00e9curit\u00e9","url":"https:\/\/news.save.ch\/de\/","logo":{"@type":"ImageObject","inLanguage":"fr-FR","@id":"https:\/\/news.save.ch\/de\/#\/schema\/logo\/image\/","url":"https:\/\/news.save.ch\/wp-content\/uploads\/2022\/06\/Logo_SF_2012.png","contentUrl":"https:\/\/news.save.ch\/wp-content\/uploads\/2022\/06\/Logo_SF_2012.png","width":1100,"height":91,"caption":"Sicherheitsforum"},"image":{"@id":"https:\/\/news.save.ch\/de\/#\/schema\/logo\/image\/"}},{"@type":"Person","@id":"https:\/\/news.save.ch\/de\/#\/schema\/person\/ad4ef21102fd6125312409ac57d5296d","name":"Simon Gr\u00f6flin","image":{"@type":"ImageObject","inLanguage":"fr-FR","@id":"https:\/\/secure.gravatar.com\/avatar\/6ddceb80eb734354635539e0ea5140bb7c41e42de7c45c9a2ab9921b5d5c9a83?s=96&d=mm&r=g","url":"https:\/\/secure.gravatar.com\/avatar\/6ddceb80eb734354635539e0ea5140bb7c41e42de7c45c9a2ab9921b5d5c9a83?s=96&d=mm&r=g","contentUrl":"https:\/\/secure.gravatar.com\/avatar\/6ddceb80eb734354635539e0ea5140bb7c41e42de7c45c9a2ab9921b5d5c9a83?s=96&d=mm&r=g","caption":"Simon Gr\u00f6flin"},"url":"https:\/\/news.save.ch\/fr\/author\/simon-groeflin\/"}]}},"_links":{"self":[{"href":"https:\/\/news.save.ch\/fr\/wp-json\/wp\/v2\/posts\/15777","targetHints":{"allow":["GET"]}}],"collection":[{"href":"https:\/\/news.save.ch\/fr\/wp-json\/wp\/v2\/posts"}],"about":[{"href":"https:\/\/news.save.ch\/fr\/wp-json\/wp\/v2\/types\/post"}],"author":[{"embeddable":true,"href":"https:\/\/news.save.ch\/fr\/wp-json\/wp\/v2\/users\/9"}],"replies":[{"embeddable":true,"href":"https:\/\/news.save.ch\/fr\/wp-json\/wp\/v2\/comments?post=15777"}],"version-history":[{"count":11,"href":"https:\/\/news.save.ch\/fr\/wp-json\/wp\/v2\/posts\/15777\/revisions"}],"predecessor-version":[{"id":19720,"href":"https:\/\/news.save.ch\/fr\/wp-json\/wp\/v2\/posts\/15777\/revisions\/19720"}],"wp:featuredmedia":[{"embeddable":true,"href":"https:\/\/news.save.ch\/fr\/wp-json\/wp\/v2\/media\/15779"}],"wp:attachment":[{"href":"https:\/\/news.save.ch\/fr\/wp-json\/wp\/v2\/media?parent=15777"}],"wp:term":[{"taxonomy":"category","embeddable":true,"href":"https:\/\/news.save.ch\/fr\/wp-json\/wp\/v2\/categories?post=15777"},{"taxonomy":"post_tag","embeddable":true,"href":"https:\/\/news.save.ch\/fr\/wp-json\/wp\/v2\/tags?post=15777"}],"curies":[{"name":"wp","href":"https:\/\/api.w.org\/{rel}","templated":true}]}}