{"id":158,"date":"2015-04-30T15:26:10","date_gmt":"2015-04-30T13:26:10","guid":{"rendered":"https:\/\/dev.sicherheitsforum.ch\/?p=158"},"modified":"2015-04-30T15:26:10","modified_gmt":"2015-04-30T13:26:10","slug":"erstens-mega-deal-in-der-sicherheitsbranche","status":null,"type":"post","link":"https:\/\/news.save.ch\/fr\/erstens-mega-deal-in-der-sicherheitsbranche\/","title":{"rendered":"Premi\u00e8rement : m\u00e9ga-accord dans le secteur de la s\u00e9curit\u00e9"},"content":{"rendered":"<figure id=\"attachment_159\" aria-describedby=\"caption-attachment-159\" style=\"width: 680px\" class=\"wp-caption alignnone\"><img loading=\"lazy\" decoding=\"async\" class=\"size-medium wp-image-159\" src=\"https:\/\/sicherheitsforum.ch\/wp-content\/uploads\/2016\/12\/Erstens-Mega-Deal-in-der-Sicherheitsbranche_sicherheitsforum.jpg\" alt=\"Le pr\u00e9sident du CA de la nouvelle holding sera Ulrich Graf, actuel pr\u00e9sident du CA de Kaba.\" width=\"680\" height=\"453\" \/><figcaption id=\"caption-attachment-159\" class=\"wp-caption-text\">Le pr\u00e9sident du CA de la nouvelle holding sera Ulrich Graf, actuel pr\u00e9sident du CA de Kaba.<\/figcaption><\/figure>\n<p>Pour Ulrich Graf, pr\u00e9sident du CA de Kaba, il est clair que \"gr\u00e2ce \u00e0 l'association des deux marques fortes <a href=\"https:\/\/www.dorma.com\" target=\"_blank\" data-cke-saved-href=\"https:\/\/www.dorma.com\" rel=\"noopener\">Dorma <\/a>et <a href=\"https:\/\/www.kaba.com\" target=\"_blank\" data-cke-saved-href=\"https:\/\/www.kaba.com\" rel=\"noopener\">Kaba<\/a> donne naissance \u00e0 une entreprise leader dans l'industrie de la s\u00e9curit\u00e9. Les actionnaires sont garants d'une orientation \u00e0 long terme - ce qui constitue \u00e9galement un v\u00e9ritable avantage concurrentiel dans notre secteur dynamique\". Dorma propose des solutions d'acc\u00e8s et fait partie des leaders du march\u00e9 dans le domaine des automatismes, des ferrures pour vitres et des fermetures de portes. Il en va de m\u00eame pour Kaba dans le domaine du contr\u00f4le d'acc\u00e8s, de la saisie des donn\u00e9es d'entreprise et des syst\u00e8mes de cl\u00e9s.<\/p>\n<blockquote>\n<p>Il en r\u00e9sulte un top 3 mondial dans la ligue de s\u00e9curit\u00e9 et d'acc\u00e8s.<\/p>\n<\/blockquote>\n<p>Avec un chiffre d'affaires pro forma de plus de 2 milliards de francs, environ 16'000 collaborateurs ainsi que des sites dans 53 pays, les deux entreprises fusionn\u00e9es se hissent, avec la nouvelle holding commune, dans le top 3 mondial du march\u00e9 tr\u00e8s fragment\u00e9 des solutions de s\u00e9curit\u00e9 et d'acc\u00e8s. Hans Gummert, pr\u00e9sident du conseil d'administration de Dorma : \"Avec la fusion de nos entreprises \u00e9tablies dans le monde entier, nous renfor\u00e7ons consid\u00e9rablement notre position sur le march\u00e9. Non seulement nous partageons une tradition entrepreneuriale plus que centenaire et les m\u00eames valeurs, mais nous sommes \u00e9galement en grande partie d'accord sur nos strat\u00e9gies\".<\/p>\n<p><strong>Dorma et Kaba s'accordent id\u00e9alement<\/strong><\/p>\n<p>Les comp\u00e9tences technologiques, les produits et les canaux de distribution de Dorma et Kaba se compl\u00e8tent de mani\u00e8re id\u00e9ale. Le r\u00e9seau commun de distribution et de service, les ventes crois\u00e9es et le positionnement en tant que \"guichet unique\" pour la s\u00e9curit\u00e9 et l'acc\u00e8s aux b\u00e2timents offrent \u00e0 l'entreprise combin\u00e9e un potentiel de croissance suppl\u00e9mentaire consid\u00e9rable. Thomas P. Wagner, CEO de Dorma : \"Ensemble avec Kaba, nous faisons un grand pas en avant. Nous \u00e9largissons notre gamme de produits, renfor\u00e7ons notre pr\u00e9sence mondiale et augmentons notre force d'innovation. Nous pourrons ainsi exploiter plus rapidement et mieux les possibilit\u00e9s que nous offrent les m\u00e9gatendances telles que l'urbanisation et la num\u00e9risation\".<\/p>\n<p>dorma+kaba disposera de sites de production sur tous les march\u00e9s importants de l'industrie et acc\u00e9l\u00e9rera son expansion mondiale gr\u00e2ce \u00e0 sa pr\u00e9sence renforc\u00e9e, notamment en Europe, en Am\u00e9rique et en Asie-Pacifique, comme il est soulign\u00e9.<\/p>\n<p><strong>Augmentation substantielle de la valeur <\/strong><\/p>\n<p>Riet Cadonau, CEO de Kaba : \"Dorma et Kaba sont \u00e0 tous \u00e9gards des partenaires de choix et un ajustement strat\u00e9gique convaincant. Avec la fusion pr\u00e9vue, nous cr\u00e9ons des opportunit\u00e9s suppl\u00e9mentaires pour une croissance rentable durable - avec une valeur ajout\u00e9e correspondante pour nos clients, partenaires, collaborateurs et actionnaires\".<\/p>\n<p>Au cours des quatre prochaines ann\u00e9es, le nouveau duo vise une croissance du chiffre d'affaires de 6 \u00e0 7% (en monnaies locales) par an. En raison de l'augmentation des volumes d'achat, de l'optimisation des co\u00fbts d'infrastructure et de l'am\u00e9lioration de l'efficacit\u00e9, des synergies de co\u00fbts de 60 \u00e0 70 millions de francs par an sont attendues, qui devraient \u00eatre pleinement effectives au cours de la quatri\u00e8me ann\u00e9e apr\u00e8s la fusion, selon le communiqu\u00e9. Les co\u00fbts uniques de mise en \u0153uvre sont estim\u00e9s au total \u00e0 hauteur de la totalit\u00e9 des synergies de co\u00fbts pour une ann\u00e9e.<\/p>\n<p><strong>Qui sera quoi dans le nouveau groupe ?<\/strong><\/p>\n<p>Ulrich Graf, l'actuel pr\u00e9sident du conseil d'administration de Kaba, pr\u00e9sidera le conseil d'administration du nouveau groupe. Le CEO sera Riet Cadonau, l'actuel CEO de Kaba. Le CFO d\u00e9sign\u00e9 est Bernd Brinker, CFO de Dorma. Les organes de direction du groupe doivent \u00eatre compos\u00e9s de mani\u00e8re aussi \u00e9quilibr\u00e9e que possible, comme le laissent entendre les responsables.<\/p>\n<p>Les sites de R\u00fcmlang et d'Ennepetal, en Allemagne, joueront un r\u00f4le important dans l'entreprise commune. R\u00fcmlang sera le si\u00e8ge de dorma+kaba Holding, tandis qu'Ennepetal, si\u00e8ge de la future division \"Access Solutions DACH\", sera responsable des activit\u00e9s pour les pays germanophones.<\/p>\n<p>La fusion entra\u00eene \u00e9galement une fusion des emplois : on parle d'une suppression totale d'environ 5% du personnel, r\u00e9partie sur quatre ans.<\/p>\n<p>Plus d'informations sur <a title=\"Lien vers la structure de la transaction\" href=\"https:\/\/hamster.ch\/magazine\/sicherheitsforum\/ausserordentliche-gv-von-kaba\" target=\"_blank\" data-cke-saved-href=\"https:\/\/hamster.ch\/magazine\/sicherheitsforum\/ausserordentliche-gv-von-kaba\" rel=\"noopener\">Structure de la transaction <\/a>et d'\u00e9valuation ainsi que les rapports de participation entre Kaba et la famille propri\u00e9taire de Dorma sont <a title=\"Lien vers la structure de la transaction\" href=\"https:\/\/hamster.ch\/magazine\/sicherheitsforum\/dorma-kaba-tranksaktionsstruktur-und-bewertung\" target=\"_blank\" data-cke-saved-href=\"https:\/\/hamster.ch\/magazine\/sicherheitsforum\/dorma-kaba-tranksaktionsstruktur-und-bewertung\" rel=\"noopener\">ici <\/a>disponible.<\/p>\n<p>Le m\u00e9ga-deal doit encore \u00eatre approuv\u00e9 par les actionnaires lors d'une <a title=\"Infos sur l&#039;AG\" href=\"https:\/\/hamster.ch\/magazine\/sicherheitsforum\/ausserordentliche-gv-von-kaba\" target=\"_blank\" data-cke-saved-href=\"https:\/\/hamster.ch\/magazine\/sicherheitsforum\/ausserordentliche-gv-von-kaba\" rel=\"noopener\">assembl\u00e9e g\u00e9n\u00e9rale extraordinaire <\/a>\u00eatre approuv\u00e9e par Kaba.<\/p>\n<div id='gallery-1' class='gallery galleryid-158 gallery-columns-3 gallery-size-thumbnail'><figure class='gallery-item'>\n\t\t\t<div class='gallery-icon landscape'>\n\t\t\t\t<a href='https:\/\/news.save.ch\/fr\/bernd_brinker_cfo_dorma_sicherheitsforum\/'><img loading=\"lazy\" decoding=\"async\" width=\"150\" height=\"100\" src=\"https:\/\/news.save.ch\/wp-content\/uploads\/2016\/12\/Bernd_Brinker_CFO_DORMA_sicherheitsforum-scaled.jpg\" class=\"attachment-thumbnail size-thumbnail\" alt=\"\" srcset=\"https:\/\/news.save.ch\/wp-content\/uploads\/2016\/12\/Bernd_Brinker_CFO_DORMA_sicherheitsforum-scaled.jpg 1400w, https:\/\/news.save.ch\/wp-content\/uploads\/2016\/12\/Bernd_Brinker_CFO_DORMA_sicherheitsforum-375x250.jpg 375w\" sizes=\"auto, (max-width: 150px) 100vw, 150px\" \/><\/a>\n\t\t\t<\/div><\/figure><figure class='gallery-item'>\n\t\t\t<div class='gallery-icon landscape'>\n\t\t\t\t<a href='https:\/\/news.save.ch\/fr\/riet-cadonau-chief-executive-officer_sicherheitsforum\/'><img loading=\"lazy\" decoding=\"async\" width=\"150\" height=\"100\" src=\"https:\/\/news.save.ch\/wp-content\/uploads\/2016\/12\/riet-cadonau-chief-executive-officer_sicherheitsforum-scaled.jpg\" class=\"attachment-thumbnail size-thumbnail\" alt=\"\" srcset=\"https:\/\/news.save.ch\/wp-content\/uploads\/2016\/12\/riet-cadonau-chief-executive-officer_sicherheitsforum-scaled.jpg 1400w, https:\/\/news.save.ch\/wp-content\/uploads\/2016\/12\/riet-cadonau-chief-executive-officer_sicherheitsforum-375x250.jpg 375w\" sizes=\"auto, (max-width: 150px) 100vw, 150px\" \/><\/a>\n\t\t\t<\/div><\/figure>\n\t\t<\/div>\n\n<p>Le CFO de la nouvelle holding sera Bernd Brinker, actuel CFO de Dorma. Le CEO de la nouvelle holding sera Riet Cadonau, actuel CEO de Kaba.<\/p>\n<p>&nbsp;<\/p>\n<p>&nbsp;<\/p>","protected":false},"excerpt":{"rendered":"<p>F\u00fcr Ulrich Graf, VR-Pr\u00e4si\u00addent von Kaba, ist klar: \u201eDurch die Verbindung der beiden starken Marken Dorma und Kaba entsteht ein f\u00fchrendes Unternehmen der Sicherheitsindustrie. Die Aktion\u00e4re stehen f\u00fcr eine langfristige Ausrichtung \u2013 auch das ist in unserer dynamischen Branche ein echter Wettbewerbsvorteil.&#8220; Dorma bietet Zugangsl\u00f6sungen an und geh\u00f6rt in der Automatik-, Glasbeschlags- und T\u00fcrschliesstechnik zu [&hellip;]<\/p>\n","protected":false},"author":1,"featured_media":159,"comment_status":"open","ping_status":"open","sticky":false,"template":"","format":"standard","meta":{"_acf_changed":false,"pgc_sgb_lightbox_settings":"","footnotes":""},"categories":[1],"tags":[131,132,133,44],"class_list":["post-158","post","type-post","status-publish","format-standard","has-post-thumbnail","hentry","category-allgemein","tag-dorma","tag-finanzierung","tag-kaba","tag-kooperation"],"acf":[],"hkrextid":null,"publication":null,"issue":null,"workflow":null,"startPage":null,"spitzmarke":null,"_posts_by_tag_page_fields":{"widget_title":"","widget_tags":""},"_at_widget":"1","_yoast_wpseo_primary_category":"1","_yoast_wpseo_focuskw_text_input":"Mega-Deal","_yoast_wpseo_opengraph-image":"https:\/\/sicherheitsforum.ch\/wp-content\/uploads\/2016\/12\/Erstens-Mega-Deal-in-der-Sicherheitsbranche_sicherheitsforum.jpg","_yoast_wpseo_opengraph-description":"Die Schweizer Kaba Holding AG mit Sitz in R\u00fcmlang und das deutsche Familien\u00adunternehmen Dorma Holding wollen fusionieren. Entstehen w\u00fcrde die Gruppe dorma+kaba. Eine entsprechende Transaktionsvereinbarung wurde gestern Abend unterzeichnet. Der Deal muss noch von den Aktion\u00e4ren abgesegnet werden.","_yoast_wpseo_opengraph-title":"Erstens: Mega-Deal in der Sicherheitsbranche","enclosure":null,"_yoast_wpseo_twitter-title":null,"_yoast_wpseo_twitter-description":null,"_yoast_wpseo_twitter-image":null,"_wp_old_slug":null,"_yoast_wpseo_title":null,"_yoast_wpseo_canonical":null,"yoast_head":"<!-- This site is optimized with the Yoast SEO plugin v27.4 - https:\/\/yoast.com\/product\/yoast-seo-wordpress\/ -->\n<title>Erstens: Mega-Deal in der Sicherheitsbranche - Save<\/title>\n<meta name=\"description\" content=\"Die Kaba Holding AG mit Sitz in R\u00fcmlang und das deutsche Familien\u00adunternehmen Dorma Holding wollen fusionieren. Entstehen w\u00fcrde die Gruppe dorma+kaba.\" \/>\n<meta name=\"robots\" content=\"index, follow, max-snippet:-1, max-image-preview:large, max-video-preview:-1\" \/>\n<link rel=\"canonical\" href=\"https:\/\/news.save.ch\/fr\/erstens-mega-deal-in-der-sicherheitsbranche\/\" \/>\n<meta property=\"og:locale\" content=\"fr_FR\" \/>\n<meta property=\"og:type\" content=\"article\" \/>\n<meta property=\"og:title\" content=\"Erstens: Mega-Deal in der Sicherheitsbranche\" \/>\n<meta property=\"og:description\" content=\"Die Schweizer Kaba Holding AG mit Sitz in R\u00fcmlang und das deutsche Familien\u00adunternehmen Dorma Holding wollen fusionieren. Entstehen w\u00fcrde die Gruppe dorma+kaba. Eine entsprechende Transaktionsvereinbarung wurde gestern Abend unterzeichnet. Der Deal muss noch von den Aktion\u00e4ren abgesegnet werden.\" \/>\n<meta property=\"og:url\" content=\"https:\/\/news.save.ch\/fr\/erstens-mega-deal-in-der-sicherheitsbranche\/\" \/>\n<meta property=\"og:site_name\" content=\"Save\" \/>\n<meta property=\"article:published_time\" content=\"2015-04-30T13:26:10+00:00\" \/>\n<meta property=\"og:image\" content=\"https:\/\/sicherheitsforum.ch\/wp-content\/uploads\/2016\/12\/Erstens-Mega-Deal-in-der-Sicherheitsbranche_sicherheitsforum.jpg\" \/>\n<meta name=\"author\" content=\"admin\" \/>\n<meta name=\"twitter:card\" content=\"summary_large_image\" \/>\n<meta name=\"twitter:label1\" content=\"\u00c9crit par\" \/>\n\t<meta name=\"twitter:data1\" content=\"admin\" \/>\n\t<meta name=\"twitter:label2\" content=\"Dur\u00e9e de lecture estim\u00e9e\" \/>\n\t<meta name=\"twitter:data2\" content=\"4 minutes\" \/>\n<script type=\"application\/ld+json\" class=\"yoast-schema-graph\">{\"@context\":\"https:\\\/\\\/schema.org\",\"@graph\":[{\"@type\":\"Article\",\"@id\":\"https:\\\/\\\/news.save.ch\\\/erstens-mega-deal-in-der-sicherheitsbranche\\\/#article\",\"isPartOf\":{\"@id\":\"https:\\\/\\\/news.save.ch\\\/erstens-mega-deal-in-der-sicherheitsbranche\\\/\"},\"author\":{\"name\":\"admin\",\"@id\":\"https:\\\/\\\/news.save.ch\\\/de\\\/#\\\/schema\\\/person\\\/d49e199490bad7c70d64b9ab51142f2b\"},\"headline\":\"Erstens: Mega-Deal in der Sicherheitsbranche\",\"datePublished\":\"2015-04-30T13:26:10+00:00\",\"mainEntityOfPage\":{\"@id\":\"https:\\\/\\\/news.save.ch\\\/erstens-mega-deal-in-der-sicherheitsbranche\\\/\"},\"wordCount\":723,\"commentCount\":0,\"publisher\":{\"@id\":\"https:\\\/\\\/news.save.ch\\\/de\\\/#organization\"},\"image\":{\"@id\":\"https:\\\/\\\/news.save.ch\\\/erstens-mega-deal-in-der-sicherheitsbranche\\\/#primaryimage\"},\"thumbnailUrl\":\"https:\\\/\\\/news.save.ch\\\/wp-content\\\/uploads\\\/2016\\\/12\\\/Erstens-Mega-Deal-in-der-Sicherheitsbranche_sicherheitsforum-scaled.jpg\",\"keywords\":[\"Dorma\",\"Finanzierung\",\"Kaba\",\"Kooperation\"],\"articleSection\":[\"ALLGEMEIN\"],\"inLanguage\":\"fr-FR\"},{\"@type\":\"WebPage\",\"@id\":\"https:\\\/\\\/news.save.ch\\\/erstens-mega-deal-in-der-sicherheitsbranche\\\/\",\"url\":\"https:\\\/\\\/news.save.ch\\\/erstens-mega-deal-in-der-sicherheitsbranche\\\/\",\"name\":\"Erstens: Mega-Deal in der Sicherheitsbranche - Save\",\"isPartOf\":{\"@id\":\"https:\\\/\\\/news.save.ch\\\/de\\\/#website\"},\"primaryImageOfPage\":{\"@id\":\"https:\\\/\\\/news.save.ch\\\/erstens-mega-deal-in-der-sicherheitsbranche\\\/#primaryimage\"},\"image\":{\"@id\":\"https:\\\/\\\/news.save.ch\\\/erstens-mega-deal-in-der-sicherheitsbranche\\\/#primaryimage\"},\"thumbnailUrl\":\"https:\\\/\\\/news.save.ch\\\/wp-content\\\/uploads\\\/2016\\\/12\\\/Erstens-Mega-Deal-in-der-Sicherheitsbranche_sicherheitsforum-scaled.jpg\",\"datePublished\":\"2015-04-30T13:26:10+00:00\",\"description\":\"Die Kaba Holding AG mit Sitz in R\u00fcmlang und das deutsche Familien\u00adunternehmen Dorma Holding wollen fusionieren. Entstehen w\u00fcrde die Gruppe dorma+kaba.\",\"breadcrumb\":{\"@id\":\"https:\\\/\\\/news.save.ch\\\/erstens-mega-deal-in-der-sicherheitsbranche\\\/#breadcrumb\"},\"inLanguage\":\"fr-FR\",\"potentialAction\":[{\"@type\":\"ReadAction\",\"target\":[\"https:\\\/\\\/news.save.ch\\\/erstens-mega-deal-in-der-sicherheitsbranche\\\/\"]}]},{\"@type\":\"ImageObject\",\"inLanguage\":\"fr-FR\",\"@id\":\"https:\\\/\\\/news.save.ch\\\/erstens-mega-deal-in-der-sicherheitsbranche\\\/#primaryimage\",\"url\":\"https:\\\/\\\/news.save.ch\\\/wp-content\\\/uploads\\\/2016\\\/12\\\/Erstens-Mega-Deal-in-der-Sicherheitsbranche_sicherheitsforum-scaled.jpg\",\"contentUrl\":\"https:\\\/\\\/news.save.ch\\\/wp-content\\\/uploads\\\/2016\\\/12\\\/Erstens-Mega-Deal-in-der-Sicherheitsbranche_sicherheitsforum-scaled.jpg\",\"width\":1400,\"height\":932,\"caption\":\"VR-Pr\u00e4sident der neuen Holding wird Ulrich Graf, heutiger VR-Pr\u00e4sident von Kaba.\"},{\"@type\":\"BreadcrumbList\",\"@id\":\"https:\\\/\\\/news.save.ch\\\/erstens-mega-deal-in-der-sicherheitsbranche\\\/#breadcrumb\",\"itemListElement\":[{\"@type\":\"ListItem\",\"position\":1,\"name\":\"Home\",\"item\":\"https:\\\/\\\/news.save.ch\\\/de\\\/\"},{\"@type\":\"ListItem\",\"position\":2,\"name\":\"Erstens: Mega-Deal in der Sicherheitsbranche\"}]},{\"@type\":\"WebSite\",\"@id\":\"https:\\\/\\\/news.save.ch\\\/de\\\/#website\",\"url\":\"https:\\\/\\\/news.save.ch\\\/de\\\/\",\"name\":\"Save\",\"description\":\"Schweizer Fachzeitschrift f\u00fcr Sicherheit\",\"publisher\":{\"@id\":\"https:\\\/\\\/news.save.ch\\\/de\\\/#organization\"},\"potentialAction\":[{\"@type\":\"SearchAction\",\"target\":{\"@type\":\"EntryPoint\",\"urlTemplate\":\"https:\\\/\\\/news.save.ch\\\/de\\\/?s={search_term_string}\"},\"query-input\":{\"@type\":\"PropertyValueSpecification\",\"valueRequired\":true,\"valueName\":\"search_term_string\"}}],\"inLanguage\":\"fr-FR\"},{\"@type\":\"Organization\",\"@id\":\"https:\\\/\\\/news.save.ch\\\/de\\\/#organization\",\"name\":\"Sicherheitsforum\",\"url\":\"https:\\\/\\\/news.save.ch\\\/de\\\/\",\"logo\":{\"@type\":\"ImageObject\",\"inLanguage\":\"fr-FR\",\"@id\":\"https:\\\/\\\/news.save.ch\\\/de\\\/#\\\/schema\\\/logo\\\/image\\\/\",\"url\":\"https:\\\/\\\/news.save.ch\\\/wp-content\\\/uploads\\\/2022\\\/06\\\/Logo_SF_2012.png\",\"contentUrl\":\"https:\\\/\\\/news.save.ch\\\/wp-content\\\/uploads\\\/2022\\\/06\\\/Logo_SF_2012.png\",\"width\":1100,\"height\":91,\"caption\":\"Sicherheitsforum\"},\"image\":{\"@id\":\"https:\\\/\\\/news.save.ch\\\/de\\\/#\\\/schema\\\/logo\\\/image\\\/\"}},{\"@type\":\"Person\",\"@id\":\"https:\\\/\\\/news.save.ch\\\/de\\\/#\\\/schema\\\/person\\\/d49e199490bad7c70d64b9ab51142f2b\",\"name\":\"admin\",\"image\":{\"@type\":\"ImageObject\",\"inLanguage\":\"fr-FR\",\"@id\":\"https:\\\/\\\/secure.gravatar.com\\\/avatar\\\/ae2f4d718e6c49043e314ce431e7e645d646302a24a5ef5a8bc8e3f5a032e319?s=96&d=mm&r=g\",\"url\":\"https:\\\/\\\/secure.gravatar.com\\\/avatar\\\/ae2f4d718e6c49043e314ce431e7e645d646302a24a5ef5a8bc8e3f5a032e319?s=96&d=mm&r=g\",\"contentUrl\":\"https:\\\/\\\/secure.gravatar.com\\\/avatar\\\/ae2f4d718e6c49043e314ce431e7e645d646302a24a5ef5a8bc8e3f5a032e319?s=96&d=mm&r=g\",\"caption\":\"admin\"},\"sameAs\":[\"https:\\\/\\\/develop.organisator.galledia.ch\"],\"url\":\"https:\\\/\\\/news.save.ch\\\/fr\\\/author\\\/admin\\\/\"}]}<\/script>\n<!-- \/ Yoast SEO plugin. -->","yoast_head_json":{"title":"Premi\u00e8rement : m\u00e9ga-deal dans le secteur de la s\u00e9curit\u00e9 - Save","description":"Kaba Holding AG, dont le si\u00e8ge est \u00e0 R\u00fcmlang, et l'entreprise familiale allemande Dorma Holding veulent fusionner. Le groupe dorma+kaba verrait le jour.","robots":{"index":"index","follow":"follow","max-snippet":"max-snippet:-1","max-image-preview":"max-image-preview:large","max-video-preview":"max-video-preview:-1"},"canonical":"https:\/\/news.save.ch\/fr\/erstens-mega-deal-in-der-sicherheitsbranche\/","og_locale":"fr_FR","og_type":"article","og_title":"Erstens: Mega-Deal in der Sicherheitsbranche","og_description":"Die Schweizer Kaba Holding AG mit Sitz in R\u00fcmlang und das deutsche Familien\u00adunternehmen Dorma Holding wollen fusionieren. Entstehen w\u00fcrde die Gruppe dorma+kaba. Eine entsprechende Transaktionsvereinbarung wurde gestern Abend unterzeichnet. Der Deal muss noch von den Aktion\u00e4ren abgesegnet werden.","og_url":"https:\/\/news.save.ch\/fr\/erstens-mega-deal-in-der-sicherheitsbranche\/","og_site_name":"Save","article_published_time":"2015-04-30T13:26:10+00:00","og_image":[{"url":"https:\/\/sicherheitsforum.ch\/wp-content\/uploads\/2016\/12\/Erstens-Mega-Deal-in-der-Sicherheitsbranche_sicherheitsforum.jpg","type":"","width":"","height":""}],"author":"admin","twitter_card":"summary_large_image","twitter_misc":{"\u00c9crit par":"admin","Dur\u00e9e de lecture estim\u00e9e":"4 minutes"},"schema":{"@context":"https:\/\/schema.org","@graph":[{"@type":"Article","@id":"https:\/\/news.save.ch\/erstens-mega-deal-in-der-sicherheitsbranche\/#article","isPartOf":{"@id":"https:\/\/news.save.ch\/erstens-mega-deal-in-der-sicherheitsbranche\/"},"author":{"name":"admin","@id":"https:\/\/news.save.ch\/de\/#\/schema\/person\/d49e199490bad7c70d64b9ab51142f2b"},"headline":"Erstens: Mega-Deal in der Sicherheitsbranche","datePublished":"2015-04-30T13:26:10+00:00","mainEntityOfPage":{"@id":"https:\/\/news.save.ch\/erstens-mega-deal-in-der-sicherheitsbranche\/"},"wordCount":723,"commentCount":0,"publisher":{"@id":"https:\/\/news.save.ch\/de\/#organization"},"image":{"@id":"https:\/\/news.save.ch\/erstens-mega-deal-in-der-sicherheitsbranche\/#primaryimage"},"thumbnailUrl":"https:\/\/news.save.ch\/wp-content\/uploads\/2016\/12\/Erstens-Mega-Deal-in-der-Sicherheitsbranche_sicherheitsforum-scaled.jpg","keywords":["Dorma","Finanzierung","Kaba","Kooperation"],"articleSection":["ALLGEMEIN"],"inLanguage":"fr-FR"},{"@type":"WebPage","@id":"https:\/\/news.save.ch\/erstens-mega-deal-in-der-sicherheitsbranche\/","url":"https:\/\/news.save.ch\/erstens-mega-deal-in-der-sicherheitsbranche\/","name":"Premi\u00e8rement : m\u00e9ga-deal dans le secteur de la s\u00e9curit\u00e9 - Save","isPartOf":{"@id":"https:\/\/news.save.ch\/de\/#website"},"primaryImageOfPage":{"@id":"https:\/\/news.save.ch\/erstens-mega-deal-in-der-sicherheitsbranche\/#primaryimage"},"image":{"@id":"https:\/\/news.save.ch\/erstens-mega-deal-in-der-sicherheitsbranche\/#primaryimage"},"thumbnailUrl":"https:\/\/news.save.ch\/wp-content\/uploads\/2016\/12\/Erstens-Mega-Deal-in-der-Sicherheitsbranche_sicherheitsforum-scaled.jpg","datePublished":"2015-04-30T13:26:10+00:00","description":"Kaba Holding AG, dont le si\u00e8ge est \u00e0 R\u00fcmlang, et l'entreprise familiale allemande Dorma Holding veulent fusionner. Le groupe dorma+kaba verrait le jour.","breadcrumb":{"@id":"https:\/\/news.save.ch\/erstens-mega-deal-in-der-sicherheitsbranche\/#breadcrumb"},"inLanguage":"fr-FR","potentialAction":[{"@type":"ReadAction","target":["https:\/\/news.save.ch\/erstens-mega-deal-in-der-sicherheitsbranche\/"]}]},{"@type":"ImageObject","inLanguage":"fr-FR","@id":"https:\/\/news.save.ch\/erstens-mega-deal-in-der-sicherheitsbranche\/#primaryimage","url":"https:\/\/news.save.ch\/wp-content\/uploads\/2016\/12\/Erstens-Mega-Deal-in-der-Sicherheitsbranche_sicherheitsforum-scaled.jpg","contentUrl":"https:\/\/news.save.ch\/wp-content\/uploads\/2016\/12\/Erstens-Mega-Deal-in-der-Sicherheitsbranche_sicherheitsforum-scaled.jpg","width":1400,"height":932,"caption":"VR-Pr\u00e4sident der neuen Holding wird Ulrich Graf, heutiger VR-Pr\u00e4sident von Kaba."},{"@type":"BreadcrumbList","@id":"https:\/\/news.save.ch\/erstens-mega-deal-in-der-sicherheitsbranche\/#breadcrumb","itemListElement":[{"@type":"ListItem","position":1,"name":"Home","item":"https:\/\/news.save.ch\/de\/"},{"@type":"ListItem","position":2,"name":"Erstens: Mega-Deal in der Sicherheitsbranche"}]},{"@type":"WebSite","@id":"https:\/\/news.save.ch\/de\/#website","url":"https:\/\/news.save.ch\/de\/","name":"Save","description":"Revue suisse sp\u00e9cialis\u00e9e dans la s\u00e9curit\u00e9","publisher":{"@id":"https:\/\/news.save.ch\/de\/#organization"},"potentialAction":[{"@type":"SearchAction","target":{"@type":"EntryPoint","urlTemplate":"https:\/\/news.save.ch\/de\/?s={search_term_string}"},"query-input":{"@type":"PropertyValueSpecification","valueRequired":true,"valueName":"search_term_string"}}],"inLanguage":"fr-FR"},{"@type":"Organization","@id":"https:\/\/news.save.ch\/de\/#organization","name":"Forum sur la s\u00e9curit\u00e9","url":"https:\/\/news.save.ch\/de\/","logo":{"@type":"ImageObject","inLanguage":"fr-FR","@id":"https:\/\/news.save.ch\/de\/#\/schema\/logo\/image\/","url":"https:\/\/news.save.ch\/wp-content\/uploads\/2022\/06\/Logo_SF_2012.png","contentUrl":"https:\/\/news.save.ch\/wp-content\/uploads\/2022\/06\/Logo_SF_2012.png","width":1100,"height":91,"caption":"Sicherheitsforum"},"image":{"@id":"https:\/\/news.save.ch\/de\/#\/schema\/logo\/image\/"}},{"@type":"Person","@id":"https:\/\/news.save.ch\/de\/#\/schema\/person\/d49e199490bad7c70d64b9ab51142f2b","name":"admin","image":{"@type":"ImageObject","inLanguage":"fr-FR","@id":"https:\/\/secure.gravatar.com\/avatar\/ae2f4d718e6c49043e314ce431e7e645d646302a24a5ef5a8bc8e3f5a032e319?s=96&d=mm&r=g","url":"https:\/\/secure.gravatar.com\/avatar\/ae2f4d718e6c49043e314ce431e7e645d646302a24a5ef5a8bc8e3f5a032e319?s=96&d=mm&r=g","contentUrl":"https:\/\/secure.gravatar.com\/avatar\/ae2f4d718e6c49043e314ce431e7e645d646302a24a5ef5a8bc8e3f5a032e319?s=96&d=mm&r=g","caption":"admin"},"sameAs":["https:\/\/develop.organisator.galledia.ch"],"url":"https:\/\/news.save.ch\/fr\/author\/admin\/"}]}},"_links":{"self":[{"href":"https:\/\/news.save.ch\/fr\/wp-json\/wp\/v2\/posts\/158","targetHints":{"allow":["GET"]}}],"collection":[{"href":"https:\/\/news.save.ch\/fr\/wp-json\/wp\/v2\/posts"}],"about":[{"href":"https:\/\/news.save.ch\/fr\/wp-json\/wp\/v2\/types\/post"}],"author":[{"embeddable":true,"href":"https:\/\/news.save.ch\/fr\/wp-json\/wp\/v2\/users\/1"}],"replies":[{"embeddable":true,"href":"https:\/\/news.save.ch\/fr\/wp-json\/wp\/v2\/comments?post=158"}],"version-history":[{"count":0,"href":"https:\/\/news.save.ch\/fr\/wp-json\/wp\/v2\/posts\/158\/revisions"}],"wp:featuredmedia":[{"embeddable":true,"href":"https:\/\/news.save.ch\/fr\/wp-json\/wp\/v2\/media\/159"}],"wp:attachment":[{"href":"https:\/\/news.save.ch\/fr\/wp-json\/wp\/v2\/media?parent=158"}],"wp:term":[{"taxonomy":"category","embeddable":true,"href":"https:\/\/news.save.ch\/fr\/wp-json\/wp\/v2\/categories?post=158"},{"taxonomy":"post_tag","embeddable":true,"href":"https:\/\/news.save.ch\/fr\/wp-json\/wp\/v2\/tags?post=158"}],"curies":[{"name":"wp","href":"https:\/\/api.w.org\/{rel}","templated":true}]}}