{"id":15815,"date":"2023-02-13T05:34:44","date_gmt":"2023-02-13T04:34:44","guid":{"rendered":"https:\/\/news.save.ch\/?p=15815"},"modified":"2023-06-08T10:30:44","modified_gmt":"2023-06-08T08:30:44","slug":"verstaerkte-cyberabwehr-fuer-ot-umgebungen","status":null,"type":"post","link":"https:\/\/news.save.ch\/fr\/verstaerkte-cyberabwehr-fuer-ot-umgebungen\/","title":{"rendered":"Renforcement de la cyberd\u00e9fense pour les environnements OT"},"content":{"rendered":"<figure id=\"attachment_15817\" aria-describedby=\"caption-attachment-15817\" style=\"width: 680px\" class=\"wp-caption alignnone\"><img loading=\"lazy\" decoding=\"async\" class=\"wp-image-15817 size-medium\" src=\"https:\/\/news.save.ch\/wp-content\/uploads\/2023\/02\/25_InfoGuard_bild1-680x400.jpg\" alt=\"Environnements OT\" width=\"680\" height=\"400\" srcset=\"https:\/\/news.save.ch\/wp-content\/uploads\/2023\/02\/25_InfoGuard_bild1-680x400.jpg 680w, https:\/\/news.save.ch\/wp-content\/uploads\/2023\/02\/25_InfoGuard_bild1-1024x603.jpg 1024w, https:\/\/news.save.ch\/wp-content\/uploads\/2023\/02\/25_InfoGuard_bild1-768x452.jpg 768w, https:\/\/news.save.ch\/wp-content\/uploads\/2023\/02\/25_InfoGuard_bild1-1536x904.jpg 1536w, https:\/\/news.save.ch\/wp-content\/uploads\/2023\/02\/25_InfoGuard_bild1-2048x1205.jpg 2048w, https:\/\/news.save.ch\/wp-content\/uploads\/2023\/02\/25_InfoGuard_bild1-18x12.jpg 18w, https:\/\/news.save.ch\/wp-content\/uploads\/2023\/02\/25_InfoGuard_bild1-375x221.jpg 375w, https:\/\/news.save.ch\/wp-content\/uploads\/2023\/02\/25_InfoGuard_bild1-595x350.jpg 595w, https:\/\/news.save.ch\/wp-content\/uploads\/2023\/02\/25_InfoGuard_bild1-1000x589.jpg 1000w, https:\/\/news.save.ch\/wp-content\/uploads\/2023\/02\/25_InfoGuard_bild1-scaled.jpg 1400w\" sizes=\"auto, (max-width: 680px) 100vw, 680px\" \/><figcaption id=\"caption-attachment-15817\" class=\"wp-caption-text\">Image : depositphotos<\/figcaption><\/figure>\n<p>La prise de conscience de l'importance de la cybers\u00e9curit\u00e9 dans l'informatique augmente, mais les environnements OT ne re\u00e7oivent toujours pas suffisamment d'attention - avec des cons\u00e9quences potentiellement fatales, car de graves incidents de ransomware contre des infrastructures critiques, tant dans le cloud que sur site, se multiplient dans le monde entier. Les tactiques et techniques d'attaque ne cessent d'\u00e9voluer et ciblent de plus en plus les syst\u00e8mes OT, y compris dans des domaines tels que la domotique ou la production. Le pire est que les syst\u00e8mes OT font \u00e9galement partie d'infrastructures critiques, par exemple dans les secteurs de la sant\u00e9, des transports, de l'\u00e9nergie et de l'approvisionnement. Contrairement au monde num\u00e9rique, les dommages physiques y sont souvent irr\u00e9versibles et peuvent m\u00eame mettre des vies humaines en danger. Ces derniers mois en particulier, de nombreuses cyberattaques ont \u00e9t\u00e9 perp\u00e9tr\u00e9es, notamment en raison de vuln\u00e9rabilit\u00e9s connues depuis longtemps dans des syst\u00e8mes tr\u00e8s r\u00e9pandus : Log4j, Microsoft Exchange, Linux, Apache, Remote Access, etc. Les possibilit\u00e9s d'attaque contre les syst\u00e8mes OT se sont donc consid\u00e9rablement accrues en raison de l'augmentation du paysage des menaces.<\/p>\n<h3>Infrastructures critiques<\/h3>\n<p>Bien que le monde physique de l'OT n\u00e9cessite des approches de s\u00e9curit\u00e9 diff\u00e9rentes de celles de l'informatique virtuelle, celles-ci se rapprochent. Les nouvelles technologies issues de l'informatique sont en corr\u00e9lation avec les d\u00e9veloppements et les modernisations dans l'OT. Dans l'industrie, des robots auto-apprenants fabriquent des produits complexes ; dans la domotique, des capteurs int\u00e9gr\u00e9s fournissent des donn\u00e9es telles que la temp\u00e9rature, l'humidit\u00e9, le taux d'utilisation ou la performance des installations \u00e0 une plate-forme cloud centrale ; dans l'\u00e9lectrotechnique, les syst\u00e8mes de mesure sont de plus en plus mis en r\u00e9seau, command\u00e9s et surveill\u00e9s de mani\u00e8re intelligente. Deux mondes fusionnent, de nouveaux risques de s\u00e9curit\u00e9 apparaissent. La vision est celle d'une connectivit\u00e9 globale et d'une exploitation des potentiels de synergie. La r\u00e9alit\u00e9, en revanche, est que ces deux mondes pr\u00e9sentent souvent des interfaces complexes, parfois obsol\u00e8tes ou comportant des erreurs, ce qui rend difficile une fusion s\u00fbre. Les cybercriminels exploitent la vuln\u00e9rabilit\u00e9 et la manipulabilit\u00e9 de ces syst\u00e8mes OT, qui ont jusqu'\u00e0 pr\u00e9sent \u00e9t\u00e9 con\u00e7us et mis hors ligne pour assurer la stabilit\u00e9 plut\u00f4t que la s\u00e9curit\u00e9.<\/p>\n<p>Alors que l'IT met classiquement l'accent sur la confidentialit\u00e9, la s\u00e9curit\u00e9 des informations et la protection des donn\u00e9es, l'OT se focalise sur la disponibilit\u00e9 des syst\u00e8mes OT (machines et installations) ainsi que sur la protection (Safety) des collaborateurs et de l'environnement. La garantie de cette s\u00e9curit\u00e9 n'est pas seulement n\u00e9cessaire en raison des environnements critiques en termes de s\u00e9curit\u00e9, elle est \u00e9galement obligatoire d'un point de vue l\u00e9gal. Il existe donc des directives claires et des \u00e9valuations co\u00fbteuses, mais pas pour la s\u00e9curit\u00e9 OT. L'IT et l'OT font pourtant tous deux partie int\u00e9grante de l'entreprise et devraient donc \u00eatre pris en compte dans l'\u00e9valuation des risques op\u00e9rationnels et op\u00e9rationnels. Comme les attaques sur les syst\u00e8mes OT peuvent mettre en danger la s\u00e9curit\u00e9 physique, leur protection devrait \u00eatre une priorit\u00e9 absolue. Les mesures n\u00e9cessaires consistent, d'une part, \u00e0 sensibiliser les collaborateurs aux risques sp\u00e9cifiques et, d'autre part, \u00e0 d\u00e9velopper le savoir-faire et les comp\u00e9tences en mati\u00e8re de composants et de protocoles OT. En outre, une approche multicouche (Defence-in-Depth) combinant tous les niveaux est indispensable. Cela implique une architecture de s\u00e9curit\u00e9 compl\u00e8te avec des solutions de s\u00e9curit\u00e9 int\u00e9gr\u00e9es pour corr\u00e9ler les donn\u00e9es et r\u00e9agir aux menaces distribu\u00e9es, des syst\u00e8mes tels que IDS\/NIDS ou In-Line-Detection, la d\u00e9tection d'attaques, XDR, Threat Management, etc.<\/p>\n<p>La norme CEI 62443 s'est \u00e9tablie dans l'environnement OT pour l'\u00e9tablissement, la mise en \u0153uvre, la v\u00e9rification et l'am\u00e9lioration continue d'un syst\u00e8me de gestion de la s\u00e9curit\u00e9 de l'information (ISMS). Il s'agit d'une m\u00e9thode efficace pour s\u00e9curiser les syst\u00e8mes industriels d'automatisation et de contr\u00f4le (SIAC) en tenant compte de tous les aspects importants, par exemple la s\u00e9curit\u00e9 des collaborateurs et de la production, la garantie de la disponibilit\u00e9, l'augmentation de l'efficacit\u00e9 et de la qualit\u00e9 de la production ainsi que la protection de l'environnement. Les entreprises peuvent ainsi identifier \u00e0 temps les points faibles potentiels de la technique de commande et de contr\u00f4le et prendre des mesures de protection judicieuses. Mais une approche globale et pr\u00e9voyante va encore plus loin et prend en compte l'environnement informatique traditionnel, l'informatique de d\u00e9veloppement et justement aussi l'informatique de production. Il ne faut pas oublier une gestion proactive des points faibles. Il ne faut pas seulement se concentrer sur les vuln\u00e9rabilit\u00e9s qui pr\u00e9sentent une certaine valeur CVSS, mais aussi sur celles qui sont activement exploit\u00e9es par les cybercriminels. Il est essentiel d'agir rapidement. Enfin, les \u00e9valuations des risques et de la s\u00e9curit\u00e9 ICS\/SCADA ainsi que le contr\u00f4le correspondant font partie d'une approche globale de la s\u00e9curit\u00e9.<\/p>\n<h3>De la d\u00e9fense en profondeur \u00e0 la confiance z\u00e9ro<\/h3>\n<p>La d\u00e9fense en profondeur, c'est-\u00e0-dire l'approche multicouche expliqu\u00e9e, occupe une place importante dans la s\u00e9curit\u00e9 IT\/OT. Cela permet de minimiser le risque que les cyberattaques - ou les incidents d\u00e9clench\u00e9s d'une autre mani\u00e8re - se propagent comme un effet domino et causent de gros d\u00e9g\u00e2ts. Toutefois, pour suivre le rythme des nouvelles menaces, les entreprises doivent \u00e9galement mettre en place des mod\u00e8les de confiance z\u00e9ro et d'automatisation. Zero Trust est une approche strat\u00e9gique de la s\u00e9curit\u00e9 qui se concentre sur le concept d'\u00e9limination de la confiance inh\u00e9rente ; autrement dit, des autorisations minimales et un acc\u00e8s minimal afin de minimiser les risques. Toutes les ressources sont consid\u00e9r\u00e9es comme externes. La confiance n'est ni binaire ni permanente. Zero Trust \u00e9tablit la confiance pour chaque demande d'acc\u00e8s, d'o\u00f9 qu'elle vienne, et impose en m\u00eame temps la fiabilit\u00e9 des appareils. L'automatisation, quant \u00e0 elle, utilise les donn\u00e9es actuelles sur les menaces pour inspecter le trafic, appliquer des politiques de confiance z\u00e9ro et bloquer les attaques en temps r\u00e9el.<\/p>\n<p>Pour une mise en \u0153uvre r\u00e9fl\u00e9chie d'un concept de s\u00e9curit\u00e9, il est n\u00e9cessaire d'am\u00e9liorer les fonctions de s\u00e9curit\u00e9 de tous les syst\u00e8mes, produits et solutions impliqu\u00e9s. Mais les directives, les processus et, en fin de compte, les collaborateurs doivent \u00e9galement \u00eatre pris en compte de mani\u00e8re appropri\u00e9e afin que diff\u00e9rentes mesures puissent \u00eatre \u00e9tablies. En effet, si une mesure de protection est contourn\u00e9e, la suivante continue \u00e0 offrir une protection. Ce principe est tr\u00e8s judicieux, car souvent les syst\u00e8mes et composants impliqu\u00e9s ne sont pas au niveau de s\u00e9curit\u00e9 actuel en raison du manque de mises \u00e0 jour et de disponibilit\u00e9 permanente.<\/p>\n<p>M\u00eame si les exigences sont \u00e9lev\u00e9es de nos jours : C'est la seule fa\u00e7on d'atteindre les objectifs strat\u00e9giques de la cybers\u00e9curit\u00e9, de minimiser les risques, de r\u00e9pondre aux exigences r\u00e9glementaires et de garantir la s\u00e9curit\u00e9 et la s\u00fbret\u00e9 dans des environnements IT\/OT complexes.<\/p>","protected":false},"excerpt":{"rendered":"<p>Das Bewusstsein f\u00fcr die Relevanz von Cybersicherheit in der IT nimmt zwar zu, jedoch erhalten OT-Umgebungen noch immer zu wenig Beachtung \u2013 mit m\u00f6glicherweise fatalen Folgen, denn schwerwiegende Ransomware-Vorf\u00e4lle gegen kritische Infrastrukturen sowohl in der Cloud als auch On-Prem h\u00e4ufen sich weltweit. Angriffstaktiken sowie -techniken entwickeln sich stetig weiter und nehmen gezielt OT-Systeme in den [&hellip;]<\/p>\n","protected":false},"author":9,"featured_media":15817,"comment_status":"closed","ping_status":"closed","sticky":false,"template":"","format":"standard","meta":{"_acf_changed":false,"pgc_sgb_lightbox_settings":"","footnotes":""},"categories":[3313],"tags":[3690,1270,63,964,3688,3689],"class_list":["post-15815","post","type-post","status-publish","format-standard","has-post-thumbnail","hentry","category-digitalisierung","tag-angriffstaktiken","tag-cyberabwehr","tag-it-security","tag-kritische-infrastrukturen","tag-ot-umgebungen","tag-ransomware-vorfaelle"],"acf":[],"hkrextid":null,"publication":null,"issue":null,"workflow":null,"startPage":null,"spitzmarke":null,"_posts_by_tag_page_fields":null,"_at_widget":null,"_yoast_wpseo_primary_category":"","_yoast_wpseo_focuskw_text_input":null,"_yoast_wpseo_opengraph-image":null,"_yoast_wpseo_opengraph-description":null,"_yoast_wpseo_opengraph-title":null,"enclosure":null,"_yoast_wpseo_twitter-title":null,"_yoast_wpseo_twitter-description":null,"_yoast_wpseo_twitter-image":null,"_wp_old_slug":null,"_yoast_wpseo_title":null,"_yoast_wpseo_canonical":null,"yoast_head":"<!-- This site is optimized with the Yoast SEO plugin v27.4 - https:\/\/yoast.com\/product\/yoast-seo-wordpress\/ -->\n<title>Verst\u00e4rkte Cyberabwehr f\u00fcr OT-Umgebungen - Save<\/title>\n<meta name=\"description\" content=\"Betriebliche Systeme, beispielsweise kritische Infrastrukturen, Industrie- oder Geb\u00e4udeautomationssysteme, sind besonders in der heutigen Zeit \u00adwichtiger denn je und zugleich einer zunehmenden Bedrohungslandschaft ausgesetzt. Unternehmen sind daher gefordert, die Cybersicherheit in \u00adOT-Umgebungen zu gew\u00e4hrleisten, und zwar zum Schutz von uns allen.\" \/>\n<meta name=\"robots\" content=\"index, follow, max-snippet:-1, max-image-preview:large, max-video-preview:-1\" \/>\n<link rel=\"canonical\" href=\"https:\/\/news.save.ch\/fr\/verstaerkte-cyberabwehr-fuer-ot-umgebungen\/\" \/>\n<meta property=\"og:locale\" content=\"fr_FR\" \/>\n<meta property=\"og:type\" content=\"article\" \/>\n<meta property=\"og:title\" content=\"Verst\u00e4rkte Cyberabwehr f\u00fcr OT-Umgebungen - Save\" \/>\n<meta property=\"og:description\" content=\"Betriebliche Systeme, beispielsweise kritische Infrastrukturen, Industrie- oder Geb\u00e4udeautomationssysteme, sind besonders in der heutigen Zeit \u00adwichtiger denn je und zugleich einer zunehmenden Bedrohungslandschaft ausgesetzt. Unternehmen sind daher gefordert, die Cybersicherheit in \u00adOT-Umgebungen zu gew\u00e4hrleisten, und zwar zum Schutz von uns allen.\" \/>\n<meta property=\"og:url\" content=\"https:\/\/news.save.ch\/fr\/verstaerkte-cyberabwehr-fuer-ot-umgebungen\/\" \/>\n<meta property=\"og:site_name\" content=\"Save\" \/>\n<meta property=\"article:published_time\" content=\"2023-02-13T04:34:44+00:00\" \/>\n<meta property=\"article:modified_time\" content=\"2023-06-08T08:30:44+00:00\" \/>\n<meta name=\"author\" content=\"Simon Gr\u00f6flin\" \/>\n<meta name=\"twitter:card\" content=\"summary_large_image\" \/>\n<meta name=\"twitter:image\" content=\"https:\/\/news.save.ch\/wp-content\/uploads\/2023\/02\/25_InfoGuard_bild1-scaled.jpg\" \/>\n<meta name=\"twitter:label1\" content=\"\u00c9crit par\" \/>\n\t<meta name=\"twitter:data1\" content=\"Simon Gr\u00f6flin\" \/>\n\t<meta name=\"twitter:label2\" content=\"Dur\u00e9e de lecture estim\u00e9e\" \/>\n\t<meta name=\"twitter:data2\" content=\"5 minutes\" \/>\n<script type=\"application\/ld+json\" class=\"yoast-schema-graph\">{\"@context\":\"https:\\\/\\\/schema.org\",\"@graph\":[{\"@type\":\"Article\",\"@id\":\"https:\\\/\\\/news.save.ch\\\/verstaerkte-cyberabwehr-fuer-ot-umgebungen\\\/#article\",\"isPartOf\":{\"@id\":\"https:\\\/\\\/news.save.ch\\\/verstaerkte-cyberabwehr-fuer-ot-umgebungen\\\/\"},\"author\":{\"name\":\"Simon Gr\u00f6flin\",\"@id\":\"https:\\\/\\\/news.save.ch\\\/de\\\/#\\\/schema\\\/person\\\/ad4ef21102fd6125312409ac57d5296d\"},\"headline\":\"Verst\u00e4rkte Cyberabwehr f\u00fcr OT-Umgebungen\",\"datePublished\":\"2023-02-13T04:34:44+00:00\",\"dateModified\":\"2023-06-08T08:30:44+00:00\",\"mainEntityOfPage\":{\"@id\":\"https:\\\/\\\/news.save.ch\\\/verstaerkte-cyberabwehr-fuer-ot-umgebungen\\\/\"},\"wordCount\":909,\"publisher\":{\"@id\":\"https:\\\/\\\/news.save.ch\\\/de\\\/#organization\"},\"image\":{\"@id\":\"https:\\\/\\\/news.save.ch\\\/verstaerkte-cyberabwehr-fuer-ot-umgebungen\\\/#primaryimage\"},\"thumbnailUrl\":\"https:\\\/\\\/news.save.ch\\\/wp-content\\\/uploads\\\/2023\\\/02\\\/25_InfoGuard_bild1-scaled.jpg\",\"keywords\":[\"Angriffstaktiken\",\"Cyberabwehr\",\"IT-SECURITY\",\"kritische Infrastrukturen\",\"OT-Umgebungen\",\"Ransomware-Vorf\u00e4lle\"],\"articleSection\":[\"DIGITALISIERUNG\"],\"inLanguage\":\"fr-FR\"},{\"@type\":\"WebPage\",\"@id\":\"https:\\\/\\\/news.save.ch\\\/verstaerkte-cyberabwehr-fuer-ot-umgebungen\\\/\",\"url\":\"https:\\\/\\\/news.save.ch\\\/verstaerkte-cyberabwehr-fuer-ot-umgebungen\\\/\",\"name\":\"Verst\u00e4rkte Cyberabwehr f\u00fcr OT-Umgebungen - Save\",\"isPartOf\":{\"@id\":\"https:\\\/\\\/news.save.ch\\\/de\\\/#website\"},\"primaryImageOfPage\":{\"@id\":\"https:\\\/\\\/news.save.ch\\\/verstaerkte-cyberabwehr-fuer-ot-umgebungen\\\/#primaryimage\"},\"image\":{\"@id\":\"https:\\\/\\\/news.save.ch\\\/verstaerkte-cyberabwehr-fuer-ot-umgebungen\\\/#primaryimage\"},\"thumbnailUrl\":\"https:\\\/\\\/news.save.ch\\\/wp-content\\\/uploads\\\/2023\\\/02\\\/25_InfoGuard_bild1-scaled.jpg\",\"datePublished\":\"2023-02-13T04:34:44+00:00\",\"dateModified\":\"2023-06-08T08:30:44+00:00\",\"description\":\"Betriebliche Systeme, beispielsweise kritische Infrastrukturen, Industrie- oder Geb\u00e4udeautomationssysteme, sind besonders in der heutigen Zeit \u00adwichtiger denn je und zugleich einer zunehmenden Bedrohungslandschaft ausgesetzt. Unternehmen sind daher gefordert, die Cybersicherheit in \u00adOT-Umgebungen zu gew\u00e4hrleisten, und zwar zum Schutz von uns allen.\",\"breadcrumb\":{\"@id\":\"https:\\\/\\\/news.save.ch\\\/verstaerkte-cyberabwehr-fuer-ot-umgebungen\\\/#breadcrumb\"},\"inLanguage\":\"fr-FR\",\"potentialAction\":[{\"@type\":\"ReadAction\",\"target\":[\"https:\\\/\\\/news.save.ch\\\/verstaerkte-cyberabwehr-fuer-ot-umgebungen\\\/\"]}]},{\"@type\":\"ImageObject\",\"inLanguage\":\"fr-FR\",\"@id\":\"https:\\\/\\\/news.save.ch\\\/verstaerkte-cyberabwehr-fuer-ot-umgebungen\\\/#primaryimage\",\"url\":\"https:\\\/\\\/news.save.ch\\\/wp-content\\\/uploads\\\/2023\\\/02\\\/25_InfoGuard_bild1-scaled.jpg\",\"contentUrl\":\"https:\\\/\\\/news.save.ch\\\/wp-content\\\/uploads\\\/2023\\\/02\\\/25_InfoGuard_bild1-scaled.jpg\",\"width\":1400,\"height\":824,\"caption\":\"Industrial technology concept.\"},{\"@type\":\"BreadcrumbList\",\"@id\":\"https:\\\/\\\/news.save.ch\\\/verstaerkte-cyberabwehr-fuer-ot-umgebungen\\\/#breadcrumb\",\"itemListElement\":[{\"@type\":\"ListItem\",\"position\":1,\"name\":\"Home\",\"item\":\"https:\\\/\\\/news.save.ch\\\/de\\\/\"},{\"@type\":\"ListItem\",\"position\":2,\"name\":\"Verst\u00e4rkte Cyberabwehr f\u00fcr OT-Umgebungen\"}]},{\"@type\":\"WebSite\",\"@id\":\"https:\\\/\\\/news.save.ch\\\/de\\\/#website\",\"url\":\"https:\\\/\\\/news.save.ch\\\/de\\\/\",\"name\":\"Save\",\"description\":\"Schweizer Fachzeitschrift f\u00fcr Sicherheit\",\"publisher\":{\"@id\":\"https:\\\/\\\/news.save.ch\\\/de\\\/#organization\"},\"potentialAction\":[{\"@type\":\"SearchAction\",\"target\":{\"@type\":\"EntryPoint\",\"urlTemplate\":\"https:\\\/\\\/news.save.ch\\\/de\\\/?s={search_term_string}\"},\"query-input\":{\"@type\":\"PropertyValueSpecification\",\"valueRequired\":true,\"valueName\":\"search_term_string\"}}],\"inLanguage\":\"fr-FR\"},{\"@type\":\"Organization\",\"@id\":\"https:\\\/\\\/news.save.ch\\\/de\\\/#organization\",\"name\":\"Sicherheitsforum\",\"url\":\"https:\\\/\\\/news.save.ch\\\/de\\\/\",\"logo\":{\"@type\":\"ImageObject\",\"inLanguage\":\"fr-FR\",\"@id\":\"https:\\\/\\\/news.save.ch\\\/de\\\/#\\\/schema\\\/logo\\\/image\\\/\",\"url\":\"https:\\\/\\\/news.save.ch\\\/wp-content\\\/uploads\\\/2022\\\/06\\\/Logo_SF_2012.png\",\"contentUrl\":\"https:\\\/\\\/news.save.ch\\\/wp-content\\\/uploads\\\/2022\\\/06\\\/Logo_SF_2012.png\",\"width\":1100,\"height\":91,\"caption\":\"Sicherheitsforum\"},\"image\":{\"@id\":\"https:\\\/\\\/news.save.ch\\\/de\\\/#\\\/schema\\\/logo\\\/image\\\/\"}},{\"@type\":\"Person\",\"@id\":\"https:\\\/\\\/news.save.ch\\\/de\\\/#\\\/schema\\\/person\\\/ad4ef21102fd6125312409ac57d5296d\",\"name\":\"Simon Gr\u00f6flin\",\"image\":{\"@type\":\"ImageObject\",\"inLanguage\":\"fr-FR\",\"@id\":\"https:\\\/\\\/secure.gravatar.com\\\/avatar\\\/6ddceb80eb734354635539e0ea5140bb7c41e42de7c45c9a2ab9921b5d5c9a83?s=96&d=mm&r=g\",\"url\":\"https:\\\/\\\/secure.gravatar.com\\\/avatar\\\/6ddceb80eb734354635539e0ea5140bb7c41e42de7c45c9a2ab9921b5d5c9a83?s=96&d=mm&r=g\",\"contentUrl\":\"https:\\\/\\\/secure.gravatar.com\\\/avatar\\\/6ddceb80eb734354635539e0ea5140bb7c41e42de7c45c9a2ab9921b5d5c9a83?s=96&d=mm&r=g\",\"caption\":\"Simon Gr\u00f6flin\"},\"url\":\"https:\\\/\\\/news.save.ch\\\/fr\\\/author\\\/simon-groeflin\\\/\"}]}<\/script>\n<!-- \/ Yoast SEO plugin. -->","yoast_head_json":{"title":"Renforcement de la cyberd\u00e9fense pour les environnements OT - Save","description":"Les syst\u00e8mes op\u00e9rationnels, par exemple les infrastructures critiques, les syst\u00e8mes industriels ou d'automatisation des b\u00e2timents, sont plus importants que jamais, en particulier \u00e0 l'heure actuelle, et sont en m\u00eame temps expos\u00e9s \u00e0 un paysage de menaces croissant. Les entreprises sont donc appel\u00e9es \u00e0 assurer la cybers\u00e9curit\u00e9 dans les environnements OT, et ce pour notre protection \u00e0 tous.","robots":{"index":"index","follow":"follow","max-snippet":"max-snippet:-1","max-image-preview":"max-image-preview:large","max-video-preview":"max-video-preview:-1"},"canonical":"https:\/\/news.save.ch\/fr\/verstaerkte-cyberabwehr-fuer-ot-umgebungen\/","og_locale":"fr_FR","og_type":"article","og_title":"Verst\u00e4rkte Cyberabwehr f\u00fcr OT-Umgebungen - Save","og_description":"Betriebliche Systeme, beispielsweise kritische Infrastrukturen, Industrie- oder Geb\u00e4udeautomationssysteme, sind besonders in der heutigen Zeit \u00adwichtiger denn je und zugleich einer zunehmenden Bedrohungslandschaft ausgesetzt. Unternehmen sind daher gefordert, die Cybersicherheit in \u00adOT-Umgebungen zu gew\u00e4hrleisten, und zwar zum Schutz von uns allen.","og_url":"https:\/\/news.save.ch\/fr\/verstaerkte-cyberabwehr-fuer-ot-umgebungen\/","og_site_name":"Save","article_published_time":"2023-02-13T04:34:44+00:00","article_modified_time":"2023-06-08T08:30:44+00:00","author":"Simon Gr\u00f6flin","twitter_card":"summary_large_image","twitter_image":"https:\/\/news.save.ch\/wp-content\/uploads\/2023\/02\/25_InfoGuard_bild1-scaled.jpg","twitter_misc":{"\u00c9crit par":"Simon Gr\u00f6flin","Dur\u00e9e de lecture estim\u00e9e":"5 minutes"},"schema":{"@context":"https:\/\/schema.org","@graph":[{"@type":"Article","@id":"https:\/\/news.save.ch\/verstaerkte-cyberabwehr-fuer-ot-umgebungen\/#article","isPartOf":{"@id":"https:\/\/news.save.ch\/verstaerkte-cyberabwehr-fuer-ot-umgebungen\/"},"author":{"name":"Simon Gr\u00f6flin","@id":"https:\/\/news.save.ch\/de\/#\/schema\/person\/ad4ef21102fd6125312409ac57d5296d"},"headline":"Verst\u00e4rkte Cyberabwehr f\u00fcr OT-Umgebungen","datePublished":"2023-02-13T04:34:44+00:00","dateModified":"2023-06-08T08:30:44+00:00","mainEntityOfPage":{"@id":"https:\/\/news.save.ch\/verstaerkte-cyberabwehr-fuer-ot-umgebungen\/"},"wordCount":909,"publisher":{"@id":"https:\/\/news.save.ch\/de\/#organization"},"image":{"@id":"https:\/\/news.save.ch\/verstaerkte-cyberabwehr-fuer-ot-umgebungen\/#primaryimage"},"thumbnailUrl":"https:\/\/news.save.ch\/wp-content\/uploads\/2023\/02\/25_InfoGuard_bild1-scaled.jpg","keywords":["Angriffstaktiken","Cyberabwehr","IT-SECURITY","kritische Infrastrukturen","OT-Umgebungen","Ransomware-Vorf\u00e4lle"],"articleSection":["DIGITALISIERUNG"],"inLanguage":"fr-FR"},{"@type":"WebPage","@id":"https:\/\/news.save.ch\/verstaerkte-cyberabwehr-fuer-ot-umgebungen\/","url":"https:\/\/news.save.ch\/verstaerkte-cyberabwehr-fuer-ot-umgebungen\/","name":"Renforcement de la cyberd\u00e9fense pour les environnements OT - Save","isPartOf":{"@id":"https:\/\/news.save.ch\/de\/#website"},"primaryImageOfPage":{"@id":"https:\/\/news.save.ch\/verstaerkte-cyberabwehr-fuer-ot-umgebungen\/#primaryimage"},"image":{"@id":"https:\/\/news.save.ch\/verstaerkte-cyberabwehr-fuer-ot-umgebungen\/#primaryimage"},"thumbnailUrl":"https:\/\/news.save.ch\/wp-content\/uploads\/2023\/02\/25_InfoGuard_bild1-scaled.jpg","datePublished":"2023-02-13T04:34:44+00:00","dateModified":"2023-06-08T08:30:44+00:00","description":"Les syst\u00e8mes op\u00e9rationnels, par exemple les infrastructures critiques, les syst\u00e8mes industriels ou d'automatisation des b\u00e2timents, sont plus importants que jamais, en particulier \u00e0 l'heure actuelle, et sont en m\u00eame temps expos\u00e9s \u00e0 un paysage de menaces croissant. Les entreprises sont donc appel\u00e9es \u00e0 assurer la cybers\u00e9curit\u00e9 dans les environnements OT, et ce pour notre protection \u00e0 tous.","breadcrumb":{"@id":"https:\/\/news.save.ch\/verstaerkte-cyberabwehr-fuer-ot-umgebungen\/#breadcrumb"},"inLanguage":"fr-FR","potentialAction":[{"@type":"ReadAction","target":["https:\/\/news.save.ch\/verstaerkte-cyberabwehr-fuer-ot-umgebungen\/"]}]},{"@type":"ImageObject","inLanguage":"fr-FR","@id":"https:\/\/news.save.ch\/verstaerkte-cyberabwehr-fuer-ot-umgebungen\/#primaryimage","url":"https:\/\/news.save.ch\/wp-content\/uploads\/2023\/02\/25_InfoGuard_bild1-scaled.jpg","contentUrl":"https:\/\/news.save.ch\/wp-content\/uploads\/2023\/02\/25_InfoGuard_bild1-scaled.jpg","width":1400,"height":824,"caption":"Industrial technology concept."},{"@type":"BreadcrumbList","@id":"https:\/\/news.save.ch\/verstaerkte-cyberabwehr-fuer-ot-umgebungen\/#breadcrumb","itemListElement":[{"@type":"ListItem","position":1,"name":"Home","item":"https:\/\/news.save.ch\/de\/"},{"@type":"ListItem","position":2,"name":"Verst\u00e4rkte Cyberabwehr f\u00fcr OT-Umgebungen"}]},{"@type":"WebSite","@id":"https:\/\/news.save.ch\/de\/#website","url":"https:\/\/news.save.ch\/de\/","name":"Save","description":"Revue suisse sp\u00e9cialis\u00e9e dans la s\u00e9curit\u00e9","publisher":{"@id":"https:\/\/news.save.ch\/de\/#organization"},"potentialAction":[{"@type":"SearchAction","target":{"@type":"EntryPoint","urlTemplate":"https:\/\/news.save.ch\/de\/?s={search_term_string}"},"query-input":{"@type":"PropertyValueSpecification","valueRequired":true,"valueName":"search_term_string"}}],"inLanguage":"fr-FR"},{"@type":"Organization","@id":"https:\/\/news.save.ch\/de\/#organization","name":"Forum sur la s\u00e9curit\u00e9","url":"https:\/\/news.save.ch\/de\/","logo":{"@type":"ImageObject","inLanguage":"fr-FR","@id":"https:\/\/news.save.ch\/de\/#\/schema\/logo\/image\/","url":"https:\/\/news.save.ch\/wp-content\/uploads\/2022\/06\/Logo_SF_2012.png","contentUrl":"https:\/\/news.save.ch\/wp-content\/uploads\/2022\/06\/Logo_SF_2012.png","width":1100,"height":91,"caption":"Sicherheitsforum"},"image":{"@id":"https:\/\/news.save.ch\/de\/#\/schema\/logo\/image\/"}},{"@type":"Person","@id":"https:\/\/news.save.ch\/de\/#\/schema\/person\/ad4ef21102fd6125312409ac57d5296d","name":"Simon Gr\u00f6flin","image":{"@type":"ImageObject","inLanguage":"fr-FR","@id":"https:\/\/secure.gravatar.com\/avatar\/6ddceb80eb734354635539e0ea5140bb7c41e42de7c45c9a2ab9921b5d5c9a83?s=96&d=mm&r=g","url":"https:\/\/secure.gravatar.com\/avatar\/6ddceb80eb734354635539e0ea5140bb7c41e42de7c45c9a2ab9921b5d5c9a83?s=96&d=mm&r=g","contentUrl":"https:\/\/secure.gravatar.com\/avatar\/6ddceb80eb734354635539e0ea5140bb7c41e42de7c45c9a2ab9921b5d5c9a83?s=96&d=mm&r=g","caption":"Simon Gr\u00f6flin"},"url":"https:\/\/news.save.ch\/fr\/author\/simon-groeflin\/"}]}},"_links":{"self":[{"href":"https:\/\/news.save.ch\/fr\/wp-json\/wp\/v2\/posts\/15815","targetHints":{"allow":["GET"]}}],"collection":[{"href":"https:\/\/news.save.ch\/fr\/wp-json\/wp\/v2\/posts"}],"about":[{"href":"https:\/\/news.save.ch\/fr\/wp-json\/wp\/v2\/types\/post"}],"author":[{"embeddable":true,"href":"https:\/\/news.save.ch\/fr\/wp-json\/wp\/v2\/users\/9"}],"replies":[{"embeddable":true,"href":"https:\/\/news.save.ch\/fr\/wp-json\/wp\/v2\/comments?post=15815"}],"version-history":[{"count":5,"href":"https:\/\/news.save.ch\/fr\/wp-json\/wp\/v2\/posts\/15815\/revisions"}],"predecessor-version":[{"id":19712,"href":"https:\/\/news.save.ch\/fr\/wp-json\/wp\/v2\/posts\/15815\/revisions\/19712"}],"wp:featuredmedia":[{"embeddable":true,"href":"https:\/\/news.save.ch\/fr\/wp-json\/wp\/v2\/media\/15817"}],"wp:attachment":[{"href":"https:\/\/news.save.ch\/fr\/wp-json\/wp\/v2\/media?parent=15815"}],"wp:term":[{"taxonomy":"category","embeddable":true,"href":"https:\/\/news.save.ch\/fr\/wp-json\/wp\/v2\/categories?post=15815"},{"taxonomy":"post_tag","embeddable":true,"href":"https:\/\/news.save.ch\/fr\/wp-json\/wp\/v2\/tags?post=15815"}],"curies":[{"name":"wp","href":"https:\/\/api.w.org\/{rel}","templated":true}]}}