{"id":1590,"date":"2015-09-09T11:38:13","date_gmt":"2015-09-09T09:38:13","guid":{"rendered":"https:\/\/dev.sicherheitsforum.ch\/?p=1590"},"modified":"2015-09-09T11:38:13","modified_gmt":"2015-09-09T09:38:13","slug":"kaba-gruppe-hohe-nettoliquiditaet-und-eigenkapitalquote","status":null,"type":"post","link":"https:\/\/news.save.ch\/fr\/kaba-gruppe-hohe-nettoliquiditaet-und-eigenkapitalquote\/","title":{"rendered":"Groupe Kaba : liquidit\u00e9s nettes et ratio de fonds propres \u00e9lev\u00e9s"},"content":{"rendered":"<p><img loading=\"lazy\" decoding=\"async\" class=\"alignnone wp-image-1592 size-full\" src=\"https:\/\/news.save.ch\/wp-content\/uploads\/2016\/12\/Kaba-Gruppe-hohe-Nettoliquidit\u00e4t-und-Eigenkapitalquote-sicherheitsforum.jpg\" width=\"535\" height=\"566\" \/><\/p>\n<p>Kaba a augment\u00e9 son EBITDA de 10,2% \u00e0 170,2 millions de francs (ann\u00e9e pr\u00e9c\u00e9dente : 154,5 millions de francs) et la marge EBITDA s'est \u00e9lev\u00e9e \u00e0 15,7%. Selon lui, ces r\u00e9sultats sont \u00e0 souligner car le groupe a r\u00e9ussi \u00e0 compenser la pression inattendue sur les prix en Suisse, due aux effets de change, provoqu\u00e9e par la forte appr\u00e9ciation du franc suisse au cours du deuxi\u00e8me semestre de l'exercice.<\/p>\n<p>Selon les indications, le r\u00e9sultat du groupe a augment\u00e9 de 8,3% pour atteindre 98,9 millions de francs (ann\u00e9e pr\u00e9c\u00e9dente : 91,3 millions de francs). Le b\u00e9n\u00e9fice par action est pass\u00e9 \u00e0 25,6 francs (ann\u00e9e pr\u00e9c\u00e9dente : 24,0 francs).<\/p>\n<p><strong>Un bilan solide<\/strong><\/p>\n<p>Le groupe, dit-on, termine l'ann\u00e9e sous revue avec un bilan solide : au 30 juin 2015, le total du bilan s'\u00e9levait \u00e0 734,3 millions de francs (30 juin 2014 : 650,9 millions de francs *). Au 30 juin 2015, l'entreprise pr\u00e9sente des liquidit\u00e9s nettes de 121,2 millions de francs (30 juin 2014 : 35,4 millions de francs) et un ratio de fonds propres \u00e9lev\u00e9 de 60,2% (ann\u00e9e pr\u00e9c\u00e9dente : 49,7%*).<\/p>\n<p>Le rapport complet de l'exercice 2014\/2015 de Kaba Holding SA en tant qu'entreprise autonome ainsi que toutes les publications relatives au groupe Kaba sont disponibles sur <a href=\"https:\/\/www.dormakaba.com\/publications\" target=\"_blank\" data-cke-saved-href=\"https:\/\/www.dormakaba.com\/publications\" rel=\"noopener\">ici <\/a>\u00e0 trouver.<\/p>\n<p><strong>Attentes pour l'exercice en cours<\/strong><\/p>\n<p>Selon l'entreprise, l'environnement mondial reste globalement instable. N\u00e9anmoins, la soci\u00e9t\u00e9 s'attend \u00e0 ce que <a href=\"https:\/\/sicherheitsforum.hamster.ch\/dorma-kaba-wettbewerbsbehoerden-genehmigen-fusion\" target=\"_blank\" data-cke-saved-href=\"https:\/\/sicherheitsforum.hamster.ch\/dorma-kaba-wettbewerbsbehoerden-genehmigen-fusion\" rel=\"noopener\">entreprises fusionn\u00e9es<\/a> dorma+kaba en Europe, les conditions \u00e9conomiques ont tendance \u00e0 \u00eatre positives. Cela vaut \u00e9galement pour l'Am\u00e9rique du Nord. En revanche, la situation en Asie-Pacifique et sur d'autres march\u00e9s \u00e9mergents (par ex. en Am\u00e9rique du Sud) est consid\u00e9r\u00e9e comme tr\u00e8s exigeante. Des objectifs concrets en termes de chiffre d'affaires et de rentabilit\u00e9 ne peuvent \u00eatre fix\u00e9s \u00e0 ce stade pr\u00e9coce du rapprochement des deux entreprises. <a href=\"https:\/\/www.dorma.de\" target=\"_blank\" data-cke-saved-href=\"https:\/\/www.dorma.de\" rel=\"noopener\">Dorma <\/a>et <a href=\"https:\/\/www.kaba.com\" target=\"_blank\" data-cke-saved-href=\"https:\/\/www.kaba.com\" rel=\"noopener\">Kaba<\/a> pour l'exercice en cours, comme le pr\u00e9cise dorma+kaba Holding AG.<\/p>\n<p><strong>Assembl\u00e9e g\u00e9n\u00e9rale du 20 octobre 2015<\/strong><\/p>\n<p>Selon le communiqu\u00e9, le conseil d'administration propose \u00e0 l'assembl\u00e9e g\u00e9n\u00e9rale de verser un dividende de 12 francs par action pour l'exercice 2014\/2015. Cela correspond \u00e0 un taux de distribution de 50,9% du b\u00e9n\u00e9fice net consolid\u00e9.<\/p>\n<p>La prochaine assembl\u00e9e g\u00e9n\u00e9rale est la 100e assembl\u00e9e g\u00e9n\u00e9rale ordinaire de Kaba Holding AG, respectivement la 1re assembl\u00e9e g\u00e9n\u00e9rale ordinaire de Kaba Holding AG. <a href=\"https:\/\/www.dormakaba.com\" target=\"_blank\" data-cke-saved-href=\"https:\/\/www.dormakaba.com\" rel=\"noopener\">dorma+kaba Holding AG<\/a>. Le conseil d'administration propose la r\u00e9\u00e9lection des dix membres du conseil d'administration ainsi que l'\u00e9lection d'Ulrich Graf en tant que pr\u00e9sident du conseil d'administration de dorma+kaba Holding SA, selon le communiqu\u00e9. En outre, le conseil d'administration propose de r\u00e9\u00e9lire Rolf D\u00f6rig, Hans Gummert et Hans Hess au comit\u00e9 de r\u00e9mun\u00e9ration.<\/p>\n<p><em>* Kaba applique la norme comptable Swiss GAAP RPC depuis le 1er juillet 2014. Pour des raisons de comparabilit\u00e9, les chiffres de l'ann\u00e9e pr\u00e9c\u00e9dente ont \u00e9t\u00e9 adapt\u00e9s. Avec ce changement, le goodwill et d'autres valeurs immat\u00e9rielles issues d'acquisitions ont \u00e9t\u00e9 imput\u00e9s sur les fonds propres. Au 30 juin 2014, cela a entra\u00een\u00e9 une r\u00e9duction du bilan et une baisse du ratio de fonds propres.<\/em><\/p>","protected":false},"excerpt":{"rendered":"<p>Kaba steigerte das EBITDA um 10,2% auf 170,2 Mio. Fr. (Vorjahr: 154,5 Mio. Fr.) und die EBITDA-Marge lag bei 15,7%. Dies sei vor allem deshalb hervorzuheben, da es der Gruppe gelungen sei, den unerwarteten w\u00e4hrungsbedingten Preisdruck in der Schweiz zu kompensieren, der durch die starke Aufwertung des Schweizer Franken in der zweiten H\u00e4lfte des Gesch\u00e4ftsjahres [&hellip;]<\/p>\n","protected":false},"author":1,"featured_media":1592,"comment_status":"open","ping_status":"open","sticky":false,"template":"","format":"standard","meta":{"_acf_changed":false,"pgc_sgb_lightbox_settings":"","footnotes":""},"categories":[1],"tags":[65],"class_list":["post-1590","post","type-post","status-publish","format-standard","has-post-thumbnail","hentry","category-allgemein","tag-unternehmen"],"acf":[],"hkrextid":null,"publication":null,"issue":null,"workflow":null,"startPage":null,"spitzmarke":null,"_posts_by_tag_page_fields":{"widget_title":"","widget_tags":""},"_at_widget":"1","_yoast_wpseo_primary_category":"1","_yoast_wpseo_focuskw_text_input":"Kaba-Gruppe","_yoast_wpseo_opengraph-image":"https:\/\/news.save.ch\/wp-content\/uploads\/2016\/12\/Kaba-Gruppe-hohe-Nettoliquidit\u00e4t-und-Eigenkapitalquote-sicherheitsforum.jpg","_yoast_wpseo_opengraph-description":"Die Kaba-Gruppe schliesst das Gesch\u00e4ftsjahr 2014\/2015 mit \u00fcberaus guten Ergebnissen ab, wie das Unternehmen heute mitgeteilt hat. Der konsolidierte Umsatz konnte um 8,1% gesteigert werden und lag mit 1085,2 Mio. Fr. erneut bei \u00fcber einer Milliarde. Organisch in Lokalw\u00e4hrungen sei es gelungen, den Umsatz um 5,4% zu erh\u00f6hen. Alle vier Divisionen lieferten einen positiven Beitrag hierzu, wie es ferner heisst.","_yoast_wpseo_opengraph-title":"Kaba-Gruppe: hohe Nettoliquidit\u00e4t und Eigenkapitalquote","enclosure":null,"_yoast_wpseo_twitter-title":null,"_yoast_wpseo_twitter-description":null,"_yoast_wpseo_twitter-image":null,"_wp_old_slug":null,"_yoast_wpseo_title":null,"_yoast_wpseo_canonical":null,"yoast_head":"<!-- This site is optimized with the Yoast SEO plugin v27.5 - https:\/\/yoast.com\/product\/yoast-seo-wordpress\/ -->\n<title>Kaba-Gruppe: hohe Nettoliquidit\u00e4t und Eigenkapitalquote - Save<\/title>\n<meta name=\"description\" content=\"Die Kaba-Gruppe schliesst das Gesch\u00e4ftsjahr 2014\/2015 mit \u00fcberaus guten Ergebnissen ab, wie das Unternehmen heute mitgeteilt hat.\" \/>\n<meta name=\"robots\" content=\"index, follow, max-snippet:-1, max-image-preview:large, max-video-preview:-1\" \/>\n<link rel=\"canonical\" href=\"https:\/\/news.save.ch\/fr\/kaba-gruppe-hohe-nettoliquiditaet-und-eigenkapitalquote\/\" \/>\n<meta property=\"og:locale\" content=\"fr_FR\" \/>\n<meta property=\"og:type\" content=\"article\" \/>\n<meta property=\"og:title\" content=\"Kaba-Gruppe: hohe Nettoliquidit\u00e4t und Eigenkapitalquote\" \/>\n<meta property=\"og:description\" content=\"Die Kaba-Gruppe schliesst das Gesch\u00e4ftsjahr 2014\/2015 mit \u00fcberaus guten Ergebnissen ab, wie das Unternehmen heute mitgeteilt hat. Der konsolidierte Umsatz konnte um 8,1% gesteigert werden und lag mit 1085,2 Mio. Fr. erneut bei \u00fcber einer Milliarde. Organisch in Lokalw\u00e4hrungen sei es gelungen, den Umsatz um 5,4% zu erh\u00f6hen. Alle vier Divisionen lieferten einen positiven Beitrag hierzu, wie es ferner heisst.\" \/>\n<meta property=\"og:url\" content=\"https:\/\/news.save.ch\/fr\/kaba-gruppe-hohe-nettoliquiditaet-und-eigenkapitalquote\/\" \/>\n<meta property=\"og:site_name\" content=\"Save\" \/>\n<meta property=\"article:published_time\" content=\"2015-09-09T09:38:13+00:00\" \/>\n<meta property=\"og:image\" content=\"https:\/\/news.save.ch\/wp-content\/uploads\/2016\/12\/Kaba-Gruppe-hohe-Nettoliquidit\u00e4t-und-Eigenkapitalquote-sicherheitsforum.jpg\" \/>\n<meta name=\"author\" content=\"admin\" \/>\n<meta name=\"twitter:card\" content=\"summary_large_image\" \/>\n<meta name=\"twitter:label1\" content=\"\u00c9crit par\" \/>\n\t<meta name=\"twitter:data1\" content=\"admin\" \/>\n\t<meta name=\"twitter:label2\" content=\"Dur\u00e9e de lecture estim\u00e9e\" \/>\n\t<meta name=\"twitter:data2\" content=\"2 minutes\" \/>\n<script type=\"application\/ld+json\" class=\"yoast-schema-graph\">{\"@context\":\"https:\\\/\\\/schema.org\",\"@graph\":[{\"@type\":\"Article\",\"@id\":\"https:\\\/\\\/news.save.ch\\\/kaba-gruppe-hohe-nettoliquiditaet-und-eigenkapitalquote\\\/#article\",\"isPartOf\":{\"@id\":\"https:\\\/\\\/news.save.ch\\\/kaba-gruppe-hohe-nettoliquiditaet-und-eigenkapitalquote\\\/\"},\"author\":{\"name\":\"admin\",\"@id\":\"https:\\\/\\\/news.save.ch\\\/de\\\/#\\\/schema\\\/person\\\/d49e199490bad7c70d64b9ab51142f2b\"},\"headline\":\"Kaba-Gruppe: hohe Nettoliquidit\u00e4t und Eigenkapitalquote\",\"datePublished\":\"2015-09-09T09:38:13+00:00\",\"mainEntityOfPage\":{\"@id\":\"https:\\\/\\\/news.save.ch\\\/kaba-gruppe-hohe-nettoliquiditaet-und-eigenkapitalquote\\\/\"},\"wordCount\":408,\"commentCount\":0,\"publisher\":{\"@id\":\"https:\\\/\\\/news.save.ch\\\/de\\\/#organization\"},\"image\":{\"@id\":\"https:\\\/\\\/news.save.ch\\\/kaba-gruppe-hohe-nettoliquiditaet-und-eigenkapitalquote\\\/#primaryimage\"},\"thumbnailUrl\":\"https:\\\/\\\/news.save.ch\\\/wp-content\\\/uploads\\\/2016\\\/12\\\/Kaba-Gruppe-hohe-Nettoliquiditaet-und-Eigenkapitalquote-sicherheitsforum.jpg\",\"keywords\":[\"Unternehmen\"],\"articleSection\":[\"ALLGEMEIN\"],\"inLanguage\":\"fr-FR\"},{\"@type\":\"WebPage\",\"@id\":\"https:\\\/\\\/news.save.ch\\\/kaba-gruppe-hohe-nettoliquiditaet-und-eigenkapitalquote\\\/\",\"url\":\"https:\\\/\\\/news.save.ch\\\/kaba-gruppe-hohe-nettoliquiditaet-und-eigenkapitalquote\\\/\",\"name\":\"Kaba-Gruppe: hohe Nettoliquidit\u00e4t und Eigenkapitalquote - Save\",\"isPartOf\":{\"@id\":\"https:\\\/\\\/news.save.ch\\\/de\\\/#website\"},\"primaryImageOfPage\":{\"@id\":\"https:\\\/\\\/news.save.ch\\\/kaba-gruppe-hohe-nettoliquiditaet-und-eigenkapitalquote\\\/#primaryimage\"},\"image\":{\"@id\":\"https:\\\/\\\/news.save.ch\\\/kaba-gruppe-hohe-nettoliquiditaet-und-eigenkapitalquote\\\/#primaryimage\"},\"thumbnailUrl\":\"https:\\\/\\\/news.save.ch\\\/wp-content\\\/uploads\\\/2016\\\/12\\\/Kaba-Gruppe-hohe-Nettoliquiditaet-und-Eigenkapitalquote-sicherheitsforum.jpg\",\"datePublished\":\"2015-09-09T09:38:13+00:00\",\"description\":\"Die Kaba-Gruppe schliesst das Gesch\u00e4ftsjahr 2014\\\/2015 mit \u00fcberaus guten Ergebnissen ab, wie das Unternehmen heute mitgeteilt hat.\",\"breadcrumb\":{\"@id\":\"https:\\\/\\\/news.save.ch\\\/kaba-gruppe-hohe-nettoliquiditaet-und-eigenkapitalquote\\\/#breadcrumb\"},\"inLanguage\":\"fr-FR\",\"potentialAction\":[{\"@type\":\"ReadAction\",\"target\":[\"https:\\\/\\\/news.save.ch\\\/kaba-gruppe-hohe-nettoliquiditaet-und-eigenkapitalquote\\\/\"]}]},{\"@type\":\"ImageObject\",\"inLanguage\":\"fr-FR\",\"@id\":\"https:\\\/\\\/news.save.ch\\\/kaba-gruppe-hohe-nettoliquiditaet-und-eigenkapitalquote\\\/#primaryimage\",\"url\":\"https:\\\/\\\/news.save.ch\\\/wp-content\\\/uploads\\\/2016\\\/12\\\/Kaba-Gruppe-hohe-Nettoliquiditaet-und-Eigenkapitalquote-sicherheitsforum.jpg\",\"contentUrl\":\"https:\\\/\\\/news.save.ch\\\/wp-content\\\/uploads\\\/2016\\\/12\\\/Kaba-Gruppe-hohe-Nettoliquiditaet-und-Eigenkapitalquote-sicherheitsforum.jpg\",\"width\":535,\"height\":566},{\"@type\":\"BreadcrumbList\",\"@id\":\"https:\\\/\\\/news.save.ch\\\/kaba-gruppe-hohe-nettoliquiditaet-und-eigenkapitalquote\\\/#breadcrumb\",\"itemListElement\":[{\"@type\":\"ListItem\",\"position\":1,\"name\":\"Home\",\"item\":\"https:\\\/\\\/news.save.ch\\\/de\\\/\"},{\"@type\":\"ListItem\",\"position\":2,\"name\":\"Kaba-Gruppe: hohe Nettoliquidit\u00e4t und Eigenkapitalquote\"}]},{\"@type\":\"WebSite\",\"@id\":\"https:\\\/\\\/news.save.ch\\\/de\\\/#website\",\"url\":\"https:\\\/\\\/news.save.ch\\\/de\\\/\",\"name\":\"Save\",\"description\":\"Schweizer Fachzeitschrift f\u00fcr Sicherheit\",\"publisher\":{\"@id\":\"https:\\\/\\\/news.save.ch\\\/de\\\/#organization\"},\"potentialAction\":[{\"@type\":\"SearchAction\",\"target\":{\"@type\":\"EntryPoint\",\"urlTemplate\":\"https:\\\/\\\/news.save.ch\\\/de\\\/?s={search_term_string}\"},\"query-input\":{\"@type\":\"PropertyValueSpecification\",\"valueRequired\":true,\"valueName\":\"search_term_string\"}}],\"inLanguage\":\"fr-FR\"},{\"@type\":\"Organization\",\"@id\":\"https:\\\/\\\/news.save.ch\\\/de\\\/#organization\",\"name\":\"Sicherheitsforum\",\"url\":\"https:\\\/\\\/news.save.ch\\\/de\\\/\",\"logo\":{\"@type\":\"ImageObject\",\"inLanguage\":\"fr-FR\",\"@id\":\"https:\\\/\\\/news.save.ch\\\/de\\\/#\\\/schema\\\/logo\\\/image\\\/\",\"url\":\"https:\\\/\\\/news.save.ch\\\/wp-content\\\/uploads\\\/2022\\\/06\\\/Logo_SF_2012.png\",\"contentUrl\":\"https:\\\/\\\/news.save.ch\\\/wp-content\\\/uploads\\\/2022\\\/06\\\/Logo_SF_2012.png\",\"width\":1100,\"height\":91,\"caption\":\"Sicherheitsforum\"},\"image\":{\"@id\":\"https:\\\/\\\/news.save.ch\\\/de\\\/#\\\/schema\\\/logo\\\/image\\\/\"}},{\"@type\":\"Person\",\"@id\":\"https:\\\/\\\/news.save.ch\\\/de\\\/#\\\/schema\\\/person\\\/d49e199490bad7c70d64b9ab51142f2b\",\"name\":\"admin\",\"image\":{\"@type\":\"ImageObject\",\"inLanguage\":\"fr-FR\",\"@id\":\"https:\\\/\\\/secure.gravatar.com\\\/avatar\\\/ae2f4d718e6c49043e314ce431e7e645d646302a24a5ef5a8bc8e3f5a032e319?s=96&d=mm&r=g\",\"url\":\"https:\\\/\\\/secure.gravatar.com\\\/avatar\\\/ae2f4d718e6c49043e314ce431e7e645d646302a24a5ef5a8bc8e3f5a032e319?s=96&d=mm&r=g\",\"contentUrl\":\"https:\\\/\\\/secure.gravatar.com\\\/avatar\\\/ae2f4d718e6c49043e314ce431e7e645d646302a24a5ef5a8bc8e3f5a032e319?s=96&d=mm&r=g\",\"caption\":\"admin\"},\"sameAs\":[\"https:\\\/\\\/develop.organisator.galledia.ch\"],\"url\":\"https:\\\/\\\/news.save.ch\\\/fr\\\/author\\\/admin\\\/\"}]}<\/script>\n<!-- \/ Yoast SEO plugin. -->","yoast_head_json":{"title":"Groupe Kaba : liquidit\u00e9s nettes et ratio de fonds propres \u00e9lev\u00e9s - Save","description":"Le groupe Kaba a cl\u00f4tur\u00e9 l'exercice 2014\/2015 avec des r\u00e9sultats extr\u00eamement positifs, comme l'a annonc\u00e9 l'entreprise aujourd'hui.","robots":{"index":"index","follow":"follow","max-snippet":"max-snippet:-1","max-image-preview":"max-image-preview:large","max-video-preview":"max-video-preview:-1"},"canonical":"https:\/\/news.save.ch\/fr\/kaba-gruppe-hohe-nettoliquiditaet-und-eigenkapitalquote\/","og_locale":"fr_FR","og_type":"article","og_title":"Kaba-Gruppe: hohe Nettoliquidit\u00e4t und Eigenkapitalquote","og_description":"Die Kaba-Gruppe schliesst das Gesch\u00e4ftsjahr 2014\/2015 mit \u00fcberaus guten Ergebnissen ab, wie das Unternehmen heute mitgeteilt hat. Der konsolidierte Umsatz konnte um 8,1% gesteigert werden und lag mit 1085,2 Mio. Fr. erneut bei \u00fcber einer Milliarde. Organisch in Lokalw\u00e4hrungen sei es gelungen, den Umsatz um 5,4% zu erh\u00f6hen. Alle vier Divisionen lieferten einen positiven Beitrag hierzu, wie es ferner heisst.","og_url":"https:\/\/news.save.ch\/fr\/kaba-gruppe-hohe-nettoliquiditaet-und-eigenkapitalquote\/","og_site_name":"Save","article_published_time":"2015-09-09T09:38:13+00:00","og_image":[{"url":"https:\/\/news.save.ch\/wp-content\/uploads\/2016\/12\/Kaba-Gruppe-hohe-Nettoliquidit\u00e4t-und-Eigenkapitalquote-sicherheitsforum.jpg","type":"","width":"","height":""}],"author":"admin","twitter_card":"summary_large_image","twitter_misc":{"\u00c9crit par":"admin","Dur\u00e9e de lecture estim\u00e9e":"2 minutes"},"schema":{"@context":"https:\/\/schema.org","@graph":[{"@type":"Article","@id":"https:\/\/news.save.ch\/kaba-gruppe-hohe-nettoliquiditaet-und-eigenkapitalquote\/#article","isPartOf":{"@id":"https:\/\/news.save.ch\/kaba-gruppe-hohe-nettoliquiditaet-und-eigenkapitalquote\/"},"author":{"name":"admin","@id":"https:\/\/news.save.ch\/de\/#\/schema\/person\/d49e199490bad7c70d64b9ab51142f2b"},"headline":"Kaba-Gruppe: hohe Nettoliquidit\u00e4t und Eigenkapitalquote","datePublished":"2015-09-09T09:38:13+00:00","mainEntityOfPage":{"@id":"https:\/\/news.save.ch\/kaba-gruppe-hohe-nettoliquiditaet-und-eigenkapitalquote\/"},"wordCount":408,"commentCount":0,"publisher":{"@id":"https:\/\/news.save.ch\/de\/#organization"},"image":{"@id":"https:\/\/news.save.ch\/kaba-gruppe-hohe-nettoliquiditaet-und-eigenkapitalquote\/#primaryimage"},"thumbnailUrl":"https:\/\/news.save.ch\/wp-content\/uploads\/2016\/12\/Kaba-Gruppe-hohe-Nettoliquiditaet-und-Eigenkapitalquote-sicherheitsforum.jpg","keywords":["Unternehmen"],"articleSection":["ALLGEMEIN"],"inLanguage":"fr-FR"},{"@type":"WebPage","@id":"https:\/\/news.save.ch\/kaba-gruppe-hohe-nettoliquiditaet-und-eigenkapitalquote\/","url":"https:\/\/news.save.ch\/kaba-gruppe-hohe-nettoliquiditaet-und-eigenkapitalquote\/","name":"Groupe Kaba : liquidit\u00e9s nettes et ratio de fonds propres \u00e9lev\u00e9s - Save","isPartOf":{"@id":"https:\/\/news.save.ch\/de\/#website"},"primaryImageOfPage":{"@id":"https:\/\/news.save.ch\/kaba-gruppe-hohe-nettoliquiditaet-und-eigenkapitalquote\/#primaryimage"},"image":{"@id":"https:\/\/news.save.ch\/kaba-gruppe-hohe-nettoliquiditaet-und-eigenkapitalquote\/#primaryimage"},"thumbnailUrl":"https:\/\/news.save.ch\/wp-content\/uploads\/2016\/12\/Kaba-Gruppe-hohe-Nettoliquiditaet-und-Eigenkapitalquote-sicherheitsforum.jpg","datePublished":"2015-09-09T09:38:13+00:00","description":"Le groupe Kaba a cl\u00f4tur\u00e9 l'exercice 2014\/2015 avec des r\u00e9sultats extr\u00eamement positifs, comme l'a annonc\u00e9 l'entreprise aujourd'hui.","breadcrumb":{"@id":"https:\/\/news.save.ch\/kaba-gruppe-hohe-nettoliquiditaet-und-eigenkapitalquote\/#breadcrumb"},"inLanguage":"fr-FR","potentialAction":[{"@type":"ReadAction","target":["https:\/\/news.save.ch\/kaba-gruppe-hohe-nettoliquiditaet-und-eigenkapitalquote\/"]}]},{"@type":"ImageObject","inLanguage":"fr-FR","@id":"https:\/\/news.save.ch\/kaba-gruppe-hohe-nettoliquiditaet-und-eigenkapitalquote\/#primaryimage","url":"https:\/\/news.save.ch\/wp-content\/uploads\/2016\/12\/Kaba-Gruppe-hohe-Nettoliquiditaet-und-Eigenkapitalquote-sicherheitsforum.jpg","contentUrl":"https:\/\/news.save.ch\/wp-content\/uploads\/2016\/12\/Kaba-Gruppe-hohe-Nettoliquiditaet-und-Eigenkapitalquote-sicherheitsforum.jpg","width":535,"height":566},{"@type":"BreadcrumbList","@id":"https:\/\/news.save.ch\/kaba-gruppe-hohe-nettoliquiditaet-und-eigenkapitalquote\/#breadcrumb","itemListElement":[{"@type":"ListItem","position":1,"name":"Home","item":"https:\/\/news.save.ch\/de\/"},{"@type":"ListItem","position":2,"name":"Kaba-Gruppe: hohe Nettoliquidit\u00e4t und Eigenkapitalquote"}]},{"@type":"WebSite","@id":"https:\/\/news.save.ch\/de\/#website","url":"https:\/\/news.save.ch\/de\/","name":"Save","description":"Revue suisse sp\u00e9cialis\u00e9e dans la s\u00e9curit\u00e9","publisher":{"@id":"https:\/\/news.save.ch\/de\/#organization"},"potentialAction":[{"@type":"SearchAction","target":{"@type":"EntryPoint","urlTemplate":"https:\/\/news.save.ch\/de\/?s={search_term_string}"},"query-input":{"@type":"PropertyValueSpecification","valueRequired":true,"valueName":"search_term_string"}}],"inLanguage":"fr-FR"},{"@type":"Organization","@id":"https:\/\/news.save.ch\/de\/#organization","name":"Forum sur la s\u00e9curit\u00e9","url":"https:\/\/news.save.ch\/de\/","logo":{"@type":"ImageObject","inLanguage":"fr-FR","@id":"https:\/\/news.save.ch\/de\/#\/schema\/logo\/image\/","url":"https:\/\/news.save.ch\/wp-content\/uploads\/2022\/06\/Logo_SF_2012.png","contentUrl":"https:\/\/news.save.ch\/wp-content\/uploads\/2022\/06\/Logo_SF_2012.png","width":1100,"height":91,"caption":"Sicherheitsforum"},"image":{"@id":"https:\/\/news.save.ch\/de\/#\/schema\/logo\/image\/"}},{"@type":"Person","@id":"https:\/\/news.save.ch\/de\/#\/schema\/person\/d49e199490bad7c70d64b9ab51142f2b","name":"admin","image":{"@type":"ImageObject","inLanguage":"fr-FR","@id":"https:\/\/secure.gravatar.com\/avatar\/ae2f4d718e6c49043e314ce431e7e645d646302a24a5ef5a8bc8e3f5a032e319?s=96&d=mm&r=g","url":"https:\/\/secure.gravatar.com\/avatar\/ae2f4d718e6c49043e314ce431e7e645d646302a24a5ef5a8bc8e3f5a032e319?s=96&d=mm&r=g","contentUrl":"https:\/\/secure.gravatar.com\/avatar\/ae2f4d718e6c49043e314ce431e7e645d646302a24a5ef5a8bc8e3f5a032e319?s=96&d=mm&r=g","caption":"admin"},"sameAs":["https:\/\/develop.organisator.galledia.ch"],"url":"https:\/\/news.save.ch\/fr\/author\/admin\/"}]}},"_links":{"self":[{"href":"https:\/\/news.save.ch\/fr\/wp-json\/wp\/v2\/posts\/1590","targetHints":{"allow":["GET"]}}],"collection":[{"href":"https:\/\/news.save.ch\/fr\/wp-json\/wp\/v2\/posts"}],"about":[{"href":"https:\/\/news.save.ch\/fr\/wp-json\/wp\/v2\/types\/post"}],"author":[{"embeddable":true,"href":"https:\/\/news.save.ch\/fr\/wp-json\/wp\/v2\/users\/1"}],"replies":[{"embeddable":true,"href":"https:\/\/news.save.ch\/fr\/wp-json\/wp\/v2\/comments?post=1590"}],"version-history":[{"count":0,"href":"https:\/\/news.save.ch\/fr\/wp-json\/wp\/v2\/posts\/1590\/revisions"}],"wp:featuredmedia":[{"embeddable":true,"href":"https:\/\/news.save.ch\/fr\/wp-json\/wp\/v2\/media\/1592"}],"wp:attachment":[{"href":"https:\/\/news.save.ch\/fr\/wp-json\/wp\/v2\/media?parent=1590"}],"wp:term":[{"taxonomy":"category","embeddable":true,"href":"https:\/\/news.save.ch\/fr\/wp-json\/wp\/v2\/categories?post=1590"},{"taxonomy":"post_tag","embeddable":true,"href":"https:\/\/news.save.ch\/fr\/wp-json\/wp\/v2\/tags?post=1590"}],"curies":[{"name":"wp","href":"https:\/\/api.w.org\/{rel}","templated":true}]}}