{"id":1611,"date":"2015-08-17T11:45:45","date_gmt":"2015-08-17T09:45:45","guid":{"rendered":"https:\/\/dev.sicherheitsforum.ch\/?p=1611"},"modified":"2015-08-17T11:45:45","modified_gmt":"2015-08-17T09:45:45","slug":"kapo-st-gallen-goes-mobile","status":null,"type":"post","link":"https:\/\/news.save.ch\/fr\/kapo-st-gallen-goes-mobile\/","title":{"rendered":"Kapo St. Gallen goes Mobile"},"content":{"rendered":"<p><img loading=\"lazy\" decoding=\"async\" class=\"alignnone size-medium wp-image-1612\" src=\"https:\/\/sicherheitsforum.ch\/wp-content\/uploads\/2016\/12\/Kapo-St.-Gallen-goes-Mobile-sicherheitsforum.jpg\" alt=\"\" width=\"680\" height=\"383\" \/><\/p>\n<p>Le corps de police de Suisse orientale a \u00e9quip\u00e9 ses collaborateurs de smartphones, a mis en place une solution de gestion de la mobilit\u00e9 d'entreprise et est d\u00e9sormais pr\u00eat \u00e0 utiliser en toute s\u00e9curit\u00e9 toutes les solutions mobiles imaginables : \"Lorsque nos policiers saisissent par exemple des faits sur place de mani\u00e8re num\u00e9rique par smartphone, ils s'\u00e9pargnent non seulement des travaux ult\u00e9rieurs fastidieux au bureau - les informations peuvent \u00e9galement \u00eatre utilis\u00e9es imm\u00e9diatement pour d'autres enqu\u00eates\".<\/p>\n<p>En recourant aux technologies mobiles, la police cantonale de Saint-Gall veut augmenter l'efficacit\u00e9 de ses collaborateurs. La gestion centrale des appareils et des apps est assur\u00e9e par une plate-forme de gestion de la mobilit\u00e9 d'entreprise (EMM) exploit\u00e9e par Abraxas et bas\u00e9e sur Citrix XenMobile. La plateforme assure un fonctionnement s\u00fbr des appareils et met \u00e0 disposition les apps n\u00e9cessaires pour le corps de police.<\/p>\n<p>Apr\u00e8s la premi\u00e8re \u00e9tape achev\u00e9e au d\u00e9but de l'\u00e9t\u00e9, le projet se trouve dans la phase suivante. Diverses applications doivent maintenant \u00eatre d\u00e9velopp\u00e9es et introduites d'ici fin 2016. \"Ce n'est bien s\u00fbr qu'un d\u00e9but\", explique le commandant de police Bruno Zanga dans le <a href=\"https:\/\/www.abraxas.ch\/referenzen\/kantonspolizei-st-gallen\" target=\"_blank\" data-cke-saved-href=\"https:\/\/www.abraxas.ch\/referenzen\/kantonspolizei-st-gallen\" rel=\"noopener\">Film sur le projet<\/a>t. \"Nous mettrons continuellement \u00e0 la disposition de nos policiers d'autres applications qui leur faciliteront la vie sur le terrain\".<\/p>\n<p>Une \u00e9tude de cas sur le projet ainsi que d'autres informations sur les activit\u00e9s mobiles sont disponibles \u00e0 l'adresse suivante <a href=\"https:\/\/www.abraxas.ch\/gomobile\" target=\"_blank\" data-cke-saved-href=\"https:\/\/www.abraxas.ch\/gomobile\" rel=\"noopener\">ici <\/a>\u00e0 trouver.<\/p>","protected":false},"excerpt":{"rendered":"<p>Das Ostschweizer Korps hat seine Mitarbeiterinnen und Mitarbeiter mit Smartphones ausger\u00fcstet, eine Enterprise-Mobility-Management-L\u00f6sung eingef\u00fchrt und ist nun bereit f\u00fcr den sicheren Einsatz aller erdenklichen Mobile-L\u00f6sungen: &#8222;Wenn unsere Polizisten beispielsweise Tatbest\u00e4nde vor Ort digital per Smartphone erfassen, sparen sie sich nicht nur aufwendige Nacharbeiten im B\u00fcro &#8211; die Informationen k\u00f6nnen auch sofort f\u00fcr weitere Ermittlungen genutzt [&hellip;]<\/p>\n","protected":false},"author":1,"featured_media":1612,"comment_status":"open","ping_status":"open","sticky":false,"template":"","format":"standard","meta":{"_acf_changed":false,"pgc_sgb_lightbox_settings":"","footnotes":""},"categories":[1],"tags":[69],"class_list":["post-1611","post","type-post","status-publish","format-standard","has-post-thumbnail","hentry","category-allgemein","tag-justiz-polizei"],"acf":[],"hkrextid":null,"publication":null,"issue":null,"workflow":null,"startPage":null,"spitzmarke":null,"_posts_by_tag_page_fields":{"widget_title":"","widget_tags":""},"_at_widget":"1","_yoast_wpseo_primary_category":"1","_yoast_wpseo_focuskw_text_input":"Kapo St. Gallen","_yoast_wpseo_opengraph-image":"https:\/\/sicherheitsforum.ch\/wp-content\/uploads\/2016\/12\/Kapo-St.-Gallen-goes-Mobile-sicherheitsforum.jpg","_yoast_wpseo_opengraph-description":"Mit dem Projekt 'Kapo goes Mobile' hat die Kantonspolizei St. Gallen das mobile Zeitalter eingel\u00e4utet. Das soll die Effizienz der Mitarbeitenden erh\u00f6hen.","_yoast_wpseo_opengraph-title":"Kapo St. Gallen goes Mobile","enclosure":null,"_yoast_wpseo_twitter-title":null,"_yoast_wpseo_twitter-description":null,"_yoast_wpseo_twitter-image":null,"_wp_old_slug":null,"_yoast_wpseo_title":null,"_yoast_wpseo_canonical":null,"yoast_head":"<!-- This site is optimized with the Yoast SEO plugin v27.5 - https:\/\/yoast.com\/product\/yoast-seo-wordpress\/ -->\n<title>Kapo St. Gallen goes Mobile - Save<\/title>\n<meta name=\"description\" content=\"Mit dem Projekt &#039;Kapo goes Mobile&#039; hat die Kantonspolizei St. Gallen das mobile Zeitalter eingel\u00e4utet. Das soll die Effizienz der Mitarbeitenden erh\u00f6hen.\" \/>\n<meta name=\"robots\" content=\"index, follow, max-snippet:-1, max-image-preview:large, max-video-preview:-1\" \/>\n<link rel=\"canonical\" href=\"https:\/\/news.save.ch\/fr\/kapo-st-gallen-goes-mobile\/\" \/>\n<meta property=\"og:locale\" content=\"fr_FR\" \/>\n<meta property=\"og:type\" content=\"article\" \/>\n<meta property=\"og:title\" content=\"Kapo St. Gallen goes Mobile\" \/>\n<meta property=\"og:description\" content=\"Mit dem Projekt &#039;Kapo goes Mobile&#039; hat die Kantonspolizei St. Gallen das mobile Zeitalter eingel\u00e4utet. Das soll die Effizienz der Mitarbeitenden erh\u00f6hen.\" \/>\n<meta property=\"og:url\" content=\"https:\/\/news.save.ch\/fr\/kapo-st-gallen-goes-mobile\/\" \/>\n<meta property=\"og:site_name\" content=\"Save\" \/>\n<meta property=\"article:published_time\" content=\"2015-08-17T09:45:45+00:00\" \/>\n<meta property=\"og:image\" content=\"https:\/\/sicherheitsforum.ch\/wp-content\/uploads\/2016\/12\/Kapo-St.-Gallen-goes-Mobile-sicherheitsforum.jpg\" \/>\n<meta name=\"author\" content=\"admin\" \/>\n<meta name=\"twitter:card\" content=\"summary_large_image\" \/>\n<meta name=\"twitter:label1\" content=\"\u00c9crit par\" \/>\n\t<meta name=\"twitter:data1\" content=\"admin\" \/>\n\t<meta name=\"twitter:label2\" content=\"Dur\u00e9e de lecture estim\u00e9e\" \/>\n\t<meta name=\"twitter:data2\" content=\"1 minute\" \/>\n<script type=\"application\/ld+json\" class=\"yoast-schema-graph\">{\"@context\":\"https:\\\/\\\/schema.org\",\"@graph\":[{\"@type\":\"Article\",\"@id\":\"https:\\\/\\\/news.save.ch\\\/kapo-st-gallen-goes-mobile\\\/#article\",\"isPartOf\":{\"@id\":\"https:\\\/\\\/news.save.ch\\\/kapo-st-gallen-goes-mobile\\\/\"},\"author\":{\"name\":\"admin\",\"@id\":\"https:\\\/\\\/news.save.ch\\\/de\\\/#\\\/schema\\\/person\\\/d49e199490bad7c70d64b9ab51142f2b\"},\"headline\":\"Kapo St. Gallen goes Mobile\",\"datePublished\":\"2015-08-17T09:45:45+00:00\",\"mainEntityOfPage\":{\"@id\":\"https:\\\/\\\/news.save.ch\\\/kapo-st-gallen-goes-mobile\\\/\"},\"wordCount\":208,\"commentCount\":0,\"publisher\":{\"@id\":\"https:\\\/\\\/news.save.ch\\\/de\\\/#organization\"},\"image\":{\"@id\":\"https:\\\/\\\/news.save.ch\\\/kapo-st-gallen-goes-mobile\\\/#primaryimage\"},\"thumbnailUrl\":\"https:\\\/\\\/news.save.ch\\\/wp-content\\\/uploads\\\/2016\\\/12\\\/Kapo-St.-Gallen-goes-Mobile-sicherheitsforum-scaled.jpg\",\"keywords\":[\"Justiz &amp; Polizei\"],\"articleSection\":[\"ALLGEMEIN\"],\"inLanguage\":\"fr-FR\"},{\"@type\":\"WebPage\",\"@id\":\"https:\\\/\\\/news.save.ch\\\/kapo-st-gallen-goes-mobile\\\/\",\"url\":\"https:\\\/\\\/news.save.ch\\\/kapo-st-gallen-goes-mobile\\\/\",\"name\":\"Kapo St. Gallen goes Mobile - Save\",\"isPartOf\":{\"@id\":\"https:\\\/\\\/news.save.ch\\\/de\\\/#website\"},\"primaryImageOfPage\":{\"@id\":\"https:\\\/\\\/news.save.ch\\\/kapo-st-gallen-goes-mobile\\\/#primaryimage\"},\"image\":{\"@id\":\"https:\\\/\\\/news.save.ch\\\/kapo-st-gallen-goes-mobile\\\/#primaryimage\"},\"thumbnailUrl\":\"https:\\\/\\\/news.save.ch\\\/wp-content\\\/uploads\\\/2016\\\/12\\\/Kapo-St.-Gallen-goes-Mobile-sicherheitsforum-scaled.jpg\",\"datePublished\":\"2015-08-17T09:45:45+00:00\",\"description\":\"Mit dem Projekt 'Kapo goes Mobile' hat die Kantonspolizei St. Gallen das mobile Zeitalter eingel\u00e4utet. Das soll die Effizienz der Mitarbeitenden erh\u00f6hen.\",\"breadcrumb\":{\"@id\":\"https:\\\/\\\/news.save.ch\\\/kapo-st-gallen-goes-mobile\\\/#breadcrumb\"},\"inLanguage\":\"fr-FR\",\"potentialAction\":[{\"@type\":\"ReadAction\",\"target\":[\"https:\\\/\\\/news.save.ch\\\/kapo-st-gallen-goes-mobile\\\/\"]}]},{\"@type\":\"ImageObject\",\"inLanguage\":\"fr-FR\",\"@id\":\"https:\\\/\\\/news.save.ch\\\/kapo-st-gallen-goes-mobile\\\/#primaryimage\",\"url\":\"https:\\\/\\\/news.save.ch\\\/wp-content\\\/uploads\\\/2016\\\/12\\\/Kapo-St.-Gallen-goes-Mobile-sicherheitsforum-scaled.jpg\",\"contentUrl\":\"https:\\\/\\\/news.save.ch\\\/wp-content\\\/uploads\\\/2016\\\/12\\\/Kapo-St.-Gallen-goes-Mobile-sicherheitsforum-scaled.jpg\",\"width\":1400,\"height\":788},{\"@type\":\"BreadcrumbList\",\"@id\":\"https:\\\/\\\/news.save.ch\\\/kapo-st-gallen-goes-mobile\\\/#breadcrumb\",\"itemListElement\":[{\"@type\":\"ListItem\",\"position\":1,\"name\":\"Home\",\"item\":\"https:\\\/\\\/news.save.ch\\\/de\\\/\"},{\"@type\":\"ListItem\",\"position\":2,\"name\":\"Kapo St. Gallen goes Mobile\"}]},{\"@type\":\"WebSite\",\"@id\":\"https:\\\/\\\/news.save.ch\\\/de\\\/#website\",\"url\":\"https:\\\/\\\/news.save.ch\\\/de\\\/\",\"name\":\"Save\",\"description\":\"Schweizer Fachzeitschrift f\u00fcr Sicherheit\",\"publisher\":{\"@id\":\"https:\\\/\\\/news.save.ch\\\/de\\\/#organization\"},\"potentialAction\":[{\"@type\":\"SearchAction\",\"target\":{\"@type\":\"EntryPoint\",\"urlTemplate\":\"https:\\\/\\\/news.save.ch\\\/de\\\/?s={search_term_string}\"},\"query-input\":{\"@type\":\"PropertyValueSpecification\",\"valueRequired\":true,\"valueName\":\"search_term_string\"}}],\"inLanguage\":\"fr-FR\"},{\"@type\":\"Organization\",\"@id\":\"https:\\\/\\\/news.save.ch\\\/de\\\/#organization\",\"name\":\"Sicherheitsforum\",\"url\":\"https:\\\/\\\/news.save.ch\\\/de\\\/\",\"logo\":{\"@type\":\"ImageObject\",\"inLanguage\":\"fr-FR\",\"@id\":\"https:\\\/\\\/news.save.ch\\\/de\\\/#\\\/schema\\\/logo\\\/image\\\/\",\"url\":\"https:\\\/\\\/news.save.ch\\\/wp-content\\\/uploads\\\/2022\\\/06\\\/Logo_SF_2012.png\",\"contentUrl\":\"https:\\\/\\\/news.save.ch\\\/wp-content\\\/uploads\\\/2022\\\/06\\\/Logo_SF_2012.png\",\"width\":1100,\"height\":91,\"caption\":\"Sicherheitsforum\"},\"image\":{\"@id\":\"https:\\\/\\\/news.save.ch\\\/de\\\/#\\\/schema\\\/logo\\\/image\\\/\"}},{\"@type\":\"Person\",\"@id\":\"https:\\\/\\\/news.save.ch\\\/de\\\/#\\\/schema\\\/person\\\/d49e199490bad7c70d64b9ab51142f2b\",\"name\":\"admin\",\"image\":{\"@type\":\"ImageObject\",\"inLanguage\":\"fr-FR\",\"@id\":\"https:\\\/\\\/secure.gravatar.com\\\/avatar\\\/ae2f4d718e6c49043e314ce431e7e645d646302a24a5ef5a8bc8e3f5a032e319?s=96&d=mm&r=g\",\"url\":\"https:\\\/\\\/secure.gravatar.com\\\/avatar\\\/ae2f4d718e6c49043e314ce431e7e645d646302a24a5ef5a8bc8e3f5a032e319?s=96&d=mm&r=g\",\"contentUrl\":\"https:\\\/\\\/secure.gravatar.com\\\/avatar\\\/ae2f4d718e6c49043e314ce431e7e645d646302a24a5ef5a8bc8e3f5a032e319?s=96&d=mm&r=g\",\"caption\":\"admin\"},\"sameAs\":[\"https:\\\/\\\/develop.organisator.galledia.ch\"],\"url\":\"https:\\\/\\\/news.save.ch\\\/fr\\\/author\\\/admin\\\/\"}]}<\/script>\n<!-- \/ Yoast SEO plugin. -->","yoast_head_json":{"title":"Kapo St. Gallen goes Mobile - Save","description":"Avec le projet 'Kapo goes Mobile', la police cantonale de Saint-Gall a inaugur\u00e9 l'\u00e8re de la mobilit\u00e9. Cela devrait permettre d'augmenter l'efficacit\u00e9 des collaborateurs.","robots":{"index":"index","follow":"follow","max-snippet":"max-snippet:-1","max-image-preview":"max-image-preview:large","max-video-preview":"max-video-preview:-1"},"canonical":"https:\/\/news.save.ch\/fr\/kapo-st-gallen-goes-mobile\/","og_locale":"fr_FR","og_type":"article","og_title":"Kapo St. Gallen goes Mobile","og_description":"Mit dem Projekt 'Kapo goes Mobile' hat die Kantonspolizei St. Gallen das mobile Zeitalter eingel\u00e4utet. Das soll die Effizienz der Mitarbeitenden erh\u00f6hen.","og_url":"https:\/\/news.save.ch\/fr\/kapo-st-gallen-goes-mobile\/","og_site_name":"Save","article_published_time":"2015-08-17T09:45:45+00:00","og_image":[{"url":"https:\/\/sicherheitsforum.ch\/wp-content\/uploads\/2016\/12\/Kapo-St.-Gallen-goes-Mobile-sicherheitsforum.jpg","type":"","width":"","height":""}],"author":"admin","twitter_card":"summary_large_image","twitter_misc":{"\u00c9crit par":"admin","Dur\u00e9e de lecture estim\u00e9e":"1 minute"},"schema":{"@context":"https:\/\/schema.org","@graph":[{"@type":"Article","@id":"https:\/\/news.save.ch\/kapo-st-gallen-goes-mobile\/#article","isPartOf":{"@id":"https:\/\/news.save.ch\/kapo-st-gallen-goes-mobile\/"},"author":{"name":"admin","@id":"https:\/\/news.save.ch\/de\/#\/schema\/person\/d49e199490bad7c70d64b9ab51142f2b"},"headline":"Kapo St. Gallen goes Mobile","datePublished":"2015-08-17T09:45:45+00:00","mainEntityOfPage":{"@id":"https:\/\/news.save.ch\/kapo-st-gallen-goes-mobile\/"},"wordCount":208,"commentCount":0,"publisher":{"@id":"https:\/\/news.save.ch\/de\/#organization"},"image":{"@id":"https:\/\/news.save.ch\/kapo-st-gallen-goes-mobile\/#primaryimage"},"thumbnailUrl":"https:\/\/news.save.ch\/wp-content\/uploads\/2016\/12\/Kapo-St.-Gallen-goes-Mobile-sicherheitsforum-scaled.jpg","keywords":["Justiz &amp; Polizei"],"articleSection":["ALLGEMEIN"],"inLanguage":"fr-FR"},{"@type":"WebPage","@id":"https:\/\/news.save.ch\/kapo-st-gallen-goes-mobile\/","url":"https:\/\/news.save.ch\/kapo-st-gallen-goes-mobile\/","name":"Kapo St. Gallen goes Mobile - Save","isPartOf":{"@id":"https:\/\/news.save.ch\/de\/#website"},"primaryImageOfPage":{"@id":"https:\/\/news.save.ch\/kapo-st-gallen-goes-mobile\/#primaryimage"},"image":{"@id":"https:\/\/news.save.ch\/kapo-st-gallen-goes-mobile\/#primaryimage"},"thumbnailUrl":"https:\/\/news.save.ch\/wp-content\/uploads\/2016\/12\/Kapo-St.-Gallen-goes-Mobile-sicherheitsforum-scaled.jpg","datePublished":"2015-08-17T09:45:45+00:00","description":"Avec le projet 'Kapo goes Mobile', la police cantonale de Saint-Gall a inaugur\u00e9 l'\u00e8re de la mobilit\u00e9. Cela devrait permettre d'augmenter l'efficacit\u00e9 des collaborateurs.","breadcrumb":{"@id":"https:\/\/news.save.ch\/kapo-st-gallen-goes-mobile\/#breadcrumb"},"inLanguage":"fr-FR","potentialAction":[{"@type":"ReadAction","target":["https:\/\/news.save.ch\/kapo-st-gallen-goes-mobile\/"]}]},{"@type":"ImageObject","inLanguage":"fr-FR","@id":"https:\/\/news.save.ch\/kapo-st-gallen-goes-mobile\/#primaryimage","url":"https:\/\/news.save.ch\/wp-content\/uploads\/2016\/12\/Kapo-St.-Gallen-goes-Mobile-sicherheitsforum-scaled.jpg","contentUrl":"https:\/\/news.save.ch\/wp-content\/uploads\/2016\/12\/Kapo-St.-Gallen-goes-Mobile-sicherheitsforum-scaled.jpg","width":1400,"height":788},{"@type":"BreadcrumbList","@id":"https:\/\/news.save.ch\/kapo-st-gallen-goes-mobile\/#breadcrumb","itemListElement":[{"@type":"ListItem","position":1,"name":"Home","item":"https:\/\/news.save.ch\/de\/"},{"@type":"ListItem","position":2,"name":"Kapo St. Gallen goes Mobile"}]},{"@type":"WebSite","@id":"https:\/\/news.save.ch\/de\/#website","url":"https:\/\/news.save.ch\/de\/","name":"Save","description":"Revue suisse sp\u00e9cialis\u00e9e dans la s\u00e9curit\u00e9","publisher":{"@id":"https:\/\/news.save.ch\/de\/#organization"},"potentialAction":[{"@type":"SearchAction","target":{"@type":"EntryPoint","urlTemplate":"https:\/\/news.save.ch\/de\/?s={search_term_string}"},"query-input":{"@type":"PropertyValueSpecification","valueRequired":true,"valueName":"search_term_string"}}],"inLanguage":"fr-FR"},{"@type":"Organization","@id":"https:\/\/news.save.ch\/de\/#organization","name":"Forum sur la s\u00e9curit\u00e9","url":"https:\/\/news.save.ch\/de\/","logo":{"@type":"ImageObject","inLanguage":"fr-FR","@id":"https:\/\/news.save.ch\/de\/#\/schema\/logo\/image\/","url":"https:\/\/news.save.ch\/wp-content\/uploads\/2022\/06\/Logo_SF_2012.png","contentUrl":"https:\/\/news.save.ch\/wp-content\/uploads\/2022\/06\/Logo_SF_2012.png","width":1100,"height":91,"caption":"Sicherheitsforum"},"image":{"@id":"https:\/\/news.save.ch\/de\/#\/schema\/logo\/image\/"}},{"@type":"Person","@id":"https:\/\/news.save.ch\/de\/#\/schema\/person\/d49e199490bad7c70d64b9ab51142f2b","name":"admin","image":{"@type":"ImageObject","inLanguage":"fr-FR","@id":"https:\/\/secure.gravatar.com\/avatar\/ae2f4d718e6c49043e314ce431e7e645d646302a24a5ef5a8bc8e3f5a032e319?s=96&d=mm&r=g","url":"https:\/\/secure.gravatar.com\/avatar\/ae2f4d718e6c49043e314ce431e7e645d646302a24a5ef5a8bc8e3f5a032e319?s=96&d=mm&r=g","contentUrl":"https:\/\/secure.gravatar.com\/avatar\/ae2f4d718e6c49043e314ce431e7e645d646302a24a5ef5a8bc8e3f5a032e319?s=96&d=mm&r=g","caption":"admin"},"sameAs":["https:\/\/develop.organisator.galledia.ch"],"url":"https:\/\/news.save.ch\/fr\/author\/admin\/"}]}},"_links":{"self":[{"href":"https:\/\/news.save.ch\/fr\/wp-json\/wp\/v2\/posts\/1611","targetHints":{"allow":["GET"]}}],"collection":[{"href":"https:\/\/news.save.ch\/fr\/wp-json\/wp\/v2\/posts"}],"about":[{"href":"https:\/\/news.save.ch\/fr\/wp-json\/wp\/v2\/types\/post"}],"author":[{"embeddable":true,"href":"https:\/\/news.save.ch\/fr\/wp-json\/wp\/v2\/users\/1"}],"replies":[{"embeddable":true,"href":"https:\/\/news.save.ch\/fr\/wp-json\/wp\/v2\/comments?post=1611"}],"version-history":[{"count":0,"href":"https:\/\/news.save.ch\/fr\/wp-json\/wp\/v2\/posts\/1611\/revisions"}],"wp:featuredmedia":[{"embeddable":true,"href":"https:\/\/news.save.ch\/fr\/wp-json\/wp\/v2\/media\/1612"}],"wp:attachment":[{"href":"https:\/\/news.save.ch\/fr\/wp-json\/wp\/v2\/media?parent=1611"}],"wp:term":[{"taxonomy":"category","embeddable":true,"href":"https:\/\/news.save.ch\/fr\/wp-json\/wp\/v2\/categories?post=1611"},{"taxonomy":"post_tag","embeddable":true,"href":"https:\/\/news.save.ch\/fr\/wp-json\/wp\/v2\/tags?post=1611"}],"curies":[{"name":"wp","href":"https:\/\/api.w.org\/{rel}","templated":true}]}}