{"id":1613,"date":"2015-09-03T11:50:08","date_gmt":"2015-09-03T09:50:08","guid":{"rendered":"https:\/\/dev.sicherheitsforum.ch\/?p=1613"},"modified":"2015-09-03T11:50:08","modified_gmt":"2015-09-03T09:50:08","slug":"svti-grundsteinlegung-erweiterung-west","status":null,"type":"post","link":"https:\/\/news.save.ch\/fr\/svti-grundsteinlegung-erweiterung-west\/","title":{"rendered":"ASIT : Pose de la premi\u00e8re pierre \"Extension Ouest"},"content":{"rendered":"<div id='gallery-1' class='gallery galleryid-1613 gallery-columns-3 gallery-size-thumbnail'><figure class='gallery-item'>\n\t\t\t<div class='gallery-icon landscape'>\n\t\t\t\t<a href='https:\/\/news.save.ch\/fr\/svti-grundsteinlegung-erweiterung-west1-sicherheitsforum\/'><img loading=\"lazy\" decoding=\"async\" width=\"150\" height=\"100\" src=\"https:\/\/news.save.ch\/wp-content\/uploads\/2016\/12\/SVTI-Grundsteinlegung-22Erweiterung-West221-sicherheitsforum-scaled.jpg\" class=\"attachment-thumbnail size-thumbnail\" alt=\"\" srcset=\"https:\/\/news.save.ch\/wp-content\/uploads\/2016\/12\/SVTI-Grundsteinlegung-22Erweiterung-West221-sicherheitsforum-scaled.jpg 1400w, https:\/\/news.save.ch\/wp-content\/uploads\/2016\/12\/SVTI-Grundsteinlegung-22Erweiterung-West221-sicherheitsforum-375x250.jpg 375w\" sizes=\"auto, (max-width: 150px) 100vw, 150px\" \/><\/a>\n\t\t\t<\/div><\/figure><figure class='gallery-item'>\n\t\t\t<div class='gallery-icon landscape'>\n\t\t\t\t<a href='https:\/\/news.save.ch\/fr\/svti-grundsteinlegung-erweiterung-west2-sicherheitsforum\/'><img loading=\"lazy\" decoding=\"async\" width=\"150\" height=\"100\" src=\"https:\/\/news.save.ch\/wp-content\/uploads\/2016\/12\/SVTI-Grundsteinlegung-22Erweiterung-West222-sicherheitsforum-scaled.jpg\" class=\"attachment-thumbnail size-thumbnail\" alt=\"\" srcset=\"https:\/\/news.save.ch\/wp-content\/uploads\/2016\/12\/SVTI-Grundsteinlegung-22Erweiterung-West222-sicherheitsforum-scaled.jpg 1400w, https:\/\/news.save.ch\/wp-content\/uploads\/2016\/12\/SVTI-Grundsteinlegung-22Erweiterung-West222-sicherheitsforum-375x250.jpg 375w\" sizes=\"auto, (max-width: 150px) 100vw, 150px\" \/><\/a>\n\t\t\t<\/div><\/figure><figure class='gallery-item'>\n\t\t\t<div class='gallery-icon landscape'>\n\t\t\t\t<a href='https:\/\/news.save.ch\/fr\/svti-grundsteinlegung-erweiterung-west3-sicherheitsforum\/'><img loading=\"lazy\" decoding=\"async\" width=\"150\" height=\"70\" src=\"https:\/\/news.save.ch\/wp-content\/uploads\/2016\/12\/SVTI-Grundsteinlegung-22Erweiterung-West223-sicherheitsforum-scaled.jpg\" class=\"attachment-thumbnail size-thumbnail\" alt=\"\" srcset=\"https:\/\/news.save.ch\/wp-content\/uploads\/2016\/12\/SVTI-Grundsteinlegung-22Erweiterung-West223-sicherheitsforum-scaled.jpg 1400w, https:\/\/news.save.ch\/wp-content\/uploads\/2016\/12\/SVTI-Grundsteinlegung-22Erweiterung-West223-sicherheitsforum-375x176.jpg 375w\" sizes=\"auto, (max-width: 150px) 100vw, 150px\" \/><\/a>\n\t\t\t<\/div><\/figure>\n\t\t<\/div>\n\n<p><em>Si\u00e8ge de l'ASIT \u00e0 Wallisellen : C'est ici que l'extension ouest est construite.<\/em><\/p>\n<figure id=\"attachment_1624\" aria-describedby=\"caption-attachment-1624\" style=\"width: 680px\" class=\"wp-caption alignnone\"><img loading=\"lazy\" decoding=\"async\" class=\"wp-image-1624 size-medium\" src=\"https:\/\/news.save.ch\/wp-content\/uploads\/2016\/12\/SVTI-Hauptsitz-in-Wallisellen-Hier-wird-die-Erweiterung-West-gebaut.-sicherheitsforum.jpg\" width=\"680\" height=\"453\" \/><figcaption id=\"caption-attachment-1624\" class=\"wp-caption-text\">Le Forum de la s\u00e9curit\u00e9, qui contient un article de l'ASIT, est \u00e9galement plac\u00e9 dans la cartouche, qui est ensuite enfouie dans la fouille. Photos : R.Str\u00e4ssle<\/figcaption><\/figure>\n<p>Ils \u00e9taient tous venus : Des repr\u00e9sentants de la commune de Wallisellen, des personnes du bureau d'architectes responsable du projet et des membres de la direction de l'entreprise. <a href=\"https:\/\/www.hzds.ch\" target=\"_blank\" data-cke-saved-href=\"https:\/\/www.hzds.ch\" rel=\"noopener\">HZDS<\/a>, la direction des travaux ainsi que le comit\u00e9 et la direction du <a href=\"https:\/\/www.svti.ch\" target=\"_blank\" data-cke-saved-href=\"https:\/\/www.svti.ch\" rel=\"noopener\">ASIT<\/a>.  Un autre b\u00e2timent presque aussi grand que l'actuel si\u00e8ge de l'ASIT, \u00e9galement r\u00e9alis\u00e9 par HZDS et inaugur\u00e9 en 1998, sera construit \u00e0 l'emplacement de la fouille actuelle (voir photo). Le pr\u00e9sident de l'ASIT, Udo B\u00e4ckert, a d\u00e9clar\u00e9 que le nouveau b\u00e2timent n'\u00e9tait pas seulement une profession de foi en faveur du site de Wallisellen, mais aussi en faveur de la poursuite de la croissance.<\/p>\n<p>L'extension permettra de cr\u00e9er de l'espace pour des possibilit\u00e9s de formation suppl\u00e9mentaires : Les activit\u00e9s de s\u00e9minaires de l'ensemble du groupe ASIT, avec les entreprises ASIT, Swiss TS, Swissi et IWT, doivent \u00eatre d\u00e9velopp\u00e9es et regroup\u00e9es sous le toit de l'\"Acad\u00e9mie ASIT\". L'extension ouest a notamment pour objectif de pouvoir proposer \u00e0 l'avenir la majeure partie des formations continues en interne, afin de ne plus \u00eatre d\u00e9pendant de locaux de cours externes, comme l'indique l'association.<\/p>\n<p>L'entr\u00e9e principale, le foyer et l'auditorium divisible seront adjacents \u00e0 la petite et nouvelle place de la gare sud (voir la troisi\u00e8me photo de la galerie de photos). Le premier \u00e9tage accueillera des salles de s\u00e9minaire, tandis que les autres \u00e9tages seront con\u00e7us comme des bureaux. Selon l'architecte, un nouvel \u00e9tage en attique avec un toit volant en saillie devrait constituer un point de rep\u00e8re marquant.<\/p>\n<p>Le b\u00e2timent existant de l'ASIT, situ\u00e9 directement \u00e0 c\u00f4t\u00e9 de la gare de Wallisellen, et l'extension forment ensemble un ensemble coh\u00e9rent, comme l'explique l'architecte responsable Heinz Zimmermann. \"Cr\u00e9er la transparence\", telle est la devise du centre de comp\u00e9tences pour la s\u00e9curit\u00e9 technique et la gestion des risques. C'est aussi ce que doit d\u00e9montrer l'extension, con\u00e7ue avec de grandes surfaces vitr\u00e9es. Si tout se d\u00e9roule comme pr\u00e9vu, le b\u00e2timent devrait \u00eatre pr\u00eat \u00e0 \u00eatre occup\u00e9 en 2017.<\/p>\n<p>&nbsp;<\/p>","protected":false},"excerpt":{"rendered":"<p>SVTI-Hauptsitz in Wallisellen: Hier wird die Erweiterung West gebaut. Sie waren alle gekommen: Vertreter der Gemeinde Wallisellen, Leute des verantwortlichen\u00a0Architekturb\u00fcros HZDS, die Bauleitung sowie der Vorstand und die Gesch\u00e4ftsleitung des SVTI.\u00a0\u00a0Am\u00a0Ort der jetzigen Baugrube (siehe Foto) wird nochmals ein fast so grosses Geb\u00e4ude wie der jetzige SVTI-Hauptsitz, der ebenfalls von HZDS realisiert und 1998 eingeweiht\u00a0wurde, [&hellip;]<\/p>\n","protected":false},"author":1,"featured_media":1624,"comment_status":"open","ping_status":"open","sticky":false,"template":"","format":"standard","meta":{"_acf_changed":false,"pgc_sgb_lightbox_settings":"","footnotes":""},"categories":[1],"tags":[65],"class_list":["post-1613","post","type-post","status-publish","format-standard","has-post-thumbnail","hentry","category-allgemein","tag-unternehmen"],"acf":[],"hkrextid":null,"publication":null,"issue":null,"workflow":null,"startPage":null,"spitzmarke":null,"_posts_by_tag_page_fields":{"widget_title":"","widget_tags":""},"_at_widget":"1","_yoast_wpseo_primary_category":"1","_yoast_wpseo_focuskw_text_input":"SVTI","_yoast_wpseo_opengraph-image":"https:\/\/news.save.ch\/wp-content\/uploads\/2016\/12\/SVTI-Hauptsitz-in-Wallisellen-Hier-wird-die-Erweiterung-West-gebaut.-sicherheitsforum.jpg","_yoast_wpseo_opengraph-description":"Mit einem symbolischen Akt hat am 3. September der Schweizerische Verein f\u00fcr technische Inspektion, SVTI, die Grundsteinlegung zum Bauprojekt \"Erweiterung West\" am Hauptsitz in Wallisellen zelebriert. In der Baugrube hat die Bauherrin eine Zeitkapsel versenkt, in der nebst weiteren Dokumenten auch die September-Ausgabe der Fachzeitschrift SicherheitsForum eingelagert wurden.","_yoast_wpseo_opengraph-title":"SVTI: Grundsteinlegung \"Erweiterung West\"","enclosure":null,"_yoast_wpseo_twitter-title":null,"_yoast_wpseo_twitter-description":null,"_yoast_wpseo_twitter-image":null,"_wp_old_slug":null,"_yoast_wpseo_title":null,"_yoast_wpseo_canonical":null,"yoast_head":"<!-- This site is optimized with the Yoast SEO plugin v27.5 - https:\/\/yoast.com\/product\/yoast-seo-wordpress\/ -->\n<title>SVTI: Grundsteinlegung &quot;Erweiterung West&quot; - Save<\/title>\n<meta name=\"description\" content=\"Mit einem symbolischen Akt hat der SVTI die Grundsteinlegung zum Bauprojekt &quot;Erweiterung West&quot; am Hauptsitz in Wallisellen zelebriert.\" \/>\n<meta name=\"robots\" content=\"index, follow, max-snippet:-1, max-image-preview:large, max-video-preview:-1\" \/>\n<link rel=\"canonical\" href=\"https:\/\/news.save.ch\/fr\/svti-grundsteinlegung-erweiterung-west\/\" \/>\n<meta property=\"og:locale\" content=\"fr_FR\" \/>\n<meta property=\"og:type\" content=\"article\" \/>\n<meta property=\"og:title\" content=\"SVTI: Grundsteinlegung &quot;Erweiterung West&quot;\" \/>\n<meta property=\"og:description\" content=\"Mit einem symbolischen Akt hat am 3. September der Schweizerische Verein f\u00fcr technische Inspektion, SVTI, die Grundsteinlegung zum Bauprojekt &quot;Erweiterung West&quot; am Hauptsitz in Wallisellen zelebriert. In der Baugrube hat die Bauherrin eine Zeitkapsel versenkt, in der nebst weiteren Dokumenten auch die September-Ausgabe der Fachzeitschrift SicherheitsForum eingelagert wurden.\" \/>\n<meta property=\"og:url\" content=\"https:\/\/news.save.ch\/fr\/svti-grundsteinlegung-erweiterung-west\/\" \/>\n<meta property=\"og:site_name\" content=\"Save\" \/>\n<meta property=\"article:published_time\" content=\"2015-09-03T09:50:08+00:00\" \/>\n<meta property=\"og:image\" content=\"https:\/\/news.save.ch\/wp-content\/uploads\/2016\/12\/SVTI-Hauptsitz-in-Wallisellen-Hier-wird-die-Erweiterung-West-gebaut.-sicherheitsforum.jpg\" \/>\n<meta name=\"author\" content=\"admin\" \/>\n<meta name=\"twitter:card\" content=\"summary_large_image\" \/>\n<meta name=\"twitter:label1\" content=\"\u00c9crit par\" \/>\n\t<meta name=\"twitter:data1\" content=\"admin\" \/>\n\t<meta name=\"twitter:label2\" content=\"Dur\u00e9e de lecture estim\u00e9e\" \/>\n\t<meta name=\"twitter:data2\" content=\"2 minutes\" \/>\n<script type=\"application\/ld+json\" class=\"yoast-schema-graph\">{\"@context\":\"https:\\\/\\\/schema.org\",\"@graph\":[{\"@type\":\"Article\",\"@id\":\"https:\\\/\\\/news.save.ch\\\/svti-grundsteinlegung-erweiterung-west\\\/#article\",\"isPartOf\":{\"@id\":\"https:\\\/\\\/news.save.ch\\\/svti-grundsteinlegung-erweiterung-west\\\/\"},\"author\":{\"name\":\"admin\",\"@id\":\"https:\\\/\\\/news.save.ch\\\/de\\\/#\\\/schema\\\/person\\\/d49e199490bad7c70d64b9ab51142f2b\"},\"headline\":\"SVTI: Grundsteinlegung &#8222;Erweiterung West&#8220;\",\"datePublished\":\"2015-09-03T09:50:08+00:00\",\"mainEntityOfPage\":{\"@id\":\"https:\\\/\\\/news.save.ch\\\/svti-grundsteinlegung-erweiterung-west\\\/\"},\"wordCount\":309,\"commentCount\":0,\"publisher\":{\"@id\":\"https:\\\/\\\/news.save.ch\\\/de\\\/#organization\"},\"image\":{\"@id\":\"https:\\\/\\\/news.save.ch\\\/svti-grundsteinlegung-erweiterung-west\\\/#primaryimage\"},\"thumbnailUrl\":\"https:\\\/\\\/news.save.ch\\\/wp-content\\\/uploads\\\/2016\\\/12\\\/SVTI-Hauptsitz-in-Wallisellen-Hier-wird-die-Erweiterung-West-gebaut.-sicherheitsforum-scaled-1-scaled.jpg\",\"keywords\":[\"Unternehmen\"],\"articleSection\":[\"ALLGEMEIN\"],\"inLanguage\":\"fr-FR\"},{\"@type\":\"WebPage\",\"@id\":\"https:\\\/\\\/news.save.ch\\\/svti-grundsteinlegung-erweiterung-west\\\/\",\"url\":\"https:\\\/\\\/news.save.ch\\\/svti-grundsteinlegung-erweiterung-west\\\/\",\"name\":\"SVTI: Grundsteinlegung \\\"Erweiterung West\\\" - Save\",\"isPartOf\":{\"@id\":\"https:\\\/\\\/news.save.ch\\\/de\\\/#website\"},\"primaryImageOfPage\":{\"@id\":\"https:\\\/\\\/news.save.ch\\\/svti-grundsteinlegung-erweiterung-west\\\/#primaryimage\"},\"image\":{\"@id\":\"https:\\\/\\\/news.save.ch\\\/svti-grundsteinlegung-erweiterung-west\\\/#primaryimage\"},\"thumbnailUrl\":\"https:\\\/\\\/news.save.ch\\\/wp-content\\\/uploads\\\/2016\\\/12\\\/SVTI-Hauptsitz-in-Wallisellen-Hier-wird-die-Erweiterung-West-gebaut.-sicherheitsforum-scaled-1-scaled.jpg\",\"datePublished\":\"2015-09-03T09:50:08+00:00\",\"description\":\"Mit einem symbolischen Akt hat der SVTI die Grundsteinlegung zum Bauprojekt \\\"Erweiterung West\\\" am Hauptsitz in Wallisellen zelebriert.\",\"breadcrumb\":{\"@id\":\"https:\\\/\\\/news.save.ch\\\/svti-grundsteinlegung-erweiterung-west\\\/#breadcrumb\"},\"inLanguage\":\"fr-FR\",\"potentialAction\":[{\"@type\":\"ReadAction\",\"target\":[\"https:\\\/\\\/news.save.ch\\\/svti-grundsteinlegung-erweiterung-west\\\/\"]}]},{\"@type\":\"ImageObject\",\"inLanguage\":\"fr-FR\",\"@id\":\"https:\\\/\\\/news.save.ch\\\/svti-grundsteinlegung-erweiterung-west\\\/#primaryimage\",\"url\":\"https:\\\/\\\/news.save.ch\\\/wp-content\\\/uploads\\\/2016\\\/12\\\/SVTI-Hauptsitz-in-Wallisellen-Hier-wird-die-Erweiterung-West-gebaut.-sicherheitsforum-scaled-1-scaled.jpg\",\"contentUrl\":\"https:\\\/\\\/news.save.ch\\\/wp-content\\\/uploads\\\/2016\\\/12\\\/SVTI-Hauptsitz-in-Wallisellen-Hier-wird-die-Erweiterung-West-gebaut.-sicherheitsforum-scaled-1-scaled.jpg\",\"width\":1400,\"height\":934,\"caption\":\"Auch das SicherheitsForum mit einem SVTI-Artikel wird in die Kartusche getan, die anschliessend in der Baugrube versenkt wird. Fotos: R.Str\u00e4ssle\"},{\"@type\":\"BreadcrumbList\",\"@id\":\"https:\\\/\\\/news.save.ch\\\/svti-grundsteinlegung-erweiterung-west\\\/#breadcrumb\",\"itemListElement\":[{\"@type\":\"ListItem\",\"position\":1,\"name\":\"Home\",\"item\":\"https:\\\/\\\/news.save.ch\\\/de\\\/\"},{\"@type\":\"ListItem\",\"position\":2,\"name\":\"SVTI: Grundsteinlegung &#8222;Erweiterung West&#8220;\"}]},{\"@type\":\"WebSite\",\"@id\":\"https:\\\/\\\/news.save.ch\\\/de\\\/#website\",\"url\":\"https:\\\/\\\/news.save.ch\\\/de\\\/\",\"name\":\"Save\",\"description\":\"Schweizer Fachzeitschrift f\u00fcr Sicherheit\",\"publisher\":{\"@id\":\"https:\\\/\\\/news.save.ch\\\/de\\\/#organization\"},\"potentialAction\":[{\"@type\":\"SearchAction\",\"target\":{\"@type\":\"EntryPoint\",\"urlTemplate\":\"https:\\\/\\\/news.save.ch\\\/de\\\/?s={search_term_string}\"},\"query-input\":{\"@type\":\"PropertyValueSpecification\",\"valueRequired\":true,\"valueName\":\"search_term_string\"}}],\"inLanguage\":\"fr-FR\"},{\"@type\":\"Organization\",\"@id\":\"https:\\\/\\\/news.save.ch\\\/de\\\/#organization\",\"name\":\"Sicherheitsforum\",\"url\":\"https:\\\/\\\/news.save.ch\\\/de\\\/\",\"logo\":{\"@type\":\"ImageObject\",\"inLanguage\":\"fr-FR\",\"@id\":\"https:\\\/\\\/news.save.ch\\\/de\\\/#\\\/schema\\\/logo\\\/image\\\/\",\"url\":\"https:\\\/\\\/news.save.ch\\\/wp-content\\\/uploads\\\/2022\\\/06\\\/Logo_SF_2012.png\",\"contentUrl\":\"https:\\\/\\\/news.save.ch\\\/wp-content\\\/uploads\\\/2022\\\/06\\\/Logo_SF_2012.png\",\"width\":1100,\"height\":91,\"caption\":\"Sicherheitsforum\"},\"image\":{\"@id\":\"https:\\\/\\\/news.save.ch\\\/de\\\/#\\\/schema\\\/logo\\\/image\\\/\"}},{\"@type\":\"Person\",\"@id\":\"https:\\\/\\\/news.save.ch\\\/de\\\/#\\\/schema\\\/person\\\/d49e199490bad7c70d64b9ab51142f2b\",\"name\":\"admin\",\"image\":{\"@type\":\"ImageObject\",\"inLanguage\":\"fr-FR\",\"@id\":\"https:\\\/\\\/secure.gravatar.com\\\/avatar\\\/ae2f4d718e6c49043e314ce431e7e645d646302a24a5ef5a8bc8e3f5a032e319?s=96&d=mm&r=g\",\"url\":\"https:\\\/\\\/secure.gravatar.com\\\/avatar\\\/ae2f4d718e6c49043e314ce431e7e645d646302a24a5ef5a8bc8e3f5a032e319?s=96&d=mm&r=g\",\"contentUrl\":\"https:\\\/\\\/secure.gravatar.com\\\/avatar\\\/ae2f4d718e6c49043e314ce431e7e645d646302a24a5ef5a8bc8e3f5a032e319?s=96&d=mm&r=g\",\"caption\":\"admin\"},\"sameAs\":[\"https:\\\/\\\/develop.organisator.galledia.ch\"],\"url\":\"https:\\\/\\\/news.save.ch\\\/fr\\\/author\\\/admin\\\/\"}]}<\/script>\n<!-- \/ Yoast SEO plugin. -->","yoast_head_json":{"title":"ASIT : Pose de la premi\u00e8re pierre \"Extension Ouest\" - Save","description":"C'est par un acte symbolique que l'ASIT a c\u00e9l\u00e9br\u00e9 la pose de la premi\u00e8re pierre du projet de construction \"Extension Ouest\" de son si\u00e8ge principal \u00e0 Wallisellen.","robots":{"index":"index","follow":"follow","max-snippet":"max-snippet:-1","max-image-preview":"max-image-preview:large","max-video-preview":"max-video-preview:-1"},"canonical":"https:\/\/news.save.ch\/fr\/svti-grundsteinlegung-erweiterung-west\/","og_locale":"fr_FR","og_type":"article","og_title":"SVTI: Grundsteinlegung \"Erweiterung West\"","og_description":"Mit einem symbolischen Akt hat am 3. September der Schweizerische Verein f\u00fcr technische Inspektion, SVTI, die Grundsteinlegung zum Bauprojekt \"Erweiterung West\" am Hauptsitz in Wallisellen zelebriert. In der Baugrube hat die Bauherrin eine Zeitkapsel versenkt, in der nebst weiteren Dokumenten auch die September-Ausgabe der Fachzeitschrift SicherheitsForum eingelagert wurden.","og_url":"https:\/\/news.save.ch\/fr\/svti-grundsteinlegung-erweiterung-west\/","og_site_name":"Save","article_published_time":"2015-09-03T09:50:08+00:00","og_image":[{"url":"https:\/\/news.save.ch\/wp-content\/uploads\/2016\/12\/SVTI-Hauptsitz-in-Wallisellen-Hier-wird-die-Erweiterung-West-gebaut.-sicherheitsforum.jpg","type":"","width":"","height":""}],"author":"admin","twitter_card":"summary_large_image","twitter_misc":{"\u00c9crit par":"admin","Dur\u00e9e de lecture estim\u00e9e":"2 minutes"},"schema":{"@context":"https:\/\/schema.org","@graph":[{"@type":"Article","@id":"https:\/\/news.save.ch\/svti-grundsteinlegung-erweiterung-west\/#article","isPartOf":{"@id":"https:\/\/news.save.ch\/svti-grundsteinlegung-erweiterung-west\/"},"author":{"name":"admin","@id":"https:\/\/news.save.ch\/de\/#\/schema\/person\/d49e199490bad7c70d64b9ab51142f2b"},"headline":"SVTI: Grundsteinlegung &#8222;Erweiterung West&#8220;","datePublished":"2015-09-03T09:50:08+00:00","mainEntityOfPage":{"@id":"https:\/\/news.save.ch\/svti-grundsteinlegung-erweiterung-west\/"},"wordCount":309,"commentCount":0,"publisher":{"@id":"https:\/\/news.save.ch\/de\/#organization"},"image":{"@id":"https:\/\/news.save.ch\/svti-grundsteinlegung-erweiterung-west\/#primaryimage"},"thumbnailUrl":"https:\/\/news.save.ch\/wp-content\/uploads\/2016\/12\/SVTI-Hauptsitz-in-Wallisellen-Hier-wird-die-Erweiterung-West-gebaut.-sicherheitsforum-scaled-1-scaled.jpg","keywords":["Unternehmen"],"articleSection":["ALLGEMEIN"],"inLanguage":"fr-FR"},{"@type":"WebPage","@id":"https:\/\/news.save.ch\/svti-grundsteinlegung-erweiterung-west\/","url":"https:\/\/news.save.ch\/svti-grundsteinlegung-erweiterung-west\/","name":"ASIT : Pose de la premi\u00e8re pierre \"Extension Ouest\" - Save","isPartOf":{"@id":"https:\/\/news.save.ch\/de\/#website"},"primaryImageOfPage":{"@id":"https:\/\/news.save.ch\/svti-grundsteinlegung-erweiterung-west\/#primaryimage"},"image":{"@id":"https:\/\/news.save.ch\/svti-grundsteinlegung-erweiterung-west\/#primaryimage"},"thumbnailUrl":"https:\/\/news.save.ch\/wp-content\/uploads\/2016\/12\/SVTI-Hauptsitz-in-Wallisellen-Hier-wird-die-Erweiterung-West-gebaut.-sicherheitsforum-scaled-1-scaled.jpg","datePublished":"2015-09-03T09:50:08+00:00","description":"C'est par un acte symbolique que l'ASIT a c\u00e9l\u00e9br\u00e9 la pose de la premi\u00e8re pierre du projet de construction \"Extension Ouest\" de son si\u00e8ge principal \u00e0 Wallisellen.","breadcrumb":{"@id":"https:\/\/news.save.ch\/svti-grundsteinlegung-erweiterung-west\/#breadcrumb"},"inLanguage":"fr-FR","potentialAction":[{"@type":"ReadAction","target":["https:\/\/news.save.ch\/svti-grundsteinlegung-erweiterung-west\/"]}]},{"@type":"ImageObject","inLanguage":"fr-FR","@id":"https:\/\/news.save.ch\/svti-grundsteinlegung-erweiterung-west\/#primaryimage","url":"https:\/\/news.save.ch\/wp-content\/uploads\/2016\/12\/SVTI-Hauptsitz-in-Wallisellen-Hier-wird-die-Erweiterung-West-gebaut.-sicherheitsforum-scaled-1-scaled.jpg","contentUrl":"https:\/\/news.save.ch\/wp-content\/uploads\/2016\/12\/SVTI-Hauptsitz-in-Wallisellen-Hier-wird-die-Erweiterung-West-gebaut.-sicherheitsforum-scaled-1-scaled.jpg","width":1400,"height":934,"caption":"Auch das SicherheitsForum mit einem SVTI-Artikel wird in die Kartusche getan, die anschliessend in der Baugrube versenkt wird. Fotos: R.Str\u00e4ssle"},{"@type":"BreadcrumbList","@id":"https:\/\/news.save.ch\/svti-grundsteinlegung-erweiterung-west\/#breadcrumb","itemListElement":[{"@type":"ListItem","position":1,"name":"Home","item":"https:\/\/news.save.ch\/de\/"},{"@type":"ListItem","position":2,"name":"SVTI: Grundsteinlegung &#8222;Erweiterung West&#8220;"}]},{"@type":"WebSite","@id":"https:\/\/news.save.ch\/de\/#website","url":"https:\/\/news.save.ch\/de\/","name":"Save","description":"Revue suisse sp\u00e9cialis\u00e9e dans la s\u00e9curit\u00e9","publisher":{"@id":"https:\/\/news.save.ch\/de\/#organization"},"potentialAction":[{"@type":"SearchAction","target":{"@type":"EntryPoint","urlTemplate":"https:\/\/news.save.ch\/de\/?s={search_term_string}"},"query-input":{"@type":"PropertyValueSpecification","valueRequired":true,"valueName":"search_term_string"}}],"inLanguage":"fr-FR"},{"@type":"Organization","@id":"https:\/\/news.save.ch\/de\/#organization","name":"Forum sur la s\u00e9curit\u00e9","url":"https:\/\/news.save.ch\/de\/","logo":{"@type":"ImageObject","inLanguage":"fr-FR","@id":"https:\/\/news.save.ch\/de\/#\/schema\/logo\/image\/","url":"https:\/\/news.save.ch\/wp-content\/uploads\/2022\/06\/Logo_SF_2012.png","contentUrl":"https:\/\/news.save.ch\/wp-content\/uploads\/2022\/06\/Logo_SF_2012.png","width":1100,"height":91,"caption":"Sicherheitsforum"},"image":{"@id":"https:\/\/news.save.ch\/de\/#\/schema\/logo\/image\/"}},{"@type":"Person","@id":"https:\/\/news.save.ch\/de\/#\/schema\/person\/d49e199490bad7c70d64b9ab51142f2b","name":"admin","image":{"@type":"ImageObject","inLanguage":"fr-FR","@id":"https:\/\/secure.gravatar.com\/avatar\/ae2f4d718e6c49043e314ce431e7e645d646302a24a5ef5a8bc8e3f5a032e319?s=96&d=mm&r=g","url":"https:\/\/secure.gravatar.com\/avatar\/ae2f4d718e6c49043e314ce431e7e645d646302a24a5ef5a8bc8e3f5a032e319?s=96&d=mm&r=g","contentUrl":"https:\/\/secure.gravatar.com\/avatar\/ae2f4d718e6c49043e314ce431e7e645d646302a24a5ef5a8bc8e3f5a032e319?s=96&d=mm&r=g","caption":"admin"},"sameAs":["https:\/\/develop.organisator.galledia.ch"],"url":"https:\/\/news.save.ch\/fr\/author\/admin\/"}]}},"_links":{"self":[{"href":"https:\/\/news.save.ch\/fr\/wp-json\/wp\/v2\/posts\/1613","targetHints":{"allow":["GET"]}}],"collection":[{"href":"https:\/\/news.save.ch\/fr\/wp-json\/wp\/v2\/posts"}],"about":[{"href":"https:\/\/news.save.ch\/fr\/wp-json\/wp\/v2\/types\/post"}],"author":[{"embeddable":true,"href":"https:\/\/news.save.ch\/fr\/wp-json\/wp\/v2\/users\/1"}],"replies":[{"embeddable":true,"href":"https:\/\/news.save.ch\/fr\/wp-json\/wp\/v2\/comments?post=1613"}],"version-history":[{"count":0,"href":"https:\/\/news.save.ch\/fr\/wp-json\/wp\/v2\/posts\/1613\/revisions"}],"wp:featuredmedia":[{"embeddable":true,"href":"https:\/\/news.save.ch\/fr\/wp-json\/wp\/v2\/media\/1624"}],"wp:attachment":[{"href":"https:\/\/news.save.ch\/fr\/wp-json\/wp\/v2\/media?parent=1613"}],"wp:term":[{"taxonomy":"category","embeddable":true,"href":"https:\/\/news.save.ch\/fr\/wp-json\/wp\/v2\/categories?post=1613"},{"taxonomy":"post_tag","embeddable":true,"href":"https:\/\/news.save.ch\/fr\/wp-json\/wp\/v2\/tags?post=1613"}],"curies":[{"name":"wp","href":"https:\/\/api.w.org\/{rel}","templated":true}]}}