{"id":1631,"date":"2015-09-02T11:53:37","date_gmt":"2015-09-02T09:53:37","guid":{"rendered":"https:\/\/dev.sicherheitsforum.ch\/?p=1631"},"modified":"2015-09-02T11:53:37","modified_gmt":"2015-09-02T09:53:37","slug":"neuer-distributor-fuer-axis","status":null,"type":"post","link":"https:\/\/news.save.ch\/fr\/neuer-distributor-fuer-axis\/","title":{"rendered":"Nouveau distributeur pour Axis"},"content":{"rendered":"<p><img loading=\"lazy\" decoding=\"async\" class=\"alignnone wp-image-1635 size-medium\" src=\"https:\/\/news.save.ch\/wp-content\/uploads\/2016\/12\/Neuer-Distributor-f\u00fcr-Axis-sicherheitsforum.jpg\" width=\"680\" height=\"621\" \/><\/p>\n<p>\"Nous sommes heureux de pouvoir d\u00e9sormais collaborer avec la\u00a0<a href=\"https:\/\/www.alltron.ch\" target=\"_blank\" data-cke-saved-href=\"https:\/\/www.alltron.ch\" rel=\"noopener\">Alltron AG<\/a> de mettre nos solutions de s\u00e9curit\u00e9 de bout en bout \u00e0 la disposition d'autres entreprises. Alltron dispose d'un vaste r\u00e9seau de partenaires et nous appr\u00e9cions tout particuli\u00e8rement leur expertise dans le domaine des PME et de l'artisanat \u00e9lectrique\", explique Tanja Hilpert de <a href=\"https:\/\/www.axis.com\" target=\"_blank\" data-cke-saved-href=\"https:\/\/www.axis.com\" rel=\"noopener\">Axis<\/a> Communications.<\/p>\n<p>\"Avec l'ajout des produits Axis \u00e0 notre portefeuille, tous les fabricants demand\u00e9s par nos clients sont d\u00e9sormais repr\u00e9sent\u00e9s\", explique Philipp Maurer d'Alltron. Alltron AG, situ\u00e9e \u00e0 M\u00e4genwil en Argovie, fait partie du groupe d'entreprises Competec et a \u00e9t\u00e9 fond\u00e9e en 1985.<\/p>\n<p><strong>D\u00e9fi : syst\u00e8mes de s\u00e9curit\u00e9 IP de petite et moyenne taille<\/strong><\/p>\n<p>Alors que l'on pensait auparavant que les syst\u00e8mes de s\u00e9curit\u00e9 bas\u00e9s sur IP \u00e9taient trop complexes \u00e0 installer et \u00e0 utiliser, on constate ces derni\u00e8res ann\u00e9es un changement de mentalit\u00e9. Les entreprises de toutes tailles profiteraient de la tendance vers les solutions IP. Les cam\u00e9ras de s\u00e9curit\u00e9 peuvent \u00eatre install\u00e9es facilement et \u00e0 moindre co\u00fbt et offrent une solution flexible et surtout \u00e9volutive.<\/p>\n<p>Axis propose depuis un certain temps d\u00e9j\u00e0 des solutions sp\u00e9cialement con\u00e7ues pour les petits et moyens syst\u00e8mes. Outre des cam\u00e9ras r\u00e9seau sp\u00e9cialement d\u00e9velopp\u00e9es, le fabricant su\u00e9dois propose \u00e9galement des solutions logicielles de stockage et de gestion vid\u00e9o dans son portefeuille.<\/p>","protected":false},"excerpt":{"rendered":"<p>\u201eWir freuen uns, dass wir nun gemeinsam mit der\u00a0Alltron AG unsere End-to-End-Sicherheitsl\u00f6sungen weiteren Unternehmen zur Verf\u00fcgung stellen k\u00f6nnen. Alltron verf\u00fcgt \u00fcber ein umfangreiches Partnernetzwerk und wir sch\u00e4tzen hier vor allem die Expertise im Bereich KMU und Elektrohandwerk,\u201c erkl\u00e4rt Tanja Hilpert von Axis Communications. \u201eMit der Aufnahme von Axis-Produkten in unser Portfolio sind nun s\u00e4mtliche von [&hellip;]<\/p>\n","protected":false},"author":1,"featured_media":1635,"comment_status":"open","ping_status":"open","sticky":false,"template":"","format":"standard","meta":{"_acf_changed":false,"pgc_sgb_lightbox_settings":"","footnotes":""},"categories":[1],"tags":[167,65,78],"class_list":["post-1631","post","type-post","status-publish","format-standard","has-post-thumbnail","hentry","category-allgemein","tag-suva","tag-unternehmen","tag-videoueberwachung"],"acf":[],"hkrextid":null,"publication":null,"issue":null,"workflow":null,"startPage":null,"spitzmarke":null,"_posts_by_tag_page_fields":{"widget_title":"","widget_tags":""},"_at_widget":"1","_yoast_wpseo_primary_category":"1","_yoast_wpseo_focuskw_text_input":"Axis","_yoast_wpseo_opengraph-image":"https:\/\/news.save.ch\/wp-content\/uploads\/2016\/12\/Neuer-Distributor-f\u00fcr-Axis-sicherheitsforum.jpg","_yoast_wpseo_opengraph-description":"Seit 1. September 2015 distribuiert die Alltron AG Sicherheitsl\u00f6sungen f\u00fcr Axis Communications in der Schweiz. Mit dieser Partnerschaft gehe Axis einen weiteren Schritt, um Sicherheitsl\u00f6sungen f\u00fcr KMU zu etablieren.","_yoast_wpseo_opengraph-title":"Neuer Distributor f\u00fcr Axis","enclosure":null,"_yoast_wpseo_twitter-title":null,"_yoast_wpseo_twitter-description":null,"_yoast_wpseo_twitter-image":null,"_wp_old_slug":null,"_yoast_wpseo_title":null,"_yoast_wpseo_canonical":null,"yoast_head":"<!-- This site is optimized with the Yoast SEO plugin v27.5 - https:\/\/yoast.com\/product\/yoast-seo-wordpress\/ -->\n<title>Neuer Distributor f\u00fcr Axis - Save<\/title>\n<meta name=\"description\" content=\"Seit 1. September 2015 distribuiert die Alltron AG Sicherheitsl\u00f6sungen f\u00fcr Axis Communications in der Schweiz.\" \/>\n<meta name=\"robots\" content=\"index, follow, max-snippet:-1, max-image-preview:large, max-video-preview:-1\" \/>\n<link rel=\"canonical\" href=\"https:\/\/news.save.ch\/fr\/neuer-distributor-fuer-axis\/\" \/>\n<meta property=\"og:locale\" content=\"fr_FR\" \/>\n<meta property=\"og:type\" content=\"article\" \/>\n<meta property=\"og:title\" content=\"Neuer Distributor f\u00fcr Axis\" \/>\n<meta property=\"og:description\" content=\"Seit 1. September 2015 distribuiert die Alltron AG Sicherheitsl\u00f6sungen f\u00fcr Axis Communications in der Schweiz. Mit dieser Partnerschaft gehe Axis einen weiteren Schritt, um Sicherheitsl\u00f6sungen f\u00fcr KMU zu etablieren.\" \/>\n<meta property=\"og:url\" content=\"https:\/\/news.save.ch\/fr\/neuer-distributor-fuer-axis\/\" \/>\n<meta property=\"og:site_name\" content=\"Save\" \/>\n<meta property=\"article:published_time\" content=\"2015-09-02T09:53:37+00:00\" \/>\n<meta property=\"og:image\" content=\"https:\/\/news.save.ch\/wp-content\/uploads\/2016\/12\/Neuer-Distributor-f\u00fcr-Axis-sicherheitsforum.jpg\" \/>\n<meta name=\"author\" content=\"admin\" \/>\n<meta name=\"twitter:card\" content=\"summary_large_image\" \/>\n<meta name=\"twitter:label1\" content=\"\u00c9crit par\" \/>\n\t<meta name=\"twitter:data1\" content=\"admin\" \/>\n\t<meta name=\"twitter:label2\" content=\"Dur\u00e9e de lecture estim\u00e9e\" \/>\n\t<meta name=\"twitter:data2\" content=\"1 minute\" \/>\n<script type=\"application\/ld+json\" class=\"yoast-schema-graph\">{\"@context\":\"https:\\\/\\\/schema.org\",\"@graph\":[{\"@type\":\"Article\",\"@id\":\"https:\\\/\\\/news.save.ch\\\/neuer-distributor-fuer-axis\\\/#article\",\"isPartOf\":{\"@id\":\"https:\\\/\\\/news.save.ch\\\/neuer-distributor-fuer-axis\\\/\"},\"author\":{\"name\":\"admin\",\"@id\":\"https:\\\/\\\/news.save.ch\\\/de\\\/#\\\/schema\\\/person\\\/d49e199490bad7c70d64b9ab51142f2b\"},\"headline\":\"Neuer Distributor f\u00fcr Axis\",\"datePublished\":\"2015-09-02T09:53:37+00:00\",\"mainEntityOfPage\":{\"@id\":\"https:\\\/\\\/news.save.ch\\\/neuer-distributor-fuer-axis\\\/\"},\"wordCount\":188,\"commentCount\":0,\"publisher\":{\"@id\":\"https:\\\/\\\/news.save.ch\\\/de\\\/#organization\"},\"image\":{\"@id\":\"https:\\\/\\\/news.save.ch\\\/neuer-distributor-fuer-axis\\\/#primaryimage\"},\"thumbnailUrl\":\"https:\\\/\\\/news.save.ch\\\/wp-content\\\/uploads\\\/2016\\\/12\\\/Neuer-Distributor-fuer-Axis-sicherheitsforum.jpg\",\"keywords\":[\"SUVA\",\"Unternehmen\",\"Video\u00fcberwachung\"],\"articleSection\":[\"ALLGEMEIN\"],\"inLanguage\":\"fr-FR\"},{\"@type\":\"WebPage\",\"@id\":\"https:\\\/\\\/news.save.ch\\\/neuer-distributor-fuer-axis\\\/\",\"url\":\"https:\\\/\\\/news.save.ch\\\/neuer-distributor-fuer-axis\\\/\",\"name\":\"Neuer Distributor f\u00fcr Axis - Save\",\"isPartOf\":{\"@id\":\"https:\\\/\\\/news.save.ch\\\/de\\\/#website\"},\"primaryImageOfPage\":{\"@id\":\"https:\\\/\\\/news.save.ch\\\/neuer-distributor-fuer-axis\\\/#primaryimage\"},\"image\":{\"@id\":\"https:\\\/\\\/news.save.ch\\\/neuer-distributor-fuer-axis\\\/#primaryimage\"},\"thumbnailUrl\":\"https:\\\/\\\/news.save.ch\\\/wp-content\\\/uploads\\\/2016\\\/12\\\/Neuer-Distributor-fuer-Axis-sicherheitsforum.jpg\",\"datePublished\":\"2015-09-02T09:53:37+00:00\",\"description\":\"Seit 1. September 2015 distribuiert die Alltron AG Sicherheitsl\u00f6sungen f\u00fcr Axis Communications in der Schweiz.\",\"breadcrumb\":{\"@id\":\"https:\\\/\\\/news.save.ch\\\/neuer-distributor-fuer-axis\\\/#breadcrumb\"},\"inLanguage\":\"fr-FR\",\"potentialAction\":[{\"@type\":\"ReadAction\",\"target\":[\"https:\\\/\\\/news.save.ch\\\/neuer-distributor-fuer-axis\\\/\"]}]},{\"@type\":\"ImageObject\",\"inLanguage\":\"fr-FR\",\"@id\":\"https:\\\/\\\/news.save.ch\\\/neuer-distributor-fuer-axis\\\/#primaryimage\",\"url\":\"https:\\\/\\\/news.save.ch\\\/wp-content\\\/uploads\\\/2016\\\/12\\\/Neuer-Distributor-fuer-Axis-sicherheitsforum.jpg\",\"contentUrl\":\"https:\\\/\\\/news.save.ch\\\/wp-content\\\/uploads\\\/2016\\\/12\\\/Neuer-Distributor-fuer-Axis-sicherheitsforum.jpg\",\"width\":699,\"height\":638},{\"@type\":\"BreadcrumbList\",\"@id\":\"https:\\\/\\\/news.save.ch\\\/neuer-distributor-fuer-axis\\\/#breadcrumb\",\"itemListElement\":[{\"@type\":\"ListItem\",\"position\":1,\"name\":\"Home\",\"item\":\"https:\\\/\\\/news.save.ch\\\/de\\\/\"},{\"@type\":\"ListItem\",\"position\":2,\"name\":\"Neuer Distributor f\u00fcr Axis\"}]},{\"@type\":\"WebSite\",\"@id\":\"https:\\\/\\\/news.save.ch\\\/de\\\/#website\",\"url\":\"https:\\\/\\\/news.save.ch\\\/de\\\/\",\"name\":\"Save\",\"description\":\"Schweizer Fachzeitschrift f\u00fcr Sicherheit\",\"publisher\":{\"@id\":\"https:\\\/\\\/news.save.ch\\\/de\\\/#organization\"},\"potentialAction\":[{\"@type\":\"SearchAction\",\"target\":{\"@type\":\"EntryPoint\",\"urlTemplate\":\"https:\\\/\\\/news.save.ch\\\/de\\\/?s={search_term_string}\"},\"query-input\":{\"@type\":\"PropertyValueSpecification\",\"valueRequired\":true,\"valueName\":\"search_term_string\"}}],\"inLanguage\":\"fr-FR\"},{\"@type\":\"Organization\",\"@id\":\"https:\\\/\\\/news.save.ch\\\/de\\\/#organization\",\"name\":\"Sicherheitsforum\",\"url\":\"https:\\\/\\\/news.save.ch\\\/de\\\/\",\"logo\":{\"@type\":\"ImageObject\",\"inLanguage\":\"fr-FR\",\"@id\":\"https:\\\/\\\/news.save.ch\\\/de\\\/#\\\/schema\\\/logo\\\/image\\\/\",\"url\":\"https:\\\/\\\/news.save.ch\\\/wp-content\\\/uploads\\\/2022\\\/06\\\/Logo_SF_2012.png\",\"contentUrl\":\"https:\\\/\\\/news.save.ch\\\/wp-content\\\/uploads\\\/2022\\\/06\\\/Logo_SF_2012.png\",\"width\":1100,\"height\":91,\"caption\":\"Sicherheitsforum\"},\"image\":{\"@id\":\"https:\\\/\\\/news.save.ch\\\/de\\\/#\\\/schema\\\/logo\\\/image\\\/\"}},{\"@type\":\"Person\",\"@id\":\"https:\\\/\\\/news.save.ch\\\/de\\\/#\\\/schema\\\/person\\\/d49e199490bad7c70d64b9ab51142f2b\",\"name\":\"admin\",\"image\":{\"@type\":\"ImageObject\",\"inLanguage\":\"fr-FR\",\"@id\":\"https:\\\/\\\/secure.gravatar.com\\\/avatar\\\/ae2f4d718e6c49043e314ce431e7e645d646302a24a5ef5a8bc8e3f5a032e319?s=96&d=mm&r=g\",\"url\":\"https:\\\/\\\/secure.gravatar.com\\\/avatar\\\/ae2f4d718e6c49043e314ce431e7e645d646302a24a5ef5a8bc8e3f5a032e319?s=96&d=mm&r=g\",\"contentUrl\":\"https:\\\/\\\/secure.gravatar.com\\\/avatar\\\/ae2f4d718e6c49043e314ce431e7e645d646302a24a5ef5a8bc8e3f5a032e319?s=96&d=mm&r=g\",\"caption\":\"admin\"},\"sameAs\":[\"https:\\\/\\\/develop.organisator.galledia.ch\"],\"url\":\"https:\\\/\\\/news.save.ch\\\/fr\\\/author\\\/admin\\\/\"}]}<\/script>\n<!-- \/ Yoast SEO plugin. -->","yoast_head_json":{"title":"Nouveau distributeur pour Axis - Save","description":"Depuis le 1er septembre 2015, Alltron AG distribue des solutions de s\u00e9curit\u00e9 pour Axis Communications en Suisse.","robots":{"index":"index","follow":"follow","max-snippet":"max-snippet:-1","max-image-preview":"max-image-preview:large","max-video-preview":"max-video-preview:-1"},"canonical":"https:\/\/news.save.ch\/fr\/neuer-distributor-fuer-axis\/","og_locale":"fr_FR","og_type":"article","og_title":"Neuer Distributor f\u00fcr Axis","og_description":"Seit 1. September 2015 distribuiert die Alltron AG Sicherheitsl\u00f6sungen f\u00fcr Axis Communications in der Schweiz. Mit dieser Partnerschaft gehe Axis einen weiteren Schritt, um Sicherheitsl\u00f6sungen f\u00fcr KMU zu etablieren.","og_url":"https:\/\/news.save.ch\/fr\/neuer-distributor-fuer-axis\/","og_site_name":"Save","article_published_time":"2015-09-02T09:53:37+00:00","og_image":[{"url":"https:\/\/news.save.ch\/wp-content\/uploads\/2016\/12\/Neuer-Distributor-f\u00fcr-Axis-sicherheitsforum.jpg","type":"","width":"","height":""}],"author":"admin","twitter_card":"summary_large_image","twitter_misc":{"\u00c9crit par":"admin","Dur\u00e9e de lecture estim\u00e9e":"1 minute"},"schema":{"@context":"https:\/\/schema.org","@graph":[{"@type":"Article","@id":"https:\/\/news.save.ch\/neuer-distributor-fuer-axis\/#article","isPartOf":{"@id":"https:\/\/news.save.ch\/neuer-distributor-fuer-axis\/"},"author":{"name":"admin","@id":"https:\/\/news.save.ch\/de\/#\/schema\/person\/d49e199490bad7c70d64b9ab51142f2b"},"headline":"Neuer Distributor f\u00fcr Axis","datePublished":"2015-09-02T09:53:37+00:00","mainEntityOfPage":{"@id":"https:\/\/news.save.ch\/neuer-distributor-fuer-axis\/"},"wordCount":188,"commentCount":0,"publisher":{"@id":"https:\/\/news.save.ch\/de\/#organization"},"image":{"@id":"https:\/\/news.save.ch\/neuer-distributor-fuer-axis\/#primaryimage"},"thumbnailUrl":"https:\/\/news.save.ch\/wp-content\/uploads\/2016\/12\/Neuer-Distributor-fuer-Axis-sicherheitsforum.jpg","keywords":["SUVA","Unternehmen","Video\u00fcberwachung"],"articleSection":["ALLGEMEIN"],"inLanguage":"fr-FR"},{"@type":"WebPage","@id":"https:\/\/news.save.ch\/neuer-distributor-fuer-axis\/","url":"https:\/\/news.save.ch\/neuer-distributor-fuer-axis\/","name":"Nouveau distributeur pour Axis - Save","isPartOf":{"@id":"https:\/\/news.save.ch\/de\/#website"},"primaryImageOfPage":{"@id":"https:\/\/news.save.ch\/neuer-distributor-fuer-axis\/#primaryimage"},"image":{"@id":"https:\/\/news.save.ch\/neuer-distributor-fuer-axis\/#primaryimage"},"thumbnailUrl":"https:\/\/news.save.ch\/wp-content\/uploads\/2016\/12\/Neuer-Distributor-fuer-Axis-sicherheitsforum.jpg","datePublished":"2015-09-02T09:53:37+00:00","description":"Depuis le 1er septembre 2015, Alltron AG distribue des solutions de s\u00e9curit\u00e9 pour Axis Communications en Suisse.","breadcrumb":{"@id":"https:\/\/news.save.ch\/neuer-distributor-fuer-axis\/#breadcrumb"},"inLanguage":"fr-FR","potentialAction":[{"@type":"ReadAction","target":["https:\/\/news.save.ch\/neuer-distributor-fuer-axis\/"]}]},{"@type":"ImageObject","inLanguage":"fr-FR","@id":"https:\/\/news.save.ch\/neuer-distributor-fuer-axis\/#primaryimage","url":"https:\/\/news.save.ch\/wp-content\/uploads\/2016\/12\/Neuer-Distributor-fuer-Axis-sicherheitsforum.jpg","contentUrl":"https:\/\/news.save.ch\/wp-content\/uploads\/2016\/12\/Neuer-Distributor-fuer-Axis-sicherheitsforum.jpg","width":699,"height":638},{"@type":"BreadcrumbList","@id":"https:\/\/news.save.ch\/neuer-distributor-fuer-axis\/#breadcrumb","itemListElement":[{"@type":"ListItem","position":1,"name":"Home","item":"https:\/\/news.save.ch\/de\/"},{"@type":"ListItem","position":2,"name":"Neuer Distributor f\u00fcr Axis"}]},{"@type":"WebSite","@id":"https:\/\/news.save.ch\/de\/#website","url":"https:\/\/news.save.ch\/de\/","name":"Save","description":"Revue suisse sp\u00e9cialis\u00e9e dans la s\u00e9curit\u00e9","publisher":{"@id":"https:\/\/news.save.ch\/de\/#organization"},"potentialAction":[{"@type":"SearchAction","target":{"@type":"EntryPoint","urlTemplate":"https:\/\/news.save.ch\/de\/?s={search_term_string}"},"query-input":{"@type":"PropertyValueSpecification","valueRequired":true,"valueName":"search_term_string"}}],"inLanguage":"fr-FR"},{"@type":"Organization","@id":"https:\/\/news.save.ch\/de\/#organization","name":"Forum sur la s\u00e9curit\u00e9","url":"https:\/\/news.save.ch\/de\/","logo":{"@type":"ImageObject","inLanguage":"fr-FR","@id":"https:\/\/news.save.ch\/de\/#\/schema\/logo\/image\/","url":"https:\/\/news.save.ch\/wp-content\/uploads\/2022\/06\/Logo_SF_2012.png","contentUrl":"https:\/\/news.save.ch\/wp-content\/uploads\/2022\/06\/Logo_SF_2012.png","width":1100,"height":91,"caption":"Sicherheitsforum"},"image":{"@id":"https:\/\/news.save.ch\/de\/#\/schema\/logo\/image\/"}},{"@type":"Person","@id":"https:\/\/news.save.ch\/de\/#\/schema\/person\/d49e199490bad7c70d64b9ab51142f2b","name":"admin","image":{"@type":"ImageObject","inLanguage":"fr-FR","@id":"https:\/\/secure.gravatar.com\/avatar\/ae2f4d718e6c49043e314ce431e7e645d646302a24a5ef5a8bc8e3f5a032e319?s=96&d=mm&r=g","url":"https:\/\/secure.gravatar.com\/avatar\/ae2f4d718e6c49043e314ce431e7e645d646302a24a5ef5a8bc8e3f5a032e319?s=96&d=mm&r=g","contentUrl":"https:\/\/secure.gravatar.com\/avatar\/ae2f4d718e6c49043e314ce431e7e645d646302a24a5ef5a8bc8e3f5a032e319?s=96&d=mm&r=g","caption":"admin"},"sameAs":["https:\/\/develop.organisator.galledia.ch"],"url":"https:\/\/news.save.ch\/fr\/author\/admin\/"}]}},"_links":{"self":[{"href":"https:\/\/news.save.ch\/fr\/wp-json\/wp\/v2\/posts\/1631","targetHints":{"allow":["GET"]}}],"collection":[{"href":"https:\/\/news.save.ch\/fr\/wp-json\/wp\/v2\/posts"}],"about":[{"href":"https:\/\/news.save.ch\/fr\/wp-json\/wp\/v2\/types\/post"}],"author":[{"embeddable":true,"href":"https:\/\/news.save.ch\/fr\/wp-json\/wp\/v2\/users\/1"}],"replies":[{"embeddable":true,"href":"https:\/\/news.save.ch\/fr\/wp-json\/wp\/v2\/comments?post=1631"}],"version-history":[{"count":0,"href":"https:\/\/news.save.ch\/fr\/wp-json\/wp\/v2\/posts\/1631\/revisions"}],"wp:featuredmedia":[{"embeddable":true,"href":"https:\/\/news.save.ch\/fr\/wp-json\/wp\/v2\/media\/1635"}],"wp:attachment":[{"href":"https:\/\/news.save.ch\/fr\/wp-json\/wp\/v2\/media?parent=1631"}],"wp:term":[{"taxonomy":"category","embeddable":true,"href":"https:\/\/news.save.ch\/fr\/wp-json\/wp\/v2\/categories?post=1631"},{"taxonomy":"post_tag","embeddable":true,"href":"https:\/\/news.save.ch\/fr\/wp-json\/wp\/v2\/tags?post=1631"}],"curies":[{"name":"wp","href":"https:\/\/api.w.org\/{rel}","templated":true}]}}