{"id":1634,"date":"2015-05-02T23:53:51","date_gmt":"2015-05-02T21:53:51","guid":{"rendered":"https:\/\/dev.sicherheitsforum.ch\/?p=1634"},"modified":"2015-05-02T23:53:51","modified_gmt":"2015-05-02T21:53:51","slug":"schnell-eingekesselt","status":null,"type":"post","link":"https:\/\/news.save.ch\/fr\/schnell-eingekesselt\/","title":{"rendered":"Encerclement rapide"},"content":{"rendered":"<p>Comme chaque ann\u00e9e, la f\u00eate du 1er mai, le jour de la f\u00eate du travail, a \u00e9t\u00e9 suivie d'une \"nacho\" \u00e0 Zurich apr\u00e8s la manifestation officielle. Peu apr\u00e8s 15 heures, un grand nombre de personnes, en partie cagoul\u00e9es, se sont rassembl\u00e9es sur l'Helvetiaplatz. Les forces de police ont fait preuve d'une forte pr\u00e9sence et ont rapidement boucl\u00e9 les rues environnantes et encercl\u00e9 les manifestants. Les forces de l'ordre ne se sont pas laiss\u00e9es provoquer par les quelques jets de pierres et de bouteilles - des d\u00e9bordements ont pu \u00eatre \u00e9vit\u00e9s. La gare centrale de Zurich ainsi que plusieurs b\u00e2timents cantonaux ont \u00e9t\u00e9 plac\u00e9s sous haute protection polici\u00e8re.<\/p>\n<p>Contrairement \u00e0 Istanbul, Hambourg ou Milan par exemple, la f\u00eate populaire traditionnelle s'est d\u00e9roul\u00e9e pacifiquement dans l'enceinte de l'arsenal de Zurich, mais aussi ailleurs en Suisse. La collaboration entre la police et le comit\u00e9 du 1er mai ainsi que l'Union syndicale s'est bien d\u00e9roul\u00e9e, comme l'\u00e9crit le service de presse de la police cantonale zurichoise. Selon le communiqu\u00e9, 58 personnes ont \u00e9t\u00e9 arr\u00eat\u00e9es, principalement dans le but de v\u00e9rifier leur identit\u00e9, et la plupart d'entre elles ont \u00e9t\u00e9 rel\u00e2ch\u00e9es. En outre, plusieurs expulsions ont \u00e9t\u00e9 prononc\u00e9es. Des engins pyrotechniques interdits, du mat\u00e9riel pour masquer les visages, des matraques, mais aussi un engin explosif artisanal ont \u00e9t\u00e9 saisis sur certaines personnes.\u00a0 <em>Source : Stapo\/SF<\/em><\/p>\n<figure id=\"attachment_1655\" aria-describedby=\"caption-attachment-1655\" style=\"width: 680px\" class=\"wp-caption alignnone\"><img loading=\"lazy\" decoding=\"async\" class=\"wp-image-1655 size-medium\" src=\"https:\/\/news.save.ch\/wp-content\/uploads\/2016\/12\/554546d5c4c06_Polizei_1_Mai_Sicherheitsforum.jpg\" width=\"680\" height=\"510\" \/><figcaption id=\"caption-attachment-1655\" class=\"wp-caption-text\">Vue sur l'Helvetiaplatz, o\u00f9 un petit feu est allum\u00e9. Photos : R. Str\u00e4ssle<\/figcaption><\/figure>\n<p><img loading=\"lazy\" decoding=\"async\" class=\"alignnone wp-image-1671 size-medium\" src=\"https:\/\/news.save.ch\/wp-content\/uploads\/2015\/05\/5546763e634ee_demo-1_Sicherheitsforum.jpg\" width=\"680\" height=\"509\" \/><\/p>","protected":false},"excerpt":{"rendered":"<p>Wie jedes Jahr war auch am diesj\u00e4hrigen 1.-Mai-Fest, am Tag der Arbeit, nach dem offiziellen Anlass eine \u201eNachdemo\u201c in Z\u00fcrich angesagt. Kurz nach 15 Uhr versammelten sich auf dem Helvetiaplatz eine gr\u00f6ssere Zahl von teilweise Vermummten. Die Polizeikr\u00e4fte zeigten starke Pr\u00e4senz und hatten in Windeseile die umliegenden Strassen abgeriegelt und die Demonstranten eingekesselt. Die Ordnungsh\u00fcter [&hellip;]<\/p>\n","protected":false},"author":1,"featured_media":1671,"comment_status":"open","ping_status":"open","sticky":false,"template":"","format":"standard","meta":{"_acf_changed":false,"pgc_sgb_lightbox_settings":"","footnotes":""},"categories":[1],"tags":[173,69],"class_list":["post-1634","post","type-post","status-publish","format-standard","has-post-thumbnail","hentry","category-allgemein","tag-demonstration","tag-justiz-polizei"],"acf":[],"hkrextid":null,"publication":null,"issue":null,"workflow":null,"startPage":null,"spitzmarke":null,"_posts_by_tag_page_fields":{"widget_title":"","widget_tags":""},"_at_widget":"1","_yoast_wpseo_primary_category":"","_yoast_wpseo_focuskw_text_input":"eingekesselt","_yoast_wpseo_opengraph-image":"https:\/\/news.save.ch\/wp-content\/uploads\/2015\/05\/5546763e634ee_demo-1_Sicherheitsforum.jpg","_yoast_wpseo_opengraph-description":"Eine kurze Bilanz des 1.-Mai-Festes in Z\u00fcrich.","_yoast_wpseo_opengraph-title":"Schnell eingekesselt","enclosure":null,"_yoast_wpseo_twitter-title":null,"_yoast_wpseo_twitter-description":null,"_yoast_wpseo_twitter-image":null,"_wp_old_slug":null,"_yoast_wpseo_title":null,"_yoast_wpseo_canonical":null,"yoast_head":"<!-- This site is optimized with the Yoast SEO plugin v27.4 - https:\/\/yoast.com\/product\/yoast-seo-wordpress\/ -->\n<title>Schnell eingekesselt - Save<\/title>\n<meta name=\"description\" content=\"eingekesselt: Eine kurze Bilanz des 1.-Mai-Festes in Z\u00fcrich.\" \/>\n<meta name=\"robots\" content=\"index, follow, max-snippet:-1, max-image-preview:large, max-video-preview:-1\" \/>\n<link rel=\"canonical\" href=\"https:\/\/news.save.ch\/fr\/schnell-eingekesselt\/\" \/>\n<meta property=\"og:locale\" content=\"fr_FR\" \/>\n<meta property=\"og:type\" content=\"article\" \/>\n<meta property=\"og:title\" content=\"Schnell eingekesselt\" \/>\n<meta property=\"og:description\" content=\"Eine kurze Bilanz des 1.-Mai-Festes in Z\u00fcrich.\" \/>\n<meta property=\"og:url\" content=\"https:\/\/news.save.ch\/fr\/schnell-eingekesselt\/\" \/>\n<meta property=\"og:site_name\" content=\"Save\" \/>\n<meta property=\"article:published_time\" content=\"2015-05-02T21:53:51+00:00\" \/>\n<meta property=\"og:image\" content=\"https:\/\/news.save.ch\/wp-content\/uploads\/2015\/05\/5546763e634ee_demo-1_Sicherheitsforum.jpg\" \/>\n<meta name=\"author\" content=\"admin\" \/>\n<meta name=\"twitter:card\" content=\"summary_large_image\" \/>\n<meta name=\"twitter:label1\" content=\"\u00c9crit par\" \/>\n\t<meta name=\"twitter:data1\" content=\"admin\" \/>\n\t<meta name=\"twitter:label2\" content=\"Dur\u00e9e de lecture estim\u00e9e\" \/>\n\t<meta name=\"twitter:data2\" content=\"1 minute\" \/>\n<script type=\"application\/ld+json\" class=\"yoast-schema-graph\">{\"@context\":\"https:\\\/\\\/schema.org\",\"@graph\":[{\"@type\":\"Article\",\"@id\":\"https:\\\/\\\/news.save.ch\\\/schnell-eingekesselt\\\/#article\",\"isPartOf\":{\"@id\":\"https:\\\/\\\/news.save.ch\\\/schnell-eingekesselt\\\/\"},\"author\":{\"name\":\"admin\",\"@id\":\"https:\\\/\\\/news.save.ch\\\/de\\\/#\\\/schema\\\/person\\\/d49e199490bad7c70d64b9ab51142f2b\"},\"headline\":\"Schnell eingekesselt\",\"datePublished\":\"2015-05-02T21:53:51+00:00\",\"mainEntityOfPage\":{\"@id\":\"https:\\\/\\\/news.save.ch\\\/schnell-eingekesselt\\\/\"},\"wordCount\":200,\"commentCount\":0,\"publisher\":{\"@id\":\"https:\\\/\\\/news.save.ch\\\/de\\\/#organization\"},\"image\":{\"@id\":\"https:\\\/\\\/news.save.ch\\\/schnell-eingekesselt\\\/#primaryimage\"},\"thumbnailUrl\":\"https:\\\/\\\/news.save.ch\\\/wp-content\\\/uploads\\\/2015\\\/05\\\/5546763e634ee_demo-1_Sicherheitsforum-scaled.jpg\",\"keywords\":[\"Demonstration\",\"Justiz &amp; Polizei\"],\"articleSection\":[\"ALLGEMEIN\"],\"inLanguage\":\"fr-FR\"},{\"@type\":\"WebPage\",\"@id\":\"https:\\\/\\\/news.save.ch\\\/schnell-eingekesselt\\\/\",\"url\":\"https:\\\/\\\/news.save.ch\\\/schnell-eingekesselt\\\/\",\"name\":\"Schnell eingekesselt - Save\",\"isPartOf\":{\"@id\":\"https:\\\/\\\/news.save.ch\\\/de\\\/#website\"},\"primaryImageOfPage\":{\"@id\":\"https:\\\/\\\/news.save.ch\\\/schnell-eingekesselt\\\/#primaryimage\"},\"image\":{\"@id\":\"https:\\\/\\\/news.save.ch\\\/schnell-eingekesselt\\\/#primaryimage\"},\"thumbnailUrl\":\"https:\\\/\\\/news.save.ch\\\/wp-content\\\/uploads\\\/2015\\\/05\\\/5546763e634ee_demo-1_Sicherheitsforum-scaled.jpg\",\"datePublished\":\"2015-05-02T21:53:51+00:00\",\"description\":\"eingekesselt: Eine kurze Bilanz des 1.-Mai-Festes in Z\u00fcrich.\",\"breadcrumb\":{\"@id\":\"https:\\\/\\\/news.save.ch\\\/schnell-eingekesselt\\\/#breadcrumb\"},\"inLanguage\":\"fr-FR\",\"potentialAction\":[{\"@type\":\"ReadAction\",\"target\":[\"https:\\\/\\\/news.save.ch\\\/schnell-eingekesselt\\\/\"]}]},{\"@type\":\"ImageObject\",\"inLanguage\":\"fr-FR\",\"@id\":\"https:\\\/\\\/news.save.ch\\\/schnell-eingekesselt\\\/#primaryimage\",\"url\":\"https:\\\/\\\/news.save.ch\\\/wp-content\\\/uploads\\\/2015\\\/05\\\/5546763e634ee_demo-1_Sicherheitsforum-scaled.jpg\",\"contentUrl\":\"https:\\\/\\\/news.save.ch\\\/wp-content\\\/uploads\\\/2015\\\/05\\\/5546763e634ee_demo-1_Sicherheitsforum-scaled.jpg\",\"width\":1400,\"height\":1048},{\"@type\":\"BreadcrumbList\",\"@id\":\"https:\\\/\\\/news.save.ch\\\/schnell-eingekesselt\\\/#breadcrumb\",\"itemListElement\":[{\"@type\":\"ListItem\",\"position\":1,\"name\":\"Home\",\"item\":\"https:\\\/\\\/news.save.ch\\\/de\\\/\"},{\"@type\":\"ListItem\",\"position\":2,\"name\":\"Schnell eingekesselt\"}]},{\"@type\":\"WebSite\",\"@id\":\"https:\\\/\\\/news.save.ch\\\/de\\\/#website\",\"url\":\"https:\\\/\\\/news.save.ch\\\/de\\\/\",\"name\":\"Save\",\"description\":\"Schweizer Fachzeitschrift f\u00fcr Sicherheit\",\"publisher\":{\"@id\":\"https:\\\/\\\/news.save.ch\\\/de\\\/#organization\"},\"potentialAction\":[{\"@type\":\"SearchAction\",\"target\":{\"@type\":\"EntryPoint\",\"urlTemplate\":\"https:\\\/\\\/news.save.ch\\\/de\\\/?s={search_term_string}\"},\"query-input\":{\"@type\":\"PropertyValueSpecification\",\"valueRequired\":true,\"valueName\":\"search_term_string\"}}],\"inLanguage\":\"fr-FR\"},{\"@type\":\"Organization\",\"@id\":\"https:\\\/\\\/news.save.ch\\\/de\\\/#organization\",\"name\":\"Sicherheitsforum\",\"url\":\"https:\\\/\\\/news.save.ch\\\/de\\\/\",\"logo\":{\"@type\":\"ImageObject\",\"inLanguage\":\"fr-FR\",\"@id\":\"https:\\\/\\\/news.save.ch\\\/de\\\/#\\\/schema\\\/logo\\\/image\\\/\",\"url\":\"https:\\\/\\\/news.save.ch\\\/wp-content\\\/uploads\\\/2022\\\/06\\\/Logo_SF_2012.png\",\"contentUrl\":\"https:\\\/\\\/news.save.ch\\\/wp-content\\\/uploads\\\/2022\\\/06\\\/Logo_SF_2012.png\",\"width\":1100,\"height\":91,\"caption\":\"Sicherheitsforum\"},\"image\":{\"@id\":\"https:\\\/\\\/news.save.ch\\\/de\\\/#\\\/schema\\\/logo\\\/image\\\/\"}},{\"@type\":\"Person\",\"@id\":\"https:\\\/\\\/news.save.ch\\\/de\\\/#\\\/schema\\\/person\\\/d49e199490bad7c70d64b9ab51142f2b\",\"name\":\"admin\",\"image\":{\"@type\":\"ImageObject\",\"inLanguage\":\"fr-FR\",\"@id\":\"https:\\\/\\\/secure.gravatar.com\\\/avatar\\\/ae2f4d718e6c49043e314ce431e7e645d646302a24a5ef5a8bc8e3f5a032e319?s=96&d=mm&r=g\",\"url\":\"https:\\\/\\\/secure.gravatar.com\\\/avatar\\\/ae2f4d718e6c49043e314ce431e7e645d646302a24a5ef5a8bc8e3f5a032e319?s=96&d=mm&r=g\",\"contentUrl\":\"https:\\\/\\\/secure.gravatar.com\\\/avatar\\\/ae2f4d718e6c49043e314ce431e7e645d646302a24a5ef5a8bc8e3f5a032e319?s=96&d=mm&r=g\",\"caption\":\"admin\"},\"sameAs\":[\"https:\\\/\\\/develop.organisator.galledia.ch\"],\"url\":\"https:\\\/\\\/news.save.ch\\\/fr\\\/author\\\/admin\\\/\"}]}<\/script>\n<!-- \/ Yoast SEO plugin. -->","yoast_head_json":{"title":"Encerclement rapide - Save","description":"encercl\u00e9 : un bref bilan de la f\u00eate du 1er mai \u00e0 Zurich.","robots":{"index":"index","follow":"follow","max-snippet":"max-snippet:-1","max-image-preview":"max-image-preview:large","max-video-preview":"max-video-preview:-1"},"canonical":"https:\/\/news.save.ch\/fr\/schnell-eingekesselt\/","og_locale":"fr_FR","og_type":"article","og_title":"Schnell eingekesselt","og_description":"Eine kurze Bilanz des 1.-Mai-Festes in Z\u00fcrich.","og_url":"https:\/\/news.save.ch\/fr\/schnell-eingekesselt\/","og_site_name":"Save","article_published_time":"2015-05-02T21:53:51+00:00","og_image":[{"url":"https:\/\/news.save.ch\/wp-content\/uploads\/2015\/05\/5546763e634ee_demo-1_Sicherheitsforum.jpg","type":"","width":"","height":""}],"author":"admin","twitter_card":"summary_large_image","twitter_misc":{"\u00c9crit par":"admin","Dur\u00e9e de lecture estim\u00e9e":"1 minute"},"schema":{"@context":"https:\/\/schema.org","@graph":[{"@type":"Article","@id":"https:\/\/news.save.ch\/schnell-eingekesselt\/#article","isPartOf":{"@id":"https:\/\/news.save.ch\/schnell-eingekesselt\/"},"author":{"name":"admin","@id":"https:\/\/news.save.ch\/de\/#\/schema\/person\/d49e199490bad7c70d64b9ab51142f2b"},"headline":"Schnell eingekesselt","datePublished":"2015-05-02T21:53:51+00:00","mainEntityOfPage":{"@id":"https:\/\/news.save.ch\/schnell-eingekesselt\/"},"wordCount":200,"commentCount":0,"publisher":{"@id":"https:\/\/news.save.ch\/de\/#organization"},"image":{"@id":"https:\/\/news.save.ch\/schnell-eingekesselt\/#primaryimage"},"thumbnailUrl":"https:\/\/news.save.ch\/wp-content\/uploads\/2015\/05\/5546763e634ee_demo-1_Sicherheitsforum-scaled.jpg","keywords":["Demonstration","Justiz &amp; Polizei"],"articleSection":["ALLGEMEIN"],"inLanguage":"fr-FR"},{"@type":"WebPage","@id":"https:\/\/news.save.ch\/schnell-eingekesselt\/","url":"https:\/\/news.save.ch\/schnell-eingekesselt\/","name":"Encerclement rapide - Save","isPartOf":{"@id":"https:\/\/news.save.ch\/de\/#website"},"primaryImageOfPage":{"@id":"https:\/\/news.save.ch\/schnell-eingekesselt\/#primaryimage"},"image":{"@id":"https:\/\/news.save.ch\/schnell-eingekesselt\/#primaryimage"},"thumbnailUrl":"https:\/\/news.save.ch\/wp-content\/uploads\/2015\/05\/5546763e634ee_demo-1_Sicherheitsforum-scaled.jpg","datePublished":"2015-05-02T21:53:51+00:00","description":"encercl\u00e9 : un bref bilan de la f\u00eate du 1er mai \u00e0 Zurich.","breadcrumb":{"@id":"https:\/\/news.save.ch\/schnell-eingekesselt\/#breadcrumb"},"inLanguage":"fr-FR","potentialAction":[{"@type":"ReadAction","target":["https:\/\/news.save.ch\/schnell-eingekesselt\/"]}]},{"@type":"ImageObject","inLanguage":"fr-FR","@id":"https:\/\/news.save.ch\/schnell-eingekesselt\/#primaryimage","url":"https:\/\/news.save.ch\/wp-content\/uploads\/2015\/05\/5546763e634ee_demo-1_Sicherheitsforum-scaled.jpg","contentUrl":"https:\/\/news.save.ch\/wp-content\/uploads\/2015\/05\/5546763e634ee_demo-1_Sicherheitsforum-scaled.jpg","width":1400,"height":1048},{"@type":"BreadcrumbList","@id":"https:\/\/news.save.ch\/schnell-eingekesselt\/#breadcrumb","itemListElement":[{"@type":"ListItem","position":1,"name":"Home","item":"https:\/\/news.save.ch\/de\/"},{"@type":"ListItem","position":2,"name":"Schnell eingekesselt"}]},{"@type":"WebSite","@id":"https:\/\/news.save.ch\/de\/#website","url":"https:\/\/news.save.ch\/de\/","name":"Save","description":"Revue suisse sp\u00e9cialis\u00e9e dans la s\u00e9curit\u00e9","publisher":{"@id":"https:\/\/news.save.ch\/de\/#organization"},"potentialAction":[{"@type":"SearchAction","target":{"@type":"EntryPoint","urlTemplate":"https:\/\/news.save.ch\/de\/?s={search_term_string}"},"query-input":{"@type":"PropertyValueSpecification","valueRequired":true,"valueName":"search_term_string"}}],"inLanguage":"fr-FR"},{"@type":"Organization","@id":"https:\/\/news.save.ch\/de\/#organization","name":"Forum sur la s\u00e9curit\u00e9","url":"https:\/\/news.save.ch\/de\/","logo":{"@type":"ImageObject","inLanguage":"fr-FR","@id":"https:\/\/news.save.ch\/de\/#\/schema\/logo\/image\/","url":"https:\/\/news.save.ch\/wp-content\/uploads\/2022\/06\/Logo_SF_2012.png","contentUrl":"https:\/\/news.save.ch\/wp-content\/uploads\/2022\/06\/Logo_SF_2012.png","width":1100,"height":91,"caption":"Sicherheitsforum"},"image":{"@id":"https:\/\/news.save.ch\/de\/#\/schema\/logo\/image\/"}},{"@type":"Person","@id":"https:\/\/news.save.ch\/de\/#\/schema\/person\/d49e199490bad7c70d64b9ab51142f2b","name":"admin","image":{"@type":"ImageObject","inLanguage":"fr-FR","@id":"https:\/\/secure.gravatar.com\/avatar\/ae2f4d718e6c49043e314ce431e7e645d646302a24a5ef5a8bc8e3f5a032e319?s=96&d=mm&r=g","url":"https:\/\/secure.gravatar.com\/avatar\/ae2f4d718e6c49043e314ce431e7e645d646302a24a5ef5a8bc8e3f5a032e319?s=96&d=mm&r=g","contentUrl":"https:\/\/secure.gravatar.com\/avatar\/ae2f4d718e6c49043e314ce431e7e645d646302a24a5ef5a8bc8e3f5a032e319?s=96&d=mm&r=g","caption":"admin"},"sameAs":["https:\/\/develop.organisator.galledia.ch"],"url":"https:\/\/news.save.ch\/fr\/author\/admin\/"}]}},"_links":{"self":[{"href":"https:\/\/news.save.ch\/fr\/wp-json\/wp\/v2\/posts\/1634","targetHints":{"allow":["GET"]}}],"collection":[{"href":"https:\/\/news.save.ch\/fr\/wp-json\/wp\/v2\/posts"}],"about":[{"href":"https:\/\/news.save.ch\/fr\/wp-json\/wp\/v2\/types\/post"}],"author":[{"embeddable":true,"href":"https:\/\/news.save.ch\/fr\/wp-json\/wp\/v2\/users\/1"}],"replies":[{"embeddable":true,"href":"https:\/\/news.save.ch\/fr\/wp-json\/wp\/v2\/comments?post=1634"}],"version-history":[{"count":0,"href":"https:\/\/news.save.ch\/fr\/wp-json\/wp\/v2\/posts\/1634\/revisions"}],"wp:featuredmedia":[{"embeddable":true,"href":"https:\/\/news.save.ch\/fr\/wp-json\/wp\/v2\/media\/1671"}],"wp:attachment":[{"href":"https:\/\/news.save.ch\/fr\/wp-json\/wp\/v2\/media?parent=1634"}],"wp:term":[{"taxonomy":"category","embeddable":true,"href":"https:\/\/news.save.ch\/fr\/wp-json\/wp\/v2\/categories?post=1634"},{"taxonomy":"post_tag","embeddable":true,"href":"https:\/\/news.save.ch\/fr\/wp-json\/wp\/v2\/tags?post=1634"}],"curies":[{"name":"wp","href":"https:\/\/api.w.org\/{rel}","templated":true}]}}