{"id":1647,"date":"2015-09-01T11:58:23","date_gmt":"2015-09-01T09:58:23","guid":{"rendered":"https:\/\/dev.sicherheitsforum.ch\/?p=1647"},"modified":"2023-03-14T08:59:01","modified_gmt":"2023-03-14T07:59:01","slug":"erdbeben-neues-gefaehrdungsmodell-fuer-die-schweiz","status":null,"type":"post","link":"https:\/\/news.save.ch\/fr\/erdbeben-neues-gefaehrdungsmodell-fuer-die-schweiz\/","title":{"rendered":"Tremblements de terre - nouveau mod\u00e8le de danger pour la Suisse"},"content":{"rendered":"<figure id=\"attachment_1650\" aria-describedby=\"caption-attachment-1650\" style=\"width: 675px\" class=\"wp-caption alignnone\"><img loading=\"lazy\" decoding=\"async\" class=\"wp-image-1650 size-full\" src=\"https:\/\/news.save.ch\/wp-content\/uploads\/2016\/12\/Erdbeben---neues-Gef\u00e4hrdungsmodell-f\u00fcr-die-Schweiz-sicherheitsforum.jpg\" width=\"675\" height=\"389\" \/><figcaption id=\"caption-attachment-1650\" class=\"wp-caption-text\">L'ancienne (en haut) et la nouvelle carte des dangers. Source : SED<\/figcaption><\/figure>\n<p>Chaque ann\u00e9e, le Service sismologique suisse (<a href=\"https:\/\/www.seismo.ethz.ch\/index\" target=\"_blank\" data-cke-saved-href=\"https:\/\/www.seismo.ethz.ch\/index\" rel=\"noopener\">SED<\/a>), plus de 500 tremblements de terre ont eu lieu en Suisse. Le dernier s\u00e9isme d'intensit\u00e9 moyenne remonte \u00e0 trois bonnes ann\u00e9es : un tremblement de terre de magnitude 4,2 s'est produit pr\u00e8s de Zoug, \u00e0 30 km de profondeur. Il a \u00e9t\u00e9 clairement ressenti par des dizaines de milliers de personnes dans de grandes parties de la Suisse centrale et orientale. Cet exemple montre clairement que des s\u00e9ismes d'intensit\u00e9 moyenne se produisent r\u00e9guli\u00e8rement en Suisse. Mais un s\u00e9isme fort, voire catastrophique, peut aussi survenir \u00e0 tout moment et partout en Suisse. L'un des axes de recherche du Service sismologique suisse est de savoir \u00e0 quelle fr\u00e9quence et avec quelle intensit\u00e9 la terre pourrait trembler \u00e0 l'avenir en certains endroits.<\/p>\n<p><strong>Diff\u00e9rentes r\u00e9gions menac\u00e9es<\/strong><\/p>\n<p>Des estimations montrent que : Les tremblements de terre sont le danger naturel qui pr\u00e9sente le plus grand potentiel de dommages en Suisse. Sur mandat de la Conf\u00e9d\u00e9ration, le SED surveille l'activit\u00e9 sismique et \u00e9value le risque sismique en Suisse. Il publie en outre \u00e0 intervalles r\u00e9guliers un mod\u00e8le d\u00e9crivant les \u00e9ventuels futurs s\u00e9ismes et les mouvements du sol qui les accompagnent. Le mod\u00e8le d'al\u00e9a sismique actualis\u00e9 qui vient d'\u00eatre publi\u00e9 se base sur des mod\u00e8les de pr\u00e9vision am\u00e9lior\u00e9s, des donn\u00e9es nouvelles et beaucoup plus pr\u00e9cises ainsi que des estimations r\u00e9vis\u00e9es de sources historiques. Il remplace le mod\u00e8le de 2004 et permet une estimation beaucoup plus solide de l'al\u00e9a.<\/p>\n<p>Le nouveau mod\u00e8le sert de base aux sp\u00e9cialistes et aux repr\u00e9sentants des autorit\u00e9s pour prendre des d\u00e9cisions dans le domaine de la pr\u00e9vention et de la gestion des risques sismiques. Dans l'ensemble, l'\u00e9valuation du danger pour certaines r\u00e9gions n'a que l\u00e9g\u00e8rement chang\u00e9 depuis 2004 : Le Valais reste la r\u00e9gion la plus menac\u00e9e, suivi de B\u00e2le, des Grisons, de la vall\u00e9e du Rhin saint-galloise et de la Suisse centrale. Seul le canton des Grisons, et plus particuli\u00e8rement l'Engadine, est plus menac\u00e9 qu'on ne le pensait jusqu'\u00e0 pr\u00e9sent, selon l'\u00e9valuation du SED. Ce classement l\u00e9g\u00e8rement plus \u00e9lev\u00e9 s'explique avant tout par une \u00e9valuation adapt\u00e9e des s\u00e9ismes pass\u00e9s.<\/p>\n<p><strong>Diff\u00e9rentes cartes - diff\u00e9rents aspects<\/strong><\/p>\n<p>Outre la carte de danger classique, qui illustre \u00e0 l'aide de valeurs d'acc\u00e9l\u00e9ration o\u00f9 et \u00e0 quelle fr\u00e9quence des s\u00e9ismes d'une certaine intensit\u00e9 sont \u00e0 attendre, le SED lance cette ann\u00e9e deux autres produits. Ils permettent \u00e0 la population d'acc\u00e9der plus facilement aux informations pertinentes :<\/p>\n<p>Ainsi, l'une des deux nouvelles cartes illustre les effets des s\u00e9ismes de diff\u00e9rentes magnitudes. L'autre carte illustre la fr\u00e9quence des tremblements de terre d'une magnitude donn\u00e9e. Tous les produits peuvent \u00eatre explor\u00e9s dans un outil web interactif.<\/p>\n<p>Le nouveau concept de couleurs de la carte de l'al\u00e9a est \u00e9galement frappant : les couleurs \"inoffensives\", le vert et le bleu, qui dominaient la carte de 2004, ont \u00e9t\u00e9 remplac\u00e9es par des teintes jaunes, orange, rouges et violettes. Cette nouvelle coloration refl\u00e8te mieux l'al\u00e9a sismique r\u00e9el en Suisse : en principe, un fort s\u00e9isme est possible \u00e0 tout moment dans n'importe quelle r\u00e9gion de Suisse.<\/p>\n<p><strong>Prendre des mesures de protection<\/strong><\/p>\n<p>Les acc\u00e9l\u00e9rations du sol auxquelles il faut s'attendre constituent un param\u00e8tre important dans le calcul de l'al\u00e9a sismique. Ces derni\u00e8res ann\u00e9es, les chercheurs ont collect\u00e9 de nombreuses nouvelles donn\u00e9es \u00e0 proximit\u00e9 de s\u00e9ismes importants en Suisse et \u00e0 l'\u00e9tranger. Les \u00e9valuations a posteriori ont montr\u00e9 que, lors de certains s\u00e9ismes, le sol bougeait plus que ce que l'on supposait jusqu'\u00e0 pr\u00e9sent. Sur la base de ce constat, le SED a adapt\u00e9 en cons\u00e9quence les mouvements du sol attendus. Ces valeurs sont particuli\u00e8rement importantes pour les ing\u00e9nieurs en construction afin de concevoir des b\u00e2timents et des infrastructures en fonction des s\u00e9ismes.<\/p>\n<p>Outre les ing\u00e9nieurs, la carte des al\u00e9as est \u00e9galement un instrument important pour les autorit\u00e9s, les assurances et les chercheurs. Elle sert en premier lieu de base \u00e0 ces groupes d'int\u00e9r\u00eat pour prendre des d\u00e9cisions dans le domaine de la pr\u00e9vention des s\u00e9ismes et de la gestion int\u00e9grale des risques. De plus, les normes de construction parasismique se basent sur la carte des dangers.<\/p>\n<p><strong>Risque sismique en ligne :<\/strong><\/p>\n<ul>\n<li><em>Cartes :\u00a0<\/em>D\u00e9couvrez et comparez les cartes d'impact, de vuln\u00e9rabilit\u00e9 et de magnitude avec d'autres param\u00e8tres et p\u00e9riodes dans le\u00a0<a href=\"https:\/\/www.seismo.ethz.ch\/de\/knowledge\/seismic-hazard\/maps\/\" target=\"_blank\" data-cke-saved-href=\"https:\/\/www.seismo.ethz.ch\/de\/knowledge\/seismic-hazard\/maps\/\" rel=\"noopener\">Outil web<\/a>.<\/li>\n<li><em>Arri\u00e8re-plan :\u00a0<\/em>Informations compl\u00e9mentaires et rapport scientifique d\u00e9taill\u00e9 sur le mod\u00e8le d'al\u00e9a sismique <a href=\"https:\/\/www.seismo.ethz.ch\/de\/knowledge\/seismic-hazard\/background-information\/\" target=\"_blank\" data-cke-saved-href=\"https:\/\/www.seismo.ethz.ch\/de\/knowledge\/seismic-hazard\/background-information\/\" rel=\"noopener\">ici<\/a>.<\/li>\n<li><em>Professionnels<\/em>\u00a0trouvent des informations compl\u00e9mentaires ainsi que des donn\u00e9es et des caract\u00e9ristiques sp\u00e9cifiques <a href=\"https:\/\/www.seismo.ethz.ch\/eq_swiss\/Erdbebengefaehrdung\/FuerFachpersonen\/index\" target=\"_blank\" data-cke-saved-href=\"https:\/\/www.seismo.ethz.ch\/eq_swiss\/Erdbebengefaehrdung\/FuerFachpersonen\/index\" rel=\"noopener\">ici<\/a>.<\/li>\n<\/ul>","protected":false},"excerpt":{"rendered":"<p>Jedes Jahr registriert der Schweizerische Erdbebendienst (SED) \u00fcber 500 Erdbeben in der Schweiz. Das letzte mittelstarke Erdbeben liegt gut drei Jahre zur\u00fcck: Bei Zug ereignete sich 30 km tief im Erdinnern ein Beben der Magnitude 4,2. Dieses wurde in weiten Teilen der Zentral- und Ostschweiz von zehntausenden von Menschen deutlich versp\u00fcrt. Das Beispiel macht klar, [&hellip;]<\/p>\n","protected":false},"author":1,"featured_media":1650,"comment_status":"open","ping_status":"open","sticky":false,"template":"","format":"standard","meta":{"_acf_changed":false,"pgc_sgb_lightbox_settings":"","footnotes":""},"categories":[3312],"tags":[170],"class_list":["post-1647","post","type-post","status-publish","format-standard","has-post-thumbnail","hentry","category-sicherheit","tag-naturgefahren"],"acf":[],"hkrextid":null,"publication":null,"issue":null,"workflow":null,"startPage":null,"spitzmarke":null,"_posts_by_tag_page_fields":{"widget_title":"","widget_tags":""},"_at_widget":"1","_yoast_wpseo_primary_category":"5","_yoast_wpseo_focuskw_text_input":"Erdbeben","_yoast_wpseo_opengraph-image":"https:\/\/news.save.ch\/wp-content\/uploads\/2016\/12\/Erdbeben-\u2013-neues-Gef\u00e4hrdungsmodell-f\u00fcr-die-Schweiz-sicherheitsforum.jpg","_yoast_wpseo_opengraph-description":"Der Schweizerische Erdbebendienst an der ETH Z\u00fcrich hat nach zehn Jahren intensiver Forschung ein aktualisiertes Erdbebengef\u00e4hrdungsmodell erstellt. Dieses best\u00e4tigt: Erdbeben sind eine ernstzunehmende Gefahr f\u00fcr die Schweiz.","_yoast_wpseo_opengraph-title":"Erdbeben \u2013 neues Gef\u00e4hrdungsmodell f\u00fcr die Schweiz","enclosure":null,"_yoast_wpseo_twitter-title":null,"_yoast_wpseo_twitter-description":null,"_yoast_wpseo_twitter-image":null,"_wp_old_slug":null,"_yoast_wpseo_title":null,"_yoast_wpseo_canonical":null,"yoast_head":"<!-- This site is optimized with the Yoast SEO plugin v27.4 - https:\/\/yoast.com\/product\/yoast-seo-wordpress\/ -->\n<title>Erdbeben \u2013 neues Gef\u00e4hrdungsmodell f\u00fcr die Schweiz - Save<\/title>\n<meta name=\"description\" content=\"Der Schweizerische Erdbebendienst an der ETH Z\u00fcrich hat nach zehn Jahren intensiver Forschung ein aktualisiertes Erdbebengef\u00e4hrdungsmodell erstellt.\" \/>\n<meta name=\"robots\" content=\"index, follow, max-snippet:-1, max-image-preview:large, max-video-preview:-1\" \/>\n<link rel=\"canonical\" href=\"https:\/\/news.save.ch\/fr\/erdbeben-neues-gefaehrdungsmodell-fuer-die-schweiz\/\" \/>\n<meta property=\"og:locale\" content=\"fr_FR\" \/>\n<meta property=\"og:type\" content=\"article\" \/>\n<meta property=\"og:title\" content=\"Erdbeben \u2013 neues Gef\u00e4hrdungsmodell f\u00fcr die Schweiz\" \/>\n<meta property=\"og:description\" content=\"Der Schweizerische Erdbebendienst an der ETH Z\u00fcrich hat nach zehn Jahren intensiver Forschung ein aktualisiertes Erdbebengef\u00e4hrdungsmodell erstellt. Dieses best\u00e4tigt: Erdbeben sind eine ernstzunehmende Gefahr f\u00fcr die Schweiz.\" \/>\n<meta property=\"og:url\" content=\"https:\/\/news.save.ch\/fr\/erdbeben-neues-gefaehrdungsmodell-fuer-die-schweiz\/\" \/>\n<meta property=\"og:site_name\" content=\"Save\" \/>\n<meta property=\"article:published_time\" content=\"2015-09-01T09:58:23+00:00\" \/>\n<meta property=\"article:modified_time\" content=\"2023-03-14T07:59:01+00:00\" \/>\n<meta property=\"og:image\" content=\"https:\/\/news.save.ch\/wp-content\/uploads\/2016\/12\/Erdbeben-\u2013-neues-Gef\u00e4hrdungsmodell-f\u00fcr-die-Schweiz-sicherheitsforum.jpg\" \/>\n<meta name=\"author\" content=\"admin\" \/>\n<meta name=\"twitter:card\" content=\"summary_large_image\" \/>\n<meta name=\"twitter:label1\" content=\"\u00c9crit par\" \/>\n\t<meta name=\"twitter:data1\" content=\"admin\" \/>\n\t<meta name=\"twitter:label2\" content=\"Dur\u00e9e de lecture estim\u00e9e\" \/>\n\t<meta name=\"twitter:data2\" content=\"3 minutes\" \/>\n<script type=\"application\/ld+json\" class=\"yoast-schema-graph\">{\"@context\":\"https:\\\/\\\/schema.org\",\"@graph\":[{\"@type\":\"Article\",\"@id\":\"https:\\\/\\\/news.save.ch\\\/erdbeben-neues-gefaehrdungsmodell-fuer-die-schweiz\\\/#article\",\"isPartOf\":{\"@id\":\"https:\\\/\\\/news.save.ch\\\/erdbeben-neues-gefaehrdungsmodell-fuer-die-schweiz\\\/\"},\"author\":{\"name\":\"admin\",\"@id\":\"https:\\\/\\\/news.save.ch\\\/de\\\/#\\\/schema\\\/person\\\/d49e199490bad7c70d64b9ab51142f2b\"},\"headline\":\"Erdbeben \u2013 neues Gef\u00e4hrdungsmodell f\u00fcr die Schweiz\",\"datePublished\":\"2015-09-01T09:58:23+00:00\",\"dateModified\":\"2023-03-14T07:59:01+00:00\",\"mainEntityOfPage\":{\"@id\":\"https:\\\/\\\/news.save.ch\\\/erdbeben-neues-gefaehrdungsmodell-fuer-die-schweiz\\\/\"},\"wordCount\":663,\"commentCount\":0,\"publisher\":{\"@id\":\"https:\\\/\\\/news.save.ch\\\/de\\\/#organization\"},\"image\":{\"@id\":\"https:\\\/\\\/news.save.ch\\\/erdbeben-neues-gefaehrdungsmodell-fuer-die-schweiz\\\/#primaryimage\"},\"thumbnailUrl\":\"https:\\\/\\\/news.save.ch\\\/wp-content\\\/uploads\\\/2016\\\/12\\\/Erdbeben-\u2013-neues-Gefaehrdungsmodell-fuer-die-Schweiz-sicherheitsforum.jpg\",\"keywords\":[\"Naturgefahren\"],\"articleSection\":[\"SICHERHEIT\"],\"inLanguage\":\"fr-FR\"},{\"@type\":\"WebPage\",\"@id\":\"https:\\\/\\\/news.save.ch\\\/erdbeben-neues-gefaehrdungsmodell-fuer-die-schweiz\\\/\",\"url\":\"https:\\\/\\\/news.save.ch\\\/erdbeben-neues-gefaehrdungsmodell-fuer-die-schweiz\\\/\",\"name\":\"Erdbeben \u2013 neues Gef\u00e4hrdungsmodell f\u00fcr die Schweiz - Save\",\"isPartOf\":{\"@id\":\"https:\\\/\\\/news.save.ch\\\/de\\\/#website\"},\"primaryImageOfPage\":{\"@id\":\"https:\\\/\\\/news.save.ch\\\/erdbeben-neues-gefaehrdungsmodell-fuer-die-schweiz\\\/#primaryimage\"},\"image\":{\"@id\":\"https:\\\/\\\/news.save.ch\\\/erdbeben-neues-gefaehrdungsmodell-fuer-die-schweiz\\\/#primaryimage\"},\"thumbnailUrl\":\"https:\\\/\\\/news.save.ch\\\/wp-content\\\/uploads\\\/2016\\\/12\\\/Erdbeben-\u2013-neues-Gefaehrdungsmodell-fuer-die-Schweiz-sicherheitsforum.jpg\",\"datePublished\":\"2015-09-01T09:58:23+00:00\",\"dateModified\":\"2023-03-14T07:59:01+00:00\",\"description\":\"Der Schweizerische Erdbebendienst an der ETH Z\u00fcrich hat nach zehn Jahren intensiver Forschung ein aktualisiertes Erdbebengef\u00e4hrdungsmodell erstellt.\",\"breadcrumb\":{\"@id\":\"https:\\\/\\\/news.save.ch\\\/erdbeben-neues-gefaehrdungsmodell-fuer-die-schweiz\\\/#breadcrumb\"},\"inLanguage\":\"fr-FR\",\"potentialAction\":[{\"@type\":\"ReadAction\",\"target\":[\"https:\\\/\\\/news.save.ch\\\/erdbeben-neues-gefaehrdungsmodell-fuer-die-schweiz\\\/\"]}]},{\"@type\":\"ImageObject\",\"inLanguage\":\"fr-FR\",\"@id\":\"https:\\\/\\\/news.save.ch\\\/erdbeben-neues-gefaehrdungsmodell-fuer-die-schweiz\\\/#primaryimage\",\"url\":\"https:\\\/\\\/news.save.ch\\\/wp-content\\\/uploads\\\/2016\\\/12\\\/Erdbeben-\u2013-neues-Gefaehrdungsmodell-fuer-die-Schweiz-sicherheitsforum.jpg\",\"contentUrl\":\"https:\\\/\\\/news.save.ch\\\/wp-content\\\/uploads\\\/2016\\\/12\\\/Erdbeben-\u2013-neues-Gefaehrdungsmodell-fuer-die-Schweiz-sicherheitsforum.jpg\",\"width\":675,\"height\":389,\"caption\":\"Die alte (oben) und neue Gef\u00e4hrdungskarte. Quelle: SED\"},{\"@type\":\"BreadcrumbList\",\"@id\":\"https:\\\/\\\/news.save.ch\\\/erdbeben-neues-gefaehrdungsmodell-fuer-die-schweiz\\\/#breadcrumb\",\"itemListElement\":[{\"@type\":\"ListItem\",\"position\":1,\"name\":\"Home\",\"item\":\"https:\\\/\\\/news.save.ch\\\/de\\\/\"},{\"@type\":\"ListItem\",\"position\":2,\"name\":\"Erdbeben \u2013 neues Gef\u00e4hrdungsmodell f\u00fcr die Schweiz\"}]},{\"@type\":\"WebSite\",\"@id\":\"https:\\\/\\\/news.save.ch\\\/de\\\/#website\",\"url\":\"https:\\\/\\\/news.save.ch\\\/de\\\/\",\"name\":\"Save\",\"description\":\"Schweizer Fachzeitschrift f\u00fcr Sicherheit\",\"publisher\":{\"@id\":\"https:\\\/\\\/news.save.ch\\\/de\\\/#organization\"},\"potentialAction\":[{\"@type\":\"SearchAction\",\"target\":{\"@type\":\"EntryPoint\",\"urlTemplate\":\"https:\\\/\\\/news.save.ch\\\/de\\\/?s={search_term_string}\"},\"query-input\":{\"@type\":\"PropertyValueSpecification\",\"valueRequired\":true,\"valueName\":\"search_term_string\"}}],\"inLanguage\":\"fr-FR\"},{\"@type\":\"Organization\",\"@id\":\"https:\\\/\\\/news.save.ch\\\/de\\\/#organization\",\"name\":\"Sicherheitsforum\",\"url\":\"https:\\\/\\\/news.save.ch\\\/de\\\/\",\"logo\":{\"@type\":\"ImageObject\",\"inLanguage\":\"fr-FR\",\"@id\":\"https:\\\/\\\/news.save.ch\\\/de\\\/#\\\/schema\\\/logo\\\/image\\\/\",\"url\":\"https:\\\/\\\/news.save.ch\\\/wp-content\\\/uploads\\\/2022\\\/06\\\/Logo_SF_2012.png\",\"contentUrl\":\"https:\\\/\\\/news.save.ch\\\/wp-content\\\/uploads\\\/2022\\\/06\\\/Logo_SF_2012.png\",\"width\":1100,\"height\":91,\"caption\":\"Sicherheitsforum\"},\"image\":{\"@id\":\"https:\\\/\\\/news.save.ch\\\/de\\\/#\\\/schema\\\/logo\\\/image\\\/\"}},{\"@type\":\"Person\",\"@id\":\"https:\\\/\\\/news.save.ch\\\/de\\\/#\\\/schema\\\/person\\\/d49e199490bad7c70d64b9ab51142f2b\",\"name\":\"admin\",\"image\":{\"@type\":\"ImageObject\",\"inLanguage\":\"fr-FR\",\"@id\":\"https:\\\/\\\/secure.gravatar.com\\\/avatar\\\/ae2f4d718e6c49043e314ce431e7e645d646302a24a5ef5a8bc8e3f5a032e319?s=96&d=mm&r=g\",\"url\":\"https:\\\/\\\/secure.gravatar.com\\\/avatar\\\/ae2f4d718e6c49043e314ce431e7e645d646302a24a5ef5a8bc8e3f5a032e319?s=96&d=mm&r=g\",\"contentUrl\":\"https:\\\/\\\/secure.gravatar.com\\\/avatar\\\/ae2f4d718e6c49043e314ce431e7e645d646302a24a5ef5a8bc8e3f5a032e319?s=96&d=mm&r=g\",\"caption\":\"admin\"},\"sameAs\":[\"https:\\\/\\\/develop.organisator.galledia.ch\"],\"url\":\"https:\\\/\\\/news.save.ch\\\/fr\\\/author\\\/admin\\\/\"}]}<\/script>\n<!-- \/ Yoast SEO plugin. -->","yoast_head_json":{"title":"Tremblements de terre - nouveau mod\u00e8le de danger pour la Suisse - Save","description":"Apr\u00e8s dix ans de recherches intensives, le Service sismologique suisse \u00e0 l'EPF de Zurich a \u00e9tabli un mod\u00e8le actualis\u00e9 de l'al\u00e9a sismique.","robots":{"index":"index","follow":"follow","max-snippet":"max-snippet:-1","max-image-preview":"max-image-preview:large","max-video-preview":"max-video-preview:-1"},"canonical":"https:\/\/news.save.ch\/fr\/erdbeben-neues-gefaehrdungsmodell-fuer-die-schweiz\/","og_locale":"fr_FR","og_type":"article","og_title":"Erdbeben \u2013 neues Gef\u00e4hrdungsmodell f\u00fcr die Schweiz","og_description":"Der Schweizerische Erdbebendienst an der ETH Z\u00fcrich hat nach zehn Jahren intensiver Forschung ein aktualisiertes Erdbebengef\u00e4hrdungsmodell erstellt. Dieses best\u00e4tigt: Erdbeben sind eine ernstzunehmende Gefahr f\u00fcr die Schweiz.","og_url":"https:\/\/news.save.ch\/fr\/erdbeben-neues-gefaehrdungsmodell-fuer-die-schweiz\/","og_site_name":"Save","article_published_time":"2015-09-01T09:58:23+00:00","article_modified_time":"2023-03-14T07:59:01+00:00","og_image":[{"url":"https:\/\/news.save.ch\/wp-content\/uploads\/2016\/12\/Erdbeben-\u2013-neues-Gef\u00e4hrdungsmodell-f\u00fcr-die-Schweiz-sicherheitsforum.jpg","type":"","width":"","height":""}],"author":"admin","twitter_card":"summary_large_image","twitter_misc":{"\u00c9crit par":"admin","Dur\u00e9e de lecture estim\u00e9e":"3 minutes"},"schema":{"@context":"https:\/\/schema.org","@graph":[{"@type":"Article","@id":"https:\/\/news.save.ch\/erdbeben-neues-gefaehrdungsmodell-fuer-die-schweiz\/#article","isPartOf":{"@id":"https:\/\/news.save.ch\/erdbeben-neues-gefaehrdungsmodell-fuer-die-schweiz\/"},"author":{"name":"admin","@id":"https:\/\/news.save.ch\/de\/#\/schema\/person\/d49e199490bad7c70d64b9ab51142f2b"},"headline":"Erdbeben \u2013 neues Gef\u00e4hrdungsmodell f\u00fcr die Schweiz","datePublished":"2015-09-01T09:58:23+00:00","dateModified":"2023-03-14T07:59:01+00:00","mainEntityOfPage":{"@id":"https:\/\/news.save.ch\/erdbeben-neues-gefaehrdungsmodell-fuer-die-schweiz\/"},"wordCount":663,"commentCount":0,"publisher":{"@id":"https:\/\/news.save.ch\/de\/#organization"},"image":{"@id":"https:\/\/news.save.ch\/erdbeben-neues-gefaehrdungsmodell-fuer-die-schweiz\/#primaryimage"},"thumbnailUrl":"https:\/\/news.save.ch\/wp-content\/uploads\/2016\/12\/Erdbeben-\u2013-neues-Gefaehrdungsmodell-fuer-die-Schweiz-sicherheitsforum.jpg","keywords":["Naturgefahren"],"articleSection":["SICHERHEIT"],"inLanguage":"fr-FR"},{"@type":"WebPage","@id":"https:\/\/news.save.ch\/erdbeben-neues-gefaehrdungsmodell-fuer-die-schweiz\/","url":"https:\/\/news.save.ch\/erdbeben-neues-gefaehrdungsmodell-fuer-die-schweiz\/","name":"Tremblements de terre - nouveau mod\u00e8le de danger pour la Suisse - Save","isPartOf":{"@id":"https:\/\/news.save.ch\/de\/#website"},"primaryImageOfPage":{"@id":"https:\/\/news.save.ch\/erdbeben-neues-gefaehrdungsmodell-fuer-die-schweiz\/#primaryimage"},"image":{"@id":"https:\/\/news.save.ch\/erdbeben-neues-gefaehrdungsmodell-fuer-die-schweiz\/#primaryimage"},"thumbnailUrl":"https:\/\/news.save.ch\/wp-content\/uploads\/2016\/12\/Erdbeben-\u2013-neues-Gefaehrdungsmodell-fuer-die-Schweiz-sicherheitsforum.jpg","datePublished":"2015-09-01T09:58:23+00:00","dateModified":"2023-03-14T07:59:01+00:00","description":"Apr\u00e8s dix ans de recherches intensives, le Service sismologique suisse \u00e0 l'EPF de Zurich a \u00e9tabli un mod\u00e8le actualis\u00e9 de l'al\u00e9a sismique.","breadcrumb":{"@id":"https:\/\/news.save.ch\/erdbeben-neues-gefaehrdungsmodell-fuer-die-schweiz\/#breadcrumb"},"inLanguage":"fr-FR","potentialAction":[{"@type":"ReadAction","target":["https:\/\/news.save.ch\/erdbeben-neues-gefaehrdungsmodell-fuer-die-schweiz\/"]}]},{"@type":"ImageObject","inLanguage":"fr-FR","@id":"https:\/\/news.save.ch\/erdbeben-neues-gefaehrdungsmodell-fuer-die-schweiz\/#primaryimage","url":"https:\/\/news.save.ch\/wp-content\/uploads\/2016\/12\/Erdbeben-\u2013-neues-Gefaehrdungsmodell-fuer-die-Schweiz-sicherheitsforum.jpg","contentUrl":"https:\/\/news.save.ch\/wp-content\/uploads\/2016\/12\/Erdbeben-\u2013-neues-Gefaehrdungsmodell-fuer-die-Schweiz-sicherheitsforum.jpg","width":675,"height":389,"caption":"Die alte (oben) und neue Gef\u00e4hrdungskarte. Quelle: SED"},{"@type":"BreadcrumbList","@id":"https:\/\/news.save.ch\/erdbeben-neues-gefaehrdungsmodell-fuer-die-schweiz\/#breadcrumb","itemListElement":[{"@type":"ListItem","position":1,"name":"Home","item":"https:\/\/news.save.ch\/de\/"},{"@type":"ListItem","position":2,"name":"Erdbeben \u2013 neues Gef\u00e4hrdungsmodell f\u00fcr die Schweiz"}]},{"@type":"WebSite","@id":"https:\/\/news.save.ch\/de\/#website","url":"https:\/\/news.save.ch\/de\/","name":"Save","description":"Revue suisse sp\u00e9cialis\u00e9e dans la s\u00e9curit\u00e9","publisher":{"@id":"https:\/\/news.save.ch\/de\/#organization"},"potentialAction":[{"@type":"SearchAction","target":{"@type":"EntryPoint","urlTemplate":"https:\/\/news.save.ch\/de\/?s={search_term_string}"},"query-input":{"@type":"PropertyValueSpecification","valueRequired":true,"valueName":"search_term_string"}}],"inLanguage":"fr-FR"},{"@type":"Organization","@id":"https:\/\/news.save.ch\/de\/#organization","name":"Forum sur la s\u00e9curit\u00e9","url":"https:\/\/news.save.ch\/de\/","logo":{"@type":"ImageObject","inLanguage":"fr-FR","@id":"https:\/\/news.save.ch\/de\/#\/schema\/logo\/image\/","url":"https:\/\/news.save.ch\/wp-content\/uploads\/2022\/06\/Logo_SF_2012.png","contentUrl":"https:\/\/news.save.ch\/wp-content\/uploads\/2022\/06\/Logo_SF_2012.png","width":1100,"height":91,"caption":"Sicherheitsforum"},"image":{"@id":"https:\/\/news.save.ch\/de\/#\/schema\/logo\/image\/"}},{"@type":"Person","@id":"https:\/\/news.save.ch\/de\/#\/schema\/person\/d49e199490bad7c70d64b9ab51142f2b","name":"admin","image":{"@type":"ImageObject","inLanguage":"fr-FR","@id":"https:\/\/secure.gravatar.com\/avatar\/ae2f4d718e6c49043e314ce431e7e645d646302a24a5ef5a8bc8e3f5a032e319?s=96&d=mm&r=g","url":"https:\/\/secure.gravatar.com\/avatar\/ae2f4d718e6c49043e314ce431e7e645d646302a24a5ef5a8bc8e3f5a032e319?s=96&d=mm&r=g","contentUrl":"https:\/\/secure.gravatar.com\/avatar\/ae2f4d718e6c49043e314ce431e7e645d646302a24a5ef5a8bc8e3f5a032e319?s=96&d=mm&r=g","caption":"admin"},"sameAs":["https:\/\/develop.organisator.galledia.ch"],"url":"https:\/\/news.save.ch\/fr\/author\/admin\/"}]}},"_links":{"self":[{"href":"https:\/\/news.save.ch\/fr\/wp-json\/wp\/v2\/posts\/1647","targetHints":{"allow":["GET"]}}],"collection":[{"href":"https:\/\/news.save.ch\/fr\/wp-json\/wp\/v2\/posts"}],"about":[{"href":"https:\/\/news.save.ch\/fr\/wp-json\/wp\/v2\/types\/post"}],"author":[{"embeddable":true,"href":"https:\/\/news.save.ch\/fr\/wp-json\/wp\/v2\/users\/1"}],"replies":[{"embeddable":true,"href":"https:\/\/news.save.ch\/fr\/wp-json\/wp\/v2\/comments?post=1647"}],"version-history":[{"count":1,"href":"https:\/\/news.save.ch\/fr\/wp-json\/wp\/v2\/posts\/1647\/revisions"}],"predecessor-version":[{"id":17886,"href":"https:\/\/news.save.ch\/fr\/wp-json\/wp\/v2\/posts\/1647\/revisions\/17886"}],"wp:featuredmedia":[{"embeddable":true,"href":"https:\/\/news.save.ch\/fr\/wp-json\/wp\/v2\/media\/1650"}],"wp:attachment":[{"href":"https:\/\/news.save.ch\/fr\/wp-json\/wp\/v2\/media?parent=1647"}],"wp:term":[{"taxonomy":"category","embeddable":true,"href":"https:\/\/news.save.ch\/fr\/wp-json\/wp\/v2\/categories?post=1647"},{"taxonomy":"post_tag","embeddable":true,"href":"https:\/\/news.save.ch\/fr\/wp-json\/wp\/v2\/tags?post=1647"}],"curies":[{"name":"wp","href":"https:\/\/api.w.org\/{rel}","templated":true}]}}