{"id":16603,"date":"2015-03-09T14:47:06","date_gmt":"2015-03-09T13:47:06","guid":{"rendered":"http:\/\/dev.safety-plus.ch\/?p=107"},"modified":"2023-03-14T09:03:08","modified_gmt":"2023-03-14T08:03:08","slug":"nationale-strategie-zur-eindaemmung-der-antibiotikaresistenzen","status":null,"type":"post","link":"https:\/\/news.save.ch\/fr\/nationale-strategie-zur-eindaemmung-der-antibiotikaresistenzen\/","title":{"rendered":"Strat\u00e9gie nationale pour endiguer la r\u00e9sistance aux antibiotiques"},"content":{"rendered":"<figure id=\"attachment_108\" aria-describedby=\"caption-attachment-108\" style=\"width: 500px\" class=\"wp-caption alignnone\"><img loading=\"lazy\" decoding=\"async\" class=\"wp-image-108 size-full\" src=\"http:\/\/develop.safety-plus.ch\/wp-content\/uploads\/2016\/12\/articleSeedSicherheits2_90_safety-plus.jpeg\" alt=\"L&#039;utilisation excessive et parfois inappropri\u00e9e a pour cons\u00e9quence que de plus en plus de bact\u00e9ries sont devenues r\u00e9sistantes aux antibiotiques.\" width=\"500\" height=\"298\" \/><figcaption id=\"caption-attachment-108\" class=\"wp-caption-text\">L'utilisation excessive et parfois inappropri\u00e9e a pour cons\u00e9quence que de plus en plus de bact\u00e9ries sont devenues r\u00e9sistantes aux antibiotiques.<\/figcaption><\/figure>\n<p>Le d\u00e9veloppement des antibiotiques est l'un des progr\u00e8s les plus importants de la m\u00e9decine. Gr\u00e2ce \u00e0 ces m\u00e9dicaments, il est possible de soigner des maladies dangereuses telles que la pneumonie ou la septic\u00e9mie, qui \u00e9taient autrefois souvent mortelles. L'utilisation excessive et parfois inappropri\u00e9e des antibiotiques a toutefois pour cons\u00e9quence que de plus en plus de bact\u00e9ries sont devenues r\u00e9sistantes aux antibiotiques. L'augmentation des r\u00e9sistances aux principaux groupes d'antibiotiques et l'augmentation des germes multir\u00e9sistants sont particuli\u00e8rement inqui\u00e9tantes.<\/p>\n<p>Le probl\u00e8me de l'augmentation de la r\u00e9sistance aux antibiotiques concerne aussi bien la m\u00e9decine humaine que la m\u00e9decine v\u00e9t\u00e9rinaire et l'agriculture et ne peut \u00eatre r\u00e9solu qu'en commun et de mani\u00e8re transversale. C'est pourquoi le Conseil f\u00e9d\u00e9ral a inscrit la lutte contre les r\u00e9sistances dans les priorit\u00e9s de la politique de sant\u00e9 de la \"<a title=\"Lien vers l&#039;agenda de la politique de sant\u00e9\" href=\"http:\/\/www.bag.admin.ch\/gesundheit2020\/index.html?lang=de&amp;download=NHzLpZeg7t,lnp6I0NTU042l2Z6ln1acy4Zn4Z2qZpnO2Yuq2Z6gpJCLdIF4gWym162epYbg2c_JjKbNoKSn6A--\" data-cke-saved-href=\"http:\/\/www.bag.admin.ch\/gesundheit2020\/index.html?lang=de&amp;download=NHzLpZeg7t,lnp6I0NTU042l2Z6ln1acy4Zn4Z2qZpnO2Yuq2Z6gpJCLdIF4gWym162epYbg2c_JjKbNoKSn6A--\">Sant\u00e9 2020<\/a>\" enregistr\u00e9.<\/p>\n<p>Sur mandat des conseillers f\u00e9d\u00e9raux Alain Berset et Johann Schneider-Ammann, les trois offices f\u00e9d\u00e9raux de la sant\u00e9 publique OFSP, de la s\u00e9curit\u00e9 alimentaire et des affaires v\u00e9t\u00e9rinaires OFAG et de l'agriculture OFAG ont \u00e9labor\u00e9, avec la participation de l'Office f\u00e9d\u00e9ral de l'environnement OFEV, une strat\u00e9gie nationale largement soutenue. Le projet de strat\u00e9gie montre en d\u00e9tail o\u00f9 il faut agir, quels objectifs doivent \u00eatre atteints et quelles mesures cl\u00e9s sont n\u00e9cessaires.<\/p>\n<p>Une mesure centrale est la surveillance transversale de la situation en mati\u00e8re de r\u00e9sistance et de consommation d'antibiotiques en m\u00e9decine humaine, en m\u00e9decine v\u00e9t\u00e9rinaire, dans l'agriculture et dans l'environnement. Pour ce faire, les lacunes existantes doivent \u00eatre combl\u00e9es et les r\u00e9sultats de la surveillance publi\u00e9s dans un rapport commun.<\/p>\n<p>Afin de maintenir l'efficacit\u00e9 des antibiotiques \u00e0 long terme, la pr\u00e9vention doit \u00eatre am\u00e9lior\u00e9e. Plus les maladies infectieuses sont \u00e9vit\u00e9es, moins il faut recourir aux antibiotiques pour le traitement. Les infections peuvent \u00eatre \u00e9vit\u00e9es en appliquant syst\u00e9matiquement des mesures d'hygi\u00e8ne \u00e0 l'h\u00f4pital et dans le domaine des soins ou en optimisant l'\u00e9levage des animaux dans le secteur agricole.<\/p>\n<p>Il s'agit \u00e9galement d'\u00e9viter que les antibiotiques soient utilis\u00e9s de mani\u00e8re inappropri\u00e9e. Les infections des voies respiratoires, par exemple, sont souvent de nature virale, mais les antibiotiques sont utilis\u00e9s sans n\u00e9cessit\u00e9. Afin de r\u00e9duire l'utilisation inappropri\u00e9e de ces m\u00e9dicaments, de nouvelles m\u00e9thodes de diagnostic doivent \u00eatre d\u00e9velopp\u00e9es pour aider \u00e0 distinguer rapidement et clairement les maladies bact\u00e9riennes et virales. En outre, des directives contraignantes sur la prescription, la remise et l'utilisation des antibiotiques doivent contribuer \u00e0 r\u00e9duire la consommation d'antibiotiques.<\/p>\n<p>Un autre \u00e9l\u00e9ment central de la strat\u00e9gie contre la r\u00e9sistance aux antibiotiques est le renforcement de la sensibilisation et de la formation continue des professionnels ainsi que l'information de la population. L'objectif est de fournir des informations compr\u00e9hensibles et transparentes sur les effets des antibiotiques et leur utilisation correcte.<\/p>\n<p>L'endiguement de la r\u00e9sistance aux antibiotiques exige l'engagement de tous les milieux concern\u00e9s. C'est pourquoi les principaux acteurs et groupes d'int\u00e9r\u00eat (cantons, soci\u00e9t\u00e9s sp\u00e9cialis\u00e9es, groupes d'experts, industrie, branches et associations, etc.) ont \u00e9t\u00e9 impliqu\u00e9s d\u00e8s le d\u00e9but dans l'\u00e9laboration de la strat\u00e9gie. Ils assument par la suite un r\u00f4le important dans la mise en \u0153uvre de la strat\u00e9gie.<\/p>\n<p>Le D\u00e9partement f\u00e9d\u00e9ral de l'int\u00e9rieur (DFI) et le D\u00e9partement f\u00e9d\u00e9ral de l'\u00e9conomie, de la formation et de la recherche (DEFR) envoient le projet de strat\u00e9gie aux cantons et aux milieux int\u00e9ress\u00e9s pour qu'ils prennent position dans le cadre d'une audition qui durera jusqu'au 15 mars 2015.<\/p>","protected":false},"excerpt":{"rendered":"<p>Die Entwicklung von Antibiotika z\u00e4hlt zu den bedeutendsten Fortschritten der Medizin. Dank dieser Medikamente ist es m\u00f6glich, gef\u00e4hrliche Krankheiten wie Lungenentz\u00fcndungen oder Blutvergiftungen zu heilen, die fr\u00fcher oft t\u00f6dlich verlaufen sind. Der \u00fcberm\u00e4ssige und teils unsachgem\u00e4sse Einsatz f\u00fchrt jedoch dazu, dass immer mehr Bakterien gegen Antibiotika resistent geworden sind. Beunruhigend sind vor allem die Zunahme [&hellip;]<\/p>\n","protected":false},"author":1,"featured_media":15968,"comment_status":"open","ping_status":"open","sticky":false,"template":"","format":"standard","meta":{"_acf_changed":false,"pgc_sgb_lightbox_settings":"","footnotes":""},"categories":[3314],"tags":[149,146],"class_list":["post-16603","post","type-post","status-publish","format-standard","has-post-thumbnail","hentry","category-health-safety","tag-gesundheitsschutz","tag-medikamente"],"acf":[],"hkrextid":null,"publication":null,"issue":null,"workflow":null,"startPage":null,"spitzmarke":null,"_posts_by_tag_page_fields":{"widget_title":"","widget_tags":""},"_at_widget":"1","_yoast_wpseo_primary_category":"4","_yoast_wpseo_focuskw_text_input":"Antibiotikaresistenzen","_yoast_wpseo_opengraph-image":null,"_yoast_wpseo_opengraph-description":null,"_yoast_wpseo_opengraph-title":null,"enclosure":null,"_yoast_wpseo_twitter-title":null,"_yoast_wpseo_twitter-description":null,"_yoast_wpseo_twitter-image":null,"_wp_old_slug":null,"_yoast_wpseo_title":null,"_yoast_wpseo_canonical":null,"yoast_head":"<!-- This site is optimized with the Yoast SEO plugin v27.4 - https:\/\/yoast.com\/product\/yoast-seo-wordpress\/ -->\n<title>Nationale Strategie zur Eind\u00e4mmung der Antibiotikaresistenzen - Save<\/title>\n<meta name=\"description\" content=\"Die Zunahme von Antibiotikaresistenzen stellt die \u00f6ffentliche Gesundheit vor grosse Herausforderungen.\" \/>\n<meta name=\"robots\" content=\"index, follow, max-snippet:-1, max-image-preview:large, max-video-preview:-1\" \/>\n<link rel=\"canonical\" href=\"https:\/\/news.save.ch\/fr\/nationale-strategie-zur-eindaemmung-der-antibiotikaresistenzen\/\" \/>\n<meta property=\"og:locale\" content=\"fr_FR\" \/>\n<meta property=\"og:type\" content=\"article\" \/>\n<meta property=\"og:title\" content=\"Nationale Strategie zur Eind\u00e4mmung der Antibiotikaresistenzen - Save\" \/>\n<meta property=\"og:description\" content=\"Die Zunahme von Antibiotikaresistenzen stellt die \u00f6ffentliche Gesundheit vor grosse Herausforderungen.\" \/>\n<meta property=\"og:url\" content=\"https:\/\/news.save.ch\/fr\/nationale-strategie-zur-eindaemmung-der-antibiotikaresistenzen\/\" \/>\n<meta property=\"og:site_name\" content=\"Save\" \/>\n<meta property=\"article:published_time\" content=\"2015-03-09T13:47:06+00:00\" \/>\n<meta property=\"article:modified_time\" content=\"2023-03-14T08:03:08+00:00\" \/>\n<meta property=\"og:image\" content=\"https:\/\/news.save.ch\/wp-content\/uploads\/2016\/12\/articleSeedSicherheits2_90_safety-plus.jpeg\" \/>\n\t<meta property=\"og:image:width\" content=\"500\" \/>\n\t<meta property=\"og:image:height\" content=\"298\" \/>\n\t<meta property=\"og:image:type\" content=\"image\/jpeg\" \/>\n<meta name=\"author\" content=\"admin\" \/>\n<meta name=\"twitter:card\" content=\"summary_large_image\" \/>\n<meta name=\"twitter:label1\" content=\"\u00c9crit par\" \/>\n\t<meta name=\"twitter:data1\" content=\"admin\" \/>\n\t<meta name=\"twitter:label2\" content=\"Dur\u00e9e de lecture estim\u00e9e\" \/>\n\t<meta name=\"twitter:data2\" content=\"2 minutes\" \/>\n<script type=\"application\/ld+json\" class=\"yoast-schema-graph\">{\"@context\":\"https:\\\/\\\/schema.org\",\"@graph\":[{\"@type\":\"Article\",\"@id\":\"https:\\\/\\\/news.save.ch\\\/nationale-strategie-zur-eindaemmung-der-antibiotikaresistenzen\\\/#article\",\"isPartOf\":{\"@id\":\"https:\\\/\\\/news.save.ch\\\/nationale-strategie-zur-eindaemmung-der-antibiotikaresistenzen\\\/\"},\"author\":{\"name\":\"admin\",\"@id\":\"https:\\\/\\\/news.save.ch\\\/de\\\/#\\\/schema\\\/person\\\/d49e199490bad7c70d64b9ab51142f2b\"},\"headline\":\"Nationale Strategie zur Eind\u00e4mmung der Antibiotikaresistenzen\",\"datePublished\":\"2015-03-09T13:47:06+00:00\",\"dateModified\":\"2023-03-14T08:03:08+00:00\",\"mainEntityOfPage\":{\"@id\":\"https:\\\/\\\/news.save.ch\\\/nationale-strategie-zur-eindaemmung-der-antibiotikaresistenzen\\\/\"},\"wordCount\":505,\"commentCount\":0,\"publisher\":{\"@id\":\"https:\\\/\\\/news.save.ch\\\/de\\\/#organization\"},\"image\":{\"@id\":\"https:\\\/\\\/news.save.ch\\\/nationale-strategie-zur-eindaemmung-der-antibiotikaresistenzen\\\/#primaryimage\"},\"thumbnailUrl\":\"https:\\\/\\\/news.save.ch\\\/wp-content\\\/uploads\\\/2016\\\/12\\\/articleSeedSicherheits2_90_safety-plus.jpeg\",\"keywords\":[\"Gesundheitsschutz\",\"Medikamente\"],\"articleSection\":[\"HEALTH &amp; SAFETY\"],\"inLanguage\":\"fr-FR\"},{\"@type\":\"WebPage\",\"@id\":\"https:\\\/\\\/news.save.ch\\\/nationale-strategie-zur-eindaemmung-der-antibiotikaresistenzen\\\/\",\"url\":\"https:\\\/\\\/news.save.ch\\\/nationale-strategie-zur-eindaemmung-der-antibiotikaresistenzen\\\/\",\"name\":\"Nationale Strategie zur Eind\u00e4mmung der Antibiotikaresistenzen - Save\",\"isPartOf\":{\"@id\":\"https:\\\/\\\/news.save.ch\\\/de\\\/#website\"},\"primaryImageOfPage\":{\"@id\":\"https:\\\/\\\/news.save.ch\\\/nationale-strategie-zur-eindaemmung-der-antibiotikaresistenzen\\\/#primaryimage\"},\"image\":{\"@id\":\"https:\\\/\\\/news.save.ch\\\/nationale-strategie-zur-eindaemmung-der-antibiotikaresistenzen\\\/#primaryimage\"},\"thumbnailUrl\":\"https:\\\/\\\/news.save.ch\\\/wp-content\\\/uploads\\\/2016\\\/12\\\/articleSeedSicherheits2_90_safety-plus.jpeg\",\"datePublished\":\"2015-03-09T13:47:06+00:00\",\"dateModified\":\"2023-03-14T08:03:08+00:00\",\"description\":\"Die Zunahme von Antibiotikaresistenzen stellt die \u00f6ffentliche Gesundheit vor grosse Herausforderungen.\",\"breadcrumb\":{\"@id\":\"https:\\\/\\\/news.save.ch\\\/nationale-strategie-zur-eindaemmung-der-antibiotikaresistenzen\\\/#breadcrumb\"},\"inLanguage\":\"fr-FR\",\"potentialAction\":[{\"@type\":\"ReadAction\",\"target\":[\"https:\\\/\\\/news.save.ch\\\/nationale-strategie-zur-eindaemmung-der-antibiotikaresistenzen\\\/\"]}]},{\"@type\":\"ImageObject\",\"inLanguage\":\"fr-FR\",\"@id\":\"https:\\\/\\\/news.save.ch\\\/nationale-strategie-zur-eindaemmung-der-antibiotikaresistenzen\\\/#primaryimage\",\"url\":\"https:\\\/\\\/news.save.ch\\\/wp-content\\\/uploads\\\/2016\\\/12\\\/articleSeedSicherheits2_90_safety-plus.jpeg\",\"contentUrl\":\"https:\\\/\\\/news.save.ch\\\/wp-content\\\/uploads\\\/2016\\\/12\\\/articleSeedSicherheits2_90_safety-plus.jpeg\",\"width\":500,\"height\":298,\"caption\":\"Der \u00fcberm\u00e4ssige und teils unsachgem\u00e4sse Einsatz f\u00fchrt dazu, dass immer mehr Bakterien gegen Antibiotika resistent geworden sind.\"},{\"@type\":\"BreadcrumbList\",\"@id\":\"https:\\\/\\\/news.save.ch\\\/nationale-strategie-zur-eindaemmung-der-antibiotikaresistenzen\\\/#breadcrumb\",\"itemListElement\":[{\"@type\":\"ListItem\",\"position\":1,\"name\":\"Home\",\"item\":\"https:\\\/\\\/news.save.ch\\\/de\\\/\"},{\"@type\":\"ListItem\",\"position\":2,\"name\":\"Nationale Strategie zur Eind\u00e4mmung der Antibiotikaresistenzen\"}]},{\"@type\":\"WebSite\",\"@id\":\"https:\\\/\\\/news.save.ch\\\/de\\\/#website\",\"url\":\"https:\\\/\\\/news.save.ch\\\/de\\\/\",\"name\":\"Save\",\"description\":\"Schweizer Fachzeitschrift f\u00fcr Sicherheit\",\"publisher\":{\"@id\":\"https:\\\/\\\/news.save.ch\\\/de\\\/#organization\"},\"potentialAction\":[{\"@type\":\"SearchAction\",\"target\":{\"@type\":\"EntryPoint\",\"urlTemplate\":\"https:\\\/\\\/news.save.ch\\\/de\\\/?s={search_term_string}\"},\"query-input\":{\"@type\":\"PropertyValueSpecification\",\"valueRequired\":true,\"valueName\":\"search_term_string\"}}],\"inLanguage\":\"fr-FR\"},{\"@type\":\"Organization\",\"@id\":\"https:\\\/\\\/news.save.ch\\\/de\\\/#organization\",\"name\":\"Sicherheitsforum\",\"url\":\"https:\\\/\\\/news.save.ch\\\/de\\\/\",\"logo\":{\"@type\":\"ImageObject\",\"inLanguage\":\"fr-FR\",\"@id\":\"https:\\\/\\\/news.save.ch\\\/de\\\/#\\\/schema\\\/logo\\\/image\\\/\",\"url\":\"https:\\\/\\\/news.save.ch\\\/wp-content\\\/uploads\\\/2022\\\/06\\\/Logo_SF_2012.png\",\"contentUrl\":\"https:\\\/\\\/news.save.ch\\\/wp-content\\\/uploads\\\/2022\\\/06\\\/Logo_SF_2012.png\",\"width\":1100,\"height\":91,\"caption\":\"Sicherheitsforum\"},\"image\":{\"@id\":\"https:\\\/\\\/news.save.ch\\\/de\\\/#\\\/schema\\\/logo\\\/image\\\/\"}},{\"@type\":\"Person\",\"@id\":\"https:\\\/\\\/news.save.ch\\\/de\\\/#\\\/schema\\\/person\\\/d49e199490bad7c70d64b9ab51142f2b\",\"name\":\"admin\",\"image\":{\"@type\":\"ImageObject\",\"inLanguage\":\"fr-FR\",\"@id\":\"https:\\\/\\\/secure.gravatar.com\\\/avatar\\\/ae2f4d718e6c49043e314ce431e7e645d646302a24a5ef5a8bc8e3f5a032e319?s=96&d=mm&r=g\",\"url\":\"https:\\\/\\\/secure.gravatar.com\\\/avatar\\\/ae2f4d718e6c49043e314ce431e7e645d646302a24a5ef5a8bc8e3f5a032e319?s=96&d=mm&r=g\",\"contentUrl\":\"https:\\\/\\\/secure.gravatar.com\\\/avatar\\\/ae2f4d718e6c49043e314ce431e7e645d646302a24a5ef5a8bc8e3f5a032e319?s=96&d=mm&r=g\",\"caption\":\"admin\"},\"sameAs\":[\"https:\\\/\\\/develop.organisator.galledia.ch\"],\"url\":\"https:\\\/\\\/news.save.ch\\\/fr\\\/author\\\/admin\\\/\"}]}<\/script>\n<!-- \/ Yoast SEO plugin. -->","yoast_head_json":{"title":"Strat\u00e9gie nationale visant \u00e0 enrayer la r\u00e9sistance aux antibiotiques - Save","description":"L'augmentation de la r\u00e9sistance aux antibiotiques constitue un d\u00e9fi majeur pour la sant\u00e9 publique.","robots":{"index":"index","follow":"follow","max-snippet":"max-snippet:-1","max-image-preview":"max-image-preview:large","max-video-preview":"max-video-preview:-1"},"canonical":"https:\/\/news.save.ch\/fr\/nationale-strategie-zur-eindaemmung-der-antibiotikaresistenzen\/","og_locale":"fr_FR","og_type":"article","og_title":"Nationale Strategie zur Eind\u00e4mmung der Antibiotikaresistenzen - Save","og_description":"Die Zunahme von Antibiotikaresistenzen stellt die \u00f6ffentliche Gesundheit vor grosse Herausforderungen.","og_url":"https:\/\/news.save.ch\/fr\/nationale-strategie-zur-eindaemmung-der-antibiotikaresistenzen\/","og_site_name":"Save","article_published_time":"2015-03-09T13:47:06+00:00","article_modified_time":"2023-03-14T08:03:08+00:00","og_image":[{"width":500,"height":298,"url":"https:\/\/news.save.ch\/wp-content\/uploads\/2016\/12\/articleSeedSicherheits2_90_safety-plus.jpeg","type":"image\/jpeg"}],"author":"admin","twitter_card":"summary_large_image","twitter_misc":{"\u00c9crit par":"admin","Dur\u00e9e de lecture estim\u00e9e":"2 minutes"},"schema":{"@context":"https:\/\/schema.org","@graph":[{"@type":"Article","@id":"https:\/\/news.save.ch\/nationale-strategie-zur-eindaemmung-der-antibiotikaresistenzen\/#article","isPartOf":{"@id":"https:\/\/news.save.ch\/nationale-strategie-zur-eindaemmung-der-antibiotikaresistenzen\/"},"author":{"name":"admin","@id":"https:\/\/news.save.ch\/de\/#\/schema\/person\/d49e199490bad7c70d64b9ab51142f2b"},"headline":"Nationale Strategie zur Eind\u00e4mmung der Antibiotikaresistenzen","datePublished":"2015-03-09T13:47:06+00:00","dateModified":"2023-03-14T08:03:08+00:00","mainEntityOfPage":{"@id":"https:\/\/news.save.ch\/nationale-strategie-zur-eindaemmung-der-antibiotikaresistenzen\/"},"wordCount":505,"commentCount":0,"publisher":{"@id":"https:\/\/news.save.ch\/de\/#organization"},"image":{"@id":"https:\/\/news.save.ch\/nationale-strategie-zur-eindaemmung-der-antibiotikaresistenzen\/#primaryimage"},"thumbnailUrl":"https:\/\/news.save.ch\/wp-content\/uploads\/2016\/12\/articleSeedSicherheits2_90_safety-plus.jpeg","keywords":["Gesundheitsschutz","Medikamente"],"articleSection":["HEALTH &amp; SAFETY"],"inLanguage":"fr-FR"},{"@type":"WebPage","@id":"https:\/\/news.save.ch\/nationale-strategie-zur-eindaemmung-der-antibiotikaresistenzen\/","url":"https:\/\/news.save.ch\/nationale-strategie-zur-eindaemmung-der-antibiotikaresistenzen\/","name":"Strat\u00e9gie nationale visant \u00e0 enrayer la r\u00e9sistance aux antibiotiques - Save","isPartOf":{"@id":"https:\/\/news.save.ch\/de\/#website"},"primaryImageOfPage":{"@id":"https:\/\/news.save.ch\/nationale-strategie-zur-eindaemmung-der-antibiotikaresistenzen\/#primaryimage"},"image":{"@id":"https:\/\/news.save.ch\/nationale-strategie-zur-eindaemmung-der-antibiotikaresistenzen\/#primaryimage"},"thumbnailUrl":"https:\/\/news.save.ch\/wp-content\/uploads\/2016\/12\/articleSeedSicherheits2_90_safety-plus.jpeg","datePublished":"2015-03-09T13:47:06+00:00","dateModified":"2023-03-14T08:03:08+00:00","description":"L'augmentation de la r\u00e9sistance aux antibiotiques constitue un d\u00e9fi majeur pour la sant\u00e9 publique.","breadcrumb":{"@id":"https:\/\/news.save.ch\/nationale-strategie-zur-eindaemmung-der-antibiotikaresistenzen\/#breadcrumb"},"inLanguage":"fr-FR","potentialAction":[{"@type":"ReadAction","target":["https:\/\/news.save.ch\/nationale-strategie-zur-eindaemmung-der-antibiotikaresistenzen\/"]}]},{"@type":"ImageObject","inLanguage":"fr-FR","@id":"https:\/\/news.save.ch\/nationale-strategie-zur-eindaemmung-der-antibiotikaresistenzen\/#primaryimage","url":"https:\/\/news.save.ch\/wp-content\/uploads\/2016\/12\/articleSeedSicherheits2_90_safety-plus.jpeg","contentUrl":"https:\/\/news.save.ch\/wp-content\/uploads\/2016\/12\/articleSeedSicherheits2_90_safety-plus.jpeg","width":500,"height":298,"caption":"Der \u00fcberm\u00e4ssige und teils unsachgem\u00e4sse Einsatz f\u00fchrt dazu, dass immer mehr Bakterien gegen Antibiotika resistent geworden sind."},{"@type":"BreadcrumbList","@id":"https:\/\/news.save.ch\/nationale-strategie-zur-eindaemmung-der-antibiotikaresistenzen\/#breadcrumb","itemListElement":[{"@type":"ListItem","position":1,"name":"Home","item":"https:\/\/news.save.ch\/de\/"},{"@type":"ListItem","position":2,"name":"Nationale Strategie zur Eind\u00e4mmung der Antibiotikaresistenzen"}]},{"@type":"WebSite","@id":"https:\/\/news.save.ch\/de\/#website","url":"https:\/\/news.save.ch\/de\/","name":"Save","description":"Revue suisse sp\u00e9cialis\u00e9e dans la s\u00e9curit\u00e9","publisher":{"@id":"https:\/\/news.save.ch\/de\/#organization"},"potentialAction":[{"@type":"SearchAction","target":{"@type":"EntryPoint","urlTemplate":"https:\/\/news.save.ch\/de\/?s={search_term_string}"},"query-input":{"@type":"PropertyValueSpecification","valueRequired":true,"valueName":"search_term_string"}}],"inLanguage":"fr-FR"},{"@type":"Organization","@id":"https:\/\/news.save.ch\/de\/#organization","name":"Forum sur la s\u00e9curit\u00e9","url":"https:\/\/news.save.ch\/de\/","logo":{"@type":"ImageObject","inLanguage":"fr-FR","@id":"https:\/\/news.save.ch\/de\/#\/schema\/logo\/image\/","url":"https:\/\/news.save.ch\/wp-content\/uploads\/2022\/06\/Logo_SF_2012.png","contentUrl":"https:\/\/news.save.ch\/wp-content\/uploads\/2022\/06\/Logo_SF_2012.png","width":1100,"height":91,"caption":"Sicherheitsforum"},"image":{"@id":"https:\/\/news.save.ch\/de\/#\/schema\/logo\/image\/"}},{"@type":"Person","@id":"https:\/\/news.save.ch\/de\/#\/schema\/person\/d49e199490bad7c70d64b9ab51142f2b","name":"admin","image":{"@type":"ImageObject","inLanguage":"fr-FR","@id":"https:\/\/secure.gravatar.com\/avatar\/ae2f4d718e6c49043e314ce431e7e645d646302a24a5ef5a8bc8e3f5a032e319?s=96&d=mm&r=g","url":"https:\/\/secure.gravatar.com\/avatar\/ae2f4d718e6c49043e314ce431e7e645d646302a24a5ef5a8bc8e3f5a032e319?s=96&d=mm&r=g","contentUrl":"https:\/\/secure.gravatar.com\/avatar\/ae2f4d718e6c49043e314ce431e7e645d646302a24a5ef5a8bc8e3f5a032e319?s=96&d=mm&r=g","caption":"admin"},"sameAs":["https:\/\/develop.organisator.galledia.ch"],"url":"https:\/\/news.save.ch\/fr\/author\/admin\/"}]}},"_links":{"self":[{"href":"https:\/\/news.save.ch\/fr\/wp-json\/wp\/v2\/posts\/16603","targetHints":{"allow":["GET"]}}],"collection":[{"href":"https:\/\/news.save.ch\/fr\/wp-json\/wp\/v2\/posts"}],"about":[{"href":"https:\/\/news.save.ch\/fr\/wp-json\/wp\/v2\/types\/post"}],"author":[{"embeddable":true,"href":"https:\/\/news.save.ch\/fr\/wp-json\/wp\/v2\/users\/1"}],"replies":[{"embeddable":true,"href":"https:\/\/news.save.ch\/fr\/wp-json\/wp\/v2\/comments?post=16603"}],"version-history":[{"count":1,"href":"https:\/\/news.save.ch\/fr\/wp-json\/wp\/v2\/posts\/16603\/revisions"}],"predecessor-version":[{"id":18868,"href":"https:\/\/news.save.ch\/fr\/wp-json\/wp\/v2\/posts\/16603\/revisions\/18868"}],"wp:featuredmedia":[{"embeddable":true,"href":"https:\/\/news.save.ch\/fr\/wp-json\/wp\/v2\/media\/15968"}],"wp:attachment":[{"href":"https:\/\/news.save.ch\/fr\/wp-json\/wp\/v2\/media?parent=16603"}],"wp:term":[{"taxonomy":"category","embeddable":true,"href":"https:\/\/news.save.ch\/fr\/wp-json\/wp\/v2\/categories?post=16603"},{"taxonomy":"post_tag","embeddable":true,"href":"https:\/\/news.save.ch\/fr\/wp-json\/wp\/v2\/tags?post=16603"}],"curies":[{"name":"wp","href":"https:\/\/api.w.org\/{rel}","templated":true}]}}