{"id":1661,"date":"2015-08-25T12:04:18","date_gmt":"2015-08-25T10:04:18","guid":{"rendered":"https:\/\/dev.sicherheitsforum.ch\/?p=1661"},"modified":"2015-08-25T12:04:18","modified_gmt":"2015-08-25T10:04:18","slug":"sonderschau-risikomanagement-von-naturgefahren","status":null,"type":"post","link":"https:\/\/news.save.ch\/fr\/sonderschau-risikomanagement-von-naturgefahren\/","title":{"rendered":"Exposition sp\u00e9ciale \"Gestion des risques li\u00e9s aux dangers naturels"},"content":{"rendered":"<p><img loading=\"lazy\" decoding=\"async\" class=\"alignnone size-medium wp-image-1663\" src=\"https:\/\/sicherheitsforum.ch\/wp-content\/uploads\/2016\/12\/Sonderschau-&quot;Gestion-des-risques-des-dangers-naturels&quot;-forum-s\u00e9curit\u00e9.jpg\" alt=\"\" width=\"680\" height=\"418\" \/><\/p>\n<p>La gestion des risques naturels devient de plus en plus importante. C'est pourquoi, cette ann\u00e9e encore, l'exposition sp\u00e9ciale sera dirig\u00e9e par des intervenants de haut niveau qui mettront en lumi\u00e8re aussi bien les dangers et les risques que la pr\u00e9vention et l'intervention. Des th\u00e8mes d'actualit\u00e9 tels que la gestion des inondations en fonction des risques, l'adaptation au changement climatique ou encore la protection contre les dangers naturels seront pr\u00e9sent\u00e9s avec des exemples de cas pratiques. En outre, des fonctionnaires de tous les niveaux feront part, dans le cadre d'une table ronde, des connaissances et des enseignements tir\u00e9s des intemp\u00e9ries qui ont frapp\u00e9 l'Emmental en 2014. La pr\u00e9sence d'experts en dangers naturels promet un transfert de connaissances issues de la pratique et permet un \u00e9change au plus haut niveau. Les responsables de la s\u00e9curit\u00e9 des entreprises, en particulier, trouveront dans ce forum une entr\u00e9e en mati\u00e8re id\u00e9ale pour s'entretenir avec des partenaires issus des autorit\u00e9s, de la recherche et de la pratique, aussi bien pour le contr\u00f4le du site que concernant les mesures possibles pour limiter les risques. Les deux associations AEAI (Association des \u00e9tablissements cantonaux d'assurance incendie) et SIA (Soci\u00e9t\u00e9 suisse des ing\u00e9nieurs et des architectes) soutiennent le forum et les th\u00e8mes principaux \"Protection des b\u00e2timents contre les dangers naturels\".<\/p>\n<p>Autour du forum, les prestataires de services et les fabricants de produits sont repr\u00e9sent\u00e9s dans la zone d'exposition. Il est ainsi possible de trouver des solutions \u00e0 tous les th\u00e8mes trait\u00e9s. La conception et l'organisation de l'exposition sp\u00e9ciale sont plac\u00e9es sous la direction d'Egli Engineering AG et se d\u00e9roulent dans le hall 6. La participation aux conf\u00e9rences est gratuite pour tous les visiteurs du salon.<\/p>\n<p>Le salon offre une image compl\u00e8te du secteur de la s\u00e9curit\u00e9 et de ses d\u00e9veloppements. Toutes les informations sur SICHERHEIT, le <a title=\"directement au congr\u00e8s professionnel\" href=\"https:\/\/www.save.ch\/notfall\/sicherheits-fachkongress-2015-11-10-bis-13\/\" target=\"_blank\" data-cke-saved-href=\"https:\/\/www.save.ch\/notfall\/sicherheits-fachkongress-2015-11-10-bis-13\/\" rel=\"noopener\">Congr\u00e8s professionnel<\/a> et \u00e0 l'exposition sp\u00e9ciale ainsi que les programmes actuels sont <a href=\"https:\/\/www.sicherheit-messe.ch\" target=\"_blank\" data-cke-saved-href=\"https:\/\/www.sicherheit-messe.ch\" rel=\"noopener\">ici<\/a> disponible.<\/p>","protected":false},"excerpt":{"rendered":"<p>Der Umgang mit Naturgefahren wird immer wichtiger. Daher wird die Sonderschau auch dieses Jahr wieder von hochkar\u00e4tigen Referenten geleitet, die sowohl die Gef\u00e4hrdung und Risiken als auch die Pr\u00e4vention und Intervention beleuchten. Aktuelle Themen wie Risikobasierter Umgang mit Hochwasser, Anpassung an den Klimawandel oder auch Schutz vor Naturgefahren werden mit Fallbeispielen aus der Praxis pr\u00e4sentiert. [&hellip;]<\/p>\n","protected":false},"author":1,"featured_media":1663,"comment_status":"open","ping_status":"open","sticky":false,"template":"","format":"standard","meta":{"_acf_changed":false,"pgc_sgb_lightbox_settings":"","footnotes":""},"categories":[1],"tags":[109,170],"class_list":["post-1661","post","type-post","status-publish","format-standard","has-post-thumbnail","hentry","category-allgemein","tag-aus-und-weiterbildung","tag-naturgefahren"],"acf":[],"hkrextid":null,"publication":null,"issue":null,"workflow":null,"startPage":null,"spitzmarke":null,"_posts_by_tag_page_fields":{"widget_title":"","widget_tags":""},"_at_widget":"1","_yoast_wpseo_primary_category":"1","_yoast_wpseo_focuskw_text_input":"Naturgefahren","_yoast_wpseo_opengraph-image":"https:\/\/sicherheitsforum.ch\/wp-content\/uploads\/2016\/12\/Sonderschau-\u201eRisikomanagement-von-Naturgefahren\u201c-sicherheitsforum.jpg","_yoast_wpseo_opengraph-description":"An der nationalen Fachmesse SICHERHEIT in Z\u00fcrich wird der Fokus der Sonderschau erneut auf \u201eRisikomanagement von Naturgefahren\u201c gelegt. Somit bietet der Anlass vom 10. bis 13. November 2015 eine ideale Plattform f\u00fcr den Austausch zwischen Gefahrenexperten und Sicherheitsbeauftragten, wie die Veranstalter schreiben.","_yoast_wpseo_opengraph-title":"Sonderschau \u201eRisikomanagement von Naturgefahren\u201c","enclosure":null,"_yoast_wpseo_twitter-title":null,"_yoast_wpseo_twitter-description":null,"_yoast_wpseo_twitter-image":null,"_wp_old_slug":null,"_yoast_wpseo_title":null,"_yoast_wpseo_canonical":null,"yoast_head":"<!-- This site is optimized with the Yoast SEO plugin v27.5 - https:\/\/yoast.com\/product\/yoast-seo-wordpress\/ -->\n<title>Sonderschau \u201eRisikomanagement von Naturgefahren\u201c - Save<\/title>\n<meta name=\"description\" content=\"An der nationalen Fachmesse SICHERHEIT in Z\u00fcrich wird der Fokus der Sonderschau auf \u201eRisikomanagement von Naturgefahren\u201c gelegt.\" \/>\n<meta name=\"robots\" content=\"index, follow, max-snippet:-1, max-image-preview:large, max-video-preview:-1\" \/>\n<link rel=\"canonical\" href=\"https:\/\/news.save.ch\/fr\/sonderschau-risikomanagement-von-naturgefahren\/\" \/>\n<meta property=\"og:locale\" content=\"fr_FR\" \/>\n<meta property=\"og:type\" content=\"article\" \/>\n<meta property=\"og:title\" content=\"Sonderschau \u201eRisikomanagement von Naturgefahren\u201c\" \/>\n<meta property=\"og:description\" content=\"An der nationalen Fachmesse SICHERHEIT in Z\u00fcrich wird der Fokus der Sonderschau erneut auf \u201eRisikomanagement von Naturgefahren\u201c gelegt. Somit bietet der Anlass vom 10. bis 13. November 2015 eine ideale Plattform f\u00fcr den Austausch zwischen Gefahrenexperten und Sicherheitsbeauftragten, wie die Veranstalter schreiben.\" \/>\n<meta property=\"og:url\" content=\"https:\/\/news.save.ch\/fr\/sonderschau-risikomanagement-von-naturgefahren\/\" \/>\n<meta property=\"og:site_name\" content=\"Save\" \/>\n<meta property=\"article:published_time\" content=\"2015-08-25T10:04:18+00:00\" \/>\n<meta property=\"og:image\" content=\"https:\/\/sicherheitsforum.ch\/wp-content\/uploads\/2016\/12\/Sonderschau-\u201eRisikomanagement-von-Naturgefahren\u201c-sicherheitsforum.jpg\" \/>\n<meta name=\"author\" content=\"admin\" \/>\n<meta name=\"twitter:card\" content=\"summary_large_image\" \/>\n<meta name=\"twitter:label1\" content=\"\u00c9crit par\" \/>\n\t<meta name=\"twitter:data1\" content=\"admin\" \/>\n\t<meta name=\"twitter:label2\" content=\"Dur\u00e9e de lecture estim\u00e9e\" \/>\n\t<meta name=\"twitter:data2\" content=\"1 minute\" \/>\n<script type=\"application\/ld+json\" class=\"yoast-schema-graph\">{\"@context\":\"https:\\\/\\\/schema.org\",\"@graph\":[{\"@type\":\"Article\",\"@id\":\"https:\\\/\\\/news.save.ch\\\/sonderschau-risikomanagement-von-naturgefahren\\\/#article\",\"isPartOf\":{\"@id\":\"https:\\\/\\\/news.save.ch\\\/sonderschau-risikomanagement-von-naturgefahren\\\/\"},\"author\":{\"name\":\"admin\",\"@id\":\"https:\\\/\\\/news.save.ch\\\/de\\\/#\\\/schema\\\/person\\\/d49e199490bad7c70d64b9ab51142f2b\"},\"headline\":\"Sonderschau \u201eRisikomanagement von Naturgefahren\u201c\",\"datePublished\":\"2015-08-25T10:04:18+00:00\",\"mainEntityOfPage\":{\"@id\":\"https:\\\/\\\/news.save.ch\\\/sonderschau-risikomanagement-von-naturgefahren\\\/\"},\"wordCount\":250,\"commentCount\":0,\"publisher\":{\"@id\":\"https:\\\/\\\/news.save.ch\\\/de\\\/#organization\"},\"image\":{\"@id\":\"https:\\\/\\\/news.save.ch\\\/sonderschau-risikomanagement-von-naturgefahren\\\/#primaryimage\"},\"thumbnailUrl\":\"https:\\\/\\\/news.save.ch\\\/wp-content\\\/uploads\\\/2016\\\/12\\\/Sonderschau-\u201eRisikomanagement-von-Naturgefahren-sicherheitsforum-scaled.jpg\",\"keywords\":[\"Aus- und Weiterbildung\",\"Naturgefahren\"],\"articleSection\":[\"ALLGEMEIN\"],\"inLanguage\":\"fr-FR\"},{\"@type\":\"WebPage\",\"@id\":\"https:\\\/\\\/news.save.ch\\\/sonderschau-risikomanagement-von-naturgefahren\\\/\",\"url\":\"https:\\\/\\\/news.save.ch\\\/sonderschau-risikomanagement-von-naturgefahren\\\/\",\"name\":\"Sonderschau \u201eRisikomanagement von Naturgefahren\u201c - Save\",\"isPartOf\":{\"@id\":\"https:\\\/\\\/news.save.ch\\\/de\\\/#website\"},\"primaryImageOfPage\":{\"@id\":\"https:\\\/\\\/news.save.ch\\\/sonderschau-risikomanagement-von-naturgefahren\\\/#primaryimage\"},\"image\":{\"@id\":\"https:\\\/\\\/news.save.ch\\\/sonderschau-risikomanagement-von-naturgefahren\\\/#primaryimage\"},\"thumbnailUrl\":\"https:\\\/\\\/news.save.ch\\\/wp-content\\\/uploads\\\/2016\\\/12\\\/Sonderschau-\u201eRisikomanagement-von-Naturgefahren-sicherheitsforum-scaled.jpg\",\"datePublished\":\"2015-08-25T10:04:18+00:00\",\"description\":\"An der nationalen Fachmesse SICHERHEIT in Z\u00fcrich wird der Fokus der Sonderschau auf \u201eRisikomanagement von Naturgefahren\u201c gelegt.\",\"breadcrumb\":{\"@id\":\"https:\\\/\\\/news.save.ch\\\/sonderschau-risikomanagement-von-naturgefahren\\\/#breadcrumb\"},\"inLanguage\":\"fr-FR\",\"potentialAction\":[{\"@type\":\"ReadAction\",\"target\":[\"https:\\\/\\\/news.save.ch\\\/sonderschau-risikomanagement-von-naturgefahren\\\/\"]}]},{\"@type\":\"ImageObject\",\"inLanguage\":\"fr-FR\",\"@id\":\"https:\\\/\\\/news.save.ch\\\/sonderschau-risikomanagement-von-naturgefahren\\\/#primaryimage\",\"url\":\"https:\\\/\\\/news.save.ch\\\/wp-content\\\/uploads\\\/2016\\\/12\\\/Sonderschau-\u201eRisikomanagement-von-Naturgefahren-sicherheitsforum-scaled.jpg\",\"contentUrl\":\"https:\\\/\\\/news.save.ch\\\/wp-content\\\/uploads\\\/2016\\\/12\\\/Sonderschau-\u201eRisikomanagement-von-Naturgefahren-sicherheitsforum-scaled.jpg\",\"width\":1400,\"height\":860},{\"@type\":\"BreadcrumbList\",\"@id\":\"https:\\\/\\\/news.save.ch\\\/sonderschau-risikomanagement-von-naturgefahren\\\/#breadcrumb\",\"itemListElement\":[{\"@type\":\"ListItem\",\"position\":1,\"name\":\"Home\",\"item\":\"https:\\\/\\\/news.save.ch\\\/de\\\/\"},{\"@type\":\"ListItem\",\"position\":2,\"name\":\"Sonderschau \u201eRisikomanagement von Naturgefahren\u201c\"}]},{\"@type\":\"WebSite\",\"@id\":\"https:\\\/\\\/news.save.ch\\\/de\\\/#website\",\"url\":\"https:\\\/\\\/news.save.ch\\\/de\\\/\",\"name\":\"Save\",\"description\":\"Schweizer Fachzeitschrift f\u00fcr Sicherheit\",\"publisher\":{\"@id\":\"https:\\\/\\\/news.save.ch\\\/de\\\/#organization\"},\"potentialAction\":[{\"@type\":\"SearchAction\",\"target\":{\"@type\":\"EntryPoint\",\"urlTemplate\":\"https:\\\/\\\/news.save.ch\\\/de\\\/?s={search_term_string}\"},\"query-input\":{\"@type\":\"PropertyValueSpecification\",\"valueRequired\":true,\"valueName\":\"search_term_string\"}}],\"inLanguage\":\"fr-FR\"},{\"@type\":\"Organization\",\"@id\":\"https:\\\/\\\/news.save.ch\\\/de\\\/#organization\",\"name\":\"Sicherheitsforum\",\"url\":\"https:\\\/\\\/news.save.ch\\\/de\\\/\",\"logo\":{\"@type\":\"ImageObject\",\"inLanguage\":\"fr-FR\",\"@id\":\"https:\\\/\\\/news.save.ch\\\/de\\\/#\\\/schema\\\/logo\\\/image\\\/\",\"url\":\"https:\\\/\\\/news.save.ch\\\/wp-content\\\/uploads\\\/2022\\\/06\\\/Logo_SF_2012.png\",\"contentUrl\":\"https:\\\/\\\/news.save.ch\\\/wp-content\\\/uploads\\\/2022\\\/06\\\/Logo_SF_2012.png\",\"width\":1100,\"height\":91,\"caption\":\"Sicherheitsforum\"},\"image\":{\"@id\":\"https:\\\/\\\/news.save.ch\\\/de\\\/#\\\/schema\\\/logo\\\/image\\\/\"}},{\"@type\":\"Person\",\"@id\":\"https:\\\/\\\/news.save.ch\\\/de\\\/#\\\/schema\\\/person\\\/d49e199490bad7c70d64b9ab51142f2b\",\"name\":\"admin\",\"image\":{\"@type\":\"ImageObject\",\"inLanguage\":\"fr-FR\",\"@id\":\"https:\\\/\\\/secure.gravatar.com\\\/avatar\\\/ae2f4d718e6c49043e314ce431e7e645d646302a24a5ef5a8bc8e3f5a032e319?s=96&d=mm&r=g\",\"url\":\"https:\\\/\\\/secure.gravatar.com\\\/avatar\\\/ae2f4d718e6c49043e314ce431e7e645d646302a24a5ef5a8bc8e3f5a032e319?s=96&d=mm&r=g\",\"contentUrl\":\"https:\\\/\\\/secure.gravatar.com\\\/avatar\\\/ae2f4d718e6c49043e314ce431e7e645d646302a24a5ef5a8bc8e3f5a032e319?s=96&d=mm&r=g\",\"caption\":\"admin\"},\"sameAs\":[\"https:\\\/\\\/develop.organisator.galledia.ch\"],\"url\":\"https:\\\/\\\/news.save.ch\\\/fr\\\/author\\\/admin\\\/\"}]}<\/script>\n<!-- \/ Yoast SEO plugin. -->","yoast_head_json":{"title":"Exposition sp\u00e9ciale \"Gestion des risques li\u00e9s aux dangers naturels\" - Save","description":"Lors du salon national SICHERHEIT \u00e0 Zurich, l'exposition sp\u00e9ciale sera ax\u00e9e sur la \"gestion des risques li\u00e9s aux dangers naturels\".","robots":{"index":"index","follow":"follow","max-snippet":"max-snippet:-1","max-image-preview":"max-image-preview:large","max-video-preview":"max-video-preview:-1"},"canonical":"https:\/\/news.save.ch\/fr\/sonderschau-risikomanagement-von-naturgefahren\/","og_locale":"fr_FR","og_type":"article","og_title":"Sonderschau \u201eRisikomanagement von Naturgefahren\u201c","og_description":"An der nationalen Fachmesse SICHERHEIT in Z\u00fcrich wird der Fokus der Sonderschau erneut auf \u201eRisikomanagement von Naturgefahren\u201c gelegt. Somit bietet der Anlass vom 10. bis 13. November 2015 eine ideale Plattform f\u00fcr den Austausch zwischen Gefahrenexperten und Sicherheitsbeauftragten, wie die Veranstalter schreiben.","og_url":"https:\/\/news.save.ch\/fr\/sonderschau-risikomanagement-von-naturgefahren\/","og_site_name":"Save","article_published_time":"2015-08-25T10:04:18+00:00","og_image":[{"url":"https:\/\/sicherheitsforum.ch\/wp-content\/uploads\/2016\/12\/Sonderschau-\u201eRisikomanagement-von-Naturgefahren\u201c-sicherheitsforum.jpg","type":"","width":"","height":""}],"author":"admin","twitter_card":"summary_large_image","twitter_misc":{"\u00c9crit par":"admin","Dur\u00e9e de lecture estim\u00e9e":"1 minute"},"schema":{"@context":"https:\/\/schema.org","@graph":[{"@type":"Article","@id":"https:\/\/news.save.ch\/sonderschau-risikomanagement-von-naturgefahren\/#article","isPartOf":{"@id":"https:\/\/news.save.ch\/sonderschau-risikomanagement-von-naturgefahren\/"},"author":{"name":"admin","@id":"https:\/\/news.save.ch\/de\/#\/schema\/person\/d49e199490bad7c70d64b9ab51142f2b"},"headline":"Sonderschau \u201eRisikomanagement von Naturgefahren\u201c","datePublished":"2015-08-25T10:04:18+00:00","mainEntityOfPage":{"@id":"https:\/\/news.save.ch\/sonderschau-risikomanagement-von-naturgefahren\/"},"wordCount":250,"commentCount":0,"publisher":{"@id":"https:\/\/news.save.ch\/de\/#organization"},"image":{"@id":"https:\/\/news.save.ch\/sonderschau-risikomanagement-von-naturgefahren\/#primaryimage"},"thumbnailUrl":"https:\/\/news.save.ch\/wp-content\/uploads\/2016\/12\/Sonderschau-\u201eRisikomanagement-von-Naturgefahren-sicherheitsforum-scaled.jpg","keywords":["Aus- und Weiterbildung","Naturgefahren"],"articleSection":["ALLGEMEIN"],"inLanguage":"fr-FR"},{"@type":"WebPage","@id":"https:\/\/news.save.ch\/sonderschau-risikomanagement-von-naturgefahren\/","url":"https:\/\/news.save.ch\/sonderschau-risikomanagement-von-naturgefahren\/","name":"Exposition sp\u00e9ciale \"Gestion des risques li\u00e9s aux dangers naturels\" - Save","isPartOf":{"@id":"https:\/\/news.save.ch\/de\/#website"},"primaryImageOfPage":{"@id":"https:\/\/news.save.ch\/sonderschau-risikomanagement-von-naturgefahren\/#primaryimage"},"image":{"@id":"https:\/\/news.save.ch\/sonderschau-risikomanagement-von-naturgefahren\/#primaryimage"},"thumbnailUrl":"https:\/\/news.save.ch\/wp-content\/uploads\/2016\/12\/Sonderschau-\u201eRisikomanagement-von-Naturgefahren-sicherheitsforum-scaled.jpg","datePublished":"2015-08-25T10:04:18+00:00","description":"Lors du salon national SICHERHEIT \u00e0 Zurich, l'exposition sp\u00e9ciale sera ax\u00e9e sur la \"gestion des risques li\u00e9s aux dangers naturels\".","breadcrumb":{"@id":"https:\/\/news.save.ch\/sonderschau-risikomanagement-von-naturgefahren\/#breadcrumb"},"inLanguage":"fr-FR","potentialAction":[{"@type":"ReadAction","target":["https:\/\/news.save.ch\/sonderschau-risikomanagement-von-naturgefahren\/"]}]},{"@type":"ImageObject","inLanguage":"fr-FR","@id":"https:\/\/news.save.ch\/sonderschau-risikomanagement-von-naturgefahren\/#primaryimage","url":"https:\/\/news.save.ch\/wp-content\/uploads\/2016\/12\/Sonderschau-\u201eRisikomanagement-von-Naturgefahren-sicherheitsforum-scaled.jpg","contentUrl":"https:\/\/news.save.ch\/wp-content\/uploads\/2016\/12\/Sonderschau-\u201eRisikomanagement-von-Naturgefahren-sicherheitsforum-scaled.jpg","width":1400,"height":860},{"@type":"BreadcrumbList","@id":"https:\/\/news.save.ch\/sonderschau-risikomanagement-von-naturgefahren\/#breadcrumb","itemListElement":[{"@type":"ListItem","position":1,"name":"Home","item":"https:\/\/news.save.ch\/de\/"},{"@type":"ListItem","position":2,"name":"Sonderschau \u201eRisikomanagement von Naturgefahren\u201c"}]},{"@type":"WebSite","@id":"https:\/\/news.save.ch\/de\/#website","url":"https:\/\/news.save.ch\/de\/","name":"Save","description":"Revue suisse sp\u00e9cialis\u00e9e dans la s\u00e9curit\u00e9","publisher":{"@id":"https:\/\/news.save.ch\/de\/#organization"},"potentialAction":[{"@type":"SearchAction","target":{"@type":"EntryPoint","urlTemplate":"https:\/\/news.save.ch\/de\/?s={search_term_string}"},"query-input":{"@type":"PropertyValueSpecification","valueRequired":true,"valueName":"search_term_string"}}],"inLanguage":"fr-FR"},{"@type":"Organization","@id":"https:\/\/news.save.ch\/de\/#organization","name":"Forum sur la s\u00e9curit\u00e9","url":"https:\/\/news.save.ch\/de\/","logo":{"@type":"ImageObject","inLanguage":"fr-FR","@id":"https:\/\/news.save.ch\/de\/#\/schema\/logo\/image\/","url":"https:\/\/news.save.ch\/wp-content\/uploads\/2022\/06\/Logo_SF_2012.png","contentUrl":"https:\/\/news.save.ch\/wp-content\/uploads\/2022\/06\/Logo_SF_2012.png","width":1100,"height":91,"caption":"Sicherheitsforum"},"image":{"@id":"https:\/\/news.save.ch\/de\/#\/schema\/logo\/image\/"}},{"@type":"Person","@id":"https:\/\/news.save.ch\/de\/#\/schema\/person\/d49e199490bad7c70d64b9ab51142f2b","name":"admin","image":{"@type":"ImageObject","inLanguage":"fr-FR","@id":"https:\/\/secure.gravatar.com\/avatar\/ae2f4d718e6c49043e314ce431e7e645d646302a24a5ef5a8bc8e3f5a032e319?s=96&d=mm&r=g","url":"https:\/\/secure.gravatar.com\/avatar\/ae2f4d718e6c49043e314ce431e7e645d646302a24a5ef5a8bc8e3f5a032e319?s=96&d=mm&r=g","contentUrl":"https:\/\/secure.gravatar.com\/avatar\/ae2f4d718e6c49043e314ce431e7e645d646302a24a5ef5a8bc8e3f5a032e319?s=96&d=mm&r=g","caption":"admin"},"sameAs":["https:\/\/develop.organisator.galledia.ch"],"url":"https:\/\/news.save.ch\/fr\/author\/admin\/"}]}},"_links":{"self":[{"href":"https:\/\/news.save.ch\/fr\/wp-json\/wp\/v2\/posts\/1661","targetHints":{"allow":["GET"]}}],"collection":[{"href":"https:\/\/news.save.ch\/fr\/wp-json\/wp\/v2\/posts"}],"about":[{"href":"https:\/\/news.save.ch\/fr\/wp-json\/wp\/v2\/types\/post"}],"author":[{"embeddable":true,"href":"https:\/\/news.save.ch\/fr\/wp-json\/wp\/v2\/users\/1"}],"replies":[{"embeddable":true,"href":"https:\/\/news.save.ch\/fr\/wp-json\/wp\/v2\/comments?post=1661"}],"version-history":[{"count":0,"href":"https:\/\/news.save.ch\/fr\/wp-json\/wp\/v2\/posts\/1661\/revisions"}],"wp:featuredmedia":[{"embeddable":true,"href":"https:\/\/news.save.ch\/fr\/wp-json\/wp\/v2\/media\/1663"}],"wp:attachment":[{"href":"https:\/\/news.save.ch\/fr\/wp-json\/wp\/v2\/media?parent=1661"}],"wp:term":[{"taxonomy":"category","embeddable":true,"href":"https:\/\/news.save.ch\/fr\/wp-json\/wp\/v2\/categories?post=1661"},{"taxonomy":"post_tag","embeddable":true,"href":"https:\/\/news.save.ch\/fr\/wp-json\/wp\/v2\/tags?post=1661"}],"curies":[{"name":"wp","href":"https:\/\/api.w.org\/{rel}","templated":true}]}}