{"id":16614,"date":"2015-03-24T08:09:16","date_gmt":"2015-03-24T07:09:16","guid":{"rendered":"http:\/\/dev.safety-plus.ch\/?p=142"},"modified":"2023-03-14T09:04:32","modified_gmt":"2023-03-14T08:04:32","slug":"jugendliche-trinken-und-rauchen-weniger","status":null,"type":"post","link":"https:\/\/news.save.ch\/fr\/jugendliche-trinken-und-rauchen-weniger\/","title":{"rendered":"Les jeunes boivent et fument moins"},"content":{"rendered":"<figure id=\"attachment_143\" aria-describedby=\"caption-attachment-143\" style=\"width: 680px\" class=\"wp-caption alignnone\"><img loading=\"lazy\" decoding=\"async\" class=\"wp-image-143 size-medium\" src=\"http:\/\/develop.safety-plus.ch\/wp-content\/uploads\/2016\/12\/Jugendliche_trinken_und_rauchen_weniger_safety-plus.jpg\" alt=\"Une cigarette ? - Non, merci. Les jeunes fument et boivent moins qu&#039;avant\" width=\"680\" height=\"453\" \/><figcaption id=\"caption-attachment-143\" class=\"wp-caption-text\">Cigarette ? - Non, merci. Les jeunes fument et boivent moins qu'avant<\/figcaption><\/figure>\n<p>La pr\u00e9vention des d\u00e9pendances semble porter ses fruits : Les jeunes boivent aujourd'hui nettement moins d'alcool et fument moins qu'il y a quatre ans. Seul le recul de la consommation de cannabis est plus faible. C'est ce que montrent les r\u00e9sultats de l'enqu\u00eate 2014 aupr\u00e8s des \u00e9coliers, \u00e0 laquelle ont particip\u00e9 quelque 10 000 \u00e9l\u00e8ves \u00e2g\u00e9s de 11 \u00e0 15 ans.<\/p>\n<p><a href=\"http:\/\/www.suchtschweiz.ch\/\" data-cke-saved-href=\"http:\/\/www.suchtschweiz.ch\/\">Addiction Suisse<\/a> a pr\u00e9sent\u00e9 aujourd'hui les mesures concr\u00e8tes\u00a0<a href=\"http:\/\/www.suchtschweiz.ch\/aktuell\/medienmitteilungen\/article\/weniger-suchtmittel-bei-heutigen-jugendlichen-eine-chance-fuer-die-praevention\/?tx_ttnews%5BbackPid%5D=1324&amp;cHash=5f9f569e0de4e5eda08325773921e819\" data-cke-saved-href=\"http:\/\/www.suchtschweiz.ch\/aktuell\/medienmitteilungen\/article\/weniger-suchtmittel-bei-heutigen-jugendlichen-eine-chance-fuer-die-praevention\/?tx_ttnews%5BbackPid%5D=1324&amp;cHash=5f9f569e0de4e5eda08325773921e819\">Chiffres de l'enqu\u00eate<\/a>r\u00e9alis\u00e9e tous les quatre ans sur mandat de l'OFSP : Ainsi, seuls 10% des gar\u00e7ons de 15 ans et 6% des filles du m\u00eame \u00e2ge boivent encore de l'alcool au moins une fois par semaine en Suisse - en 2010, ils \u00e9taient encore 27% chez les gar\u00e7ons et 13 % chez les filles.<\/p>\n<p>Les chiffres sont \u00e9galement positifs pour le tabagisme : 7% des jeunes de 15 ans fument quotidiennement, contre 12% en 2010.<\/p>\n<p>Addiction Suisse qualifie ce recul de \"r\u00e9jouissant\", mais l'organisation met \u00e9galement en garde : \"Il ne faut pas oublier que les jeunes ne devraient pas consommer \u00e0 cet \u00e2ge\". En effet, le corps en pleine croissance est particuli\u00e8rement vuln\u00e9rable aux dommages caus\u00e9s par la consommation de substances.<\/p>\n<p>Pour Addiction Suisse, la protection de la jeunesse reste une pr\u00e9occupation centrale de la pr\u00e9vention - mais : \"Les mesures de protection de la jeunesse ne suffisent pas, d'autant plus que les jeunes s'orientent vers le monde des adultes. Pour que les jeunes d'aujourd'hui et ceux de demain continuent \u00e0 faire preuve de retenue dans leur consommation de substances psychoactives, la pr\u00e9vention des addictions doit \u00eatre consid\u00e9r\u00e9e comme une t\u00e2che qui concerne l'ensemble de la soci\u00e9t\u00e9\", explique l'organisation.<\/p>","protected":false},"excerpt":{"rendered":"<p>Die Suchtpr\u00e4vention scheint zu wirken: Jugendliche trinken heute\u00a0deutlich weniger Alkohol und rauchen seltener als noch vor vier Jahren. Einzig beim Cannabiskonsum ist der R\u00fcckgang geringer. Dies zeigen die Resultate der Sch\u00fclerbefragung 2014, an der rund 10 000 Sch\u00fcler zwischen 11 und 15 Jahren teilnahmen. Sucht Schweiz pr\u00e4sentierte heute die konkreten\u00a0Zahlen der Untersuchung, die alle vier [&hellip;]<\/p>\n","protected":false},"author":1,"featured_media":143,"comment_status":"open","ping_status":"open","sticky":false,"template":"","format":"standard","meta":{"_acf_changed":false,"pgc_sgb_lightbox_settings":"","footnotes":""},"categories":[3314],"tags":[141],"class_list":["post-16614","post","type-post","status-publish","format-standard","has-post-thumbnail","hentry","category-health-safety","tag-praevention"],"acf":[],"hkrextid":null,"publication":null,"issue":null,"workflow":null,"startPage":null,"spitzmarke":null,"_posts_by_tag_page_fields":{"widget_title":"","widget_tags":""},"_at_widget":"1","_yoast_wpseo_primary_category":"2","_yoast_wpseo_focuskw_text_input":"Jugendliche","_yoast_wpseo_opengraph-image":null,"_yoast_wpseo_opengraph-description":null,"_yoast_wpseo_opengraph-title":null,"enclosure":null,"_yoast_wpseo_twitter-title":null,"_yoast_wpseo_twitter-description":null,"_yoast_wpseo_twitter-image":null,"_wp_old_slug":null,"_yoast_wpseo_title":null,"_yoast_wpseo_canonical":null,"yoast_head":"<!-- This site is optimized with the Yoast SEO plugin v27.4 - https:\/\/yoast.com\/product\/yoast-seo-wordpress\/ -->\n<title>Jugendliche trinken und rauchen weniger - Save<\/title>\n<meta name=\"description\" content=\"Eine Befragung unter 10 000 Jugendlichen zeigt, dass ihr Suchtmittelkonsum verglichen mit vor vier Jahren deutlich zur\u00fcckgegangen ist.\" \/>\n<meta name=\"robots\" content=\"index, follow, max-snippet:-1, max-image-preview:large, max-video-preview:-1\" \/>\n<link rel=\"canonical\" href=\"https:\/\/news.save.ch\/fr\/jugendliche-trinken-und-rauchen-weniger\/\" \/>\n<meta property=\"og:locale\" content=\"fr_FR\" \/>\n<meta property=\"og:type\" content=\"article\" \/>\n<meta property=\"og:title\" content=\"Jugendliche trinken und rauchen weniger - Save\" \/>\n<meta property=\"og:description\" content=\"Eine Befragung unter 10 000 Jugendlichen zeigt, dass ihr Suchtmittelkonsum verglichen mit vor vier Jahren deutlich zur\u00fcckgegangen ist.\" \/>\n<meta property=\"og:url\" content=\"https:\/\/news.save.ch\/fr\/jugendliche-trinken-und-rauchen-weniger\/\" \/>\n<meta property=\"og:site_name\" content=\"Save\" \/>\n<meta property=\"article:published_time\" content=\"2015-03-24T07:09:16+00:00\" \/>\n<meta property=\"article:modified_time\" content=\"2023-03-14T08:04:32+00:00\" \/>\n<meta property=\"og:image\" content=\"https:\/\/news.save.ch\/wp-content\/uploads\/2016\/12\/Jugendliche_trinken_und_rauchen_weniger_safety-plus-scaled-1.jpg\" \/>\n\t<meta property=\"og:image:width\" content=\"1200\" \/>\n\t<meta property=\"og:image:height\" content=\"801\" \/>\n\t<meta property=\"og:image:type\" content=\"image\/jpeg\" \/>\n<meta name=\"author\" content=\"admin\" \/>\n<meta name=\"twitter:card\" content=\"summary_large_image\" \/>\n<meta name=\"twitter:label1\" content=\"\u00c9crit par\" \/>\n\t<meta name=\"twitter:data1\" content=\"admin\" \/>\n\t<meta name=\"twitter:label2\" content=\"Dur\u00e9e de lecture estim\u00e9e\" \/>\n\t<meta name=\"twitter:data2\" content=\"1 minute\" \/>\n<script type=\"application\/ld+json\" class=\"yoast-schema-graph\">{\"@context\":\"https:\\\/\\\/schema.org\",\"@graph\":[{\"@type\":\"Article\",\"@id\":\"https:\\\/\\\/news.save.ch\\\/jugendliche-trinken-und-rauchen-weniger\\\/#article\",\"isPartOf\":{\"@id\":\"https:\\\/\\\/news.save.ch\\\/jugendliche-trinken-und-rauchen-weniger\\\/\"},\"author\":{\"name\":\"admin\",\"@id\":\"https:\\\/\\\/news.save.ch\\\/de\\\/#\\\/schema\\\/person\\\/d49e199490bad7c70d64b9ab51142f2b\"},\"headline\":\"Jugendliche trinken und rauchen weniger\",\"datePublished\":\"2015-03-24T07:09:16+00:00\",\"dateModified\":\"2023-03-14T08:04:32+00:00\",\"mainEntityOfPage\":{\"@id\":\"https:\\\/\\\/news.save.ch\\\/jugendliche-trinken-und-rauchen-weniger\\\/\"},\"wordCount\":238,\"commentCount\":0,\"publisher\":{\"@id\":\"https:\\\/\\\/news.save.ch\\\/de\\\/#organization\"},\"image\":{\"@id\":\"https:\\\/\\\/news.save.ch\\\/jugendliche-trinken-und-rauchen-weniger\\\/#primaryimage\"},\"thumbnailUrl\":\"https:\\\/\\\/news.save.ch\\\/wp-content\\\/uploads\\\/2016\\\/12\\\/Jugendliche_trinken_und_rauchen_weniger_safety-plus-scaled-1.jpg\",\"keywords\":[\"Pr\u00e4vention\"],\"articleSection\":[\"HEALTH &amp; SAFETY\"],\"inLanguage\":\"fr-FR\"},{\"@type\":\"WebPage\",\"@id\":\"https:\\\/\\\/news.save.ch\\\/jugendliche-trinken-und-rauchen-weniger\\\/\",\"url\":\"https:\\\/\\\/news.save.ch\\\/jugendliche-trinken-und-rauchen-weniger\\\/\",\"name\":\"Jugendliche trinken und rauchen weniger - Save\",\"isPartOf\":{\"@id\":\"https:\\\/\\\/news.save.ch\\\/de\\\/#website\"},\"primaryImageOfPage\":{\"@id\":\"https:\\\/\\\/news.save.ch\\\/jugendliche-trinken-und-rauchen-weniger\\\/#primaryimage\"},\"image\":{\"@id\":\"https:\\\/\\\/news.save.ch\\\/jugendliche-trinken-und-rauchen-weniger\\\/#primaryimage\"},\"thumbnailUrl\":\"https:\\\/\\\/news.save.ch\\\/wp-content\\\/uploads\\\/2016\\\/12\\\/Jugendliche_trinken_und_rauchen_weniger_safety-plus-scaled-1.jpg\",\"datePublished\":\"2015-03-24T07:09:16+00:00\",\"dateModified\":\"2023-03-14T08:04:32+00:00\",\"description\":\"Eine Befragung unter 10 000 Jugendlichen zeigt, dass ihr Suchtmittelkonsum verglichen mit vor vier Jahren deutlich zur\u00fcckgegangen ist.\",\"breadcrumb\":{\"@id\":\"https:\\\/\\\/news.save.ch\\\/jugendliche-trinken-und-rauchen-weniger\\\/#breadcrumb\"},\"inLanguage\":\"fr-FR\",\"potentialAction\":[{\"@type\":\"ReadAction\",\"target\":[\"https:\\\/\\\/news.save.ch\\\/jugendliche-trinken-und-rauchen-weniger\\\/\"]}]},{\"@type\":\"ImageObject\",\"inLanguage\":\"fr-FR\",\"@id\":\"https:\\\/\\\/news.save.ch\\\/jugendliche-trinken-und-rauchen-weniger\\\/#primaryimage\",\"url\":\"https:\\\/\\\/news.save.ch\\\/wp-content\\\/uploads\\\/2016\\\/12\\\/Jugendliche_trinken_und_rauchen_weniger_safety-plus-scaled-1.jpg\",\"contentUrl\":\"https:\\\/\\\/news.save.ch\\\/wp-content\\\/uploads\\\/2016\\\/12\\\/Jugendliche_trinken_und_rauchen_weniger_safety-plus-scaled-1.jpg\",\"width\":1200,\"height\":801,\"caption\":\"Zigarette? - Nein, danke. Jugendliche rauchen und trinken weniger als fr\u00fcher.\"},{\"@type\":\"BreadcrumbList\",\"@id\":\"https:\\\/\\\/news.save.ch\\\/jugendliche-trinken-und-rauchen-weniger\\\/#breadcrumb\",\"itemListElement\":[{\"@type\":\"ListItem\",\"position\":1,\"name\":\"Home\",\"item\":\"https:\\\/\\\/news.save.ch\\\/de\\\/\"},{\"@type\":\"ListItem\",\"position\":2,\"name\":\"Jugendliche trinken und rauchen weniger\"}]},{\"@type\":\"WebSite\",\"@id\":\"https:\\\/\\\/news.save.ch\\\/de\\\/#website\",\"url\":\"https:\\\/\\\/news.save.ch\\\/de\\\/\",\"name\":\"Save\",\"description\":\"Schweizer Fachzeitschrift f\u00fcr Sicherheit\",\"publisher\":{\"@id\":\"https:\\\/\\\/news.save.ch\\\/de\\\/#organization\"},\"potentialAction\":[{\"@type\":\"SearchAction\",\"target\":{\"@type\":\"EntryPoint\",\"urlTemplate\":\"https:\\\/\\\/news.save.ch\\\/de\\\/?s={search_term_string}\"},\"query-input\":{\"@type\":\"PropertyValueSpecification\",\"valueRequired\":true,\"valueName\":\"search_term_string\"}}],\"inLanguage\":\"fr-FR\"},{\"@type\":\"Organization\",\"@id\":\"https:\\\/\\\/news.save.ch\\\/de\\\/#organization\",\"name\":\"Sicherheitsforum\",\"url\":\"https:\\\/\\\/news.save.ch\\\/de\\\/\",\"logo\":{\"@type\":\"ImageObject\",\"inLanguage\":\"fr-FR\",\"@id\":\"https:\\\/\\\/news.save.ch\\\/de\\\/#\\\/schema\\\/logo\\\/image\\\/\",\"url\":\"https:\\\/\\\/news.save.ch\\\/wp-content\\\/uploads\\\/2022\\\/06\\\/Logo_SF_2012.png\",\"contentUrl\":\"https:\\\/\\\/news.save.ch\\\/wp-content\\\/uploads\\\/2022\\\/06\\\/Logo_SF_2012.png\",\"width\":1100,\"height\":91,\"caption\":\"Sicherheitsforum\"},\"image\":{\"@id\":\"https:\\\/\\\/news.save.ch\\\/de\\\/#\\\/schema\\\/logo\\\/image\\\/\"}},{\"@type\":\"Person\",\"@id\":\"https:\\\/\\\/news.save.ch\\\/de\\\/#\\\/schema\\\/person\\\/d49e199490bad7c70d64b9ab51142f2b\",\"name\":\"admin\",\"image\":{\"@type\":\"ImageObject\",\"inLanguage\":\"fr-FR\",\"@id\":\"https:\\\/\\\/secure.gravatar.com\\\/avatar\\\/ae2f4d718e6c49043e314ce431e7e645d646302a24a5ef5a8bc8e3f5a032e319?s=96&d=mm&r=g\",\"url\":\"https:\\\/\\\/secure.gravatar.com\\\/avatar\\\/ae2f4d718e6c49043e314ce431e7e645d646302a24a5ef5a8bc8e3f5a032e319?s=96&d=mm&r=g\",\"contentUrl\":\"https:\\\/\\\/secure.gravatar.com\\\/avatar\\\/ae2f4d718e6c49043e314ce431e7e645d646302a24a5ef5a8bc8e3f5a032e319?s=96&d=mm&r=g\",\"caption\":\"admin\"},\"sameAs\":[\"https:\\\/\\\/develop.organisator.galledia.ch\"],\"url\":\"https:\\\/\\\/news.save.ch\\\/fr\\\/author\\\/admin\\\/\"}]}<\/script>\n<!-- \/ Yoast SEO plugin. -->","yoast_head_json":{"title":"Les jeunes boivent et fument moins - Save","description":"Une enqu\u00eate men\u00e9e aupr\u00e8s de 10 000 jeunes montre que leur consommation de substances addictives a nettement diminu\u00e9 par rapport \u00e0 il y a quatre ans.","robots":{"index":"index","follow":"follow","max-snippet":"max-snippet:-1","max-image-preview":"max-image-preview:large","max-video-preview":"max-video-preview:-1"},"canonical":"https:\/\/news.save.ch\/fr\/jugendliche-trinken-und-rauchen-weniger\/","og_locale":"fr_FR","og_type":"article","og_title":"Jugendliche trinken und rauchen weniger - Save","og_description":"Eine Befragung unter 10 000 Jugendlichen zeigt, dass ihr Suchtmittelkonsum verglichen mit vor vier Jahren deutlich zur\u00fcckgegangen ist.","og_url":"https:\/\/news.save.ch\/fr\/jugendliche-trinken-und-rauchen-weniger\/","og_site_name":"Save","article_published_time":"2015-03-24T07:09:16+00:00","article_modified_time":"2023-03-14T08:04:32+00:00","og_image":[{"width":1200,"height":801,"url":"https:\/\/news.save.ch\/wp-content\/uploads\/2016\/12\/Jugendliche_trinken_und_rauchen_weniger_safety-plus-scaled-1.jpg","type":"image\/jpeg"}],"author":"admin","twitter_card":"summary_large_image","twitter_misc":{"\u00c9crit par":"admin","Dur\u00e9e de lecture estim\u00e9e":"1 minute"},"schema":{"@context":"https:\/\/schema.org","@graph":[{"@type":"Article","@id":"https:\/\/news.save.ch\/jugendliche-trinken-und-rauchen-weniger\/#article","isPartOf":{"@id":"https:\/\/news.save.ch\/jugendliche-trinken-und-rauchen-weniger\/"},"author":{"name":"admin","@id":"https:\/\/news.save.ch\/de\/#\/schema\/person\/d49e199490bad7c70d64b9ab51142f2b"},"headline":"Jugendliche trinken und rauchen weniger","datePublished":"2015-03-24T07:09:16+00:00","dateModified":"2023-03-14T08:04:32+00:00","mainEntityOfPage":{"@id":"https:\/\/news.save.ch\/jugendliche-trinken-und-rauchen-weniger\/"},"wordCount":238,"commentCount":0,"publisher":{"@id":"https:\/\/news.save.ch\/de\/#organization"},"image":{"@id":"https:\/\/news.save.ch\/jugendliche-trinken-und-rauchen-weniger\/#primaryimage"},"thumbnailUrl":"https:\/\/news.save.ch\/wp-content\/uploads\/2016\/12\/Jugendliche_trinken_und_rauchen_weniger_safety-plus-scaled-1.jpg","keywords":["Pr\u00e4vention"],"articleSection":["HEALTH &amp; SAFETY"],"inLanguage":"fr-FR"},{"@type":"WebPage","@id":"https:\/\/news.save.ch\/jugendliche-trinken-und-rauchen-weniger\/","url":"https:\/\/news.save.ch\/jugendliche-trinken-und-rauchen-weniger\/","name":"Les jeunes boivent et fument moins - Save","isPartOf":{"@id":"https:\/\/news.save.ch\/de\/#website"},"primaryImageOfPage":{"@id":"https:\/\/news.save.ch\/jugendliche-trinken-und-rauchen-weniger\/#primaryimage"},"image":{"@id":"https:\/\/news.save.ch\/jugendliche-trinken-und-rauchen-weniger\/#primaryimage"},"thumbnailUrl":"https:\/\/news.save.ch\/wp-content\/uploads\/2016\/12\/Jugendliche_trinken_und_rauchen_weniger_safety-plus-scaled-1.jpg","datePublished":"2015-03-24T07:09:16+00:00","dateModified":"2023-03-14T08:04:32+00:00","description":"Une enqu\u00eate men\u00e9e aupr\u00e8s de 10 000 jeunes montre que leur consommation de substances addictives a nettement diminu\u00e9 par rapport \u00e0 il y a quatre ans.","breadcrumb":{"@id":"https:\/\/news.save.ch\/jugendliche-trinken-und-rauchen-weniger\/#breadcrumb"},"inLanguage":"fr-FR","potentialAction":[{"@type":"ReadAction","target":["https:\/\/news.save.ch\/jugendliche-trinken-und-rauchen-weniger\/"]}]},{"@type":"ImageObject","inLanguage":"fr-FR","@id":"https:\/\/news.save.ch\/jugendliche-trinken-und-rauchen-weniger\/#primaryimage","url":"https:\/\/news.save.ch\/wp-content\/uploads\/2016\/12\/Jugendliche_trinken_und_rauchen_weniger_safety-plus-scaled-1.jpg","contentUrl":"https:\/\/news.save.ch\/wp-content\/uploads\/2016\/12\/Jugendliche_trinken_und_rauchen_weniger_safety-plus-scaled-1.jpg","width":1200,"height":801,"caption":"Zigarette? - Nein, danke. Jugendliche rauchen und trinken weniger als fr\u00fcher."},{"@type":"BreadcrumbList","@id":"https:\/\/news.save.ch\/jugendliche-trinken-und-rauchen-weniger\/#breadcrumb","itemListElement":[{"@type":"ListItem","position":1,"name":"Home","item":"https:\/\/news.save.ch\/de\/"},{"@type":"ListItem","position":2,"name":"Jugendliche trinken und rauchen weniger"}]},{"@type":"WebSite","@id":"https:\/\/news.save.ch\/de\/#website","url":"https:\/\/news.save.ch\/de\/","name":"Save","description":"Revue suisse sp\u00e9cialis\u00e9e dans la s\u00e9curit\u00e9","publisher":{"@id":"https:\/\/news.save.ch\/de\/#organization"},"potentialAction":[{"@type":"SearchAction","target":{"@type":"EntryPoint","urlTemplate":"https:\/\/news.save.ch\/de\/?s={search_term_string}"},"query-input":{"@type":"PropertyValueSpecification","valueRequired":true,"valueName":"search_term_string"}}],"inLanguage":"fr-FR"},{"@type":"Organization","@id":"https:\/\/news.save.ch\/de\/#organization","name":"Forum sur la s\u00e9curit\u00e9","url":"https:\/\/news.save.ch\/de\/","logo":{"@type":"ImageObject","inLanguage":"fr-FR","@id":"https:\/\/news.save.ch\/de\/#\/schema\/logo\/image\/","url":"https:\/\/news.save.ch\/wp-content\/uploads\/2022\/06\/Logo_SF_2012.png","contentUrl":"https:\/\/news.save.ch\/wp-content\/uploads\/2022\/06\/Logo_SF_2012.png","width":1100,"height":91,"caption":"Sicherheitsforum"},"image":{"@id":"https:\/\/news.save.ch\/de\/#\/schema\/logo\/image\/"}},{"@type":"Person","@id":"https:\/\/news.save.ch\/de\/#\/schema\/person\/d49e199490bad7c70d64b9ab51142f2b","name":"admin","image":{"@type":"ImageObject","inLanguage":"fr-FR","@id":"https:\/\/secure.gravatar.com\/avatar\/ae2f4d718e6c49043e314ce431e7e645d646302a24a5ef5a8bc8e3f5a032e319?s=96&d=mm&r=g","url":"https:\/\/secure.gravatar.com\/avatar\/ae2f4d718e6c49043e314ce431e7e645d646302a24a5ef5a8bc8e3f5a032e319?s=96&d=mm&r=g","contentUrl":"https:\/\/secure.gravatar.com\/avatar\/ae2f4d718e6c49043e314ce431e7e645d646302a24a5ef5a8bc8e3f5a032e319?s=96&d=mm&r=g","caption":"admin"},"sameAs":["https:\/\/develop.organisator.galledia.ch"],"url":"https:\/\/news.save.ch\/fr\/author\/admin\/"}]}},"_links":{"self":[{"href":"https:\/\/news.save.ch\/fr\/wp-json\/wp\/v2\/posts\/16614","targetHints":{"allow":["GET"]}}],"collection":[{"href":"https:\/\/news.save.ch\/fr\/wp-json\/wp\/v2\/posts"}],"about":[{"href":"https:\/\/news.save.ch\/fr\/wp-json\/wp\/v2\/types\/post"}],"author":[{"embeddable":true,"href":"https:\/\/news.save.ch\/fr\/wp-json\/wp\/v2\/users\/1"}],"replies":[{"embeddable":true,"href":"https:\/\/news.save.ch\/fr\/wp-json\/wp\/v2\/comments?post=16614"}],"version-history":[{"count":1,"href":"https:\/\/news.save.ch\/fr\/wp-json\/wp\/v2\/posts\/16614\/revisions"}],"predecessor-version":[{"id":18997,"href":"https:\/\/news.save.ch\/fr\/wp-json\/wp\/v2\/posts\/16614\/revisions\/18997"}],"wp:featuredmedia":[{"embeddable":true,"href":"https:\/\/news.save.ch\/fr\/wp-json\/wp\/v2\/media\/143"}],"wp:attachment":[{"href":"https:\/\/news.save.ch\/fr\/wp-json\/wp\/v2\/media?parent=16614"}],"wp:term":[{"taxonomy":"category","embeddable":true,"href":"https:\/\/news.save.ch\/fr\/wp-json\/wp\/v2\/categories?post=16614"},{"taxonomy":"post_tag","embeddable":true,"href":"https:\/\/news.save.ch\/fr\/wp-json\/wp\/v2\/tags?post=16614"}],"curies":[{"name":"wp","href":"https:\/\/api.w.org\/{rel}","templated":true}]}}