{"id":16615,"date":"2015-03-26T08:19:12","date_gmt":"2015-03-26T07:19:12","guid":{"rendered":"http:\/\/dev.safety-plus.ch\/?p=151"},"modified":"2015-03-26T08:19:12","modified_gmt":"2015-03-26T07:19:12","slug":"sonderschau-sicheres-retten-aus-hoehen-und-tiefen-an-der-aa","status":null,"type":"post","link":"https:\/\/news.save.ch\/fr\/sonderschau-sicheres-retten-aus-hoehen-und-tiefen-an-der-aa\/","title":{"rendered":"Exposition sp\u00e9ciale \"Sauver en toute s\u00e9curit\u00e9 de la hauteur et de la profondeur\" au salon A+A"},"content":{"rendered":"<figure id=\"attachment_152\" aria-describedby=\"caption-attachment-152\" style=\"width: 2953px\" class=\"wp-caption alignnone\"><a href=\"http:\/\/develop.safety-plus.ch\/wp-content\/uploads\/2016\/12\/Sonderschau_Sicheres_Retten_aus_Ho\u0308hen_und_Tiefen_an_der_A-A_safety-plus.jpg\"><img loading=\"lazy\" decoding=\"async\" class=\"size-full wp-image-152\" src=\"http:\/\/develop.safety-plus.ch\/wp-content\/uploads\/2016\/12\/Sonderschau_Sicheres_Retten_aus_Ho\u0308hen_und_Tiefen_an_der_A-A_safety-plus.jpg\" alt=\"\" width=\"2953\" height=\"1969\" \/><\/a><figcaption id=\"caption-attachment-152\" class=\"wp-caption-text\">Le salon A+A pr\u00e9sente les pratiques de sauvetage des personnes accident\u00e9es dans des situations extr\u00eames.<\/figcaption><\/figure>\n<p>A la <a href=\"http:\/\/www.aplusa.de\/\" data-cke-saved-href=\"http:\/\/www.aplusa.de\/\">A+A<\/a>La premi\u00e8re exposition sp\u00e9ciale \"Sauvetage en toute s\u00e9curit\u00e9 depuis les hauteurs et les profondeurs\" aura lieu \u00e0 l'occasion de l'exposition internationale et du congr\u00e8s pour un travail s\u00fbr et sain.<\/p>\n<p>Le partenaire de coop\u00e9ration est le partenaire de coop\u00e9ration est le <a href=\"http:\/\/www.thw.de\/\" data-cke-saved-href=\"http:\/\/www.thw.de\/\">Agence f\u00e9d\u00e9rale d'aide technique (THW). <\/a>Birgit Horn, Directrice de Messe D\u00fcsseldorf pour l'A+A 2015, d\u00e9crit ce que les visiteurs professionnels pourront vivre \"en direct\" chaque jour dans le hall 6 : \"Un bassin de plong\u00e9e et un dispositif d'escalade superpos\u00e9 permettront d'illustrer les pratiques de sauvetage de personnes accident\u00e9es dans des situations extr\u00eames, que ce soit sur ou sous l'eau\". Outre la s\u00e9curit\u00e9 du travail des secouristes, l'accent sera mis sur les \u00e9quipements de protection individuelle appropri\u00e9s (par ex. la protection contre les chutes).<\/p>\n<p>Le salon A+A se tiendra du 27 au 30 octobre 2015 \u00e0 D\u00fcsseldorf.<\/p>","protected":false},"excerpt":{"rendered":"<p>An der A+A, internationale Fachmesse und Kongress f\u00fcr sicheres und gesundes Arbeiten, findet erstmals die Sonderschau &#8222;Sicheres Retten aus H\u00f6hen und Tiefen&#8220; statt. Kooperationspartner ist die Kooperationspartner ist die Bundesanstalt Technisches Hilfswerk (THW). \u201eThematisiert werden mittels eines Tauchbeckens und \u00fcberbauter Klettereinrichtung Praktiken f\u00fcr die Rettung verunfallter Personen aus Extremsituationen \u2013 gleich, ob \u00fcber oder unter [&hellip;]<\/p>\n","protected":false},"author":1,"featured_media":152,"comment_status":"open","ping_status":"open","sticky":false,"template":"","format":"standard","meta":{"_acf_changed":false,"pgc_sgb_lightbox_settings":"","footnotes":""},"categories":[1],"tags":[1584,946],"class_list":["post-16615","post","type-post","status-publish","format-standard","has-post-thumbnail","hentry","category-allgemein","tag-aa","tag-messe"],"acf":[],"hkrextid":null,"publication":null,"issue":null,"workflow":null,"startPage":null,"spitzmarke":null,"_posts_by_tag_page_fields":{"widget_title":"","widget_tags":""},"_at_widget":"1","_yoast_wpseo_primary_category":"1","_yoast_wpseo_focuskw_text_input":"A+A","_yoast_wpseo_opengraph-image":null,"_yoast_wpseo_opengraph-description":null,"_yoast_wpseo_opengraph-title":null,"enclosure":null,"_yoast_wpseo_twitter-title":null,"_yoast_wpseo_twitter-description":null,"_yoast_wpseo_twitter-image":null,"_wp_old_slug":null,"_yoast_wpseo_title":null,"_yoast_wpseo_canonical":null,"yoast_head":"<!-- This site is optimized with the Yoast SEO plugin v27.5 - https:\/\/yoast.com\/product\/yoast-seo-wordpress\/ -->\n<title>Sonderschau &quot;Sicheres Retten aus H\u00f6hen und Tiefen&quot; an der A+A - Save<\/title>\n<meta name=\"description\" content=\"Wie Rettungen aus Extremsituationen gelingen, zeigt eine Sonderschau an der A+A 2015 in D\u00fcsseldorf.\" \/>\n<meta name=\"robots\" content=\"index, follow, max-snippet:-1, max-image-preview:large, max-video-preview:-1\" \/>\n<link rel=\"canonical\" href=\"https:\/\/news.save.ch\/fr\/sonderschau-sicheres-retten-aus-hoehen-und-tiefen-an-der-aa\/\" \/>\n<meta property=\"og:locale\" content=\"fr_FR\" \/>\n<meta property=\"og:type\" content=\"article\" \/>\n<meta property=\"og:title\" content=\"Sonderschau &quot;Sicheres Retten aus H\u00f6hen und Tiefen&quot; an der A+A - Save\" \/>\n<meta property=\"og:description\" content=\"Wie Rettungen aus Extremsituationen gelingen, zeigt eine Sonderschau an der A+A 2015 in D\u00fcsseldorf.\" \/>\n<meta property=\"og:url\" content=\"https:\/\/news.save.ch\/fr\/sonderschau-sicheres-retten-aus-hoehen-und-tiefen-an-der-aa\/\" \/>\n<meta property=\"og:site_name\" content=\"Save\" \/>\n<meta property=\"article:published_time\" content=\"2015-03-26T07:19:12+00:00\" \/>\n<meta property=\"og:image\" content=\"https:\/\/news.save.ch\/wp-content\/uploads\/2016\/12\/Sonderschau_Sicheres_Retten_aus_Hoehen_und_Tiefen_an_der_A-A_safety-plus-scaled-1.jpg\" \/>\n\t<meta property=\"og:image:width\" content=\"1200\" \/>\n\t<meta property=\"og:image:height\" content=\"800\" \/>\n\t<meta property=\"og:image:type\" content=\"image\/jpeg\" \/>\n<meta name=\"author\" content=\"admin\" \/>\n<meta name=\"twitter:card\" content=\"summary_large_image\" \/>\n<meta name=\"twitter:label1\" content=\"\u00c9crit par\" \/>\n\t<meta name=\"twitter:data1\" content=\"admin\" \/>\n\t<meta name=\"twitter:label2\" content=\"Dur\u00e9e de lecture estim\u00e9e\" \/>\n\t<meta name=\"twitter:data2\" content=\"1 minute\" \/>\n<script type=\"application\/ld+json\" class=\"yoast-schema-graph\">{\"@context\":\"https:\\\/\\\/schema.org\",\"@graph\":[{\"@type\":\"Article\",\"@id\":\"https:\\\/\\\/news.save.ch\\\/sonderschau-sicheres-retten-aus-hoehen-und-tiefen-an-der-aa\\\/#article\",\"isPartOf\":{\"@id\":\"https:\\\/\\\/news.save.ch\\\/sonderschau-sicheres-retten-aus-hoehen-und-tiefen-an-der-aa\\\/\"},\"author\":{\"name\":\"admin\",\"@id\":\"https:\\\/\\\/news.save.ch\\\/de\\\/#\\\/schema\\\/person\\\/d49e199490bad7c70d64b9ab51142f2b\"},\"headline\":\"Sonderschau &#8222;Sicheres Retten aus H\u00f6hen und Tiefen&#8220; an der A+A\",\"datePublished\":\"2015-03-26T07:19:12+00:00\",\"mainEntityOfPage\":{\"@id\":\"https:\\\/\\\/news.save.ch\\\/sonderschau-sicheres-retten-aus-hoehen-und-tiefen-an-der-aa\\\/\"},\"wordCount\":146,\"commentCount\":0,\"publisher\":{\"@id\":\"https:\\\/\\\/news.save.ch\\\/de\\\/#organization\"},\"image\":{\"@id\":\"https:\\\/\\\/news.save.ch\\\/sonderschau-sicheres-retten-aus-hoehen-und-tiefen-an-der-aa\\\/#primaryimage\"},\"thumbnailUrl\":\"https:\\\/\\\/news.save.ch\\\/wp-content\\\/uploads\\\/2016\\\/12\\\/Sonderschau_Sicheres_Retten_aus_Hoehen_und_Tiefen_an_der_A-A_safety-plus-scaled-1.jpg\",\"keywords\":[\"A+A\",\"Messe\"],\"articleSection\":[\"ALLGEMEIN\"],\"inLanguage\":\"fr-FR\"},{\"@type\":\"WebPage\",\"@id\":\"https:\\\/\\\/news.save.ch\\\/sonderschau-sicheres-retten-aus-hoehen-und-tiefen-an-der-aa\\\/\",\"url\":\"https:\\\/\\\/news.save.ch\\\/sonderschau-sicheres-retten-aus-hoehen-und-tiefen-an-der-aa\\\/\",\"name\":\"Sonderschau \\\"Sicheres Retten aus H\u00f6hen und Tiefen\\\" an der A+A - Save\",\"isPartOf\":{\"@id\":\"https:\\\/\\\/news.save.ch\\\/de\\\/#website\"},\"primaryImageOfPage\":{\"@id\":\"https:\\\/\\\/news.save.ch\\\/sonderschau-sicheres-retten-aus-hoehen-und-tiefen-an-der-aa\\\/#primaryimage\"},\"image\":{\"@id\":\"https:\\\/\\\/news.save.ch\\\/sonderschau-sicheres-retten-aus-hoehen-und-tiefen-an-der-aa\\\/#primaryimage\"},\"thumbnailUrl\":\"https:\\\/\\\/news.save.ch\\\/wp-content\\\/uploads\\\/2016\\\/12\\\/Sonderschau_Sicheres_Retten_aus_Hoehen_und_Tiefen_an_der_A-A_safety-plus-scaled-1.jpg\",\"datePublished\":\"2015-03-26T07:19:12+00:00\",\"description\":\"Wie Rettungen aus Extremsituationen gelingen, zeigt eine Sonderschau an der A+A 2015 in D\u00fcsseldorf.\",\"breadcrumb\":{\"@id\":\"https:\\\/\\\/news.save.ch\\\/sonderschau-sicheres-retten-aus-hoehen-und-tiefen-an-der-aa\\\/#breadcrumb\"},\"inLanguage\":\"fr-FR\",\"potentialAction\":[{\"@type\":\"ReadAction\",\"target\":[\"https:\\\/\\\/news.save.ch\\\/sonderschau-sicheres-retten-aus-hoehen-und-tiefen-an-der-aa\\\/\"]}]},{\"@type\":\"ImageObject\",\"inLanguage\":\"fr-FR\",\"@id\":\"https:\\\/\\\/news.save.ch\\\/sonderschau-sicheres-retten-aus-hoehen-und-tiefen-an-der-aa\\\/#primaryimage\",\"url\":\"https:\\\/\\\/news.save.ch\\\/wp-content\\\/uploads\\\/2016\\\/12\\\/Sonderschau_Sicheres_Retten_aus_Hoehen_und_Tiefen_an_der_A-A_safety-plus-scaled-1.jpg\",\"contentUrl\":\"https:\\\/\\\/news.save.ch\\\/wp-content\\\/uploads\\\/2016\\\/12\\\/Sonderschau_Sicheres_Retten_aus_Hoehen_und_Tiefen_an_der_A-A_safety-plus-scaled-1.jpg\",\"width\":1200,\"height\":800,\"caption\":\"Praktiken f\u00fcr die Rettung verunfallter Personen in Extremsituationen demonstriert die A+A\"},{\"@type\":\"BreadcrumbList\",\"@id\":\"https:\\\/\\\/news.save.ch\\\/sonderschau-sicheres-retten-aus-hoehen-und-tiefen-an-der-aa\\\/#breadcrumb\",\"itemListElement\":[{\"@type\":\"ListItem\",\"position\":1,\"name\":\"Home\",\"item\":\"https:\\\/\\\/news.save.ch\\\/de\\\/\"},{\"@type\":\"ListItem\",\"position\":2,\"name\":\"Sonderschau &#8222;Sicheres Retten aus H\u00f6hen und Tiefen&#8220; an der A+A\"}]},{\"@type\":\"WebSite\",\"@id\":\"https:\\\/\\\/news.save.ch\\\/de\\\/#website\",\"url\":\"https:\\\/\\\/news.save.ch\\\/de\\\/\",\"name\":\"Save\",\"description\":\"Schweizer Fachzeitschrift f\u00fcr Sicherheit\",\"publisher\":{\"@id\":\"https:\\\/\\\/news.save.ch\\\/de\\\/#organization\"},\"potentialAction\":[{\"@type\":\"SearchAction\",\"target\":{\"@type\":\"EntryPoint\",\"urlTemplate\":\"https:\\\/\\\/news.save.ch\\\/de\\\/?s={search_term_string}\"},\"query-input\":{\"@type\":\"PropertyValueSpecification\",\"valueRequired\":true,\"valueName\":\"search_term_string\"}}],\"inLanguage\":\"fr-FR\"},{\"@type\":\"Organization\",\"@id\":\"https:\\\/\\\/news.save.ch\\\/de\\\/#organization\",\"name\":\"Sicherheitsforum\",\"url\":\"https:\\\/\\\/news.save.ch\\\/de\\\/\",\"logo\":{\"@type\":\"ImageObject\",\"inLanguage\":\"fr-FR\",\"@id\":\"https:\\\/\\\/news.save.ch\\\/de\\\/#\\\/schema\\\/logo\\\/image\\\/\",\"url\":\"https:\\\/\\\/news.save.ch\\\/wp-content\\\/uploads\\\/2022\\\/06\\\/Logo_SF_2012.png\",\"contentUrl\":\"https:\\\/\\\/news.save.ch\\\/wp-content\\\/uploads\\\/2022\\\/06\\\/Logo_SF_2012.png\",\"width\":1100,\"height\":91,\"caption\":\"Sicherheitsforum\"},\"image\":{\"@id\":\"https:\\\/\\\/news.save.ch\\\/de\\\/#\\\/schema\\\/logo\\\/image\\\/\"}},{\"@type\":\"Person\",\"@id\":\"https:\\\/\\\/news.save.ch\\\/de\\\/#\\\/schema\\\/person\\\/d49e199490bad7c70d64b9ab51142f2b\",\"name\":\"admin\",\"image\":{\"@type\":\"ImageObject\",\"inLanguage\":\"fr-FR\",\"@id\":\"https:\\\/\\\/secure.gravatar.com\\\/avatar\\\/ae2f4d718e6c49043e314ce431e7e645d646302a24a5ef5a8bc8e3f5a032e319?s=96&d=mm&r=g\",\"url\":\"https:\\\/\\\/secure.gravatar.com\\\/avatar\\\/ae2f4d718e6c49043e314ce431e7e645d646302a24a5ef5a8bc8e3f5a032e319?s=96&d=mm&r=g\",\"contentUrl\":\"https:\\\/\\\/secure.gravatar.com\\\/avatar\\\/ae2f4d718e6c49043e314ce431e7e645d646302a24a5ef5a8bc8e3f5a032e319?s=96&d=mm&r=g\",\"caption\":\"admin\"},\"sameAs\":[\"https:\\\/\\\/develop.organisator.galledia.ch\"],\"url\":\"https:\\\/\\\/news.save.ch\\\/fr\\\/author\\\/admin\\\/\"}]}<\/script>\n<!-- \/ Yoast SEO plugin. -->","yoast_head_json":{"title":"Exposition sp\u00e9ciale \"Sauvetage en s\u00e9curit\u00e9 depuis les hauteurs et les profondeurs\" au salon A+A - Save","description":"Une exposition sp\u00e9ciale au salon A+A 2015 de D\u00fcsseldorf montrera comment r\u00e9ussir des sauvetages dans des situations extr\u00eames.","robots":{"index":"index","follow":"follow","max-snippet":"max-snippet:-1","max-image-preview":"max-image-preview:large","max-video-preview":"max-video-preview:-1"},"canonical":"https:\/\/news.save.ch\/fr\/sonderschau-sicheres-retten-aus-hoehen-und-tiefen-an-der-aa\/","og_locale":"fr_FR","og_type":"article","og_title":"Sonderschau \"Sicheres Retten aus H\u00f6hen und Tiefen\" an der A+A - Save","og_description":"Wie Rettungen aus Extremsituationen gelingen, zeigt eine Sonderschau an der A+A 2015 in D\u00fcsseldorf.","og_url":"https:\/\/news.save.ch\/fr\/sonderschau-sicheres-retten-aus-hoehen-und-tiefen-an-der-aa\/","og_site_name":"Save","article_published_time":"2015-03-26T07:19:12+00:00","og_image":[{"width":1200,"height":800,"url":"https:\/\/news.save.ch\/wp-content\/uploads\/2016\/12\/Sonderschau_Sicheres_Retten_aus_Hoehen_und_Tiefen_an_der_A-A_safety-plus-scaled-1.jpg","type":"image\/jpeg"}],"author":"admin","twitter_card":"summary_large_image","twitter_misc":{"\u00c9crit par":"admin","Dur\u00e9e de lecture estim\u00e9e":"1 minute"},"schema":{"@context":"https:\/\/schema.org","@graph":[{"@type":"Article","@id":"https:\/\/news.save.ch\/sonderschau-sicheres-retten-aus-hoehen-und-tiefen-an-der-aa\/#article","isPartOf":{"@id":"https:\/\/news.save.ch\/sonderschau-sicheres-retten-aus-hoehen-und-tiefen-an-der-aa\/"},"author":{"name":"admin","@id":"https:\/\/news.save.ch\/de\/#\/schema\/person\/d49e199490bad7c70d64b9ab51142f2b"},"headline":"Sonderschau &#8222;Sicheres Retten aus H\u00f6hen und Tiefen&#8220; an der A+A","datePublished":"2015-03-26T07:19:12+00:00","mainEntityOfPage":{"@id":"https:\/\/news.save.ch\/sonderschau-sicheres-retten-aus-hoehen-und-tiefen-an-der-aa\/"},"wordCount":146,"commentCount":0,"publisher":{"@id":"https:\/\/news.save.ch\/de\/#organization"},"image":{"@id":"https:\/\/news.save.ch\/sonderschau-sicheres-retten-aus-hoehen-und-tiefen-an-der-aa\/#primaryimage"},"thumbnailUrl":"https:\/\/news.save.ch\/wp-content\/uploads\/2016\/12\/Sonderschau_Sicheres_Retten_aus_Hoehen_und_Tiefen_an_der_A-A_safety-plus-scaled-1.jpg","keywords":["A+A","Messe"],"articleSection":["ALLGEMEIN"],"inLanguage":"fr-FR"},{"@type":"WebPage","@id":"https:\/\/news.save.ch\/sonderschau-sicheres-retten-aus-hoehen-und-tiefen-an-der-aa\/","url":"https:\/\/news.save.ch\/sonderschau-sicheres-retten-aus-hoehen-und-tiefen-an-der-aa\/","name":"Exposition sp\u00e9ciale \"Sauvetage en s\u00e9curit\u00e9 depuis les hauteurs et les profondeurs\" au salon A+A - Save","isPartOf":{"@id":"https:\/\/news.save.ch\/de\/#website"},"primaryImageOfPage":{"@id":"https:\/\/news.save.ch\/sonderschau-sicheres-retten-aus-hoehen-und-tiefen-an-der-aa\/#primaryimage"},"image":{"@id":"https:\/\/news.save.ch\/sonderschau-sicheres-retten-aus-hoehen-und-tiefen-an-der-aa\/#primaryimage"},"thumbnailUrl":"https:\/\/news.save.ch\/wp-content\/uploads\/2016\/12\/Sonderschau_Sicheres_Retten_aus_Hoehen_und_Tiefen_an_der_A-A_safety-plus-scaled-1.jpg","datePublished":"2015-03-26T07:19:12+00:00","description":"Une exposition sp\u00e9ciale au salon A+A 2015 de D\u00fcsseldorf montrera comment r\u00e9ussir des sauvetages dans des situations extr\u00eames.","breadcrumb":{"@id":"https:\/\/news.save.ch\/sonderschau-sicheres-retten-aus-hoehen-und-tiefen-an-der-aa\/#breadcrumb"},"inLanguage":"fr-FR","potentialAction":[{"@type":"ReadAction","target":["https:\/\/news.save.ch\/sonderschau-sicheres-retten-aus-hoehen-und-tiefen-an-der-aa\/"]}]},{"@type":"ImageObject","inLanguage":"fr-FR","@id":"https:\/\/news.save.ch\/sonderschau-sicheres-retten-aus-hoehen-und-tiefen-an-der-aa\/#primaryimage","url":"https:\/\/news.save.ch\/wp-content\/uploads\/2016\/12\/Sonderschau_Sicheres_Retten_aus_Hoehen_und_Tiefen_an_der_A-A_safety-plus-scaled-1.jpg","contentUrl":"https:\/\/news.save.ch\/wp-content\/uploads\/2016\/12\/Sonderschau_Sicheres_Retten_aus_Hoehen_und_Tiefen_an_der_A-A_safety-plus-scaled-1.jpg","width":1200,"height":800,"caption":"Praktiken f\u00fcr die Rettung verunfallter Personen in Extremsituationen demonstriert die A+A"},{"@type":"BreadcrumbList","@id":"https:\/\/news.save.ch\/sonderschau-sicheres-retten-aus-hoehen-und-tiefen-an-der-aa\/#breadcrumb","itemListElement":[{"@type":"ListItem","position":1,"name":"Home","item":"https:\/\/news.save.ch\/de\/"},{"@type":"ListItem","position":2,"name":"Sonderschau &#8222;Sicheres Retten aus H\u00f6hen und Tiefen&#8220; an der A+A"}]},{"@type":"WebSite","@id":"https:\/\/news.save.ch\/de\/#website","url":"https:\/\/news.save.ch\/de\/","name":"Save","description":"Revue suisse sp\u00e9cialis\u00e9e dans la s\u00e9curit\u00e9","publisher":{"@id":"https:\/\/news.save.ch\/de\/#organization"},"potentialAction":[{"@type":"SearchAction","target":{"@type":"EntryPoint","urlTemplate":"https:\/\/news.save.ch\/de\/?s={search_term_string}"},"query-input":{"@type":"PropertyValueSpecification","valueRequired":true,"valueName":"search_term_string"}}],"inLanguage":"fr-FR"},{"@type":"Organization","@id":"https:\/\/news.save.ch\/de\/#organization","name":"Forum sur la s\u00e9curit\u00e9","url":"https:\/\/news.save.ch\/de\/","logo":{"@type":"ImageObject","inLanguage":"fr-FR","@id":"https:\/\/news.save.ch\/de\/#\/schema\/logo\/image\/","url":"https:\/\/news.save.ch\/wp-content\/uploads\/2022\/06\/Logo_SF_2012.png","contentUrl":"https:\/\/news.save.ch\/wp-content\/uploads\/2022\/06\/Logo_SF_2012.png","width":1100,"height":91,"caption":"Sicherheitsforum"},"image":{"@id":"https:\/\/news.save.ch\/de\/#\/schema\/logo\/image\/"}},{"@type":"Person","@id":"https:\/\/news.save.ch\/de\/#\/schema\/person\/d49e199490bad7c70d64b9ab51142f2b","name":"admin","image":{"@type":"ImageObject","inLanguage":"fr-FR","@id":"https:\/\/secure.gravatar.com\/avatar\/ae2f4d718e6c49043e314ce431e7e645d646302a24a5ef5a8bc8e3f5a032e319?s=96&d=mm&r=g","url":"https:\/\/secure.gravatar.com\/avatar\/ae2f4d718e6c49043e314ce431e7e645d646302a24a5ef5a8bc8e3f5a032e319?s=96&d=mm&r=g","contentUrl":"https:\/\/secure.gravatar.com\/avatar\/ae2f4d718e6c49043e314ce431e7e645d646302a24a5ef5a8bc8e3f5a032e319?s=96&d=mm&r=g","caption":"admin"},"sameAs":["https:\/\/develop.organisator.galledia.ch"],"url":"https:\/\/news.save.ch\/fr\/author\/admin\/"}]}},"_links":{"self":[{"href":"https:\/\/news.save.ch\/fr\/wp-json\/wp\/v2\/posts\/16615","targetHints":{"allow":["GET"]}}],"collection":[{"href":"https:\/\/news.save.ch\/fr\/wp-json\/wp\/v2\/posts"}],"about":[{"href":"https:\/\/news.save.ch\/fr\/wp-json\/wp\/v2\/types\/post"}],"author":[{"embeddable":true,"href":"https:\/\/news.save.ch\/fr\/wp-json\/wp\/v2\/users\/1"}],"replies":[{"embeddable":true,"href":"https:\/\/news.save.ch\/fr\/wp-json\/wp\/v2\/comments?post=16615"}],"version-history":[{"count":0,"href":"https:\/\/news.save.ch\/fr\/wp-json\/wp\/v2\/posts\/16615\/revisions"}],"wp:featuredmedia":[{"embeddable":true,"href":"https:\/\/news.save.ch\/fr\/wp-json\/wp\/v2\/media\/152"}],"wp:attachment":[{"href":"https:\/\/news.save.ch\/fr\/wp-json\/wp\/v2\/media?parent=16615"}],"wp:term":[{"taxonomy":"category","embeddable":true,"href":"https:\/\/news.save.ch\/fr\/wp-json\/wp\/v2\/categories?post=16615"},{"taxonomy":"post_tag","embeddable":true,"href":"https:\/\/news.save.ch\/fr\/wp-json\/wp\/v2\/tags?post=16615"}],"curies":[{"name":"wp","href":"https:\/\/api.w.org\/{rel}","templated":true}]}}