{"id":16616,"date":"2015-03-27T08:22:13","date_gmt":"2015-03-27T07:22:13","guid":{"rendered":"http:\/\/dev.safety-plus.ch\/?p=154"},"modified":"2015-03-27T08:22:13","modified_gmt":"2015-03-27T07:22:13","slug":"energie-tanken-bei-der-arbeit","status":null,"type":"post","link":"https:\/\/news.save.ch\/fr\/energie-tanken-bei-der-arbeit\/","title":{"rendered":"Faire le plein d'\u00e9nergie au travail"},"content":{"rendered":"<figure id=\"attachment_155\" aria-describedby=\"caption-attachment-155\" style=\"width: 680px\" class=\"wp-caption alignnone\"><img loading=\"lazy\" decoding=\"async\" class=\"wp-image-155 size-medium\" src=\"http:\/\/develop.safety-plus.ch\/wp-content\/uploads\/2016\/12\/Energie_tanken_bei_der_Arbeit_safety-plus.jpg\" alt=\"Des collaborateurs d\u00e9tendus et en bonne sant\u00e9 contribuent au succ\u00e8s d&#039;une entreprise.\" width=\"680\" height=\"674\" \/><figcaption id=\"caption-attachment-155\" class=\"wp-caption-text\">Des collaborateurs d\u00e9tendus et en bonne sant\u00e9 contribuent au succ\u00e8s d'une entreprise.<\/figcaption><\/figure>\n<p>PwC Suisse pr\u00e9sente un nouveau programme de promotion de la sant\u00e9 pour ses employ\u00e9s. Le programme \"Energy to grow your own way\" s'appuie sur quatre piliers : activit\u00e9, attitude, alimentation et d\u00e9tente. Les diff\u00e9rentes mesures doivent permettre aux collaborateurs de disposer de suffisamment d'\u00e9nergie pour leurs activit\u00e9s professionnelles et priv\u00e9es.<\/p>\n<p>Concr\u00e8tement, l'entreprise mise sur des formations \u00e0 la gestion du temps et \u00e0 l'organisation personnelle pour r\u00e9duire le stress au travail. Des cours de sport et de m\u00e9ditation \u00e0 midi doivent apporter du mouvement dans le quotidien. Des s\u00e9ances d'information avec un expert du sommeil et une salle de repos pour une sieste occasionnelle doivent aider \u00e0 atteindre les huit heures de sommeil exig\u00e9es ; des repas plus sains \u00e0 la cantine ainsi que des fruits et des noix entre les repas doivent assurer une alimentation plus \u00e9quilibr\u00e9e.<\/p>\n<p>Des collaborateurs en bonne sant\u00e9 et d\u00e9tendus sont plus performants et font en fin de compte avancer une entreprise - cette constatation s'impose \u00e9galement chez PwC.<\/p>","protected":false},"excerpt":{"rendered":"<p>PwC Schweiz pr\u00e4sentiert ein neues Gesundheitsf\u00f6rderungsprogramm f\u00fcr seine Angestellten. Das Programm &#8222;Energy to grow your own way&#8220; setzt auf die vier S\u00e4ulen Aktivit\u00e4t, Einstellung, Ern\u00e4hrung und Entspannung. Die verschiedenen Massnahmen sollen daf\u00fcr sorgen, dass den Mitarbeitern gen\u00fcgend Energie f\u00fcr berufliche und private Aktivit\u00e4ten zu Verf\u00fcgung steht. Konkret setzt das Unternehmen auf Trainings zu Zeitmanagement und [&hellip;]<\/p>\n","protected":false},"author":1,"featured_media":15977,"comment_status":"open","ping_status":"open","sticky":false,"template":"","format":"standard","meta":{"_acf_changed":false,"pgc_sgb_lightbox_settings":"","footnotes":""},"categories":[1],"tags":[2549,2737],"class_list":["post-16616","post","type-post","status-publish","format-standard","has-post-thumbnail","hentry","category-allgemein","tag-mitarbeiterprogramm","tag-pwc"],"acf":[],"hkrextid":null,"publication":null,"issue":null,"workflow":null,"startPage":null,"spitzmarke":null,"_posts_by_tag_page_fields":{"widget_title":"","widget_tags":""},"_at_widget":"1","_yoast_wpseo_primary_category":"1","_yoast_wpseo_focuskw_text_input":"Energie tanken","_yoast_wpseo_opengraph-image":null,"_yoast_wpseo_opengraph-description":null,"_yoast_wpseo_opengraph-title":null,"enclosure":null,"_yoast_wpseo_twitter-title":null,"_yoast_wpseo_twitter-description":null,"_yoast_wpseo_twitter-image":null,"_wp_old_slug":null,"_yoast_wpseo_title":null,"_yoast_wpseo_canonical":null,"yoast_head":"<!-- This site is optimized with the Yoast SEO plugin v27.4 - https:\/\/yoast.com\/product\/yoast-seo-wordpress\/ -->\n<title>Energie tanken bei der Arbeit - Save<\/title>\n<meta name=\"description\" content=\"Energie tanken: Ein neues Energieprogramm von PwC will die Gesundheit seiner Mitarbeitenden ganzheitlich f\u00f6rdern.\" \/>\n<meta name=\"robots\" content=\"index, follow, max-snippet:-1, max-image-preview:large, max-video-preview:-1\" \/>\n<link rel=\"canonical\" href=\"https:\/\/news.save.ch\/fr\/energie-tanken-bei-der-arbeit\/\" \/>\n<meta property=\"og:locale\" content=\"fr_FR\" \/>\n<meta property=\"og:type\" content=\"article\" \/>\n<meta property=\"og:title\" content=\"Energie tanken bei der Arbeit - Save\" \/>\n<meta property=\"og:description\" content=\"Energie tanken: Ein neues Energieprogramm von PwC will die Gesundheit seiner Mitarbeitenden ganzheitlich f\u00f6rdern.\" \/>\n<meta property=\"og:url\" content=\"https:\/\/news.save.ch\/fr\/energie-tanken-bei-der-arbeit\/\" \/>\n<meta property=\"og:site_name\" content=\"Save\" \/>\n<meta property=\"article:published_time\" content=\"2015-03-27T07:22:13+00:00\" \/>\n<meta property=\"og:image\" content=\"https:\/\/news.save.ch\/wp-content\/uploads\/2016\/12\/Energie_tanken_bei_der_Arbeit_safety-plus-scaled-1.jpg\" \/>\n\t<meta property=\"og:image:width\" content=\"1200\" \/>\n\t<meta property=\"og:image:height\" content=\"1190\" \/>\n\t<meta property=\"og:image:type\" content=\"image\/jpeg\" \/>\n<meta name=\"author\" content=\"admin\" \/>\n<meta name=\"twitter:card\" content=\"summary_large_image\" \/>\n<meta name=\"twitter:label1\" content=\"\u00c9crit par\" \/>\n\t<meta name=\"twitter:data1\" content=\"admin\" \/>\n\t<meta name=\"twitter:label2\" content=\"Dur\u00e9e de lecture estim\u00e9e\" \/>\n\t<meta name=\"twitter:data2\" content=\"1 minute\" \/>\n<script type=\"application\/ld+json\" class=\"yoast-schema-graph\">{\"@context\":\"https:\\\/\\\/schema.org\",\"@graph\":[{\"@type\":\"Article\",\"@id\":\"https:\\\/\\\/news.save.ch\\\/energie-tanken-bei-der-arbeit\\\/#article\",\"isPartOf\":{\"@id\":\"https:\\\/\\\/news.save.ch\\\/energie-tanken-bei-der-arbeit\\\/\"},\"author\":{\"name\":\"admin\",\"@id\":\"https:\\\/\\\/news.save.ch\\\/de\\\/#\\\/schema\\\/person\\\/d49e199490bad7c70d64b9ab51142f2b\"},\"headline\":\"Energie tanken bei der Arbeit\",\"datePublished\":\"2015-03-27T07:22:13+00:00\",\"mainEntityOfPage\":{\"@id\":\"https:\\\/\\\/news.save.ch\\\/energie-tanken-bei-der-arbeit\\\/\"},\"wordCount\":174,\"commentCount\":0,\"publisher\":{\"@id\":\"https:\\\/\\\/news.save.ch\\\/de\\\/#organization\"},\"image\":{\"@id\":\"https:\\\/\\\/news.save.ch\\\/energie-tanken-bei-der-arbeit\\\/#primaryimage\"},\"thumbnailUrl\":\"https:\\\/\\\/news.save.ch\\\/wp-content\\\/uploads\\\/2016\\\/12\\\/Energie_tanken_bei_der_Arbeit_safety-plus-scaled-1.jpg\",\"keywords\":[\"Mitarbeiterprogramm\",\"PwC\"],\"articleSection\":[\"ALLGEMEIN\"],\"inLanguage\":\"fr-FR\"},{\"@type\":\"WebPage\",\"@id\":\"https:\\\/\\\/news.save.ch\\\/energie-tanken-bei-der-arbeit\\\/\",\"url\":\"https:\\\/\\\/news.save.ch\\\/energie-tanken-bei-der-arbeit\\\/\",\"name\":\"Energie tanken bei der Arbeit - Save\",\"isPartOf\":{\"@id\":\"https:\\\/\\\/news.save.ch\\\/de\\\/#website\"},\"primaryImageOfPage\":{\"@id\":\"https:\\\/\\\/news.save.ch\\\/energie-tanken-bei-der-arbeit\\\/#primaryimage\"},\"image\":{\"@id\":\"https:\\\/\\\/news.save.ch\\\/energie-tanken-bei-der-arbeit\\\/#primaryimage\"},\"thumbnailUrl\":\"https:\\\/\\\/news.save.ch\\\/wp-content\\\/uploads\\\/2016\\\/12\\\/Energie_tanken_bei_der_Arbeit_safety-plus-scaled-1.jpg\",\"datePublished\":\"2015-03-27T07:22:13+00:00\",\"description\":\"Energie tanken: Ein neues Energieprogramm von PwC will die Gesundheit seiner Mitarbeitenden ganzheitlich f\u00f6rdern.\",\"breadcrumb\":{\"@id\":\"https:\\\/\\\/news.save.ch\\\/energie-tanken-bei-der-arbeit\\\/#breadcrumb\"},\"inLanguage\":\"fr-FR\",\"potentialAction\":[{\"@type\":\"ReadAction\",\"target\":[\"https:\\\/\\\/news.save.ch\\\/energie-tanken-bei-der-arbeit\\\/\"]}]},{\"@type\":\"ImageObject\",\"inLanguage\":\"fr-FR\",\"@id\":\"https:\\\/\\\/news.save.ch\\\/energie-tanken-bei-der-arbeit\\\/#primaryimage\",\"url\":\"https:\\\/\\\/news.save.ch\\\/wp-content\\\/uploads\\\/2016\\\/12\\\/Energie_tanken_bei_der_Arbeit_safety-plus-scaled-1.jpg\",\"contentUrl\":\"https:\\\/\\\/news.save.ch\\\/wp-content\\\/uploads\\\/2016\\\/12\\\/Energie_tanken_bei_der_Arbeit_safety-plus-scaled-1.jpg\",\"width\":1200,\"height\":1190,\"caption\":\"Entspannte und gesunde Mitarbeiter tragen zum Erfolg eines Unternehmens bei.\"},{\"@type\":\"BreadcrumbList\",\"@id\":\"https:\\\/\\\/news.save.ch\\\/energie-tanken-bei-der-arbeit\\\/#breadcrumb\",\"itemListElement\":[{\"@type\":\"ListItem\",\"position\":1,\"name\":\"Home\",\"item\":\"https:\\\/\\\/news.save.ch\\\/de\\\/\"},{\"@type\":\"ListItem\",\"position\":2,\"name\":\"Energie tanken bei der Arbeit\"}]},{\"@type\":\"WebSite\",\"@id\":\"https:\\\/\\\/news.save.ch\\\/de\\\/#website\",\"url\":\"https:\\\/\\\/news.save.ch\\\/de\\\/\",\"name\":\"Save\",\"description\":\"Schweizer Fachzeitschrift f\u00fcr Sicherheit\",\"publisher\":{\"@id\":\"https:\\\/\\\/news.save.ch\\\/de\\\/#organization\"},\"potentialAction\":[{\"@type\":\"SearchAction\",\"target\":{\"@type\":\"EntryPoint\",\"urlTemplate\":\"https:\\\/\\\/news.save.ch\\\/de\\\/?s={search_term_string}\"},\"query-input\":{\"@type\":\"PropertyValueSpecification\",\"valueRequired\":true,\"valueName\":\"search_term_string\"}}],\"inLanguage\":\"fr-FR\"},{\"@type\":\"Organization\",\"@id\":\"https:\\\/\\\/news.save.ch\\\/de\\\/#organization\",\"name\":\"Sicherheitsforum\",\"url\":\"https:\\\/\\\/news.save.ch\\\/de\\\/\",\"logo\":{\"@type\":\"ImageObject\",\"inLanguage\":\"fr-FR\",\"@id\":\"https:\\\/\\\/news.save.ch\\\/de\\\/#\\\/schema\\\/logo\\\/image\\\/\",\"url\":\"https:\\\/\\\/news.save.ch\\\/wp-content\\\/uploads\\\/2022\\\/06\\\/Logo_SF_2012.png\",\"contentUrl\":\"https:\\\/\\\/news.save.ch\\\/wp-content\\\/uploads\\\/2022\\\/06\\\/Logo_SF_2012.png\",\"width\":1100,\"height\":91,\"caption\":\"Sicherheitsforum\"},\"image\":{\"@id\":\"https:\\\/\\\/news.save.ch\\\/de\\\/#\\\/schema\\\/logo\\\/image\\\/\"}},{\"@type\":\"Person\",\"@id\":\"https:\\\/\\\/news.save.ch\\\/de\\\/#\\\/schema\\\/person\\\/d49e199490bad7c70d64b9ab51142f2b\",\"name\":\"admin\",\"image\":{\"@type\":\"ImageObject\",\"inLanguage\":\"fr-FR\",\"@id\":\"https:\\\/\\\/secure.gravatar.com\\\/avatar\\\/ae2f4d718e6c49043e314ce431e7e645d646302a24a5ef5a8bc8e3f5a032e319?s=96&d=mm&r=g\",\"url\":\"https:\\\/\\\/secure.gravatar.com\\\/avatar\\\/ae2f4d718e6c49043e314ce431e7e645d646302a24a5ef5a8bc8e3f5a032e319?s=96&d=mm&r=g\",\"contentUrl\":\"https:\\\/\\\/secure.gravatar.com\\\/avatar\\\/ae2f4d718e6c49043e314ce431e7e645d646302a24a5ef5a8bc8e3f5a032e319?s=96&d=mm&r=g\",\"caption\":\"admin\"},\"sameAs\":[\"https:\\\/\\\/develop.organisator.galledia.ch\"],\"url\":\"https:\\\/\\\/news.save.ch\\\/fr\\\/author\\\/admin\\\/\"}]}<\/script>\n<!-- \/ Yoast SEO plugin. -->","yoast_head_json":{"title":"Faire le plein d'\u00e9nergie au travail - Save","description":"Faire le plein d'\u00e9nergie : un nouveau programme \u00e9nerg\u00e9tique de PwC vise \u00e0 promouvoir la sant\u00e9 de ses collaborateurs de mani\u00e8re globale.","robots":{"index":"index","follow":"follow","max-snippet":"max-snippet:-1","max-image-preview":"max-image-preview:large","max-video-preview":"max-video-preview:-1"},"canonical":"https:\/\/news.save.ch\/fr\/energie-tanken-bei-der-arbeit\/","og_locale":"fr_FR","og_type":"article","og_title":"Energie tanken bei der Arbeit - Save","og_description":"Energie tanken: Ein neues Energieprogramm von PwC will die Gesundheit seiner Mitarbeitenden ganzheitlich f\u00f6rdern.","og_url":"https:\/\/news.save.ch\/fr\/energie-tanken-bei-der-arbeit\/","og_site_name":"Save","article_published_time":"2015-03-27T07:22:13+00:00","og_image":[{"width":1200,"height":1190,"url":"https:\/\/news.save.ch\/wp-content\/uploads\/2016\/12\/Energie_tanken_bei_der_Arbeit_safety-plus-scaled-1.jpg","type":"image\/jpeg"}],"author":"admin","twitter_card":"summary_large_image","twitter_misc":{"\u00c9crit par":"admin","Dur\u00e9e de lecture estim\u00e9e":"1 minute"},"schema":{"@context":"https:\/\/schema.org","@graph":[{"@type":"Article","@id":"https:\/\/news.save.ch\/energie-tanken-bei-der-arbeit\/#article","isPartOf":{"@id":"https:\/\/news.save.ch\/energie-tanken-bei-der-arbeit\/"},"author":{"name":"admin","@id":"https:\/\/news.save.ch\/de\/#\/schema\/person\/d49e199490bad7c70d64b9ab51142f2b"},"headline":"Energie tanken bei der Arbeit","datePublished":"2015-03-27T07:22:13+00:00","mainEntityOfPage":{"@id":"https:\/\/news.save.ch\/energie-tanken-bei-der-arbeit\/"},"wordCount":174,"commentCount":0,"publisher":{"@id":"https:\/\/news.save.ch\/de\/#organization"},"image":{"@id":"https:\/\/news.save.ch\/energie-tanken-bei-der-arbeit\/#primaryimage"},"thumbnailUrl":"https:\/\/news.save.ch\/wp-content\/uploads\/2016\/12\/Energie_tanken_bei_der_Arbeit_safety-plus-scaled-1.jpg","keywords":["Mitarbeiterprogramm","PwC"],"articleSection":["ALLGEMEIN"],"inLanguage":"fr-FR"},{"@type":"WebPage","@id":"https:\/\/news.save.ch\/energie-tanken-bei-der-arbeit\/","url":"https:\/\/news.save.ch\/energie-tanken-bei-der-arbeit\/","name":"Faire le plein d'\u00e9nergie au travail - Save","isPartOf":{"@id":"https:\/\/news.save.ch\/de\/#website"},"primaryImageOfPage":{"@id":"https:\/\/news.save.ch\/energie-tanken-bei-der-arbeit\/#primaryimage"},"image":{"@id":"https:\/\/news.save.ch\/energie-tanken-bei-der-arbeit\/#primaryimage"},"thumbnailUrl":"https:\/\/news.save.ch\/wp-content\/uploads\/2016\/12\/Energie_tanken_bei_der_Arbeit_safety-plus-scaled-1.jpg","datePublished":"2015-03-27T07:22:13+00:00","description":"Faire le plein d'\u00e9nergie : un nouveau programme \u00e9nerg\u00e9tique de PwC vise \u00e0 promouvoir la sant\u00e9 de ses collaborateurs de mani\u00e8re globale.","breadcrumb":{"@id":"https:\/\/news.save.ch\/energie-tanken-bei-der-arbeit\/#breadcrumb"},"inLanguage":"fr-FR","potentialAction":[{"@type":"ReadAction","target":["https:\/\/news.save.ch\/energie-tanken-bei-der-arbeit\/"]}]},{"@type":"ImageObject","inLanguage":"fr-FR","@id":"https:\/\/news.save.ch\/energie-tanken-bei-der-arbeit\/#primaryimage","url":"https:\/\/news.save.ch\/wp-content\/uploads\/2016\/12\/Energie_tanken_bei_der_Arbeit_safety-plus-scaled-1.jpg","contentUrl":"https:\/\/news.save.ch\/wp-content\/uploads\/2016\/12\/Energie_tanken_bei_der_Arbeit_safety-plus-scaled-1.jpg","width":1200,"height":1190,"caption":"Entspannte und gesunde Mitarbeiter tragen zum Erfolg eines Unternehmens bei."},{"@type":"BreadcrumbList","@id":"https:\/\/news.save.ch\/energie-tanken-bei-der-arbeit\/#breadcrumb","itemListElement":[{"@type":"ListItem","position":1,"name":"Home","item":"https:\/\/news.save.ch\/de\/"},{"@type":"ListItem","position":2,"name":"Energie tanken bei der Arbeit"}]},{"@type":"WebSite","@id":"https:\/\/news.save.ch\/de\/#website","url":"https:\/\/news.save.ch\/de\/","name":"Save","description":"Revue suisse sp\u00e9cialis\u00e9e dans la s\u00e9curit\u00e9","publisher":{"@id":"https:\/\/news.save.ch\/de\/#organization"},"potentialAction":[{"@type":"SearchAction","target":{"@type":"EntryPoint","urlTemplate":"https:\/\/news.save.ch\/de\/?s={search_term_string}"},"query-input":{"@type":"PropertyValueSpecification","valueRequired":true,"valueName":"search_term_string"}}],"inLanguage":"fr-FR"},{"@type":"Organization","@id":"https:\/\/news.save.ch\/de\/#organization","name":"Forum sur la s\u00e9curit\u00e9","url":"https:\/\/news.save.ch\/de\/","logo":{"@type":"ImageObject","inLanguage":"fr-FR","@id":"https:\/\/news.save.ch\/de\/#\/schema\/logo\/image\/","url":"https:\/\/news.save.ch\/wp-content\/uploads\/2022\/06\/Logo_SF_2012.png","contentUrl":"https:\/\/news.save.ch\/wp-content\/uploads\/2022\/06\/Logo_SF_2012.png","width":1100,"height":91,"caption":"Sicherheitsforum"},"image":{"@id":"https:\/\/news.save.ch\/de\/#\/schema\/logo\/image\/"}},{"@type":"Person","@id":"https:\/\/news.save.ch\/de\/#\/schema\/person\/d49e199490bad7c70d64b9ab51142f2b","name":"admin","image":{"@type":"ImageObject","inLanguage":"fr-FR","@id":"https:\/\/secure.gravatar.com\/avatar\/ae2f4d718e6c49043e314ce431e7e645d646302a24a5ef5a8bc8e3f5a032e319?s=96&d=mm&r=g","url":"https:\/\/secure.gravatar.com\/avatar\/ae2f4d718e6c49043e314ce431e7e645d646302a24a5ef5a8bc8e3f5a032e319?s=96&d=mm&r=g","contentUrl":"https:\/\/secure.gravatar.com\/avatar\/ae2f4d718e6c49043e314ce431e7e645d646302a24a5ef5a8bc8e3f5a032e319?s=96&d=mm&r=g","caption":"admin"},"sameAs":["https:\/\/develop.organisator.galledia.ch"],"url":"https:\/\/news.save.ch\/fr\/author\/admin\/"}]}},"_links":{"self":[{"href":"https:\/\/news.save.ch\/fr\/wp-json\/wp\/v2\/posts\/16616","targetHints":{"allow":["GET"]}}],"collection":[{"href":"https:\/\/news.save.ch\/fr\/wp-json\/wp\/v2\/posts"}],"about":[{"href":"https:\/\/news.save.ch\/fr\/wp-json\/wp\/v2\/types\/post"}],"author":[{"embeddable":true,"href":"https:\/\/news.save.ch\/fr\/wp-json\/wp\/v2\/users\/1"}],"replies":[{"embeddable":true,"href":"https:\/\/news.save.ch\/fr\/wp-json\/wp\/v2\/comments?post=16616"}],"version-history":[{"count":0,"href":"https:\/\/news.save.ch\/fr\/wp-json\/wp\/v2\/posts\/16616\/revisions"}],"wp:featuredmedia":[{"embeddable":true,"href":"https:\/\/news.save.ch\/fr\/wp-json\/wp\/v2\/media\/15977"}],"wp:attachment":[{"href":"https:\/\/news.save.ch\/fr\/wp-json\/wp\/v2\/media?parent=16616"}],"wp:term":[{"taxonomy":"category","embeddable":true,"href":"https:\/\/news.save.ch\/fr\/wp-json\/wp\/v2\/categories?post=16616"},{"taxonomy":"post_tag","embeddable":true,"href":"https:\/\/news.save.ch\/fr\/wp-json\/wp\/v2\/tags?post=16616"}],"curies":[{"name":"wp","href":"https:\/\/api.w.org\/{rel}","templated":true}]}}