{"id":16636,"date":"2015-04-10T10:35:24","date_gmt":"2015-04-10T08:35:24","guid":{"rendered":"http:\/\/dev.safety-plus.ch\/?p=244"},"modified":"2023-03-14T09:04:31","modified_gmt":"2023-03-14T08:04:31","slug":"wie-viel-ist-zu-viel-alkohol","status":null,"type":"post","link":"https:\/\/news.save.ch\/fr\/wie-viel-ist-zu-viel-alkohol\/","title":{"rendered":"Quelle quantit\u00e9 d'alcool est trop importante ?"},"content":{"rendered":"<figure id=\"attachment_248\" aria-describedby=\"caption-attachment-248\" style=\"width: 680px\" class=\"wp-caption alignnone\"><img loading=\"lazy\" decoding=\"async\" class=\"wp-image-248 size-medium\" src=\"http:\/\/develop.safety-plus.ch\/wp-content\/uploads\/2016\/12\/Wie-viel-ist-zu-viel-Alkohol_safety-plus.jpg\" alt=\"Quand la prochaine bi\u00e8re sera-t-elle une bi\u00e8re de trop ?\" width=\"680\" height=\"453\" \/><figcaption id=\"caption-attachment-248\" class=\"wp-caption-text\">Quand la prochaine bi\u00e8re sera-t-elle une bi\u00e8re de trop ?<\/figcaption><\/figure>\n<p>La troisi\u00e8me semaine nationale de dialogue sur l'alcool aura lieu entre le 30 avril et le 9 mai 2015 sous le slogan \"Combien c'est trop ?<\/p>\n<p>Elle poursuit l'objectif de montrer les limites de la consommation d'alcool, sans pour autant diaboliser fondamentalement la consommation d'alcool. En 2015, la semaine de dialogue sera au premier plan de la campagne de pr\u00e9vention de l'alcoolisme qui sera lanc\u00e9e le 23 avril 2015 dans le cadre du Programme National Alcool (PNA) et se poursuivra jusqu'\u00e0 fin 2017.<\/p>\n<p>Au centre de la campagne fa\u00eeti\u00e8re se trouve une <a href=\"http:\/\/www.alcohol-facts.ch\" target=\"_blank\" data-cke-saved-href=\"http:\/\/www.alcohol-facts.ch\" rel=\"noopener\">Site web<\/a>La campagne a pour but d'attirer l'attention sur les risques pour la sant\u00e9 et les autres dangers li\u00e9s \u00e0 la consommation d'alcool par le biais d'un quiz. La campagne mise \u00e9galement sur l'humour et diff\u00e9rents cadeaux pour transmettre les connaissances sur le sujet et sensibiliser en particulier les jeunes consommateurs.<\/p>","protected":false},"excerpt":{"rendered":"<p>Unter dem Motto \u00abWie viel ist zu viel?\u00bb findet zwischen dem 30. April\u00a0und dem 9. Mai 2015 die dritte nationale Dialogwoche Alkohol statt. Sie verfolgt das Ziel, Grenzen des Alkoholgenusses aufzuzeigen, ohne\u00a0den Alkoholkonsum grunds\u00e4tzlich zu verteufeln. Die Dialogwoche\u00a0steht 2015 im Vordergrund der Alkoholpr\u00e4ventionskampagne, die im\u00a0Rahmen des Nationalen Programms Alkohol (NPA) am 23. April 2015\u00a0lanciert und [&hellip;]<\/p>\n","protected":false},"author":1,"featured_media":248,"comment_status":"open","ping_status":"open","sticky":false,"template":"","format":"standard","meta":{"_acf_changed":false,"pgc_sgb_lightbox_settings":"","footnotes":""},"categories":[3314],"tags":[141],"class_list":["post-16636","post","type-post","status-publish","format-standard","has-post-thumbnail","hentry","category-health-safety","tag-praevention"],"acf":[],"hkrextid":null,"publication":null,"issue":null,"workflow":null,"startPage":null,"spitzmarke":null,"_posts_by_tag_page_fields":{"widget_title":"","widget_tags":""},"_at_widget":"1","_yoast_wpseo_primary_category":"2","_yoast_wpseo_focuskw_text_input":"Alkohol","_yoast_wpseo_opengraph-image":null,"_yoast_wpseo_opengraph-description":null,"_yoast_wpseo_opengraph-title":null,"enclosure":null,"_yoast_wpseo_twitter-title":null,"_yoast_wpseo_twitter-description":null,"_yoast_wpseo_twitter-image":null,"_wp_old_slug":null,"_yoast_wpseo_title":null,"_yoast_wpseo_canonical":null,"yoast_head":"<!-- This site is optimized with the Yoast SEO plugin v27.4 - https:\/\/yoast.com\/product\/yoast-seo-wordpress\/ -->\n<title>Wie viel ist zu viel Alkohol? - Save<\/title>\n<meta name=\"description\" content=\"Die nationale Dialogwoche Alkohol 2015 will die Grenzen des Alkoholkonsums aufzeigen - ohne ihn aber grunds\u00e4tzlich zu verteufeln.\" \/>\n<meta name=\"robots\" content=\"index, follow, max-snippet:-1, max-image-preview:large, max-video-preview:-1\" \/>\n<link rel=\"canonical\" href=\"https:\/\/news.save.ch\/fr\/wie-viel-ist-zu-viel-alkohol\/\" \/>\n<meta property=\"og:locale\" content=\"fr_FR\" \/>\n<meta property=\"og:type\" content=\"article\" \/>\n<meta property=\"og:title\" content=\"Wie viel ist zu viel Alkohol? - Save\" \/>\n<meta property=\"og:description\" content=\"Die nationale Dialogwoche Alkohol 2015 will die Grenzen des Alkoholkonsums aufzeigen - ohne ihn aber grunds\u00e4tzlich zu verteufeln.\" \/>\n<meta property=\"og:url\" content=\"https:\/\/news.save.ch\/fr\/wie-viel-ist-zu-viel-alkohol\/\" \/>\n<meta property=\"og:site_name\" content=\"Save\" \/>\n<meta property=\"article:published_time\" content=\"2015-04-10T08:35:24+00:00\" \/>\n<meta property=\"article:modified_time\" content=\"2023-03-14T08:04:31+00:00\" \/>\n<meta property=\"og:image\" content=\"https:\/\/news.save.ch\/wp-content\/uploads\/2016\/12\/Wie-viel-ist-zu-viel-Alkohol_safety-plus-scaled-1.jpg\" \/>\n\t<meta property=\"og:image:width\" content=\"1200\" \/>\n\t<meta property=\"og:image:height\" content=\"801\" \/>\n\t<meta property=\"og:image:type\" content=\"image\/jpeg\" \/>\n<meta name=\"author\" content=\"admin\" \/>\n<meta name=\"twitter:card\" content=\"summary_large_image\" \/>\n<meta name=\"twitter:label1\" content=\"\u00c9crit par\" \/>\n\t<meta name=\"twitter:data1\" content=\"admin\" \/>\n\t<meta name=\"twitter:label2\" content=\"Dur\u00e9e de lecture estim\u00e9e\" \/>\n\t<meta name=\"twitter:data2\" content=\"1 minute\" \/>\n<script type=\"application\/ld+json\" class=\"yoast-schema-graph\">{\"@context\":\"https:\\\/\\\/schema.org\",\"@graph\":[{\"@type\":\"Article\",\"@id\":\"https:\\\/\\\/news.save.ch\\\/wie-viel-ist-zu-viel-alkohol\\\/#article\",\"isPartOf\":{\"@id\":\"https:\\\/\\\/news.save.ch\\\/wie-viel-ist-zu-viel-alkohol\\\/\"},\"author\":{\"name\":\"admin\",\"@id\":\"https:\\\/\\\/news.save.ch\\\/de\\\/#\\\/schema\\\/person\\\/d49e199490bad7c70d64b9ab51142f2b\"},\"headline\":\"Wie viel ist zu viel Alkohol?\",\"datePublished\":\"2015-04-10T08:35:24+00:00\",\"dateModified\":\"2023-03-14T08:04:31+00:00\",\"mainEntityOfPage\":{\"@id\":\"https:\\\/\\\/news.save.ch\\\/wie-viel-ist-zu-viel-alkohol\\\/\"},\"wordCount\":129,\"commentCount\":1,\"publisher\":{\"@id\":\"https:\\\/\\\/news.save.ch\\\/de\\\/#organization\"},\"image\":{\"@id\":\"https:\\\/\\\/news.save.ch\\\/wie-viel-ist-zu-viel-alkohol\\\/#primaryimage\"},\"thumbnailUrl\":\"https:\\\/\\\/news.save.ch\\\/wp-content\\\/uploads\\\/2016\\\/12\\\/Wie-viel-ist-zu-viel-Alkohol_safety-plus-scaled-1.jpg\",\"keywords\":[\"Pr\u00e4vention\"],\"articleSection\":[\"HEALTH &amp; SAFETY\"],\"inLanguage\":\"fr-FR\"},{\"@type\":\"WebPage\",\"@id\":\"https:\\\/\\\/news.save.ch\\\/wie-viel-ist-zu-viel-alkohol\\\/\",\"url\":\"https:\\\/\\\/news.save.ch\\\/wie-viel-ist-zu-viel-alkohol\\\/\",\"name\":\"Wie viel ist zu viel Alkohol? - Save\",\"isPartOf\":{\"@id\":\"https:\\\/\\\/news.save.ch\\\/de\\\/#website\"},\"primaryImageOfPage\":{\"@id\":\"https:\\\/\\\/news.save.ch\\\/wie-viel-ist-zu-viel-alkohol\\\/#primaryimage\"},\"image\":{\"@id\":\"https:\\\/\\\/news.save.ch\\\/wie-viel-ist-zu-viel-alkohol\\\/#primaryimage\"},\"thumbnailUrl\":\"https:\\\/\\\/news.save.ch\\\/wp-content\\\/uploads\\\/2016\\\/12\\\/Wie-viel-ist-zu-viel-Alkohol_safety-plus-scaled-1.jpg\",\"datePublished\":\"2015-04-10T08:35:24+00:00\",\"dateModified\":\"2023-03-14T08:04:31+00:00\",\"description\":\"Die nationale Dialogwoche Alkohol 2015 will die Grenzen des Alkoholkonsums aufzeigen - ohne ihn aber grunds\u00e4tzlich zu verteufeln.\",\"breadcrumb\":{\"@id\":\"https:\\\/\\\/news.save.ch\\\/wie-viel-ist-zu-viel-alkohol\\\/#breadcrumb\"},\"inLanguage\":\"fr-FR\",\"potentialAction\":[{\"@type\":\"ReadAction\",\"target\":[\"https:\\\/\\\/news.save.ch\\\/wie-viel-ist-zu-viel-alkohol\\\/\"]}]},{\"@type\":\"ImageObject\",\"inLanguage\":\"fr-FR\",\"@id\":\"https:\\\/\\\/news.save.ch\\\/wie-viel-ist-zu-viel-alkohol\\\/#primaryimage\",\"url\":\"https:\\\/\\\/news.save.ch\\\/wp-content\\\/uploads\\\/2016\\\/12\\\/Wie-viel-ist-zu-viel-Alkohol_safety-plus-scaled-1.jpg\",\"contentUrl\":\"https:\\\/\\\/news.save.ch\\\/wp-content\\\/uploads\\\/2016\\\/12\\\/Wie-viel-ist-zu-viel-Alkohol_safety-plus-scaled-1.jpg\",\"width\":1200,\"height\":801,\"caption\":\"Wann ist das n\u00e4chste Bier eines zu viel?\"},{\"@type\":\"BreadcrumbList\",\"@id\":\"https:\\\/\\\/news.save.ch\\\/wie-viel-ist-zu-viel-alkohol\\\/#breadcrumb\",\"itemListElement\":[{\"@type\":\"ListItem\",\"position\":1,\"name\":\"Home\",\"item\":\"https:\\\/\\\/news.save.ch\\\/de\\\/\"},{\"@type\":\"ListItem\",\"position\":2,\"name\":\"Wie viel ist zu viel Alkohol?\"}]},{\"@type\":\"WebSite\",\"@id\":\"https:\\\/\\\/news.save.ch\\\/de\\\/#website\",\"url\":\"https:\\\/\\\/news.save.ch\\\/de\\\/\",\"name\":\"Save\",\"description\":\"Schweizer Fachzeitschrift f\u00fcr Sicherheit\",\"publisher\":{\"@id\":\"https:\\\/\\\/news.save.ch\\\/de\\\/#organization\"},\"potentialAction\":[{\"@type\":\"SearchAction\",\"target\":{\"@type\":\"EntryPoint\",\"urlTemplate\":\"https:\\\/\\\/news.save.ch\\\/de\\\/?s={search_term_string}\"},\"query-input\":{\"@type\":\"PropertyValueSpecification\",\"valueRequired\":true,\"valueName\":\"search_term_string\"}}],\"inLanguage\":\"fr-FR\"},{\"@type\":\"Organization\",\"@id\":\"https:\\\/\\\/news.save.ch\\\/de\\\/#organization\",\"name\":\"Sicherheitsforum\",\"url\":\"https:\\\/\\\/news.save.ch\\\/de\\\/\",\"logo\":{\"@type\":\"ImageObject\",\"inLanguage\":\"fr-FR\",\"@id\":\"https:\\\/\\\/news.save.ch\\\/de\\\/#\\\/schema\\\/logo\\\/image\\\/\",\"url\":\"https:\\\/\\\/news.save.ch\\\/wp-content\\\/uploads\\\/2022\\\/06\\\/Logo_SF_2012.png\",\"contentUrl\":\"https:\\\/\\\/news.save.ch\\\/wp-content\\\/uploads\\\/2022\\\/06\\\/Logo_SF_2012.png\",\"width\":1100,\"height\":91,\"caption\":\"Sicherheitsforum\"},\"image\":{\"@id\":\"https:\\\/\\\/news.save.ch\\\/de\\\/#\\\/schema\\\/logo\\\/image\\\/\"}},{\"@type\":\"Person\",\"@id\":\"https:\\\/\\\/news.save.ch\\\/de\\\/#\\\/schema\\\/person\\\/d49e199490bad7c70d64b9ab51142f2b\",\"name\":\"admin\",\"image\":{\"@type\":\"ImageObject\",\"inLanguage\":\"fr-FR\",\"@id\":\"https:\\\/\\\/secure.gravatar.com\\\/avatar\\\/ae2f4d718e6c49043e314ce431e7e645d646302a24a5ef5a8bc8e3f5a032e319?s=96&d=mm&r=g\",\"url\":\"https:\\\/\\\/secure.gravatar.com\\\/avatar\\\/ae2f4d718e6c49043e314ce431e7e645d646302a24a5ef5a8bc8e3f5a032e319?s=96&d=mm&r=g\",\"contentUrl\":\"https:\\\/\\\/secure.gravatar.com\\\/avatar\\\/ae2f4d718e6c49043e314ce431e7e645d646302a24a5ef5a8bc8e3f5a032e319?s=96&d=mm&r=g\",\"caption\":\"admin\"},\"sameAs\":[\"https:\\\/\\\/develop.organisator.galledia.ch\"],\"url\":\"https:\\\/\\\/news.save.ch\\\/fr\\\/author\\\/admin\\\/\"}]}<\/script>\n<!-- \/ Yoast SEO plugin. -->","yoast_head_json":{"title":"Quelle quantit\u00e9 d'alcool est trop importante ? - Save","description":"La semaine nationale de dialogue sur l'alcool 2015 veut montrer les limites de la consommation d'alcool - sans toutefois la diaboliser par principe.","robots":{"index":"index","follow":"follow","max-snippet":"max-snippet:-1","max-image-preview":"max-image-preview:large","max-video-preview":"max-video-preview:-1"},"canonical":"https:\/\/news.save.ch\/fr\/wie-viel-ist-zu-viel-alkohol\/","og_locale":"fr_FR","og_type":"article","og_title":"Wie viel ist zu viel Alkohol? - Save","og_description":"Die nationale Dialogwoche Alkohol 2015 will die Grenzen des Alkoholkonsums aufzeigen - ohne ihn aber grunds\u00e4tzlich zu verteufeln.","og_url":"https:\/\/news.save.ch\/fr\/wie-viel-ist-zu-viel-alkohol\/","og_site_name":"Save","article_published_time":"2015-04-10T08:35:24+00:00","article_modified_time":"2023-03-14T08:04:31+00:00","og_image":[{"width":1200,"height":801,"url":"https:\/\/news.save.ch\/wp-content\/uploads\/2016\/12\/Wie-viel-ist-zu-viel-Alkohol_safety-plus-scaled-1.jpg","type":"image\/jpeg"}],"author":"admin","twitter_card":"summary_large_image","twitter_misc":{"\u00c9crit par":"admin","Dur\u00e9e de lecture estim\u00e9e":"1 minute"},"schema":{"@context":"https:\/\/schema.org","@graph":[{"@type":"Article","@id":"https:\/\/news.save.ch\/wie-viel-ist-zu-viel-alkohol\/#article","isPartOf":{"@id":"https:\/\/news.save.ch\/wie-viel-ist-zu-viel-alkohol\/"},"author":{"name":"admin","@id":"https:\/\/news.save.ch\/de\/#\/schema\/person\/d49e199490bad7c70d64b9ab51142f2b"},"headline":"Wie viel ist zu viel Alkohol?","datePublished":"2015-04-10T08:35:24+00:00","dateModified":"2023-03-14T08:04:31+00:00","mainEntityOfPage":{"@id":"https:\/\/news.save.ch\/wie-viel-ist-zu-viel-alkohol\/"},"wordCount":129,"commentCount":1,"publisher":{"@id":"https:\/\/news.save.ch\/de\/#organization"},"image":{"@id":"https:\/\/news.save.ch\/wie-viel-ist-zu-viel-alkohol\/#primaryimage"},"thumbnailUrl":"https:\/\/news.save.ch\/wp-content\/uploads\/2016\/12\/Wie-viel-ist-zu-viel-Alkohol_safety-plus-scaled-1.jpg","keywords":["Pr\u00e4vention"],"articleSection":["HEALTH &amp; SAFETY"],"inLanguage":"fr-FR"},{"@type":"WebPage","@id":"https:\/\/news.save.ch\/wie-viel-ist-zu-viel-alkohol\/","url":"https:\/\/news.save.ch\/wie-viel-ist-zu-viel-alkohol\/","name":"Quelle quantit\u00e9 d'alcool est trop importante ? - Save","isPartOf":{"@id":"https:\/\/news.save.ch\/de\/#website"},"primaryImageOfPage":{"@id":"https:\/\/news.save.ch\/wie-viel-ist-zu-viel-alkohol\/#primaryimage"},"image":{"@id":"https:\/\/news.save.ch\/wie-viel-ist-zu-viel-alkohol\/#primaryimage"},"thumbnailUrl":"https:\/\/news.save.ch\/wp-content\/uploads\/2016\/12\/Wie-viel-ist-zu-viel-Alkohol_safety-plus-scaled-1.jpg","datePublished":"2015-04-10T08:35:24+00:00","dateModified":"2023-03-14T08:04:31+00:00","description":"La semaine nationale de dialogue sur l'alcool 2015 veut montrer les limites de la consommation d'alcool - sans toutefois la diaboliser par principe.","breadcrumb":{"@id":"https:\/\/news.save.ch\/wie-viel-ist-zu-viel-alkohol\/#breadcrumb"},"inLanguage":"fr-FR","potentialAction":[{"@type":"ReadAction","target":["https:\/\/news.save.ch\/wie-viel-ist-zu-viel-alkohol\/"]}]},{"@type":"ImageObject","inLanguage":"fr-FR","@id":"https:\/\/news.save.ch\/wie-viel-ist-zu-viel-alkohol\/#primaryimage","url":"https:\/\/news.save.ch\/wp-content\/uploads\/2016\/12\/Wie-viel-ist-zu-viel-Alkohol_safety-plus-scaled-1.jpg","contentUrl":"https:\/\/news.save.ch\/wp-content\/uploads\/2016\/12\/Wie-viel-ist-zu-viel-Alkohol_safety-plus-scaled-1.jpg","width":1200,"height":801,"caption":"Wann ist das n\u00e4chste Bier eines zu viel?"},{"@type":"BreadcrumbList","@id":"https:\/\/news.save.ch\/wie-viel-ist-zu-viel-alkohol\/#breadcrumb","itemListElement":[{"@type":"ListItem","position":1,"name":"Home","item":"https:\/\/news.save.ch\/de\/"},{"@type":"ListItem","position":2,"name":"Wie viel ist zu viel Alkohol?"}]},{"@type":"WebSite","@id":"https:\/\/news.save.ch\/de\/#website","url":"https:\/\/news.save.ch\/de\/","name":"Save","description":"Revue suisse sp\u00e9cialis\u00e9e dans la s\u00e9curit\u00e9","publisher":{"@id":"https:\/\/news.save.ch\/de\/#organization"},"potentialAction":[{"@type":"SearchAction","target":{"@type":"EntryPoint","urlTemplate":"https:\/\/news.save.ch\/de\/?s={search_term_string}"},"query-input":{"@type":"PropertyValueSpecification","valueRequired":true,"valueName":"search_term_string"}}],"inLanguage":"fr-FR"},{"@type":"Organization","@id":"https:\/\/news.save.ch\/de\/#organization","name":"Forum sur la s\u00e9curit\u00e9","url":"https:\/\/news.save.ch\/de\/","logo":{"@type":"ImageObject","inLanguage":"fr-FR","@id":"https:\/\/news.save.ch\/de\/#\/schema\/logo\/image\/","url":"https:\/\/news.save.ch\/wp-content\/uploads\/2022\/06\/Logo_SF_2012.png","contentUrl":"https:\/\/news.save.ch\/wp-content\/uploads\/2022\/06\/Logo_SF_2012.png","width":1100,"height":91,"caption":"Sicherheitsforum"},"image":{"@id":"https:\/\/news.save.ch\/de\/#\/schema\/logo\/image\/"}},{"@type":"Person","@id":"https:\/\/news.save.ch\/de\/#\/schema\/person\/d49e199490bad7c70d64b9ab51142f2b","name":"admin","image":{"@type":"ImageObject","inLanguage":"fr-FR","@id":"https:\/\/secure.gravatar.com\/avatar\/ae2f4d718e6c49043e314ce431e7e645d646302a24a5ef5a8bc8e3f5a032e319?s=96&d=mm&r=g","url":"https:\/\/secure.gravatar.com\/avatar\/ae2f4d718e6c49043e314ce431e7e645d646302a24a5ef5a8bc8e3f5a032e319?s=96&d=mm&r=g","contentUrl":"https:\/\/secure.gravatar.com\/avatar\/ae2f4d718e6c49043e314ce431e7e645d646302a24a5ef5a8bc8e3f5a032e319?s=96&d=mm&r=g","caption":"admin"},"sameAs":["https:\/\/develop.organisator.galledia.ch"],"url":"https:\/\/news.save.ch\/fr\/author\/admin\/"}]}},"_links":{"self":[{"href":"https:\/\/news.save.ch\/fr\/wp-json\/wp\/v2\/posts\/16636","targetHints":{"allow":["GET"]}}],"collection":[{"href":"https:\/\/news.save.ch\/fr\/wp-json\/wp\/v2\/posts"}],"about":[{"href":"https:\/\/news.save.ch\/fr\/wp-json\/wp\/v2\/types\/post"}],"author":[{"embeddable":true,"href":"https:\/\/news.save.ch\/fr\/wp-json\/wp\/v2\/users\/1"}],"replies":[{"embeddable":true,"href":"https:\/\/news.save.ch\/fr\/wp-json\/wp\/v2\/comments?post=16636"}],"version-history":[{"count":1,"href":"https:\/\/news.save.ch\/fr\/wp-json\/wp\/v2\/posts\/16636\/revisions"}],"predecessor-version":[{"id":18994,"href":"https:\/\/news.save.ch\/fr\/wp-json\/wp\/v2\/posts\/16636\/revisions\/18994"}],"wp:featuredmedia":[{"embeddable":true,"href":"https:\/\/news.save.ch\/fr\/wp-json\/wp\/v2\/media\/248"}],"wp:attachment":[{"href":"https:\/\/news.save.ch\/fr\/wp-json\/wp\/v2\/media?parent=16636"}],"wp:term":[{"taxonomy":"category","embeddable":true,"href":"https:\/\/news.save.ch\/fr\/wp-json\/wp\/v2\/categories?post=16636"},{"taxonomy":"post_tag","embeddable":true,"href":"https:\/\/news.save.ch\/fr\/wp-json\/wp\/v2\/tags?post=16636"}],"curies":[{"name":"wp","href":"https:\/\/api.w.org\/{rel}","templated":true}]}}