{"id":16641,"date":"2015-04-15T10:52:46","date_gmt":"2015-04-15T08:52:46","guid":{"rendered":"http:\/\/dev.safety-plus.ch\/?p=279"},"modified":"2023-03-14T09:04:31","modified_gmt":"2023-03-14T08:04:31","slug":"mit-vitalwertmessung-gegen-burnout","status":null,"type":"post","link":"https:\/\/news.save.ch\/fr\/mit-vitalwertmessung-gegen-burnout\/","title":{"rendered":"La mesure des valeurs vitales pour lutter contre le burnout ?"},"content":{"rendered":"<figure id=\"attachment_282\" aria-describedby=\"caption-attachment-282\" style=\"width: 680px\" class=\"wp-caption alignnone\"><img loading=\"lazy\" decoding=\"async\" class=\"wp-image-282 size-medium\" src=\"http:\/\/develop.safety-plus.ch\/wp-content\/uploads\/2016\/12\/Mit-Vitalwertmessung-gegen-Burnout_safety-plus.jpg\" alt=\"D\u00e9tecter le stress avant qu&#039;il ne soit trop tard - la variabilit\u00e9 de la fr\u00e9quence cardiaque doit le r\u00e9v\u00e9ler.\" width=\"680\" height=\"680\" \/><figcaption id=\"caption-attachment-282\" class=\"wp-caption-text\">D\u00e9tecter le stress avant qu'il ne soit trop tard - la variabilit\u00e9 de la fr\u00e9quence cardiaque doit le r\u00e9v\u00e9ler.<\/figcaption><\/figure>\n<p>\u00c0 quel point suis-je stress\u00e9 au quotidien ? Qu'est-ce qui influence mon niveau de stress ?<\/p>\n<p>Celui qui veut r\u00e9pondre \u00e0 ces questions pourra le faire \u00e0 l'avenir avec un nouveau gadget - et devrait m\u00eame \u00e9viter un burnout \u00e0 long terme.<\/p>\n<p>Le site <a href=\"https:\/\/www.vital-monitor.com\/de\/anwendungsbereiche\/stressgeplagte\/\" target=\"_blank\" data-cke-saved-href=\"https:\/\/www.vital-monitor.com\/de\/anwendungsbereiche\/stressgeplagte\/\" rel=\"noopener\">Moniteur de signes vitaux<\/a> de la startup autrichienne Pulse7 mesure l'ECG \u00e0 l'aide d'une ceinture pectorale et calcule la variabilit\u00e9 de la fr\u00e9quence cardiaque (VFC) \u00e0 partir de ces donn\u00e9es. Il s'agit de la capacit\u00e9 de l'organisme humain \u00e0 modifier la fr\u00e9quence de son rythme cardiaque - par exemple \u00e0 battre plus vite \u00e0 l'effort.<\/p>\n<p>L'utilisateur mesure chaque matin son VRC actuel. La mesure peut \u00eatre r\u00e9p\u00e9t\u00e9e plusieurs fois par jour. Une application et un outil web analysent les donn\u00e9es et calculent l'\u00e9tat actuel de la r\u00e9g\u00e9n\u00e9ration, le niveau de stress ainsi que l'\u00e2ge biologique individuel.<\/p>\n<p>Une mesure unique n'est pas encore tr\u00e8s significative, car le fait que les valeurs soient bonnes ou mauvaises d\u00e9pend avant tout de l'individu. Mais si les mesures sont effectu\u00e9es sur une longue p\u00e9riode, il en r\u00e9sulte une \u00e9volution \u00e0 long terme qui peut \u00eatre tr\u00e8s significative, selon l'entreprise.<\/p>\n<p>L'utilisateur doit ainsi reconna\u00eetre les situations de surcharge et apprendre \u00e0 contrer \u00e0 temps son niveau de stress \u00e9lev\u00e9 - par exemple en faisant une petite promenade ou des exercices de relaxation.<\/p>","protected":false},"excerpt":{"rendered":"<p>Wie gestresst bin ich eigentlich im Alltag? Was beeinflusst mein Stresslevel? Wer diese Fragen beantworten will, kann das k\u00fcnftig mit einem neuen Gadget tun\u2013 und soll gar auf lange Frist ein Burnout verhindern. Der Vitalmonitor des \u00f6sterreichischen Startups Pulse7 misst mit einem Brustgurt das EKG und berechnet daraus die Herzfrequenzvariabilit\u00e4t (HRV). Das ist die F\u00e4higkeit [&hellip;]<\/p>\n","protected":false},"author":1,"featured_media":15992,"comment_status":"open","ping_status":"open","sticky":false,"template":"","format":"standard","meta":{"_acf_changed":false,"pgc_sgb_lightbox_settings":"","footnotes":""},"categories":[3314],"tags":[149,141],"class_list":["post-16641","post","type-post","status-publish","format-standard","has-post-thumbnail","hentry","category-health-safety","tag-gesundheitsschutz","tag-praevention"],"acf":[],"hkrextid":null,"publication":null,"issue":null,"workflow":null,"startPage":null,"spitzmarke":null,"_posts_by_tag_page_fields":{"widget_title":"","widget_tags":""},"_at_widget":"1","_yoast_wpseo_primary_category":"2","_yoast_wpseo_focuskw_text_input":"Vitalwertmessung","_yoast_wpseo_opengraph-image":null,"_yoast_wpseo_opengraph-description":null,"_yoast_wpseo_opengraph-title":null,"enclosure":null,"_yoast_wpseo_twitter-title":null,"_yoast_wpseo_twitter-description":null,"_yoast_wpseo_twitter-image":null,"_wp_old_slug":null,"_yoast_wpseo_title":null,"_yoast_wpseo_canonical":null,"yoast_head":"<!-- This site is optimized with the Yoast SEO plugin v27.5 - https:\/\/yoast.com\/product\/yoast-seo-wordpress\/ -->\n<title>Mit Vitalwertmessung gegen Burnout? - Save<\/title>\n<meta name=\"description\" content=\"Vitalwertmessung: Stressgeplagte sollen dank einem intelligenten Brustgurt lernen, mit Stresssituationen besser umzugehen.\" \/>\n<meta name=\"robots\" content=\"index, follow, max-snippet:-1, max-image-preview:large, max-video-preview:-1\" \/>\n<link rel=\"canonical\" href=\"https:\/\/news.save.ch\/fr\/mit-vitalwertmessung-gegen-burnout\/\" \/>\n<meta property=\"og:locale\" content=\"fr_FR\" \/>\n<meta property=\"og:type\" content=\"article\" \/>\n<meta property=\"og:title\" content=\"Mit Vitalwertmessung gegen Burnout? - Save\" \/>\n<meta property=\"og:description\" content=\"Vitalwertmessung: Stressgeplagte sollen dank einem intelligenten Brustgurt lernen, mit Stresssituationen besser umzugehen.\" \/>\n<meta property=\"og:url\" content=\"https:\/\/news.save.ch\/fr\/mit-vitalwertmessung-gegen-burnout\/\" \/>\n<meta property=\"og:site_name\" content=\"Save\" \/>\n<meta property=\"article:published_time\" content=\"2015-04-15T08:52:46+00:00\" \/>\n<meta property=\"article:modified_time\" content=\"2023-03-14T08:04:31+00:00\" \/>\n<meta property=\"og:image\" content=\"https:\/\/news.save.ch\/wp-content\/uploads\/2016\/12\/Mit-Vitalwertmessung-gegen-Burnout_safety-plus-scaled-1.jpg\" \/>\n\t<meta property=\"og:image:width\" content=\"1200\" \/>\n\t<meta property=\"og:image:height\" content=\"1200\" \/>\n\t<meta property=\"og:image:type\" content=\"image\/jpeg\" \/>\n<meta name=\"author\" content=\"admin\" \/>\n<meta name=\"twitter:card\" content=\"summary_large_image\" \/>\n<meta name=\"twitter:label1\" content=\"\u00c9crit par\" \/>\n\t<meta name=\"twitter:data1\" content=\"admin\" \/>\n\t<meta name=\"twitter:label2\" content=\"Dur\u00e9e de lecture estim\u00e9e\" \/>\n\t<meta name=\"twitter:data2\" content=\"1 minute\" \/>\n<script type=\"application\/ld+json\" class=\"yoast-schema-graph\">{\"@context\":\"https:\\\/\\\/schema.org\",\"@graph\":[{\"@type\":\"Article\",\"@id\":\"https:\\\/\\\/news.save.ch\\\/mit-vitalwertmessung-gegen-burnout\\\/#article\",\"isPartOf\":{\"@id\":\"https:\\\/\\\/news.save.ch\\\/mit-vitalwertmessung-gegen-burnout\\\/\"},\"author\":{\"name\":\"admin\",\"@id\":\"https:\\\/\\\/news.save.ch\\\/de\\\/#\\\/schema\\\/person\\\/d49e199490bad7c70d64b9ab51142f2b\"},\"headline\":\"Mit Vitalwertmessung gegen Burnout?\",\"datePublished\":\"2015-04-15T08:52:46+00:00\",\"dateModified\":\"2023-03-14T08:04:31+00:00\",\"mainEntityOfPage\":{\"@id\":\"https:\\\/\\\/news.save.ch\\\/mit-vitalwertmessung-gegen-burnout\\\/\"},\"wordCount\":213,\"commentCount\":0,\"publisher\":{\"@id\":\"https:\\\/\\\/news.save.ch\\\/de\\\/#organization\"},\"image\":{\"@id\":\"https:\\\/\\\/news.save.ch\\\/mit-vitalwertmessung-gegen-burnout\\\/#primaryimage\"},\"thumbnailUrl\":\"https:\\\/\\\/news.save.ch\\\/wp-content\\\/uploads\\\/2016\\\/12\\\/Mit-Vitalwertmessung-gegen-Burnout_safety-plus-scaled-1.jpg\",\"keywords\":[\"Gesundheitsschutz\",\"Pr\u00e4vention\"],\"articleSection\":[\"HEALTH &amp; SAFETY\"],\"inLanguage\":\"fr-FR\"},{\"@type\":\"WebPage\",\"@id\":\"https:\\\/\\\/news.save.ch\\\/mit-vitalwertmessung-gegen-burnout\\\/\",\"url\":\"https:\\\/\\\/news.save.ch\\\/mit-vitalwertmessung-gegen-burnout\\\/\",\"name\":\"Mit Vitalwertmessung gegen Burnout? - Save\",\"isPartOf\":{\"@id\":\"https:\\\/\\\/news.save.ch\\\/de\\\/#website\"},\"primaryImageOfPage\":{\"@id\":\"https:\\\/\\\/news.save.ch\\\/mit-vitalwertmessung-gegen-burnout\\\/#primaryimage\"},\"image\":{\"@id\":\"https:\\\/\\\/news.save.ch\\\/mit-vitalwertmessung-gegen-burnout\\\/#primaryimage\"},\"thumbnailUrl\":\"https:\\\/\\\/news.save.ch\\\/wp-content\\\/uploads\\\/2016\\\/12\\\/Mit-Vitalwertmessung-gegen-Burnout_safety-plus-scaled-1.jpg\",\"datePublished\":\"2015-04-15T08:52:46+00:00\",\"dateModified\":\"2023-03-14T08:04:31+00:00\",\"description\":\"Vitalwertmessung: Stressgeplagte sollen dank einem intelligenten Brustgurt lernen, mit Stresssituationen besser umzugehen.\",\"breadcrumb\":{\"@id\":\"https:\\\/\\\/news.save.ch\\\/mit-vitalwertmessung-gegen-burnout\\\/#breadcrumb\"},\"inLanguage\":\"fr-FR\",\"potentialAction\":[{\"@type\":\"ReadAction\",\"target\":[\"https:\\\/\\\/news.save.ch\\\/mit-vitalwertmessung-gegen-burnout\\\/\"]}]},{\"@type\":\"ImageObject\",\"inLanguage\":\"fr-FR\",\"@id\":\"https:\\\/\\\/news.save.ch\\\/mit-vitalwertmessung-gegen-burnout\\\/#primaryimage\",\"url\":\"https:\\\/\\\/news.save.ch\\\/wp-content\\\/uploads\\\/2016\\\/12\\\/Mit-Vitalwertmessung-gegen-Burnout_safety-plus-scaled-1.jpg\",\"contentUrl\":\"https:\\\/\\\/news.save.ch\\\/wp-content\\\/uploads\\\/2016\\\/12\\\/Mit-Vitalwertmessung-gegen-Burnout_safety-plus-scaled-1.jpg\",\"width\":1200,\"height\":1200,\"caption\":\"Stress erkennen, bevor es zu sp\u00e4t ist - die Herzfrequenzvariabilit\u00e4t soll es verraten.\"},{\"@type\":\"BreadcrumbList\",\"@id\":\"https:\\\/\\\/news.save.ch\\\/mit-vitalwertmessung-gegen-burnout\\\/#breadcrumb\",\"itemListElement\":[{\"@type\":\"ListItem\",\"position\":1,\"name\":\"Home\",\"item\":\"https:\\\/\\\/news.save.ch\\\/de\\\/\"},{\"@type\":\"ListItem\",\"position\":2,\"name\":\"Mit Vitalwertmessung gegen Burnout?\"}]},{\"@type\":\"WebSite\",\"@id\":\"https:\\\/\\\/news.save.ch\\\/de\\\/#website\",\"url\":\"https:\\\/\\\/news.save.ch\\\/de\\\/\",\"name\":\"Save\",\"description\":\"Schweizer Fachzeitschrift f\u00fcr Sicherheit\",\"publisher\":{\"@id\":\"https:\\\/\\\/news.save.ch\\\/de\\\/#organization\"},\"potentialAction\":[{\"@type\":\"SearchAction\",\"target\":{\"@type\":\"EntryPoint\",\"urlTemplate\":\"https:\\\/\\\/news.save.ch\\\/de\\\/?s={search_term_string}\"},\"query-input\":{\"@type\":\"PropertyValueSpecification\",\"valueRequired\":true,\"valueName\":\"search_term_string\"}}],\"inLanguage\":\"fr-FR\"},{\"@type\":\"Organization\",\"@id\":\"https:\\\/\\\/news.save.ch\\\/de\\\/#organization\",\"name\":\"Sicherheitsforum\",\"url\":\"https:\\\/\\\/news.save.ch\\\/de\\\/\",\"logo\":{\"@type\":\"ImageObject\",\"inLanguage\":\"fr-FR\",\"@id\":\"https:\\\/\\\/news.save.ch\\\/de\\\/#\\\/schema\\\/logo\\\/image\\\/\",\"url\":\"https:\\\/\\\/news.save.ch\\\/wp-content\\\/uploads\\\/2022\\\/06\\\/Logo_SF_2012.png\",\"contentUrl\":\"https:\\\/\\\/news.save.ch\\\/wp-content\\\/uploads\\\/2022\\\/06\\\/Logo_SF_2012.png\",\"width\":1100,\"height\":91,\"caption\":\"Sicherheitsforum\"},\"image\":{\"@id\":\"https:\\\/\\\/news.save.ch\\\/de\\\/#\\\/schema\\\/logo\\\/image\\\/\"}},{\"@type\":\"Person\",\"@id\":\"https:\\\/\\\/news.save.ch\\\/de\\\/#\\\/schema\\\/person\\\/d49e199490bad7c70d64b9ab51142f2b\",\"name\":\"admin\",\"image\":{\"@type\":\"ImageObject\",\"inLanguage\":\"fr-FR\",\"@id\":\"https:\\\/\\\/secure.gravatar.com\\\/avatar\\\/ae2f4d718e6c49043e314ce431e7e645d646302a24a5ef5a8bc8e3f5a032e319?s=96&d=mm&r=g\",\"url\":\"https:\\\/\\\/secure.gravatar.com\\\/avatar\\\/ae2f4d718e6c49043e314ce431e7e645d646302a24a5ef5a8bc8e3f5a032e319?s=96&d=mm&r=g\",\"contentUrl\":\"https:\\\/\\\/secure.gravatar.com\\\/avatar\\\/ae2f4d718e6c49043e314ce431e7e645d646302a24a5ef5a8bc8e3f5a032e319?s=96&d=mm&r=g\",\"caption\":\"admin\"},\"sameAs\":[\"https:\\\/\\\/develop.organisator.galledia.ch\"],\"url\":\"https:\\\/\\\/news.save.ch\\\/fr\\\/author\\\/admin\\\/\"}]}<\/script>\n<!-- \/ Yoast SEO plugin. -->","yoast_head_json":{"title":"La mesure des valeurs vitales pour lutter contre le burnout ? - Sauvegarder","description":"Mesure des valeurs vitales : les personnes souffrant de stress doivent apprendre \u00e0 mieux g\u00e9rer les situations de stress gr\u00e2ce \u00e0 une ceinture pectorale intelligente.","robots":{"index":"index","follow":"follow","max-snippet":"max-snippet:-1","max-image-preview":"max-image-preview:large","max-video-preview":"max-video-preview:-1"},"canonical":"https:\/\/news.save.ch\/fr\/mit-vitalwertmessung-gegen-burnout\/","og_locale":"fr_FR","og_type":"article","og_title":"Mit Vitalwertmessung gegen Burnout? - Save","og_description":"Vitalwertmessung: Stressgeplagte sollen dank einem intelligenten Brustgurt lernen, mit Stresssituationen besser umzugehen.","og_url":"https:\/\/news.save.ch\/fr\/mit-vitalwertmessung-gegen-burnout\/","og_site_name":"Save","article_published_time":"2015-04-15T08:52:46+00:00","article_modified_time":"2023-03-14T08:04:31+00:00","og_image":[{"width":1200,"height":1200,"url":"https:\/\/news.save.ch\/wp-content\/uploads\/2016\/12\/Mit-Vitalwertmessung-gegen-Burnout_safety-plus-scaled-1.jpg","type":"image\/jpeg"}],"author":"admin","twitter_card":"summary_large_image","twitter_misc":{"\u00c9crit par":"admin","Dur\u00e9e de lecture estim\u00e9e":"1 minute"},"schema":{"@context":"https:\/\/schema.org","@graph":[{"@type":"Article","@id":"https:\/\/news.save.ch\/mit-vitalwertmessung-gegen-burnout\/#article","isPartOf":{"@id":"https:\/\/news.save.ch\/mit-vitalwertmessung-gegen-burnout\/"},"author":{"name":"admin","@id":"https:\/\/news.save.ch\/de\/#\/schema\/person\/d49e199490bad7c70d64b9ab51142f2b"},"headline":"Mit Vitalwertmessung gegen Burnout?","datePublished":"2015-04-15T08:52:46+00:00","dateModified":"2023-03-14T08:04:31+00:00","mainEntityOfPage":{"@id":"https:\/\/news.save.ch\/mit-vitalwertmessung-gegen-burnout\/"},"wordCount":213,"commentCount":0,"publisher":{"@id":"https:\/\/news.save.ch\/de\/#organization"},"image":{"@id":"https:\/\/news.save.ch\/mit-vitalwertmessung-gegen-burnout\/#primaryimage"},"thumbnailUrl":"https:\/\/news.save.ch\/wp-content\/uploads\/2016\/12\/Mit-Vitalwertmessung-gegen-Burnout_safety-plus-scaled-1.jpg","keywords":["Gesundheitsschutz","Pr\u00e4vention"],"articleSection":["HEALTH &amp; SAFETY"],"inLanguage":"fr-FR"},{"@type":"WebPage","@id":"https:\/\/news.save.ch\/mit-vitalwertmessung-gegen-burnout\/","url":"https:\/\/news.save.ch\/mit-vitalwertmessung-gegen-burnout\/","name":"La mesure des valeurs vitales pour lutter contre le burnout ? - Sauvegarder","isPartOf":{"@id":"https:\/\/news.save.ch\/de\/#website"},"primaryImageOfPage":{"@id":"https:\/\/news.save.ch\/mit-vitalwertmessung-gegen-burnout\/#primaryimage"},"image":{"@id":"https:\/\/news.save.ch\/mit-vitalwertmessung-gegen-burnout\/#primaryimage"},"thumbnailUrl":"https:\/\/news.save.ch\/wp-content\/uploads\/2016\/12\/Mit-Vitalwertmessung-gegen-Burnout_safety-plus-scaled-1.jpg","datePublished":"2015-04-15T08:52:46+00:00","dateModified":"2023-03-14T08:04:31+00:00","description":"Mesure des valeurs vitales : les personnes souffrant de stress doivent apprendre \u00e0 mieux g\u00e9rer les situations de stress gr\u00e2ce \u00e0 une ceinture pectorale intelligente.","breadcrumb":{"@id":"https:\/\/news.save.ch\/mit-vitalwertmessung-gegen-burnout\/#breadcrumb"},"inLanguage":"fr-FR","potentialAction":[{"@type":"ReadAction","target":["https:\/\/news.save.ch\/mit-vitalwertmessung-gegen-burnout\/"]}]},{"@type":"ImageObject","inLanguage":"fr-FR","@id":"https:\/\/news.save.ch\/mit-vitalwertmessung-gegen-burnout\/#primaryimage","url":"https:\/\/news.save.ch\/wp-content\/uploads\/2016\/12\/Mit-Vitalwertmessung-gegen-Burnout_safety-plus-scaled-1.jpg","contentUrl":"https:\/\/news.save.ch\/wp-content\/uploads\/2016\/12\/Mit-Vitalwertmessung-gegen-Burnout_safety-plus-scaled-1.jpg","width":1200,"height":1200,"caption":"Stress erkennen, bevor es zu sp\u00e4t ist - die Herzfrequenzvariabilit\u00e4t soll es verraten."},{"@type":"BreadcrumbList","@id":"https:\/\/news.save.ch\/mit-vitalwertmessung-gegen-burnout\/#breadcrumb","itemListElement":[{"@type":"ListItem","position":1,"name":"Home","item":"https:\/\/news.save.ch\/de\/"},{"@type":"ListItem","position":2,"name":"Mit Vitalwertmessung gegen Burnout?"}]},{"@type":"WebSite","@id":"https:\/\/news.save.ch\/de\/#website","url":"https:\/\/news.save.ch\/de\/","name":"Save","description":"Revue suisse sp\u00e9cialis\u00e9e dans la s\u00e9curit\u00e9","publisher":{"@id":"https:\/\/news.save.ch\/de\/#organization"},"potentialAction":[{"@type":"SearchAction","target":{"@type":"EntryPoint","urlTemplate":"https:\/\/news.save.ch\/de\/?s={search_term_string}"},"query-input":{"@type":"PropertyValueSpecification","valueRequired":true,"valueName":"search_term_string"}}],"inLanguage":"fr-FR"},{"@type":"Organization","@id":"https:\/\/news.save.ch\/de\/#organization","name":"Forum sur la s\u00e9curit\u00e9","url":"https:\/\/news.save.ch\/de\/","logo":{"@type":"ImageObject","inLanguage":"fr-FR","@id":"https:\/\/news.save.ch\/de\/#\/schema\/logo\/image\/","url":"https:\/\/news.save.ch\/wp-content\/uploads\/2022\/06\/Logo_SF_2012.png","contentUrl":"https:\/\/news.save.ch\/wp-content\/uploads\/2022\/06\/Logo_SF_2012.png","width":1100,"height":91,"caption":"Sicherheitsforum"},"image":{"@id":"https:\/\/news.save.ch\/de\/#\/schema\/logo\/image\/"}},{"@type":"Person","@id":"https:\/\/news.save.ch\/de\/#\/schema\/person\/d49e199490bad7c70d64b9ab51142f2b","name":"admin","image":{"@type":"ImageObject","inLanguage":"fr-FR","@id":"https:\/\/secure.gravatar.com\/avatar\/ae2f4d718e6c49043e314ce431e7e645d646302a24a5ef5a8bc8e3f5a032e319?s=96&d=mm&r=g","url":"https:\/\/secure.gravatar.com\/avatar\/ae2f4d718e6c49043e314ce431e7e645d646302a24a5ef5a8bc8e3f5a032e319?s=96&d=mm&r=g","contentUrl":"https:\/\/secure.gravatar.com\/avatar\/ae2f4d718e6c49043e314ce431e7e645d646302a24a5ef5a8bc8e3f5a032e319?s=96&d=mm&r=g","caption":"admin"},"sameAs":["https:\/\/develop.organisator.galledia.ch"],"url":"https:\/\/news.save.ch\/fr\/author\/admin\/"}]}},"_links":{"self":[{"href":"https:\/\/news.save.ch\/fr\/wp-json\/wp\/v2\/posts\/16641","targetHints":{"allow":["GET"]}}],"collection":[{"href":"https:\/\/news.save.ch\/fr\/wp-json\/wp\/v2\/posts"}],"about":[{"href":"https:\/\/news.save.ch\/fr\/wp-json\/wp\/v2\/types\/post"}],"author":[{"embeddable":true,"href":"https:\/\/news.save.ch\/fr\/wp-json\/wp\/v2\/users\/1"}],"replies":[{"embeddable":true,"href":"https:\/\/news.save.ch\/fr\/wp-json\/wp\/v2\/comments?post=16641"}],"version-history":[{"count":1,"href":"https:\/\/news.save.ch\/fr\/wp-json\/wp\/v2\/posts\/16641\/revisions"}],"predecessor-version":[{"id":18865,"href":"https:\/\/news.save.ch\/fr\/wp-json\/wp\/v2\/posts\/16641\/revisions\/18865"}],"wp:featuredmedia":[{"embeddable":true,"href":"https:\/\/news.save.ch\/fr\/wp-json\/wp\/v2\/media\/15992"}],"wp:attachment":[{"href":"https:\/\/news.save.ch\/fr\/wp-json\/wp\/v2\/media?parent=16641"}],"wp:term":[{"taxonomy":"category","embeddable":true,"href":"https:\/\/news.save.ch\/fr\/wp-json\/wp\/v2\/categories?post=16641"},{"taxonomy":"post_tag","embeddable":true,"href":"https:\/\/news.save.ch\/fr\/wp-json\/wp\/v2\/tags?post=16641"}],"curies":[{"name":"wp","href":"https:\/\/api.w.org\/{rel}","templated":true}]}}