{"id":16650,"date":"2015-05-22T11:13:17","date_gmt":"2015-05-22T09:13:17","guid":{"rendered":"http:\/\/dev.safety-plus.ch\/?p=334"},"modified":"2015-05-22T11:13:17","modified_gmt":"2015-05-22T09:13:17","slug":"arbeitszeit-mehr-absenzen-als-ueberstunden","status":null,"type":"post","link":"https:\/\/news.save.ch\/fr\/arbeitszeit-mehr-absenzen-als-ueberstunden\/","title":{"rendered":"Temps de travail : plus d'absences que d'heures suppl\u00e9mentaires"},"content":{"rendered":"<figure id=\"attachment_337\" aria-describedby=\"caption-attachment-337\" style=\"width: 680px\" class=\"wp-caption alignnone\"><img loading=\"lazy\" decoding=\"async\" class=\"wp-image-337 size-medium\" src=\"http:\/\/develop.safety-plus.ch\/wp-content\/uploads\/2016\/12\/Arbeitszeit-Mehr-Absenzen-als-Ueberstunden_safety-plus.jpeg\" alt=\"Rentrer chez soi \u00e0 l&#039;heure ? Si vous y tenez beaucoup, il vaut mieux ne pas travailler dans le secteur financier.\" width=\"680\" height=\"453\" \/><figcaption id=\"caption-attachment-337\" class=\"wp-caption-text\">Rentrer chez soi \u00e0 l'heure ? Si vous y tenez beaucoup, il vaut mieux ne pas travailler dans le secteur financier.<\/figcaption><\/figure>\n<p>En 2014, les travailleurs suisses ont effectu\u00e9 un total de 7,7 milliards d'heures de travail, soit une augmentation de 1,2 % par rapport \u00e0 l'ann\u00e9e pr\u00e9c\u00e9dente. C'est ce qu'annonce l'Office f\u00e9d\u00e9ral de la statistique.<\/p>\n<p>Sur ce total, 2,4% ont \u00e9t\u00e9 effectu\u00e9s en heures suppl\u00e9mentaires, tous secteurs confondus. Il existe cependant de grandes diff\u00e9rences entre les branches : Dans le secteur des activit\u00e9s financi\u00e8res et d'assurance, par exemple, 4,6% d'heures suppl\u00e9mentaires ont \u00e9t\u00e9 comptabilis\u00e9es, alors que dans les administrations publiques, seulement 1% d'heures suppl\u00e9mentaires ont \u00e9t\u00e9 effectu\u00e9es durant la m\u00eame p\u00e9riode.<\/p>\n<p>Dans le m\u00eame temps, le nombre d'absences \u00e9tait de 3,7%. La plupart des absences \u00e9taient dues \u00e0 des raisons de sant\u00e9 (75% du total), c'est-\u00e0-dire des maladies et des accidents. Le service militaire, le service civil et le cong\u00e9 de maternit\u00e9 ont chacun repr\u00e9sent\u00e9 environ 10%.<\/p>\n<p>Vers les <a href=\"http:\/\/www.bfs.admin.ch\/bfs\/portal\/de\/index\/themen\/03\/02\/blank\/data\/00.html\" target=\"_blank\" data-cke-saved-href=\"http:\/\/www.bfs.admin.ch\/bfs\/portal\/de\/index\/themen\/03\/02\/blank\/data\/00.html\" rel=\"noopener\">chiffres d\u00e9taill\u00e9s<\/a>.<\/p>","protected":false},"excerpt":{"rendered":"<p>Die Schweizer Arbeitnehmer haben im Jahr 2014 insgesamt 7,7 Milliarden Arbeitsstunden geleistet &#8211; das ist eine Zunahme um 1,2 % gegen\u00fcber dem Vorjahr. Dies meldet das Bundesamt f\u00fcr Statistik. Davon wurden \u00fcber alle Branchen hinweg 2,4% als \u00dcberstunden geleistet. Hier gibt es je aber nach Branchen grosse Unterschiede: Im Kredit- und Versicherungsgewerbe wurden zum Beispiel [&hellip;]<\/p>\n","protected":false},"author":1,"featured_media":15996,"comment_status":"open","ping_status":"open","sticky":false,"template":"","format":"standard","meta":{"_acf_changed":false,"pgc_sgb_lightbox_settings":"","footnotes":""},"categories":[1],"tags":[1678],"class_list":["post-16650","post","type-post","status-publish","format-standard","has-post-thumbnail","hentry","category-allgemein","tag-arbeitszeit"],"acf":[],"hkrextid":null,"publication":null,"issue":null,"workflow":null,"startPage":null,"spitzmarke":null,"_posts_by_tag_page_fields":{"widget_title":"","widget_tags":""},"_at_widget":"1","_yoast_wpseo_primary_category":"1","_yoast_wpseo_focuskw_text_input":"Arbeitszeit","_yoast_wpseo_opengraph-image":null,"_yoast_wpseo_opengraph-description":null,"_yoast_wpseo_opengraph-title":null,"enclosure":null,"_yoast_wpseo_twitter-title":null,"_yoast_wpseo_twitter-description":null,"_yoast_wpseo_twitter-image":null,"_wp_old_slug":null,"_yoast_wpseo_title":null,"_yoast_wpseo_canonical":null,"yoast_head":"<!-- This site is optimized with the Yoast SEO plugin v27.5 - https:\/\/yoast.com\/product\/yoast-seo-wordpress\/ -->\n<title>Arbeitszeit: Mehr Absenzen als \u00dcberstunden - Save<\/title>\n<meta name=\"description\" content=\"Arbeitszeit: Die Schweizer Arbeitnehmer und - nehmerinnen leisteten im letzten Jahr 7,7 Milliarden Arbeitsstunden.\" \/>\n<meta name=\"robots\" content=\"index, follow, max-snippet:-1, max-image-preview:large, max-video-preview:-1\" \/>\n<link rel=\"canonical\" href=\"https:\/\/news.save.ch\/fr\/arbeitszeit-mehr-absenzen-als-ueberstunden\/\" \/>\n<meta property=\"og:locale\" content=\"fr_FR\" \/>\n<meta property=\"og:type\" content=\"article\" \/>\n<meta property=\"og:title\" content=\"Arbeitszeit: Mehr Absenzen als \u00dcberstunden - Save\" \/>\n<meta property=\"og:description\" content=\"Arbeitszeit: Die Schweizer Arbeitnehmer und - nehmerinnen leisteten im letzten Jahr 7,7 Milliarden Arbeitsstunden.\" \/>\n<meta property=\"og:url\" content=\"https:\/\/news.save.ch\/fr\/arbeitszeit-mehr-absenzen-als-ueberstunden\/\" \/>\n<meta property=\"og:site_name\" content=\"Save\" \/>\n<meta property=\"article:published_time\" content=\"2015-05-22T09:13:17+00:00\" \/>\n<meta property=\"og:image\" content=\"https:\/\/news.save.ch\/wp-content\/uploads\/2016\/12\/Arbeitszeit-Mehr-Absenzen-als-Ueberstunden_safety-plus-scaled-1.jpeg\" \/>\n\t<meta property=\"og:image:width\" content=\"1200\" \/>\n\t<meta property=\"og:image:height\" content=\"801\" \/>\n\t<meta property=\"og:image:type\" content=\"image\/jpeg\" \/>\n<meta name=\"author\" content=\"admin\" \/>\n<meta name=\"twitter:card\" content=\"summary_large_image\" \/>\n<meta name=\"twitter:label1\" content=\"\u00c9crit par\" \/>\n\t<meta name=\"twitter:data1\" content=\"admin\" \/>\n\t<meta name=\"twitter:label2\" content=\"Dur\u00e9e de lecture estim\u00e9e\" \/>\n\t<meta name=\"twitter:data2\" content=\"1 minute\" \/>\n<script type=\"application\/ld+json\" class=\"yoast-schema-graph\">{\"@context\":\"https:\\\/\\\/schema.org\",\"@graph\":[{\"@type\":\"Article\",\"@id\":\"https:\\\/\\\/news.save.ch\\\/arbeitszeit-mehr-absenzen-als-ueberstunden\\\/#article\",\"isPartOf\":{\"@id\":\"https:\\\/\\\/news.save.ch\\\/arbeitszeit-mehr-absenzen-als-ueberstunden\\\/\"},\"author\":{\"name\":\"admin\",\"@id\":\"https:\\\/\\\/news.save.ch\\\/de\\\/#\\\/schema\\\/person\\\/d49e199490bad7c70d64b9ab51142f2b\"},\"headline\":\"Arbeitszeit: Mehr Absenzen als \u00dcberstunden\",\"datePublished\":\"2015-05-22T09:13:17+00:00\",\"mainEntityOfPage\":{\"@id\":\"https:\\\/\\\/news.save.ch\\\/arbeitszeit-mehr-absenzen-als-ueberstunden\\\/\"},\"wordCount\":137,\"commentCount\":0,\"publisher\":{\"@id\":\"https:\\\/\\\/news.save.ch\\\/de\\\/#organization\"},\"image\":{\"@id\":\"https:\\\/\\\/news.save.ch\\\/arbeitszeit-mehr-absenzen-als-ueberstunden\\\/#primaryimage\"},\"thumbnailUrl\":\"https:\\\/\\\/news.save.ch\\\/wp-content\\\/uploads\\\/2016\\\/12\\\/Arbeitszeit-Mehr-Absenzen-als-Ueberstunden_safety-plus-scaled-1.jpeg\",\"keywords\":[\"Arbeitszeit\"],\"articleSection\":[\"ALLGEMEIN\"],\"inLanguage\":\"fr-FR\"},{\"@type\":\"WebPage\",\"@id\":\"https:\\\/\\\/news.save.ch\\\/arbeitszeit-mehr-absenzen-als-ueberstunden\\\/\",\"url\":\"https:\\\/\\\/news.save.ch\\\/arbeitszeit-mehr-absenzen-als-ueberstunden\\\/\",\"name\":\"Arbeitszeit: Mehr Absenzen als \u00dcberstunden - Save\",\"isPartOf\":{\"@id\":\"https:\\\/\\\/news.save.ch\\\/de\\\/#website\"},\"primaryImageOfPage\":{\"@id\":\"https:\\\/\\\/news.save.ch\\\/arbeitszeit-mehr-absenzen-als-ueberstunden\\\/#primaryimage\"},\"image\":{\"@id\":\"https:\\\/\\\/news.save.ch\\\/arbeitszeit-mehr-absenzen-als-ueberstunden\\\/#primaryimage\"},\"thumbnailUrl\":\"https:\\\/\\\/news.save.ch\\\/wp-content\\\/uploads\\\/2016\\\/12\\\/Arbeitszeit-Mehr-Absenzen-als-Ueberstunden_safety-plus-scaled-1.jpeg\",\"datePublished\":\"2015-05-22T09:13:17+00:00\",\"description\":\"Arbeitszeit: Die Schweizer Arbeitnehmer und - nehmerinnen leisteten im letzten Jahr 7,7 Milliarden Arbeitsstunden.\",\"breadcrumb\":{\"@id\":\"https:\\\/\\\/news.save.ch\\\/arbeitszeit-mehr-absenzen-als-ueberstunden\\\/#breadcrumb\"},\"inLanguage\":\"fr-FR\",\"potentialAction\":[{\"@type\":\"ReadAction\",\"target\":[\"https:\\\/\\\/news.save.ch\\\/arbeitszeit-mehr-absenzen-als-ueberstunden\\\/\"]}]},{\"@type\":\"ImageObject\",\"inLanguage\":\"fr-FR\",\"@id\":\"https:\\\/\\\/news.save.ch\\\/arbeitszeit-mehr-absenzen-als-ueberstunden\\\/#primaryimage\",\"url\":\"https:\\\/\\\/news.save.ch\\\/wp-content\\\/uploads\\\/2016\\\/12\\\/Arbeitszeit-Mehr-Absenzen-als-Ueberstunden_safety-plus-scaled-1.jpeg\",\"contentUrl\":\"https:\\\/\\\/news.save.ch\\\/wp-content\\\/uploads\\\/2016\\\/12\\\/Arbeitszeit-Mehr-Absenzen-als-Ueberstunden_safety-plus-scaled-1.jpeg\",\"width\":1200,\"height\":801,\"caption\":\"P\u00fcnktlich nach Hause? Wer viel Wert darauf legt, sollte besser nicht im Finanzsektor arbeiten.\"},{\"@type\":\"BreadcrumbList\",\"@id\":\"https:\\\/\\\/news.save.ch\\\/arbeitszeit-mehr-absenzen-als-ueberstunden\\\/#breadcrumb\",\"itemListElement\":[{\"@type\":\"ListItem\",\"position\":1,\"name\":\"Home\",\"item\":\"https:\\\/\\\/news.save.ch\\\/de\\\/\"},{\"@type\":\"ListItem\",\"position\":2,\"name\":\"Arbeitszeit: Mehr Absenzen als \u00dcberstunden\"}]},{\"@type\":\"WebSite\",\"@id\":\"https:\\\/\\\/news.save.ch\\\/de\\\/#website\",\"url\":\"https:\\\/\\\/news.save.ch\\\/de\\\/\",\"name\":\"Save\",\"description\":\"Schweizer Fachzeitschrift f\u00fcr Sicherheit\",\"publisher\":{\"@id\":\"https:\\\/\\\/news.save.ch\\\/de\\\/#organization\"},\"potentialAction\":[{\"@type\":\"SearchAction\",\"target\":{\"@type\":\"EntryPoint\",\"urlTemplate\":\"https:\\\/\\\/news.save.ch\\\/de\\\/?s={search_term_string}\"},\"query-input\":{\"@type\":\"PropertyValueSpecification\",\"valueRequired\":true,\"valueName\":\"search_term_string\"}}],\"inLanguage\":\"fr-FR\"},{\"@type\":\"Organization\",\"@id\":\"https:\\\/\\\/news.save.ch\\\/de\\\/#organization\",\"name\":\"Sicherheitsforum\",\"url\":\"https:\\\/\\\/news.save.ch\\\/de\\\/\",\"logo\":{\"@type\":\"ImageObject\",\"inLanguage\":\"fr-FR\",\"@id\":\"https:\\\/\\\/news.save.ch\\\/de\\\/#\\\/schema\\\/logo\\\/image\\\/\",\"url\":\"https:\\\/\\\/news.save.ch\\\/wp-content\\\/uploads\\\/2022\\\/06\\\/Logo_SF_2012.png\",\"contentUrl\":\"https:\\\/\\\/news.save.ch\\\/wp-content\\\/uploads\\\/2022\\\/06\\\/Logo_SF_2012.png\",\"width\":1100,\"height\":91,\"caption\":\"Sicherheitsforum\"},\"image\":{\"@id\":\"https:\\\/\\\/news.save.ch\\\/de\\\/#\\\/schema\\\/logo\\\/image\\\/\"}},{\"@type\":\"Person\",\"@id\":\"https:\\\/\\\/news.save.ch\\\/de\\\/#\\\/schema\\\/person\\\/d49e199490bad7c70d64b9ab51142f2b\",\"name\":\"admin\",\"image\":{\"@type\":\"ImageObject\",\"inLanguage\":\"fr-FR\",\"@id\":\"https:\\\/\\\/secure.gravatar.com\\\/avatar\\\/ae2f4d718e6c49043e314ce431e7e645d646302a24a5ef5a8bc8e3f5a032e319?s=96&d=mm&r=g\",\"url\":\"https:\\\/\\\/secure.gravatar.com\\\/avatar\\\/ae2f4d718e6c49043e314ce431e7e645d646302a24a5ef5a8bc8e3f5a032e319?s=96&d=mm&r=g\",\"contentUrl\":\"https:\\\/\\\/secure.gravatar.com\\\/avatar\\\/ae2f4d718e6c49043e314ce431e7e645d646302a24a5ef5a8bc8e3f5a032e319?s=96&d=mm&r=g\",\"caption\":\"admin\"},\"sameAs\":[\"https:\\\/\\\/develop.organisator.galledia.ch\"],\"url\":\"https:\\\/\\\/news.save.ch\\\/fr\\\/author\\\/admin\\\/\"}]}<\/script>\n<!-- \/ Yoast SEO plugin. -->","yoast_head_json":{"title":"Temps de travail : plus d'absences que d'heures suppl\u00e9mentaires - Save","description":"Temps de travail : L'ann\u00e9e derni\u00e8re, les travailleurs suisses ont effectu\u00e9 7,7 milliards d'heures de travail.","robots":{"index":"index","follow":"follow","max-snippet":"max-snippet:-1","max-image-preview":"max-image-preview:large","max-video-preview":"max-video-preview:-1"},"canonical":"https:\/\/news.save.ch\/fr\/arbeitszeit-mehr-absenzen-als-ueberstunden\/","og_locale":"fr_FR","og_type":"article","og_title":"Arbeitszeit: Mehr Absenzen als \u00dcberstunden - Save","og_description":"Arbeitszeit: Die Schweizer Arbeitnehmer und - nehmerinnen leisteten im letzten Jahr 7,7 Milliarden Arbeitsstunden.","og_url":"https:\/\/news.save.ch\/fr\/arbeitszeit-mehr-absenzen-als-ueberstunden\/","og_site_name":"Save","article_published_time":"2015-05-22T09:13:17+00:00","og_image":[{"width":1200,"height":801,"url":"https:\/\/news.save.ch\/wp-content\/uploads\/2016\/12\/Arbeitszeit-Mehr-Absenzen-als-Ueberstunden_safety-plus-scaled-1.jpeg","type":"image\/jpeg"}],"author":"admin","twitter_card":"summary_large_image","twitter_misc":{"\u00c9crit par":"admin","Dur\u00e9e de lecture estim\u00e9e":"1 minute"},"schema":{"@context":"https:\/\/schema.org","@graph":[{"@type":"Article","@id":"https:\/\/news.save.ch\/arbeitszeit-mehr-absenzen-als-ueberstunden\/#article","isPartOf":{"@id":"https:\/\/news.save.ch\/arbeitszeit-mehr-absenzen-als-ueberstunden\/"},"author":{"name":"admin","@id":"https:\/\/news.save.ch\/de\/#\/schema\/person\/d49e199490bad7c70d64b9ab51142f2b"},"headline":"Arbeitszeit: Mehr Absenzen als \u00dcberstunden","datePublished":"2015-05-22T09:13:17+00:00","mainEntityOfPage":{"@id":"https:\/\/news.save.ch\/arbeitszeit-mehr-absenzen-als-ueberstunden\/"},"wordCount":137,"commentCount":0,"publisher":{"@id":"https:\/\/news.save.ch\/de\/#organization"},"image":{"@id":"https:\/\/news.save.ch\/arbeitszeit-mehr-absenzen-als-ueberstunden\/#primaryimage"},"thumbnailUrl":"https:\/\/news.save.ch\/wp-content\/uploads\/2016\/12\/Arbeitszeit-Mehr-Absenzen-als-Ueberstunden_safety-plus-scaled-1.jpeg","keywords":["Arbeitszeit"],"articleSection":["ALLGEMEIN"],"inLanguage":"fr-FR"},{"@type":"WebPage","@id":"https:\/\/news.save.ch\/arbeitszeit-mehr-absenzen-als-ueberstunden\/","url":"https:\/\/news.save.ch\/arbeitszeit-mehr-absenzen-als-ueberstunden\/","name":"Temps de travail : plus d'absences que d'heures suppl\u00e9mentaires - Save","isPartOf":{"@id":"https:\/\/news.save.ch\/de\/#website"},"primaryImageOfPage":{"@id":"https:\/\/news.save.ch\/arbeitszeit-mehr-absenzen-als-ueberstunden\/#primaryimage"},"image":{"@id":"https:\/\/news.save.ch\/arbeitszeit-mehr-absenzen-als-ueberstunden\/#primaryimage"},"thumbnailUrl":"https:\/\/news.save.ch\/wp-content\/uploads\/2016\/12\/Arbeitszeit-Mehr-Absenzen-als-Ueberstunden_safety-plus-scaled-1.jpeg","datePublished":"2015-05-22T09:13:17+00:00","description":"Temps de travail : L'ann\u00e9e derni\u00e8re, les travailleurs suisses ont effectu\u00e9 7,7 milliards d'heures de travail.","breadcrumb":{"@id":"https:\/\/news.save.ch\/arbeitszeit-mehr-absenzen-als-ueberstunden\/#breadcrumb"},"inLanguage":"fr-FR","potentialAction":[{"@type":"ReadAction","target":["https:\/\/news.save.ch\/arbeitszeit-mehr-absenzen-als-ueberstunden\/"]}]},{"@type":"ImageObject","inLanguage":"fr-FR","@id":"https:\/\/news.save.ch\/arbeitszeit-mehr-absenzen-als-ueberstunden\/#primaryimage","url":"https:\/\/news.save.ch\/wp-content\/uploads\/2016\/12\/Arbeitszeit-Mehr-Absenzen-als-Ueberstunden_safety-plus-scaled-1.jpeg","contentUrl":"https:\/\/news.save.ch\/wp-content\/uploads\/2016\/12\/Arbeitszeit-Mehr-Absenzen-als-Ueberstunden_safety-plus-scaled-1.jpeg","width":1200,"height":801,"caption":"P\u00fcnktlich nach Hause? Wer viel Wert darauf legt, sollte besser nicht im Finanzsektor arbeiten."},{"@type":"BreadcrumbList","@id":"https:\/\/news.save.ch\/arbeitszeit-mehr-absenzen-als-ueberstunden\/#breadcrumb","itemListElement":[{"@type":"ListItem","position":1,"name":"Home","item":"https:\/\/news.save.ch\/de\/"},{"@type":"ListItem","position":2,"name":"Arbeitszeit: Mehr Absenzen als \u00dcberstunden"}]},{"@type":"WebSite","@id":"https:\/\/news.save.ch\/de\/#website","url":"https:\/\/news.save.ch\/de\/","name":"Save","description":"Revue suisse sp\u00e9cialis\u00e9e dans la s\u00e9curit\u00e9","publisher":{"@id":"https:\/\/news.save.ch\/de\/#organization"},"potentialAction":[{"@type":"SearchAction","target":{"@type":"EntryPoint","urlTemplate":"https:\/\/news.save.ch\/de\/?s={search_term_string}"},"query-input":{"@type":"PropertyValueSpecification","valueRequired":true,"valueName":"search_term_string"}}],"inLanguage":"fr-FR"},{"@type":"Organization","@id":"https:\/\/news.save.ch\/de\/#organization","name":"Forum sur la s\u00e9curit\u00e9","url":"https:\/\/news.save.ch\/de\/","logo":{"@type":"ImageObject","inLanguage":"fr-FR","@id":"https:\/\/news.save.ch\/de\/#\/schema\/logo\/image\/","url":"https:\/\/news.save.ch\/wp-content\/uploads\/2022\/06\/Logo_SF_2012.png","contentUrl":"https:\/\/news.save.ch\/wp-content\/uploads\/2022\/06\/Logo_SF_2012.png","width":1100,"height":91,"caption":"Sicherheitsforum"},"image":{"@id":"https:\/\/news.save.ch\/de\/#\/schema\/logo\/image\/"}},{"@type":"Person","@id":"https:\/\/news.save.ch\/de\/#\/schema\/person\/d49e199490bad7c70d64b9ab51142f2b","name":"admin","image":{"@type":"ImageObject","inLanguage":"fr-FR","@id":"https:\/\/secure.gravatar.com\/avatar\/ae2f4d718e6c49043e314ce431e7e645d646302a24a5ef5a8bc8e3f5a032e319?s=96&d=mm&r=g","url":"https:\/\/secure.gravatar.com\/avatar\/ae2f4d718e6c49043e314ce431e7e645d646302a24a5ef5a8bc8e3f5a032e319?s=96&d=mm&r=g","contentUrl":"https:\/\/secure.gravatar.com\/avatar\/ae2f4d718e6c49043e314ce431e7e645d646302a24a5ef5a8bc8e3f5a032e319?s=96&d=mm&r=g","caption":"admin"},"sameAs":["https:\/\/develop.organisator.galledia.ch"],"url":"https:\/\/news.save.ch\/fr\/author\/admin\/"}]}},"_links":{"self":[{"href":"https:\/\/news.save.ch\/fr\/wp-json\/wp\/v2\/posts\/16650","targetHints":{"allow":["GET"]}}],"collection":[{"href":"https:\/\/news.save.ch\/fr\/wp-json\/wp\/v2\/posts"}],"about":[{"href":"https:\/\/news.save.ch\/fr\/wp-json\/wp\/v2\/types\/post"}],"author":[{"embeddable":true,"href":"https:\/\/news.save.ch\/fr\/wp-json\/wp\/v2\/users\/1"}],"replies":[{"embeddable":true,"href":"https:\/\/news.save.ch\/fr\/wp-json\/wp\/v2\/comments?post=16650"}],"version-history":[{"count":0,"href":"https:\/\/news.save.ch\/fr\/wp-json\/wp\/v2\/posts\/16650\/revisions"}],"wp:featuredmedia":[{"embeddable":true,"href":"https:\/\/news.save.ch\/fr\/wp-json\/wp\/v2\/media\/15996"}],"wp:attachment":[{"href":"https:\/\/news.save.ch\/fr\/wp-json\/wp\/v2\/media?parent=16650"}],"wp:term":[{"taxonomy":"category","embeddable":true,"href":"https:\/\/news.save.ch\/fr\/wp-json\/wp\/v2\/categories?post=16650"},{"taxonomy":"post_tag","embeddable":true,"href":"https:\/\/news.save.ch\/fr\/wp-json\/wp\/v2\/tags?post=16650"}],"curies":[{"name":"wp","href":"https:\/\/api.w.org\/{rel}","templated":true}]}}