{"id":16657,"date":"2015-06-29T11:26:30","date_gmt":"2015-06-29T09:26:30","guid":{"rendered":"http:\/\/dev.safety-plus.ch\/?p=350"},"modified":"2023-03-14T09:01:11","modified_gmt":"2023-03-14T08:01:11","slug":"44-neue-sicherheitsingenieure","status":null,"type":"post","link":"https:\/\/news.save.ch\/fr\/44-neue-sicherheitsingenieure\/","title":{"rendered":"44 nouveaux ing\u00e9nieurs de s\u00e9curit\u00e9"},"content":{"rendered":"<figure id=\"attachment_367\" aria-describedby=\"caption-attachment-367\" style=\"width: 680px\" class=\"wp-caption alignnone\"><img loading=\"lazy\" decoding=\"async\" class=\"wp-image-367 size-medium\" src=\"http:\/\/develop.safety-plus.ch\/wp-content\/uploads\/2016\/12\/44-neue-Sicherheitsingenieure_safety-plus.jpeg\" alt=\"Lors de la remise des dipl\u00f4mes le 26 juin, les nouveaux ing\u00e9nieurs de s\u00e9curit\u00e9 pourront se r\u00e9jouir de leur nouveau titre.\" width=\"680\" height=\"412\" \/><figcaption id=\"caption-attachment-367\" class=\"wp-caption-text\">Lors de la remise des dipl\u00f4mes le 26 juin, les nouveaux ing\u00e9nieurs de s\u00e9curit\u00e9 pourront se r\u00e9jouir de leur nouveau titre.<\/figcaption><\/figure>\n<p>Cette ann\u00e9e, 18 Suisses al\u00e9maniques, 18 candidats de Suisse romande et, pour la troisi\u00e8me fois dans une classe italophone, 8 personnes du Tessin ont obtenu le titre d'ing\u00e9nieur de s\u00e9curit\u00e9.<\/p>\n<p>Ces derniers, mandat\u00e9s par la <a href=\"http:\/\/www.ekas.ch\" target=\"_blank\" data-cke-saved-href=\"http:\/\/www.ekas.ch\" rel=\"noopener\">CFST <\/a>La formation dispens\u00e9e par la Suva r\u00e9pond aux exigences de l'ordonnance du Conseil f\u00e9d\u00e9ral sur les qualifications des sp\u00e9cialistes de la s\u00e9curit\u00e9 au travail et favorise l'int\u00e9gration des aspects de s\u00e9curit\u00e9 \u00e0 tous les niveaux de la gestion de l'entreprise, de la strat\u00e9gie \u00e0 la mise en \u0153uvre op\u00e9rationnelle sur le lieu de travail. Gr\u00e2ce \u00e0 l'approche orient\u00e9e syst\u00e8me, les ing\u00e9nieurs de s\u00e9curit\u00e9 peuvent conseiller chaque entreprise en fonction de sa situation individuelle. C'est une condition fondamentale pour r\u00e9pondre aux exigences de la directive CFST sur l'appel \u00e0 des m\u00e9decins du travail et autres sp\u00e9cialistes de la s\u00e9curit\u00e9 au travail.<\/p>\n<p><strong>Pr\u00e9venir les accidents, sauver des vies<\/strong><\/p>\n<p>Le nombre d'accidents professionnels graves en Suisse est encore \u00e9lev\u00e9, mais il n'a cess\u00e9 de diminuer ces derni\u00e8res ann\u00e9es gr\u00e2ce aux efforts importants d\u00e9ploy\u00e9s. Le cours CFST pour ing\u00e9nieurs de s\u00e9curit\u00e9 transmet \u00e0 ses dipl\u00f4m\u00e9s les connaissances n\u00e9cessaires pour agir activement et concr\u00e8tement contre ce ph\u00e9nom\u00e8ne dans les entreprises. Pour la CFST, ce cours est \u00e9galement une contribution \u00e0 la mise en \u0153uvre active de la vision \"250 vies\" de la CFST, qui vise \u00e0 \u00e9viter les accidents professionnels graves et \u00e0 sauver des vies gr\u00e2ce \u00e0 des mesures pr\u00e9ventives. La CFST met en \u0153uvre cette vision pour les autorit\u00e9s cantonales et f\u00e9d\u00e9rales charg\u00e9es de l'application de la loi sur le travail sous le label \" 250 vies \".<a href=\"http:\/\/www.safeatwork.ch\" target=\"_blank\" data-cke-saved-href=\"http:\/\/www.safeatwork.ch\" rel=\"noopener\">SAFE AT WORK<\/a>\" autour.<\/p>\n<p>La s\u00e9curit\u00e9 au travail signifie que les travailleurs sont prot\u00e9g\u00e9s sur leur lieu de travail contre les risques pour leur s\u00e9curit\u00e9 et leur sant\u00e9. Il y a d'une part des raisons humaines, car les accidents professionnels causent des douleurs et des souffrances aux travailleurs concern\u00e9s et \u00e0 leurs proches. D'autre part, il y a aussi des raisons \u00e9conomiques : Les accidents et les probl\u00e8mes de sant\u00e9 li\u00e9s au travail co\u00fbtent cher aux entreprises et \u00e0 la soci\u00e9t\u00e9.<\/p>","protected":false},"excerpt":{"rendered":"<p>Im laufenden Jahr haben 18 Deutschschweizer, 18 Kandidaten aus der Westschweiz und zum dritten Mal in einer italienischsprachigen Klasse, 8 Personen aus dem Tessin den Titel einer Sicherheitsingenieurin oder eines Sicherheitsingenieurs erlangt. Diese im Auftrag der EKAS von der Suva durchgef\u00fchrte Ausbildung entspricht den Vorgaben der bundesr\u00e4tlichen Verordnung \u00fcber die Eignung der Spezialisten der Arbeitssicherheit [&hellip;]<\/p>\n","protected":false},"author":1,"featured_media":367,"comment_status":"open","ping_status":"open","sticky":false,"template":"","format":"standard","meta":{"_acf_changed":false,"pgc_sgb_lightbox_settings":"","footnotes":""},"categories":[3314],"tags":[172],"class_list":["post-16657","post","type-post","status-publish","format-standard","has-post-thumbnail","hentry","category-health-safety","tag-arbeitssicherheit"],"acf":[],"hkrextid":null,"publication":null,"issue":null,"workflow":null,"startPage":null,"spitzmarke":null,"_posts_by_tag_page_fields":{"widget_title":"","widget_tags":""},"_at_widget":"1","_yoast_wpseo_primary_category":"5","_yoast_wpseo_focuskw_text_input":"Sicherheitsingenieure","_yoast_wpseo_opengraph-image":null,"_yoast_wpseo_opengraph-description":null,"_yoast_wpseo_opengraph-title":null,"enclosure":null,"_yoast_wpseo_twitter-title":null,"_yoast_wpseo_twitter-description":null,"_yoast_wpseo_twitter-image":null,"_wp_old_slug":null,"_yoast_wpseo_title":null,"_yoast_wpseo_canonical":null,"yoast_head":"<!-- This site is optimized with the Yoast SEO plugin v27.4 - https:\/\/yoast.com\/product\/yoast-seo-wordpress\/ -->\n<title>44 neue Sicherheitsingenieure - Save<\/title>\n<meta name=\"description\" content=\"Im Jahr 2015 schliessen 44 neue Sicherheitsingenieure und -ingenieurinnen den EKAS-Lehrgang erfolgreich ab.\" \/>\n<meta name=\"robots\" content=\"index, follow, max-snippet:-1, max-image-preview:large, max-video-preview:-1\" \/>\n<link rel=\"canonical\" href=\"https:\/\/news.save.ch\/fr\/44-neue-sicherheitsingenieure\/\" \/>\n<meta property=\"og:locale\" content=\"fr_FR\" \/>\n<meta property=\"og:type\" content=\"article\" \/>\n<meta property=\"og:title\" content=\"44 neue Sicherheitsingenieure - Save\" \/>\n<meta property=\"og:description\" content=\"Im Jahr 2015 schliessen 44 neue Sicherheitsingenieure und -ingenieurinnen den EKAS-Lehrgang erfolgreich ab.\" \/>\n<meta property=\"og:url\" content=\"https:\/\/news.save.ch\/fr\/44-neue-sicherheitsingenieure\/\" \/>\n<meta property=\"og:site_name\" content=\"Save\" \/>\n<meta property=\"article:published_time\" content=\"2015-06-29T09:26:30+00:00\" \/>\n<meta property=\"article:modified_time\" content=\"2023-03-14T08:01:11+00:00\" \/>\n<meta property=\"og:image\" content=\"https:\/\/news.save.ch\/wp-content\/uploads\/2016\/12\/44-neue-Sicherheitsingenieure_safety-plus-scaled-1.jpeg\" \/>\n\t<meta property=\"og:image:width\" content=\"1200\" \/>\n\t<meta property=\"og:image:height\" content=\"727\" \/>\n\t<meta property=\"og:image:type\" content=\"image\/jpeg\" \/>\n<meta name=\"author\" content=\"admin\" \/>\n<meta name=\"twitter:card\" content=\"summary_large_image\" \/>\n<meta name=\"twitter:label1\" content=\"\u00c9crit par\" \/>\n\t<meta name=\"twitter:data1\" content=\"admin\" \/>\n\t<meta name=\"twitter:label2\" content=\"Dur\u00e9e de lecture estim\u00e9e\" \/>\n\t<meta name=\"twitter:data2\" content=\"2 minutes\" \/>\n<script type=\"application\/ld+json\" class=\"yoast-schema-graph\">{\"@context\":\"https:\\\/\\\/schema.org\",\"@graph\":[{\"@type\":\"Article\",\"@id\":\"https:\\\/\\\/news.save.ch\\\/44-neue-sicherheitsingenieure\\\/#article\",\"isPartOf\":{\"@id\":\"https:\\\/\\\/news.save.ch\\\/44-neue-sicherheitsingenieure\\\/\"},\"author\":{\"name\":\"admin\",\"@id\":\"https:\\\/\\\/news.save.ch\\\/de\\\/#\\\/schema\\\/person\\\/d49e199490bad7c70d64b9ab51142f2b\"},\"headline\":\"44 neue Sicherheitsingenieure\",\"datePublished\":\"2015-06-29T09:26:30+00:00\",\"dateModified\":\"2023-03-14T08:01:11+00:00\",\"mainEntityOfPage\":{\"@id\":\"https:\\\/\\\/news.save.ch\\\/44-neue-sicherheitsingenieure\\\/\"},\"wordCount\":313,\"commentCount\":0,\"publisher\":{\"@id\":\"https:\\\/\\\/news.save.ch\\\/de\\\/#organization\"},\"image\":{\"@id\":\"https:\\\/\\\/news.save.ch\\\/44-neue-sicherheitsingenieure\\\/#primaryimage\"},\"thumbnailUrl\":\"https:\\\/\\\/news.save.ch\\\/wp-content\\\/uploads\\\/2016\\\/12\\\/44-neue-Sicherheitsingenieure_safety-plus-scaled-1.jpeg\",\"keywords\":[\"Arbeitssicherheit\"],\"articleSection\":[\"HEALTH &amp; SAFETY\"],\"inLanguage\":\"fr-FR\"},{\"@type\":\"WebPage\",\"@id\":\"https:\\\/\\\/news.save.ch\\\/44-neue-sicherheitsingenieure\\\/\",\"url\":\"https:\\\/\\\/news.save.ch\\\/44-neue-sicherheitsingenieure\\\/\",\"name\":\"44 neue Sicherheitsingenieure - Save\",\"isPartOf\":{\"@id\":\"https:\\\/\\\/news.save.ch\\\/de\\\/#website\"},\"primaryImageOfPage\":{\"@id\":\"https:\\\/\\\/news.save.ch\\\/44-neue-sicherheitsingenieure\\\/#primaryimage\"},\"image\":{\"@id\":\"https:\\\/\\\/news.save.ch\\\/44-neue-sicherheitsingenieure\\\/#primaryimage\"},\"thumbnailUrl\":\"https:\\\/\\\/news.save.ch\\\/wp-content\\\/uploads\\\/2016\\\/12\\\/44-neue-Sicherheitsingenieure_safety-plus-scaled-1.jpeg\",\"datePublished\":\"2015-06-29T09:26:30+00:00\",\"dateModified\":\"2023-03-14T08:01:11+00:00\",\"description\":\"Im Jahr 2015 schliessen 44 neue Sicherheitsingenieure und -ingenieurinnen den EKAS-Lehrgang erfolgreich ab.\",\"breadcrumb\":{\"@id\":\"https:\\\/\\\/news.save.ch\\\/44-neue-sicherheitsingenieure\\\/#breadcrumb\"},\"inLanguage\":\"fr-FR\",\"potentialAction\":[{\"@type\":\"ReadAction\",\"target\":[\"https:\\\/\\\/news.save.ch\\\/44-neue-sicherheitsingenieure\\\/\"]}]},{\"@type\":\"ImageObject\",\"inLanguage\":\"fr-FR\",\"@id\":\"https:\\\/\\\/news.save.ch\\\/44-neue-sicherheitsingenieure\\\/#primaryimage\",\"url\":\"https:\\\/\\\/news.save.ch\\\/wp-content\\\/uploads\\\/2016\\\/12\\\/44-neue-Sicherheitsingenieure_safety-plus-scaled-1.jpeg\",\"contentUrl\":\"https:\\\/\\\/news.save.ch\\\/wp-content\\\/uploads\\\/2016\\\/12\\\/44-neue-Sicherheitsingenieure_safety-plus-scaled-1.jpeg\",\"width\":1200,\"height\":727,\"caption\":\"An der Diplom\u00fcbergabe am 26. Juni d\u00fcrfen sich die neuen Sicherheitsingenieure \u00fcber ihren neuen Titel freuen.\"},{\"@type\":\"BreadcrumbList\",\"@id\":\"https:\\\/\\\/news.save.ch\\\/44-neue-sicherheitsingenieure\\\/#breadcrumb\",\"itemListElement\":[{\"@type\":\"ListItem\",\"position\":1,\"name\":\"Home\",\"item\":\"https:\\\/\\\/news.save.ch\\\/de\\\/\"},{\"@type\":\"ListItem\",\"position\":2,\"name\":\"44 neue Sicherheitsingenieure\"}]},{\"@type\":\"WebSite\",\"@id\":\"https:\\\/\\\/news.save.ch\\\/de\\\/#website\",\"url\":\"https:\\\/\\\/news.save.ch\\\/de\\\/\",\"name\":\"Save\",\"description\":\"Schweizer Fachzeitschrift f\u00fcr Sicherheit\",\"publisher\":{\"@id\":\"https:\\\/\\\/news.save.ch\\\/de\\\/#organization\"},\"potentialAction\":[{\"@type\":\"SearchAction\",\"target\":{\"@type\":\"EntryPoint\",\"urlTemplate\":\"https:\\\/\\\/news.save.ch\\\/de\\\/?s={search_term_string}\"},\"query-input\":{\"@type\":\"PropertyValueSpecification\",\"valueRequired\":true,\"valueName\":\"search_term_string\"}}],\"inLanguage\":\"fr-FR\"},{\"@type\":\"Organization\",\"@id\":\"https:\\\/\\\/news.save.ch\\\/de\\\/#organization\",\"name\":\"Sicherheitsforum\",\"url\":\"https:\\\/\\\/news.save.ch\\\/de\\\/\",\"logo\":{\"@type\":\"ImageObject\",\"inLanguage\":\"fr-FR\",\"@id\":\"https:\\\/\\\/news.save.ch\\\/de\\\/#\\\/schema\\\/logo\\\/image\\\/\",\"url\":\"https:\\\/\\\/news.save.ch\\\/wp-content\\\/uploads\\\/2022\\\/06\\\/Logo_SF_2012.png\",\"contentUrl\":\"https:\\\/\\\/news.save.ch\\\/wp-content\\\/uploads\\\/2022\\\/06\\\/Logo_SF_2012.png\",\"width\":1100,\"height\":91,\"caption\":\"Sicherheitsforum\"},\"image\":{\"@id\":\"https:\\\/\\\/news.save.ch\\\/de\\\/#\\\/schema\\\/logo\\\/image\\\/\"}},{\"@type\":\"Person\",\"@id\":\"https:\\\/\\\/news.save.ch\\\/de\\\/#\\\/schema\\\/person\\\/d49e199490bad7c70d64b9ab51142f2b\",\"name\":\"admin\",\"image\":{\"@type\":\"ImageObject\",\"inLanguage\":\"fr-FR\",\"@id\":\"https:\\\/\\\/secure.gravatar.com\\\/avatar\\\/ae2f4d718e6c49043e314ce431e7e645d646302a24a5ef5a8bc8e3f5a032e319?s=96&d=mm&r=g\",\"url\":\"https:\\\/\\\/secure.gravatar.com\\\/avatar\\\/ae2f4d718e6c49043e314ce431e7e645d646302a24a5ef5a8bc8e3f5a032e319?s=96&d=mm&r=g\",\"contentUrl\":\"https:\\\/\\\/secure.gravatar.com\\\/avatar\\\/ae2f4d718e6c49043e314ce431e7e645d646302a24a5ef5a8bc8e3f5a032e319?s=96&d=mm&r=g\",\"caption\":\"admin\"},\"sameAs\":[\"https:\\\/\\\/develop.organisator.galledia.ch\"],\"url\":\"https:\\\/\\\/news.save.ch\\\/fr\\\/author\\\/admin\\\/\"}]}<\/script>\n<!-- \/ Yoast SEO plugin. -->","yoast_head_json":{"title":"44 nouveaux ing\u00e9nieurs de s\u00e9curit\u00e9 - Save","description":"En 2015, 44 nouveaux ing\u00e9nieurs de s\u00e9curit\u00e9 terminent avec succ\u00e8s le cursus CFST.","robots":{"index":"index","follow":"follow","max-snippet":"max-snippet:-1","max-image-preview":"max-image-preview:large","max-video-preview":"max-video-preview:-1"},"canonical":"https:\/\/news.save.ch\/fr\/44-neue-sicherheitsingenieure\/","og_locale":"fr_FR","og_type":"article","og_title":"44 neue Sicherheitsingenieure - Save","og_description":"Im Jahr 2015 schliessen 44 neue Sicherheitsingenieure und -ingenieurinnen den EKAS-Lehrgang erfolgreich ab.","og_url":"https:\/\/news.save.ch\/fr\/44-neue-sicherheitsingenieure\/","og_site_name":"Save","article_published_time":"2015-06-29T09:26:30+00:00","article_modified_time":"2023-03-14T08:01:11+00:00","og_image":[{"width":1200,"height":727,"url":"https:\/\/news.save.ch\/wp-content\/uploads\/2016\/12\/44-neue-Sicherheitsingenieure_safety-plus-scaled-1.jpeg","type":"image\/jpeg"}],"author":"admin","twitter_card":"summary_large_image","twitter_misc":{"\u00c9crit par":"admin","Dur\u00e9e de lecture estim\u00e9e":"2 minutes"},"schema":{"@context":"https:\/\/schema.org","@graph":[{"@type":"Article","@id":"https:\/\/news.save.ch\/44-neue-sicherheitsingenieure\/#article","isPartOf":{"@id":"https:\/\/news.save.ch\/44-neue-sicherheitsingenieure\/"},"author":{"name":"admin","@id":"https:\/\/news.save.ch\/de\/#\/schema\/person\/d49e199490bad7c70d64b9ab51142f2b"},"headline":"44 neue Sicherheitsingenieure","datePublished":"2015-06-29T09:26:30+00:00","dateModified":"2023-03-14T08:01:11+00:00","mainEntityOfPage":{"@id":"https:\/\/news.save.ch\/44-neue-sicherheitsingenieure\/"},"wordCount":313,"commentCount":0,"publisher":{"@id":"https:\/\/news.save.ch\/de\/#organization"},"image":{"@id":"https:\/\/news.save.ch\/44-neue-sicherheitsingenieure\/#primaryimage"},"thumbnailUrl":"https:\/\/news.save.ch\/wp-content\/uploads\/2016\/12\/44-neue-Sicherheitsingenieure_safety-plus-scaled-1.jpeg","keywords":["Arbeitssicherheit"],"articleSection":["HEALTH &amp; SAFETY"],"inLanguage":"fr-FR"},{"@type":"WebPage","@id":"https:\/\/news.save.ch\/44-neue-sicherheitsingenieure\/","url":"https:\/\/news.save.ch\/44-neue-sicherheitsingenieure\/","name":"44 nouveaux ing\u00e9nieurs de s\u00e9curit\u00e9 - Save","isPartOf":{"@id":"https:\/\/news.save.ch\/de\/#website"},"primaryImageOfPage":{"@id":"https:\/\/news.save.ch\/44-neue-sicherheitsingenieure\/#primaryimage"},"image":{"@id":"https:\/\/news.save.ch\/44-neue-sicherheitsingenieure\/#primaryimage"},"thumbnailUrl":"https:\/\/news.save.ch\/wp-content\/uploads\/2016\/12\/44-neue-Sicherheitsingenieure_safety-plus-scaled-1.jpeg","datePublished":"2015-06-29T09:26:30+00:00","dateModified":"2023-03-14T08:01:11+00:00","description":"En 2015, 44 nouveaux ing\u00e9nieurs de s\u00e9curit\u00e9 terminent avec succ\u00e8s le cursus CFST.","breadcrumb":{"@id":"https:\/\/news.save.ch\/44-neue-sicherheitsingenieure\/#breadcrumb"},"inLanguage":"fr-FR","potentialAction":[{"@type":"ReadAction","target":["https:\/\/news.save.ch\/44-neue-sicherheitsingenieure\/"]}]},{"@type":"ImageObject","inLanguage":"fr-FR","@id":"https:\/\/news.save.ch\/44-neue-sicherheitsingenieure\/#primaryimage","url":"https:\/\/news.save.ch\/wp-content\/uploads\/2016\/12\/44-neue-Sicherheitsingenieure_safety-plus-scaled-1.jpeg","contentUrl":"https:\/\/news.save.ch\/wp-content\/uploads\/2016\/12\/44-neue-Sicherheitsingenieure_safety-plus-scaled-1.jpeg","width":1200,"height":727,"caption":"An der Diplom\u00fcbergabe am 26. Juni d\u00fcrfen sich die neuen Sicherheitsingenieure \u00fcber ihren neuen Titel freuen."},{"@type":"BreadcrumbList","@id":"https:\/\/news.save.ch\/44-neue-sicherheitsingenieure\/#breadcrumb","itemListElement":[{"@type":"ListItem","position":1,"name":"Home","item":"https:\/\/news.save.ch\/de\/"},{"@type":"ListItem","position":2,"name":"44 neue Sicherheitsingenieure"}]},{"@type":"WebSite","@id":"https:\/\/news.save.ch\/de\/#website","url":"https:\/\/news.save.ch\/de\/","name":"Save","description":"Revue suisse sp\u00e9cialis\u00e9e dans la s\u00e9curit\u00e9","publisher":{"@id":"https:\/\/news.save.ch\/de\/#organization"},"potentialAction":[{"@type":"SearchAction","target":{"@type":"EntryPoint","urlTemplate":"https:\/\/news.save.ch\/de\/?s={search_term_string}"},"query-input":{"@type":"PropertyValueSpecification","valueRequired":true,"valueName":"search_term_string"}}],"inLanguage":"fr-FR"},{"@type":"Organization","@id":"https:\/\/news.save.ch\/de\/#organization","name":"Forum sur la s\u00e9curit\u00e9","url":"https:\/\/news.save.ch\/de\/","logo":{"@type":"ImageObject","inLanguage":"fr-FR","@id":"https:\/\/news.save.ch\/de\/#\/schema\/logo\/image\/","url":"https:\/\/news.save.ch\/wp-content\/uploads\/2022\/06\/Logo_SF_2012.png","contentUrl":"https:\/\/news.save.ch\/wp-content\/uploads\/2022\/06\/Logo_SF_2012.png","width":1100,"height":91,"caption":"Sicherheitsforum"},"image":{"@id":"https:\/\/news.save.ch\/de\/#\/schema\/logo\/image\/"}},{"@type":"Person","@id":"https:\/\/news.save.ch\/de\/#\/schema\/person\/d49e199490bad7c70d64b9ab51142f2b","name":"admin","image":{"@type":"ImageObject","inLanguage":"fr-FR","@id":"https:\/\/secure.gravatar.com\/avatar\/ae2f4d718e6c49043e314ce431e7e645d646302a24a5ef5a8bc8e3f5a032e319?s=96&d=mm&r=g","url":"https:\/\/secure.gravatar.com\/avatar\/ae2f4d718e6c49043e314ce431e7e645d646302a24a5ef5a8bc8e3f5a032e319?s=96&d=mm&r=g","contentUrl":"https:\/\/secure.gravatar.com\/avatar\/ae2f4d718e6c49043e314ce431e7e645d646302a24a5ef5a8bc8e3f5a032e319?s=96&d=mm&r=g","caption":"admin"},"sameAs":["https:\/\/develop.organisator.galledia.ch"],"url":"https:\/\/news.save.ch\/fr\/author\/admin\/"}]}},"_links":{"self":[{"href":"https:\/\/news.save.ch\/fr\/wp-json\/wp\/v2\/posts\/16657","targetHints":{"allow":["GET"]}}],"collection":[{"href":"https:\/\/news.save.ch\/fr\/wp-json\/wp\/v2\/posts"}],"about":[{"href":"https:\/\/news.save.ch\/fr\/wp-json\/wp\/v2\/types\/post"}],"author":[{"embeddable":true,"href":"https:\/\/news.save.ch\/fr\/wp-json\/wp\/v2\/users\/1"}],"replies":[{"embeddable":true,"href":"https:\/\/news.save.ch\/fr\/wp-json\/wp\/v2\/comments?post=16657"}],"version-history":[{"count":1,"href":"https:\/\/news.save.ch\/fr\/wp-json\/wp\/v2\/posts\/16657\/revisions"}],"predecessor-version":[{"id":18391,"href":"https:\/\/news.save.ch\/fr\/wp-json\/wp\/v2\/posts\/16657\/revisions\/18391"}],"wp:featuredmedia":[{"embeddable":true,"href":"https:\/\/news.save.ch\/fr\/wp-json\/wp\/v2\/media\/367"}],"wp:attachment":[{"href":"https:\/\/news.save.ch\/fr\/wp-json\/wp\/v2\/media?parent=16657"}],"wp:term":[{"taxonomy":"category","embeddable":true,"href":"https:\/\/news.save.ch\/fr\/wp-json\/wp\/v2\/categories?post=16657"},{"taxonomy":"post_tag","embeddable":true,"href":"https:\/\/news.save.ch\/fr\/wp-json\/wp\/v2\/tags?post=16657"}],"curies":[{"name":"wp","href":"https:\/\/api.w.org\/{rel}","templated":true}]}}