{"id":16679,"date":"2015-09-13T13:50:21","date_gmt":"2015-09-13T11:50:21","guid":{"rendered":"http:\/\/dev.safety-plus.ch\/?p=571"},"modified":"2023-03-14T09:03:05","modified_gmt":"2023-03-14T08:03:05","slug":"schweiz-ist-das-beste-land-um-alt-zu-werden","status":null,"type":"post","link":"https:\/\/news.save.ch\/fr\/schweiz-ist-das-beste-land-um-alt-zu-werden\/","title":{"rendered":"La Suisse est le meilleur pays pour vieillir"},"content":{"rendered":"<figure id=\"attachment_573\" aria-describedby=\"caption-attachment-573\" style=\"width: 680px\" class=\"wp-caption alignnone\"><img loading=\"lazy\" decoding=\"async\" class=\"wp-image-573 size-medium\" src=\"http:\/\/develop.safety-plus.ch\/wp-content\/uploads\/2016\/12\/Schweiz-ist-das-beste-Land-um-alt-zu-werden_safety-plus.jpeg\" alt=\"Esp\u00e9rance de vie \u00e9lev\u00e9e, s\u00e9curit\u00e9, offres vari\u00e9es : En Suisse, il fait bon vieillir.\" width=\"680\" height=\"454\" srcset=\"https:\/\/news.save.ch\/wp-content\/uploads\/2016\/12\/Schweiz-ist-das-beste-Land-um-alt-zu-werden_safety-plus.jpeg 1000w, https:\/\/news.save.ch\/wp-content\/uploads\/2016\/12\/Schweiz-ist-das-beste-Land-um-alt-zu-werden_safety-plus-680x454.jpeg 680w, https:\/\/news.save.ch\/wp-content\/uploads\/2016\/12\/Schweiz-ist-das-beste-Land-um-alt-zu-werden_safety-plus-768x512.jpeg 768w, https:\/\/news.save.ch\/wp-content\/uploads\/2016\/12\/Schweiz-ist-das-beste-Land-um-alt-zu-werden_safety-plus-18x12.jpeg 18w, https:\/\/news.save.ch\/wp-content\/uploads\/2016\/12\/Schweiz-ist-das-beste-Land-um-alt-zu-werden_safety-plus-375x250.jpeg 375w, https:\/\/news.save.ch\/wp-content\/uploads\/2016\/12\/Schweiz-ist-das-beste-Land-um-alt-zu-werden_safety-plus-525x350.jpeg 525w\" sizes=\"auto, (max-width: 680px) 100vw, 680px\" \/><figcaption id=\"caption-attachment-573\" class=\"wp-caption-text\">Esp\u00e9rance de vie \u00e9lev\u00e9e, s\u00e9curit\u00e9, offres vari\u00e9es : En Suisse, il fait bon vieillir.<\/figcaption><\/figure>\n<p>La Suisse est le meilleur pays pour vieillir. C'est ce que montre le\u00a0<a href=\"http:\/\/www.ageinternational.org.uk\/Documents\/Global_AgeWatch_Index_2015_HelpAge.pdf\" target=\"_blank\" data-cke-saved-href=\"http:\/\/www.ageinternational.org.uk\/Documents\/Global_AgeWatch_Index_2015_HelpAge.pdf\" rel=\"noopener\">Indice mondial AgeWatch<\/a>\u00a0de l'organisation humanitaire <a href=\"https:\/\/www.ageinternational.org.uk\/\" target=\"_blank\" data-cke-saved-href=\"https:\/\/www.ageinternational.org.uk\/\" rel=\"noopener\">Age International<\/a>L'association a pour but d'am\u00e9liorer les conditions de vie des personnes \u00e2g\u00e9es dans les pays pauvres.<\/p>\n<p>L'\u00e9tude mesure diff\u00e9rents facteurs tels que la s\u00e9curit\u00e9 des revenus pour les personnes \u00e2g\u00e9es, l'\u00e9tat de sant\u00e9 et l'esp\u00e9rance de vie, les taux de ch\u00f4mage pour les personnes de plus de 55 ans, ainsi que les facteurs qui permettent aux personnes \u00e2g\u00e9es de vivre de mani\u00e8re ind\u00e9pendante, tels que l'acc\u00e8s aux transports publics, la s\u00e9curit\u00e9 physique, les liens sociaux et la libert\u00e9 politique.<\/p>\n<p>La Suisse est particuli\u00e8rement bien plac\u00e9e en ce qui concerne l'\u00e9tat de sant\u00e9, le travail et l'environnement favorable, mais elle arrive en 27e position en ce qui concerne la s\u00e9curit\u00e9 des revenus. En effet, vieillir en Suisse comporte toujours un risque de pauvret\u00e9 : alors que le taux de pauvret\u00e9 en Suisse est de 7,7% pour toutes les cat\u00e9gories d'\u00e2ge, il atteint 16% pour les personnes de plus de 65 ans.<\/p>\n<p><strong>Les diff\u00e9rences se creusent <\/strong><\/p>\n<p>Au niveau mondial, l'\u00e9cart entre les pays \u00e9tudi\u00e9s se creuse de plus en plus, notamment en mati\u00e8re de sant\u00e9, d'\u00e9ducation et de revenus : Alors qu'en 1990, la diff\u00e9rence d'esp\u00e9rance de vie \u00e0 60 ans entre les dix meilleurs et les dix pires pays \u00e9tait de 5,7 ans, elle est aujourd'hui de 7,3 ans. Les pays les moins bien class\u00e9s sont principalement des pays africains ou des pays en conflit, comme le Pakistan et l'Afghanistan.<\/p>","protected":false},"excerpt":{"rendered":"<p>Die Schweiz ist das beste Land, um alt zu werden. Dies zeigt der\u00a0Global AgeWatch Index\u00a0der Hilfsorganisation Age International, die sich f\u00fcr verbesserte Lebensbedingungen von \u00e4lteren Leuten in armen L\u00e4ndern einsetzt. Die Studie misst verschiedene Faktoren wie Einkommenssicherheit f\u00fcr \u00e4ltere Personen, Gesundheitszustand und Lebenserwartung, Arbeitslosenzahlen f\u00fcr Personen \u00fcber 55\u00a0sowie Faktoren, die \u00e4lteren Personen ein unabh\u00e4ngiges Leben [&hellip;]<\/p>\n","protected":false},"author":1,"featured_media":573,"comment_status":"open","ping_status":"open","sticky":false,"template":"","format":"standard","meta":{"_acf_changed":false,"pgc_sgb_lightbox_settings":"","footnotes":""},"categories":[3314],"tags":[1621,149],"class_list":["post-16679","post","type-post","status-publish","format-standard","has-post-thumbnail","hentry","category-health-safety","tag-aeltere-arbeitnehmer","tag-gesundheitsschutz"],"acf":[],"hkrextid":null,"publication":null,"issue":null,"workflow":null,"startPage":null,"spitzmarke":null,"_posts_by_tag_page_fields":{"widget_title":"","widget_tags":""},"_at_widget":"1","_yoast_wpseo_primary_category":"4","_yoast_wpseo_focuskw_text_input":"Schweiz","_yoast_wpseo_opengraph-image":null,"_yoast_wpseo_opengraph-description":null,"_yoast_wpseo_opengraph-title":null,"enclosure":null,"_yoast_wpseo_twitter-title":null,"_yoast_wpseo_twitter-description":null,"_yoast_wpseo_twitter-image":null,"_wp_old_slug":null,"_yoast_wpseo_title":null,"_yoast_wpseo_canonical":null,"yoast_head":"<!-- This site is optimized with the Yoast SEO plugin v27.5 - https:\/\/yoast.com\/product\/yoast-seo-wordpress\/ -->\n<title>Schweiz ist das beste Land, um alt zu werden - Save<\/title>\n<meta name=\"description\" content=\"Im internationalen Ranking Global AgeWatch erreicht die Schweiz in diesem Jahr den ersten Platz.\" \/>\n<meta name=\"robots\" content=\"index, follow, max-snippet:-1, max-image-preview:large, max-video-preview:-1\" \/>\n<link rel=\"canonical\" href=\"https:\/\/news.save.ch\/fr\/schweiz-ist-das-beste-land-um-alt-zu-werden\/\" \/>\n<meta property=\"og:locale\" content=\"fr_FR\" \/>\n<meta property=\"og:type\" content=\"article\" \/>\n<meta property=\"og:title\" content=\"Schweiz ist das beste Land, um alt zu werden - Save\" \/>\n<meta property=\"og:description\" content=\"Im internationalen Ranking Global AgeWatch erreicht die Schweiz in diesem Jahr den ersten Platz.\" \/>\n<meta property=\"og:url\" content=\"https:\/\/news.save.ch\/fr\/schweiz-ist-das-beste-land-um-alt-zu-werden\/\" \/>\n<meta property=\"og:site_name\" content=\"Save\" \/>\n<meta property=\"article:published_time\" content=\"2015-09-13T11:50:21+00:00\" \/>\n<meta property=\"article:modified_time\" content=\"2023-03-14T08:03:05+00:00\" \/>\n<meta property=\"og:image\" content=\"https:\/\/news.save.ch\/wp-content\/uploads\/2016\/12\/Schweiz-ist-das-beste-Land-um-alt-zu-werden_safety-plus.jpeg\" \/>\n\t<meta property=\"og:image:width\" content=\"1000\" \/>\n\t<meta property=\"og:image:height\" content=\"667\" \/>\n\t<meta property=\"og:image:type\" content=\"image\/jpeg\" \/>\n<meta name=\"author\" content=\"admin\" \/>\n<meta name=\"twitter:card\" content=\"summary_large_image\" \/>\n<meta name=\"twitter:label1\" content=\"\u00c9crit par\" \/>\n\t<meta name=\"twitter:data1\" content=\"admin\" \/>\n\t<meta name=\"twitter:label2\" content=\"Dur\u00e9e de lecture estim\u00e9e\" \/>\n\t<meta name=\"twitter:data2\" content=\"1 minute\" \/>\n<script type=\"application\/ld+json\" class=\"yoast-schema-graph\">{\"@context\":\"https:\\\/\\\/schema.org\",\"@graph\":[{\"@type\":\"Article\",\"@id\":\"https:\\\/\\\/news.save.ch\\\/schweiz-ist-das-beste-land-um-alt-zu-werden\\\/#article\",\"isPartOf\":{\"@id\":\"https:\\\/\\\/news.save.ch\\\/schweiz-ist-das-beste-land-um-alt-zu-werden\\\/\"},\"author\":{\"name\":\"admin\",\"@id\":\"https:\\\/\\\/news.save.ch\\\/de\\\/#\\\/schema\\\/person\\\/d49e199490bad7c70d64b9ab51142f2b\"},\"headline\":\"Schweiz ist das beste Land, um alt zu werden\",\"datePublished\":\"2015-09-13T11:50:21+00:00\",\"dateModified\":\"2023-03-14T08:03:05+00:00\",\"mainEntityOfPage\":{\"@id\":\"https:\\\/\\\/news.save.ch\\\/schweiz-ist-das-beste-land-um-alt-zu-werden\\\/\"},\"wordCount\":249,\"commentCount\":0,\"publisher\":{\"@id\":\"https:\\\/\\\/news.save.ch\\\/de\\\/#organization\"},\"image\":{\"@id\":\"https:\\\/\\\/news.save.ch\\\/schweiz-ist-das-beste-land-um-alt-zu-werden\\\/#primaryimage\"},\"thumbnailUrl\":\"https:\\\/\\\/news.save.ch\\\/wp-content\\\/uploads\\\/2016\\\/12\\\/Schweiz-ist-das-beste-Land-um-alt-zu-werden_safety-plus.jpeg\",\"keywords\":[\"\u00c4ltere Arbeitnehmer\",\"Gesundheitsschutz\"],\"articleSection\":[\"HEALTH &amp; SAFETY\"],\"inLanguage\":\"fr-FR\"},{\"@type\":\"WebPage\",\"@id\":\"https:\\\/\\\/news.save.ch\\\/schweiz-ist-das-beste-land-um-alt-zu-werden\\\/\",\"url\":\"https:\\\/\\\/news.save.ch\\\/schweiz-ist-das-beste-land-um-alt-zu-werden\\\/\",\"name\":\"Schweiz ist das beste Land, um alt zu werden - Save\",\"isPartOf\":{\"@id\":\"https:\\\/\\\/news.save.ch\\\/de\\\/#website\"},\"primaryImageOfPage\":{\"@id\":\"https:\\\/\\\/news.save.ch\\\/schweiz-ist-das-beste-land-um-alt-zu-werden\\\/#primaryimage\"},\"image\":{\"@id\":\"https:\\\/\\\/news.save.ch\\\/schweiz-ist-das-beste-land-um-alt-zu-werden\\\/#primaryimage\"},\"thumbnailUrl\":\"https:\\\/\\\/news.save.ch\\\/wp-content\\\/uploads\\\/2016\\\/12\\\/Schweiz-ist-das-beste-Land-um-alt-zu-werden_safety-plus.jpeg\",\"datePublished\":\"2015-09-13T11:50:21+00:00\",\"dateModified\":\"2023-03-14T08:03:05+00:00\",\"description\":\"Im internationalen Ranking Global AgeWatch erreicht die Schweiz in diesem Jahr den ersten Platz.\",\"breadcrumb\":{\"@id\":\"https:\\\/\\\/news.save.ch\\\/schweiz-ist-das-beste-land-um-alt-zu-werden\\\/#breadcrumb\"},\"inLanguage\":\"fr-FR\",\"potentialAction\":[{\"@type\":\"ReadAction\",\"target\":[\"https:\\\/\\\/news.save.ch\\\/schweiz-ist-das-beste-land-um-alt-zu-werden\\\/\"]}]},{\"@type\":\"ImageObject\",\"inLanguage\":\"fr-FR\",\"@id\":\"https:\\\/\\\/news.save.ch\\\/schweiz-ist-das-beste-land-um-alt-zu-werden\\\/#primaryimage\",\"url\":\"https:\\\/\\\/news.save.ch\\\/wp-content\\\/uploads\\\/2016\\\/12\\\/Schweiz-ist-das-beste-Land-um-alt-zu-werden_safety-plus.jpeg\",\"contentUrl\":\"https:\\\/\\\/news.save.ch\\\/wp-content\\\/uploads\\\/2016\\\/12\\\/Schweiz-ist-das-beste-Land-um-alt-zu-werden_safety-plus.jpeg\",\"width\":1000,\"height\":667,\"caption\":\"Hohe Lebenserwartung, Sicherheit, vielf\u00e4ltige Angebote: In der Schweiz l\u00e4sst es sich gut \u00e4lter werden.\"},{\"@type\":\"BreadcrumbList\",\"@id\":\"https:\\\/\\\/news.save.ch\\\/schweiz-ist-das-beste-land-um-alt-zu-werden\\\/#breadcrumb\",\"itemListElement\":[{\"@type\":\"ListItem\",\"position\":1,\"name\":\"Home\",\"item\":\"https:\\\/\\\/news.save.ch\\\/de\\\/\"},{\"@type\":\"ListItem\",\"position\":2,\"name\":\"Schweiz ist das beste Land, um alt zu werden\"}]},{\"@type\":\"WebSite\",\"@id\":\"https:\\\/\\\/news.save.ch\\\/de\\\/#website\",\"url\":\"https:\\\/\\\/news.save.ch\\\/de\\\/\",\"name\":\"Save\",\"description\":\"Schweizer Fachzeitschrift f\u00fcr Sicherheit\",\"publisher\":{\"@id\":\"https:\\\/\\\/news.save.ch\\\/de\\\/#organization\"},\"potentialAction\":[{\"@type\":\"SearchAction\",\"target\":{\"@type\":\"EntryPoint\",\"urlTemplate\":\"https:\\\/\\\/news.save.ch\\\/de\\\/?s={search_term_string}\"},\"query-input\":{\"@type\":\"PropertyValueSpecification\",\"valueRequired\":true,\"valueName\":\"search_term_string\"}}],\"inLanguage\":\"fr-FR\"},{\"@type\":\"Organization\",\"@id\":\"https:\\\/\\\/news.save.ch\\\/de\\\/#organization\",\"name\":\"Sicherheitsforum\",\"url\":\"https:\\\/\\\/news.save.ch\\\/de\\\/\",\"logo\":{\"@type\":\"ImageObject\",\"inLanguage\":\"fr-FR\",\"@id\":\"https:\\\/\\\/news.save.ch\\\/de\\\/#\\\/schema\\\/logo\\\/image\\\/\",\"url\":\"https:\\\/\\\/news.save.ch\\\/wp-content\\\/uploads\\\/2022\\\/06\\\/Logo_SF_2012.png\",\"contentUrl\":\"https:\\\/\\\/news.save.ch\\\/wp-content\\\/uploads\\\/2022\\\/06\\\/Logo_SF_2012.png\",\"width\":1100,\"height\":91,\"caption\":\"Sicherheitsforum\"},\"image\":{\"@id\":\"https:\\\/\\\/news.save.ch\\\/de\\\/#\\\/schema\\\/logo\\\/image\\\/\"}},{\"@type\":\"Person\",\"@id\":\"https:\\\/\\\/news.save.ch\\\/de\\\/#\\\/schema\\\/person\\\/d49e199490bad7c70d64b9ab51142f2b\",\"name\":\"admin\",\"image\":{\"@type\":\"ImageObject\",\"inLanguage\":\"fr-FR\",\"@id\":\"https:\\\/\\\/secure.gravatar.com\\\/avatar\\\/ae2f4d718e6c49043e314ce431e7e645d646302a24a5ef5a8bc8e3f5a032e319?s=96&d=mm&r=g\",\"url\":\"https:\\\/\\\/secure.gravatar.com\\\/avatar\\\/ae2f4d718e6c49043e314ce431e7e645d646302a24a5ef5a8bc8e3f5a032e319?s=96&d=mm&r=g\",\"contentUrl\":\"https:\\\/\\\/secure.gravatar.com\\\/avatar\\\/ae2f4d718e6c49043e314ce431e7e645d646302a24a5ef5a8bc8e3f5a032e319?s=96&d=mm&r=g\",\"caption\":\"admin\"},\"sameAs\":[\"https:\\\/\\\/develop.organisator.galledia.ch\"],\"url\":\"https:\\\/\\\/news.save.ch\\\/fr\\\/author\\\/admin\\\/\"}]}<\/script>\n<!-- \/ Yoast SEO plugin. -->","yoast_head_json":{"title":"La Suisse est le meilleur pays pour vieillir - Save","description":"Dans le classement international Global AgeWatch, la Suisse obtient cette ann\u00e9e la premi\u00e8re place.","robots":{"index":"index","follow":"follow","max-snippet":"max-snippet:-1","max-image-preview":"max-image-preview:large","max-video-preview":"max-video-preview:-1"},"canonical":"https:\/\/news.save.ch\/fr\/schweiz-ist-das-beste-land-um-alt-zu-werden\/","og_locale":"fr_FR","og_type":"article","og_title":"Schweiz ist das beste Land, um alt zu werden - Save","og_description":"Im internationalen Ranking Global AgeWatch erreicht die Schweiz in diesem Jahr den ersten Platz.","og_url":"https:\/\/news.save.ch\/fr\/schweiz-ist-das-beste-land-um-alt-zu-werden\/","og_site_name":"Save","article_published_time":"2015-09-13T11:50:21+00:00","article_modified_time":"2023-03-14T08:03:05+00:00","og_image":[{"width":1000,"height":667,"url":"https:\/\/news.save.ch\/wp-content\/uploads\/2016\/12\/Schweiz-ist-das-beste-Land-um-alt-zu-werden_safety-plus.jpeg","type":"image\/jpeg"}],"author":"admin","twitter_card":"summary_large_image","twitter_misc":{"\u00c9crit par":"admin","Dur\u00e9e de lecture estim\u00e9e":"1 minute"},"schema":{"@context":"https:\/\/schema.org","@graph":[{"@type":"Article","@id":"https:\/\/news.save.ch\/schweiz-ist-das-beste-land-um-alt-zu-werden\/#article","isPartOf":{"@id":"https:\/\/news.save.ch\/schweiz-ist-das-beste-land-um-alt-zu-werden\/"},"author":{"name":"admin","@id":"https:\/\/news.save.ch\/de\/#\/schema\/person\/d49e199490bad7c70d64b9ab51142f2b"},"headline":"Schweiz ist das beste Land, um alt zu werden","datePublished":"2015-09-13T11:50:21+00:00","dateModified":"2023-03-14T08:03:05+00:00","mainEntityOfPage":{"@id":"https:\/\/news.save.ch\/schweiz-ist-das-beste-land-um-alt-zu-werden\/"},"wordCount":249,"commentCount":0,"publisher":{"@id":"https:\/\/news.save.ch\/de\/#organization"},"image":{"@id":"https:\/\/news.save.ch\/schweiz-ist-das-beste-land-um-alt-zu-werden\/#primaryimage"},"thumbnailUrl":"https:\/\/news.save.ch\/wp-content\/uploads\/2016\/12\/Schweiz-ist-das-beste-Land-um-alt-zu-werden_safety-plus.jpeg","keywords":["\u00c4ltere Arbeitnehmer","Gesundheitsschutz"],"articleSection":["HEALTH &amp; SAFETY"],"inLanguage":"fr-FR"},{"@type":"WebPage","@id":"https:\/\/news.save.ch\/schweiz-ist-das-beste-land-um-alt-zu-werden\/","url":"https:\/\/news.save.ch\/schweiz-ist-das-beste-land-um-alt-zu-werden\/","name":"La Suisse est le meilleur pays pour vieillir - Save","isPartOf":{"@id":"https:\/\/news.save.ch\/de\/#website"},"primaryImageOfPage":{"@id":"https:\/\/news.save.ch\/schweiz-ist-das-beste-land-um-alt-zu-werden\/#primaryimage"},"image":{"@id":"https:\/\/news.save.ch\/schweiz-ist-das-beste-land-um-alt-zu-werden\/#primaryimage"},"thumbnailUrl":"https:\/\/news.save.ch\/wp-content\/uploads\/2016\/12\/Schweiz-ist-das-beste-Land-um-alt-zu-werden_safety-plus.jpeg","datePublished":"2015-09-13T11:50:21+00:00","dateModified":"2023-03-14T08:03:05+00:00","description":"Dans le classement international Global AgeWatch, la Suisse obtient cette ann\u00e9e la premi\u00e8re place.","breadcrumb":{"@id":"https:\/\/news.save.ch\/schweiz-ist-das-beste-land-um-alt-zu-werden\/#breadcrumb"},"inLanguage":"fr-FR","potentialAction":[{"@type":"ReadAction","target":["https:\/\/news.save.ch\/schweiz-ist-das-beste-land-um-alt-zu-werden\/"]}]},{"@type":"ImageObject","inLanguage":"fr-FR","@id":"https:\/\/news.save.ch\/schweiz-ist-das-beste-land-um-alt-zu-werden\/#primaryimage","url":"https:\/\/news.save.ch\/wp-content\/uploads\/2016\/12\/Schweiz-ist-das-beste-Land-um-alt-zu-werden_safety-plus.jpeg","contentUrl":"https:\/\/news.save.ch\/wp-content\/uploads\/2016\/12\/Schweiz-ist-das-beste-Land-um-alt-zu-werden_safety-plus.jpeg","width":1000,"height":667,"caption":"Hohe Lebenserwartung, Sicherheit, vielf\u00e4ltige Angebote: In der Schweiz l\u00e4sst es sich gut \u00e4lter werden."},{"@type":"BreadcrumbList","@id":"https:\/\/news.save.ch\/schweiz-ist-das-beste-land-um-alt-zu-werden\/#breadcrumb","itemListElement":[{"@type":"ListItem","position":1,"name":"Home","item":"https:\/\/news.save.ch\/de\/"},{"@type":"ListItem","position":2,"name":"Schweiz ist das beste Land, um alt zu werden"}]},{"@type":"WebSite","@id":"https:\/\/news.save.ch\/de\/#website","url":"https:\/\/news.save.ch\/de\/","name":"Save","description":"Revue suisse sp\u00e9cialis\u00e9e dans la s\u00e9curit\u00e9","publisher":{"@id":"https:\/\/news.save.ch\/de\/#organization"},"potentialAction":[{"@type":"SearchAction","target":{"@type":"EntryPoint","urlTemplate":"https:\/\/news.save.ch\/de\/?s={search_term_string}"},"query-input":{"@type":"PropertyValueSpecification","valueRequired":true,"valueName":"search_term_string"}}],"inLanguage":"fr-FR"},{"@type":"Organization","@id":"https:\/\/news.save.ch\/de\/#organization","name":"Forum sur la s\u00e9curit\u00e9","url":"https:\/\/news.save.ch\/de\/","logo":{"@type":"ImageObject","inLanguage":"fr-FR","@id":"https:\/\/news.save.ch\/de\/#\/schema\/logo\/image\/","url":"https:\/\/news.save.ch\/wp-content\/uploads\/2022\/06\/Logo_SF_2012.png","contentUrl":"https:\/\/news.save.ch\/wp-content\/uploads\/2022\/06\/Logo_SF_2012.png","width":1100,"height":91,"caption":"Sicherheitsforum"},"image":{"@id":"https:\/\/news.save.ch\/de\/#\/schema\/logo\/image\/"}},{"@type":"Person","@id":"https:\/\/news.save.ch\/de\/#\/schema\/person\/d49e199490bad7c70d64b9ab51142f2b","name":"admin","image":{"@type":"ImageObject","inLanguage":"fr-FR","@id":"https:\/\/secure.gravatar.com\/avatar\/ae2f4d718e6c49043e314ce431e7e645d646302a24a5ef5a8bc8e3f5a032e319?s=96&d=mm&r=g","url":"https:\/\/secure.gravatar.com\/avatar\/ae2f4d718e6c49043e314ce431e7e645d646302a24a5ef5a8bc8e3f5a032e319?s=96&d=mm&r=g","contentUrl":"https:\/\/secure.gravatar.com\/avatar\/ae2f4d718e6c49043e314ce431e7e645d646302a24a5ef5a8bc8e3f5a032e319?s=96&d=mm&r=g","caption":"admin"},"sameAs":["https:\/\/develop.organisator.galledia.ch"],"url":"https:\/\/news.save.ch\/fr\/author\/admin\/"}]}},"_links":{"self":[{"href":"https:\/\/news.save.ch\/fr\/wp-json\/wp\/v2\/posts\/16679","targetHints":{"allow":["GET"]}}],"collection":[{"href":"https:\/\/news.save.ch\/fr\/wp-json\/wp\/v2\/posts"}],"about":[{"href":"https:\/\/news.save.ch\/fr\/wp-json\/wp\/v2\/types\/post"}],"author":[{"embeddable":true,"href":"https:\/\/news.save.ch\/fr\/wp-json\/wp\/v2\/users\/1"}],"replies":[{"embeddable":true,"href":"https:\/\/news.save.ch\/fr\/wp-json\/wp\/v2\/comments?post=16679"}],"version-history":[{"count":1,"href":"https:\/\/news.save.ch\/fr\/wp-json\/wp\/v2\/posts\/16679\/revisions"}],"predecessor-version":[{"id":18850,"href":"https:\/\/news.save.ch\/fr\/wp-json\/wp\/v2\/posts\/16679\/revisions\/18850"}],"wp:featuredmedia":[{"embeddable":true,"href":"https:\/\/news.save.ch\/fr\/wp-json\/wp\/v2\/media\/573"}],"wp:attachment":[{"href":"https:\/\/news.save.ch\/fr\/wp-json\/wp\/v2\/media?parent=16679"}],"wp:term":[{"taxonomy":"category","embeddable":true,"href":"https:\/\/news.save.ch\/fr\/wp-json\/wp\/v2\/categories?post=16679"},{"taxonomy":"post_tag","embeddable":true,"href":"https:\/\/news.save.ch\/fr\/wp-json\/wp\/v2\/tags?post=16679"}],"curies":[{"name":"wp","href":"https:\/\/api.w.org\/{rel}","templated":true}]}}