{"id":16695,"date":"2015-11-05T14:37:37","date_gmt":"2015-11-05T13:37:37","guid":{"rendered":"http:\/\/dev.safety-plus.ch\/?p=680"},"modified":"2015-11-05T14:37:37","modified_gmt":"2015-11-05T13:37:37","slug":"arbeitszeiterfassung-bundesrat-regelt-ausnahmen","status":null,"type":"post","link":"https:\/\/news.save.ch\/fr\/arbeitszeiterfassung-bundesrat-regelt-ausnahmen\/","title":{"rendered":"Enregistrement du temps de travail : le Conseil f\u00e9d\u00e9ral r\u00e8gle les exceptions"},"content":{"rendered":"<figure id=\"attachment_681\" aria-describedby=\"caption-attachment-681\" style=\"width: 680px\" class=\"wp-caption alignnone\"><img loading=\"lazy\" decoding=\"async\" class=\"wp-image-681 size-medium\" src=\"http:\/\/develop.safety-plus.ch\/wp-content\/uploads\/2016\/12\/Arbeitszeiterfassung-Bundesrat-regelt-Ausnahmen_safety-plus.jpg\" alt=\"La badgeuse ne correspond plus \u00e0 la r\u00e9alit\u00e9 du travail actuel.\" width=\"680\" height=\"510\" \/><figcaption id=\"caption-attachment-681\" class=\"wp-caption-text\">La badgeuse ne correspond plus \u00e0 la r\u00e9alit\u00e9 du travail actuel.<\/figcaption><\/figure>\n<p>Le 4 novembre 2015, le Conseil f\u00e9d\u00e9ral a adapt\u00e9 l'enregistrement du temps de travail aux r\u00e9alit\u00e9s du monde du travail actuel. Il a d\u00e9cid\u00e9 d'introduire les art. 73a et 73b dans l'ordonnance 1 relative \u00e0 la loi sur le travail (OLT 1). Ces nouvelles dispositions permettent de convenir, dans des conditions clairement d\u00e9finies, de d\u00e9rogations \u00e0 l'obligation de saisie d\u00e9taill\u00e9e du temps de travail. La s\u00e9curit\u00e9 juridique est ainsi r\u00e9tablie, les entreprises sont d\u00e9charg\u00e9es sur le plan administratif et l'ex\u00e9cution de la loi sur le travail est renforc\u00e9e dans l'int\u00e9r\u00eat des employeurs et des travailleurs. La r\u00e9vision entrera en vigueur le 1er janvier 2016.<\/p>\n<p><strong>Prendre en compte la flexibilit\u00e9<\/strong><br \/>\nLe monde du travail a consid\u00e9rablement \u00e9volu\u00e9 au cours des derni\u00e8res d\u00e9cennies. Une grande partie des activit\u00e9s professionnelles se caract\u00e9rise aujourd'hui par une flexibilit\u00e9 en termes de lieu et de temps. Cette \u00e9volution a eu pour cons\u00e9quence que la loi sur le travail, qui prescrit de mani\u00e8re g\u00e9n\u00e9rale un enregistrement complet et d\u00e9taill\u00e9 du temps de travail effectu\u00e9, ne correspondait plus au monde du travail r\u00e9el. L'adaptation de l'ordonnance d\u00e9cid\u00e9e aujourd'hui rem\u00e9die \u00e0 cette situation. La r\u00e9vision cr\u00e9e deux nouvelles formes d'enregistrement du temps de travail qui, dans le cadre de ce qui est l\u00e9galement possible, tiennent compte des r\u00e9alit\u00e9s actuelles du monde du travail. Les travailleurs et les employeurs b\u00e9n\u00e9ficient ainsi \u00e0 nouveau de la s\u00e9curit\u00e9 juridique, les entreprises sont d\u00e9charg\u00e9es sur le plan administratif et l'ex\u00e9cution de la loi sur le travail est renforc\u00e9e.<\/p>\n<p><strong>Deux exceptions d\u00e9finies<\/strong><br \/>\nL'ordonnance pr\u00e9voit deux variantes, la premi\u00e8re pr\u00e9supposant une convention collective de travail (CCT), la seconde non. Selon l'article 73a OLT 1, il sera d\u00e9sormais possible de renoncer totalement \u00e0 l'enregistrement du temps de travail sur la base d'une convention collective de travail et avec l'accord \u00e9crit du travailleur. Cette disposition s'adresse exclusivement aux travailleurs dont le revenu annuel brut (primes, etc. comprises) est sup\u00e9rieur \u00e0 120 000 CHF et qui disposent d'une grande autonomie dans l'organisation et la gestion de leur temps de travail.<\/p>\n<p>Pour les travailleurs disposant d'une autonomie consid\u00e9rable en mati\u00e8re de temps de travail, l'article 73b OLT 1 introduit la possibilit\u00e9 d'un enregistrement tr\u00e8s simplifi\u00e9 du temps de travail. Cela signifie que seule la dur\u00e9e totale du temps de travail quotidien doit \u00eatre document\u00e9e. Seuls le d\u00e9but et la fin du travail du dimanche et le travail de nuit doivent \u00e9galement \u00eatre consign\u00e9s. L'enregistrement simplifi\u00e9 du temps de travail ne n\u00e9cessite pas de CCT, mais seulement un accord collectif entre l'employeur et la repr\u00e9sentation - externe ou interne - des travailleurs.<\/p>\n<p><strong>Des syndicats sceptiques<\/strong><br \/>\nLe syndicat Unia regrette cette d\u00e9cision, mais se f\u00e9licite que les exceptions soient li\u00e9es \u00e0 des conditions claires. Afin de conseiller les travailleurs et les commissions du personnel sur les questions relatives \u00e0 la saisie du temps de travail et d'\u00e9viter les abus, Unia a mis en place la hotline \"Service temps de travail\". Les travailleurs peuvent s'informer gratuitement en appelant le 0848 240 240 ou en consultant le site service-arbeitszeit.ch.<\/p>","protected":false},"excerpt":{"rendered":"<p>Der Bundesrat hat am 4. November 2015 die Arbeitszeiterfassung den Realit\u00e4ten der heutigen Arbeitswelt angepasst. Er beschloss die Einf\u00fchrung von Art. 73a und 73b in die Verordnung 1 zum Arbeitsgesetz (ArGV 1). Diese neuen Bestimmungen erm\u00f6glichen es, unter klar definierten Bedingungen Abweichungen von der detaillierten Arbeitszeiterfassungspflicht zu vereinbaren. Damit wird die Rechtssicherheit wieder hergestellt, die [&hellip;]<\/p>\n","protected":false},"author":1,"featured_media":16048,"comment_status":"open","ping_status":"open","sticky":false,"template":"","format":"standard","meta":{"_acf_changed":false,"pgc_sgb_lightbox_settings":"","footnotes":""},"categories":[1],"tags":[1678],"class_list":["post-16695","post","type-post","status-publish","format-standard","has-post-thumbnail","hentry","category-allgemein","tag-arbeitszeit"],"acf":[],"hkrextid":null,"publication":null,"issue":null,"workflow":null,"startPage":null,"spitzmarke":null,"_posts_by_tag_page_fields":{"widget_title":"","widget_tags":""},"_at_widget":"1","_yoast_wpseo_primary_category":"1","_yoast_wpseo_focuskw_text_input":"Arbeitszeiterfassung","_yoast_wpseo_opengraph-image":null,"_yoast_wpseo_opengraph-description":null,"_yoast_wpseo_opengraph-title":null,"enclosure":null,"_yoast_wpseo_twitter-title":null,"_yoast_wpseo_twitter-description":null,"_yoast_wpseo_twitter-image":null,"_wp_old_slug":null,"_yoast_wpseo_title":null,"_yoast_wpseo_canonical":null,"yoast_head":"<!-- This site is optimized with the Yoast SEO plugin v27.5 - https:\/\/yoast.com\/product\/yoast-seo-wordpress\/ -->\n<title>Arbeitszeiterfassung: Bundesrat regelt Ausnahmen - Save<\/title>\n<meta name=\"description\" content=\"Die Pflicht zur Arbeitszeiterfassung wird am 1. Januar 2016 gelockert - jedenfalls, wenn bestimmte Voraussetzungen erf\u00fcllt sind.\" \/>\n<meta name=\"robots\" content=\"index, follow, max-snippet:-1, max-image-preview:large, max-video-preview:-1\" \/>\n<link rel=\"canonical\" href=\"https:\/\/news.save.ch\/fr\/arbeitszeiterfassung-bundesrat-regelt-ausnahmen\/\" \/>\n<meta property=\"og:locale\" content=\"fr_FR\" \/>\n<meta property=\"og:type\" content=\"article\" \/>\n<meta property=\"og:title\" content=\"Arbeitszeiterfassung: Bundesrat regelt Ausnahmen - Save\" \/>\n<meta property=\"og:description\" content=\"Die Pflicht zur Arbeitszeiterfassung wird am 1. Januar 2016 gelockert - jedenfalls, wenn bestimmte Voraussetzungen erf\u00fcllt sind.\" \/>\n<meta property=\"og:url\" content=\"https:\/\/news.save.ch\/fr\/arbeitszeiterfassung-bundesrat-regelt-ausnahmen\/\" \/>\n<meta property=\"og:site_name\" content=\"Save\" \/>\n<meta property=\"article:published_time\" content=\"2015-11-05T13:37:37+00:00\" \/>\n<meta property=\"og:image\" content=\"https:\/\/news.save.ch\/wp-content\/uploads\/2016\/12\/Arbeitszeiterfassung-Bundesrat-regelt-Ausnahmen_safety-plus.jpg\" \/>\n\t<meta property=\"og:image:width\" content=\"1024\" \/>\n\t<meta property=\"og:image:height\" content=\"768\" \/>\n\t<meta property=\"og:image:type\" content=\"image\/jpeg\" \/>\n<meta name=\"author\" content=\"admin\" \/>\n<meta name=\"twitter:card\" content=\"summary_large_image\" \/>\n<meta name=\"twitter:label1\" content=\"\u00c9crit par\" \/>\n\t<meta name=\"twitter:data1\" content=\"admin\" \/>\n\t<meta name=\"twitter:label2\" content=\"Dur\u00e9e de lecture estim\u00e9e\" \/>\n\t<meta name=\"twitter:data2\" content=\"2 minutes\" \/>\n<script type=\"application\/ld+json\" class=\"yoast-schema-graph\">{\"@context\":\"https:\\\/\\\/schema.org\",\"@graph\":[{\"@type\":\"Article\",\"@id\":\"https:\\\/\\\/news.save.ch\\\/arbeitszeiterfassung-bundesrat-regelt-ausnahmen\\\/#article\",\"isPartOf\":{\"@id\":\"https:\\\/\\\/news.save.ch\\\/arbeitszeiterfassung-bundesrat-regelt-ausnahmen\\\/\"},\"author\":{\"name\":\"admin\",\"@id\":\"https:\\\/\\\/news.save.ch\\\/de\\\/#\\\/schema\\\/person\\\/d49e199490bad7c70d64b9ab51142f2b\"},\"headline\":\"Arbeitszeiterfassung: Bundesrat regelt Ausnahmen\",\"datePublished\":\"2015-11-05T13:37:37+00:00\",\"mainEntityOfPage\":{\"@id\":\"https:\\\/\\\/news.save.ch\\\/arbeitszeiterfassung-bundesrat-regelt-ausnahmen\\\/\"},\"wordCount\":422,\"commentCount\":0,\"publisher\":{\"@id\":\"https:\\\/\\\/news.save.ch\\\/de\\\/#organization\"},\"image\":{\"@id\":\"https:\\\/\\\/news.save.ch\\\/arbeitszeiterfassung-bundesrat-regelt-ausnahmen\\\/#primaryimage\"},\"thumbnailUrl\":\"https:\\\/\\\/news.save.ch\\\/wp-content\\\/uploads\\\/2016\\\/12\\\/Arbeitszeiterfassung-Bundesrat-regelt-Ausnahmen_safety-plus.jpg\",\"keywords\":[\"Arbeitszeit\"],\"articleSection\":[\"ALLGEMEIN\"],\"inLanguage\":\"fr-FR\"},{\"@type\":\"WebPage\",\"@id\":\"https:\\\/\\\/news.save.ch\\\/arbeitszeiterfassung-bundesrat-regelt-ausnahmen\\\/\",\"url\":\"https:\\\/\\\/news.save.ch\\\/arbeitszeiterfassung-bundesrat-regelt-ausnahmen\\\/\",\"name\":\"Arbeitszeiterfassung: Bundesrat regelt Ausnahmen - Save\",\"isPartOf\":{\"@id\":\"https:\\\/\\\/news.save.ch\\\/de\\\/#website\"},\"primaryImageOfPage\":{\"@id\":\"https:\\\/\\\/news.save.ch\\\/arbeitszeiterfassung-bundesrat-regelt-ausnahmen\\\/#primaryimage\"},\"image\":{\"@id\":\"https:\\\/\\\/news.save.ch\\\/arbeitszeiterfassung-bundesrat-regelt-ausnahmen\\\/#primaryimage\"},\"thumbnailUrl\":\"https:\\\/\\\/news.save.ch\\\/wp-content\\\/uploads\\\/2016\\\/12\\\/Arbeitszeiterfassung-Bundesrat-regelt-Ausnahmen_safety-plus.jpg\",\"datePublished\":\"2015-11-05T13:37:37+00:00\",\"description\":\"Die Pflicht zur Arbeitszeiterfassung wird am 1. Januar 2016 gelockert - jedenfalls, wenn bestimmte Voraussetzungen erf\u00fcllt sind.\",\"breadcrumb\":{\"@id\":\"https:\\\/\\\/news.save.ch\\\/arbeitszeiterfassung-bundesrat-regelt-ausnahmen\\\/#breadcrumb\"},\"inLanguage\":\"fr-FR\",\"potentialAction\":[{\"@type\":\"ReadAction\",\"target\":[\"https:\\\/\\\/news.save.ch\\\/arbeitszeiterfassung-bundesrat-regelt-ausnahmen\\\/\"]}]},{\"@type\":\"ImageObject\",\"inLanguage\":\"fr-FR\",\"@id\":\"https:\\\/\\\/news.save.ch\\\/arbeitszeiterfassung-bundesrat-regelt-ausnahmen\\\/#primaryimage\",\"url\":\"https:\\\/\\\/news.save.ch\\\/wp-content\\\/uploads\\\/2016\\\/12\\\/Arbeitszeiterfassung-Bundesrat-regelt-Ausnahmen_safety-plus.jpg\",\"contentUrl\":\"https:\\\/\\\/news.save.ch\\\/wp-content\\\/uploads\\\/2016\\\/12\\\/Arbeitszeiterfassung-Bundesrat-regelt-Ausnahmen_safety-plus.jpg\",\"width\":1024,\"height\":768,\"caption\":\"Die Stempeluhr entspricht nicht mehr der heutigen Arbeitsrealit\u00e4t.\"},{\"@type\":\"BreadcrumbList\",\"@id\":\"https:\\\/\\\/news.save.ch\\\/arbeitszeiterfassung-bundesrat-regelt-ausnahmen\\\/#breadcrumb\",\"itemListElement\":[{\"@type\":\"ListItem\",\"position\":1,\"name\":\"Home\",\"item\":\"https:\\\/\\\/news.save.ch\\\/de\\\/\"},{\"@type\":\"ListItem\",\"position\":2,\"name\":\"Arbeitszeiterfassung: Bundesrat regelt Ausnahmen\"}]},{\"@type\":\"WebSite\",\"@id\":\"https:\\\/\\\/news.save.ch\\\/de\\\/#website\",\"url\":\"https:\\\/\\\/news.save.ch\\\/de\\\/\",\"name\":\"Save\",\"description\":\"Schweizer Fachzeitschrift f\u00fcr Sicherheit\",\"publisher\":{\"@id\":\"https:\\\/\\\/news.save.ch\\\/de\\\/#organization\"},\"potentialAction\":[{\"@type\":\"SearchAction\",\"target\":{\"@type\":\"EntryPoint\",\"urlTemplate\":\"https:\\\/\\\/news.save.ch\\\/de\\\/?s={search_term_string}\"},\"query-input\":{\"@type\":\"PropertyValueSpecification\",\"valueRequired\":true,\"valueName\":\"search_term_string\"}}],\"inLanguage\":\"fr-FR\"},{\"@type\":\"Organization\",\"@id\":\"https:\\\/\\\/news.save.ch\\\/de\\\/#organization\",\"name\":\"Sicherheitsforum\",\"url\":\"https:\\\/\\\/news.save.ch\\\/de\\\/\",\"logo\":{\"@type\":\"ImageObject\",\"inLanguage\":\"fr-FR\",\"@id\":\"https:\\\/\\\/news.save.ch\\\/de\\\/#\\\/schema\\\/logo\\\/image\\\/\",\"url\":\"https:\\\/\\\/news.save.ch\\\/wp-content\\\/uploads\\\/2022\\\/06\\\/Logo_SF_2012.png\",\"contentUrl\":\"https:\\\/\\\/news.save.ch\\\/wp-content\\\/uploads\\\/2022\\\/06\\\/Logo_SF_2012.png\",\"width\":1100,\"height\":91,\"caption\":\"Sicherheitsforum\"},\"image\":{\"@id\":\"https:\\\/\\\/news.save.ch\\\/de\\\/#\\\/schema\\\/logo\\\/image\\\/\"}},{\"@type\":\"Person\",\"@id\":\"https:\\\/\\\/news.save.ch\\\/de\\\/#\\\/schema\\\/person\\\/d49e199490bad7c70d64b9ab51142f2b\",\"name\":\"admin\",\"image\":{\"@type\":\"ImageObject\",\"inLanguage\":\"fr-FR\",\"@id\":\"https:\\\/\\\/secure.gravatar.com\\\/avatar\\\/ae2f4d718e6c49043e314ce431e7e645d646302a24a5ef5a8bc8e3f5a032e319?s=96&d=mm&r=g\",\"url\":\"https:\\\/\\\/secure.gravatar.com\\\/avatar\\\/ae2f4d718e6c49043e314ce431e7e645d646302a24a5ef5a8bc8e3f5a032e319?s=96&d=mm&r=g\",\"contentUrl\":\"https:\\\/\\\/secure.gravatar.com\\\/avatar\\\/ae2f4d718e6c49043e314ce431e7e645d646302a24a5ef5a8bc8e3f5a032e319?s=96&d=mm&r=g\",\"caption\":\"admin\"},\"sameAs\":[\"https:\\\/\\\/develop.organisator.galledia.ch\"],\"url\":\"https:\\\/\\\/news.save.ch\\\/fr\\\/author\\\/admin\\\/\"}]}<\/script>\n<!-- \/ Yoast SEO plugin. -->","yoast_head_json":{"title":"Enregistrement du temps de travail : le Conseil f\u00e9d\u00e9ral r\u00e8gle les exceptions - Save","description":"L'obligation d'enregistrer le temps de travail sera assouplie au 1er janvier 2016 - du moins si certaines conditions sont remplies.","robots":{"index":"index","follow":"follow","max-snippet":"max-snippet:-1","max-image-preview":"max-image-preview:large","max-video-preview":"max-video-preview:-1"},"canonical":"https:\/\/news.save.ch\/fr\/arbeitszeiterfassung-bundesrat-regelt-ausnahmen\/","og_locale":"fr_FR","og_type":"article","og_title":"Arbeitszeiterfassung: Bundesrat regelt Ausnahmen - Save","og_description":"Die Pflicht zur Arbeitszeiterfassung wird am 1. Januar 2016 gelockert - jedenfalls, wenn bestimmte Voraussetzungen erf\u00fcllt sind.","og_url":"https:\/\/news.save.ch\/fr\/arbeitszeiterfassung-bundesrat-regelt-ausnahmen\/","og_site_name":"Save","article_published_time":"2015-11-05T13:37:37+00:00","og_image":[{"width":1024,"height":768,"url":"https:\/\/news.save.ch\/wp-content\/uploads\/2016\/12\/Arbeitszeiterfassung-Bundesrat-regelt-Ausnahmen_safety-plus.jpg","type":"image\/jpeg"}],"author":"admin","twitter_card":"summary_large_image","twitter_misc":{"\u00c9crit par":"admin","Dur\u00e9e de lecture estim\u00e9e":"2 minutes"},"schema":{"@context":"https:\/\/schema.org","@graph":[{"@type":"Article","@id":"https:\/\/news.save.ch\/arbeitszeiterfassung-bundesrat-regelt-ausnahmen\/#article","isPartOf":{"@id":"https:\/\/news.save.ch\/arbeitszeiterfassung-bundesrat-regelt-ausnahmen\/"},"author":{"name":"admin","@id":"https:\/\/news.save.ch\/de\/#\/schema\/person\/d49e199490bad7c70d64b9ab51142f2b"},"headline":"Arbeitszeiterfassung: Bundesrat regelt Ausnahmen","datePublished":"2015-11-05T13:37:37+00:00","mainEntityOfPage":{"@id":"https:\/\/news.save.ch\/arbeitszeiterfassung-bundesrat-regelt-ausnahmen\/"},"wordCount":422,"commentCount":0,"publisher":{"@id":"https:\/\/news.save.ch\/de\/#organization"},"image":{"@id":"https:\/\/news.save.ch\/arbeitszeiterfassung-bundesrat-regelt-ausnahmen\/#primaryimage"},"thumbnailUrl":"https:\/\/news.save.ch\/wp-content\/uploads\/2016\/12\/Arbeitszeiterfassung-Bundesrat-regelt-Ausnahmen_safety-plus.jpg","keywords":["Arbeitszeit"],"articleSection":["ALLGEMEIN"],"inLanguage":"fr-FR"},{"@type":"WebPage","@id":"https:\/\/news.save.ch\/arbeitszeiterfassung-bundesrat-regelt-ausnahmen\/","url":"https:\/\/news.save.ch\/arbeitszeiterfassung-bundesrat-regelt-ausnahmen\/","name":"Enregistrement du temps de travail : le Conseil f\u00e9d\u00e9ral r\u00e8gle les exceptions - Save","isPartOf":{"@id":"https:\/\/news.save.ch\/de\/#website"},"primaryImageOfPage":{"@id":"https:\/\/news.save.ch\/arbeitszeiterfassung-bundesrat-regelt-ausnahmen\/#primaryimage"},"image":{"@id":"https:\/\/news.save.ch\/arbeitszeiterfassung-bundesrat-regelt-ausnahmen\/#primaryimage"},"thumbnailUrl":"https:\/\/news.save.ch\/wp-content\/uploads\/2016\/12\/Arbeitszeiterfassung-Bundesrat-regelt-Ausnahmen_safety-plus.jpg","datePublished":"2015-11-05T13:37:37+00:00","description":"L'obligation d'enregistrer le temps de travail sera assouplie au 1er janvier 2016 - du moins si certaines conditions sont remplies.","breadcrumb":{"@id":"https:\/\/news.save.ch\/arbeitszeiterfassung-bundesrat-regelt-ausnahmen\/#breadcrumb"},"inLanguage":"fr-FR","potentialAction":[{"@type":"ReadAction","target":["https:\/\/news.save.ch\/arbeitszeiterfassung-bundesrat-regelt-ausnahmen\/"]}]},{"@type":"ImageObject","inLanguage":"fr-FR","@id":"https:\/\/news.save.ch\/arbeitszeiterfassung-bundesrat-regelt-ausnahmen\/#primaryimage","url":"https:\/\/news.save.ch\/wp-content\/uploads\/2016\/12\/Arbeitszeiterfassung-Bundesrat-regelt-Ausnahmen_safety-plus.jpg","contentUrl":"https:\/\/news.save.ch\/wp-content\/uploads\/2016\/12\/Arbeitszeiterfassung-Bundesrat-regelt-Ausnahmen_safety-plus.jpg","width":1024,"height":768,"caption":"Die Stempeluhr entspricht nicht mehr der heutigen Arbeitsrealit\u00e4t."},{"@type":"BreadcrumbList","@id":"https:\/\/news.save.ch\/arbeitszeiterfassung-bundesrat-regelt-ausnahmen\/#breadcrumb","itemListElement":[{"@type":"ListItem","position":1,"name":"Home","item":"https:\/\/news.save.ch\/de\/"},{"@type":"ListItem","position":2,"name":"Arbeitszeiterfassung: Bundesrat regelt Ausnahmen"}]},{"@type":"WebSite","@id":"https:\/\/news.save.ch\/de\/#website","url":"https:\/\/news.save.ch\/de\/","name":"Save","description":"Revue suisse sp\u00e9cialis\u00e9e dans la s\u00e9curit\u00e9","publisher":{"@id":"https:\/\/news.save.ch\/de\/#organization"},"potentialAction":[{"@type":"SearchAction","target":{"@type":"EntryPoint","urlTemplate":"https:\/\/news.save.ch\/de\/?s={search_term_string}"},"query-input":{"@type":"PropertyValueSpecification","valueRequired":true,"valueName":"search_term_string"}}],"inLanguage":"fr-FR"},{"@type":"Organization","@id":"https:\/\/news.save.ch\/de\/#organization","name":"Forum sur la s\u00e9curit\u00e9","url":"https:\/\/news.save.ch\/de\/","logo":{"@type":"ImageObject","inLanguage":"fr-FR","@id":"https:\/\/news.save.ch\/de\/#\/schema\/logo\/image\/","url":"https:\/\/news.save.ch\/wp-content\/uploads\/2022\/06\/Logo_SF_2012.png","contentUrl":"https:\/\/news.save.ch\/wp-content\/uploads\/2022\/06\/Logo_SF_2012.png","width":1100,"height":91,"caption":"Sicherheitsforum"},"image":{"@id":"https:\/\/news.save.ch\/de\/#\/schema\/logo\/image\/"}},{"@type":"Person","@id":"https:\/\/news.save.ch\/de\/#\/schema\/person\/d49e199490bad7c70d64b9ab51142f2b","name":"admin","image":{"@type":"ImageObject","inLanguage":"fr-FR","@id":"https:\/\/secure.gravatar.com\/avatar\/ae2f4d718e6c49043e314ce431e7e645d646302a24a5ef5a8bc8e3f5a032e319?s=96&d=mm&r=g","url":"https:\/\/secure.gravatar.com\/avatar\/ae2f4d718e6c49043e314ce431e7e645d646302a24a5ef5a8bc8e3f5a032e319?s=96&d=mm&r=g","contentUrl":"https:\/\/secure.gravatar.com\/avatar\/ae2f4d718e6c49043e314ce431e7e645d646302a24a5ef5a8bc8e3f5a032e319?s=96&d=mm&r=g","caption":"admin"},"sameAs":["https:\/\/develop.organisator.galledia.ch"],"url":"https:\/\/news.save.ch\/fr\/author\/admin\/"}]}},"_links":{"self":[{"href":"https:\/\/news.save.ch\/fr\/wp-json\/wp\/v2\/posts\/16695","targetHints":{"allow":["GET"]}}],"collection":[{"href":"https:\/\/news.save.ch\/fr\/wp-json\/wp\/v2\/posts"}],"about":[{"href":"https:\/\/news.save.ch\/fr\/wp-json\/wp\/v2\/types\/post"}],"author":[{"embeddable":true,"href":"https:\/\/news.save.ch\/fr\/wp-json\/wp\/v2\/users\/1"}],"replies":[{"embeddable":true,"href":"https:\/\/news.save.ch\/fr\/wp-json\/wp\/v2\/comments?post=16695"}],"version-history":[{"count":0,"href":"https:\/\/news.save.ch\/fr\/wp-json\/wp\/v2\/posts\/16695\/revisions"}],"wp:featuredmedia":[{"embeddable":true,"href":"https:\/\/news.save.ch\/fr\/wp-json\/wp\/v2\/media\/16048"}],"wp:attachment":[{"href":"https:\/\/news.save.ch\/fr\/wp-json\/wp\/v2\/media?parent=16695"}],"wp:term":[{"taxonomy":"category","embeddable":true,"href":"https:\/\/news.save.ch\/fr\/wp-json\/wp\/v2\/categories?post=16695"},{"taxonomy":"post_tag","embeddable":true,"href":"https:\/\/news.save.ch\/fr\/wp-json\/wp\/v2\/tags?post=16695"}],"curies":[{"name":"wp","href":"https:\/\/api.w.org\/{rel}","templated":true}]}}