{"id":16696,"date":"2015-11-06T14:40:11","date_gmt":"2015-11-06T13:40:11","guid":{"rendered":"http:\/\/dev.safety-plus.ch\/?p=683"},"modified":"2023-03-14T09:01:10","modified_gmt":"2023-03-14T08:01:10","slug":"ganzkoerper-airbag-schuetzt-vor-sturzverletzungen","status":null,"type":"post","link":"https:\/\/news.save.ch\/fr\/ganzkoerper-airbag-schuetzt-vor-sturzverletzungen\/","title":{"rendered":"L'airbag int\u00e9gral prot\u00e8ge des blessures dues aux chutes"},"content":{"rendered":"<figure id=\"attachment_684\" aria-describedby=\"caption-attachment-684\" style=\"width: 600px\" class=\"wp-caption alignnone\"><img loading=\"lazy\" decoding=\"async\" class=\"wp-image-684 size-full\" src=\"http:\/\/develop.safety-plus.ch\/wp-content\/uploads\/2016\/12\/Ganzkoerper-Airbag-schuetzt-vor-Sturzverletzungen_safety-plus.jpg\" alt=\"En cas de danger, les airbags se gonflent sur tout le corps et prot\u00e8gent le porteur contre les blessures. (Photo : combinaison de protection ISP)\" width=\"600\" height=\"373\" \/><figcaption id=\"caption-attachment-684\" class=\"wp-caption-text\">En cas de danger, les airbags se gonflent sur tout le corps et prot\u00e8gent le porteur contre les blessures. (Photo : combinaison de protection ISP)<\/figcaption><\/figure>\n<p>Les chutes font partie des accidents de travail et de loisirs les plus fr\u00e9quents, avec des cons\u00e9quences fatales. Un coussin moelleux pour l'atterrissage permettrait d'\u00e9viter les cons\u00e9quences les plus graves - mais recouvrir les chantiers avec cela ne peut pas \u00eatre une solution. Mais que faire si l'ouvrier ou le motard a toujours son coussin anti-chute sur lui ?<\/p>\n<p>C'est exactement ce qu'a r\u00e9alis\u00e9 le chirurgien traumatologue allemand Wolfgang M\u00fcller-Adam avec ses v\u00eatements de protection ISP. Le principe est inspir\u00e9 du h\u00e9risson qui se met en boule en cas de danger : des capteurs intelligents enregistrent la chute et activent en quelques millisecondes une multitude d'airbags sur tout le corps, qui s'enroulent autour du corps comme un bouclier et le fixent dans une position prot\u00e9g\u00e9e de h\u00e9risson.<\/p>\n<p>Selon M\u00fcller-Adam, le syst\u00e8me permettrait m\u00eame au porteur de r\u00e9sister \u00e0 un choc sur plusieurs obstacles en \u00e9tant prot\u00e9g\u00e9.<\/p>\n<p><a href=\"http:\/\/www.igel-systems-protect.de\/index.php\/de\/isp-die-erfindung\/sturzverletzungen-video\" target=\"_blank\" data-cke-saved-href=\"http:\/\/www.igel-systems-protect.de\/index.php\/de\/isp-die-erfindung\/sturzverletzungen-video\" rel=\"noopener\">Deux vid\u00e9os<\/a> montrer comment le syst\u00e8me doit fonctionner concr\u00e8tement.<\/p>","protected":false},"excerpt":{"rendered":"<p>St\u00fcrze geh\u00f6ren zu den h\u00e4ufigsten Arbeits- und Freizeitunf\u00e4llen mit fatalen Folgen. Ein weiches Kissen zur Landung w\u00fcrde die schlimmsten Folgen verhindern &#8211; doch Baustellen damit zuzudecken, kann ja wohl keine L\u00f6sung sein. Doch was, wenn der Arbeiter oder Motorradfahrer sein Sturzkissen immer bei sich hat? Genau dies hat der Deutsche Unfallchirurg Wolfgang M\u00fcller-Adam mit seiner [&hellip;]<\/p>\n","protected":false},"author":1,"featured_media":16049,"comment_status":"open","ping_status":"open","sticky":false,"template":"","format":"standard","meta":{"_acf_changed":false,"pgc_sgb_lightbox_settings":"","footnotes":""},"categories":[1,3314],"tags":[172,2669],"class_list":["post-16696","post","type-post","status-publish","format-standard","has-post-thumbnail","hentry","category-allgemein","category-health-safety","tag-arbeitssicherheit","tag-persoenliche-schutzausruestung-psa"],"acf":[],"hkrextid":null,"publication":null,"issue":null,"workflow":null,"startPage":null,"spitzmarke":null,"_posts_by_tag_page_fields":{"widget_title":"","widget_tags":""},"_at_widget":"1","_yoast_wpseo_primary_category":"5","_yoast_wpseo_focuskw_text_input":"Ganzk\u00f6rper-Airbag","_yoast_wpseo_opengraph-image":null,"_yoast_wpseo_opengraph-description":null,"_yoast_wpseo_opengraph-title":null,"enclosure":null,"_yoast_wpseo_twitter-title":null,"_yoast_wpseo_twitter-description":null,"_yoast_wpseo_twitter-image":null,"_wp_old_slug":null,"_yoast_wpseo_title":null,"_yoast_wpseo_canonical":null,"yoast_head":"<!-- This site is optimized with the Yoast SEO plugin v27.5 - https:\/\/yoast.com\/product\/yoast-seo-wordpress\/ -->\n<title>Ganzk\u00f6rper-Airbag sch\u00fctzt vor Sturzverletzungen - Save<\/title>\n<meta name=\"description\" content=\"Ganzk\u00f6rper-Airbag: Ein Sturz von einem hohen Ger\u00fcst endet fast immer t\u00f6dlich. Schutzkleidung, die einen Igel imitiert, soll dies k\u00fcnftig \u00e4ndern.\" \/>\n<meta name=\"robots\" content=\"index, follow, max-snippet:-1, max-image-preview:large, max-video-preview:-1\" \/>\n<link rel=\"canonical\" href=\"https:\/\/news.save.ch\/fr\/ganzkoerper-airbag-schuetzt-vor-sturzverletzungen\/\" \/>\n<meta property=\"og:locale\" content=\"fr_FR\" \/>\n<meta property=\"og:type\" content=\"article\" \/>\n<meta property=\"og:title\" content=\"Ganzk\u00f6rper-Airbag sch\u00fctzt vor Sturzverletzungen - Save\" \/>\n<meta property=\"og:description\" content=\"Ganzk\u00f6rper-Airbag: Ein Sturz von einem hohen Ger\u00fcst endet fast immer t\u00f6dlich. Schutzkleidung, die einen Igel imitiert, soll dies k\u00fcnftig \u00e4ndern.\" \/>\n<meta property=\"og:url\" content=\"https:\/\/news.save.ch\/fr\/ganzkoerper-airbag-schuetzt-vor-sturzverletzungen\/\" \/>\n<meta property=\"og:site_name\" content=\"Save\" \/>\n<meta property=\"article:published_time\" content=\"2015-11-06T13:40:11+00:00\" \/>\n<meta property=\"article:modified_time\" content=\"2023-03-14T08:01:10+00:00\" \/>\n<meta property=\"og:image\" content=\"https:\/\/news.save.ch\/wp-content\/uploads\/2016\/12\/Ganzkoerper-Airbag-schuetzt-vor-Sturzverletzungen_safety-plus.jpg\" \/>\n\t<meta property=\"og:image:width\" content=\"600\" \/>\n\t<meta property=\"og:image:height\" content=\"373\" \/>\n\t<meta property=\"og:image:type\" content=\"image\/jpeg\" \/>\n<meta name=\"author\" content=\"admin\" \/>\n<meta name=\"twitter:card\" content=\"summary_large_image\" \/>\n<meta name=\"twitter:label1\" content=\"\u00c9crit par\" \/>\n\t<meta name=\"twitter:data1\" content=\"admin\" \/>\n\t<meta name=\"twitter:label2\" content=\"Dur\u00e9e de lecture estim\u00e9e\" \/>\n\t<meta name=\"twitter:data2\" content=\"1 minute\" \/>\n<script type=\"application\/ld+json\" class=\"yoast-schema-graph\">{\"@context\":\"https:\\\/\\\/schema.org\",\"@graph\":[{\"@type\":\"Article\",\"@id\":\"https:\\\/\\\/news.save.ch\\\/ganzkoerper-airbag-schuetzt-vor-sturzverletzungen\\\/#article\",\"isPartOf\":{\"@id\":\"https:\\\/\\\/news.save.ch\\\/ganzkoerper-airbag-schuetzt-vor-sturzverletzungen\\\/\"},\"author\":{\"name\":\"admin\",\"@id\":\"https:\\\/\\\/news.save.ch\\\/de\\\/#\\\/schema\\\/person\\\/d49e199490bad7c70d64b9ab51142f2b\"},\"headline\":\"Ganzk\u00f6rper-Airbag sch\u00fctzt vor Sturzverletzungen\",\"datePublished\":\"2015-11-06T13:40:11+00:00\",\"dateModified\":\"2023-03-14T08:01:10+00:00\",\"mainEntityOfPage\":{\"@id\":\"https:\\\/\\\/news.save.ch\\\/ganzkoerper-airbag-schuetzt-vor-sturzverletzungen\\\/\"},\"wordCount\":174,\"commentCount\":0,\"publisher\":{\"@id\":\"https:\\\/\\\/news.save.ch\\\/de\\\/#organization\"},\"image\":{\"@id\":\"https:\\\/\\\/news.save.ch\\\/ganzkoerper-airbag-schuetzt-vor-sturzverletzungen\\\/#primaryimage\"},\"thumbnailUrl\":\"https:\\\/\\\/news.save.ch\\\/wp-content\\\/uploads\\\/2016\\\/12\\\/Ganzkoerper-Airbag-schuetzt-vor-Sturzverletzungen_safety-plus.jpg\",\"keywords\":[\"Arbeitssicherheit\",\"Pers\u00f6nliche Schutzausr\u00fcstung (PSA)\"],\"articleSection\":[\"ALLGEMEIN\",\"HEALTH &amp; SAFETY\"],\"inLanguage\":\"fr-FR\"},{\"@type\":\"WebPage\",\"@id\":\"https:\\\/\\\/news.save.ch\\\/ganzkoerper-airbag-schuetzt-vor-sturzverletzungen\\\/\",\"url\":\"https:\\\/\\\/news.save.ch\\\/ganzkoerper-airbag-schuetzt-vor-sturzverletzungen\\\/\",\"name\":\"Ganzk\u00f6rper-Airbag sch\u00fctzt vor Sturzverletzungen - Save\",\"isPartOf\":{\"@id\":\"https:\\\/\\\/news.save.ch\\\/de\\\/#website\"},\"primaryImageOfPage\":{\"@id\":\"https:\\\/\\\/news.save.ch\\\/ganzkoerper-airbag-schuetzt-vor-sturzverletzungen\\\/#primaryimage\"},\"image\":{\"@id\":\"https:\\\/\\\/news.save.ch\\\/ganzkoerper-airbag-schuetzt-vor-sturzverletzungen\\\/#primaryimage\"},\"thumbnailUrl\":\"https:\\\/\\\/news.save.ch\\\/wp-content\\\/uploads\\\/2016\\\/12\\\/Ganzkoerper-Airbag-schuetzt-vor-Sturzverletzungen_safety-plus.jpg\",\"datePublished\":\"2015-11-06T13:40:11+00:00\",\"dateModified\":\"2023-03-14T08:01:10+00:00\",\"description\":\"Ganzk\u00f6rper-Airbag: Ein Sturz von einem hohen Ger\u00fcst endet fast immer t\u00f6dlich. Schutzkleidung, die einen Igel imitiert, soll dies k\u00fcnftig \u00e4ndern.\",\"breadcrumb\":{\"@id\":\"https:\\\/\\\/news.save.ch\\\/ganzkoerper-airbag-schuetzt-vor-sturzverletzungen\\\/#breadcrumb\"},\"inLanguage\":\"fr-FR\",\"potentialAction\":[{\"@type\":\"ReadAction\",\"target\":[\"https:\\\/\\\/news.save.ch\\\/ganzkoerper-airbag-schuetzt-vor-sturzverletzungen\\\/\"]}]},{\"@type\":\"ImageObject\",\"inLanguage\":\"fr-FR\",\"@id\":\"https:\\\/\\\/news.save.ch\\\/ganzkoerper-airbag-schuetzt-vor-sturzverletzungen\\\/#primaryimage\",\"url\":\"https:\\\/\\\/news.save.ch\\\/wp-content\\\/uploads\\\/2016\\\/12\\\/Ganzkoerper-Airbag-schuetzt-vor-Sturzverletzungen_safety-plus.jpg\",\"contentUrl\":\"https:\\\/\\\/news.save.ch\\\/wp-content\\\/uploads\\\/2016\\\/12\\\/Ganzkoerper-Airbag-schuetzt-vor-Sturzverletzungen_safety-plus.jpg\",\"width\":600,\"height\":373,\"caption\":\"Bei Gefahr blasen sich die Airbags am ganzen K\u00f6rper auf und sch\u00fctzen den Tr\u00e4ger vor Verletzungen. (Foto: ISP Schutzanzug)\"},{\"@type\":\"BreadcrumbList\",\"@id\":\"https:\\\/\\\/news.save.ch\\\/ganzkoerper-airbag-schuetzt-vor-sturzverletzungen\\\/#breadcrumb\",\"itemListElement\":[{\"@type\":\"ListItem\",\"position\":1,\"name\":\"Home\",\"item\":\"https:\\\/\\\/news.save.ch\\\/de\\\/\"},{\"@type\":\"ListItem\",\"position\":2,\"name\":\"Ganzk\u00f6rper-Airbag sch\u00fctzt vor Sturzverletzungen\"}]},{\"@type\":\"WebSite\",\"@id\":\"https:\\\/\\\/news.save.ch\\\/de\\\/#website\",\"url\":\"https:\\\/\\\/news.save.ch\\\/de\\\/\",\"name\":\"Save\",\"description\":\"Schweizer Fachzeitschrift f\u00fcr Sicherheit\",\"publisher\":{\"@id\":\"https:\\\/\\\/news.save.ch\\\/de\\\/#organization\"},\"potentialAction\":[{\"@type\":\"SearchAction\",\"target\":{\"@type\":\"EntryPoint\",\"urlTemplate\":\"https:\\\/\\\/news.save.ch\\\/de\\\/?s={search_term_string}\"},\"query-input\":{\"@type\":\"PropertyValueSpecification\",\"valueRequired\":true,\"valueName\":\"search_term_string\"}}],\"inLanguage\":\"fr-FR\"},{\"@type\":\"Organization\",\"@id\":\"https:\\\/\\\/news.save.ch\\\/de\\\/#organization\",\"name\":\"Sicherheitsforum\",\"url\":\"https:\\\/\\\/news.save.ch\\\/de\\\/\",\"logo\":{\"@type\":\"ImageObject\",\"inLanguage\":\"fr-FR\",\"@id\":\"https:\\\/\\\/news.save.ch\\\/de\\\/#\\\/schema\\\/logo\\\/image\\\/\",\"url\":\"https:\\\/\\\/news.save.ch\\\/wp-content\\\/uploads\\\/2022\\\/06\\\/Logo_SF_2012.png\",\"contentUrl\":\"https:\\\/\\\/news.save.ch\\\/wp-content\\\/uploads\\\/2022\\\/06\\\/Logo_SF_2012.png\",\"width\":1100,\"height\":91,\"caption\":\"Sicherheitsforum\"},\"image\":{\"@id\":\"https:\\\/\\\/news.save.ch\\\/de\\\/#\\\/schema\\\/logo\\\/image\\\/\"}},{\"@type\":\"Person\",\"@id\":\"https:\\\/\\\/news.save.ch\\\/de\\\/#\\\/schema\\\/person\\\/d49e199490bad7c70d64b9ab51142f2b\",\"name\":\"admin\",\"image\":{\"@type\":\"ImageObject\",\"inLanguage\":\"fr-FR\",\"@id\":\"https:\\\/\\\/secure.gravatar.com\\\/avatar\\\/ae2f4d718e6c49043e314ce431e7e645d646302a24a5ef5a8bc8e3f5a032e319?s=96&d=mm&r=g\",\"url\":\"https:\\\/\\\/secure.gravatar.com\\\/avatar\\\/ae2f4d718e6c49043e314ce431e7e645d646302a24a5ef5a8bc8e3f5a032e319?s=96&d=mm&r=g\",\"contentUrl\":\"https:\\\/\\\/secure.gravatar.com\\\/avatar\\\/ae2f4d718e6c49043e314ce431e7e645d646302a24a5ef5a8bc8e3f5a032e319?s=96&d=mm&r=g\",\"caption\":\"admin\"},\"sameAs\":[\"https:\\\/\\\/develop.organisator.galledia.ch\"],\"url\":\"https:\\\/\\\/news.save.ch\\\/fr\\\/author\\\/admin\\\/\"}]}<\/script>\n<!-- \/ Yoast SEO plugin. -->","yoast_head_json":{"title":"L'airbag int\u00e9gral prot\u00e8ge des blessures dues aux chutes - Save","description":"Airbag int\u00e9gral : une chute d'un haut \u00e9chafaudage est presque toujours fatale. Des v\u00eatements de protection imitant un h\u00e9risson devraient changer cela \u00e0 l'avenir.","robots":{"index":"index","follow":"follow","max-snippet":"max-snippet:-1","max-image-preview":"max-image-preview:large","max-video-preview":"max-video-preview:-1"},"canonical":"https:\/\/news.save.ch\/fr\/ganzkoerper-airbag-schuetzt-vor-sturzverletzungen\/","og_locale":"fr_FR","og_type":"article","og_title":"Ganzk\u00f6rper-Airbag sch\u00fctzt vor Sturzverletzungen - Save","og_description":"Ganzk\u00f6rper-Airbag: Ein Sturz von einem hohen Ger\u00fcst endet fast immer t\u00f6dlich. Schutzkleidung, die einen Igel imitiert, soll dies k\u00fcnftig \u00e4ndern.","og_url":"https:\/\/news.save.ch\/fr\/ganzkoerper-airbag-schuetzt-vor-sturzverletzungen\/","og_site_name":"Save","article_published_time":"2015-11-06T13:40:11+00:00","article_modified_time":"2023-03-14T08:01:10+00:00","og_image":[{"width":600,"height":373,"url":"https:\/\/news.save.ch\/wp-content\/uploads\/2016\/12\/Ganzkoerper-Airbag-schuetzt-vor-Sturzverletzungen_safety-plus.jpg","type":"image\/jpeg"}],"author":"admin","twitter_card":"summary_large_image","twitter_misc":{"\u00c9crit par":"admin","Dur\u00e9e de lecture estim\u00e9e":"1 minute"},"schema":{"@context":"https:\/\/schema.org","@graph":[{"@type":"Article","@id":"https:\/\/news.save.ch\/ganzkoerper-airbag-schuetzt-vor-sturzverletzungen\/#article","isPartOf":{"@id":"https:\/\/news.save.ch\/ganzkoerper-airbag-schuetzt-vor-sturzverletzungen\/"},"author":{"name":"admin","@id":"https:\/\/news.save.ch\/de\/#\/schema\/person\/d49e199490bad7c70d64b9ab51142f2b"},"headline":"Ganzk\u00f6rper-Airbag sch\u00fctzt vor Sturzverletzungen","datePublished":"2015-11-06T13:40:11+00:00","dateModified":"2023-03-14T08:01:10+00:00","mainEntityOfPage":{"@id":"https:\/\/news.save.ch\/ganzkoerper-airbag-schuetzt-vor-sturzverletzungen\/"},"wordCount":174,"commentCount":0,"publisher":{"@id":"https:\/\/news.save.ch\/de\/#organization"},"image":{"@id":"https:\/\/news.save.ch\/ganzkoerper-airbag-schuetzt-vor-sturzverletzungen\/#primaryimage"},"thumbnailUrl":"https:\/\/news.save.ch\/wp-content\/uploads\/2016\/12\/Ganzkoerper-Airbag-schuetzt-vor-Sturzverletzungen_safety-plus.jpg","keywords":["Arbeitssicherheit","Pers\u00f6nliche Schutzausr\u00fcstung (PSA)"],"articleSection":["ALLGEMEIN","HEALTH &amp; SAFETY"],"inLanguage":"fr-FR"},{"@type":"WebPage","@id":"https:\/\/news.save.ch\/ganzkoerper-airbag-schuetzt-vor-sturzverletzungen\/","url":"https:\/\/news.save.ch\/ganzkoerper-airbag-schuetzt-vor-sturzverletzungen\/","name":"L'airbag int\u00e9gral prot\u00e8ge des blessures dues aux chutes - Save","isPartOf":{"@id":"https:\/\/news.save.ch\/de\/#website"},"primaryImageOfPage":{"@id":"https:\/\/news.save.ch\/ganzkoerper-airbag-schuetzt-vor-sturzverletzungen\/#primaryimage"},"image":{"@id":"https:\/\/news.save.ch\/ganzkoerper-airbag-schuetzt-vor-sturzverletzungen\/#primaryimage"},"thumbnailUrl":"https:\/\/news.save.ch\/wp-content\/uploads\/2016\/12\/Ganzkoerper-Airbag-schuetzt-vor-Sturzverletzungen_safety-plus.jpg","datePublished":"2015-11-06T13:40:11+00:00","dateModified":"2023-03-14T08:01:10+00:00","description":"Airbag int\u00e9gral : une chute d'un haut \u00e9chafaudage est presque toujours fatale. Des v\u00eatements de protection imitant un h\u00e9risson devraient changer cela \u00e0 l'avenir.","breadcrumb":{"@id":"https:\/\/news.save.ch\/ganzkoerper-airbag-schuetzt-vor-sturzverletzungen\/#breadcrumb"},"inLanguage":"fr-FR","potentialAction":[{"@type":"ReadAction","target":["https:\/\/news.save.ch\/ganzkoerper-airbag-schuetzt-vor-sturzverletzungen\/"]}]},{"@type":"ImageObject","inLanguage":"fr-FR","@id":"https:\/\/news.save.ch\/ganzkoerper-airbag-schuetzt-vor-sturzverletzungen\/#primaryimage","url":"https:\/\/news.save.ch\/wp-content\/uploads\/2016\/12\/Ganzkoerper-Airbag-schuetzt-vor-Sturzverletzungen_safety-plus.jpg","contentUrl":"https:\/\/news.save.ch\/wp-content\/uploads\/2016\/12\/Ganzkoerper-Airbag-schuetzt-vor-Sturzverletzungen_safety-plus.jpg","width":600,"height":373,"caption":"Bei Gefahr blasen sich die Airbags am ganzen K\u00f6rper auf und sch\u00fctzen den Tr\u00e4ger vor Verletzungen. (Foto: ISP Schutzanzug)"},{"@type":"BreadcrumbList","@id":"https:\/\/news.save.ch\/ganzkoerper-airbag-schuetzt-vor-sturzverletzungen\/#breadcrumb","itemListElement":[{"@type":"ListItem","position":1,"name":"Home","item":"https:\/\/news.save.ch\/de\/"},{"@type":"ListItem","position":2,"name":"Ganzk\u00f6rper-Airbag sch\u00fctzt vor Sturzverletzungen"}]},{"@type":"WebSite","@id":"https:\/\/news.save.ch\/de\/#website","url":"https:\/\/news.save.ch\/de\/","name":"Save","description":"Revue suisse sp\u00e9cialis\u00e9e dans la s\u00e9curit\u00e9","publisher":{"@id":"https:\/\/news.save.ch\/de\/#organization"},"potentialAction":[{"@type":"SearchAction","target":{"@type":"EntryPoint","urlTemplate":"https:\/\/news.save.ch\/de\/?s={search_term_string}"},"query-input":{"@type":"PropertyValueSpecification","valueRequired":true,"valueName":"search_term_string"}}],"inLanguage":"fr-FR"},{"@type":"Organization","@id":"https:\/\/news.save.ch\/de\/#organization","name":"Forum sur la s\u00e9curit\u00e9","url":"https:\/\/news.save.ch\/de\/","logo":{"@type":"ImageObject","inLanguage":"fr-FR","@id":"https:\/\/news.save.ch\/de\/#\/schema\/logo\/image\/","url":"https:\/\/news.save.ch\/wp-content\/uploads\/2022\/06\/Logo_SF_2012.png","contentUrl":"https:\/\/news.save.ch\/wp-content\/uploads\/2022\/06\/Logo_SF_2012.png","width":1100,"height":91,"caption":"Sicherheitsforum"},"image":{"@id":"https:\/\/news.save.ch\/de\/#\/schema\/logo\/image\/"}},{"@type":"Person","@id":"https:\/\/news.save.ch\/de\/#\/schema\/person\/d49e199490bad7c70d64b9ab51142f2b","name":"admin","image":{"@type":"ImageObject","inLanguage":"fr-FR","@id":"https:\/\/secure.gravatar.com\/avatar\/ae2f4d718e6c49043e314ce431e7e645d646302a24a5ef5a8bc8e3f5a032e319?s=96&d=mm&r=g","url":"https:\/\/secure.gravatar.com\/avatar\/ae2f4d718e6c49043e314ce431e7e645d646302a24a5ef5a8bc8e3f5a032e319?s=96&d=mm&r=g","contentUrl":"https:\/\/secure.gravatar.com\/avatar\/ae2f4d718e6c49043e314ce431e7e645d646302a24a5ef5a8bc8e3f5a032e319?s=96&d=mm&r=g","caption":"admin"},"sameAs":["https:\/\/develop.organisator.galledia.ch"],"url":"https:\/\/news.save.ch\/fr\/author\/admin\/"}]}},"_links":{"self":[{"href":"https:\/\/news.save.ch\/fr\/wp-json\/wp\/v2\/posts\/16696","targetHints":{"allow":["GET"]}}],"collection":[{"href":"https:\/\/news.save.ch\/fr\/wp-json\/wp\/v2\/posts"}],"about":[{"href":"https:\/\/news.save.ch\/fr\/wp-json\/wp\/v2\/types\/post"}],"author":[{"embeddable":true,"href":"https:\/\/news.save.ch\/fr\/wp-json\/wp\/v2\/users\/1"}],"replies":[{"embeddable":true,"href":"https:\/\/news.save.ch\/fr\/wp-json\/wp\/v2\/comments?post=16696"}],"version-history":[{"count":1,"href":"https:\/\/news.save.ch\/fr\/wp-json\/wp\/v2\/posts\/16696\/revisions"}],"predecessor-version":[{"id":18383,"href":"https:\/\/news.save.ch\/fr\/wp-json\/wp\/v2\/posts\/16696\/revisions\/18383"}],"wp:featuredmedia":[{"embeddable":true,"href":"https:\/\/news.save.ch\/fr\/wp-json\/wp\/v2\/media\/16049"}],"wp:attachment":[{"href":"https:\/\/news.save.ch\/fr\/wp-json\/wp\/v2\/media?parent=16696"}],"wp:term":[{"taxonomy":"category","embeddable":true,"href":"https:\/\/news.save.ch\/fr\/wp-json\/wp\/v2\/categories?post=16696"},{"taxonomy":"post_tag","embeddable":true,"href":"https:\/\/news.save.ch\/fr\/wp-json\/wp\/v2\/tags?post=16696"}],"curies":[{"name":"wp","href":"https:\/\/api.w.org\/{rel}","templated":true}]}}