{"id":16697,"date":"2015-10-20T09:52:25","date_gmt":"2015-10-20T07:52:25","guid":{"rendered":"http:\/\/dev.safety-plus.ch\/?p=1212"},"modified":"2023-03-14T09:03:05","modified_gmt":"2023-03-14T08:03:05","slug":"die-drei-pfeiler-ganzheitlicher-betrieblicher-gesundheitsfoerderung","status":null,"type":"post","link":"https:\/\/news.save.ch\/fr\/die-drei-pfeiler-ganzheitlicher-betrieblicher-gesundheitsfoerderung\/","title":{"rendered":"Les trois piliers de la promotion globale de la sant\u00e9 en entreprise"},"content":{"rendered":"<figure id=\"attachment_1326\" aria-describedby=\"caption-attachment-1326\" style=\"width: 680px\" class=\"wp-caption alignnone\"><a href=\"http:\/\/develop.safety-plus.ch\/wp-content\/uploads\/2015\/10\/Die-drei-Pfeiler-ganzheitlicher-betrieblicher-Gesundheitsfoerderung-sf-sicherheitsforum.jpg\"><img loading=\"lazy\" decoding=\"async\" class=\"wp-image-1326 size-medium\" src=\"http:\/\/develop.safety-plus.ch\/wp-content\/uploads\/2015\/10\/Die-drei-Pfeiler-ganzheitlicher-betrieblicher-Gesundheitsfoerderung-sf-sicherheitsforum.jpg\" width=\"680\" height=\"481\" \/><\/a><figcaption id=\"caption-attachment-1326\" class=\"wp-caption-text\">Les trois piliers de la promotion globale de la sant\u00e9 en entreprise<\/figcaption><\/figure>\n<p><strong>Que faut-il faire ?<\/strong><\/p>\n<p>L'\u00e9volution rapide et les changements qui en d\u00e9coulent exigent des mod\u00e8les globaux de promotion de la sant\u00e9. Ce sont des mod\u00e8les qui tiennent compte de tous les niveaux de la personnalit\u00e9. Celle-ci comprend les domaines visibles et invisibles, c'est-\u00e0-dire les niveaux mat\u00e9riels et spirituels.<\/p>\n<p>Il ne s'agit pas ici d'exercices alibis. Il s'agit plut\u00f4t de mettre en \u0153uvre des concepts tangibles et durables dans le domaine de la promotion de la sant\u00e9 en entreprise. Pour le d\u00e9veloppement de tels concepts, il convient d'\u00e9couter les jeunes et leurs id\u00e9es. Ils apportent un \"vent de fra\u00eecheur\" et proposent de nouvelles solutions pour l'avenir. Ils ont un regard ouvert et clairvoyant. Il convient d'y pr\u00eater attention. Les mod\u00e8les d'entreprise innovants, comme par exemple le pr\u00e9curseur Google, devraient \u00eatre examin\u00e9s. Les mesures prises par ces entreprises peuvent \u00eatre adapt\u00e9es \u00e0 la situation de la propre organisation. Le regard se porte sur les id\u00e9es et les nouvelles approches.<\/p>\n<p><strong>Que comprend une promotion globale de la sant\u00e9 en entreprise ?<\/strong><\/p>\n<p>Une promotion globale de la sant\u00e9 en entreprise s'appuie sur trois piliers :<\/p>\n<ol>\n<li><strong>\u00c0 vos souhaits :<\/strong> Il s'agit ici de s\u00e9minaires, de coachings et de mesures au sein de l'entreprise qui favorisent la sant\u00e9 des personnes.<\/li>\n<li><strong>humain :<\/strong> Ce pilier comprend des s\u00e9minaires, des coachings et des mesures internes \u00e0 l'entreprise qui renforcent l'individu dans sa personne.<\/li>\n<li><strong>environnement :<\/strong> Des mesures internes \u00e0 l'entreprise sont mises en place pour optimiser le climat int\u00e9rieur et cr\u00e9er des espaces qui augmentent la productivit\u00e9, la cr\u00e9ativit\u00e9 et la joie de vivre des personnes. L'environnement comprend l'entreprise en tant que b\u00e2timent et l'ensemble de l'organisation de l'entreprise. Il s'agit du cercle dans lequel les personnes se trouvent pendant leur travail. C'est dans ce domaine qu'intervient le d\u00e9veloppement de l'entreprise, en plus des mesures d'harmonisation de l'espace et de promotion du climat ambiant.<\/li>\n<\/ol>\n<blockquote>\n<p>Eau Grander : eau \"vitalis\u00e9e\" \u00e0 laquelle on attribue des propri\u00e9t\u00e9s particuli\u00e8res, comme par exemple un effet d\u00e9toxifiant et une tension superficielle r\u00e9duite. Celles-ci n'ont toutefois pas encore pu \u00eatre prouv\u00e9es de mani\u00e8re concluante par les sciences naturelles. L'effet de l'eau Grander est donc controvers\u00e9. (Note de la r\u00e9daction)<\/p>\n<\/blockquote>\n<p><strong>Premier pilier : Sant\u00e9<\/strong><\/p>\n<p>Des offres comme la pomme \u00e0 la r\u00e9cr\u00e9ation ou une bonne installation d'eau avec une eau de source de qualit\u00e9 (par exemple\u00a0<a href=\"http:\/\/www.grander.com\/\" target=\"_blank\" data-cke-saved-href=\"http:\/\/www.grander.com\/\" rel=\"noopener\">Eau de Grander<\/a>) ne suffisent pas. Elles devraient \u00eatre compl\u00e9t\u00e9es par exemple par les s\u00e9minaires suivants :<\/p>\n<ul>\n<li>Pr\u00e9vention du burnout<\/li>\n<li>Alimentation<\/li>\n<li>Coaching pour les collaborateurs qui ont fait un burnout<\/li>\n<li>Coaching pour les employ\u00e9s souffrant de d\u00e9pression<\/li>\n<\/ul>\n<p>L'entreprise met en place un pool de coachs externes. Les collaborateurs peuvent choisir le coach qui leur convient le mieux. Les profils des coachs sont accessibles sur l'Intranet ou sur le tableau d'affichage. Chaque collaborateur devrait avoir droit \u00e0 au moins deux heures de coaching par an, les frais \u00e9tant pris en charge par l'entreprise. Si le collaborateur souhaite d'autres rendez-vous avec le coach, cela sera clarifi\u00e9 avec le responsable des ressources humaines comp\u00e9tent.<\/p>\n<blockquote>\n<p>La kin\u00e9siologie (du grec \"kinesis\" = mouvement) est une forme de diagnostic et de th\u00e9rapie de m\u00e9decine alternative. Son mode d'action n'est pas scientifiquement prouv\u00e9. (Note de la r\u00e9daction)<\/p>\n<\/blockquote>\n<p>Lors du choix des offres appropri\u00e9es, il convient de s\u00e9lectionner des services qui renforcent l'individu dans sa sant\u00e9. Les nouveaux tableaux cliniques reposent avant tout sur une perte de rep\u00e8res. L'homme doit r\u00e9apprendre \u00e0 reconna\u00eetre son int\u00e9rieur afin de savoir ce qui lui fait du bien et comment il peut se renforcer. C'est pourquoi il est surtout important de mettre en place des mesures alternatives de promotion de la sant\u00e9, comme par exemple<\/p>\n<ul>\n<li>Coaching sant\u00e9<\/li>\n<li><a href=\"https:\/\/de.wikipedia.org\/wiki\/Angewandte_Kinesiologie\" target=\"_blank\" data-cke-saved-href=\"https:\/\/de.wikipedia.org\/wiki\/Angewandte_Kinesiologie\" rel=\"noopener\">Kin\u00e9siologie<\/a><\/li>\n<li>Massages<\/li>\n<li><a href=\"https:\/\/de.wikipedia.org\/wiki\/Akupunktur\" target=\"_blank\" data-cke-saved-href=\"https:\/\/de.wikipedia.org\/wiki\/Akupunktur\" rel=\"noopener\">Acupuncture<\/a><\/li>\n<li>M\u00e9decine chinoise<\/li>\n<\/ul>\n<p><strong>Deuxi\u00e8me pilier : L'homme<\/strong><\/p>\n<p>Des s\u00e9minaires d'impulsion et des s\u00e9minaires d'une journ\u00e9e, organis\u00e9s r\u00e9guli\u00e8rement en interne et en externe, devraient \u00eatre propos\u00e9s sur les th\u00e8mes suivants :<\/p>\n<ul>\n<li>\u00c9quilibre entre vie professionnelle et vie priv\u00e9e<\/li>\n<li>Gestion du stress<\/li>\n<li>Gestion du temps<\/li>\n<li>Gestion de soi<\/li>\n<li>Formation au leadership<\/li>\n<li>Formations de coaching pour cadres<\/li>\n<\/ul>\n<p>Si n\u00e9cessaire, les entreprises collaborent avec des sp\u00e9cialistes externes. Le collaborateur devrait avoir la possibilit\u00e9 de suivre des formations externes qui l'int\u00e9ressent. Cela se fait bien entendu en concertation avec le responsable des ressources humaines.<\/p>\n<blockquote>\n<p>Le feng shui est une th\u00e9orie chinoise de l'harmonie bas\u00e9e sur la philosophie du yin et du yang, qui tient compte \u00e0 la fois de l'homme et de l'environnement dans l'am\u00e9nagement des espaces. L'objectif est d'\u00e9viter les \u00e9nergies \"bloqu\u00e9es\" dans les b\u00e2timents ou les pi\u00e8ces par des mesures d'am\u00e9nagement.<\/p>\n<\/blockquote>\n<p><strong>Troisi\u00e8me pilier : Environnement<\/strong><\/p>\n<p>\u00c0 quoi servent la promotion de la sant\u00e9 en entreprise et les d\u00e9penses en coaching si les collaborateurs doivent ensuite s'asseoir dans un environnement de travail gris ? Outre les mesures qui englobent le collaborateur et sa sant\u00e9, il convient donc de prendre des dispositions qui rendent l'entreprise saine :<\/p>\n<ul>\n<li>Optimisation du climat int\u00e9rieur<\/li>\n<li>Optimisation de l'atmosph\u00e8re de la pi\u00e8ce<\/li>\n<\/ul>\n<p>Un bon climat int\u00e9rieur donne aux gens de la force et de l'inspiration.<\/p>\n<p>Les lieux o\u00f9 l'homme se sent fatigu\u00e9 et d\u00e9motiv\u00e9 exigent un travail \u00e9nerg\u00e9tique. <a href=\"https:\/\/de.wikipedia.org\/wiki\/Feng_Shui\" target=\"_blank\" data-cke-saved-href=\"https:\/\/de.wikipedia.org\/wiki\/Feng_Shui\" rel=\"noopener\">Feng-Shui<\/a>. C'est un outil optimal pour cr\u00e9er, \u00e0 partir de l'infrastructure existante, des espaces qui peuvent motiver et inspirer les collaborateurs dans leur travail. Le feng shui cr\u00e9e un climat int\u00e9rieur agr\u00e9able. Pour la mise en \u0153uvre des mesures, il est fait appel \u00e0 des sp\u00e9cialistes externes sp\u00e9cialis\u00e9s dans le feng shui \u00e9nerg\u00e9tique.<\/p>\n<p>Il ne faut pas oublier les nouveaux mod\u00e8les de travail, comme par exemple le travail \u00e0 temps partiel, les postes de travail volants et le travail \u00e0 domicile. Les jeunes entreprises montrent l'exemple.<\/p>\n<p>Si les entreprises font appel \u00e0 un conseiller, celui-ci devrait \u00eatre innovant, global et non conventionnel et oser jeter un coup d'\u0153il sur les zones invisibles de l'entreprise. Il y a alors une chance que les mesures ne se concentrent pas uniquement sur la pointe de l'iceberg, mais qu'elles permettent de r\u00e9soudre les principaux blocages qui entravent l'entreprise.<\/p>\n<p>BERNARDI\u00a0<a href=\"http:\/\/www.bernardi.li\/\" target=\"_blank\" rel=\"noopener\">http:\/\/www.bernardi.li\/<\/a><\/p>","protected":false},"excerpt":{"rendered":"<p>Was ist zu tun? Der rasante Wandel und die damit zusammenh\u00e4ngenden Ver\u00e4nderungen fordern ganzheitliche Modelle f\u00fcr Gesundheitsf\u00f6rderung. Das sind Modelle, die alle Ebenen der Pers\u00f6nlichkeit beachten. Diese umfasst die sichtbaren wie auch unsichtbaren Bereiche, das\u00a0heisst\u00a0materielle wie geistige Ebenen. Dabei geht es nicht um Alibi\u00fcbungen. Es gilt vielmehr greifbare, nachhaltige Konzepte im Bereich der betrieblichen Gesundheitsf\u00f6rderung [&hellip;]<\/p>\n","protected":false},"author":10,"featured_media":16159,"comment_status":"open","ping_status":"open","sticky":false,"template":"","format":"standard","meta":{"_acf_changed":false,"pgc_sgb_lightbox_settings":"","footnotes":""},"categories":[3314],"tags":[1775],"class_list":["post-16697","post","type-post","status-publish","format-standard","has-post-thumbnail","hentry","category-health-safety","tag-betriebliches-gesundheitsmanagement"],"acf":[],"hkrextid":null,"publication":null,"issue":null,"workflow":null,"startPage":null,"spitzmarke":null,"_posts_by_tag_page_fields":{"widget_title":"","widget_tags":""},"_at_widget":"1","_yoast_wpseo_primary_category":"4","_yoast_wpseo_focuskw_text_input":"Die drei Pfeiler ganzheitlicher betrieblicher Gesundheitsf\u00f6rderung","_yoast_wpseo_opengraph-image":"http:\/\/dev.safety-plus.ch\/wp-content\/uploads\/2015\/10\/Die-drei-Pfeiler-ganzheitlicher-betrieblicher-Gesundheitsf\u00f6rderung-sf-sicherheitsforum.jpg","_yoast_wpseo_opengraph-description":"Aufgrund vieler Ver\u00e4nderungen in unserer Welt brechen soziale Strukturen wie zum Beispiel unsere Familien auseinander. Folge: Die Mitarbeitenden tragen ihre Unsicherheit mit ins Unternehmen und sollen trotz ihrer Orientierungslosigkeit produktiv sein. Schauen die Vorgesetzten \u00fcber den Tellerrand, erkennen sie, dass ihr Team nur rund 60 Prozent Leistung erbringt.","_yoast_wpseo_opengraph-title":"Die drei Pfeiler ganzheitlicher betrieblicher Gesundheitsf\u00f6rderung","enclosure":null,"_yoast_wpseo_twitter-title":"Die drei Pfeiler ganzheitlicher betrieblicher Gesundheitsf\u00f6rderung","_yoast_wpseo_twitter-description":"Aufgrund vieler Ver\u00e4nderungen in unserer Welt brechen soziale Strukturen wie zum Beispiel unsere Familien auseinander. Folge: Die Mitarbeitenden tragen ihre Unsicherheit mit ins Unternehmen und sollen trotz ihrer Orientierungslosigkeit produktiv sein. Schauen die Vorgesetzten \u00fcber den Tellerrand, erkennen sie, dass ihr Team nur rund 60 Prozent Leistung erbringt.","_yoast_wpseo_twitter-image":"http:\/\/dev.safety-plus.ch\/wp-content\/uploads\/2015\/10\/Die-drei-Pfeiler-ganzheitlicher-betrieblicher-Gesundheitsf\u00f6rderung-sf-sicherheitsforum.jpg","_wp_old_slug":null,"_yoast_wpseo_title":null,"_yoast_wpseo_canonical":null,"yoast_head":"<!-- This site is optimized with the Yoast SEO plugin v27.5 - https:\/\/yoast.com\/product\/yoast-seo-wordpress\/ -->\n<title>Die drei Pfeiler ganzheitlicher betrieblicher Gesundheitsf\u00f6rderung - Save<\/title>\n<meta name=\"description\" content=\"Aufgrund vieler Ver\u00e4nderungen in unserer Welt brechen soziale Strukturen wie zum Beispiel unsere Familien auseinander. Folge: Die Mitarbeitenden tragen ihre Unsicherheit mit ins Unternehmen und sollen trotz ihrer Orientierungslosigkeit produktiv sein. Schauen die Vorgesetzten \u00fcber den Tellerrand, erkennen sie, dass ihr Team nur rund 60 Prozent Leistung erbringt.\" \/>\n<meta name=\"robots\" content=\"index, follow, max-snippet:-1, max-image-preview:large, max-video-preview:-1\" \/>\n<link rel=\"canonical\" href=\"https:\/\/news.save.ch\/fr\/die-drei-pfeiler-ganzheitlicher-betrieblicher-gesundheitsfoerderung\/\" \/>\n<meta property=\"og:locale\" content=\"fr_FR\" \/>\n<meta property=\"og:type\" content=\"article\" \/>\n<meta property=\"og:title\" content=\"Die drei Pfeiler ganzheitlicher betrieblicher Gesundheitsf\u00f6rderung\" \/>\n<meta property=\"og:description\" content=\"Aufgrund vieler Ver\u00e4nderungen in unserer Welt brechen soziale Strukturen wie zum Beispiel unsere Familien auseinander. Folge: Die Mitarbeitenden tragen ihre Unsicherheit mit ins Unternehmen und sollen trotz ihrer Orientierungslosigkeit produktiv sein. Schauen die Vorgesetzten \u00fcber den Tellerrand, erkennen sie, dass ihr Team nur rund 60 Prozent Leistung erbringt.\" \/>\n<meta property=\"og:url\" content=\"https:\/\/news.save.ch\/fr\/die-drei-pfeiler-ganzheitlicher-betrieblicher-gesundheitsfoerderung\/\" \/>\n<meta property=\"og:site_name\" content=\"Save\" \/>\n<meta property=\"article:published_time\" content=\"2015-10-20T07:52:25+00:00\" \/>\n<meta property=\"article:modified_time\" content=\"2023-03-14T08:03:05+00:00\" \/>\n<meta property=\"og:image\" content=\"http:\/\/dev.safety-plus.ch\/wp-content\/uploads\/2015\/10\/Die-drei-Pfeiler-ganzheitlicher-betrieblicher-Gesundheitsf\u00f6rderung-sf-sicherheitsforum.jpg\" \/>\n<meta name=\"author\" content=\"galledia\" \/>\n<meta name=\"twitter:card\" content=\"summary_large_image\" \/>\n<meta name=\"twitter:title\" content=\"Die drei Pfeiler ganzheitlicher betrieblicher Gesundheitsf\u00f6rderung\" \/>\n<meta name=\"twitter:description\" content=\"Aufgrund vieler Ver\u00e4nderungen in unserer Welt brechen soziale Strukturen wie zum Beispiel unsere Familien auseinander. Folge: Die Mitarbeitenden tragen ihre Unsicherheit mit ins Unternehmen und sollen trotz ihrer Orientierungslosigkeit produktiv sein. Schauen die Vorgesetzten \u00fcber den Tellerrand, erkennen sie, dass ihr Team nur rund 60 Prozent Leistung erbringt.\" \/>\n<meta name=\"twitter:image\" content=\"http:\/\/dev.safety-plus.ch\/wp-content\/uploads\/2015\/10\/Die-drei-Pfeiler-ganzheitlicher-betrieblicher-Gesundheitsf\u00f6rderung-sf-sicherheitsforum.jpg\" \/>\n<meta name=\"twitter:label1\" content=\"\u00c9crit par\" \/>\n\t<meta name=\"twitter:data1\" content=\"galledia\" \/>\n\t<meta name=\"twitter:label2\" content=\"Dur\u00e9e de lecture estim\u00e9e\" \/>\n\t<meta name=\"twitter:data2\" content=\"4 minutes\" \/>\n<script type=\"application\/ld+json\" class=\"yoast-schema-graph\">{\"@context\":\"https:\\\/\\\/schema.org\",\"@graph\":[{\"@type\":\"Article\",\"@id\":\"https:\\\/\\\/news.save.ch\\\/die-drei-pfeiler-ganzheitlicher-betrieblicher-gesundheitsfoerderung\\\/#article\",\"isPartOf\":{\"@id\":\"https:\\\/\\\/news.save.ch\\\/die-drei-pfeiler-ganzheitlicher-betrieblicher-gesundheitsfoerderung\\\/\"},\"author\":{\"name\":\"galledia\",\"@id\":\"https:\\\/\\\/news.save.ch\\\/de\\\/#\\\/schema\\\/person\\\/af1b2481d0ee02dd880e616f4534d788\"},\"headline\":\"Die drei Pfeiler ganzheitlicher betrieblicher Gesundheitsf\u00f6rderung\",\"datePublished\":\"2015-10-20T07:52:25+00:00\",\"dateModified\":\"2023-03-14T08:03:05+00:00\",\"mainEntityOfPage\":{\"@id\":\"https:\\\/\\\/news.save.ch\\\/die-drei-pfeiler-ganzheitlicher-betrieblicher-gesundheitsfoerderung\\\/\"},\"wordCount\":826,\"commentCount\":0,\"publisher\":{\"@id\":\"https:\\\/\\\/news.save.ch\\\/de\\\/#organization\"},\"image\":{\"@id\":\"https:\\\/\\\/news.save.ch\\\/die-drei-pfeiler-ganzheitlicher-betrieblicher-gesundheitsfoerderung\\\/#primaryimage\"},\"thumbnailUrl\":\"https:\\\/\\\/news.save.ch\\\/wp-content\\\/uploads\\\/2015\\\/10\\\/Die-drei-Pfeiler-ganzheitlicher-betrieblicher-Gesundheitsfoerderung-sf-sicherheitsforum-scaled-1.jpg\",\"keywords\":[\"Betriebliches Gesundheitsmanagement\"],\"articleSection\":[\"HEALTH &amp; SAFETY\"],\"inLanguage\":\"fr-FR\"},{\"@type\":\"WebPage\",\"@id\":\"https:\\\/\\\/news.save.ch\\\/die-drei-pfeiler-ganzheitlicher-betrieblicher-gesundheitsfoerderung\\\/\",\"url\":\"https:\\\/\\\/news.save.ch\\\/die-drei-pfeiler-ganzheitlicher-betrieblicher-gesundheitsfoerderung\\\/\",\"name\":\"Die drei Pfeiler ganzheitlicher betrieblicher Gesundheitsf\u00f6rderung - Save\",\"isPartOf\":{\"@id\":\"https:\\\/\\\/news.save.ch\\\/de\\\/#website\"},\"primaryImageOfPage\":{\"@id\":\"https:\\\/\\\/news.save.ch\\\/die-drei-pfeiler-ganzheitlicher-betrieblicher-gesundheitsfoerderung\\\/#primaryimage\"},\"image\":{\"@id\":\"https:\\\/\\\/news.save.ch\\\/die-drei-pfeiler-ganzheitlicher-betrieblicher-gesundheitsfoerderung\\\/#primaryimage\"},\"thumbnailUrl\":\"https:\\\/\\\/news.save.ch\\\/wp-content\\\/uploads\\\/2015\\\/10\\\/Die-drei-Pfeiler-ganzheitlicher-betrieblicher-Gesundheitsfoerderung-sf-sicherheitsforum-scaled-1.jpg\",\"datePublished\":\"2015-10-20T07:52:25+00:00\",\"dateModified\":\"2023-03-14T08:03:05+00:00\",\"description\":\"Aufgrund vieler Ver\u00e4nderungen in unserer Welt brechen soziale Strukturen wie zum Beispiel unsere Familien auseinander. Folge: Die Mitarbeitenden tragen ihre Unsicherheit mit ins Unternehmen und sollen trotz ihrer Orientierungslosigkeit produktiv sein. Schauen die Vorgesetzten \u00fcber den Tellerrand, erkennen sie, dass ihr Team nur rund 60 Prozent Leistung erbringt.\",\"breadcrumb\":{\"@id\":\"https:\\\/\\\/news.save.ch\\\/die-drei-pfeiler-ganzheitlicher-betrieblicher-gesundheitsfoerderung\\\/#breadcrumb\"},\"inLanguage\":\"fr-FR\",\"potentialAction\":[{\"@type\":\"ReadAction\",\"target\":[\"https:\\\/\\\/news.save.ch\\\/die-drei-pfeiler-ganzheitlicher-betrieblicher-gesundheitsfoerderung\\\/\"]}]},{\"@type\":\"ImageObject\",\"inLanguage\":\"fr-FR\",\"@id\":\"https:\\\/\\\/news.save.ch\\\/die-drei-pfeiler-ganzheitlicher-betrieblicher-gesundheitsfoerderung\\\/#primaryimage\",\"url\":\"https:\\\/\\\/news.save.ch\\\/wp-content\\\/uploads\\\/2015\\\/10\\\/Die-drei-Pfeiler-ganzheitlicher-betrieblicher-Gesundheitsfoerderung-sf-sicherheitsforum-scaled-1.jpg\",\"contentUrl\":\"https:\\\/\\\/news.save.ch\\\/wp-content\\\/uploads\\\/2015\\\/10\\\/Die-drei-Pfeiler-ganzheitlicher-betrieblicher-Gesundheitsfoerderung-sf-sicherheitsforum-scaled-1.jpg\",\"width\":1200,\"height\":848,\"caption\":\"Die drei Pfeiler ganzheitlicher betrieblicher Gesundheitsf\u00f6rderung-sf-sicherheitsforum\"},{\"@type\":\"BreadcrumbList\",\"@id\":\"https:\\\/\\\/news.save.ch\\\/die-drei-pfeiler-ganzheitlicher-betrieblicher-gesundheitsfoerderung\\\/#breadcrumb\",\"itemListElement\":[{\"@type\":\"ListItem\",\"position\":1,\"name\":\"Home\",\"item\":\"https:\\\/\\\/news.save.ch\\\/de\\\/\"},{\"@type\":\"ListItem\",\"position\":2,\"name\":\"Die drei Pfeiler ganzheitlicher betrieblicher Gesundheitsf\u00f6rderung\"}]},{\"@type\":\"WebSite\",\"@id\":\"https:\\\/\\\/news.save.ch\\\/de\\\/#website\",\"url\":\"https:\\\/\\\/news.save.ch\\\/de\\\/\",\"name\":\"Save\",\"description\":\"Schweizer Fachzeitschrift f\u00fcr Sicherheit\",\"publisher\":{\"@id\":\"https:\\\/\\\/news.save.ch\\\/de\\\/#organization\"},\"potentialAction\":[{\"@type\":\"SearchAction\",\"target\":{\"@type\":\"EntryPoint\",\"urlTemplate\":\"https:\\\/\\\/news.save.ch\\\/de\\\/?s={search_term_string}\"},\"query-input\":{\"@type\":\"PropertyValueSpecification\",\"valueRequired\":true,\"valueName\":\"search_term_string\"}}],\"inLanguage\":\"fr-FR\"},{\"@type\":\"Organization\",\"@id\":\"https:\\\/\\\/news.save.ch\\\/de\\\/#organization\",\"name\":\"Sicherheitsforum\",\"url\":\"https:\\\/\\\/news.save.ch\\\/de\\\/\",\"logo\":{\"@type\":\"ImageObject\",\"inLanguage\":\"fr-FR\",\"@id\":\"https:\\\/\\\/news.save.ch\\\/de\\\/#\\\/schema\\\/logo\\\/image\\\/\",\"url\":\"https:\\\/\\\/news.save.ch\\\/wp-content\\\/uploads\\\/2022\\\/06\\\/Logo_SF_2012.png\",\"contentUrl\":\"https:\\\/\\\/news.save.ch\\\/wp-content\\\/uploads\\\/2022\\\/06\\\/Logo_SF_2012.png\",\"width\":1100,\"height\":91,\"caption\":\"Sicherheitsforum\"},\"image\":{\"@id\":\"https:\\\/\\\/news.save.ch\\\/de\\\/#\\\/schema\\\/logo\\\/image\\\/\"}},{\"@type\":\"Person\",\"@id\":\"https:\\\/\\\/news.save.ch\\\/de\\\/#\\\/schema\\\/person\\\/af1b2481d0ee02dd880e616f4534d788\",\"name\":\"galledia\",\"image\":{\"@type\":\"ImageObject\",\"inLanguage\":\"fr-FR\",\"@id\":\"https:\\\/\\\/secure.gravatar.com\\\/avatar\\\/9baa80b63641d54c66fff920086eecab2c9e64c67a448c886b8c6c946e57f4c4?s=96&d=mm&r=g\",\"url\":\"https:\\\/\\\/secure.gravatar.com\\\/avatar\\\/9baa80b63641d54c66fff920086eecab2c9e64c67a448c886b8c6c946e57f4c4?s=96&d=mm&r=g\",\"contentUrl\":\"https:\\\/\\\/secure.gravatar.com\\\/avatar\\\/9baa80b63641d54c66fff920086eecab2c9e64c67a448c886b8c6c946e57f4c4?s=96&d=mm&r=g\",\"caption\":\"galledia\"},\"url\":\"https:\\\/\\\/news.save.ch\\\/fr\\\/author\\\/galledia\\\/\"}]}<\/script>\n<!-- \/ Yoast SEO plugin. -->","yoast_head_json":{"title":"Les trois piliers de la promotion globale de la sant\u00e9 en entreprise - Save","description":"En raison de nombreux changements dans notre monde, les structures sociales, comme nos familles par exemple, se d\u00e9sagr\u00e8gent. Cons\u00e9quence : les collaborateurs apportent leur ins\u00e9curit\u00e9 dans l'entreprise et doivent \u00eatre productifs malgr\u00e9 leur manque de rep\u00e8res. Si les sup\u00e9rieurs regardent plus loin que le bout de leur nez, ils se rendent compte que leur \u00e9quipe n'est performante qu'\u00e0 environ 60%.","robots":{"index":"index","follow":"follow","max-snippet":"max-snippet:-1","max-image-preview":"max-image-preview:large","max-video-preview":"max-video-preview:-1"},"canonical":"https:\/\/news.save.ch\/fr\/die-drei-pfeiler-ganzheitlicher-betrieblicher-gesundheitsfoerderung\/","og_locale":"fr_FR","og_type":"article","og_title":"Die drei Pfeiler ganzheitlicher betrieblicher Gesundheitsf\u00f6rderung","og_description":"Aufgrund vieler Ver\u00e4nderungen in unserer Welt brechen soziale Strukturen wie zum Beispiel unsere Familien auseinander. Folge: Die Mitarbeitenden tragen ihre Unsicherheit mit ins Unternehmen und sollen trotz ihrer Orientierungslosigkeit produktiv sein. Schauen die Vorgesetzten \u00fcber den Tellerrand, erkennen sie, dass ihr Team nur rund 60 Prozent Leistung erbringt.","og_url":"https:\/\/news.save.ch\/fr\/die-drei-pfeiler-ganzheitlicher-betrieblicher-gesundheitsfoerderung\/","og_site_name":"Save","article_published_time":"2015-10-20T07:52:25+00:00","article_modified_time":"2023-03-14T08:03:05+00:00","og_image":[{"url":"http:\/\/dev.safety-plus.ch\/wp-content\/uploads\/2015\/10\/Die-drei-Pfeiler-ganzheitlicher-betrieblicher-Gesundheitsf\u00f6rderung-sf-sicherheitsforum.jpg","type":"","width":"","height":""}],"author":"galledia","twitter_card":"summary_large_image","twitter_title":"Die drei Pfeiler ganzheitlicher betrieblicher Gesundheitsf\u00f6rderung","twitter_description":"Aufgrund vieler Ver\u00e4nderungen in unserer Welt brechen soziale Strukturen wie zum Beispiel unsere Familien auseinander. Folge: Die Mitarbeitenden tragen ihre Unsicherheit mit ins Unternehmen und sollen trotz ihrer Orientierungslosigkeit produktiv sein. Schauen die Vorgesetzten \u00fcber den Tellerrand, erkennen sie, dass ihr Team nur rund 60 Prozent Leistung erbringt.","twitter_image":"http:\/\/dev.safety-plus.ch\/wp-content\/uploads\/2015\/10\/Die-drei-Pfeiler-ganzheitlicher-betrieblicher-Gesundheitsf\u00f6rderung-sf-sicherheitsforum.jpg","twitter_misc":{"\u00c9crit par":"galledia","Dur\u00e9e de lecture estim\u00e9e":"4 minutes"},"schema":{"@context":"https:\/\/schema.org","@graph":[{"@type":"Article","@id":"https:\/\/news.save.ch\/die-drei-pfeiler-ganzheitlicher-betrieblicher-gesundheitsfoerderung\/#article","isPartOf":{"@id":"https:\/\/news.save.ch\/die-drei-pfeiler-ganzheitlicher-betrieblicher-gesundheitsfoerderung\/"},"author":{"name":"galledia","@id":"https:\/\/news.save.ch\/de\/#\/schema\/person\/af1b2481d0ee02dd880e616f4534d788"},"headline":"Die drei Pfeiler ganzheitlicher betrieblicher Gesundheitsf\u00f6rderung","datePublished":"2015-10-20T07:52:25+00:00","dateModified":"2023-03-14T08:03:05+00:00","mainEntityOfPage":{"@id":"https:\/\/news.save.ch\/die-drei-pfeiler-ganzheitlicher-betrieblicher-gesundheitsfoerderung\/"},"wordCount":826,"commentCount":0,"publisher":{"@id":"https:\/\/news.save.ch\/de\/#organization"},"image":{"@id":"https:\/\/news.save.ch\/die-drei-pfeiler-ganzheitlicher-betrieblicher-gesundheitsfoerderung\/#primaryimage"},"thumbnailUrl":"https:\/\/news.save.ch\/wp-content\/uploads\/2015\/10\/Die-drei-Pfeiler-ganzheitlicher-betrieblicher-Gesundheitsfoerderung-sf-sicherheitsforum-scaled-1.jpg","keywords":["Betriebliches Gesundheitsmanagement"],"articleSection":["HEALTH &amp; SAFETY"],"inLanguage":"fr-FR"},{"@type":"WebPage","@id":"https:\/\/news.save.ch\/die-drei-pfeiler-ganzheitlicher-betrieblicher-gesundheitsfoerderung\/","url":"https:\/\/news.save.ch\/die-drei-pfeiler-ganzheitlicher-betrieblicher-gesundheitsfoerderung\/","name":"Les trois piliers de la promotion globale de la sant\u00e9 en entreprise - Save","isPartOf":{"@id":"https:\/\/news.save.ch\/de\/#website"},"primaryImageOfPage":{"@id":"https:\/\/news.save.ch\/die-drei-pfeiler-ganzheitlicher-betrieblicher-gesundheitsfoerderung\/#primaryimage"},"image":{"@id":"https:\/\/news.save.ch\/die-drei-pfeiler-ganzheitlicher-betrieblicher-gesundheitsfoerderung\/#primaryimage"},"thumbnailUrl":"https:\/\/news.save.ch\/wp-content\/uploads\/2015\/10\/Die-drei-Pfeiler-ganzheitlicher-betrieblicher-Gesundheitsfoerderung-sf-sicherheitsforum-scaled-1.jpg","datePublished":"2015-10-20T07:52:25+00:00","dateModified":"2023-03-14T08:03:05+00:00","description":"En raison de nombreux changements dans notre monde, les structures sociales, comme nos familles par exemple, se d\u00e9sagr\u00e8gent. Cons\u00e9quence : les collaborateurs apportent leur ins\u00e9curit\u00e9 dans l'entreprise et doivent \u00eatre productifs malgr\u00e9 leur manque de rep\u00e8res. Si les sup\u00e9rieurs regardent plus loin que le bout de leur nez, ils se rendent compte que leur \u00e9quipe n'est performante qu'\u00e0 environ 60%.","breadcrumb":{"@id":"https:\/\/news.save.ch\/die-drei-pfeiler-ganzheitlicher-betrieblicher-gesundheitsfoerderung\/#breadcrumb"},"inLanguage":"fr-FR","potentialAction":[{"@type":"ReadAction","target":["https:\/\/news.save.ch\/die-drei-pfeiler-ganzheitlicher-betrieblicher-gesundheitsfoerderung\/"]}]},{"@type":"ImageObject","inLanguage":"fr-FR","@id":"https:\/\/news.save.ch\/die-drei-pfeiler-ganzheitlicher-betrieblicher-gesundheitsfoerderung\/#primaryimage","url":"https:\/\/news.save.ch\/wp-content\/uploads\/2015\/10\/Die-drei-Pfeiler-ganzheitlicher-betrieblicher-Gesundheitsfoerderung-sf-sicherheitsforum-scaled-1.jpg","contentUrl":"https:\/\/news.save.ch\/wp-content\/uploads\/2015\/10\/Die-drei-Pfeiler-ganzheitlicher-betrieblicher-Gesundheitsfoerderung-sf-sicherheitsforum-scaled-1.jpg","width":1200,"height":848,"caption":"Die drei Pfeiler ganzheitlicher betrieblicher Gesundheitsf\u00f6rderung-sf-sicherheitsforum"},{"@type":"BreadcrumbList","@id":"https:\/\/news.save.ch\/die-drei-pfeiler-ganzheitlicher-betrieblicher-gesundheitsfoerderung\/#breadcrumb","itemListElement":[{"@type":"ListItem","position":1,"name":"Home","item":"https:\/\/news.save.ch\/de\/"},{"@type":"ListItem","position":2,"name":"Die drei Pfeiler ganzheitlicher betrieblicher Gesundheitsf\u00f6rderung"}]},{"@type":"WebSite","@id":"https:\/\/news.save.ch\/de\/#website","url":"https:\/\/news.save.ch\/de\/","name":"Save","description":"Revue suisse sp\u00e9cialis\u00e9e dans la s\u00e9curit\u00e9","publisher":{"@id":"https:\/\/news.save.ch\/de\/#organization"},"potentialAction":[{"@type":"SearchAction","target":{"@type":"EntryPoint","urlTemplate":"https:\/\/news.save.ch\/de\/?s={search_term_string}"},"query-input":{"@type":"PropertyValueSpecification","valueRequired":true,"valueName":"search_term_string"}}],"inLanguage":"fr-FR"},{"@type":"Organization","@id":"https:\/\/news.save.ch\/de\/#organization","name":"Forum sur la s\u00e9curit\u00e9","url":"https:\/\/news.save.ch\/de\/","logo":{"@type":"ImageObject","inLanguage":"fr-FR","@id":"https:\/\/news.save.ch\/de\/#\/schema\/logo\/image\/","url":"https:\/\/news.save.ch\/wp-content\/uploads\/2022\/06\/Logo_SF_2012.png","contentUrl":"https:\/\/news.save.ch\/wp-content\/uploads\/2022\/06\/Logo_SF_2012.png","width":1100,"height":91,"caption":"Sicherheitsforum"},"image":{"@id":"https:\/\/news.save.ch\/de\/#\/schema\/logo\/image\/"}},{"@type":"Person","@id":"https:\/\/news.save.ch\/de\/#\/schema\/person\/af1b2481d0ee02dd880e616f4534d788","name":"galledia","image":{"@type":"ImageObject","inLanguage":"fr-FR","@id":"https:\/\/secure.gravatar.com\/avatar\/9baa80b63641d54c66fff920086eecab2c9e64c67a448c886b8c6c946e57f4c4?s=96&d=mm&r=g","url":"https:\/\/secure.gravatar.com\/avatar\/9baa80b63641d54c66fff920086eecab2c9e64c67a448c886b8c6c946e57f4c4?s=96&d=mm&r=g","contentUrl":"https:\/\/secure.gravatar.com\/avatar\/9baa80b63641d54c66fff920086eecab2c9e64c67a448c886b8c6c946e57f4c4?s=96&d=mm&r=g","caption":"galledia"},"url":"https:\/\/news.save.ch\/fr\/author\/galledia\/"}]}},"_links":{"self":[{"href":"https:\/\/news.save.ch\/fr\/wp-json\/wp\/v2\/posts\/16697","targetHints":{"allow":["GET"]}}],"collection":[{"href":"https:\/\/news.save.ch\/fr\/wp-json\/wp\/v2\/posts"}],"about":[{"href":"https:\/\/news.save.ch\/fr\/wp-json\/wp\/v2\/types\/post"}],"author":[{"embeddable":true,"href":"https:\/\/news.save.ch\/fr\/wp-json\/wp\/v2\/users\/10"}],"replies":[{"embeddable":true,"href":"https:\/\/news.save.ch\/fr\/wp-json\/wp\/v2\/comments?post=16697"}],"version-history":[{"count":1,"href":"https:\/\/news.save.ch\/fr\/wp-json\/wp\/v2\/posts\/16697\/revisions"}],"predecessor-version":[{"id":18846,"href":"https:\/\/news.save.ch\/fr\/wp-json\/wp\/v2\/posts\/16697\/revisions\/18846"}],"wp:featuredmedia":[{"embeddable":true,"href":"https:\/\/news.save.ch\/fr\/wp-json\/wp\/v2\/media\/16159"}],"wp:attachment":[{"href":"https:\/\/news.save.ch\/fr\/wp-json\/wp\/v2\/media?parent=16697"}],"wp:term":[{"taxonomy":"category","embeddable":true,"href":"https:\/\/news.save.ch\/fr\/wp-json\/wp\/v2\/categories?post=16697"},{"taxonomy":"post_tag","embeddable":true,"href":"https:\/\/news.save.ch\/fr\/wp-json\/wp\/v2\/tags?post=16697"}],"curies":[{"name":"wp","href":"https:\/\/api.w.org\/{rel}","templated":true}]}}