{"id":16702,"date":"2016-02-02T15:21:04","date_gmt":"2016-02-02T14:21:04","guid":{"rendered":"http:\/\/dev.safety-plus.ch\/?p=703"},"modified":"2023-03-14T09:03:03","modified_gmt":"2023-03-14T08:03:03","slug":"weltkrebstag-arbeiten-mit-krebserkrankung","status":null,"type":"post","link":"https:\/\/news.save.ch\/fr\/weltkrebstag-arbeiten-mit-krebserkrankung\/","title":{"rendered":"Journ\u00e9e mondiale contre le cancer : travailler avec le cancer"},"content":{"rendered":"<p><img loading=\"lazy\" decoding=\"async\" src=\"http:\/\/develop.safety-plus.ch\/wp-content\/uploads\/2016\/12\/Weltkrebstag-Arbeiten-mit-Krebserkrankung_safety-plus.jpg\" alt=\"Pour permettre la reprise du travail, des adaptations du poste de travail peuvent \u00eatre n\u00e9cessaires.\" width=\"680\" height=\"553\" \/><\/p>\n<p>Le 4 f\u00e9vrier a lieu la Journ\u00e9e mondiale contre le cancer.<\/p>\n<p>Le site <a href=\"http:\/\/www.krebsliga.ch\/de\/\" target=\"_blank\" data-cke-saved-href=\"http:\/\/www.krebsliga.ch\/de\/\" rel=\"noopener\">Ligue suisse contre le cancer<\/a>\u00a0Le th\u00e8me \"Les personnes atteintes de cancer sur le lieu de travail\" est l'un des sujets abord\u00e9s \u00e0 cette occasion.<\/p>\n<p>Comme chaque cancer \u00e9volue diff\u00e9remment et que chaque personne touch\u00e9e a des besoins individuels, il n'existe pas non plus de recette universelle pour la reprise de l'activit\u00e9 professionnelle. Les experts de la Ligue contre le cancer apportent leur aide par le biais de conseils, de la r\u00e9adaptation et de la reprise d'une activit\u00e9 professionnelle.<\/p>\n<p>\"Actuellement, plus de 64 000 personnes \u00e2g\u00e9es de 20 \u00e0 69 ans vivent avec un cancer en Suisse\", explique Anna Zahno, responsable du th\u00e8me \"Personnes atteintes de cancer au travail\" \u00e0 la Ligue suisse contre le cancer. \"Beaucoup d'entre elles continuent \u00e0 travailler apr\u00e8s ou m\u00eame pendant le traitement, ce qui peut avoir une influence positive et durable sur le processus de gu\u00e9rison. Mais pour cela, des am\u00e9nagements du poste de travail sont souvent n\u00e9cessaires et doivent \u00eatre n\u00e9goci\u00e9s avec l'employeur\".<\/p>\n<p>La Ligue contre le cancer peut servir de m\u00e9diateur entre l'employ\u00e9 et l'employeur et apporter son soutien lors de la r\u00e9int\u00e9gration dans le quotidien professionnel.<\/p>","protected":false},"excerpt":{"rendered":"<p>Am 4. Februar findet der Weltkrebstag statt. Die Krebsliga Schweiz\u00a0r\u00fcckt zu diesem Anlass unter anderem das Thema &#8222;Krebsbetroffene am Arbeitsplatz&#8220; ins Zentrum. Da jede Krebserkrankung anders verl\u00e4uft und jede betroffene Person individuelle Bed\u00fcrfnisse mit sich bringt, gibt es auch bei der Wiederaufnahme der beruflichen T\u00e4tigkeit kein allgemeing\u00fcltiges Rezept. Die Experten der Krebsliga helfen mit Beratung, [&hellip;]<\/p>\n","protected":false},"author":1,"featured_media":16054,"comment_status":"open","ping_status":"open","sticky":false,"template":"","format":"standard","meta":{"_acf_changed":false,"pgc_sgb_lightbox_settings":"","footnotes":""},"categories":[3314],"tags":[149],"class_list":["post-16702","post","type-post","status-publish","format-standard","has-post-thumbnail","hentry","category-health-safety","tag-gesundheitsschutz"],"acf":[],"hkrextid":null,"publication":null,"issue":null,"workflow":null,"startPage":null,"spitzmarke":null,"_posts_by_tag_page_fields":{"widget_title":"","widget_tags":""},"_at_widget":"1","_yoast_wpseo_primary_category":"4","_yoast_wpseo_focuskw_text_input":"Weltkrebstag","_yoast_wpseo_opengraph-image":null,"_yoast_wpseo_opengraph-description":null,"_yoast_wpseo_opengraph-title":null,"enclosure":null,"_yoast_wpseo_twitter-title":null,"_yoast_wpseo_twitter-description":null,"_yoast_wpseo_twitter-image":null,"_wp_old_slug":null,"_yoast_wpseo_title":null,"_yoast_wpseo_canonical":null,"yoast_head":"<!-- This site is optimized with the Yoast SEO plugin v27.5 - https:\/\/yoast.com\/product\/yoast-seo-wordpress\/ -->\n<title>Weltkrebstag: Arbeiten mit Krebserkrankung - Save<\/title>\n<meta name=\"description\" content=\"Weltkrebstag: Nach der Diagnose Krebs kann es den Heilungsprozess positiv beeinflussen, wenn der oder die Betroffene weiterarbeitet.\" \/>\n<meta name=\"robots\" content=\"index, follow, max-snippet:-1, max-image-preview:large, max-video-preview:-1\" \/>\n<link rel=\"canonical\" href=\"https:\/\/news.save.ch\/fr\/weltkrebstag-arbeiten-mit-krebserkrankung\/\" \/>\n<meta property=\"og:locale\" content=\"fr_FR\" \/>\n<meta property=\"og:type\" content=\"article\" \/>\n<meta property=\"og:title\" content=\"Weltkrebstag: Arbeiten mit Krebserkrankung - Save\" \/>\n<meta property=\"og:description\" content=\"Weltkrebstag: Nach der Diagnose Krebs kann es den Heilungsprozess positiv beeinflussen, wenn der oder die Betroffene weiterarbeitet.\" \/>\n<meta property=\"og:url\" content=\"https:\/\/news.save.ch\/fr\/weltkrebstag-arbeiten-mit-krebserkrankung\/\" \/>\n<meta property=\"og:site_name\" content=\"Save\" \/>\n<meta property=\"article:published_time\" content=\"2016-02-02T14:21:04+00:00\" \/>\n<meta property=\"article:modified_time\" content=\"2023-03-14T08:03:03+00:00\" \/>\n<meta property=\"og:image\" content=\"https:\/\/news.save.ch\/wp-content\/uploads\/2016\/12\/Weltkrebstag-Arbeiten-mit-Krebserkrankung_safety-plus-scaled-1.jpg\" \/>\n\t<meta property=\"og:image:width\" content=\"1200\" \/>\n\t<meta property=\"og:image:height\" content=\"975\" \/>\n\t<meta property=\"og:image:type\" content=\"image\/jpeg\" \/>\n<meta name=\"author\" content=\"admin\" \/>\n<meta name=\"twitter:card\" content=\"summary_large_image\" \/>\n<meta name=\"twitter:label1\" content=\"\u00c9crit par\" \/>\n\t<meta name=\"twitter:data1\" content=\"admin\" \/>\n\t<meta name=\"twitter:label2\" content=\"Dur\u00e9e de lecture estim\u00e9e\" \/>\n\t<meta name=\"twitter:data2\" content=\"1 minute\" \/>\n<script type=\"application\/ld+json\" class=\"yoast-schema-graph\">{\"@context\":\"https:\\\/\\\/schema.org\",\"@graph\":[{\"@type\":\"Article\",\"@id\":\"https:\\\/\\\/news.save.ch\\\/weltkrebstag-arbeiten-mit-krebserkrankung\\\/#article\",\"isPartOf\":{\"@id\":\"https:\\\/\\\/news.save.ch\\\/weltkrebstag-arbeiten-mit-krebserkrankung\\\/\"},\"author\":{\"name\":\"admin\",\"@id\":\"https:\\\/\\\/news.save.ch\\\/de\\\/#\\\/schema\\\/person\\\/d49e199490bad7c70d64b9ab51142f2b\"},\"headline\":\"Weltkrebstag: Arbeiten mit Krebserkrankung\",\"datePublished\":\"2016-02-02T14:21:04+00:00\",\"dateModified\":\"2023-03-14T08:03:03+00:00\",\"mainEntityOfPage\":{\"@id\":\"https:\\\/\\\/news.save.ch\\\/weltkrebstag-arbeiten-mit-krebserkrankung\\\/\"},\"wordCount\":162,\"commentCount\":0,\"publisher\":{\"@id\":\"https:\\\/\\\/news.save.ch\\\/de\\\/#organization\"},\"image\":{\"@id\":\"https:\\\/\\\/news.save.ch\\\/weltkrebstag-arbeiten-mit-krebserkrankung\\\/#primaryimage\"},\"thumbnailUrl\":\"https:\\\/\\\/news.save.ch\\\/wp-content\\\/uploads\\\/2016\\\/12\\\/Weltkrebstag-Arbeiten-mit-Krebserkrankung_safety-plus-scaled-1.jpg\",\"keywords\":[\"Gesundheitsschutz\"],\"articleSection\":[\"HEALTH &amp; SAFETY\"],\"inLanguage\":\"fr-FR\"},{\"@type\":\"WebPage\",\"@id\":\"https:\\\/\\\/news.save.ch\\\/weltkrebstag-arbeiten-mit-krebserkrankung\\\/\",\"url\":\"https:\\\/\\\/news.save.ch\\\/weltkrebstag-arbeiten-mit-krebserkrankung\\\/\",\"name\":\"Weltkrebstag: Arbeiten mit Krebserkrankung - Save\",\"isPartOf\":{\"@id\":\"https:\\\/\\\/news.save.ch\\\/de\\\/#website\"},\"primaryImageOfPage\":{\"@id\":\"https:\\\/\\\/news.save.ch\\\/weltkrebstag-arbeiten-mit-krebserkrankung\\\/#primaryimage\"},\"image\":{\"@id\":\"https:\\\/\\\/news.save.ch\\\/weltkrebstag-arbeiten-mit-krebserkrankung\\\/#primaryimage\"},\"thumbnailUrl\":\"https:\\\/\\\/news.save.ch\\\/wp-content\\\/uploads\\\/2016\\\/12\\\/Weltkrebstag-Arbeiten-mit-Krebserkrankung_safety-plus-scaled-1.jpg\",\"datePublished\":\"2016-02-02T14:21:04+00:00\",\"dateModified\":\"2023-03-14T08:03:03+00:00\",\"description\":\"Weltkrebstag: Nach der Diagnose Krebs kann es den Heilungsprozess positiv beeinflussen, wenn der oder die Betroffene weiterarbeitet.\",\"breadcrumb\":{\"@id\":\"https:\\\/\\\/news.save.ch\\\/weltkrebstag-arbeiten-mit-krebserkrankung\\\/#breadcrumb\"},\"inLanguage\":\"fr-FR\",\"potentialAction\":[{\"@type\":\"ReadAction\",\"target\":[\"https:\\\/\\\/news.save.ch\\\/weltkrebstag-arbeiten-mit-krebserkrankung\\\/\"]}]},{\"@type\":\"ImageObject\",\"inLanguage\":\"fr-FR\",\"@id\":\"https:\\\/\\\/news.save.ch\\\/weltkrebstag-arbeiten-mit-krebserkrankung\\\/#primaryimage\",\"url\":\"https:\\\/\\\/news.save.ch\\\/wp-content\\\/uploads\\\/2016\\\/12\\\/Weltkrebstag-Arbeiten-mit-Krebserkrankung_safety-plus-scaled-1.jpg\",\"contentUrl\":\"https:\\\/\\\/news.save.ch\\\/wp-content\\\/uploads\\\/2016\\\/12\\\/Weltkrebstag-Arbeiten-mit-Krebserkrankung_safety-plus-scaled-1.jpg\",\"width\":1200,\"height\":975,\"caption\":\"Um den Wiedereinstieg in die Arbeit zu erm\u00f6glichen, k\u00f6nnen Anpassungen an den Arbeitsplatz n\u00f6tig sein.\"},{\"@type\":\"BreadcrumbList\",\"@id\":\"https:\\\/\\\/news.save.ch\\\/weltkrebstag-arbeiten-mit-krebserkrankung\\\/#breadcrumb\",\"itemListElement\":[{\"@type\":\"ListItem\",\"position\":1,\"name\":\"Home\",\"item\":\"https:\\\/\\\/news.save.ch\\\/de\\\/\"},{\"@type\":\"ListItem\",\"position\":2,\"name\":\"Weltkrebstag: Arbeiten mit Krebserkrankung\"}]},{\"@type\":\"WebSite\",\"@id\":\"https:\\\/\\\/news.save.ch\\\/de\\\/#website\",\"url\":\"https:\\\/\\\/news.save.ch\\\/de\\\/\",\"name\":\"Save\",\"description\":\"Schweizer Fachzeitschrift f\u00fcr Sicherheit\",\"publisher\":{\"@id\":\"https:\\\/\\\/news.save.ch\\\/de\\\/#organization\"},\"potentialAction\":[{\"@type\":\"SearchAction\",\"target\":{\"@type\":\"EntryPoint\",\"urlTemplate\":\"https:\\\/\\\/news.save.ch\\\/de\\\/?s={search_term_string}\"},\"query-input\":{\"@type\":\"PropertyValueSpecification\",\"valueRequired\":true,\"valueName\":\"search_term_string\"}}],\"inLanguage\":\"fr-FR\"},{\"@type\":\"Organization\",\"@id\":\"https:\\\/\\\/news.save.ch\\\/de\\\/#organization\",\"name\":\"Sicherheitsforum\",\"url\":\"https:\\\/\\\/news.save.ch\\\/de\\\/\",\"logo\":{\"@type\":\"ImageObject\",\"inLanguage\":\"fr-FR\",\"@id\":\"https:\\\/\\\/news.save.ch\\\/de\\\/#\\\/schema\\\/logo\\\/image\\\/\",\"url\":\"https:\\\/\\\/news.save.ch\\\/wp-content\\\/uploads\\\/2022\\\/06\\\/Logo_SF_2012.png\",\"contentUrl\":\"https:\\\/\\\/news.save.ch\\\/wp-content\\\/uploads\\\/2022\\\/06\\\/Logo_SF_2012.png\",\"width\":1100,\"height\":91,\"caption\":\"Sicherheitsforum\"},\"image\":{\"@id\":\"https:\\\/\\\/news.save.ch\\\/de\\\/#\\\/schema\\\/logo\\\/image\\\/\"}},{\"@type\":\"Person\",\"@id\":\"https:\\\/\\\/news.save.ch\\\/de\\\/#\\\/schema\\\/person\\\/d49e199490bad7c70d64b9ab51142f2b\",\"name\":\"admin\",\"image\":{\"@type\":\"ImageObject\",\"inLanguage\":\"fr-FR\",\"@id\":\"https:\\\/\\\/secure.gravatar.com\\\/avatar\\\/ae2f4d718e6c49043e314ce431e7e645d646302a24a5ef5a8bc8e3f5a032e319?s=96&d=mm&r=g\",\"url\":\"https:\\\/\\\/secure.gravatar.com\\\/avatar\\\/ae2f4d718e6c49043e314ce431e7e645d646302a24a5ef5a8bc8e3f5a032e319?s=96&d=mm&r=g\",\"contentUrl\":\"https:\\\/\\\/secure.gravatar.com\\\/avatar\\\/ae2f4d718e6c49043e314ce431e7e645d646302a24a5ef5a8bc8e3f5a032e319?s=96&d=mm&r=g\",\"caption\":\"admin\"},\"sameAs\":[\"https:\\\/\\\/develop.organisator.galledia.ch\"],\"url\":\"https:\\\/\\\/news.save.ch\\\/fr\\\/author\\\/admin\\\/\"}]}<\/script>\n<!-- \/ Yoast SEO plugin. -->","yoast_head_json":{"title":"Journ\u00e9e mondiale contre le cancer : travailler avec le cancer - Save","description":"Journ\u00e9e mondiale contre le cancer : apr\u00e8s un diagnostic de cancer, le fait que la personne concern\u00e9e continue \u00e0 travailler peut avoir une influence positive sur le processus de gu\u00e9rison.","robots":{"index":"index","follow":"follow","max-snippet":"max-snippet:-1","max-image-preview":"max-image-preview:large","max-video-preview":"max-video-preview:-1"},"canonical":"https:\/\/news.save.ch\/fr\/weltkrebstag-arbeiten-mit-krebserkrankung\/","og_locale":"fr_FR","og_type":"article","og_title":"Weltkrebstag: Arbeiten mit Krebserkrankung - Save","og_description":"Weltkrebstag: Nach der Diagnose Krebs kann es den Heilungsprozess positiv beeinflussen, wenn der oder die Betroffene weiterarbeitet.","og_url":"https:\/\/news.save.ch\/fr\/weltkrebstag-arbeiten-mit-krebserkrankung\/","og_site_name":"Save","article_published_time":"2016-02-02T14:21:04+00:00","article_modified_time":"2023-03-14T08:03:03+00:00","og_image":[{"width":1200,"height":975,"url":"https:\/\/news.save.ch\/wp-content\/uploads\/2016\/12\/Weltkrebstag-Arbeiten-mit-Krebserkrankung_safety-plus-scaled-1.jpg","type":"image\/jpeg"}],"author":"admin","twitter_card":"summary_large_image","twitter_misc":{"\u00c9crit par":"admin","Dur\u00e9e de lecture estim\u00e9e":"1 minute"},"schema":{"@context":"https:\/\/schema.org","@graph":[{"@type":"Article","@id":"https:\/\/news.save.ch\/weltkrebstag-arbeiten-mit-krebserkrankung\/#article","isPartOf":{"@id":"https:\/\/news.save.ch\/weltkrebstag-arbeiten-mit-krebserkrankung\/"},"author":{"name":"admin","@id":"https:\/\/news.save.ch\/de\/#\/schema\/person\/d49e199490bad7c70d64b9ab51142f2b"},"headline":"Weltkrebstag: Arbeiten mit Krebserkrankung","datePublished":"2016-02-02T14:21:04+00:00","dateModified":"2023-03-14T08:03:03+00:00","mainEntityOfPage":{"@id":"https:\/\/news.save.ch\/weltkrebstag-arbeiten-mit-krebserkrankung\/"},"wordCount":162,"commentCount":0,"publisher":{"@id":"https:\/\/news.save.ch\/de\/#organization"},"image":{"@id":"https:\/\/news.save.ch\/weltkrebstag-arbeiten-mit-krebserkrankung\/#primaryimage"},"thumbnailUrl":"https:\/\/news.save.ch\/wp-content\/uploads\/2016\/12\/Weltkrebstag-Arbeiten-mit-Krebserkrankung_safety-plus-scaled-1.jpg","keywords":["Gesundheitsschutz"],"articleSection":["HEALTH &amp; SAFETY"],"inLanguage":"fr-FR"},{"@type":"WebPage","@id":"https:\/\/news.save.ch\/weltkrebstag-arbeiten-mit-krebserkrankung\/","url":"https:\/\/news.save.ch\/weltkrebstag-arbeiten-mit-krebserkrankung\/","name":"Journ\u00e9e mondiale contre le cancer : travailler avec le cancer - Save","isPartOf":{"@id":"https:\/\/news.save.ch\/de\/#website"},"primaryImageOfPage":{"@id":"https:\/\/news.save.ch\/weltkrebstag-arbeiten-mit-krebserkrankung\/#primaryimage"},"image":{"@id":"https:\/\/news.save.ch\/weltkrebstag-arbeiten-mit-krebserkrankung\/#primaryimage"},"thumbnailUrl":"https:\/\/news.save.ch\/wp-content\/uploads\/2016\/12\/Weltkrebstag-Arbeiten-mit-Krebserkrankung_safety-plus-scaled-1.jpg","datePublished":"2016-02-02T14:21:04+00:00","dateModified":"2023-03-14T08:03:03+00:00","description":"Journ\u00e9e mondiale contre le cancer : apr\u00e8s un diagnostic de cancer, le fait que la personne concern\u00e9e continue \u00e0 travailler peut avoir une influence positive sur le processus de gu\u00e9rison.","breadcrumb":{"@id":"https:\/\/news.save.ch\/weltkrebstag-arbeiten-mit-krebserkrankung\/#breadcrumb"},"inLanguage":"fr-FR","potentialAction":[{"@type":"ReadAction","target":["https:\/\/news.save.ch\/weltkrebstag-arbeiten-mit-krebserkrankung\/"]}]},{"@type":"ImageObject","inLanguage":"fr-FR","@id":"https:\/\/news.save.ch\/weltkrebstag-arbeiten-mit-krebserkrankung\/#primaryimage","url":"https:\/\/news.save.ch\/wp-content\/uploads\/2016\/12\/Weltkrebstag-Arbeiten-mit-Krebserkrankung_safety-plus-scaled-1.jpg","contentUrl":"https:\/\/news.save.ch\/wp-content\/uploads\/2016\/12\/Weltkrebstag-Arbeiten-mit-Krebserkrankung_safety-plus-scaled-1.jpg","width":1200,"height":975,"caption":"Um den Wiedereinstieg in die Arbeit zu erm\u00f6glichen, k\u00f6nnen Anpassungen an den Arbeitsplatz n\u00f6tig sein."},{"@type":"BreadcrumbList","@id":"https:\/\/news.save.ch\/weltkrebstag-arbeiten-mit-krebserkrankung\/#breadcrumb","itemListElement":[{"@type":"ListItem","position":1,"name":"Home","item":"https:\/\/news.save.ch\/de\/"},{"@type":"ListItem","position":2,"name":"Weltkrebstag: Arbeiten mit Krebserkrankung"}]},{"@type":"WebSite","@id":"https:\/\/news.save.ch\/de\/#website","url":"https:\/\/news.save.ch\/de\/","name":"Save","description":"Revue suisse sp\u00e9cialis\u00e9e dans la s\u00e9curit\u00e9","publisher":{"@id":"https:\/\/news.save.ch\/de\/#organization"},"potentialAction":[{"@type":"SearchAction","target":{"@type":"EntryPoint","urlTemplate":"https:\/\/news.save.ch\/de\/?s={search_term_string}"},"query-input":{"@type":"PropertyValueSpecification","valueRequired":true,"valueName":"search_term_string"}}],"inLanguage":"fr-FR"},{"@type":"Organization","@id":"https:\/\/news.save.ch\/de\/#organization","name":"Forum sur la s\u00e9curit\u00e9","url":"https:\/\/news.save.ch\/de\/","logo":{"@type":"ImageObject","inLanguage":"fr-FR","@id":"https:\/\/news.save.ch\/de\/#\/schema\/logo\/image\/","url":"https:\/\/news.save.ch\/wp-content\/uploads\/2022\/06\/Logo_SF_2012.png","contentUrl":"https:\/\/news.save.ch\/wp-content\/uploads\/2022\/06\/Logo_SF_2012.png","width":1100,"height":91,"caption":"Sicherheitsforum"},"image":{"@id":"https:\/\/news.save.ch\/de\/#\/schema\/logo\/image\/"}},{"@type":"Person","@id":"https:\/\/news.save.ch\/de\/#\/schema\/person\/d49e199490bad7c70d64b9ab51142f2b","name":"admin","image":{"@type":"ImageObject","inLanguage":"fr-FR","@id":"https:\/\/secure.gravatar.com\/avatar\/ae2f4d718e6c49043e314ce431e7e645d646302a24a5ef5a8bc8e3f5a032e319?s=96&d=mm&r=g","url":"https:\/\/secure.gravatar.com\/avatar\/ae2f4d718e6c49043e314ce431e7e645d646302a24a5ef5a8bc8e3f5a032e319?s=96&d=mm&r=g","contentUrl":"https:\/\/secure.gravatar.com\/avatar\/ae2f4d718e6c49043e314ce431e7e645d646302a24a5ef5a8bc8e3f5a032e319?s=96&d=mm&r=g","caption":"admin"},"sameAs":["https:\/\/develop.organisator.galledia.ch"],"url":"https:\/\/news.save.ch\/fr\/author\/admin\/"}]}},"_links":{"self":[{"href":"https:\/\/news.save.ch\/fr\/wp-json\/wp\/v2\/posts\/16702","targetHints":{"allow":["GET"]}}],"collection":[{"href":"https:\/\/news.save.ch\/fr\/wp-json\/wp\/v2\/posts"}],"about":[{"href":"https:\/\/news.save.ch\/fr\/wp-json\/wp\/v2\/types\/post"}],"author":[{"embeddable":true,"href":"https:\/\/news.save.ch\/fr\/wp-json\/wp\/v2\/users\/1"}],"replies":[{"embeddable":true,"href":"https:\/\/news.save.ch\/fr\/wp-json\/wp\/v2\/comments?post=16702"}],"version-history":[{"count":1,"href":"https:\/\/news.save.ch\/fr\/wp-json\/wp\/v2\/posts\/16702\/revisions"}],"predecessor-version":[{"id":18836,"href":"https:\/\/news.save.ch\/fr\/wp-json\/wp\/v2\/posts\/16702\/revisions\/18836"}],"wp:featuredmedia":[{"embeddable":true,"href":"https:\/\/news.save.ch\/fr\/wp-json\/wp\/v2\/media\/16054"}],"wp:attachment":[{"href":"https:\/\/news.save.ch\/fr\/wp-json\/wp\/v2\/media?parent=16702"}],"wp:term":[{"taxonomy":"category","embeddable":true,"href":"https:\/\/news.save.ch\/fr\/wp-json\/wp\/v2\/categories?post=16702"},{"taxonomy":"post_tag","embeddable":true,"href":"https:\/\/news.save.ch\/fr\/wp-json\/wp\/v2\/tags?post=16702"}],"curies":[{"name":"wp","href":"https:\/\/api.w.org\/{rel}","templated":true}]}}