{"id":16726,"date":"2016-03-14T16:07:23","date_gmt":"2016-03-14T15:07:23","guid":{"rendered":"http:\/\/dev.safety-plus.ch\/?p=797"},"modified":"2016-03-14T16:07:23","modified_gmt":"2016-03-14T15:07:23","slug":"vorhofflimmern-kann-zu-hirnschlag-fuehren","status":null,"type":"post","link":"https:\/\/news.save.ch\/fr\/vorhofflimmern-kann-zu-hirnschlag-fuehren\/","title":{"rendered":"La fibrillation auriculaire peut entra\u00eener une attaque c\u00e9r\u00e9brale"},"content":{"rendered":"<figure id=\"attachment_798\" aria-describedby=\"caption-attachment-798\" style=\"width: 667px\" class=\"wp-caption alignnone\"><img loading=\"lazy\" decoding=\"async\" class=\"wp-image-798 size-medium\" src=\"http:\/\/develop.safety-plus.ch\/wp-content\/uploads\/2016\/12\/Vorhofflimmern-kann-zu-Hirnschlag-fuehren_safety-plus.jpg\" alt=\"La fibrillation auriculaire ne met g\u00e9n\u00e9ralement pas la vie en danger - mais elle est associ\u00e9e \u00e0 un risque accru d&#039;accident vasculaire c\u00e9r\u00e9bral.\" width=\"667\" height=\"1000\" srcset=\"https:\/\/news.save.ch\/wp-content\/uploads\/2016\/12\/Vorhofflimmern-kann-zu-Hirnschlag-fuehren_safety-plus.jpg 667w, https:\/\/news.save.ch\/wp-content\/uploads\/2016\/12\/Vorhofflimmern-kann-zu-Hirnschlag-fuehren_safety-plus-8x12.jpg 8w, https:\/\/news.save.ch\/wp-content\/uploads\/2016\/12\/Vorhofflimmern-kann-zu-Hirnschlag-fuehren_safety-plus-200x300.jpg 200w, https:\/\/news.save.ch\/wp-content\/uploads\/2016\/12\/Vorhofflimmern-kann-zu-Hirnschlag-fuehren_safety-plus-233x350.jpg 233w, https:\/\/news.save.ch\/wp-content\/uploads\/2016\/12\/Vorhofflimmern-kann-zu-Hirnschlag-fuehren_safety-plus-534x800.jpg 534w\" sizes=\"auto, (max-width: 667px) 100vw, 667px\" \/><figcaption id=\"caption-attachment-798\" class=\"wp-caption-text\">La fibrillation auriculaire ne met g\u00e9n\u00e9ralement pas la vie en danger - mais elle est associ\u00e9e \u00e0 un risque accru d'accident vasculaire c\u00e9r\u00e9bral.<\/figcaption><\/figure>\n<p>Un traitement ad\u00e9quat de la fibrillation auriculaire peut sauver des vies. En effet, si la maladie n'est pas trait\u00e9e, le risque d'attaque c\u00e9r\u00e9brale augmente fortement.<\/p>\n<p>La fibrillation auriculaire est le trouble du rythme cardiaque le plus fr\u00e9quent. En Suisse, environ 100 000 personnes sont concern\u00e9es. Certaines ressentent des palpitations ou des battements d\u00e9sagr\u00e9ables, des difficult\u00e9s respiratoires ou une baisse des performances. D'autres ne remarquent pas grand-chose, chez eux, seul le pouls est irr\u00e9gulier ou trop rapide. \"En soi, la fibrillation auriculaire ne repr\u00e9sente pas un danger imm\u00e9diat\", explique le professeur Hildegard Tanner, cardiologue \u00e0 l'H\u00f4pital de l'\u00cele \u00e0 Berne, \"mais si elle n'est pas trait\u00e9e, elle peut avoir de graves cons\u00e9quences\".<\/p>\n<p><strong>Risque fortement accru d'attaque c\u00e9r\u00e9brale<\/strong><br \/>\nL'attaque c\u00e9r\u00e9brale est particuli\u00e8rement redout\u00e9e. Le flux sanguin est ralenti dans les oreillettes qui palpitent. Des caillots de sang peuvent ainsi se former, \u00eatre emport\u00e9s et obstruer les vaisseaux du cerveau. Le risque d'attaque c\u00e9r\u00e9brale est cinq \u00e0 huit fois plus \u00e9lev\u00e9 en cas de fibrillation auriculaire non trait\u00e9e, et la mortalit\u00e9 est deux fois plus \u00e9lev\u00e9e qu'en cas d'attaque c\u00e9r\u00e9brale non provoqu\u00e9e par une fibrillation auriculaire.<\/p>\n<p><strong>Le traitement sauve des vies<\/strong><br \/>\n\"Un traitement cons\u00e9quent de la fibrillation auriculaire n'am\u00e9liore pas seulement la qualit\u00e9 de vie des patients, il permet aussi de sauver des vies\", explique Hildegard Tanner. La pr\u00e9vention de l'attaque c\u00e9r\u00e9brale par des m\u00e9dicaments anticoagulants, \u00e9galement appel\u00e9s \"fluidifiants sanguins\", est centrale. Ils emp\u00eachent la formation de dangereux caillots de sang. Il existe en outre de nombreuses m\u00e9thodes de traitement permettant de r\u00e9tablir le rythme cardiaque. La Fondation Suisse de Cardiologie organise une s\u00e9rie de conf\u00e9rences publiques pour expliquer le lien entre la fibrillation auriculaire et le risque d'attaque c\u00e9r\u00e9brale ainsi que les possibilit\u00e9s de traitement.<\/p>\n<p>Lieux et dates :<br \/>\nBaden (23 mars), Sursee (19 avril), Kreuzlingen (24 mai), Bienne (28 juin), Yverdon-les-Bains (24 ao\u00fbt), Lugano (14 septembre) et Gen\u00e8ve (12 octobre), de 18h30 \u00e0 20h00 environ.<\/p>\n<p>Plus d'informations sous : <a href=\"http:\/\/www.swissheart.ch\/veranstaltungen\" target=\"_blank\" data-cke-saved-href=\"http:\/\/www.swissheart.ch\/veranstaltungen\" rel=\"noopener\">www.swissheart.ch\/veranstaltungen<\/a><\/p>","protected":false},"excerpt":{"rendered":"<p>Die richtige Behandlung bei Vorhofflimmern kann Leben retten. Denn wird die Erkrankung nicht behandelt, erh\u00f6ht sich das Hirnschlagrisiko stark. Vorhofflimmern ist die h\u00e4ufigste Herzrhythmusst\u00f6rung. In der Schweiz sind etwa 100\u2018000 Personen betroffen. Manche versp\u00fcren ein unangenehmes Herzrasen oder Klopfen, Atemnot oder einen Leistungseinbruch. Andere bemerken wenig, bei ihnen ist lediglich der Puls unregelm\u00e4ssig oder zu [&hellip;]<\/p>\n","protected":false},"author":1,"featured_media":798,"comment_status":"open","ping_status":"open","sticky":false,"template":"","format":"standard","meta":{"_acf_changed":false,"pgc_sgb_lightbox_settings":"","footnotes":""},"categories":[1],"tags":[294,295],"class_list":["post-16726","post","type-post","status-publish","format-standard","has-post-thumbnail","hentry","category-allgemein","tag-betriebssanitaet","tag-erste-hilfe"],"acf":[],"hkrextid":null,"publication":null,"issue":null,"workflow":null,"startPage":null,"spitzmarke":null,"_posts_by_tag_page_fields":{"widget_title":"","widget_tags":""},"_at_widget":"1","_yoast_wpseo_primary_category":"1","_yoast_wpseo_focuskw_text_input":"Vorhofflimmern","_yoast_wpseo_opengraph-image":null,"_yoast_wpseo_opengraph-description":null,"_yoast_wpseo_opengraph-title":null,"enclosure":null,"_yoast_wpseo_twitter-title":null,"_yoast_wpseo_twitter-description":null,"_yoast_wpseo_twitter-image":null,"_wp_old_slug":null,"_yoast_wpseo_title":null,"_yoast_wpseo_canonical":null,"yoast_head":"<!-- This site is optimized with the Yoast SEO plugin v27.5 - https:\/\/yoast.com\/product\/yoast-seo-wordpress\/ -->\n<title>Vorhofflimmern kann zu Hirnschlag f\u00fchren - Save<\/title>\n<meta name=\"description\" content=\"In der Schweiz sind rund 100 000 Personen von Vorhofflimmern betroffen.\" \/>\n<meta name=\"robots\" content=\"index, follow, max-snippet:-1, max-image-preview:large, max-video-preview:-1\" \/>\n<link rel=\"canonical\" href=\"https:\/\/news.save.ch\/fr\/vorhofflimmern-kann-zu-hirnschlag-fuehren\/\" \/>\n<meta property=\"og:locale\" content=\"fr_FR\" \/>\n<meta property=\"og:type\" content=\"article\" \/>\n<meta property=\"og:title\" content=\"Vorhofflimmern kann zu Hirnschlag f\u00fchren - Save\" \/>\n<meta property=\"og:description\" content=\"In der Schweiz sind rund 100 000 Personen von Vorhofflimmern betroffen.\" \/>\n<meta property=\"og:url\" content=\"https:\/\/news.save.ch\/fr\/vorhofflimmern-kann-zu-hirnschlag-fuehren\/\" \/>\n<meta property=\"og:site_name\" content=\"Save\" \/>\n<meta property=\"article:published_time\" content=\"2016-03-14T15:07:23+00:00\" \/>\n<meta property=\"og:image\" content=\"https:\/\/news.save.ch\/wp-content\/uploads\/2016\/12\/Vorhofflimmern-kann-zu-Hirnschlag-fuehren_safety-plus.jpg\" \/>\n\t<meta property=\"og:image:width\" content=\"667\" \/>\n\t<meta property=\"og:image:height\" content=\"1000\" \/>\n\t<meta property=\"og:image:type\" content=\"image\/jpeg\" \/>\n<meta name=\"author\" content=\"admin\" \/>\n<meta name=\"twitter:card\" content=\"summary_large_image\" \/>\n<meta name=\"twitter:label1\" content=\"\u00c9crit par\" \/>\n\t<meta name=\"twitter:data1\" content=\"admin\" \/>\n\t<meta name=\"twitter:label2\" content=\"Dur\u00e9e de lecture estim\u00e9e\" \/>\n\t<meta name=\"twitter:data2\" content=\"1 minute\" \/>\n<script type=\"application\/ld+json\" class=\"yoast-schema-graph\">{\"@context\":\"https:\\\/\\\/schema.org\",\"@graph\":[{\"@type\":\"Article\",\"@id\":\"https:\\\/\\\/news.save.ch\\\/vorhofflimmern-kann-zu-hirnschlag-fuehren\\\/#article\",\"isPartOf\":{\"@id\":\"https:\\\/\\\/news.save.ch\\\/vorhofflimmern-kann-zu-hirnschlag-fuehren\\\/\"},\"author\":{\"name\":\"admin\",\"@id\":\"https:\\\/\\\/news.save.ch\\\/de\\\/#\\\/schema\\\/person\\\/d49e199490bad7c70d64b9ab51142f2b\"},\"headline\":\"Vorhofflimmern kann zu Hirnschlag f\u00fchren\",\"datePublished\":\"2016-03-14T15:07:23+00:00\",\"mainEntityOfPage\":{\"@id\":\"https:\\\/\\\/news.save.ch\\\/vorhofflimmern-kann-zu-hirnschlag-fuehren\\\/\"},\"wordCount\":293,\"commentCount\":0,\"publisher\":{\"@id\":\"https:\\\/\\\/news.save.ch\\\/de\\\/#organization\"},\"image\":{\"@id\":\"https:\\\/\\\/news.save.ch\\\/vorhofflimmern-kann-zu-hirnschlag-fuehren\\\/#primaryimage\"},\"thumbnailUrl\":\"https:\\\/\\\/news.save.ch\\\/wp-content\\\/uploads\\\/2016\\\/12\\\/Vorhofflimmern-kann-zu-Hirnschlag-fuehren_safety-plus.jpg\",\"keywords\":[\"Betriebssanit\u00e4t\",\"Erste Hilfe\"],\"articleSection\":[\"ALLGEMEIN\"],\"inLanguage\":\"fr-FR\"},{\"@type\":\"WebPage\",\"@id\":\"https:\\\/\\\/news.save.ch\\\/vorhofflimmern-kann-zu-hirnschlag-fuehren\\\/\",\"url\":\"https:\\\/\\\/news.save.ch\\\/vorhofflimmern-kann-zu-hirnschlag-fuehren\\\/\",\"name\":\"Vorhofflimmern kann zu Hirnschlag f\u00fchren - Save\",\"isPartOf\":{\"@id\":\"https:\\\/\\\/news.save.ch\\\/de\\\/#website\"},\"primaryImageOfPage\":{\"@id\":\"https:\\\/\\\/news.save.ch\\\/vorhofflimmern-kann-zu-hirnschlag-fuehren\\\/#primaryimage\"},\"image\":{\"@id\":\"https:\\\/\\\/news.save.ch\\\/vorhofflimmern-kann-zu-hirnschlag-fuehren\\\/#primaryimage\"},\"thumbnailUrl\":\"https:\\\/\\\/news.save.ch\\\/wp-content\\\/uploads\\\/2016\\\/12\\\/Vorhofflimmern-kann-zu-Hirnschlag-fuehren_safety-plus.jpg\",\"datePublished\":\"2016-03-14T15:07:23+00:00\",\"description\":\"In der Schweiz sind rund 100 000 Personen von Vorhofflimmern betroffen.\",\"breadcrumb\":{\"@id\":\"https:\\\/\\\/news.save.ch\\\/vorhofflimmern-kann-zu-hirnschlag-fuehren\\\/#breadcrumb\"},\"inLanguage\":\"fr-FR\",\"potentialAction\":[{\"@type\":\"ReadAction\",\"target\":[\"https:\\\/\\\/news.save.ch\\\/vorhofflimmern-kann-zu-hirnschlag-fuehren\\\/\"]}]},{\"@type\":\"ImageObject\",\"inLanguage\":\"fr-FR\",\"@id\":\"https:\\\/\\\/news.save.ch\\\/vorhofflimmern-kann-zu-hirnschlag-fuehren\\\/#primaryimage\",\"url\":\"https:\\\/\\\/news.save.ch\\\/wp-content\\\/uploads\\\/2016\\\/12\\\/Vorhofflimmern-kann-zu-Hirnschlag-fuehren_safety-plus.jpg\",\"contentUrl\":\"https:\\\/\\\/news.save.ch\\\/wp-content\\\/uploads\\\/2016\\\/12\\\/Vorhofflimmern-kann-zu-Hirnschlag-fuehren_safety-plus.jpg\",\"width\":667,\"height\":1000,\"caption\":\"Vorhofflimmern ist meist nicht lebensbedrohlich - aber mit einem erh\u00f6hten Risiko f\u00fcr Schlaganf\u00e4lle verbunden.\"},{\"@type\":\"BreadcrumbList\",\"@id\":\"https:\\\/\\\/news.save.ch\\\/vorhofflimmern-kann-zu-hirnschlag-fuehren\\\/#breadcrumb\",\"itemListElement\":[{\"@type\":\"ListItem\",\"position\":1,\"name\":\"Home\",\"item\":\"https:\\\/\\\/news.save.ch\\\/de\\\/\"},{\"@type\":\"ListItem\",\"position\":2,\"name\":\"Vorhofflimmern kann zu Hirnschlag f\u00fchren\"}]},{\"@type\":\"WebSite\",\"@id\":\"https:\\\/\\\/news.save.ch\\\/de\\\/#website\",\"url\":\"https:\\\/\\\/news.save.ch\\\/de\\\/\",\"name\":\"Save\",\"description\":\"Schweizer Fachzeitschrift f\u00fcr Sicherheit\",\"publisher\":{\"@id\":\"https:\\\/\\\/news.save.ch\\\/de\\\/#organization\"},\"potentialAction\":[{\"@type\":\"SearchAction\",\"target\":{\"@type\":\"EntryPoint\",\"urlTemplate\":\"https:\\\/\\\/news.save.ch\\\/de\\\/?s={search_term_string}\"},\"query-input\":{\"@type\":\"PropertyValueSpecification\",\"valueRequired\":true,\"valueName\":\"search_term_string\"}}],\"inLanguage\":\"fr-FR\"},{\"@type\":\"Organization\",\"@id\":\"https:\\\/\\\/news.save.ch\\\/de\\\/#organization\",\"name\":\"Sicherheitsforum\",\"url\":\"https:\\\/\\\/news.save.ch\\\/de\\\/\",\"logo\":{\"@type\":\"ImageObject\",\"inLanguage\":\"fr-FR\",\"@id\":\"https:\\\/\\\/news.save.ch\\\/de\\\/#\\\/schema\\\/logo\\\/image\\\/\",\"url\":\"https:\\\/\\\/news.save.ch\\\/wp-content\\\/uploads\\\/2022\\\/06\\\/Logo_SF_2012.png\",\"contentUrl\":\"https:\\\/\\\/news.save.ch\\\/wp-content\\\/uploads\\\/2022\\\/06\\\/Logo_SF_2012.png\",\"width\":1100,\"height\":91,\"caption\":\"Sicherheitsforum\"},\"image\":{\"@id\":\"https:\\\/\\\/news.save.ch\\\/de\\\/#\\\/schema\\\/logo\\\/image\\\/\"}},{\"@type\":\"Person\",\"@id\":\"https:\\\/\\\/news.save.ch\\\/de\\\/#\\\/schema\\\/person\\\/d49e199490bad7c70d64b9ab51142f2b\",\"name\":\"admin\",\"image\":{\"@type\":\"ImageObject\",\"inLanguage\":\"fr-FR\",\"@id\":\"https:\\\/\\\/secure.gravatar.com\\\/avatar\\\/ae2f4d718e6c49043e314ce431e7e645d646302a24a5ef5a8bc8e3f5a032e319?s=96&d=mm&r=g\",\"url\":\"https:\\\/\\\/secure.gravatar.com\\\/avatar\\\/ae2f4d718e6c49043e314ce431e7e645d646302a24a5ef5a8bc8e3f5a032e319?s=96&d=mm&r=g\",\"contentUrl\":\"https:\\\/\\\/secure.gravatar.com\\\/avatar\\\/ae2f4d718e6c49043e314ce431e7e645d646302a24a5ef5a8bc8e3f5a032e319?s=96&d=mm&r=g\",\"caption\":\"admin\"},\"sameAs\":[\"https:\\\/\\\/develop.organisator.galledia.ch\"],\"url\":\"https:\\\/\\\/news.save.ch\\\/fr\\\/author\\\/admin\\\/\"}]}<\/script>\n<!-- \/ Yoast SEO plugin. -->","yoast_head_json":{"title":"La fibrillation auriculaire peut entra\u00eener une attaque c\u00e9r\u00e9brale - Save","description":"En Suisse, environ 100 000 personnes sont concern\u00e9es par la fibrillation auriculaire.","robots":{"index":"index","follow":"follow","max-snippet":"max-snippet:-1","max-image-preview":"max-image-preview:large","max-video-preview":"max-video-preview:-1"},"canonical":"https:\/\/news.save.ch\/fr\/vorhofflimmern-kann-zu-hirnschlag-fuehren\/","og_locale":"fr_FR","og_type":"article","og_title":"Vorhofflimmern kann zu Hirnschlag f\u00fchren - Save","og_description":"In der Schweiz sind rund 100 000 Personen von Vorhofflimmern betroffen.","og_url":"https:\/\/news.save.ch\/fr\/vorhofflimmern-kann-zu-hirnschlag-fuehren\/","og_site_name":"Save","article_published_time":"2016-03-14T15:07:23+00:00","og_image":[{"width":667,"height":1000,"url":"https:\/\/news.save.ch\/wp-content\/uploads\/2016\/12\/Vorhofflimmern-kann-zu-Hirnschlag-fuehren_safety-plus.jpg","type":"image\/jpeg"}],"author":"admin","twitter_card":"summary_large_image","twitter_misc":{"\u00c9crit par":"admin","Dur\u00e9e de lecture estim\u00e9e":"1 minute"},"schema":{"@context":"https:\/\/schema.org","@graph":[{"@type":"Article","@id":"https:\/\/news.save.ch\/vorhofflimmern-kann-zu-hirnschlag-fuehren\/#article","isPartOf":{"@id":"https:\/\/news.save.ch\/vorhofflimmern-kann-zu-hirnschlag-fuehren\/"},"author":{"name":"admin","@id":"https:\/\/news.save.ch\/de\/#\/schema\/person\/d49e199490bad7c70d64b9ab51142f2b"},"headline":"Vorhofflimmern kann zu Hirnschlag f\u00fchren","datePublished":"2016-03-14T15:07:23+00:00","mainEntityOfPage":{"@id":"https:\/\/news.save.ch\/vorhofflimmern-kann-zu-hirnschlag-fuehren\/"},"wordCount":293,"commentCount":0,"publisher":{"@id":"https:\/\/news.save.ch\/de\/#organization"},"image":{"@id":"https:\/\/news.save.ch\/vorhofflimmern-kann-zu-hirnschlag-fuehren\/#primaryimage"},"thumbnailUrl":"https:\/\/news.save.ch\/wp-content\/uploads\/2016\/12\/Vorhofflimmern-kann-zu-Hirnschlag-fuehren_safety-plus.jpg","keywords":["Betriebssanit\u00e4t","Erste Hilfe"],"articleSection":["ALLGEMEIN"],"inLanguage":"fr-FR"},{"@type":"WebPage","@id":"https:\/\/news.save.ch\/vorhofflimmern-kann-zu-hirnschlag-fuehren\/","url":"https:\/\/news.save.ch\/vorhofflimmern-kann-zu-hirnschlag-fuehren\/","name":"La fibrillation auriculaire peut entra\u00eener une attaque c\u00e9r\u00e9brale - Save","isPartOf":{"@id":"https:\/\/news.save.ch\/de\/#website"},"primaryImageOfPage":{"@id":"https:\/\/news.save.ch\/vorhofflimmern-kann-zu-hirnschlag-fuehren\/#primaryimage"},"image":{"@id":"https:\/\/news.save.ch\/vorhofflimmern-kann-zu-hirnschlag-fuehren\/#primaryimage"},"thumbnailUrl":"https:\/\/news.save.ch\/wp-content\/uploads\/2016\/12\/Vorhofflimmern-kann-zu-Hirnschlag-fuehren_safety-plus.jpg","datePublished":"2016-03-14T15:07:23+00:00","description":"En Suisse, environ 100 000 personnes sont concern\u00e9es par la fibrillation auriculaire.","breadcrumb":{"@id":"https:\/\/news.save.ch\/vorhofflimmern-kann-zu-hirnschlag-fuehren\/#breadcrumb"},"inLanguage":"fr-FR","potentialAction":[{"@type":"ReadAction","target":["https:\/\/news.save.ch\/vorhofflimmern-kann-zu-hirnschlag-fuehren\/"]}]},{"@type":"ImageObject","inLanguage":"fr-FR","@id":"https:\/\/news.save.ch\/vorhofflimmern-kann-zu-hirnschlag-fuehren\/#primaryimage","url":"https:\/\/news.save.ch\/wp-content\/uploads\/2016\/12\/Vorhofflimmern-kann-zu-Hirnschlag-fuehren_safety-plus.jpg","contentUrl":"https:\/\/news.save.ch\/wp-content\/uploads\/2016\/12\/Vorhofflimmern-kann-zu-Hirnschlag-fuehren_safety-plus.jpg","width":667,"height":1000,"caption":"Vorhofflimmern ist meist nicht lebensbedrohlich - aber mit einem erh\u00f6hten Risiko f\u00fcr Schlaganf\u00e4lle verbunden."},{"@type":"BreadcrumbList","@id":"https:\/\/news.save.ch\/vorhofflimmern-kann-zu-hirnschlag-fuehren\/#breadcrumb","itemListElement":[{"@type":"ListItem","position":1,"name":"Home","item":"https:\/\/news.save.ch\/de\/"},{"@type":"ListItem","position":2,"name":"Vorhofflimmern kann zu Hirnschlag f\u00fchren"}]},{"@type":"WebSite","@id":"https:\/\/news.save.ch\/de\/#website","url":"https:\/\/news.save.ch\/de\/","name":"Save","description":"Revue suisse sp\u00e9cialis\u00e9e dans la s\u00e9curit\u00e9","publisher":{"@id":"https:\/\/news.save.ch\/de\/#organization"},"potentialAction":[{"@type":"SearchAction","target":{"@type":"EntryPoint","urlTemplate":"https:\/\/news.save.ch\/de\/?s={search_term_string}"},"query-input":{"@type":"PropertyValueSpecification","valueRequired":true,"valueName":"search_term_string"}}],"inLanguage":"fr-FR"},{"@type":"Organization","@id":"https:\/\/news.save.ch\/de\/#organization","name":"Forum sur la s\u00e9curit\u00e9","url":"https:\/\/news.save.ch\/de\/","logo":{"@type":"ImageObject","inLanguage":"fr-FR","@id":"https:\/\/news.save.ch\/de\/#\/schema\/logo\/image\/","url":"https:\/\/news.save.ch\/wp-content\/uploads\/2022\/06\/Logo_SF_2012.png","contentUrl":"https:\/\/news.save.ch\/wp-content\/uploads\/2022\/06\/Logo_SF_2012.png","width":1100,"height":91,"caption":"Sicherheitsforum"},"image":{"@id":"https:\/\/news.save.ch\/de\/#\/schema\/logo\/image\/"}},{"@type":"Person","@id":"https:\/\/news.save.ch\/de\/#\/schema\/person\/d49e199490bad7c70d64b9ab51142f2b","name":"admin","image":{"@type":"ImageObject","inLanguage":"fr-FR","@id":"https:\/\/secure.gravatar.com\/avatar\/ae2f4d718e6c49043e314ce431e7e645d646302a24a5ef5a8bc8e3f5a032e319?s=96&d=mm&r=g","url":"https:\/\/secure.gravatar.com\/avatar\/ae2f4d718e6c49043e314ce431e7e645d646302a24a5ef5a8bc8e3f5a032e319?s=96&d=mm&r=g","contentUrl":"https:\/\/secure.gravatar.com\/avatar\/ae2f4d718e6c49043e314ce431e7e645d646302a24a5ef5a8bc8e3f5a032e319?s=96&d=mm&r=g","caption":"admin"},"sameAs":["https:\/\/develop.organisator.galledia.ch"],"url":"https:\/\/news.save.ch\/fr\/author\/admin\/"}]}},"_links":{"self":[{"href":"https:\/\/news.save.ch\/fr\/wp-json\/wp\/v2\/posts\/16726","targetHints":{"allow":["GET"]}}],"collection":[{"href":"https:\/\/news.save.ch\/fr\/wp-json\/wp\/v2\/posts"}],"about":[{"href":"https:\/\/news.save.ch\/fr\/wp-json\/wp\/v2\/types\/post"}],"author":[{"embeddable":true,"href":"https:\/\/news.save.ch\/fr\/wp-json\/wp\/v2\/users\/1"}],"replies":[{"embeddable":true,"href":"https:\/\/news.save.ch\/fr\/wp-json\/wp\/v2\/comments?post=16726"}],"version-history":[{"count":0,"href":"https:\/\/news.save.ch\/fr\/wp-json\/wp\/v2\/posts\/16726\/revisions"}],"wp:featuredmedia":[{"embeddable":true,"href":"https:\/\/news.save.ch\/fr\/wp-json\/wp\/v2\/media\/798"}],"wp:attachment":[{"href":"https:\/\/news.save.ch\/fr\/wp-json\/wp\/v2\/media?parent=16726"}],"wp:term":[{"taxonomy":"category","embeddable":true,"href":"https:\/\/news.save.ch\/fr\/wp-json\/wp\/v2\/categories?post=16726"},{"taxonomy":"post_tag","embeddable":true,"href":"https:\/\/news.save.ch\/fr\/wp-json\/wp\/v2\/tags?post=16726"}],"curies":[{"name":"wp","href":"https:\/\/api.w.org\/{rel}","templated":true}]}}