{"id":16744,"date":"2016-05-19T10:52:25","date_gmt":"2016-05-19T08:52:25","guid":{"rendered":"http:\/\/dev.safety-plus.ch\/?p=889"},"modified":"2023-03-14T09:03:03","modified_gmt":"2023-03-14T08:03:03","slug":"schweiz-setzt-zehn-ziele-fuer-die-gesundheit","status":null,"type":"post","link":"https:\/\/news.save.ch\/fr\/schweiz-setzt-zehn-ziele-fuer-die-gesundheit\/","title":{"rendered":"La Suisse fixe dix objectifs pour la sant\u00e9"},"content":{"rendered":"<figure id=\"attachment_890\" aria-describedby=\"caption-attachment-890\" style=\"width: 680px\" class=\"wp-caption alignnone\"><img loading=\"lazy\" decoding=\"async\" class=\"wp-image-890 size-medium\" src=\"http:\/\/develop.safety-plus.ch\/wp-content\/uploads\/2016\/12\/Schweiz-setzt-zehn-Ziele-fuer-die-Gesundheit_safety-plus.jpg\" width=\"680\" height=\"454\" \/><figcaption id=\"caption-attachment-890\" class=\"wp-caption-text\">Parmi les nouvelles priorit\u00e9s figurent les ordonnances r\u00e9vis\u00e9es sur la radioprotection.<\/figcaption><\/figure>\n<p>Le D\u00e9partement f\u00e9d\u00e9ral de l'int\u00e9rieur (DFI) a de nouveau d\u00e9fini dix priorit\u00e9s pour l'ann\u00e9e 2016 dans le cadre de la strat\u00e9gie Sant\u00e9 2020. Une nouvelle strat\u00e9gie nationale contre les maladies non transmissibles ainsi que la r\u00e9duction des prestations m\u00e9dicales inefficaces ont d\u00e9j\u00e0 \u00e9t\u00e9 lanc\u00e9es.<\/p>\n<p>Le chef du DFI, Alain Berset, a inform\u00e9 le Conseil f\u00e9d\u00e9ral de l'avancement des travaux et des priorit\u00e9s pour les prochaines ann\u00e9es. Pour l'ann\u00e9e en cours, le DFI a d\u00e9fini dix priorit\u00e9s en accord avec les objectifs annuels du Conseil f\u00e9d\u00e9ral :<\/p>\n<ol>\n<li>Adoption des ordonnances r\u00e9vis\u00e9es sur la radioprotection<\/li>\n<li>D\u00e9cision sur la suite \u00e0 donner \u00e0 la r\u00e9vision totale de la loi f\u00e9d\u00e9rale sur l'analyse g\u00e9n\u00e9tique humaine (LAGH)<\/li>\n<li>Adoption de la \"Strat\u00e9gie nationale de pr\u00e9vention des maladies non transmissibles (MNT)\".<\/li>\n<li>Adoption de l'ordonnance r\u00e9vis\u00e9e sur la compensation des risques dans l'assurance-maladie (OCoR)<\/li>\n<li>Lancement de la consultation sur la modification de la loi f\u00e9d\u00e9rale sur l'assurance-maladie pour l'introduction d'un syst\u00e8me de prix de r\u00e9f\u00e9rence<\/li>\n<li>Adoption de ressources pour la cr\u00e9ation d'une unit\u00e9 d'\u00e9valuation des technologies de la sant\u00e9 (Health Technology Assessment)<\/li>\n<li>Ouverture de la consultation sur la nouvelle r\u00e9glementation de l'obligation de prise en charge des prestations m\u00e9dicales compl\u00e9mentaires dans l'assurance obligatoire des soins<\/li>\n<li>D\u00e9cision de mettre en vigueur la loi f\u00e9d\u00e9rale sur le dossier \u00e9lectronique du patient et les dispositions d'ex\u00e9cution y aff\u00e9rentes d\u00e9but 2017<\/li>\n<li>Adoption du plan d'action pour la pr\u00e9vention du suicide (en r\u00e9ponse \u00e0 la motion Ingold 11.3973)<\/li>\n<li>Adoption du message relatif \u00e0 l'approbation et \u00e0 la mise en \u0153uvre de la Convention Medicrime du Conseil de l'Europe<\/li>\n<\/ol>\n<p>Compte tenu de la hausse continue des co\u00fbts de la sant\u00e9, le financement durable est une pr\u00e9occupation centrale de Sant\u00e92020. C'est pourquoi l'augmentation de l'efficacit\u00e9 a encore plus de poids dans toutes les mesures et tous les projets partiels.<\/p>\n<p><strong>Bilan 2015 : huit priorit\u00e9s sur dix satisfaites<\/strong><br \/>\nEn 2015, huit des dix priorit\u00e9s ont pu \u00eatre mises en \u0153uvre comme pr\u00e9vu. Le Conseil f\u00e9d\u00e9ral a adopt\u00e9 quatre messages, trois strat\u00e9gies nationales et un rapport :<\/p>\n<ol>\n<li>Message relatif \u00e0 la r\u00e9vision partielle de la loi f\u00e9d\u00e9rale sur l'assurance-maladie pour un meilleur pilotage du secteur ambulatoire<\/li>\n<li>Message relatif \u00e0 la modification de la loi f\u00e9d\u00e9rale sur l'assurance-maladie en vue de renforcer la qualit\u00e9 et l'efficacit\u00e9 \u00e9conomique<\/li>\n<li>Message relatif \u00e0 la loi f\u00e9d\u00e9rale sur les produits du tabac<\/li>\n<li>Message relatif \u00e0 la loi f\u00e9d\u00e9rale sur les professions de la sant\u00e9<\/li>\n<li>Strat\u00e9gie nationale contre la r\u00e9sistance aux antibiotiques<\/li>\n<li>Strat\u00e9gie nationale Addictions<\/li>\n<li>Strat\u00e9gie nationale de surveillance, de pr\u00e9vention et de lutte contre les infections nosocomiales<\/li>\n<li>Rapport sur le renforcement des droits des patients (en r\u00e9ponse aux postulats Kessler, Gilli et Steiert).<\/li>\n<\/ol>\n<p>Deux autres rapports, qui ont \u00e9t\u00e9 d\u00e9finis comme des priorit\u00e9s pour 2015, devraient \u00eatre achev\u00e9s cette ann\u00e9e. Le rapport sur les soins de longue dur\u00e9e sera pr\u00e9sent\u00e9 au Conseil f\u00e9d\u00e9ral dans les prochaines semaines. Le rapport sur les mesures envisag\u00e9es dans le domaine de la sant\u00e9 mentale a \u00e9t\u00e9 report\u00e9 afin de coordonner les mesures avec la strat\u00e9gie \"Pr\u00e9vention des maladies non transmissibles\" (strat\u00e9gie MNT), que le Conseil f\u00e9d\u00e9ral a adopt\u00e9e en avril 2016.<\/p>\n<p><strong>Sant\u00e9 2020<\/strong><br \/>\nAvec la strat\u00e9gie Sant\u00e92020 lanc\u00e9e en 2013, le Conseil f\u00e9d\u00e9ral entend am\u00e9liorer de mani\u00e8re cibl\u00e9e le syst\u00e8me de sant\u00e9 dans le cadre d'un dialogue \u00e9troit avec les partenaires de la politique de la sant\u00e9. Le syst\u00e8me de sant\u00e9 doit \u00eatre orient\u00e9 de mani\u00e8re optimale vers les d\u00e9fis du futur. Les personnes et leurs besoins sont au centre de cette strat\u00e9gie. La strat\u00e9gie comprend quatre champs d'action : qualit\u00e9 de vie, \u00e9galit\u00e9 des chances, qualit\u00e9 des soins et transparence, avec 12 objectifs au total.<\/p>","protected":false},"excerpt":{"rendered":"<p>Das Eidgen\u00f6ssische Departement des Innern (EDI) hat f\u00fcr das Jahr 2016 wiederum zehn Priorit\u00e4ten im Rahmen der Strategie Gesundheit 2020\u00a0bestimmt. Bereits lanciert wurde eine neue nationale Strategie gegen nicht\u00fcbertragbare Krankheiten sowie die Reduktion ineffizienter medizinischer Leistungen. EDI-Vorsteher Alain Berset informierte den Bundesrat \u00fcber die Fortschritte und die priorit\u00e4ren Arbeiten in den n\u00e4chsten Jahren. F\u00fcr das [&hellip;]<\/p>\n","protected":false},"author":1,"featured_media":16104,"comment_status":"open","ping_status":"open","sticky":false,"template":"","format":"standard","meta":{"_acf_changed":false,"pgc_sgb_lightbox_settings":"","footnotes":""},"categories":[1,3314],"tags":[168,149],"class_list":["post-16744","post","type-post","status-publish","format-standard","has-post-thumbnail","hentry","category-allgemein","category-health-safety","tag-bundesrat","tag-gesundheitsschutz"],"acf":[],"hkrextid":null,"publication":null,"issue":null,"workflow":null,"startPage":null,"spitzmarke":null,"_posts_by_tag_page_fields":{"widget_title":"","widget_tags":""},"_at_widget":"1","_yoast_wpseo_primary_category":"4","_yoast_wpseo_focuskw_text_input":"Gesundheit","_yoast_wpseo_opengraph-image":null,"_yoast_wpseo_opengraph-description":null,"_yoast_wpseo_opengraph-title":null,"enclosure":null,"_yoast_wpseo_twitter-title":null,"_yoast_wpseo_twitter-description":null,"_yoast_wpseo_twitter-image":null,"_wp_old_slug":null,"_yoast_wpseo_title":null,"_yoast_wpseo_canonical":null,"yoast_head":"<!-- This site is optimized with the Yoast SEO plugin v27.5 - https:\/\/yoast.com\/product\/yoast-seo-wordpress\/ -->\n<title>Schweiz setzt zehn Ziele f\u00fcr die Gesundheit - Save<\/title>\n<meta name=\"description\" content=\"Mit der Gesundheit2020 setzt sich die Schweiz zehn Priorit\u00e4ten zum Thema Gesundheit.\" \/>\n<meta name=\"robots\" content=\"index, follow, max-snippet:-1, max-image-preview:large, max-video-preview:-1\" \/>\n<link rel=\"canonical\" href=\"https:\/\/news.save.ch\/fr\/schweiz-setzt-zehn-ziele-fuer-die-gesundheit\/\" \/>\n<meta property=\"og:locale\" content=\"fr_FR\" \/>\n<meta property=\"og:type\" content=\"article\" \/>\n<meta property=\"og:title\" content=\"Schweiz setzt zehn Ziele f\u00fcr die Gesundheit - Save\" \/>\n<meta property=\"og:description\" content=\"Mit der Gesundheit2020 setzt sich die Schweiz zehn Priorit\u00e4ten zum Thema Gesundheit.\" \/>\n<meta property=\"og:url\" content=\"https:\/\/news.save.ch\/fr\/schweiz-setzt-zehn-ziele-fuer-die-gesundheit\/\" \/>\n<meta property=\"og:site_name\" content=\"Save\" \/>\n<meta property=\"article:published_time\" content=\"2016-05-19T08:52:25+00:00\" \/>\n<meta property=\"article:modified_time\" content=\"2023-03-14T08:03:03+00:00\" \/>\n<meta property=\"og:image\" content=\"https:\/\/news.save.ch\/wp-content\/uploads\/2016\/12\/Schweiz-setzt-zehn-Ziele-fuer-die-Gesundheit_safety-plus.jpg\" \/>\n\t<meta property=\"og:image:width\" content=\"1000\" \/>\n\t<meta property=\"og:image:height\" content=\"667\" \/>\n\t<meta property=\"og:image:type\" content=\"image\/jpeg\" \/>\n<meta name=\"author\" content=\"admin\" \/>\n<meta name=\"twitter:card\" content=\"summary_large_image\" \/>\n<meta name=\"twitter:label1\" content=\"\u00c9crit par\" \/>\n\t<meta name=\"twitter:data1\" content=\"admin\" \/>\n\t<meta name=\"twitter:label2\" content=\"Dur\u00e9e de lecture estim\u00e9e\" \/>\n\t<meta name=\"twitter:data2\" content=\"2 minutes\" \/>\n<script type=\"application\/ld+json\" class=\"yoast-schema-graph\">{\"@context\":\"https:\\\/\\\/schema.org\",\"@graph\":[{\"@type\":\"Article\",\"@id\":\"https:\\\/\\\/news.save.ch\\\/schweiz-setzt-zehn-ziele-fuer-die-gesundheit\\\/#article\",\"isPartOf\":{\"@id\":\"https:\\\/\\\/news.save.ch\\\/schweiz-setzt-zehn-ziele-fuer-die-gesundheit\\\/\"},\"author\":{\"name\":\"admin\",\"@id\":\"https:\\\/\\\/news.save.ch\\\/de\\\/#\\\/schema\\\/person\\\/d49e199490bad7c70d64b9ab51142f2b\"},\"headline\":\"Schweiz setzt zehn Ziele f\u00fcr die Gesundheit\",\"datePublished\":\"2016-05-19T08:52:25+00:00\",\"dateModified\":\"2023-03-14T08:03:03+00:00\",\"mainEntityOfPage\":{\"@id\":\"https:\\\/\\\/news.save.ch\\\/schweiz-setzt-zehn-ziele-fuer-die-gesundheit\\\/\"},\"wordCount\":481,\"commentCount\":0,\"publisher\":{\"@id\":\"https:\\\/\\\/news.save.ch\\\/de\\\/#organization\"},\"image\":{\"@id\":\"https:\\\/\\\/news.save.ch\\\/schweiz-setzt-zehn-ziele-fuer-die-gesundheit\\\/#primaryimage\"},\"thumbnailUrl\":\"https:\\\/\\\/news.save.ch\\\/wp-content\\\/uploads\\\/2016\\\/12\\\/Schweiz-setzt-zehn-Ziele-fuer-die-Gesundheit_safety-plus.jpg\",\"keywords\":[\"Bundesrat\",\"Gesundheitsschutz\"],\"articleSection\":[\"ALLGEMEIN\",\"HEALTH &amp; SAFETY\"],\"inLanguage\":\"fr-FR\"},{\"@type\":\"WebPage\",\"@id\":\"https:\\\/\\\/news.save.ch\\\/schweiz-setzt-zehn-ziele-fuer-die-gesundheit\\\/\",\"url\":\"https:\\\/\\\/news.save.ch\\\/schweiz-setzt-zehn-ziele-fuer-die-gesundheit\\\/\",\"name\":\"Schweiz setzt zehn Ziele f\u00fcr die Gesundheit - Save\",\"isPartOf\":{\"@id\":\"https:\\\/\\\/news.save.ch\\\/de\\\/#website\"},\"primaryImageOfPage\":{\"@id\":\"https:\\\/\\\/news.save.ch\\\/schweiz-setzt-zehn-ziele-fuer-die-gesundheit\\\/#primaryimage\"},\"image\":{\"@id\":\"https:\\\/\\\/news.save.ch\\\/schweiz-setzt-zehn-ziele-fuer-die-gesundheit\\\/#primaryimage\"},\"thumbnailUrl\":\"https:\\\/\\\/news.save.ch\\\/wp-content\\\/uploads\\\/2016\\\/12\\\/Schweiz-setzt-zehn-Ziele-fuer-die-Gesundheit_safety-plus.jpg\",\"datePublished\":\"2016-05-19T08:52:25+00:00\",\"dateModified\":\"2023-03-14T08:03:03+00:00\",\"description\":\"Mit der Gesundheit2020 setzt sich die Schweiz zehn Priorit\u00e4ten zum Thema Gesundheit.\",\"breadcrumb\":{\"@id\":\"https:\\\/\\\/news.save.ch\\\/schweiz-setzt-zehn-ziele-fuer-die-gesundheit\\\/#breadcrumb\"},\"inLanguage\":\"fr-FR\",\"potentialAction\":[{\"@type\":\"ReadAction\",\"target\":[\"https:\\\/\\\/news.save.ch\\\/schweiz-setzt-zehn-ziele-fuer-die-gesundheit\\\/\"]}]},{\"@type\":\"ImageObject\",\"inLanguage\":\"fr-FR\",\"@id\":\"https:\\\/\\\/news.save.ch\\\/schweiz-setzt-zehn-ziele-fuer-die-gesundheit\\\/#primaryimage\",\"url\":\"https:\\\/\\\/news.save.ch\\\/wp-content\\\/uploads\\\/2016\\\/12\\\/Schweiz-setzt-zehn-Ziele-fuer-die-Gesundheit_safety-plus.jpg\",\"contentUrl\":\"https:\\\/\\\/news.save.ch\\\/wp-content\\\/uploads\\\/2016\\\/12\\\/Schweiz-setzt-zehn-Ziele-fuer-die-Gesundheit_safety-plus.jpg\",\"width\":1000,\"height\":667,\"caption\":\"Zu den neuen Priorit\u00e4ten geh\u00f6ren die revidierten Strahlenschutzverordnungen.\"},{\"@type\":\"BreadcrumbList\",\"@id\":\"https:\\\/\\\/news.save.ch\\\/schweiz-setzt-zehn-ziele-fuer-die-gesundheit\\\/#breadcrumb\",\"itemListElement\":[{\"@type\":\"ListItem\",\"position\":1,\"name\":\"Home\",\"item\":\"https:\\\/\\\/news.save.ch\\\/de\\\/\"},{\"@type\":\"ListItem\",\"position\":2,\"name\":\"Schweiz setzt zehn Ziele f\u00fcr die Gesundheit\"}]},{\"@type\":\"WebSite\",\"@id\":\"https:\\\/\\\/news.save.ch\\\/de\\\/#website\",\"url\":\"https:\\\/\\\/news.save.ch\\\/de\\\/\",\"name\":\"Save\",\"description\":\"Schweizer Fachzeitschrift f\u00fcr Sicherheit\",\"publisher\":{\"@id\":\"https:\\\/\\\/news.save.ch\\\/de\\\/#organization\"},\"potentialAction\":[{\"@type\":\"SearchAction\",\"target\":{\"@type\":\"EntryPoint\",\"urlTemplate\":\"https:\\\/\\\/news.save.ch\\\/de\\\/?s={search_term_string}\"},\"query-input\":{\"@type\":\"PropertyValueSpecification\",\"valueRequired\":true,\"valueName\":\"search_term_string\"}}],\"inLanguage\":\"fr-FR\"},{\"@type\":\"Organization\",\"@id\":\"https:\\\/\\\/news.save.ch\\\/de\\\/#organization\",\"name\":\"Sicherheitsforum\",\"url\":\"https:\\\/\\\/news.save.ch\\\/de\\\/\",\"logo\":{\"@type\":\"ImageObject\",\"inLanguage\":\"fr-FR\",\"@id\":\"https:\\\/\\\/news.save.ch\\\/de\\\/#\\\/schema\\\/logo\\\/image\\\/\",\"url\":\"https:\\\/\\\/news.save.ch\\\/wp-content\\\/uploads\\\/2022\\\/06\\\/Logo_SF_2012.png\",\"contentUrl\":\"https:\\\/\\\/news.save.ch\\\/wp-content\\\/uploads\\\/2022\\\/06\\\/Logo_SF_2012.png\",\"width\":1100,\"height\":91,\"caption\":\"Sicherheitsforum\"},\"image\":{\"@id\":\"https:\\\/\\\/news.save.ch\\\/de\\\/#\\\/schema\\\/logo\\\/image\\\/\"}},{\"@type\":\"Person\",\"@id\":\"https:\\\/\\\/news.save.ch\\\/de\\\/#\\\/schema\\\/person\\\/d49e199490bad7c70d64b9ab51142f2b\",\"name\":\"admin\",\"image\":{\"@type\":\"ImageObject\",\"inLanguage\":\"fr-FR\",\"@id\":\"https:\\\/\\\/secure.gravatar.com\\\/avatar\\\/ae2f4d718e6c49043e314ce431e7e645d646302a24a5ef5a8bc8e3f5a032e319?s=96&d=mm&r=g\",\"url\":\"https:\\\/\\\/secure.gravatar.com\\\/avatar\\\/ae2f4d718e6c49043e314ce431e7e645d646302a24a5ef5a8bc8e3f5a032e319?s=96&d=mm&r=g\",\"contentUrl\":\"https:\\\/\\\/secure.gravatar.com\\\/avatar\\\/ae2f4d718e6c49043e314ce431e7e645d646302a24a5ef5a8bc8e3f5a032e319?s=96&d=mm&r=g\",\"caption\":\"admin\"},\"sameAs\":[\"https:\\\/\\\/develop.organisator.galledia.ch\"],\"url\":\"https:\\\/\\\/news.save.ch\\\/fr\\\/author\\\/admin\\\/\"}]}<\/script>\n<!-- \/ Yoast SEO plugin. -->","yoast_head_json":{"title":"La Suisse fixe dix objectifs pour la sant\u00e9 - Save","description":"Avec Sant\u00e92020, la Suisse se fixe dix priorit\u00e9s en mati\u00e8re de sant\u00e9.","robots":{"index":"index","follow":"follow","max-snippet":"max-snippet:-1","max-image-preview":"max-image-preview:large","max-video-preview":"max-video-preview:-1"},"canonical":"https:\/\/news.save.ch\/fr\/schweiz-setzt-zehn-ziele-fuer-die-gesundheit\/","og_locale":"fr_FR","og_type":"article","og_title":"Schweiz setzt zehn Ziele f\u00fcr die Gesundheit - Save","og_description":"Mit der Gesundheit2020 setzt sich die Schweiz zehn Priorit\u00e4ten zum Thema Gesundheit.","og_url":"https:\/\/news.save.ch\/fr\/schweiz-setzt-zehn-ziele-fuer-die-gesundheit\/","og_site_name":"Save","article_published_time":"2016-05-19T08:52:25+00:00","article_modified_time":"2023-03-14T08:03:03+00:00","og_image":[{"width":1000,"height":667,"url":"https:\/\/news.save.ch\/wp-content\/uploads\/2016\/12\/Schweiz-setzt-zehn-Ziele-fuer-die-Gesundheit_safety-plus.jpg","type":"image\/jpeg"}],"author":"admin","twitter_card":"summary_large_image","twitter_misc":{"\u00c9crit par":"admin","Dur\u00e9e de lecture estim\u00e9e":"2 minutes"},"schema":{"@context":"https:\/\/schema.org","@graph":[{"@type":"Article","@id":"https:\/\/news.save.ch\/schweiz-setzt-zehn-ziele-fuer-die-gesundheit\/#article","isPartOf":{"@id":"https:\/\/news.save.ch\/schweiz-setzt-zehn-ziele-fuer-die-gesundheit\/"},"author":{"name":"admin","@id":"https:\/\/news.save.ch\/de\/#\/schema\/person\/d49e199490bad7c70d64b9ab51142f2b"},"headline":"Schweiz setzt zehn Ziele f\u00fcr die Gesundheit","datePublished":"2016-05-19T08:52:25+00:00","dateModified":"2023-03-14T08:03:03+00:00","mainEntityOfPage":{"@id":"https:\/\/news.save.ch\/schweiz-setzt-zehn-ziele-fuer-die-gesundheit\/"},"wordCount":481,"commentCount":0,"publisher":{"@id":"https:\/\/news.save.ch\/de\/#organization"},"image":{"@id":"https:\/\/news.save.ch\/schweiz-setzt-zehn-ziele-fuer-die-gesundheit\/#primaryimage"},"thumbnailUrl":"https:\/\/news.save.ch\/wp-content\/uploads\/2016\/12\/Schweiz-setzt-zehn-Ziele-fuer-die-Gesundheit_safety-plus.jpg","keywords":["Bundesrat","Gesundheitsschutz"],"articleSection":["ALLGEMEIN","HEALTH &amp; SAFETY"],"inLanguage":"fr-FR"},{"@type":"WebPage","@id":"https:\/\/news.save.ch\/schweiz-setzt-zehn-ziele-fuer-die-gesundheit\/","url":"https:\/\/news.save.ch\/schweiz-setzt-zehn-ziele-fuer-die-gesundheit\/","name":"La Suisse fixe dix objectifs pour la sant\u00e9 - Save","isPartOf":{"@id":"https:\/\/news.save.ch\/de\/#website"},"primaryImageOfPage":{"@id":"https:\/\/news.save.ch\/schweiz-setzt-zehn-ziele-fuer-die-gesundheit\/#primaryimage"},"image":{"@id":"https:\/\/news.save.ch\/schweiz-setzt-zehn-ziele-fuer-die-gesundheit\/#primaryimage"},"thumbnailUrl":"https:\/\/news.save.ch\/wp-content\/uploads\/2016\/12\/Schweiz-setzt-zehn-Ziele-fuer-die-Gesundheit_safety-plus.jpg","datePublished":"2016-05-19T08:52:25+00:00","dateModified":"2023-03-14T08:03:03+00:00","description":"Avec Sant\u00e92020, la Suisse se fixe dix priorit\u00e9s en mati\u00e8re de sant\u00e9.","breadcrumb":{"@id":"https:\/\/news.save.ch\/schweiz-setzt-zehn-ziele-fuer-die-gesundheit\/#breadcrumb"},"inLanguage":"fr-FR","potentialAction":[{"@type":"ReadAction","target":["https:\/\/news.save.ch\/schweiz-setzt-zehn-ziele-fuer-die-gesundheit\/"]}]},{"@type":"ImageObject","inLanguage":"fr-FR","@id":"https:\/\/news.save.ch\/schweiz-setzt-zehn-ziele-fuer-die-gesundheit\/#primaryimage","url":"https:\/\/news.save.ch\/wp-content\/uploads\/2016\/12\/Schweiz-setzt-zehn-Ziele-fuer-die-Gesundheit_safety-plus.jpg","contentUrl":"https:\/\/news.save.ch\/wp-content\/uploads\/2016\/12\/Schweiz-setzt-zehn-Ziele-fuer-die-Gesundheit_safety-plus.jpg","width":1000,"height":667,"caption":"Zu den neuen Priorit\u00e4ten geh\u00f6ren die revidierten Strahlenschutzverordnungen."},{"@type":"BreadcrumbList","@id":"https:\/\/news.save.ch\/schweiz-setzt-zehn-ziele-fuer-die-gesundheit\/#breadcrumb","itemListElement":[{"@type":"ListItem","position":1,"name":"Home","item":"https:\/\/news.save.ch\/de\/"},{"@type":"ListItem","position":2,"name":"Schweiz setzt zehn Ziele f\u00fcr die Gesundheit"}]},{"@type":"WebSite","@id":"https:\/\/news.save.ch\/de\/#website","url":"https:\/\/news.save.ch\/de\/","name":"Save","description":"Revue suisse sp\u00e9cialis\u00e9e dans la s\u00e9curit\u00e9","publisher":{"@id":"https:\/\/news.save.ch\/de\/#organization"},"potentialAction":[{"@type":"SearchAction","target":{"@type":"EntryPoint","urlTemplate":"https:\/\/news.save.ch\/de\/?s={search_term_string}"},"query-input":{"@type":"PropertyValueSpecification","valueRequired":true,"valueName":"search_term_string"}}],"inLanguage":"fr-FR"},{"@type":"Organization","@id":"https:\/\/news.save.ch\/de\/#organization","name":"Forum sur la s\u00e9curit\u00e9","url":"https:\/\/news.save.ch\/de\/","logo":{"@type":"ImageObject","inLanguage":"fr-FR","@id":"https:\/\/news.save.ch\/de\/#\/schema\/logo\/image\/","url":"https:\/\/news.save.ch\/wp-content\/uploads\/2022\/06\/Logo_SF_2012.png","contentUrl":"https:\/\/news.save.ch\/wp-content\/uploads\/2022\/06\/Logo_SF_2012.png","width":1100,"height":91,"caption":"Sicherheitsforum"},"image":{"@id":"https:\/\/news.save.ch\/de\/#\/schema\/logo\/image\/"}},{"@type":"Person","@id":"https:\/\/news.save.ch\/de\/#\/schema\/person\/d49e199490bad7c70d64b9ab51142f2b","name":"admin","image":{"@type":"ImageObject","inLanguage":"fr-FR","@id":"https:\/\/secure.gravatar.com\/avatar\/ae2f4d718e6c49043e314ce431e7e645d646302a24a5ef5a8bc8e3f5a032e319?s=96&d=mm&r=g","url":"https:\/\/secure.gravatar.com\/avatar\/ae2f4d718e6c49043e314ce431e7e645d646302a24a5ef5a8bc8e3f5a032e319?s=96&d=mm&r=g","contentUrl":"https:\/\/secure.gravatar.com\/avatar\/ae2f4d718e6c49043e314ce431e7e645d646302a24a5ef5a8bc8e3f5a032e319?s=96&d=mm&r=g","caption":"admin"},"sameAs":["https:\/\/develop.organisator.galledia.ch"],"url":"https:\/\/news.save.ch\/fr\/author\/admin\/"}]}},"_links":{"self":[{"href":"https:\/\/news.save.ch\/fr\/wp-json\/wp\/v2\/posts\/16744","targetHints":{"allow":["GET"]}}],"collection":[{"href":"https:\/\/news.save.ch\/fr\/wp-json\/wp\/v2\/posts"}],"about":[{"href":"https:\/\/news.save.ch\/fr\/wp-json\/wp\/v2\/types\/post"}],"author":[{"embeddable":true,"href":"https:\/\/news.save.ch\/fr\/wp-json\/wp\/v2\/users\/1"}],"replies":[{"embeddable":true,"href":"https:\/\/news.save.ch\/fr\/wp-json\/wp\/v2\/comments?post=16744"}],"version-history":[{"count":1,"href":"https:\/\/news.save.ch\/fr\/wp-json\/wp\/v2\/posts\/16744\/revisions"}],"predecessor-version":[{"id":18830,"href":"https:\/\/news.save.ch\/fr\/wp-json\/wp\/v2\/posts\/16744\/revisions\/18830"}],"wp:featuredmedia":[{"embeddable":true,"href":"https:\/\/news.save.ch\/fr\/wp-json\/wp\/v2\/media\/16104"}],"wp:attachment":[{"href":"https:\/\/news.save.ch\/fr\/wp-json\/wp\/v2\/media?parent=16744"}],"wp:term":[{"taxonomy":"category","embeddable":true,"href":"https:\/\/news.save.ch\/fr\/wp-json\/wp\/v2\/categories?post=16744"},{"taxonomy":"post_tag","embeddable":true,"href":"https:\/\/news.save.ch\/fr\/wp-json\/wp\/v2\/tags?post=16744"}],"curies":[{"name":"wp","href":"https:\/\/api.w.org\/{rel}","templated":true}]}}