{"id":16752,"date":"2016-06-12T11:08:16","date_gmt":"2016-06-12T09:08:16","guid":{"rendered":"http:\/\/dev.safety-plus.ch\/?p=910"},"modified":"2016-06-12T11:08:16","modified_gmt":"2016-06-12T09:08:16","slug":"suva-praemien-bleiben-2017-stabil","status":null,"type":"post","link":"https:\/\/news.save.ch\/fr\/suva-praemien-bleiben-2017-stabil\/","title":{"rendered":"Suva : les primes resteront stables en 2017"},"content":{"rendered":"<figure id=\"attachment_911\" aria-describedby=\"caption-attachment-911\" style=\"width: 680px\" class=\"wp-caption alignnone\"><img loading=\"lazy\" decoding=\"async\" class=\"wp-image-911 size-medium\" src=\"http:\/\/develop.safety-plus.ch\/wp-content\/uploads\/2016\/12\/Suva-Praemien-bleiben-2017-stabil_safety-plus.jpg\" width=\"680\" height=\"453\" \/><figcaption id=\"caption-attachment-911\" class=\"wp-caption-text\">Felix Weber, pr\u00e9sident de la direction de la Suva, pr\u00e9sente les derniers chiffres. (Photo : Dominik Baur, Photopress)<\/figcaption><\/figure>\n<p>C'est un r\u00e9sultat r\u00e9jouissant pour la place industrielle suisse que Felix Weber a pu pr\u00e9senter lors de sa premi\u00e8re conf\u00e9rence de presse de bilan en tant que pr\u00e9sident de la direction. La Suva a cl\u00f4tur\u00e9 l'ann\u00e9e 2015 avec un exc\u00e9dent de recettes de 27 millions de francs. Le plus grand assureur-accidents de Suisse a par ailleurs de nouveau r\u00e9duit ses r\u00e9serves de compensation. 48 millions de francs ont \u00e9t\u00e9 revers\u00e9s aux assur\u00e9s, ce qui a finalement conduit \u00e0 un r\u00e9sultat d'exploitation n\u00e9gatif de 21 millions de francs. \"Ce r\u00e9sultat est l'expression de l'\u00e9quilibre entre les primes et les risques\", comme l'a expliqu\u00e9 Felix Weber lors de la conf\u00e9rence de presse de bilan. \"Nous avons ainsi r\u00e9ussi \u00e0 ne pas priver inutilement la place industrielle suisse de capital\". En outre, la Suva suspend \u00e0 partir de cette ann\u00e9e le suppl\u00e9ment de prime destin\u00e9 \u00e0 financer la compensation du rench\u00e9rissement. Cela soulage les assur\u00e9s - et donc la place industrielle suisse - d'environ 200 millions de francs par an. Le niveau des primes reste \u00e9galement stable pour 2017. \"Dans les ann\u00e9es \u00e0 venir, la Suva continuera \u00e0 s'engager pour des primes aussi basses que possible\", a ajout\u00e9 Felix Weber.<\/p>\n<p><strong>Une performance remarquable dans un contexte difficile<\/strong><\/p>\n<p>Gr\u00e2ce \u00e0 des couvertures de change, l'assureur-accidents a bien surmont\u00e9 la disparition du cours minimum de l'euro. Dans l'ensemble, le contexte de l'ann\u00e9e derni\u00e8re a \u00e9t\u00e9 difficile. La Suva a n\u00e9anmoins r\u00e9alis\u00e9 une performance remarquable de 1,2 % sur son capital de placement. Les activit\u00e9s immobili\u00e8res, les obligations, les actions, les hedge funds et le private equity ont notamment contribu\u00e9 positivement \u00e0 ce r\u00e9sultat. Le capital de placement a l\u00e9g\u00e8rement augment\u00e9, passant de 46,3 \u00e0 46,4 milliards de francs. Ces fonds sont affect\u00e9s \u00e0 un but pr\u00e9cis. Ils servent \u00e0 remplir la mission l\u00e9gale de garantir \u00e0 long terme les rentes, mais aussi les frais de gu\u00e9rison et les indemnit\u00e9s journali\u00e8res pour les accidents qui se sont d\u00e9j\u00e0 produits. Le taux de couverture financi\u00e8re - le rapport entre la fortune et les engagements - \u00e9tait de 133,6 pour cent fin 2015 (134,2 pour cent l'ann\u00e9e pr\u00e9c\u00e9dente).<\/p>\n<p>Le directeur financier Ernst M\u00e4der a qualifi\u00e9 de difficiles les perspectives pour les ann\u00e9es \u00e0 venir. Les taux d'int\u00e9r\u00eat n\u00e9gatifs sur le march\u00e9 suisse de l'argent et des capitaux p\u00e8sent sur les perspectives. Ils ont entra\u00een\u00e9 une hausse des co\u00fbts, en particulier pour les couvertures de change. En mai 2016, Ernst M\u00e4der a pr\u00e9sent\u00e9 les chiffres suivants : \"La performance des placements \u00e9tait de 1,1 pour cent et le taux de couverture estim\u00e9 \u00e0 134 pour cent\".<\/p>\n<p><strong>Nombre d'accidents stable et moins de nouveaux cas de retraite<\/strong><\/p>\n<p>L'ann\u00e9e derni\u00e8re, le nombre de nouvelles rentes d'invalidit\u00e9 a baiss\u00e9 de 1714 \u00e0 1605. Felix Weber ne s'attend pas pour autant \u00e0 un renversement de tendance. Il estime plut\u00f4t qu'un niveau stable a \u00e9t\u00e9 atteint, avec de l\u00e9g\u00e8res variations. Les accidents et les maladies professionnelles ont peu augment\u00e9. Leur nombre est pass\u00e9 \u00e0 463186 cas (459 921 l'ann\u00e9e pr\u00e9c\u00e9dente). Alors que les accidents et maladies professionnels ont diminu\u00e9 de 182 141 \u00e0 180 376, le nombre d'accidents non professionnels a augment\u00e9 de 261 360 \u00e0 265 297. Les frais m\u00e9dicaux ont augment\u00e9 de 1,8 % par rapport \u00e0 l'ann\u00e9e pr\u00e9c\u00e9dente. Ils se sont \u00e9lev\u00e9s \u00e0 1,2 milliard de francs. Cette \u00e9volution se poursuit en 2016.<\/p>\n<p>Pour \u00e9viter que les co\u00fbts - et donc les primes - ne continuent \u00e0 augmenter en raison de demandes injustifi\u00e9es, la Suva utilise de nouvelles technologies. L'entreprise a \u00e9conomis\u00e9 plus de 200 millions de francs gr\u00e2ce \u00e0 son contr\u00f4le des factures en 2015. 290 000 factures ont \u00e9t\u00e9 rejet\u00e9es. Et depuis le d\u00e9but de l'ann\u00e9e, un logiciel analyse et compare le comportement de facturation des fournisseurs de prestations tels que les h\u00f4pitaux ou les m\u00e9decins : Le syst\u00e8me reconna\u00eet par exemple lorsqu'un m\u00e9decin facture des comprim\u00e9s de vitamines \u00e0 chaque patient, ind\u00e9pendamment de leur utilit\u00e9. La Suva examine ensuite ces cas.<\/p>\n<p><strong>Une base claire<\/strong><\/p>\n<p>Le pr\u00e9sident du conseil d'administration Markus D\u00fcrr s'est r\u00e9joui de l'aboutissement de la r\u00e9vision de la LAA. L'ann\u00e9e derni\u00e8re, le Parlement avait adopt\u00e9 la proposition de compromis des partenaires sociaux sans modifications importantes. \"La loi r\u00e9vis\u00e9e confirme le mod\u00e8le de la Suva\", a d\u00e9clar\u00e9 Markus D\u00fcrr. Il a soulign\u00e9 que le mod\u00e8le associant pr\u00e9vention, assurance et r\u00e9adaptation \u00e9tait un facteur de succ\u00e8s essentiel. Il s'agit maintenant de faire en sorte que la r\u00e9vision de l'ordonnance se d\u00e9roule bien. \"Dans la perspective des d\u00e9fis \u00e0 venir, il est important que la Suva puisse aborder l'avenir sur une base l\u00e9gale claire\", a soulign\u00e9 D\u00fcrr. Le contexte \u00e9conomique difficile ne sollicite pas seulement la Suva, mais aussi et surtout ses clients. La loi r\u00e9vis\u00e9e entrera vraisemblablement en vigueur d\u00e9but 2017.<\/p>\n<p>Source : Suva<\/p>","protected":false},"excerpt":{"rendered":"<p>Es ist ein erfreuliches Ergebnis f\u00fcr den Werkplatz Schweiz, das Felix Weber an seiner ersten Bilanzmedienkonferenz als Vorsitzender der Gesch\u00e4ftsleitung pr\u00e4sentieren konnte. Das Jahr 2015 schloss die Suva mit einem Ertrags\u00fcberschuss von 27 Millionen Franken ab. Der gr\u00f6sste Unfallversicherer der Schweiz baute zudem erneut Ausgleichsreserven ab. 48 Millionen Franken flossen an die Versicherten zur\u00fcck, was [&hellip;]<\/p>\n","protected":false},"author":1,"featured_media":16109,"comment_status":"open","ping_status":"open","sticky":false,"template":"","format":"standard","meta":{"_acf_changed":false,"pgc_sgb_lightbox_settings":"","footnotes":""},"categories":[1],"tags":[167,181],"class_list":["post-16752","post","type-post","status-publish","format-standard","has-post-thumbnail","hentry","category-allgemein","tag-suva","tag-versicherung"],"acf":[],"hkrextid":null,"publication":null,"issue":null,"workflow":null,"startPage":null,"spitzmarke":null,"_posts_by_tag_page_fields":{"widget_title":"","widget_tags":""},"_at_widget":"1","_yoast_wpseo_primary_category":"1","_yoast_wpseo_focuskw_text_input":"Suva","_yoast_wpseo_opengraph-image":null,"_yoast_wpseo_opengraph-description":null,"_yoast_wpseo_opengraph-title":null,"enclosure":null,"_yoast_wpseo_twitter-title":null,"_yoast_wpseo_twitter-description":null,"_yoast_wpseo_twitter-image":null,"_wp_old_slug":null,"_yoast_wpseo_title":null,"_yoast_wpseo_canonical":null,"yoast_head":"<!-- This site is optimized with the Yoast SEO plugin v27.5 - https:\/\/yoast.com\/product\/yoast-seo-wordpress\/ -->\n<title>Suva: Pr\u00e4mien bleiben 2017 stabil - Save<\/title>\n<meta name=\"description\" content=\"Die Suva hat das Gesch\u00e4ftsjahr 2015 mit einem \u00dcberschuss von 27 Millionen Franken abgeschlossen.\" \/>\n<meta name=\"robots\" content=\"index, follow, max-snippet:-1, max-image-preview:large, max-video-preview:-1\" \/>\n<link rel=\"canonical\" href=\"https:\/\/news.save.ch\/fr\/suva-praemien-bleiben-2017-stabil\/\" \/>\n<meta property=\"og:locale\" content=\"fr_FR\" \/>\n<meta property=\"og:type\" content=\"article\" \/>\n<meta property=\"og:title\" content=\"Suva: Pr\u00e4mien bleiben 2017 stabil - Save\" \/>\n<meta property=\"og:description\" content=\"Die Suva hat das Gesch\u00e4ftsjahr 2015 mit einem \u00dcberschuss von 27 Millionen Franken abgeschlossen.\" \/>\n<meta property=\"og:url\" content=\"https:\/\/news.save.ch\/fr\/suva-praemien-bleiben-2017-stabil\/\" \/>\n<meta property=\"og:site_name\" content=\"Save\" \/>\n<meta property=\"article:published_time\" content=\"2016-06-12T09:08:16+00:00\" \/>\n<meta property=\"og:image\" content=\"https:\/\/news.save.ch\/wp-content\/uploads\/2016\/12\/Suva-Praemien-bleiben-2017-stabil_safety-plus-scaled-1.jpg\" \/>\n\t<meta property=\"og:image:width\" content=\"1200\" \/>\n\t<meta property=\"og:image:height\" content=\"800\" \/>\n\t<meta property=\"og:image:type\" content=\"image\/jpeg\" \/>\n<meta name=\"author\" content=\"admin\" \/>\n<meta name=\"twitter:card\" content=\"summary_large_image\" \/>\n<meta name=\"twitter:label1\" content=\"\u00c9crit par\" \/>\n\t<meta name=\"twitter:data1\" content=\"admin\" \/>\n\t<meta name=\"twitter:label2\" content=\"Dur\u00e9e de lecture estim\u00e9e\" \/>\n\t<meta name=\"twitter:data2\" content=\"3 minutes\" \/>\n<script type=\"application\/ld+json\" class=\"yoast-schema-graph\">{\"@context\":\"https:\\\/\\\/schema.org\",\"@graph\":[{\"@type\":\"Article\",\"@id\":\"https:\\\/\\\/news.save.ch\\\/suva-praemien-bleiben-2017-stabil\\\/#article\",\"isPartOf\":{\"@id\":\"https:\\\/\\\/news.save.ch\\\/suva-praemien-bleiben-2017-stabil\\\/\"},\"author\":{\"name\":\"admin\",\"@id\":\"https:\\\/\\\/news.save.ch\\\/de\\\/#\\\/schema\\\/person\\\/d49e199490bad7c70d64b9ab51142f2b\"},\"headline\":\"Suva: Pr\u00e4mien bleiben 2017 stabil\",\"datePublished\":\"2016-06-12T09:08:16+00:00\",\"mainEntityOfPage\":{\"@id\":\"https:\\\/\\\/news.save.ch\\\/suva-praemien-bleiben-2017-stabil\\\/\"},\"wordCount\":652,\"commentCount\":0,\"publisher\":{\"@id\":\"https:\\\/\\\/news.save.ch\\\/de\\\/#organization\"},\"image\":{\"@id\":\"https:\\\/\\\/news.save.ch\\\/suva-praemien-bleiben-2017-stabil\\\/#primaryimage\"},\"thumbnailUrl\":\"https:\\\/\\\/news.save.ch\\\/wp-content\\\/uploads\\\/2016\\\/12\\\/Suva-Praemien-bleiben-2017-stabil_safety-plus-scaled-1.jpg\",\"keywords\":[\"SUVA\",\"Versicherung\"],\"articleSection\":[\"ALLGEMEIN\"],\"inLanguage\":\"fr-FR\"},{\"@type\":\"WebPage\",\"@id\":\"https:\\\/\\\/news.save.ch\\\/suva-praemien-bleiben-2017-stabil\\\/\",\"url\":\"https:\\\/\\\/news.save.ch\\\/suva-praemien-bleiben-2017-stabil\\\/\",\"name\":\"Suva: Pr\u00e4mien bleiben 2017 stabil - Save\",\"isPartOf\":{\"@id\":\"https:\\\/\\\/news.save.ch\\\/de\\\/#website\"},\"primaryImageOfPage\":{\"@id\":\"https:\\\/\\\/news.save.ch\\\/suva-praemien-bleiben-2017-stabil\\\/#primaryimage\"},\"image\":{\"@id\":\"https:\\\/\\\/news.save.ch\\\/suva-praemien-bleiben-2017-stabil\\\/#primaryimage\"},\"thumbnailUrl\":\"https:\\\/\\\/news.save.ch\\\/wp-content\\\/uploads\\\/2016\\\/12\\\/Suva-Praemien-bleiben-2017-stabil_safety-plus-scaled-1.jpg\",\"datePublished\":\"2016-06-12T09:08:16+00:00\",\"description\":\"Die Suva hat das Gesch\u00e4ftsjahr 2015 mit einem \u00dcberschuss von 27 Millionen Franken abgeschlossen.\",\"breadcrumb\":{\"@id\":\"https:\\\/\\\/news.save.ch\\\/suva-praemien-bleiben-2017-stabil\\\/#breadcrumb\"},\"inLanguage\":\"fr-FR\",\"potentialAction\":[{\"@type\":\"ReadAction\",\"target\":[\"https:\\\/\\\/news.save.ch\\\/suva-praemien-bleiben-2017-stabil\\\/\"]}]},{\"@type\":\"ImageObject\",\"inLanguage\":\"fr-FR\",\"@id\":\"https:\\\/\\\/news.save.ch\\\/suva-praemien-bleiben-2017-stabil\\\/#primaryimage\",\"url\":\"https:\\\/\\\/news.save.ch\\\/wp-content\\\/uploads\\\/2016\\\/12\\\/Suva-Praemien-bleiben-2017-stabil_safety-plus-scaled-1.jpg\",\"contentUrl\":\"https:\\\/\\\/news.save.ch\\\/wp-content\\\/uploads\\\/2016\\\/12\\\/Suva-Praemien-bleiben-2017-stabil_safety-plus-scaled-1.jpg\",\"width\":1200,\"height\":800,\"caption\":\"Felix Weber, Vorsitzender der Gesch\u00e4ftsleitung der Suva, pr\u00e4sentiert die aktuellen Zahlen. (Foto: Dominik Baur, Photopress)\"},{\"@type\":\"BreadcrumbList\",\"@id\":\"https:\\\/\\\/news.save.ch\\\/suva-praemien-bleiben-2017-stabil\\\/#breadcrumb\",\"itemListElement\":[{\"@type\":\"ListItem\",\"position\":1,\"name\":\"Home\",\"item\":\"https:\\\/\\\/news.save.ch\\\/de\\\/\"},{\"@type\":\"ListItem\",\"position\":2,\"name\":\"Suva: Pr\u00e4mien bleiben 2017 stabil\"}]},{\"@type\":\"WebSite\",\"@id\":\"https:\\\/\\\/news.save.ch\\\/de\\\/#website\",\"url\":\"https:\\\/\\\/news.save.ch\\\/de\\\/\",\"name\":\"Save\",\"description\":\"Schweizer Fachzeitschrift f\u00fcr Sicherheit\",\"publisher\":{\"@id\":\"https:\\\/\\\/news.save.ch\\\/de\\\/#organization\"},\"potentialAction\":[{\"@type\":\"SearchAction\",\"target\":{\"@type\":\"EntryPoint\",\"urlTemplate\":\"https:\\\/\\\/news.save.ch\\\/de\\\/?s={search_term_string}\"},\"query-input\":{\"@type\":\"PropertyValueSpecification\",\"valueRequired\":true,\"valueName\":\"search_term_string\"}}],\"inLanguage\":\"fr-FR\"},{\"@type\":\"Organization\",\"@id\":\"https:\\\/\\\/news.save.ch\\\/de\\\/#organization\",\"name\":\"Sicherheitsforum\",\"url\":\"https:\\\/\\\/news.save.ch\\\/de\\\/\",\"logo\":{\"@type\":\"ImageObject\",\"inLanguage\":\"fr-FR\",\"@id\":\"https:\\\/\\\/news.save.ch\\\/de\\\/#\\\/schema\\\/logo\\\/image\\\/\",\"url\":\"https:\\\/\\\/news.save.ch\\\/wp-content\\\/uploads\\\/2022\\\/06\\\/Logo_SF_2012.png\",\"contentUrl\":\"https:\\\/\\\/news.save.ch\\\/wp-content\\\/uploads\\\/2022\\\/06\\\/Logo_SF_2012.png\",\"width\":1100,\"height\":91,\"caption\":\"Sicherheitsforum\"},\"image\":{\"@id\":\"https:\\\/\\\/news.save.ch\\\/de\\\/#\\\/schema\\\/logo\\\/image\\\/\"}},{\"@type\":\"Person\",\"@id\":\"https:\\\/\\\/news.save.ch\\\/de\\\/#\\\/schema\\\/person\\\/d49e199490bad7c70d64b9ab51142f2b\",\"name\":\"admin\",\"image\":{\"@type\":\"ImageObject\",\"inLanguage\":\"fr-FR\",\"@id\":\"https:\\\/\\\/secure.gravatar.com\\\/avatar\\\/ae2f4d718e6c49043e314ce431e7e645d646302a24a5ef5a8bc8e3f5a032e319?s=96&d=mm&r=g\",\"url\":\"https:\\\/\\\/secure.gravatar.com\\\/avatar\\\/ae2f4d718e6c49043e314ce431e7e645d646302a24a5ef5a8bc8e3f5a032e319?s=96&d=mm&r=g\",\"contentUrl\":\"https:\\\/\\\/secure.gravatar.com\\\/avatar\\\/ae2f4d718e6c49043e314ce431e7e645d646302a24a5ef5a8bc8e3f5a032e319?s=96&d=mm&r=g\",\"caption\":\"admin\"},\"sameAs\":[\"https:\\\/\\\/develop.organisator.galledia.ch\"],\"url\":\"https:\\\/\\\/news.save.ch\\\/fr\\\/author\\\/admin\\\/\"}]}<\/script>\n<!-- \/ Yoast SEO plugin. -->","yoast_head_json":{"title":"Suva : les primes resteront stables en 2017 - Save","description":"La Suva a cl\u00f4tur\u00e9 l'exercice 2015 avec un exc\u00e9dent de 27 millions de francs.","robots":{"index":"index","follow":"follow","max-snippet":"max-snippet:-1","max-image-preview":"max-image-preview:large","max-video-preview":"max-video-preview:-1"},"canonical":"https:\/\/news.save.ch\/fr\/suva-praemien-bleiben-2017-stabil\/","og_locale":"fr_FR","og_type":"article","og_title":"Suva: Pr\u00e4mien bleiben 2017 stabil - Save","og_description":"Die Suva hat das Gesch\u00e4ftsjahr 2015 mit einem \u00dcberschuss von 27 Millionen Franken abgeschlossen.","og_url":"https:\/\/news.save.ch\/fr\/suva-praemien-bleiben-2017-stabil\/","og_site_name":"Save","article_published_time":"2016-06-12T09:08:16+00:00","og_image":[{"width":1200,"height":800,"url":"https:\/\/news.save.ch\/wp-content\/uploads\/2016\/12\/Suva-Praemien-bleiben-2017-stabil_safety-plus-scaled-1.jpg","type":"image\/jpeg"}],"author":"admin","twitter_card":"summary_large_image","twitter_misc":{"\u00c9crit par":"admin","Dur\u00e9e de lecture estim\u00e9e":"3 minutes"},"schema":{"@context":"https:\/\/schema.org","@graph":[{"@type":"Article","@id":"https:\/\/news.save.ch\/suva-praemien-bleiben-2017-stabil\/#article","isPartOf":{"@id":"https:\/\/news.save.ch\/suva-praemien-bleiben-2017-stabil\/"},"author":{"name":"admin","@id":"https:\/\/news.save.ch\/de\/#\/schema\/person\/d49e199490bad7c70d64b9ab51142f2b"},"headline":"Suva: Pr\u00e4mien bleiben 2017 stabil","datePublished":"2016-06-12T09:08:16+00:00","mainEntityOfPage":{"@id":"https:\/\/news.save.ch\/suva-praemien-bleiben-2017-stabil\/"},"wordCount":652,"commentCount":0,"publisher":{"@id":"https:\/\/news.save.ch\/de\/#organization"},"image":{"@id":"https:\/\/news.save.ch\/suva-praemien-bleiben-2017-stabil\/#primaryimage"},"thumbnailUrl":"https:\/\/news.save.ch\/wp-content\/uploads\/2016\/12\/Suva-Praemien-bleiben-2017-stabil_safety-plus-scaled-1.jpg","keywords":["SUVA","Versicherung"],"articleSection":["ALLGEMEIN"],"inLanguage":"fr-FR"},{"@type":"WebPage","@id":"https:\/\/news.save.ch\/suva-praemien-bleiben-2017-stabil\/","url":"https:\/\/news.save.ch\/suva-praemien-bleiben-2017-stabil\/","name":"Suva : les primes resteront stables en 2017 - Save","isPartOf":{"@id":"https:\/\/news.save.ch\/de\/#website"},"primaryImageOfPage":{"@id":"https:\/\/news.save.ch\/suva-praemien-bleiben-2017-stabil\/#primaryimage"},"image":{"@id":"https:\/\/news.save.ch\/suva-praemien-bleiben-2017-stabil\/#primaryimage"},"thumbnailUrl":"https:\/\/news.save.ch\/wp-content\/uploads\/2016\/12\/Suva-Praemien-bleiben-2017-stabil_safety-plus-scaled-1.jpg","datePublished":"2016-06-12T09:08:16+00:00","description":"La Suva a cl\u00f4tur\u00e9 l'exercice 2015 avec un exc\u00e9dent de 27 millions de francs.","breadcrumb":{"@id":"https:\/\/news.save.ch\/suva-praemien-bleiben-2017-stabil\/#breadcrumb"},"inLanguage":"fr-FR","potentialAction":[{"@type":"ReadAction","target":["https:\/\/news.save.ch\/suva-praemien-bleiben-2017-stabil\/"]}]},{"@type":"ImageObject","inLanguage":"fr-FR","@id":"https:\/\/news.save.ch\/suva-praemien-bleiben-2017-stabil\/#primaryimage","url":"https:\/\/news.save.ch\/wp-content\/uploads\/2016\/12\/Suva-Praemien-bleiben-2017-stabil_safety-plus-scaled-1.jpg","contentUrl":"https:\/\/news.save.ch\/wp-content\/uploads\/2016\/12\/Suva-Praemien-bleiben-2017-stabil_safety-plus-scaled-1.jpg","width":1200,"height":800,"caption":"Felix Weber, Vorsitzender der Gesch\u00e4ftsleitung der Suva, pr\u00e4sentiert die aktuellen Zahlen. (Foto: Dominik Baur, Photopress)"},{"@type":"BreadcrumbList","@id":"https:\/\/news.save.ch\/suva-praemien-bleiben-2017-stabil\/#breadcrumb","itemListElement":[{"@type":"ListItem","position":1,"name":"Home","item":"https:\/\/news.save.ch\/de\/"},{"@type":"ListItem","position":2,"name":"Suva: Pr\u00e4mien bleiben 2017 stabil"}]},{"@type":"WebSite","@id":"https:\/\/news.save.ch\/de\/#website","url":"https:\/\/news.save.ch\/de\/","name":"Save","description":"Revue suisse sp\u00e9cialis\u00e9e dans la s\u00e9curit\u00e9","publisher":{"@id":"https:\/\/news.save.ch\/de\/#organization"},"potentialAction":[{"@type":"SearchAction","target":{"@type":"EntryPoint","urlTemplate":"https:\/\/news.save.ch\/de\/?s={search_term_string}"},"query-input":{"@type":"PropertyValueSpecification","valueRequired":true,"valueName":"search_term_string"}}],"inLanguage":"fr-FR"},{"@type":"Organization","@id":"https:\/\/news.save.ch\/de\/#organization","name":"Forum sur la s\u00e9curit\u00e9","url":"https:\/\/news.save.ch\/de\/","logo":{"@type":"ImageObject","inLanguage":"fr-FR","@id":"https:\/\/news.save.ch\/de\/#\/schema\/logo\/image\/","url":"https:\/\/news.save.ch\/wp-content\/uploads\/2022\/06\/Logo_SF_2012.png","contentUrl":"https:\/\/news.save.ch\/wp-content\/uploads\/2022\/06\/Logo_SF_2012.png","width":1100,"height":91,"caption":"Sicherheitsforum"},"image":{"@id":"https:\/\/news.save.ch\/de\/#\/schema\/logo\/image\/"}},{"@type":"Person","@id":"https:\/\/news.save.ch\/de\/#\/schema\/person\/d49e199490bad7c70d64b9ab51142f2b","name":"admin","image":{"@type":"ImageObject","inLanguage":"fr-FR","@id":"https:\/\/secure.gravatar.com\/avatar\/ae2f4d718e6c49043e314ce431e7e645d646302a24a5ef5a8bc8e3f5a032e319?s=96&d=mm&r=g","url":"https:\/\/secure.gravatar.com\/avatar\/ae2f4d718e6c49043e314ce431e7e645d646302a24a5ef5a8bc8e3f5a032e319?s=96&d=mm&r=g","contentUrl":"https:\/\/secure.gravatar.com\/avatar\/ae2f4d718e6c49043e314ce431e7e645d646302a24a5ef5a8bc8e3f5a032e319?s=96&d=mm&r=g","caption":"admin"},"sameAs":["https:\/\/develop.organisator.galledia.ch"],"url":"https:\/\/news.save.ch\/fr\/author\/admin\/"}]}},"_links":{"self":[{"href":"https:\/\/news.save.ch\/fr\/wp-json\/wp\/v2\/posts\/16752","targetHints":{"allow":["GET"]}}],"collection":[{"href":"https:\/\/news.save.ch\/fr\/wp-json\/wp\/v2\/posts"}],"about":[{"href":"https:\/\/news.save.ch\/fr\/wp-json\/wp\/v2\/types\/post"}],"author":[{"embeddable":true,"href":"https:\/\/news.save.ch\/fr\/wp-json\/wp\/v2\/users\/1"}],"replies":[{"embeddable":true,"href":"https:\/\/news.save.ch\/fr\/wp-json\/wp\/v2\/comments?post=16752"}],"version-history":[{"count":0,"href":"https:\/\/news.save.ch\/fr\/wp-json\/wp\/v2\/posts\/16752\/revisions"}],"wp:featuredmedia":[{"embeddable":true,"href":"https:\/\/news.save.ch\/fr\/wp-json\/wp\/v2\/media\/16109"}],"wp:attachment":[{"href":"https:\/\/news.save.ch\/fr\/wp-json\/wp\/v2\/media?parent=16752"}],"wp:term":[{"taxonomy":"category","embeddable":true,"href":"https:\/\/news.save.ch\/fr\/wp-json\/wp\/v2\/categories?post=16752"},{"taxonomy":"post_tag","embeddable":true,"href":"https:\/\/news.save.ch\/fr\/wp-json\/wp\/v2\/tags?post=16752"}],"curies":[{"name":"wp","href":"https:\/\/api.w.org\/{rel}","templated":true}]}}