{"id":16762,"date":"2016-08-08T16:35:06","date_gmt":"2016-08-08T14:35:06","guid":{"rendered":"http:\/\/dev.safety-plus.ch\/?p=997"},"modified":"2023-03-14T09:04:27","modified_gmt":"2023-03-14T08:04:27","slug":"gesunder-lebensstil-soll-belohnt-werden","status":null,"type":"post","link":"https:\/\/news.save.ch\/fr\/gesunder-lebensstil-soll-belohnt-werden\/","title":{"rendered":"Un mode de vie sain doit \u00eatre r\u00e9compens\u00e9"},"content":{"rendered":"<figure id=\"attachment_998\" aria-describedby=\"caption-attachment-998\" style=\"width: 680px\" class=\"wp-caption alignnone\"><img loading=\"lazy\" decoding=\"async\" class=\"wp-image-998 size-medium\" src=\"http:\/\/develop.safety-plus.ch\/wp-content\/uploads\/2016\/12\/Gesunder-Lebensstil-soll-belohnt-werden_safety-plus.jpg\" width=\"680\" height=\"454\" \/><figcaption id=\"caption-attachment-998\" class=\"wp-caption-text\">Le tabagisme, le surpoids et le manque d'activit\u00e9 physique doivent \u00eatre punis : L\u00e0 encore, une majorit\u00e9 de Suisses y est favorable.<\/figcaption><\/figure>\n<p>Les tarifs sant\u00e9 sont certes encore tr\u00e8s controvers\u00e9s au sein de la soci\u00e9t\u00e9, mais de plus en plus de personnes trouvent juste qu'un mode de vie sain soit reconnu financi\u00e8rement. Ainsi, 79 % des Suisses estiment que leur caisse maladie devrait les r\u00e9compenser par un tarif r\u00e9duit ou un bonus s'ils vivent sainement et se maintiennent en forme. Et pas moins de 45 % des personnes interrog\u00e9es sont pr\u00eates \u00e0 donner \u00e0 leur caisse l'acc\u00e8s \u00e0 des donn\u00e9es de sant\u00e9 pertinentes par le biais d'un bracelet ou d'une application de fitness, et ce chiffre atteint m\u00eame plus d'une personne sur deux chez les moins de 34 ans.<\/p>\n<p>Tels sont les principaux r\u00e9sultats d'une enqu\u00eate en ligne men\u00e9e par le cabinet de conseil en marques actif dans le monde entier. <a href=\"https:\/\/www.prophet.com\/home\" target=\"_blank\" rel=\"noreferrer noopener\" data-cke-saved-href=\"https:\/\/www.prophet.com\/home\">Proph\u00e8te<\/a> sur le th\u00e8me \"Tarifs de sant\u00e9 individuels : Les caisses d'assurance maladie devraient-elles r\u00e9compenser financi\u00e8rement un mode de vie sain ?\", pour laquelle 250 adultes repr\u00e9sentatifs de la population suisse ont \u00e9t\u00e9 interrog\u00e9s en juillet de cette ann\u00e9e.<\/p>\n<p><strong>S\u00e9curit\u00e9 des donn\u00e9es centralis\u00e9e<\/strong><\/p>\n<p>Pour que les patients soient dispos\u00e9s \u00e0 fournir des informations, il est toutefois d\u00e9cisif que les caisses-maladie traitent les donn\u00e9es personnelles de sant\u00e9 de mani\u00e8re responsable. En effet, 62 % des Suisses craignent fortement que la transmission de ces donn\u00e9es ne leur porte pr\u00e9judice ou qu'elles ne tombent entre de mauvaises mains.<\/p>\n<p>Plus des trois quarts des personnes interrog\u00e9es plaident donc pour que ce soit leur m\u00e9decin de famille, et non une application, qui confirme \u00e0 leur caisse maladie qu'ils ont un mode de vie sain. D'un autre c\u00f4t\u00e9, 63 % des Suisses ne veulent plus soutenir par leurs cotisations le mode de vie malsain des fumeurs ou des ob\u00e8ses et estiment que ceux qui ne se soucient pas de leur sant\u00e9 devraient payer plus.<\/p>\n<p>\"De plus en plus de Suisses m\u00e8nent une vie saine et consciente. Comme ils occasionnent ainsi moins de frais de sant\u00e9, ils esp\u00e8rent que leur caisse maladie les r\u00e9compensera financi\u00e8rement pour leur mode de vie\", estime Jan D\u00f6ring, partenaire de Prophet \u00e0 Zurich, en commentant les r\u00e9sultats de l'enqu\u00eate.<\/p>\n<p>Les tarifs sant\u00e9 des caisses d'assurance maladie sont toutefois encore controvers\u00e9s au sein de la soci\u00e9t\u00e9. \"Si une caisse devait s'aventurer avec un syst\u00e8me de bonus, elle devrait se montrer absolument transparente, expliquer comment elle proc\u00e8de, ce qu'il advient des donn\u00e9es personnelles et comment elle entend emp\u00eacher les abus\", explique D\u00f6ring.<\/p>\n<p>Source : Presseportal\/Prophet<\/p>","protected":false},"excerpt":{"rendered":"<p>Gesundheitstarife sind gesellschaftlich zwar noch heftig umstritten, doch immer mehr Menschen finden es richtig, wenn eine gesunde Lebensweise finanziell anerkannt wird. So meinen 79 Prozent der Schweizer, dass die Krankenkasse sie mit einem reduzierten Tarif oder Bonus belohnen sollte, wenn sie gesund leben und sich fit halten. Und immerhin 45 Prozent der Befragten sind bereit, [&hellip;]<\/p>\n","protected":false},"author":1,"featured_media":16124,"comment_status":"open","ping_status":"open","sticky":false,"template":"","format":"standard","meta":{"_acf_changed":false,"pgc_sgb_lightbox_settings":"","footnotes":""},"categories":[3314],"tags":[149,141,181],"class_list":["post-16762","post","type-post","status-publish","format-standard","has-post-thumbnail","hentry","category-health-safety","tag-gesundheitsschutz","tag-praevention","tag-versicherung"],"acf":[],"hkrextid":null,"publication":null,"issue":null,"workflow":null,"startPage":null,"spitzmarke":null,"_posts_by_tag_page_fields":{"widget_title":"","widget_tags":""},"_at_widget":"1","_yoast_wpseo_primary_category":"2","_yoast_wpseo_focuskw_text_input":"Lebensstil","_yoast_wpseo_opengraph-image":null,"_yoast_wpseo_opengraph-description":null,"_yoast_wpseo_opengraph-title":null,"enclosure":null,"_yoast_wpseo_twitter-title":null,"_yoast_wpseo_twitter-description":null,"_yoast_wpseo_twitter-image":null,"_wp_old_slug":null,"_yoast_wpseo_title":null,"_yoast_wpseo_canonical":null,"yoast_head":"<!-- This site is optimized with the Yoast SEO plugin v27.5 - https:\/\/yoast.com\/product\/yoast-seo-wordpress\/ -->\n<title>Gesunder Lebensstil soll belohnt werden - Save<\/title>\n<meta name=\"description\" content=\"Lebensstil: Wer gesund lebt, soll weniger Pr\u00e4mien zahlen: Diese Aussage stimmen laut einer Umfrage fast 80% der Schweizer zu.\" \/>\n<meta name=\"robots\" content=\"index, follow, max-snippet:-1, max-image-preview:large, max-video-preview:-1\" \/>\n<link rel=\"canonical\" href=\"https:\/\/news.save.ch\/fr\/gesunder-lebensstil-soll-belohnt-werden\/\" \/>\n<meta property=\"og:locale\" content=\"fr_FR\" \/>\n<meta property=\"og:type\" content=\"article\" \/>\n<meta property=\"og:title\" content=\"Gesunder Lebensstil soll belohnt werden - Save\" \/>\n<meta property=\"og:description\" content=\"Lebensstil: Wer gesund lebt, soll weniger Pr\u00e4mien zahlen: Diese Aussage stimmen laut einer Umfrage fast 80% der Schweizer zu.\" \/>\n<meta property=\"og:url\" content=\"https:\/\/news.save.ch\/fr\/gesunder-lebensstil-soll-belohnt-werden\/\" \/>\n<meta property=\"og:site_name\" content=\"Save\" \/>\n<meta property=\"article:published_time\" content=\"2016-08-08T14:35:06+00:00\" \/>\n<meta property=\"article:modified_time\" content=\"2023-03-14T08:04:27+00:00\" \/>\n<meta property=\"og:image\" content=\"https:\/\/news.save.ch\/wp-content\/uploads\/2016\/12\/Gesunder-Lebensstil-soll-belohnt-werden_safety-plus.jpg\" \/>\n\t<meta property=\"og:image:width\" content=\"1000\" \/>\n\t<meta property=\"og:image:height\" content=\"667\" \/>\n\t<meta property=\"og:image:type\" content=\"image\/jpeg\" \/>\n<meta name=\"author\" content=\"admin\" \/>\n<meta name=\"twitter:card\" content=\"summary_large_image\" \/>\n<meta name=\"twitter:label1\" content=\"\u00c9crit par\" \/>\n\t<meta name=\"twitter:data1\" content=\"admin\" \/>\n\t<meta name=\"twitter:label2\" content=\"Dur\u00e9e de lecture estim\u00e9e\" \/>\n\t<meta name=\"twitter:data2\" content=\"2 minutes\" \/>\n<script type=\"application\/ld+json\" class=\"yoast-schema-graph\">{\"@context\":\"https:\\\/\\\/schema.org\",\"@graph\":[{\"@type\":\"Article\",\"@id\":\"https:\\\/\\\/news.save.ch\\\/gesunder-lebensstil-soll-belohnt-werden\\\/#article\",\"isPartOf\":{\"@id\":\"https:\\\/\\\/news.save.ch\\\/gesunder-lebensstil-soll-belohnt-werden\\\/\"},\"author\":{\"name\":\"admin\",\"@id\":\"https:\\\/\\\/news.save.ch\\\/de\\\/#\\\/schema\\\/person\\\/d49e199490bad7c70d64b9ab51142f2b\"},\"headline\":\"Gesunder Lebensstil soll belohnt werden\",\"datePublished\":\"2016-08-08T14:35:06+00:00\",\"dateModified\":\"2023-03-14T08:04:27+00:00\",\"mainEntityOfPage\":{\"@id\":\"https:\\\/\\\/news.save.ch\\\/gesunder-lebensstil-soll-belohnt-werden\\\/\"},\"wordCount\":341,\"commentCount\":0,\"publisher\":{\"@id\":\"https:\\\/\\\/news.save.ch\\\/de\\\/#organization\"},\"image\":{\"@id\":\"https:\\\/\\\/news.save.ch\\\/gesunder-lebensstil-soll-belohnt-werden\\\/#primaryimage\"},\"thumbnailUrl\":\"https:\\\/\\\/news.save.ch\\\/wp-content\\\/uploads\\\/2016\\\/12\\\/Gesunder-Lebensstil-soll-belohnt-werden_safety-plus.jpg\",\"keywords\":[\"Gesundheitsschutz\",\"Pr\u00e4vention\",\"Versicherung\"],\"articleSection\":[\"HEALTH &amp; SAFETY\"],\"inLanguage\":\"fr-FR\"},{\"@type\":\"WebPage\",\"@id\":\"https:\\\/\\\/news.save.ch\\\/gesunder-lebensstil-soll-belohnt-werden\\\/\",\"url\":\"https:\\\/\\\/news.save.ch\\\/gesunder-lebensstil-soll-belohnt-werden\\\/\",\"name\":\"Gesunder Lebensstil soll belohnt werden - Save\",\"isPartOf\":{\"@id\":\"https:\\\/\\\/news.save.ch\\\/de\\\/#website\"},\"primaryImageOfPage\":{\"@id\":\"https:\\\/\\\/news.save.ch\\\/gesunder-lebensstil-soll-belohnt-werden\\\/#primaryimage\"},\"image\":{\"@id\":\"https:\\\/\\\/news.save.ch\\\/gesunder-lebensstil-soll-belohnt-werden\\\/#primaryimage\"},\"thumbnailUrl\":\"https:\\\/\\\/news.save.ch\\\/wp-content\\\/uploads\\\/2016\\\/12\\\/Gesunder-Lebensstil-soll-belohnt-werden_safety-plus.jpg\",\"datePublished\":\"2016-08-08T14:35:06+00:00\",\"dateModified\":\"2023-03-14T08:04:27+00:00\",\"description\":\"Lebensstil: Wer gesund lebt, soll weniger Pr\u00e4mien zahlen: Diese Aussage stimmen laut einer Umfrage fast 80% der Schweizer zu.\",\"breadcrumb\":{\"@id\":\"https:\\\/\\\/news.save.ch\\\/gesunder-lebensstil-soll-belohnt-werden\\\/#breadcrumb\"},\"inLanguage\":\"fr-FR\",\"potentialAction\":[{\"@type\":\"ReadAction\",\"target\":[\"https:\\\/\\\/news.save.ch\\\/gesunder-lebensstil-soll-belohnt-werden\\\/\"]}]},{\"@type\":\"ImageObject\",\"inLanguage\":\"fr-FR\",\"@id\":\"https:\\\/\\\/news.save.ch\\\/gesunder-lebensstil-soll-belohnt-werden\\\/#primaryimage\",\"url\":\"https:\\\/\\\/news.save.ch\\\/wp-content\\\/uploads\\\/2016\\\/12\\\/Gesunder-Lebensstil-soll-belohnt-werden_safety-plus.jpg\",\"contentUrl\":\"https:\\\/\\\/news.save.ch\\\/wp-content\\\/uploads\\\/2016\\\/12\\\/Gesunder-Lebensstil-soll-belohnt-werden_safety-plus.jpg\",\"width\":1000,\"height\":667,\"caption\":\"Rauchen, \u00dcbergewicht und Bewegungsmangel soll bestraft werden: Auch dies bejaht eine Mehrheit der Schweizer.\"},{\"@type\":\"BreadcrumbList\",\"@id\":\"https:\\\/\\\/news.save.ch\\\/gesunder-lebensstil-soll-belohnt-werden\\\/#breadcrumb\",\"itemListElement\":[{\"@type\":\"ListItem\",\"position\":1,\"name\":\"Home\",\"item\":\"https:\\\/\\\/news.save.ch\\\/de\\\/\"},{\"@type\":\"ListItem\",\"position\":2,\"name\":\"Gesunder Lebensstil soll belohnt werden\"}]},{\"@type\":\"WebSite\",\"@id\":\"https:\\\/\\\/news.save.ch\\\/de\\\/#website\",\"url\":\"https:\\\/\\\/news.save.ch\\\/de\\\/\",\"name\":\"Save\",\"description\":\"Schweizer Fachzeitschrift f\u00fcr Sicherheit\",\"publisher\":{\"@id\":\"https:\\\/\\\/news.save.ch\\\/de\\\/#organization\"},\"potentialAction\":[{\"@type\":\"SearchAction\",\"target\":{\"@type\":\"EntryPoint\",\"urlTemplate\":\"https:\\\/\\\/news.save.ch\\\/de\\\/?s={search_term_string}\"},\"query-input\":{\"@type\":\"PropertyValueSpecification\",\"valueRequired\":true,\"valueName\":\"search_term_string\"}}],\"inLanguage\":\"fr-FR\"},{\"@type\":\"Organization\",\"@id\":\"https:\\\/\\\/news.save.ch\\\/de\\\/#organization\",\"name\":\"Sicherheitsforum\",\"url\":\"https:\\\/\\\/news.save.ch\\\/de\\\/\",\"logo\":{\"@type\":\"ImageObject\",\"inLanguage\":\"fr-FR\",\"@id\":\"https:\\\/\\\/news.save.ch\\\/de\\\/#\\\/schema\\\/logo\\\/image\\\/\",\"url\":\"https:\\\/\\\/news.save.ch\\\/wp-content\\\/uploads\\\/2022\\\/06\\\/Logo_SF_2012.png\",\"contentUrl\":\"https:\\\/\\\/news.save.ch\\\/wp-content\\\/uploads\\\/2022\\\/06\\\/Logo_SF_2012.png\",\"width\":1100,\"height\":91,\"caption\":\"Sicherheitsforum\"},\"image\":{\"@id\":\"https:\\\/\\\/news.save.ch\\\/de\\\/#\\\/schema\\\/logo\\\/image\\\/\"}},{\"@type\":\"Person\",\"@id\":\"https:\\\/\\\/news.save.ch\\\/de\\\/#\\\/schema\\\/person\\\/d49e199490bad7c70d64b9ab51142f2b\",\"name\":\"admin\",\"image\":{\"@type\":\"ImageObject\",\"inLanguage\":\"fr-FR\",\"@id\":\"https:\\\/\\\/secure.gravatar.com\\\/avatar\\\/ae2f4d718e6c49043e314ce431e7e645d646302a24a5ef5a8bc8e3f5a032e319?s=96&d=mm&r=g\",\"url\":\"https:\\\/\\\/secure.gravatar.com\\\/avatar\\\/ae2f4d718e6c49043e314ce431e7e645d646302a24a5ef5a8bc8e3f5a032e319?s=96&d=mm&r=g\",\"contentUrl\":\"https:\\\/\\\/secure.gravatar.com\\\/avatar\\\/ae2f4d718e6c49043e314ce431e7e645d646302a24a5ef5a8bc8e3f5a032e319?s=96&d=mm&r=g\",\"caption\":\"admin\"},\"sameAs\":[\"https:\\\/\\\/develop.organisator.galledia.ch\"],\"url\":\"https:\\\/\\\/news.save.ch\\\/fr\\\/author\\\/admin\\\/\"}]}<\/script>\n<!-- \/ Yoast SEO plugin. -->","yoast_head_json":{"title":"Un mode de vie sain doit \u00eatre r\u00e9compens\u00e9 - Save","description":"Mode de vie : ceux qui vivent sainement devraient payer moins de primes : Selon un sondage, pr\u00e8s de 80% des Suisses sont d'accord avec cette affirmation.","robots":{"index":"index","follow":"follow","max-snippet":"max-snippet:-1","max-image-preview":"max-image-preview:large","max-video-preview":"max-video-preview:-1"},"canonical":"https:\/\/news.save.ch\/fr\/gesunder-lebensstil-soll-belohnt-werden\/","og_locale":"fr_FR","og_type":"article","og_title":"Gesunder Lebensstil soll belohnt werden - Save","og_description":"Lebensstil: Wer gesund lebt, soll weniger Pr\u00e4mien zahlen: Diese Aussage stimmen laut einer Umfrage fast 80% der Schweizer zu.","og_url":"https:\/\/news.save.ch\/fr\/gesunder-lebensstil-soll-belohnt-werden\/","og_site_name":"Save","article_published_time":"2016-08-08T14:35:06+00:00","article_modified_time":"2023-03-14T08:04:27+00:00","og_image":[{"width":1000,"height":667,"url":"https:\/\/news.save.ch\/wp-content\/uploads\/2016\/12\/Gesunder-Lebensstil-soll-belohnt-werden_safety-plus.jpg","type":"image\/jpeg"}],"author":"admin","twitter_card":"summary_large_image","twitter_misc":{"\u00c9crit par":"admin","Dur\u00e9e de lecture estim\u00e9e":"2 minutes"},"schema":{"@context":"https:\/\/schema.org","@graph":[{"@type":"Article","@id":"https:\/\/news.save.ch\/gesunder-lebensstil-soll-belohnt-werden\/#article","isPartOf":{"@id":"https:\/\/news.save.ch\/gesunder-lebensstil-soll-belohnt-werden\/"},"author":{"name":"admin","@id":"https:\/\/news.save.ch\/de\/#\/schema\/person\/d49e199490bad7c70d64b9ab51142f2b"},"headline":"Gesunder Lebensstil soll belohnt werden","datePublished":"2016-08-08T14:35:06+00:00","dateModified":"2023-03-14T08:04:27+00:00","mainEntityOfPage":{"@id":"https:\/\/news.save.ch\/gesunder-lebensstil-soll-belohnt-werden\/"},"wordCount":341,"commentCount":0,"publisher":{"@id":"https:\/\/news.save.ch\/de\/#organization"},"image":{"@id":"https:\/\/news.save.ch\/gesunder-lebensstil-soll-belohnt-werden\/#primaryimage"},"thumbnailUrl":"https:\/\/news.save.ch\/wp-content\/uploads\/2016\/12\/Gesunder-Lebensstil-soll-belohnt-werden_safety-plus.jpg","keywords":["Gesundheitsschutz","Pr\u00e4vention","Versicherung"],"articleSection":["HEALTH &amp; SAFETY"],"inLanguage":"fr-FR"},{"@type":"WebPage","@id":"https:\/\/news.save.ch\/gesunder-lebensstil-soll-belohnt-werden\/","url":"https:\/\/news.save.ch\/gesunder-lebensstil-soll-belohnt-werden\/","name":"Un mode de vie sain doit \u00eatre r\u00e9compens\u00e9 - Save","isPartOf":{"@id":"https:\/\/news.save.ch\/de\/#website"},"primaryImageOfPage":{"@id":"https:\/\/news.save.ch\/gesunder-lebensstil-soll-belohnt-werden\/#primaryimage"},"image":{"@id":"https:\/\/news.save.ch\/gesunder-lebensstil-soll-belohnt-werden\/#primaryimage"},"thumbnailUrl":"https:\/\/news.save.ch\/wp-content\/uploads\/2016\/12\/Gesunder-Lebensstil-soll-belohnt-werden_safety-plus.jpg","datePublished":"2016-08-08T14:35:06+00:00","dateModified":"2023-03-14T08:04:27+00:00","description":"Mode de vie : ceux qui vivent sainement devraient payer moins de primes : Selon un sondage, pr\u00e8s de 80% des Suisses sont d'accord avec cette affirmation.","breadcrumb":{"@id":"https:\/\/news.save.ch\/gesunder-lebensstil-soll-belohnt-werden\/#breadcrumb"},"inLanguage":"fr-FR","potentialAction":[{"@type":"ReadAction","target":["https:\/\/news.save.ch\/gesunder-lebensstil-soll-belohnt-werden\/"]}]},{"@type":"ImageObject","inLanguage":"fr-FR","@id":"https:\/\/news.save.ch\/gesunder-lebensstil-soll-belohnt-werden\/#primaryimage","url":"https:\/\/news.save.ch\/wp-content\/uploads\/2016\/12\/Gesunder-Lebensstil-soll-belohnt-werden_safety-plus.jpg","contentUrl":"https:\/\/news.save.ch\/wp-content\/uploads\/2016\/12\/Gesunder-Lebensstil-soll-belohnt-werden_safety-plus.jpg","width":1000,"height":667,"caption":"Rauchen, \u00dcbergewicht und Bewegungsmangel soll bestraft werden: Auch dies bejaht eine Mehrheit der Schweizer."},{"@type":"BreadcrumbList","@id":"https:\/\/news.save.ch\/gesunder-lebensstil-soll-belohnt-werden\/#breadcrumb","itemListElement":[{"@type":"ListItem","position":1,"name":"Home","item":"https:\/\/news.save.ch\/de\/"},{"@type":"ListItem","position":2,"name":"Gesunder Lebensstil soll belohnt werden"}]},{"@type":"WebSite","@id":"https:\/\/news.save.ch\/de\/#website","url":"https:\/\/news.save.ch\/de\/","name":"Save","description":"Revue suisse sp\u00e9cialis\u00e9e dans la s\u00e9curit\u00e9","publisher":{"@id":"https:\/\/news.save.ch\/de\/#organization"},"potentialAction":[{"@type":"SearchAction","target":{"@type":"EntryPoint","urlTemplate":"https:\/\/news.save.ch\/de\/?s={search_term_string}"},"query-input":{"@type":"PropertyValueSpecification","valueRequired":true,"valueName":"search_term_string"}}],"inLanguage":"fr-FR"},{"@type":"Organization","@id":"https:\/\/news.save.ch\/de\/#organization","name":"Forum sur la s\u00e9curit\u00e9","url":"https:\/\/news.save.ch\/de\/","logo":{"@type":"ImageObject","inLanguage":"fr-FR","@id":"https:\/\/news.save.ch\/de\/#\/schema\/logo\/image\/","url":"https:\/\/news.save.ch\/wp-content\/uploads\/2022\/06\/Logo_SF_2012.png","contentUrl":"https:\/\/news.save.ch\/wp-content\/uploads\/2022\/06\/Logo_SF_2012.png","width":1100,"height":91,"caption":"Sicherheitsforum"},"image":{"@id":"https:\/\/news.save.ch\/de\/#\/schema\/logo\/image\/"}},{"@type":"Person","@id":"https:\/\/news.save.ch\/de\/#\/schema\/person\/d49e199490bad7c70d64b9ab51142f2b","name":"admin","image":{"@type":"ImageObject","inLanguage":"fr-FR","@id":"https:\/\/secure.gravatar.com\/avatar\/ae2f4d718e6c49043e314ce431e7e645d646302a24a5ef5a8bc8e3f5a032e319?s=96&d=mm&r=g","url":"https:\/\/secure.gravatar.com\/avatar\/ae2f4d718e6c49043e314ce431e7e645d646302a24a5ef5a8bc8e3f5a032e319?s=96&d=mm&r=g","contentUrl":"https:\/\/secure.gravatar.com\/avatar\/ae2f4d718e6c49043e314ce431e7e645d646302a24a5ef5a8bc8e3f5a032e319?s=96&d=mm&r=g","caption":"admin"},"sameAs":["https:\/\/develop.organisator.galledia.ch"],"url":"https:\/\/news.save.ch\/fr\/author\/admin\/"}]}},"_links":{"self":[{"href":"https:\/\/news.save.ch\/fr\/wp-json\/wp\/v2\/posts\/16762","targetHints":{"allow":["GET"]}}],"collection":[{"href":"https:\/\/news.save.ch\/fr\/wp-json\/wp\/v2\/posts"}],"about":[{"href":"https:\/\/news.save.ch\/fr\/wp-json\/wp\/v2\/types\/post"}],"author":[{"embeddable":true,"href":"https:\/\/news.save.ch\/fr\/wp-json\/wp\/v2\/users\/1"}],"replies":[{"embeddable":true,"href":"https:\/\/news.save.ch\/fr\/wp-json\/wp\/v2\/comments?post=16762"}],"version-history":[{"count":1,"href":"https:\/\/news.save.ch\/fr\/wp-json\/wp\/v2\/posts\/16762\/revisions"}],"predecessor-version":[{"id":18824,"href":"https:\/\/news.save.ch\/fr\/wp-json\/wp\/v2\/posts\/16762\/revisions\/18824"}],"wp:featuredmedia":[{"embeddable":true,"href":"https:\/\/news.save.ch\/fr\/wp-json\/wp\/v2\/media\/16124"}],"wp:attachment":[{"href":"https:\/\/news.save.ch\/fr\/wp-json\/wp\/v2\/media?parent=16762"}],"wp:term":[{"taxonomy":"category","embeddable":true,"href":"https:\/\/news.save.ch\/fr\/wp-json\/wp\/v2\/categories?post=16762"},{"taxonomy":"post_tag","embeddable":true,"href":"https:\/\/news.save.ch\/fr\/wp-json\/wp\/v2\/tags?post=16762"}],"curies":[{"name":"wp","href":"https:\/\/api.w.org\/{rel}","templated":true}]}}