{"id":16764,"date":"2016-08-16T16:44:16","date_gmt":"2016-08-16T14:44:16","guid":{"rendered":"http:\/\/dev.safety-plus.ch\/?p=1009"},"modified":"2023-03-14T09:05:13","modified_gmt":"2023-03-14T08:05:13","slug":"eu-ofenhandschuhe-gelten-neu-als-psa","status":null,"type":"post","link":"https:\/\/news.save.ch\/fr\/eu-ofenhandschuhe-gelten-neu-als-psa\/","title":{"rendered":"UE : les gants de four sont d\u00e9sormais consid\u00e9r\u00e9s comme des EPI"},"content":{"rendered":"<figure id=\"attachment_1010\" aria-describedby=\"caption-attachment-1010\" style=\"width: 680px\" class=\"wp-caption alignnone\"><img loading=\"lazy\" decoding=\"async\" class=\"wp-image-1010 size-medium\" src=\"http:\/\/develop.safety-plus.ch\/wp-content\/uploads\/2016\/12\/EU-Ofenhandschuhe-gelten-neu-als-PSA_safety-plus.jpg\" width=\"680\" height=\"763\" \/><figcaption id=\"caption-attachment-1010\" class=\"wp-caption-text\">De telles sc\u00e8nes ne devraient plus se produire \u00e0 l'avenir, si l'on en croit l'UE : le nouveau r\u00e8glement sur les EPI r\u00e9git \u00e9galement la vente de gants pour barbecue et four.<\/figcaption><\/figure>\n<p>Le nouveau r\u00e8glement europ\u00e9en sur les \u00e9quipements de protection individuelle (UE) 2016\/425 a \u00e9t\u00e9 publi\u00e9 le 31 mars 2016. Il d\u00e9finit les conditions auxquelles les EPI doivent r\u00e9pondre pour pouvoir \u00eatre mis sur le march\u00e9 europ\u00e9en et s'applique en tant que droit direct dans tous les pays de l'UE. Apr\u00e8s une p\u00e9riode de transition de deux ans, le r\u00e8glement sera applicable \u00e0 partir d'avril 2018.<\/p>\n<p>Mais le r\u00e8glement ne s'applique pas seulement aux \u00e9quipements de protection dans un environnement professionnel, les EPI \u00e0 usage priv\u00e9 sont \u00e9galement concern\u00e9s. D\u00e9sormais, le r\u00e8glement s'applique \u00e9galement aux EPI contre la protection et la chaleur qui ont \u00e9t\u00e9 sp\u00e9cialement con\u00e7us pour un usage priv\u00e9, comme les gants pour barbecue et four. Ceux-ci devront \u00e0 l'avenir porter un marquage CE afin de prouver qu'ils ont \u00e9t\u00e9 fabriqu\u00e9s selon les r\u00e8gles de l'UE et qu'ils sont r\u00e9ellement r\u00e9sistants \u00e0 la chaleur.<\/p>\n<p>On ne sait toutefois pas encore si les maniques au crochet sont \u00e9galement concern\u00e9es par le march\u00e9 de No\u00ebl : selon un <a href=\"http:\/\/www.spiegel.de\/spiegel\/europaeische-union-will-grillhandschuhe-regulieren-a-1107426.html\" target=\"_blank\" rel=\"noreferrer noopener\" data-cke-saved-href=\"http:\/\/www.spiegel.de\/spiegel\/europaeische-union-will-grillhandschuhe-regulieren-a-1107426.html\">Rapport du \"Spiegel<\/a> demande \u00e0 la Commission pour la s\u00e9curit\u00e9 et la sant\u00e9 au travail et la normalisation (en bref <a href=\"https:\/\/www.kan.de\" target=\"_blank\" rel=\"noreferrer noopener\" data-cke-saved-href=\"https:\/\/www.kan.de\">KAN<\/a>) le plus rapidement possible un document d'interpr\u00e9tation de l'UE afin de clarifier ce que ces nouvelles r\u00e8gles signifient dans la pratique. Bruxelles doit en outre \u00e9laborer un guide avec des exemples.<\/p>\n<p>D'ailleurs, les gants destin\u00e9s \u00e0 prot\u00e9ger contre l'humidit\u00e9 et l'eau dans le cadre d'un usage priv\u00e9 restent exclus de la (UE) 2016\/425 - les gants pour lave-vaisselle ne sont donc pas concern\u00e9s.<\/p>","protected":false},"excerpt":{"rendered":"<p>Die neue Europ\u00e4ische Verordnung f\u00fcr Pers\u00f6nliche Schutzausr\u00fcstung (EU) 2016\/425 wurde am 31. M\u00e4rz 2016 ver\u00f6ffentlicht. Sie\u00a0regelt, welche Voraussetzungen PSA erf\u00fcllen muss, um auf den Europ\u00e4ischen Markt kommen zu d\u00fcrfen und gilt als direktes Recht in allen EU-Staaten. Nach einer \u00dcbergangsfrist von zwei Jahren gilt die Verordnung ab April 2018. Die Verordnung gilt aber nicht nur [&hellip;]<\/p>\n","protected":false},"author":1,"featured_media":16126,"comment_status":"open","ping_status":"open","sticky":false,"template":"","format":"standard","meta":{"_acf_changed":false,"pgc_sgb_lightbox_settings":"","footnotes":""},"categories":[3314],"tags":[172,2669],"class_list":["post-16764","post","type-post","status-publish","format-standard","has-post-thumbnail","hentry","category-health-safety","tag-arbeitssicherheit","tag-persoenliche-schutzausruestung-psa"],"acf":[],"hkrextid":null,"publication":null,"issue":null,"workflow":null,"startPage":null,"spitzmarke":null,"_posts_by_tag_page_fields":{"widget_title":"","widget_tags":""},"_at_widget":"1","_yoast_wpseo_primary_category":"5","_yoast_wpseo_focuskw_text_input":"Ofenhandschuhe","_yoast_wpseo_opengraph-image":null,"_yoast_wpseo_opengraph-description":null,"_yoast_wpseo_opengraph-title":null,"enclosure":null,"_yoast_wpseo_twitter-title":null,"_yoast_wpseo_twitter-description":null,"_yoast_wpseo_twitter-image":null,"_wp_old_slug":null,"_yoast_wpseo_title":null,"_yoast_wpseo_canonical":null,"yoast_head":"<!-- This site is optimized with the Yoast SEO plugin v27.5 - https:\/\/yoast.com\/product\/yoast-seo-wordpress\/ -->\n<title>EU: Ofenhandschuhe gelten neu als PSA - Save<\/title>\n<meta name=\"description\" content=\"Ofenhandschuhe d\u00fcrfen k\u00fcnftig nur noch unter strengen Auflagen verkauft werden. So will es die neue Europ\u00e4ische Verordnung f\u00fcr PSA.\" \/>\n<meta name=\"robots\" content=\"index, follow, max-snippet:-1, max-image-preview:large, max-video-preview:-1\" \/>\n<link rel=\"canonical\" href=\"https:\/\/news.save.ch\/fr\/eu-ofenhandschuhe-gelten-neu-als-psa\/\" \/>\n<meta property=\"og:locale\" content=\"fr_FR\" \/>\n<meta property=\"og:type\" content=\"article\" \/>\n<meta property=\"og:title\" content=\"EU: Ofenhandschuhe gelten neu als PSA - Save\" \/>\n<meta property=\"og:description\" content=\"Ofenhandschuhe d\u00fcrfen k\u00fcnftig nur noch unter strengen Auflagen verkauft werden. So will es die neue Europ\u00e4ische Verordnung f\u00fcr PSA.\" \/>\n<meta property=\"og:url\" content=\"https:\/\/news.save.ch\/fr\/eu-ofenhandschuhe-gelten-neu-als-psa\/\" \/>\n<meta property=\"og:site_name\" content=\"Save\" \/>\n<meta property=\"article:published_time\" content=\"2016-08-16T14:44:16+00:00\" \/>\n<meta property=\"article:modified_time\" content=\"2023-03-14T08:05:13+00:00\" \/>\n<meta property=\"og:image\" content=\"https:\/\/news.save.ch\/wp-content\/uploads\/2016\/12\/EU-Ofenhandschuhe-gelten-neu-als-PSA_safety-plus-scaled-1.jpg\" \/>\n\t<meta property=\"og:image:width\" content=\"1070\" \/>\n\t<meta property=\"og:image:height\" content=\"1200\" \/>\n\t<meta property=\"og:image:type\" content=\"image\/jpeg\" \/>\n<meta name=\"author\" content=\"admin\" \/>\n<meta name=\"twitter:card\" content=\"summary_large_image\" \/>\n<meta name=\"twitter:label1\" content=\"\u00c9crit par\" \/>\n\t<meta name=\"twitter:data1\" content=\"admin\" \/>\n\t<meta name=\"twitter:label2\" content=\"Dur\u00e9e de lecture estim\u00e9e\" \/>\n\t<meta name=\"twitter:data2\" content=\"1 minute\" \/>\n<script type=\"application\/ld+json\" class=\"yoast-schema-graph\">{\"@context\":\"https:\\\/\\\/schema.org\",\"@graph\":[{\"@type\":\"Article\",\"@id\":\"https:\\\/\\\/news.save.ch\\\/eu-ofenhandschuhe-gelten-neu-als-psa\\\/#article\",\"isPartOf\":{\"@id\":\"https:\\\/\\\/news.save.ch\\\/eu-ofenhandschuhe-gelten-neu-als-psa\\\/\"},\"author\":{\"name\":\"admin\",\"@id\":\"https:\\\/\\\/news.save.ch\\\/de\\\/#\\\/schema\\\/person\\\/d49e199490bad7c70d64b9ab51142f2b\"},\"headline\":\"EU: Ofenhandschuhe gelten neu als PSA\",\"datePublished\":\"2016-08-16T14:44:16+00:00\",\"dateModified\":\"2023-03-14T08:05:13+00:00\",\"mainEntityOfPage\":{\"@id\":\"https:\\\/\\\/news.save.ch\\\/eu-ofenhandschuhe-gelten-neu-als-psa\\\/\"},\"wordCount\":250,\"commentCount\":1,\"publisher\":{\"@id\":\"https:\\\/\\\/news.save.ch\\\/de\\\/#organization\"},\"image\":{\"@id\":\"https:\\\/\\\/news.save.ch\\\/eu-ofenhandschuhe-gelten-neu-als-psa\\\/#primaryimage\"},\"thumbnailUrl\":\"https:\\\/\\\/news.save.ch\\\/wp-content\\\/uploads\\\/2016\\\/12\\\/EU-Ofenhandschuhe-gelten-neu-als-PSA_safety-plus-scaled-1.jpg\",\"keywords\":[\"Arbeitssicherheit\",\"Pers\u00f6nliche Schutzausr\u00fcstung (PSA)\"],\"articleSection\":[\"HEALTH &amp; SAFETY\"],\"inLanguage\":\"fr-FR\"},{\"@type\":\"WebPage\",\"@id\":\"https:\\\/\\\/news.save.ch\\\/eu-ofenhandschuhe-gelten-neu-als-psa\\\/\",\"url\":\"https:\\\/\\\/news.save.ch\\\/eu-ofenhandschuhe-gelten-neu-als-psa\\\/\",\"name\":\"EU: Ofenhandschuhe gelten neu als PSA - Save\",\"isPartOf\":{\"@id\":\"https:\\\/\\\/news.save.ch\\\/de\\\/#website\"},\"primaryImageOfPage\":{\"@id\":\"https:\\\/\\\/news.save.ch\\\/eu-ofenhandschuhe-gelten-neu-als-psa\\\/#primaryimage\"},\"image\":{\"@id\":\"https:\\\/\\\/news.save.ch\\\/eu-ofenhandschuhe-gelten-neu-als-psa\\\/#primaryimage\"},\"thumbnailUrl\":\"https:\\\/\\\/news.save.ch\\\/wp-content\\\/uploads\\\/2016\\\/12\\\/EU-Ofenhandschuhe-gelten-neu-als-PSA_safety-plus-scaled-1.jpg\",\"datePublished\":\"2016-08-16T14:44:16+00:00\",\"dateModified\":\"2023-03-14T08:05:13+00:00\",\"description\":\"Ofenhandschuhe d\u00fcrfen k\u00fcnftig nur noch unter strengen Auflagen verkauft werden. So will es die neue Europ\u00e4ische Verordnung f\u00fcr PSA.\",\"breadcrumb\":{\"@id\":\"https:\\\/\\\/news.save.ch\\\/eu-ofenhandschuhe-gelten-neu-als-psa\\\/#breadcrumb\"},\"inLanguage\":\"fr-FR\",\"potentialAction\":[{\"@type\":\"ReadAction\",\"target\":[\"https:\\\/\\\/news.save.ch\\\/eu-ofenhandschuhe-gelten-neu-als-psa\\\/\"]}]},{\"@type\":\"ImageObject\",\"inLanguage\":\"fr-FR\",\"@id\":\"https:\\\/\\\/news.save.ch\\\/eu-ofenhandschuhe-gelten-neu-als-psa\\\/#primaryimage\",\"url\":\"https:\\\/\\\/news.save.ch\\\/wp-content\\\/uploads\\\/2016\\\/12\\\/EU-Ofenhandschuhe-gelten-neu-als-PSA_safety-plus-scaled-1.jpg\",\"contentUrl\":\"https:\\\/\\\/news.save.ch\\\/wp-content\\\/uploads\\\/2016\\\/12\\\/EU-Ofenhandschuhe-gelten-neu-als-PSA_safety-plus-scaled-1.jpg\",\"width\":1070,\"height\":1200,\"caption\":\"Solche Szenen sollen k\u00fcnftig nicht mehr vorkommen, wenn es nach der EU geht: Die neue PSA-Verordnung regelt auch den Verkauf von Grill- und Ofenhandschuhen.\"},{\"@type\":\"BreadcrumbList\",\"@id\":\"https:\\\/\\\/news.save.ch\\\/eu-ofenhandschuhe-gelten-neu-als-psa\\\/#breadcrumb\",\"itemListElement\":[{\"@type\":\"ListItem\",\"position\":1,\"name\":\"Home\",\"item\":\"https:\\\/\\\/news.save.ch\\\/de\\\/\"},{\"@type\":\"ListItem\",\"position\":2,\"name\":\"EU: Ofenhandschuhe gelten neu als PSA\"}]},{\"@type\":\"WebSite\",\"@id\":\"https:\\\/\\\/news.save.ch\\\/de\\\/#website\",\"url\":\"https:\\\/\\\/news.save.ch\\\/de\\\/\",\"name\":\"Save\",\"description\":\"Schweizer Fachzeitschrift f\u00fcr Sicherheit\",\"publisher\":{\"@id\":\"https:\\\/\\\/news.save.ch\\\/de\\\/#organization\"},\"potentialAction\":[{\"@type\":\"SearchAction\",\"target\":{\"@type\":\"EntryPoint\",\"urlTemplate\":\"https:\\\/\\\/news.save.ch\\\/de\\\/?s={search_term_string}\"},\"query-input\":{\"@type\":\"PropertyValueSpecification\",\"valueRequired\":true,\"valueName\":\"search_term_string\"}}],\"inLanguage\":\"fr-FR\"},{\"@type\":\"Organization\",\"@id\":\"https:\\\/\\\/news.save.ch\\\/de\\\/#organization\",\"name\":\"Sicherheitsforum\",\"url\":\"https:\\\/\\\/news.save.ch\\\/de\\\/\",\"logo\":{\"@type\":\"ImageObject\",\"inLanguage\":\"fr-FR\",\"@id\":\"https:\\\/\\\/news.save.ch\\\/de\\\/#\\\/schema\\\/logo\\\/image\\\/\",\"url\":\"https:\\\/\\\/news.save.ch\\\/wp-content\\\/uploads\\\/2022\\\/06\\\/Logo_SF_2012.png\",\"contentUrl\":\"https:\\\/\\\/news.save.ch\\\/wp-content\\\/uploads\\\/2022\\\/06\\\/Logo_SF_2012.png\",\"width\":1100,\"height\":91,\"caption\":\"Sicherheitsforum\"},\"image\":{\"@id\":\"https:\\\/\\\/news.save.ch\\\/de\\\/#\\\/schema\\\/logo\\\/image\\\/\"}},{\"@type\":\"Person\",\"@id\":\"https:\\\/\\\/news.save.ch\\\/de\\\/#\\\/schema\\\/person\\\/d49e199490bad7c70d64b9ab51142f2b\",\"name\":\"admin\",\"image\":{\"@type\":\"ImageObject\",\"inLanguage\":\"fr-FR\",\"@id\":\"https:\\\/\\\/secure.gravatar.com\\\/avatar\\\/ae2f4d718e6c49043e314ce431e7e645d646302a24a5ef5a8bc8e3f5a032e319?s=96&d=mm&r=g\",\"url\":\"https:\\\/\\\/secure.gravatar.com\\\/avatar\\\/ae2f4d718e6c49043e314ce431e7e645d646302a24a5ef5a8bc8e3f5a032e319?s=96&d=mm&r=g\",\"contentUrl\":\"https:\\\/\\\/secure.gravatar.com\\\/avatar\\\/ae2f4d718e6c49043e314ce431e7e645d646302a24a5ef5a8bc8e3f5a032e319?s=96&d=mm&r=g\",\"caption\":\"admin\"},\"sameAs\":[\"https:\\\/\\\/develop.organisator.galledia.ch\"],\"url\":\"https:\\\/\\\/news.save.ch\\\/fr\\\/author\\\/admin\\\/\"}]}<\/script>\n<!-- \/ Yoast SEO plugin. -->","yoast_head_json":{"title":"UE : Les gants de four sont d\u00e9sormais consid\u00e9r\u00e9s comme des EPI - Save","description":"A l'avenir, les gants de four ne pourront \u00eatre vendus que dans des conditions tr\u00e8s strictes. C'est ce que veut le nouveau r\u00e8glement europ\u00e9en sur les EPI.","robots":{"index":"index","follow":"follow","max-snippet":"max-snippet:-1","max-image-preview":"max-image-preview:large","max-video-preview":"max-video-preview:-1"},"canonical":"https:\/\/news.save.ch\/fr\/eu-ofenhandschuhe-gelten-neu-als-psa\/","og_locale":"fr_FR","og_type":"article","og_title":"EU: Ofenhandschuhe gelten neu als PSA - Save","og_description":"Ofenhandschuhe d\u00fcrfen k\u00fcnftig nur noch unter strengen Auflagen verkauft werden. So will es die neue Europ\u00e4ische Verordnung f\u00fcr PSA.","og_url":"https:\/\/news.save.ch\/fr\/eu-ofenhandschuhe-gelten-neu-als-psa\/","og_site_name":"Save","article_published_time":"2016-08-16T14:44:16+00:00","article_modified_time":"2023-03-14T08:05:13+00:00","og_image":[{"width":1070,"height":1200,"url":"https:\/\/news.save.ch\/wp-content\/uploads\/2016\/12\/EU-Ofenhandschuhe-gelten-neu-als-PSA_safety-plus-scaled-1.jpg","type":"image\/jpeg"}],"author":"admin","twitter_card":"summary_large_image","twitter_misc":{"\u00c9crit par":"admin","Dur\u00e9e de lecture estim\u00e9e":"1 minute"},"schema":{"@context":"https:\/\/schema.org","@graph":[{"@type":"Article","@id":"https:\/\/news.save.ch\/eu-ofenhandschuhe-gelten-neu-als-psa\/#article","isPartOf":{"@id":"https:\/\/news.save.ch\/eu-ofenhandschuhe-gelten-neu-als-psa\/"},"author":{"name":"admin","@id":"https:\/\/news.save.ch\/de\/#\/schema\/person\/d49e199490bad7c70d64b9ab51142f2b"},"headline":"EU: Ofenhandschuhe gelten neu als PSA","datePublished":"2016-08-16T14:44:16+00:00","dateModified":"2023-03-14T08:05:13+00:00","mainEntityOfPage":{"@id":"https:\/\/news.save.ch\/eu-ofenhandschuhe-gelten-neu-als-psa\/"},"wordCount":250,"commentCount":1,"publisher":{"@id":"https:\/\/news.save.ch\/de\/#organization"},"image":{"@id":"https:\/\/news.save.ch\/eu-ofenhandschuhe-gelten-neu-als-psa\/#primaryimage"},"thumbnailUrl":"https:\/\/news.save.ch\/wp-content\/uploads\/2016\/12\/EU-Ofenhandschuhe-gelten-neu-als-PSA_safety-plus-scaled-1.jpg","keywords":["Arbeitssicherheit","Pers\u00f6nliche Schutzausr\u00fcstung (PSA)"],"articleSection":["HEALTH &amp; SAFETY"],"inLanguage":"fr-FR"},{"@type":"WebPage","@id":"https:\/\/news.save.ch\/eu-ofenhandschuhe-gelten-neu-als-psa\/","url":"https:\/\/news.save.ch\/eu-ofenhandschuhe-gelten-neu-als-psa\/","name":"UE : Les gants de four sont d\u00e9sormais consid\u00e9r\u00e9s comme des EPI - Save","isPartOf":{"@id":"https:\/\/news.save.ch\/de\/#website"},"primaryImageOfPage":{"@id":"https:\/\/news.save.ch\/eu-ofenhandschuhe-gelten-neu-als-psa\/#primaryimage"},"image":{"@id":"https:\/\/news.save.ch\/eu-ofenhandschuhe-gelten-neu-als-psa\/#primaryimage"},"thumbnailUrl":"https:\/\/news.save.ch\/wp-content\/uploads\/2016\/12\/EU-Ofenhandschuhe-gelten-neu-als-PSA_safety-plus-scaled-1.jpg","datePublished":"2016-08-16T14:44:16+00:00","dateModified":"2023-03-14T08:05:13+00:00","description":"A l'avenir, les gants de four ne pourront \u00eatre vendus que dans des conditions tr\u00e8s strictes. C'est ce que veut le nouveau r\u00e8glement europ\u00e9en sur les EPI.","breadcrumb":{"@id":"https:\/\/news.save.ch\/eu-ofenhandschuhe-gelten-neu-als-psa\/#breadcrumb"},"inLanguage":"fr-FR","potentialAction":[{"@type":"ReadAction","target":["https:\/\/news.save.ch\/eu-ofenhandschuhe-gelten-neu-als-psa\/"]}]},{"@type":"ImageObject","inLanguage":"fr-FR","@id":"https:\/\/news.save.ch\/eu-ofenhandschuhe-gelten-neu-als-psa\/#primaryimage","url":"https:\/\/news.save.ch\/wp-content\/uploads\/2016\/12\/EU-Ofenhandschuhe-gelten-neu-als-PSA_safety-plus-scaled-1.jpg","contentUrl":"https:\/\/news.save.ch\/wp-content\/uploads\/2016\/12\/EU-Ofenhandschuhe-gelten-neu-als-PSA_safety-plus-scaled-1.jpg","width":1070,"height":1200,"caption":"Solche Szenen sollen k\u00fcnftig nicht mehr vorkommen, wenn es nach der EU geht: Die neue PSA-Verordnung regelt auch den Verkauf von Grill- und Ofenhandschuhen."},{"@type":"BreadcrumbList","@id":"https:\/\/news.save.ch\/eu-ofenhandschuhe-gelten-neu-als-psa\/#breadcrumb","itemListElement":[{"@type":"ListItem","position":1,"name":"Home","item":"https:\/\/news.save.ch\/de\/"},{"@type":"ListItem","position":2,"name":"EU: Ofenhandschuhe gelten neu als PSA"}]},{"@type":"WebSite","@id":"https:\/\/news.save.ch\/de\/#website","url":"https:\/\/news.save.ch\/de\/","name":"Save","description":"Revue suisse sp\u00e9cialis\u00e9e dans la s\u00e9curit\u00e9","publisher":{"@id":"https:\/\/news.save.ch\/de\/#organization"},"potentialAction":[{"@type":"SearchAction","target":{"@type":"EntryPoint","urlTemplate":"https:\/\/news.save.ch\/de\/?s={search_term_string}"},"query-input":{"@type":"PropertyValueSpecification","valueRequired":true,"valueName":"search_term_string"}}],"inLanguage":"fr-FR"},{"@type":"Organization","@id":"https:\/\/news.save.ch\/de\/#organization","name":"Forum sur la s\u00e9curit\u00e9","url":"https:\/\/news.save.ch\/de\/","logo":{"@type":"ImageObject","inLanguage":"fr-FR","@id":"https:\/\/news.save.ch\/de\/#\/schema\/logo\/image\/","url":"https:\/\/news.save.ch\/wp-content\/uploads\/2022\/06\/Logo_SF_2012.png","contentUrl":"https:\/\/news.save.ch\/wp-content\/uploads\/2022\/06\/Logo_SF_2012.png","width":1100,"height":91,"caption":"Sicherheitsforum"},"image":{"@id":"https:\/\/news.save.ch\/de\/#\/schema\/logo\/image\/"}},{"@type":"Person","@id":"https:\/\/news.save.ch\/de\/#\/schema\/person\/d49e199490bad7c70d64b9ab51142f2b","name":"admin","image":{"@type":"ImageObject","inLanguage":"fr-FR","@id":"https:\/\/secure.gravatar.com\/avatar\/ae2f4d718e6c49043e314ce431e7e645d646302a24a5ef5a8bc8e3f5a032e319?s=96&d=mm&r=g","url":"https:\/\/secure.gravatar.com\/avatar\/ae2f4d718e6c49043e314ce431e7e645d646302a24a5ef5a8bc8e3f5a032e319?s=96&d=mm&r=g","contentUrl":"https:\/\/secure.gravatar.com\/avatar\/ae2f4d718e6c49043e314ce431e7e645d646302a24a5ef5a8bc8e3f5a032e319?s=96&d=mm&r=g","caption":"admin"},"sameAs":["https:\/\/develop.organisator.galledia.ch"],"url":"https:\/\/news.save.ch\/fr\/author\/admin\/"}]}},"_links":{"self":[{"href":"https:\/\/news.save.ch\/fr\/wp-json\/wp\/v2\/posts\/16764","targetHints":{"allow":["GET"]}}],"collection":[{"href":"https:\/\/news.save.ch\/fr\/wp-json\/wp\/v2\/posts"}],"about":[{"href":"https:\/\/news.save.ch\/fr\/wp-json\/wp\/v2\/types\/post"}],"author":[{"embeddable":true,"href":"https:\/\/news.save.ch\/fr\/wp-json\/wp\/v2\/users\/1"}],"replies":[{"embeddable":true,"href":"https:\/\/news.save.ch\/fr\/wp-json\/wp\/v2\/comments?post=16764"}],"version-history":[{"count":1,"href":"https:\/\/news.save.ch\/fr\/wp-json\/wp\/v2\/posts\/16764\/revisions"}],"predecessor-version":[{"id":18360,"href":"https:\/\/news.save.ch\/fr\/wp-json\/wp\/v2\/posts\/16764\/revisions\/18360"}],"wp:featuredmedia":[{"embeddable":true,"href":"https:\/\/news.save.ch\/fr\/wp-json\/wp\/v2\/media\/16126"}],"wp:attachment":[{"href":"https:\/\/news.save.ch\/fr\/wp-json\/wp\/v2\/media?parent=16764"}],"wp:term":[{"taxonomy":"category","embeddable":true,"href":"https:\/\/news.save.ch\/fr\/wp-json\/wp\/v2\/categories?post=16764"},{"taxonomy":"post_tag","embeddable":true,"href":"https:\/\/news.save.ch\/fr\/wp-json\/wp\/v2\/tags?post=16764"}],"curies":[{"name":"wp","href":"https:\/\/api.w.org\/{rel}","templated":true}]}}