{"id":16767,"date":"2016-08-30T10:43:42","date_gmt":"2016-08-30T08:43:42","guid":{"rendered":"http:\/\/dev.safety-plus.ch\/?p=1108"},"modified":"2023-03-14T09:05:36","modified_gmt":"2023-03-14T08:05:36","slug":"ein-viertel-der-erwerbstaetigen-ist-gestresst","status":null,"type":"post","link":"https:\/\/news.save.ch\/fr\/ein-viertel-der-erwerbstaetigen-ist-gestresst\/","title":{"rendered":"Un quart de la population active est stress\u00e9e"},"content":{"rendered":"<figure id=\"attachment_1109\" aria-describedby=\"caption-attachment-1109\" style=\"width: 680px\" class=\"wp-caption alignnone\"><img loading=\"lazy\" decoding=\"async\" class=\"wp-image-1109 size-medium\" src=\"http:\/\/develop.safety-plus.ch\/wp-content\/uploads\/2016\/12\/Ein-Viertel-der-Erwerbstaetigen-ist-gestresst_safety-plus.jpg\" width=\"680\" height=\"472\" \/><figcaption id=\"caption-attachment-1109\" class=\"wp-caption-text\">Des actifs surcharg\u00e9s : une personne sur quatre est \u00e9puis\u00e9e et stress\u00e9e.<\/figcaption><\/figure>\n<p>Pour la troisi\u00e8me fois d\u00e9j\u00e0, Promotion Sant\u00e9 Suisse publie le Job-Stress-Index en tant qu'\u00e9tude scientifique en collaboration avec l'Universit\u00e9 de Berne et la Haute \u00e9cole zurichoise des sciences appliqu\u00e9es. Le monitoring du stress d\u00e9termine chaque ann\u00e9e trois chiffres cl\u00e9s concernant les effets du stress li\u00e9 au travail sur la sant\u00e9 et la productivit\u00e9 des personnes actives : le Job-Stress-Index, la proportion de personnes \u00e9puis\u00e9es et le potentiel \u00e9conomique des am\u00e9liorations des conditions de travail en mati\u00e8re de stress. Les r\u00e9sultats de l'enqu\u00eate 2016 confirment ceux des deux enqu\u00eates pr\u00e9c\u00e9dentes :<\/p>\n<ul>\n<li>Un actif sur quatre (25,4 %) subit du stress, c'est-\u00e0-dire plus de contraintes que de ressources au travail.<\/li>\n<li>Un actif sur quatre (25,4 %) est \u00e9puis\u00e9.<\/li>\n<li>Le stress co\u00fbte aux employeurs environ 5,7 milliards de francs par an.<\/li>\n<li>Le focus de cette ann\u00e9e montre que : Les jeunes collaborateurs sont plus souvent stress\u00e9s et \u00e9puis\u00e9s et ont davantage de pertes de performance li\u00e9es \u00e0 la sant\u00e9.<\/li>\n<\/ul>\n<p>L'enqu\u00eate 2016 montre qu'un quart de tous les actifs occup\u00e9s ne disposent pas de ressources suffisantes pour pouvoir amortir les charges \u00e9lev\u00e9es au travail. Les ressources d\u00e9crivent les possibilit\u00e9s de r\u00e9agir \u00e0 un d\u00e9s\u00e9quilibre entre la charge et les exigences. Pr\u00e8s de la moiti\u00e9 des personnes actives (46,3 %) se trouvent donc dans la \"zone sensible\". Dans ce domaine, les ressources existantes suffisent \u00e0 peine \u00e0 compenser les contraintes actuelles.<\/p>\n<p><strong>Les personnes travaillant \u00e0 temps plein sont plus \u00e9puis\u00e9es que celles travaillant \u00e0 temps partiel<\/strong><\/p>\n<p>Une personne active sur quatre (25,4 %) est en outre assez ou tr\u00e8s \u00e9puis\u00e9e. Si l'on extrapole ce chiffre \u00e0 l'ensemble des personnes actives en Suisse, cela concerne au total 1,3 million de personnes. L'\u00e9puisement est un indicateur important de l'\u00e9tat de sant\u00e9 des personnes actives et un lien d\u00e9cisif entre les contraintes et les cons\u00e9quences sur la sant\u00e9. Les personnes actives qui travaillent \u00e0 temps plein sont plus \u00e9puis\u00e9es que celles qui travaillent \u00e0 temps partiel. Cela est particuli\u00e8rement vrai pour le groupe des 25-39 ans.<\/p>\n<p><strong>Le stress co\u00fbte chaque ann\u00e9e aux employeurs environ 5,7 milliards de francs suisses.<\/strong><\/p>\n<p>Le potentiel \u00e9conomique est estim\u00e9 \u00e0 environ CHF 5,7 milliards pour les entreprises en Suisse en 2016. Il tient compte d'une part de l'am\u00e9lioration de la performance au travail gr\u00e2ce \u00e0 la r\u00e9duction des probl\u00e8mes de sant\u00e9 pendant le travail ; celle-ci repr\u00e9sente 84,4 % du potentiel \u00e9conomique (c'est-\u00e0-dire CHF 4,9 milliards). A cela s'ajoute d'autre part la r\u00e9duction de l'absent\u00e9isme, qui repr\u00e9sente 15,5 % (soit 0,9 milliard de CHF).<\/p>\n<p>\"Le monitoring du stress de Promotion Sant\u00e9 Suisse saisit les conditions de travail et fait des d\u00e9clarations sur le rapport entre les ressources et les contraintes sur le lieu de travail. Gr\u00e2ce \u00e0 ce relev\u00e9 annuel du Job Stress Index, Promotion Sant\u00e9 Suisse dispose de donn\u00e9es d\u00e9taill\u00e9es sur le th\u00e8me du stress au travail et de son lien avec la sant\u00e9 et le potentiel \u00e9conomique\", souligne le professeur Thomas Mattig, directeur de Promotion Sant\u00e9 Suisse, en soulignant la pertinence de ce relev\u00e9 annuel. Le Job-Stress-Index permet d'identifier \u00e0 temps les \u00e9volutions des conditions de travail recens\u00e9es afin d'en contrer les effets n\u00e9gatifs par des mesures appropri\u00e9es de gestion de la sant\u00e9 en entreprise.<\/p>\n<p><strong>L'\"indice de stress au travail 2016<\/strong><\/p>\n<p>Le Job Stress Index est repr\u00e9sentatif de la population active suisse. Au printemps 2016, 2 973 actifs \u00e2g\u00e9s de 16 \u00e0 65 ans ont \u00e9t\u00e9 interrog\u00e9s. L'enqu\u00eate a \u00e9t\u00e9 r\u00e9alis\u00e9e en ligne \u00e0 l'aide du S-Tool. Le S-Tool est un instrument d'enqu\u00eate en ligne de Promotion Sant\u00e9 Suisse qui permet d'analyser les ressources et les contraintes ainsi que l'\u00e9tat d'esprit actuel des collaborateurs au travail.<\/p>","protected":false},"excerpt":{"rendered":"<p>Bereits zum dritten Mal ver\u00f6ffentlicht Gesundheitsf\u00f6rderung Schweiz den Job-Stress-Index als wissenschaftliche Studie in Zusammenarbeit mit der Universit\u00e4t Bern und der Z\u00fcrcher Hochschule f\u00fcr Angewandte Wissenschaften. Das Stress-Monitoring ermittelt j\u00e4hrlich drei Kennzahlen zu den Auswirkungen von arbeitsbedingtem Stress auf Gesundheit und Produktivit\u00e4t von Erwerbst\u00e4tigen: den Job-Stress-Index, den Anteil Ersch\u00f6pfte und das \u00f6konomische Potenzial von Verbesserungen der [&hellip;]<\/p>\n","protected":false},"author":1,"featured_media":1109,"comment_status":"open","ping_status":"open","sticky":false,"template":"","format":"standard","meta":{"_acf_changed":false,"pgc_sgb_lightbox_settings":"","footnotes":""},"categories":[3314],"tags":[149,2729],"class_list":["post-16767","post","type-post","status-publish","format-standard","has-post-thumbnail","hentry","category-health-safety","tag-gesundheitsschutz","tag-psychische-gesundheit"],"acf":[],"hkrextid":null,"publication":null,"issue":null,"workflow":null,"startPage":null,"spitzmarke":null,"_posts_by_tag_page_fields":{"widget_title":"","widget_tags":""},"_at_widget":"1","_yoast_wpseo_primary_category":"3303","_yoast_wpseo_focuskw_text_input":"gestresst","_yoast_wpseo_opengraph-image":null,"_yoast_wpseo_opengraph-description":null,"_yoast_wpseo_opengraph-title":null,"enclosure":null,"_yoast_wpseo_twitter-title":null,"_yoast_wpseo_twitter-description":null,"_yoast_wpseo_twitter-image":null,"_wp_old_slug":null,"_yoast_wpseo_title":null,"_yoast_wpseo_canonical":null,"yoast_head":"<!-- This site is optimized with the Yoast SEO plugin v27.5 - https:\/\/yoast.com\/product\/yoast-seo-wordpress\/ -->\n<title>Ein Viertel der Erwerbst\u00e4tigen ist gestresst - Save<\/title>\n<meta name=\"description\" content=\"Der Job-Stress-Index von Gesundheitsf\u00f6rderung Schweiz zeigt, dass jeder vierte Erwerbst\u00e4tige am Arbeitsplatz gestresst ist und sich ersch\u00f6pft f\u00fchlt.\" \/>\n<meta name=\"robots\" content=\"index, follow, max-snippet:-1, max-image-preview:large, max-video-preview:-1\" \/>\n<link rel=\"canonical\" href=\"https:\/\/news.save.ch\/fr\/ein-viertel-der-erwerbstaetigen-ist-gestresst\/\" \/>\n<meta property=\"og:locale\" content=\"fr_FR\" \/>\n<meta property=\"og:type\" content=\"article\" \/>\n<meta property=\"og:title\" content=\"Ein Viertel der Erwerbst\u00e4tigen ist gestresst - Save\" \/>\n<meta property=\"og:description\" content=\"Der Job-Stress-Index von Gesundheitsf\u00f6rderung Schweiz zeigt, dass jeder vierte Erwerbst\u00e4tige am Arbeitsplatz gestresst ist und sich ersch\u00f6pft f\u00fchlt.\" \/>\n<meta property=\"og:url\" content=\"https:\/\/news.save.ch\/fr\/ein-viertel-der-erwerbstaetigen-ist-gestresst\/\" \/>\n<meta property=\"og:site_name\" content=\"Save\" \/>\n<meta property=\"article:published_time\" content=\"2016-08-30T08:43:42+00:00\" \/>\n<meta property=\"article:modified_time\" content=\"2023-03-14T08:05:36+00:00\" \/>\n<meta property=\"og:image\" content=\"https:\/\/news.save.ch\/wp-content\/uploads\/2016\/12\/Ein-Viertel-der-Erwerbstaetigen-ist-gestresst_safety-plus-scaled-1.jpg\" \/>\n\t<meta property=\"og:image:width\" content=\"1200\" \/>\n\t<meta property=\"og:image:height\" content=\"833\" \/>\n\t<meta property=\"og:image:type\" content=\"image\/jpeg\" \/>\n<meta name=\"author\" content=\"admin\" \/>\n<meta name=\"twitter:card\" content=\"summary_large_image\" \/>\n<meta name=\"twitter:label1\" content=\"\u00c9crit par\" \/>\n\t<meta name=\"twitter:data1\" content=\"admin\" \/>\n\t<meta name=\"twitter:label2\" content=\"Dur\u00e9e de lecture estim\u00e9e\" \/>\n\t<meta name=\"twitter:data2\" content=\"3 minutes\" \/>\n<script type=\"application\/ld+json\" class=\"yoast-schema-graph\">{\"@context\":\"https:\\\/\\\/schema.org\",\"@graph\":[{\"@type\":\"Article\",\"@id\":\"https:\\\/\\\/news.save.ch\\\/ein-viertel-der-erwerbstaetigen-ist-gestresst\\\/#article\",\"isPartOf\":{\"@id\":\"https:\\\/\\\/news.save.ch\\\/ein-viertel-der-erwerbstaetigen-ist-gestresst\\\/\"},\"author\":{\"name\":\"admin\",\"@id\":\"https:\\\/\\\/news.save.ch\\\/de\\\/#\\\/schema\\\/person\\\/d49e199490bad7c70d64b9ab51142f2b\"},\"headline\":\"Ein Viertel der Erwerbst\u00e4tigen ist gestresst\",\"datePublished\":\"2016-08-30T08:43:42+00:00\",\"dateModified\":\"2023-03-14T08:05:36+00:00\",\"mainEntityOfPage\":{\"@id\":\"https:\\\/\\\/news.save.ch\\\/ein-viertel-der-erwerbstaetigen-ist-gestresst\\\/\"},\"wordCount\":516,\"commentCount\":0,\"publisher\":{\"@id\":\"https:\\\/\\\/news.save.ch\\\/de\\\/#organization\"},\"image\":{\"@id\":\"https:\\\/\\\/news.save.ch\\\/ein-viertel-der-erwerbstaetigen-ist-gestresst\\\/#primaryimage\"},\"thumbnailUrl\":\"https:\\\/\\\/news.save.ch\\\/wp-content\\\/uploads\\\/2016\\\/12\\\/Ein-Viertel-der-Erwerbstaetigen-ist-gestresst_safety-plus-scaled-1.jpg\",\"keywords\":[\"Gesundheitsschutz\",\"Psychische Gesundheit\"],\"articleSection\":[\"HEALTH &amp; SAFETY\"],\"inLanguage\":\"fr-FR\"},{\"@type\":\"WebPage\",\"@id\":\"https:\\\/\\\/news.save.ch\\\/ein-viertel-der-erwerbstaetigen-ist-gestresst\\\/\",\"url\":\"https:\\\/\\\/news.save.ch\\\/ein-viertel-der-erwerbstaetigen-ist-gestresst\\\/\",\"name\":\"Ein Viertel der Erwerbst\u00e4tigen ist gestresst - Save\",\"isPartOf\":{\"@id\":\"https:\\\/\\\/news.save.ch\\\/de\\\/#website\"},\"primaryImageOfPage\":{\"@id\":\"https:\\\/\\\/news.save.ch\\\/ein-viertel-der-erwerbstaetigen-ist-gestresst\\\/#primaryimage\"},\"image\":{\"@id\":\"https:\\\/\\\/news.save.ch\\\/ein-viertel-der-erwerbstaetigen-ist-gestresst\\\/#primaryimage\"},\"thumbnailUrl\":\"https:\\\/\\\/news.save.ch\\\/wp-content\\\/uploads\\\/2016\\\/12\\\/Ein-Viertel-der-Erwerbstaetigen-ist-gestresst_safety-plus-scaled-1.jpg\",\"datePublished\":\"2016-08-30T08:43:42+00:00\",\"dateModified\":\"2023-03-14T08:05:36+00:00\",\"description\":\"Der Job-Stress-Index von Gesundheitsf\u00f6rderung Schweiz zeigt, dass jeder vierte Erwerbst\u00e4tige am Arbeitsplatz gestresst ist und sich ersch\u00f6pft f\u00fchlt.\",\"breadcrumb\":{\"@id\":\"https:\\\/\\\/news.save.ch\\\/ein-viertel-der-erwerbstaetigen-ist-gestresst\\\/#breadcrumb\"},\"inLanguage\":\"fr-FR\",\"potentialAction\":[{\"@type\":\"ReadAction\",\"target\":[\"https:\\\/\\\/news.save.ch\\\/ein-viertel-der-erwerbstaetigen-ist-gestresst\\\/\"]}]},{\"@type\":\"ImageObject\",\"inLanguage\":\"fr-FR\",\"@id\":\"https:\\\/\\\/news.save.ch\\\/ein-viertel-der-erwerbstaetigen-ist-gestresst\\\/#primaryimage\",\"url\":\"https:\\\/\\\/news.save.ch\\\/wp-content\\\/uploads\\\/2016\\\/12\\\/Ein-Viertel-der-Erwerbstaetigen-ist-gestresst_safety-plus-scaled-1.jpg\",\"contentUrl\":\"https:\\\/\\\/news.save.ch\\\/wp-content\\\/uploads\\\/2016\\\/12\\\/Ein-Viertel-der-Erwerbstaetigen-ist-gestresst_safety-plus-scaled-1.jpg\",\"width\":1200,\"height\":833,\"caption\":\"\u00dcberlastete Erwerbst\u00e4tige: Jeder Vierte ist ersch\u00f6pft und gestresst.\"},{\"@type\":\"BreadcrumbList\",\"@id\":\"https:\\\/\\\/news.save.ch\\\/ein-viertel-der-erwerbstaetigen-ist-gestresst\\\/#breadcrumb\",\"itemListElement\":[{\"@type\":\"ListItem\",\"position\":1,\"name\":\"Home\",\"item\":\"https:\\\/\\\/news.save.ch\\\/de\\\/\"},{\"@type\":\"ListItem\",\"position\":2,\"name\":\"Ein Viertel der Erwerbst\u00e4tigen ist gestresst\"}]},{\"@type\":\"WebSite\",\"@id\":\"https:\\\/\\\/news.save.ch\\\/de\\\/#website\",\"url\":\"https:\\\/\\\/news.save.ch\\\/de\\\/\",\"name\":\"Save\",\"description\":\"Schweizer Fachzeitschrift f\u00fcr Sicherheit\",\"publisher\":{\"@id\":\"https:\\\/\\\/news.save.ch\\\/de\\\/#organization\"},\"potentialAction\":[{\"@type\":\"SearchAction\",\"target\":{\"@type\":\"EntryPoint\",\"urlTemplate\":\"https:\\\/\\\/news.save.ch\\\/de\\\/?s={search_term_string}\"},\"query-input\":{\"@type\":\"PropertyValueSpecification\",\"valueRequired\":true,\"valueName\":\"search_term_string\"}}],\"inLanguage\":\"fr-FR\"},{\"@type\":\"Organization\",\"@id\":\"https:\\\/\\\/news.save.ch\\\/de\\\/#organization\",\"name\":\"Sicherheitsforum\",\"url\":\"https:\\\/\\\/news.save.ch\\\/de\\\/\",\"logo\":{\"@type\":\"ImageObject\",\"inLanguage\":\"fr-FR\",\"@id\":\"https:\\\/\\\/news.save.ch\\\/de\\\/#\\\/schema\\\/logo\\\/image\\\/\",\"url\":\"https:\\\/\\\/news.save.ch\\\/wp-content\\\/uploads\\\/2022\\\/06\\\/Logo_SF_2012.png\",\"contentUrl\":\"https:\\\/\\\/news.save.ch\\\/wp-content\\\/uploads\\\/2022\\\/06\\\/Logo_SF_2012.png\",\"width\":1100,\"height\":91,\"caption\":\"Sicherheitsforum\"},\"image\":{\"@id\":\"https:\\\/\\\/news.save.ch\\\/de\\\/#\\\/schema\\\/logo\\\/image\\\/\"}},{\"@type\":\"Person\",\"@id\":\"https:\\\/\\\/news.save.ch\\\/de\\\/#\\\/schema\\\/person\\\/d49e199490bad7c70d64b9ab51142f2b\",\"name\":\"admin\",\"image\":{\"@type\":\"ImageObject\",\"inLanguage\":\"fr-FR\",\"@id\":\"https:\\\/\\\/secure.gravatar.com\\\/avatar\\\/ae2f4d718e6c49043e314ce431e7e645d646302a24a5ef5a8bc8e3f5a032e319?s=96&d=mm&r=g\",\"url\":\"https:\\\/\\\/secure.gravatar.com\\\/avatar\\\/ae2f4d718e6c49043e314ce431e7e645d646302a24a5ef5a8bc8e3f5a032e319?s=96&d=mm&r=g\",\"contentUrl\":\"https:\\\/\\\/secure.gravatar.com\\\/avatar\\\/ae2f4d718e6c49043e314ce431e7e645d646302a24a5ef5a8bc8e3f5a032e319?s=96&d=mm&r=g\",\"caption\":\"admin\"},\"sameAs\":[\"https:\\\/\\\/develop.organisator.galledia.ch\"],\"url\":\"https:\\\/\\\/news.save.ch\\\/fr\\\/author\\\/admin\\\/\"}]}<\/script>\n<!-- \/ Yoast SEO plugin. -->","yoast_head_json":{"title":"Un quart de la population active est stress\u00e9e - Save","description":"Le Job-Stress-Index de Promotion Sant\u00e9 Suisse montre qu'une personne active sur quatre est stress\u00e9e et se sent \u00e9puis\u00e9e au travail.","robots":{"index":"index","follow":"follow","max-snippet":"max-snippet:-1","max-image-preview":"max-image-preview:large","max-video-preview":"max-video-preview:-1"},"canonical":"https:\/\/news.save.ch\/fr\/ein-viertel-der-erwerbstaetigen-ist-gestresst\/","og_locale":"fr_FR","og_type":"article","og_title":"Ein Viertel der Erwerbst\u00e4tigen ist gestresst - Save","og_description":"Der Job-Stress-Index von Gesundheitsf\u00f6rderung Schweiz zeigt, dass jeder vierte Erwerbst\u00e4tige am Arbeitsplatz gestresst ist und sich ersch\u00f6pft f\u00fchlt.","og_url":"https:\/\/news.save.ch\/fr\/ein-viertel-der-erwerbstaetigen-ist-gestresst\/","og_site_name":"Save","article_published_time":"2016-08-30T08:43:42+00:00","article_modified_time":"2023-03-14T08:05:36+00:00","og_image":[{"width":1200,"height":833,"url":"https:\/\/news.save.ch\/wp-content\/uploads\/2016\/12\/Ein-Viertel-der-Erwerbstaetigen-ist-gestresst_safety-plus-scaled-1.jpg","type":"image\/jpeg"}],"author":"admin","twitter_card":"summary_large_image","twitter_misc":{"\u00c9crit par":"admin","Dur\u00e9e de lecture estim\u00e9e":"3 minutes"},"schema":{"@context":"https:\/\/schema.org","@graph":[{"@type":"Article","@id":"https:\/\/news.save.ch\/ein-viertel-der-erwerbstaetigen-ist-gestresst\/#article","isPartOf":{"@id":"https:\/\/news.save.ch\/ein-viertel-der-erwerbstaetigen-ist-gestresst\/"},"author":{"name":"admin","@id":"https:\/\/news.save.ch\/de\/#\/schema\/person\/d49e199490bad7c70d64b9ab51142f2b"},"headline":"Ein Viertel der Erwerbst\u00e4tigen ist gestresst","datePublished":"2016-08-30T08:43:42+00:00","dateModified":"2023-03-14T08:05:36+00:00","mainEntityOfPage":{"@id":"https:\/\/news.save.ch\/ein-viertel-der-erwerbstaetigen-ist-gestresst\/"},"wordCount":516,"commentCount":0,"publisher":{"@id":"https:\/\/news.save.ch\/de\/#organization"},"image":{"@id":"https:\/\/news.save.ch\/ein-viertel-der-erwerbstaetigen-ist-gestresst\/#primaryimage"},"thumbnailUrl":"https:\/\/news.save.ch\/wp-content\/uploads\/2016\/12\/Ein-Viertel-der-Erwerbstaetigen-ist-gestresst_safety-plus-scaled-1.jpg","keywords":["Gesundheitsschutz","Psychische Gesundheit"],"articleSection":["HEALTH &amp; SAFETY"],"inLanguage":"fr-FR"},{"@type":"WebPage","@id":"https:\/\/news.save.ch\/ein-viertel-der-erwerbstaetigen-ist-gestresst\/","url":"https:\/\/news.save.ch\/ein-viertel-der-erwerbstaetigen-ist-gestresst\/","name":"Un quart de la population active est stress\u00e9e - Save","isPartOf":{"@id":"https:\/\/news.save.ch\/de\/#website"},"primaryImageOfPage":{"@id":"https:\/\/news.save.ch\/ein-viertel-der-erwerbstaetigen-ist-gestresst\/#primaryimage"},"image":{"@id":"https:\/\/news.save.ch\/ein-viertel-der-erwerbstaetigen-ist-gestresst\/#primaryimage"},"thumbnailUrl":"https:\/\/news.save.ch\/wp-content\/uploads\/2016\/12\/Ein-Viertel-der-Erwerbstaetigen-ist-gestresst_safety-plus-scaled-1.jpg","datePublished":"2016-08-30T08:43:42+00:00","dateModified":"2023-03-14T08:05:36+00:00","description":"Le Job-Stress-Index de Promotion Sant\u00e9 Suisse montre qu'une personne active sur quatre est stress\u00e9e et se sent \u00e9puis\u00e9e au travail.","breadcrumb":{"@id":"https:\/\/news.save.ch\/ein-viertel-der-erwerbstaetigen-ist-gestresst\/#breadcrumb"},"inLanguage":"fr-FR","potentialAction":[{"@type":"ReadAction","target":["https:\/\/news.save.ch\/ein-viertel-der-erwerbstaetigen-ist-gestresst\/"]}]},{"@type":"ImageObject","inLanguage":"fr-FR","@id":"https:\/\/news.save.ch\/ein-viertel-der-erwerbstaetigen-ist-gestresst\/#primaryimage","url":"https:\/\/news.save.ch\/wp-content\/uploads\/2016\/12\/Ein-Viertel-der-Erwerbstaetigen-ist-gestresst_safety-plus-scaled-1.jpg","contentUrl":"https:\/\/news.save.ch\/wp-content\/uploads\/2016\/12\/Ein-Viertel-der-Erwerbstaetigen-ist-gestresst_safety-plus-scaled-1.jpg","width":1200,"height":833,"caption":"\u00dcberlastete Erwerbst\u00e4tige: Jeder Vierte ist ersch\u00f6pft und gestresst."},{"@type":"BreadcrumbList","@id":"https:\/\/news.save.ch\/ein-viertel-der-erwerbstaetigen-ist-gestresst\/#breadcrumb","itemListElement":[{"@type":"ListItem","position":1,"name":"Home","item":"https:\/\/news.save.ch\/de\/"},{"@type":"ListItem","position":2,"name":"Ein Viertel der Erwerbst\u00e4tigen ist gestresst"}]},{"@type":"WebSite","@id":"https:\/\/news.save.ch\/de\/#website","url":"https:\/\/news.save.ch\/de\/","name":"Save","description":"Revue suisse sp\u00e9cialis\u00e9e dans la s\u00e9curit\u00e9","publisher":{"@id":"https:\/\/news.save.ch\/de\/#organization"},"potentialAction":[{"@type":"SearchAction","target":{"@type":"EntryPoint","urlTemplate":"https:\/\/news.save.ch\/de\/?s={search_term_string}"},"query-input":{"@type":"PropertyValueSpecification","valueRequired":true,"valueName":"search_term_string"}}],"inLanguage":"fr-FR"},{"@type":"Organization","@id":"https:\/\/news.save.ch\/de\/#organization","name":"Forum sur la s\u00e9curit\u00e9","url":"https:\/\/news.save.ch\/de\/","logo":{"@type":"ImageObject","inLanguage":"fr-FR","@id":"https:\/\/news.save.ch\/de\/#\/schema\/logo\/image\/","url":"https:\/\/news.save.ch\/wp-content\/uploads\/2022\/06\/Logo_SF_2012.png","contentUrl":"https:\/\/news.save.ch\/wp-content\/uploads\/2022\/06\/Logo_SF_2012.png","width":1100,"height":91,"caption":"Sicherheitsforum"},"image":{"@id":"https:\/\/news.save.ch\/de\/#\/schema\/logo\/image\/"}},{"@type":"Person","@id":"https:\/\/news.save.ch\/de\/#\/schema\/person\/d49e199490bad7c70d64b9ab51142f2b","name":"admin","image":{"@type":"ImageObject","inLanguage":"fr-FR","@id":"https:\/\/secure.gravatar.com\/avatar\/ae2f4d718e6c49043e314ce431e7e645d646302a24a5ef5a8bc8e3f5a032e319?s=96&d=mm&r=g","url":"https:\/\/secure.gravatar.com\/avatar\/ae2f4d718e6c49043e314ce431e7e645d646302a24a5ef5a8bc8e3f5a032e319?s=96&d=mm&r=g","contentUrl":"https:\/\/secure.gravatar.com\/avatar\/ae2f4d718e6c49043e314ce431e7e645d646302a24a5ef5a8bc8e3f5a032e319?s=96&d=mm&r=g","caption":"admin"},"sameAs":["https:\/\/develop.organisator.galledia.ch"],"url":"https:\/\/news.save.ch\/fr\/author\/admin\/"}]}},"_links":{"self":[{"href":"https:\/\/news.save.ch\/fr\/wp-json\/wp\/v2\/posts\/16767","targetHints":{"allow":["GET"]}}],"collection":[{"href":"https:\/\/news.save.ch\/fr\/wp-json\/wp\/v2\/posts"}],"about":[{"href":"https:\/\/news.save.ch\/fr\/wp-json\/wp\/v2\/types\/post"}],"author":[{"embeddable":true,"href":"https:\/\/news.save.ch\/fr\/wp-json\/wp\/v2\/users\/1"}],"replies":[{"embeddable":true,"href":"https:\/\/news.save.ch\/fr\/wp-json\/wp\/v2\/comments?post=16767"}],"version-history":[{"count":1,"href":"https:\/\/news.save.ch\/fr\/wp-json\/wp\/v2\/posts\/16767\/revisions"}],"predecessor-version":[{"id":18818,"href":"https:\/\/news.save.ch\/fr\/wp-json\/wp\/v2\/posts\/16767\/revisions\/18818"}],"wp:featuredmedia":[{"embeddable":true,"href":"https:\/\/news.save.ch\/fr\/wp-json\/wp\/v2\/media\/1109"}],"wp:attachment":[{"href":"https:\/\/news.save.ch\/fr\/wp-json\/wp\/v2\/media?parent=16767"}],"wp:term":[{"taxonomy":"category","embeddable":true,"href":"https:\/\/news.save.ch\/fr\/wp-json\/wp\/v2\/categories?post=16767"},{"taxonomy":"post_tag","embeddable":true,"href":"https:\/\/news.save.ch\/fr\/wp-json\/wp\/v2\/tags?post=16767"}],"curies":[{"name":"wp","href":"https:\/\/api.w.org\/{rel}","templated":true}]}}