{"id":16773,"date":"2016-09-22T09:50:38","date_gmt":"2016-09-22T07:50:38","guid":{"rendered":"http:\/\/dev.safety-plus.ch\/?p=1204"},"modified":"2023-03-14T09:04:26","modified_gmt":"2023-03-14T08:04:26","slug":"china-und-schweiz-lancieren-zusammenarbeit-im-bereich-arbeitssicherheit","status":null,"type":"post","link":"https:\/\/news.save.ch\/fr\/china-und-schweiz-lancieren-zusammenarbeit-im-bereich-arbeitssicherheit\/","title":{"rendered":"La Chine et la Suisse lancent une coop\u00e9ration dans le domaine de la s\u00e9curit\u00e9 au travail"},"content":{"rendered":"<figure id=\"attachment_1206\" aria-describedby=\"caption-attachment-1206\" style=\"width: 680px\" class=\"wp-caption alignnone\"><img loading=\"lazy\" decoding=\"async\" class=\"wp-image-1206 size-medium\" src=\"http:\/\/develop.safety-plus.ch\/wp-content\/uploads\/2016\/12\/China-und-Schweiz-lancieren-Zusammenarbeit-im-Bereich-Arbeitssicherheit_safety-plus.jpg\" width=\"680\" height=\"453\" srcset=\"https:\/\/news.save.ch\/wp-content\/uploads\/2016\/12\/China-und-Schweiz-lancieren-Zusammenarbeit-im-Bereich-Arbeitssicherheit_safety-plus.jpg 999w, https:\/\/news.save.ch\/wp-content\/uploads\/2016\/12\/China-und-Schweiz-lancieren-Zusammenarbeit-im-Bereich-Arbeitssicherheit_safety-plus-680x453.jpg 680w, https:\/\/news.save.ch\/wp-content\/uploads\/2016\/12\/China-und-Schweiz-lancieren-Zusammenarbeit-im-Bereich-Arbeitssicherheit_safety-plus-768x512.jpg 768w, https:\/\/news.save.ch\/wp-content\/uploads\/2016\/12\/China-und-Schweiz-lancieren-Zusammenarbeit-im-Bereich-Arbeitssicherheit_safety-plus-18x12.jpg 18w, https:\/\/news.save.ch\/wp-content\/uploads\/2016\/12\/China-und-Schweiz-lancieren-Zusammenarbeit-im-Bereich-Arbeitssicherheit_safety-plus-375x250.jpg 375w, https:\/\/news.save.ch\/wp-content\/uploads\/2016\/12\/China-und-Schweiz-lancieren-Zusammenarbeit-im-Bereich-Arbeitssicherheit_safety-plus-525x350.jpg 525w\" sizes=\"auto, (max-width: 680px) 100vw, 680px\" \/><figcaption id=\"caption-attachment-1206\" class=\"wp-caption-text\">Couturi\u00e8res dans une usine chinoise : la Suisse et la Chine veulent coop\u00e9rer plus \u00e9troitement dans le domaine de la s\u00e9curit\u00e9 et de la sant\u00e9 au travail.<\/figcaption><\/figure>\n<p>Le chef de la Direction du travail du Secr\u00e9tariat d'Etat \u00e0 l'\u00e9conomie SECO, Boris Z\u00fcrcher, se rendra en Chine du 26 au 29 septembre 2016 pour mener diff\u00e9rents entretiens bilat\u00e9raux sur des questions de travail et d'emploi et lancer ainsi la coop\u00e9ration entre la Suisse et la Chine dans le domaine de la s\u00e9curit\u00e9 et de la sant\u00e9 au travail.<\/p>\n<p>Boris Z\u00fcrcher r\u00e9pond ainsi \u00e0 une invitation de l'administration chinoise de la s\u00e9curit\u00e9 au travail SAWS (State Administration of Work Safety) adress\u00e9e \u00e0 la Suisse et participe au 8e Forum international sur la s\u00e9curit\u00e9 au travail. Ce forum, organis\u00e9 conjointement par la Chine et l'Organisation internationale du travail (OIT), est principalement consacr\u00e9 \u00e0 la culture de la pr\u00e9vention dans le domaine de la s\u00e9curit\u00e9 et de la sant\u00e9 au travail. Il r\u00e9unit des sp\u00e9cialistes de la s\u00e9curit\u00e9 et de la sant\u00e9 au travail, des hommes d'affaires et des repr\u00e9sentants gouvernementaux de haut niveau de plusieurs pays europ\u00e9ens, des \u00c9tats-Unis et de la Russie.<\/p>\n<p>La d\u00e9l\u00e9gation suisse rencontrera des repr\u00e9sentants de la SAWS et du minist\u00e8re chinois des Ressources humaines et de la S\u00e9curit\u00e9 sociale MoHRSS (Ministry of Human Resources and Social Security) afin de concr\u00e9tiser la mise en \u0153uvre de la coop\u00e9ration bilat\u00e9rale sur les questions de travail et d'emploi dans les ann\u00e9es \u00e0 venir.<\/p>\n<p>Enfin, la d\u00e9l\u00e9gation suisse visitera \u00e9galement des projets de coop\u00e9ration de l'OIT soutenus par la Suisse.<\/p>","protected":false},"excerpt":{"rendered":"<p>Der Leiter der Direktion f\u00fcr Arbeit im Staatssekretariat f\u00fcr Wirtschaft SECO, Boris Z\u00fcrcher, wird vom 26. bis 29. September 2016 in China verschiedene bilaterale Gespr\u00e4che zu Arbeits- und Besch\u00e4ftigungsfragen f\u00fchren und so die Zusammenarbeit zwischen der Schweiz und China im Bereich Sicherheit und Gesundheit am Arbeitsplatz lancieren. Damit kommt Boris Z\u00fcrcher einer Einladung der chinesischen [&hellip;]<\/p>\n","protected":false},"author":1,"featured_media":1206,"comment_status":"open","ping_status":"open","sticky":false,"template":"","format":"standard","meta":{"_acf_changed":false,"pgc_sgb_lightbox_settings":"","footnotes":""},"categories":[3314],"tags":[172,149,141],"class_list":["post-16773","post","type-post","status-publish","format-standard","has-post-thumbnail","hentry","category-health-safety","tag-arbeitssicherheit","tag-gesundheitsschutz","tag-praevention"],"acf":[],"hkrextid":null,"publication":null,"issue":null,"workflow":null,"startPage":null,"spitzmarke":null,"_posts_by_tag_page_fields":{"widget_title":"","widget_tags":""},"_at_widget":"1","_yoast_wpseo_primary_category":"5","_yoast_wpseo_focuskw_text_input":"Arbeitssicherheit","_yoast_wpseo_opengraph-image":null,"_yoast_wpseo_opengraph-description":null,"_yoast_wpseo_opengraph-title":null,"enclosure":null,"_yoast_wpseo_twitter-title":null,"_yoast_wpseo_twitter-description":null,"_yoast_wpseo_twitter-image":null,"_wp_old_slug":null,"_yoast_wpseo_title":null,"_yoast_wpseo_canonical":null,"yoast_head":"<!-- This site is optimized with the Yoast SEO plugin v27.5 - https:\/\/yoast.com\/product\/yoast-seo-wordpress\/ -->\n<title>China und Schweiz lancieren Zusammenarbeit im Bereich Arbeitssicherheit - Save<\/title>\n<meta name=\"description\" content=\"Das Memorandum of Understanding zu Arbeitssicherheit und Gesundheitsschutz am Arbeitsplatz zwischen der Schweiz und China ist Kraft getreten.\" \/>\n<meta name=\"robots\" content=\"index, follow, max-snippet:-1, max-image-preview:large, max-video-preview:-1\" \/>\n<link rel=\"canonical\" href=\"https:\/\/news.save.ch\/fr\/china-und-schweiz-lancieren-zusammenarbeit-im-bereich-arbeitssicherheit\/\" \/>\n<meta property=\"og:locale\" content=\"fr_FR\" \/>\n<meta property=\"og:type\" content=\"article\" \/>\n<meta property=\"og:title\" content=\"China und Schweiz lancieren Zusammenarbeit im Bereich Arbeitssicherheit - Save\" \/>\n<meta property=\"og:description\" content=\"Das Memorandum of Understanding zu Arbeitssicherheit und Gesundheitsschutz am Arbeitsplatz zwischen der Schweiz und China ist Kraft getreten.\" \/>\n<meta property=\"og:url\" content=\"https:\/\/news.save.ch\/fr\/china-und-schweiz-lancieren-zusammenarbeit-im-bereich-arbeitssicherheit\/\" \/>\n<meta property=\"og:site_name\" content=\"Save\" \/>\n<meta property=\"article:published_time\" content=\"2016-09-22T07:50:38+00:00\" \/>\n<meta property=\"article:modified_time\" content=\"2023-03-14T08:04:26+00:00\" \/>\n<meta property=\"og:image\" content=\"https:\/\/news.save.ch\/wp-content\/uploads\/2016\/12\/China-und-Schweiz-lancieren-Zusammenarbeit-im-Bereich-Arbeitssicherheit_safety-plus.jpg\" \/>\n\t<meta property=\"og:image:width\" content=\"999\" \/>\n\t<meta property=\"og:image:height\" content=\"666\" \/>\n\t<meta property=\"og:image:type\" content=\"image\/jpeg\" \/>\n<meta name=\"author\" content=\"admin\" \/>\n<meta name=\"twitter:card\" content=\"summary_large_image\" \/>\n<meta name=\"twitter:label1\" content=\"\u00c9crit par\" \/>\n\t<meta name=\"twitter:data1\" content=\"admin\" \/>\n\t<meta name=\"twitter:label2\" content=\"Dur\u00e9e de lecture estim\u00e9e\" \/>\n\t<meta name=\"twitter:data2\" content=\"1 minute\" \/>\n<script type=\"application\/ld+json\" class=\"yoast-schema-graph\">{\"@context\":\"https:\\\/\\\/schema.org\",\"@graph\":[{\"@type\":\"Article\",\"@id\":\"https:\\\/\\\/news.save.ch\\\/china-und-schweiz-lancieren-zusammenarbeit-im-bereich-arbeitssicherheit\\\/#article\",\"isPartOf\":{\"@id\":\"https:\\\/\\\/news.save.ch\\\/china-und-schweiz-lancieren-zusammenarbeit-im-bereich-arbeitssicherheit\\\/\"},\"author\":{\"name\":\"admin\",\"@id\":\"https:\\\/\\\/news.save.ch\\\/de\\\/#\\\/schema\\\/person\\\/d49e199490bad7c70d64b9ab51142f2b\"},\"headline\":\"China und Schweiz lancieren Zusammenarbeit im Bereich Arbeitssicherheit\",\"datePublished\":\"2016-09-22T07:50:38+00:00\",\"dateModified\":\"2023-03-14T08:04:26+00:00\",\"mainEntityOfPage\":{\"@id\":\"https:\\\/\\\/news.save.ch\\\/china-und-schweiz-lancieren-zusammenarbeit-im-bereich-arbeitssicherheit\\\/\"},\"wordCount\":238,\"commentCount\":0,\"publisher\":{\"@id\":\"https:\\\/\\\/news.save.ch\\\/de\\\/#organization\"},\"image\":{\"@id\":\"https:\\\/\\\/news.save.ch\\\/china-und-schweiz-lancieren-zusammenarbeit-im-bereich-arbeitssicherheit\\\/#primaryimage\"},\"thumbnailUrl\":\"https:\\\/\\\/news.save.ch\\\/wp-content\\\/uploads\\\/2016\\\/12\\\/China-und-Schweiz-lancieren-Zusammenarbeit-im-Bereich-Arbeitssicherheit_safety-plus.jpg\",\"keywords\":[\"Arbeitssicherheit\",\"Gesundheitsschutz\",\"Pr\u00e4vention\"],\"articleSection\":[\"HEALTH &amp; SAFETY\"],\"inLanguage\":\"fr-FR\"},{\"@type\":\"WebPage\",\"@id\":\"https:\\\/\\\/news.save.ch\\\/china-und-schweiz-lancieren-zusammenarbeit-im-bereich-arbeitssicherheit\\\/\",\"url\":\"https:\\\/\\\/news.save.ch\\\/china-und-schweiz-lancieren-zusammenarbeit-im-bereich-arbeitssicherheit\\\/\",\"name\":\"China und Schweiz lancieren Zusammenarbeit im Bereich Arbeitssicherheit - Save\",\"isPartOf\":{\"@id\":\"https:\\\/\\\/news.save.ch\\\/de\\\/#website\"},\"primaryImageOfPage\":{\"@id\":\"https:\\\/\\\/news.save.ch\\\/china-und-schweiz-lancieren-zusammenarbeit-im-bereich-arbeitssicherheit\\\/#primaryimage\"},\"image\":{\"@id\":\"https:\\\/\\\/news.save.ch\\\/china-und-schweiz-lancieren-zusammenarbeit-im-bereich-arbeitssicherheit\\\/#primaryimage\"},\"thumbnailUrl\":\"https:\\\/\\\/news.save.ch\\\/wp-content\\\/uploads\\\/2016\\\/12\\\/China-und-Schweiz-lancieren-Zusammenarbeit-im-Bereich-Arbeitssicherheit_safety-plus.jpg\",\"datePublished\":\"2016-09-22T07:50:38+00:00\",\"dateModified\":\"2023-03-14T08:04:26+00:00\",\"description\":\"Das Memorandum of Understanding zu Arbeitssicherheit und Gesundheitsschutz am Arbeitsplatz zwischen der Schweiz und China ist Kraft getreten.\",\"breadcrumb\":{\"@id\":\"https:\\\/\\\/news.save.ch\\\/china-und-schweiz-lancieren-zusammenarbeit-im-bereich-arbeitssicherheit\\\/#breadcrumb\"},\"inLanguage\":\"fr-FR\",\"potentialAction\":[{\"@type\":\"ReadAction\",\"target\":[\"https:\\\/\\\/news.save.ch\\\/china-und-schweiz-lancieren-zusammenarbeit-im-bereich-arbeitssicherheit\\\/\"]}]},{\"@type\":\"ImageObject\",\"inLanguage\":\"fr-FR\",\"@id\":\"https:\\\/\\\/news.save.ch\\\/china-und-schweiz-lancieren-zusammenarbeit-im-bereich-arbeitssicherheit\\\/#primaryimage\",\"url\":\"https:\\\/\\\/news.save.ch\\\/wp-content\\\/uploads\\\/2016\\\/12\\\/China-und-Schweiz-lancieren-Zusammenarbeit-im-Bereich-Arbeitssicherheit_safety-plus.jpg\",\"contentUrl\":\"https:\\\/\\\/news.save.ch\\\/wp-content\\\/uploads\\\/2016\\\/12\\\/China-und-Schweiz-lancieren-Zusammenarbeit-im-Bereich-Arbeitssicherheit_safety-plus.jpg\",\"width\":999,\"height\":666,\"caption\":\"N\u00e4herinnen in einer chinesischen Fabrik: Die Schweiz und China wollen im Bereich Sicherheit und Gesundheit am Arbeitsplatz enger zusammenarbeiten.\"},{\"@type\":\"BreadcrumbList\",\"@id\":\"https:\\\/\\\/news.save.ch\\\/china-und-schweiz-lancieren-zusammenarbeit-im-bereich-arbeitssicherheit\\\/#breadcrumb\",\"itemListElement\":[{\"@type\":\"ListItem\",\"position\":1,\"name\":\"Home\",\"item\":\"https:\\\/\\\/news.save.ch\\\/de\\\/\"},{\"@type\":\"ListItem\",\"position\":2,\"name\":\"China und Schweiz lancieren Zusammenarbeit im Bereich Arbeitssicherheit\"}]},{\"@type\":\"WebSite\",\"@id\":\"https:\\\/\\\/news.save.ch\\\/de\\\/#website\",\"url\":\"https:\\\/\\\/news.save.ch\\\/de\\\/\",\"name\":\"Save\",\"description\":\"Schweizer Fachzeitschrift f\u00fcr Sicherheit\",\"publisher\":{\"@id\":\"https:\\\/\\\/news.save.ch\\\/de\\\/#organization\"},\"potentialAction\":[{\"@type\":\"SearchAction\",\"target\":{\"@type\":\"EntryPoint\",\"urlTemplate\":\"https:\\\/\\\/news.save.ch\\\/de\\\/?s={search_term_string}\"},\"query-input\":{\"@type\":\"PropertyValueSpecification\",\"valueRequired\":true,\"valueName\":\"search_term_string\"}}],\"inLanguage\":\"fr-FR\"},{\"@type\":\"Organization\",\"@id\":\"https:\\\/\\\/news.save.ch\\\/de\\\/#organization\",\"name\":\"Sicherheitsforum\",\"url\":\"https:\\\/\\\/news.save.ch\\\/de\\\/\",\"logo\":{\"@type\":\"ImageObject\",\"inLanguage\":\"fr-FR\",\"@id\":\"https:\\\/\\\/news.save.ch\\\/de\\\/#\\\/schema\\\/logo\\\/image\\\/\",\"url\":\"https:\\\/\\\/news.save.ch\\\/wp-content\\\/uploads\\\/2022\\\/06\\\/Logo_SF_2012.png\",\"contentUrl\":\"https:\\\/\\\/news.save.ch\\\/wp-content\\\/uploads\\\/2022\\\/06\\\/Logo_SF_2012.png\",\"width\":1100,\"height\":91,\"caption\":\"Sicherheitsforum\"},\"image\":{\"@id\":\"https:\\\/\\\/news.save.ch\\\/de\\\/#\\\/schema\\\/logo\\\/image\\\/\"}},{\"@type\":\"Person\",\"@id\":\"https:\\\/\\\/news.save.ch\\\/de\\\/#\\\/schema\\\/person\\\/d49e199490bad7c70d64b9ab51142f2b\",\"name\":\"admin\",\"image\":{\"@type\":\"ImageObject\",\"inLanguage\":\"fr-FR\",\"@id\":\"https:\\\/\\\/secure.gravatar.com\\\/avatar\\\/ae2f4d718e6c49043e314ce431e7e645d646302a24a5ef5a8bc8e3f5a032e319?s=96&d=mm&r=g\",\"url\":\"https:\\\/\\\/secure.gravatar.com\\\/avatar\\\/ae2f4d718e6c49043e314ce431e7e645d646302a24a5ef5a8bc8e3f5a032e319?s=96&d=mm&r=g\",\"contentUrl\":\"https:\\\/\\\/secure.gravatar.com\\\/avatar\\\/ae2f4d718e6c49043e314ce431e7e645d646302a24a5ef5a8bc8e3f5a032e319?s=96&d=mm&r=g\",\"caption\":\"admin\"},\"sameAs\":[\"https:\\\/\\\/develop.organisator.galledia.ch\"],\"url\":\"https:\\\/\\\/news.save.ch\\\/fr\\\/author\\\/admin\\\/\"}]}<\/script>\n<!-- \/ Yoast SEO plugin. -->","yoast_head_json":{"title":"La Chine et la Suisse lancent une coop\u00e9ration dans le domaine de la s\u00e9curit\u00e9 au travail - Save","description":"Le Memorandum of Understanding sur la s\u00e9curit\u00e9 et la sant\u00e9 au travail entre la Suisse et la Chine est entr\u00e9 en vigueur.","robots":{"index":"index","follow":"follow","max-snippet":"max-snippet:-1","max-image-preview":"max-image-preview:large","max-video-preview":"max-video-preview:-1"},"canonical":"https:\/\/news.save.ch\/fr\/china-und-schweiz-lancieren-zusammenarbeit-im-bereich-arbeitssicherheit\/","og_locale":"fr_FR","og_type":"article","og_title":"China und Schweiz lancieren Zusammenarbeit im Bereich Arbeitssicherheit - Save","og_description":"Das Memorandum of Understanding zu Arbeitssicherheit und Gesundheitsschutz am Arbeitsplatz zwischen der Schweiz und China ist Kraft getreten.","og_url":"https:\/\/news.save.ch\/fr\/china-und-schweiz-lancieren-zusammenarbeit-im-bereich-arbeitssicherheit\/","og_site_name":"Save","article_published_time":"2016-09-22T07:50:38+00:00","article_modified_time":"2023-03-14T08:04:26+00:00","og_image":[{"width":999,"height":666,"url":"https:\/\/news.save.ch\/wp-content\/uploads\/2016\/12\/China-und-Schweiz-lancieren-Zusammenarbeit-im-Bereich-Arbeitssicherheit_safety-plus.jpg","type":"image\/jpeg"}],"author":"admin","twitter_card":"summary_large_image","twitter_misc":{"\u00c9crit par":"admin","Dur\u00e9e de lecture estim\u00e9e":"1 minute"},"schema":{"@context":"https:\/\/schema.org","@graph":[{"@type":"Article","@id":"https:\/\/news.save.ch\/china-und-schweiz-lancieren-zusammenarbeit-im-bereich-arbeitssicherheit\/#article","isPartOf":{"@id":"https:\/\/news.save.ch\/china-und-schweiz-lancieren-zusammenarbeit-im-bereich-arbeitssicherheit\/"},"author":{"name":"admin","@id":"https:\/\/news.save.ch\/de\/#\/schema\/person\/d49e199490bad7c70d64b9ab51142f2b"},"headline":"China und Schweiz lancieren Zusammenarbeit im Bereich Arbeitssicherheit","datePublished":"2016-09-22T07:50:38+00:00","dateModified":"2023-03-14T08:04:26+00:00","mainEntityOfPage":{"@id":"https:\/\/news.save.ch\/china-und-schweiz-lancieren-zusammenarbeit-im-bereich-arbeitssicherheit\/"},"wordCount":238,"commentCount":0,"publisher":{"@id":"https:\/\/news.save.ch\/de\/#organization"},"image":{"@id":"https:\/\/news.save.ch\/china-und-schweiz-lancieren-zusammenarbeit-im-bereich-arbeitssicherheit\/#primaryimage"},"thumbnailUrl":"https:\/\/news.save.ch\/wp-content\/uploads\/2016\/12\/China-und-Schweiz-lancieren-Zusammenarbeit-im-Bereich-Arbeitssicherheit_safety-plus.jpg","keywords":["Arbeitssicherheit","Gesundheitsschutz","Pr\u00e4vention"],"articleSection":["HEALTH &amp; SAFETY"],"inLanguage":"fr-FR"},{"@type":"WebPage","@id":"https:\/\/news.save.ch\/china-und-schweiz-lancieren-zusammenarbeit-im-bereich-arbeitssicherheit\/","url":"https:\/\/news.save.ch\/china-und-schweiz-lancieren-zusammenarbeit-im-bereich-arbeitssicherheit\/","name":"La Chine et la Suisse lancent une coop\u00e9ration dans le domaine de la s\u00e9curit\u00e9 au travail - Save","isPartOf":{"@id":"https:\/\/news.save.ch\/de\/#website"},"primaryImageOfPage":{"@id":"https:\/\/news.save.ch\/china-und-schweiz-lancieren-zusammenarbeit-im-bereich-arbeitssicherheit\/#primaryimage"},"image":{"@id":"https:\/\/news.save.ch\/china-und-schweiz-lancieren-zusammenarbeit-im-bereich-arbeitssicherheit\/#primaryimage"},"thumbnailUrl":"https:\/\/news.save.ch\/wp-content\/uploads\/2016\/12\/China-und-Schweiz-lancieren-Zusammenarbeit-im-Bereich-Arbeitssicherheit_safety-plus.jpg","datePublished":"2016-09-22T07:50:38+00:00","dateModified":"2023-03-14T08:04:26+00:00","description":"Le Memorandum of Understanding sur la s\u00e9curit\u00e9 et la sant\u00e9 au travail entre la Suisse et la Chine est entr\u00e9 en vigueur.","breadcrumb":{"@id":"https:\/\/news.save.ch\/china-und-schweiz-lancieren-zusammenarbeit-im-bereich-arbeitssicherheit\/#breadcrumb"},"inLanguage":"fr-FR","potentialAction":[{"@type":"ReadAction","target":["https:\/\/news.save.ch\/china-und-schweiz-lancieren-zusammenarbeit-im-bereich-arbeitssicherheit\/"]}]},{"@type":"ImageObject","inLanguage":"fr-FR","@id":"https:\/\/news.save.ch\/china-und-schweiz-lancieren-zusammenarbeit-im-bereich-arbeitssicherheit\/#primaryimage","url":"https:\/\/news.save.ch\/wp-content\/uploads\/2016\/12\/China-und-Schweiz-lancieren-Zusammenarbeit-im-Bereich-Arbeitssicherheit_safety-plus.jpg","contentUrl":"https:\/\/news.save.ch\/wp-content\/uploads\/2016\/12\/China-und-Schweiz-lancieren-Zusammenarbeit-im-Bereich-Arbeitssicherheit_safety-plus.jpg","width":999,"height":666,"caption":"N\u00e4herinnen in einer chinesischen Fabrik: Die Schweiz und China wollen im Bereich Sicherheit und Gesundheit am Arbeitsplatz enger zusammenarbeiten."},{"@type":"BreadcrumbList","@id":"https:\/\/news.save.ch\/china-und-schweiz-lancieren-zusammenarbeit-im-bereich-arbeitssicherheit\/#breadcrumb","itemListElement":[{"@type":"ListItem","position":1,"name":"Home","item":"https:\/\/news.save.ch\/de\/"},{"@type":"ListItem","position":2,"name":"China und Schweiz lancieren Zusammenarbeit im Bereich Arbeitssicherheit"}]},{"@type":"WebSite","@id":"https:\/\/news.save.ch\/de\/#website","url":"https:\/\/news.save.ch\/de\/","name":"Save","description":"Revue suisse sp\u00e9cialis\u00e9e dans la s\u00e9curit\u00e9","publisher":{"@id":"https:\/\/news.save.ch\/de\/#organization"},"potentialAction":[{"@type":"SearchAction","target":{"@type":"EntryPoint","urlTemplate":"https:\/\/news.save.ch\/de\/?s={search_term_string}"},"query-input":{"@type":"PropertyValueSpecification","valueRequired":true,"valueName":"search_term_string"}}],"inLanguage":"fr-FR"},{"@type":"Organization","@id":"https:\/\/news.save.ch\/de\/#organization","name":"Forum sur la s\u00e9curit\u00e9","url":"https:\/\/news.save.ch\/de\/","logo":{"@type":"ImageObject","inLanguage":"fr-FR","@id":"https:\/\/news.save.ch\/de\/#\/schema\/logo\/image\/","url":"https:\/\/news.save.ch\/wp-content\/uploads\/2022\/06\/Logo_SF_2012.png","contentUrl":"https:\/\/news.save.ch\/wp-content\/uploads\/2022\/06\/Logo_SF_2012.png","width":1100,"height":91,"caption":"Sicherheitsforum"},"image":{"@id":"https:\/\/news.save.ch\/de\/#\/schema\/logo\/image\/"}},{"@type":"Person","@id":"https:\/\/news.save.ch\/de\/#\/schema\/person\/d49e199490bad7c70d64b9ab51142f2b","name":"admin","image":{"@type":"ImageObject","inLanguage":"fr-FR","@id":"https:\/\/secure.gravatar.com\/avatar\/ae2f4d718e6c49043e314ce431e7e645d646302a24a5ef5a8bc8e3f5a032e319?s=96&d=mm&r=g","url":"https:\/\/secure.gravatar.com\/avatar\/ae2f4d718e6c49043e314ce431e7e645d646302a24a5ef5a8bc8e3f5a032e319?s=96&d=mm&r=g","contentUrl":"https:\/\/secure.gravatar.com\/avatar\/ae2f4d718e6c49043e314ce431e7e645d646302a24a5ef5a8bc8e3f5a032e319?s=96&d=mm&r=g","caption":"admin"},"sameAs":["https:\/\/develop.organisator.galledia.ch"],"url":"https:\/\/news.save.ch\/fr\/author\/admin\/"}]}},"_links":{"self":[{"href":"https:\/\/news.save.ch\/fr\/wp-json\/wp\/v2\/posts\/16773","targetHints":{"allow":["GET"]}}],"collection":[{"href":"https:\/\/news.save.ch\/fr\/wp-json\/wp\/v2\/posts"}],"about":[{"href":"https:\/\/news.save.ch\/fr\/wp-json\/wp\/v2\/types\/post"}],"author":[{"embeddable":true,"href":"https:\/\/news.save.ch\/fr\/wp-json\/wp\/v2\/users\/1"}],"replies":[{"embeddable":true,"href":"https:\/\/news.save.ch\/fr\/wp-json\/wp\/v2\/comments?post=16773"}],"version-history":[{"count":1,"href":"https:\/\/news.save.ch\/fr\/wp-json\/wp\/v2\/posts\/16773\/revisions"}],"predecessor-version":[{"id":18355,"href":"https:\/\/news.save.ch\/fr\/wp-json\/wp\/v2\/posts\/16773\/revisions\/18355"}],"wp:featuredmedia":[{"embeddable":true,"href":"https:\/\/news.save.ch\/fr\/wp-json\/wp\/v2\/media\/1206"}],"wp:attachment":[{"href":"https:\/\/news.save.ch\/fr\/wp-json\/wp\/v2\/media?parent=16773"}],"wp:term":[{"taxonomy":"category","embeddable":true,"href":"https:\/\/news.save.ch\/fr\/wp-json\/wp\/v2\/categories?post=16773"},{"taxonomy":"post_tag","embeddable":true,"href":"https:\/\/news.save.ch\/fr\/wp-json\/wp\/v2\/tags?post=16773"}],"curies":[{"name":"wp","href":"https:\/\/api.w.org\/{rel}","templated":true}]}}