{"id":16775,"date":"2016-09-29T10:13:15","date_gmt":"2016-09-29T08:13:15","guid":{"rendered":"http:\/\/dev.safety-plus.ch\/?p=1225"},"modified":"2016-09-29T10:13:15","modified_gmt":"2016-09-29T08:13:15","slug":"pendeln-beeintraechtigt-produktivitaet","status":null,"type":"post","link":"https:\/\/news.save.ch\/fr\/pendeln-beeintraechtigt-produktivitaet\/","title":{"rendered":"Les d\u00e9placements pendulaires nuisent \u00e0 la productivit\u00e9"},"content":{"rendered":"<figure id=\"attachment_1226\" aria-describedby=\"caption-attachment-1226\" style=\"width: 680px\" class=\"wp-caption alignnone\"><img loading=\"lazy\" decoding=\"async\" class=\"wp-image-1226 size-medium\" src=\"http:\/\/develop.safety-plus.ch\/wp-content\/uploads\/2016\/12\/Pendeln-beeintraechtigt-Produktivitaet_safety-plus.jpg\" width=\"680\" height=\"454\" \/><figcaption id=\"caption-attachment-1226\" class=\"wp-caption-text\">Et les embouteillages sont quotidiens : faire la navette est du temps perdu pour la plupart des gens.<\/figcaption><\/figure>\n<p>Selon une nouvelle \u00e9tude de Regus, fournisseur de solutions d'espace de travail flexible, les employ\u00e9s du monde entier consid\u00e8rent que leur trajet quotidien pour se rendre au bureau et rentrer chez eux nuit \u00e0 leur productivit\u00e9. Pour un grand nombre de personnes interrog\u00e9es, le trajet domicile-travail n'est ni un temps de travail efficace ni un temps de loisir agr\u00e9able, mais plut\u00f4t un obstacle qui les emp\u00eache de se consacrer \u00e0 des activit\u00e9s plus utiles ou plus divertissantes.<\/p>\n<p>Sur les quelque 40.000 participants \u00e0 l'enqu\u00eate, 37 pour cent indiquent qu'ils consid\u00e8rent les d\u00e9placements pendulaires comme inutiles et superflus. 27 % ont m\u00eame une profonde aversion et consid\u00e8rent les trajets domicile-travail comme une perte de leur pr\u00e9cieux temps. Ainsi, pour plus de la moiti\u00e9 des personnes interrog\u00e9es dans le monde, un trajet plus long pourrait \u00eatre remplac\u00e9 par un temps de travail plus productif ou un peu plus de sommeil le matin.<\/p>\n<p><strong>Principaux r\u00e9sultats de l'\u00e9tude<\/strong><\/p>\n<ul>\n<li>Seule une minorit\u00e9 (17 %) des personnes interrog\u00e9es dans le monde consid\u00e8rent les trajets domicile-travail comme du temps de travail utile, tandis que la majorit\u00e9 d'entre elles les consid\u00e8rent comme une contrainte sur le temps de travail ou de loisirs.<\/li>\n<li>Les entreprises devraient donc d\u00e9courager les d\u00e9placements inutiles et aider leurs employ\u00e9s \u00e0 consacrer le temps \u00e9conomis\u00e9 \u00e0 quelque chose de plus productif ou de plus relaxant.<\/li>\n<li>Une petite minorit\u00e9 (19 %) consid\u00e8re le trajet domicile-travail comme un temps personnel pendant lequel ils peuvent lire ou s'informer des derni\u00e8res nouvelles sur leur smartphone.<\/li>\n<\/ul>\n<p>Garry G\u00fcrtler, Country Manager pour la Suisse de Regus : \"Les trajets domicile-travail prennent de plus en plus de temps. Il est d'autant plus bouleversant de constater que, pour la grande majorit\u00e9 d'entre eux, le trajet quotidien pour se rendre au bureau et pour rentrer chez eux constitue une entrave massive \u00e0 leur productivit\u00e9 et qu'ils ne peuvent pas utiliser le temps n\u00e9cessaire \u00e0 cet effet pour leurs affaires personnelles ou pour leurs loisirs\".<\/p>\n<p>\"Aujourd'hui, partout dans le monde, on attend des travailleurs qu'ils soient toujours joignables et connect\u00e9s. Mais en r\u00e9alit\u00e9, il y a quelque chose qui nuit fortement et subtilement \u00e0 leur productivit\u00e9 - c'est leur trajet quotidien. Les entreprises prosp\u00e8res qui souhaitent encourager la productivit\u00e9 de leurs employ\u00e9s et leur accorder plus de temps libre ou un peu plus de sommeil feraient bien de les laisser travailler plus pr\u00e8s de chez eux, au moins de temps en temps\".<\/p>\n<p><em>Source : Regus<\/em><\/p>","protected":false},"excerpt":{"rendered":"<p>Laut einer neuen Studie von Regus, Anbieter von flexiblen Arbeitsrauml\u00f6sungen, betrachten Besch\u00e4ftigte \u00fcberall auf der Welt ihre t\u00e4gliche Fahrt ins B\u00fcro und wieder nach Hause als Beeintr\u00e4chtigung ihrer Produktivit\u00e4t. F\u00fcr eine Vielzahl der Befragten ist der Arbeitsweg weder effektive Arbeits- noch angenehme Freizeit, sondern vielmehr ein Hindernis, um sich n\u00fctzlicheren oder unterhaltsameren Dingen zu widmen. [&hellip;]<\/p>\n","protected":false},"author":1,"featured_media":16144,"comment_status":"open","ping_status":"open","sticky":false,"template":"","format":"standard","meta":{"_acf_changed":false,"pgc_sgb_lightbox_settings":"","footnotes":""},"categories":[1],"tags":[1678,2553,64],"class_list":["post-16775","post","type-post","status-publish","format-standard","has-post-thumbnail","hentry","category-allgemein","tag-arbeitszeit","tag-mobilitaetsmanagement","tag-studie"],"acf":[],"hkrextid":null,"publication":null,"issue":null,"workflow":null,"startPage":null,"spitzmarke":null,"_posts_by_tag_page_fields":{"widget_title":"","widget_tags":""},"_at_widget":"1","_yoast_wpseo_primary_category":"1","_yoast_wpseo_focuskw_text_input":"Pendeln","_yoast_wpseo_opengraph-image":null,"_yoast_wpseo_opengraph-description":null,"_yoast_wpseo_opengraph-title":null,"enclosure":null,"_yoast_wpseo_twitter-title":null,"_yoast_wpseo_twitter-description":null,"_yoast_wpseo_twitter-image":null,"_wp_old_slug":null,"_yoast_wpseo_title":null,"_yoast_wpseo_canonical":null,"yoast_head":"<!-- This site is optimized with the Yoast SEO plugin v27.5 - https:\/\/yoast.com\/product\/yoast-seo-wordpress\/ -->\n<title>Pendeln beeintr\u00e4chtigt Produktivit\u00e4t - Save<\/title>\n<meta name=\"description\" content=\"Pendeln belastet: Laut einer neuen Studie sch\u00e4tzen 37% der Arbeitnehmer, dass die t\u00e4gliche Fahrt zum Arbeitsplatz und zur\u00fcck auf ihre Produktivit\u00e4t schl\u00e4gt.\" \/>\n<meta name=\"robots\" content=\"index, follow, max-snippet:-1, max-image-preview:large, max-video-preview:-1\" \/>\n<link rel=\"canonical\" href=\"https:\/\/news.save.ch\/fr\/pendeln-beeintraechtigt-produktivitaet\/\" \/>\n<meta property=\"og:locale\" content=\"fr_FR\" \/>\n<meta property=\"og:type\" content=\"article\" \/>\n<meta property=\"og:title\" content=\"Pendeln beeintr\u00e4chtigt Produktivit\u00e4t - Save\" \/>\n<meta property=\"og:description\" content=\"Pendeln belastet: Laut einer neuen Studie sch\u00e4tzen 37% der Arbeitnehmer, dass die t\u00e4gliche Fahrt zum Arbeitsplatz und zur\u00fcck auf ihre Produktivit\u00e4t schl\u00e4gt.\" \/>\n<meta property=\"og:url\" content=\"https:\/\/news.save.ch\/fr\/pendeln-beeintraechtigt-produktivitaet\/\" \/>\n<meta property=\"og:site_name\" content=\"Save\" \/>\n<meta property=\"article:published_time\" content=\"2016-09-29T08:13:15+00:00\" \/>\n<meta property=\"og:image\" content=\"https:\/\/news.save.ch\/wp-content\/uploads\/2016\/12\/Pendeln-beeintraechtigt-Produktivitaet_safety-plus.jpg\" \/>\n\t<meta property=\"og:image:width\" content=\"1000\" \/>\n\t<meta property=\"og:image:height\" content=\"667\" \/>\n\t<meta property=\"og:image:type\" content=\"image\/jpeg\" \/>\n<meta name=\"author\" content=\"admin\" \/>\n<meta name=\"twitter:card\" content=\"summary_large_image\" \/>\n<meta name=\"twitter:label1\" content=\"\u00c9crit par\" \/>\n\t<meta name=\"twitter:data1\" content=\"admin\" \/>\n\t<meta name=\"twitter:label2\" content=\"Dur\u00e9e de lecture estim\u00e9e\" \/>\n\t<meta name=\"twitter:data2\" content=\"2 minutes\" \/>\n<script type=\"application\/ld+json\" class=\"yoast-schema-graph\">{\"@context\":\"https:\\\/\\\/schema.org\",\"@graph\":[{\"@type\":\"Article\",\"@id\":\"https:\\\/\\\/news.save.ch\\\/pendeln-beeintraechtigt-produktivitaet\\\/#article\",\"isPartOf\":{\"@id\":\"https:\\\/\\\/news.save.ch\\\/pendeln-beeintraechtigt-produktivitaet\\\/\"},\"author\":{\"name\":\"admin\",\"@id\":\"https:\\\/\\\/news.save.ch\\\/de\\\/#\\\/schema\\\/person\\\/d49e199490bad7c70d64b9ab51142f2b\"},\"headline\":\"Pendeln beeintr\u00e4chtigt Produktivit\u00e4t\",\"datePublished\":\"2016-09-29T08:13:15+00:00\",\"mainEntityOfPage\":{\"@id\":\"https:\\\/\\\/news.save.ch\\\/pendeln-beeintraechtigt-produktivitaet\\\/\"},\"wordCount\":388,\"commentCount\":0,\"publisher\":{\"@id\":\"https:\\\/\\\/news.save.ch\\\/de\\\/#organization\"},\"image\":{\"@id\":\"https:\\\/\\\/news.save.ch\\\/pendeln-beeintraechtigt-produktivitaet\\\/#primaryimage\"},\"thumbnailUrl\":\"https:\\\/\\\/news.save.ch\\\/wp-content\\\/uploads\\\/2016\\\/12\\\/Pendeln-beeintraechtigt-Produktivitaet_safety-plus.jpg\",\"keywords\":[\"Arbeitszeit\",\"Mobilit\u00e4tsmanagement\",\"Studie\"],\"articleSection\":[\"ALLGEMEIN\"],\"inLanguage\":\"fr-FR\"},{\"@type\":\"WebPage\",\"@id\":\"https:\\\/\\\/news.save.ch\\\/pendeln-beeintraechtigt-produktivitaet\\\/\",\"url\":\"https:\\\/\\\/news.save.ch\\\/pendeln-beeintraechtigt-produktivitaet\\\/\",\"name\":\"Pendeln beeintr\u00e4chtigt Produktivit\u00e4t - Save\",\"isPartOf\":{\"@id\":\"https:\\\/\\\/news.save.ch\\\/de\\\/#website\"},\"primaryImageOfPage\":{\"@id\":\"https:\\\/\\\/news.save.ch\\\/pendeln-beeintraechtigt-produktivitaet\\\/#primaryimage\"},\"image\":{\"@id\":\"https:\\\/\\\/news.save.ch\\\/pendeln-beeintraechtigt-produktivitaet\\\/#primaryimage\"},\"thumbnailUrl\":\"https:\\\/\\\/news.save.ch\\\/wp-content\\\/uploads\\\/2016\\\/12\\\/Pendeln-beeintraechtigt-Produktivitaet_safety-plus.jpg\",\"datePublished\":\"2016-09-29T08:13:15+00:00\",\"description\":\"Pendeln belastet: Laut einer neuen Studie sch\u00e4tzen 37% der Arbeitnehmer, dass die t\u00e4gliche Fahrt zum Arbeitsplatz und zur\u00fcck auf ihre Produktivit\u00e4t schl\u00e4gt.\",\"breadcrumb\":{\"@id\":\"https:\\\/\\\/news.save.ch\\\/pendeln-beeintraechtigt-produktivitaet\\\/#breadcrumb\"},\"inLanguage\":\"fr-FR\",\"potentialAction\":[{\"@type\":\"ReadAction\",\"target\":[\"https:\\\/\\\/news.save.ch\\\/pendeln-beeintraechtigt-produktivitaet\\\/\"]}]},{\"@type\":\"ImageObject\",\"inLanguage\":\"fr-FR\",\"@id\":\"https:\\\/\\\/news.save.ch\\\/pendeln-beeintraechtigt-produktivitaet\\\/#primaryimage\",\"url\":\"https:\\\/\\\/news.save.ch\\\/wp-content\\\/uploads\\\/2016\\\/12\\\/Pendeln-beeintraechtigt-Produktivitaet_safety-plus.jpg\",\"contentUrl\":\"https:\\\/\\\/news.save.ch\\\/wp-content\\\/uploads\\\/2016\\\/12\\\/Pendeln-beeintraechtigt-Produktivitaet_safety-plus.jpg\",\"width\":1000,\"height\":667,\"caption\":\"Und t\u00e4glich gr\u00fcsst der Stau: Pendeln ist f\u00fcr die meisten Menschen verlorene Zeit.\"},{\"@type\":\"BreadcrumbList\",\"@id\":\"https:\\\/\\\/news.save.ch\\\/pendeln-beeintraechtigt-produktivitaet\\\/#breadcrumb\",\"itemListElement\":[{\"@type\":\"ListItem\",\"position\":1,\"name\":\"Home\",\"item\":\"https:\\\/\\\/news.save.ch\\\/de\\\/\"},{\"@type\":\"ListItem\",\"position\":2,\"name\":\"Pendeln beeintr\u00e4chtigt Produktivit\u00e4t\"}]},{\"@type\":\"WebSite\",\"@id\":\"https:\\\/\\\/news.save.ch\\\/de\\\/#website\",\"url\":\"https:\\\/\\\/news.save.ch\\\/de\\\/\",\"name\":\"Save\",\"description\":\"Schweizer Fachzeitschrift f\u00fcr Sicherheit\",\"publisher\":{\"@id\":\"https:\\\/\\\/news.save.ch\\\/de\\\/#organization\"},\"potentialAction\":[{\"@type\":\"SearchAction\",\"target\":{\"@type\":\"EntryPoint\",\"urlTemplate\":\"https:\\\/\\\/news.save.ch\\\/de\\\/?s={search_term_string}\"},\"query-input\":{\"@type\":\"PropertyValueSpecification\",\"valueRequired\":true,\"valueName\":\"search_term_string\"}}],\"inLanguage\":\"fr-FR\"},{\"@type\":\"Organization\",\"@id\":\"https:\\\/\\\/news.save.ch\\\/de\\\/#organization\",\"name\":\"Sicherheitsforum\",\"url\":\"https:\\\/\\\/news.save.ch\\\/de\\\/\",\"logo\":{\"@type\":\"ImageObject\",\"inLanguage\":\"fr-FR\",\"@id\":\"https:\\\/\\\/news.save.ch\\\/de\\\/#\\\/schema\\\/logo\\\/image\\\/\",\"url\":\"https:\\\/\\\/news.save.ch\\\/wp-content\\\/uploads\\\/2022\\\/06\\\/Logo_SF_2012.png\",\"contentUrl\":\"https:\\\/\\\/news.save.ch\\\/wp-content\\\/uploads\\\/2022\\\/06\\\/Logo_SF_2012.png\",\"width\":1100,\"height\":91,\"caption\":\"Sicherheitsforum\"},\"image\":{\"@id\":\"https:\\\/\\\/news.save.ch\\\/de\\\/#\\\/schema\\\/logo\\\/image\\\/\"}},{\"@type\":\"Person\",\"@id\":\"https:\\\/\\\/news.save.ch\\\/de\\\/#\\\/schema\\\/person\\\/d49e199490bad7c70d64b9ab51142f2b\",\"name\":\"admin\",\"image\":{\"@type\":\"ImageObject\",\"inLanguage\":\"fr-FR\",\"@id\":\"https:\\\/\\\/secure.gravatar.com\\\/avatar\\\/ae2f4d718e6c49043e314ce431e7e645d646302a24a5ef5a8bc8e3f5a032e319?s=96&d=mm&r=g\",\"url\":\"https:\\\/\\\/secure.gravatar.com\\\/avatar\\\/ae2f4d718e6c49043e314ce431e7e645d646302a24a5ef5a8bc8e3f5a032e319?s=96&d=mm&r=g\",\"contentUrl\":\"https:\\\/\\\/secure.gravatar.com\\\/avatar\\\/ae2f4d718e6c49043e314ce431e7e645d646302a24a5ef5a8bc8e3f5a032e319?s=96&d=mm&r=g\",\"caption\":\"admin\"},\"sameAs\":[\"https:\\\/\\\/develop.organisator.galledia.ch\"],\"url\":\"https:\\\/\\\/news.save.ch\\\/fr\\\/author\\\/admin\\\/\"}]}<\/script>\n<!-- \/ Yoast SEO plugin. -->","yoast_head_json":{"title":"Les d\u00e9placements domicile-travail nuisent \u00e0 la productivit\u00e9 - Save","description":"Les trajets domicile-travail p\u00e8sent : Selon une nouvelle \u00e9tude, 37% des travailleurs estiment que les trajets quotidiens aller-retour entre leur domicile et leur lieu de travail ont un impact sur leur productivit\u00e9.","robots":{"index":"index","follow":"follow","max-snippet":"max-snippet:-1","max-image-preview":"max-image-preview:large","max-video-preview":"max-video-preview:-1"},"canonical":"https:\/\/news.save.ch\/fr\/pendeln-beeintraechtigt-produktivitaet\/","og_locale":"fr_FR","og_type":"article","og_title":"Pendeln beeintr\u00e4chtigt Produktivit\u00e4t - Save","og_description":"Pendeln belastet: Laut einer neuen Studie sch\u00e4tzen 37% der Arbeitnehmer, dass die t\u00e4gliche Fahrt zum Arbeitsplatz und zur\u00fcck auf ihre Produktivit\u00e4t schl\u00e4gt.","og_url":"https:\/\/news.save.ch\/fr\/pendeln-beeintraechtigt-produktivitaet\/","og_site_name":"Save","article_published_time":"2016-09-29T08:13:15+00:00","og_image":[{"width":1000,"height":667,"url":"https:\/\/news.save.ch\/wp-content\/uploads\/2016\/12\/Pendeln-beeintraechtigt-Produktivitaet_safety-plus.jpg","type":"image\/jpeg"}],"author":"admin","twitter_card":"summary_large_image","twitter_misc":{"\u00c9crit par":"admin","Dur\u00e9e de lecture estim\u00e9e":"2 minutes"},"schema":{"@context":"https:\/\/schema.org","@graph":[{"@type":"Article","@id":"https:\/\/news.save.ch\/pendeln-beeintraechtigt-produktivitaet\/#article","isPartOf":{"@id":"https:\/\/news.save.ch\/pendeln-beeintraechtigt-produktivitaet\/"},"author":{"name":"admin","@id":"https:\/\/news.save.ch\/de\/#\/schema\/person\/d49e199490bad7c70d64b9ab51142f2b"},"headline":"Pendeln beeintr\u00e4chtigt Produktivit\u00e4t","datePublished":"2016-09-29T08:13:15+00:00","mainEntityOfPage":{"@id":"https:\/\/news.save.ch\/pendeln-beeintraechtigt-produktivitaet\/"},"wordCount":388,"commentCount":0,"publisher":{"@id":"https:\/\/news.save.ch\/de\/#organization"},"image":{"@id":"https:\/\/news.save.ch\/pendeln-beeintraechtigt-produktivitaet\/#primaryimage"},"thumbnailUrl":"https:\/\/news.save.ch\/wp-content\/uploads\/2016\/12\/Pendeln-beeintraechtigt-Produktivitaet_safety-plus.jpg","keywords":["Arbeitszeit","Mobilit\u00e4tsmanagement","Studie"],"articleSection":["ALLGEMEIN"],"inLanguage":"fr-FR"},{"@type":"WebPage","@id":"https:\/\/news.save.ch\/pendeln-beeintraechtigt-produktivitaet\/","url":"https:\/\/news.save.ch\/pendeln-beeintraechtigt-produktivitaet\/","name":"Les d\u00e9placements domicile-travail nuisent \u00e0 la productivit\u00e9 - Save","isPartOf":{"@id":"https:\/\/news.save.ch\/de\/#website"},"primaryImageOfPage":{"@id":"https:\/\/news.save.ch\/pendeln-beeintraechtigt-produktivitaet\/#primaryimage"},"image":{"@id":"https:\/\/news.save.ch\/pendeln-beeintraechtigt-produktivitaet\/#primaryimage"},"thumbnailUrl":"https:\/\/news.save.ch\/wp-content\/uploads\/2016\/12\/Pendeln-beeintraechtigt-Produktivitaet_safety-plus.jpg","datePublished":"2016-09-29T08:13:15+00:00","description":"Les trajets domicile-travail p\u00e8sent : Selon une nouvelle \u00e9tude, 37% des travailleurs estiment que les trajets quotidiens aller-retour entre leur domicile et leur lieu de travail ont un impact sur leur productivit\u00e9.","breadcrumb":{"@id":"https:\/\/news.save.ch\/pendeln-beeintraechtigt-produktivitaet\/#breadcrumb"},"inLanguage":"fr-FR","potentialAction":[{"@type":"ReadAction","target":["https:\/\/news.save.ch\/pendeln-beeintraechtigt-produktivitaet\/"]}]},{"@type":"ImageObject","inLanguage":"fr-FR","@id":"https:\/\/news.save.ch\/pendeln-beeintraechtigt-produktivitaet\/#primaryimage","url":"https:\/\/news.save.ch\/wp-content\/uploads\/2016\/12\/Pendeln-beeintraechtigt-Produktivitaet_safety-plus.jpg","contentUrl":"https:\/\/news.save.ch\/wp-content\/uploads\/2016\/12\/Pendeln-beeintraechtigt-Produktivitaet_safety-plus.jpg","width":1000,"height":667,"caption":"Und t\u00e4glich gr\u00fcsst der Stau: Pendeln ist f\u00fcr die meisten Menschen verlorene Zeit."},{"@type":"BreadcrumbList","@id":"https:\/\/news.save.ch\/pendeln-beeintraechtigt-produktivitaet\/#breadcrumb","itemListElement":[{"@type":"ListItem","position":1,"name":"Home","item":"https:\/\/news.save.ch\/de\/"},{"@type":"ListItem","position":2,"name":"Pendeln beeintr\u00e4chtigt Produktivit\u00e4t"}]},{"@type":"WebSite","@id":"https:\/\/news.save.ch\/de\/#website","url":"https:\/\/news.save.ch\/de\/","name":"Save","description":"Revue suisse sp\u00e9cialis\u00e9e dans la s\u00e9curit\u00e9","publisher":{"@id":"https:\/\/news.save.ch\/de\/#organization"},"potentialAction":[{"@type":"SearchAction","target":{"@type":"EntryPoint","urlTemplate":"https:\/\/news.save.ch\/de\/?s={search_term_string}"},"query-input":{"@type":"PropertyValueSpecification","valueRequired":true,"valueName":"search_term_string"}}],"inLanguage":"fr-FR"},{"@type":"Organization","@id":"https:\/\/news.save.ch\/de\/#organization","name":"Forum sur la s\u00e9curit\u00e9","url":"https:\/\/news.save.ch\/de\/","logo":{"@type":"ImageObject","inLanguage":"fr-FR","@id":"https:\/\/news.save.ch\/de\/#\/schema\/logo\/image\/","url":"https:\/\/news.save.ch\/wp-content\/uploads\/2022\/06\/Logo_SF_2012.png","contentUrl":"https:\/\/news.save.ch\/wp-content\/uploads\/2022\/06\/Logo_SF_2012.png","width":1100,"height":91,"caption":"Sicherheitsforum"},"image":{"@id":"https:\/\/news.save.ch\/de\/#\/schema\/logo\/image\/"}},{"@type":"Person","@id":"https:\/\/news.save.ch\/de\/#\/schema\/person\/d49e199490bad7c70d64b9ab51142f2b","name":"admin","image":{"@type":"ImageObject","inLanguage":"fr-FR","@id":"https:\/\/secure.gravatar.com\/avatar\/ae2f4d718e6c49043e314ce431e7e645d646302a24a5ef5a8bc8e3f5a032e319?s=96&d=mm&r=g","url":"https:\/\/secure.gravatar.com\/avatar\/ae2f4d718e6c49043e314ce431e7e645d646302a24a5ef5a8bc8e3f5a032e319?s=96&d=mm&r=g","contentUrl":"https:\/\/secure.gravatar.com\/avatar\/ae2f4d718e6c49043e314ce431e7e645d646302a24a5ef5a8bc8e3f5a032e319?s=96&d=mm&r=g","caption":"admin"},"sameAs":["https:\/\/develop.organisator.galledia.ch"],"url":"https:\/\/news.save.ch\/fr\/author\/admin\/"}]}},"_links":{"self":[{"href":"https:\/\/news.save.ch\/fr\/wp-json\/wp\/v2\/posts\/16775","targetHints":{"allow":["GET"]}}],"collection":[{"href":"https:\/\/news.save.ch\/fr\/wp-json\/wp\/v2\/posts"}],"about":[{"href":"https:\/\/news.save.ch\/fr\/wp-json\/wp\/v2\/types\/post"}],"author":[{"embeddable":true,"href":"https:\/\/news.save.ch\/fr\/wp-json\/wp\/v2\/users\/1"}],"replies":[{"embeddable":true,"href":"https:\/\/news.save.ch\/fr\/wp-json\/wp\/v2\/comments?post=16775"}],"version-history":[{"count":0,"href":"https:\/\/news.save.ch\/fr\/wp-json\/wp\/v2\/posts\/16775\/revisions"}],"wp:featuredmedia":[{"embeddable":true,"href":"https:\/\/news.save.ch\/fr\/wp-json\/wp\/v2\/media\/16144"}],"wp:attachment":[{"href":"https:\/\/news.save.ch\/fr\/wp-json\/wp\/v2\/media?parent=16775"}],"wp:term":[{"taxonomy":"category","embeddable":true,"href":"https:\/\/news.save.ch\/fr\/wp-json\/wp\/v2\/categories?post=16775"},{"taxonomy":"post_tag","embeddable":true,"href":"https:\/\/news.save.ch\/fr\/wp-json\/wp\/v2\/tags?post=16775"}],"curies":[{"name":"wp","href":"https:\/\/api.w.org\/{rel}","templated":true}]}}