{"id":16779,"date":"2016-10-14T10:29:56","date_gmt":"2016-10-14T08:29:56","guid":{"rendered":"http:\/\/dev.safety-plus.ch\/?p=1244"},"modified":"2023-03-14T09:01:07","modified_gmt":"2023-03-14T08:01:07","slug":"mehr-anreize-fuer-reintegration","status":null,"type":"post","link":"https:\/\/news.save.ch\/fr\/mehr-anreize-fuer-reintegration\/","title":{"rendered":"Plus d'incitations \u00e0 la r\u00e9int\u00e9gration"},"content":{"rendered":"<figure id=\"attachment_1245\" aria-describedby=\"caption-attachment-1245\" style=\"width: 680px\" class=\"wp-caption alignnone\"><img loading=\"lazy\" decoding=\"async\" class=\"wp-image-1245 size-medium\" src=\"http:\/\/develop.safety-plus.ch\/wp-content\/uploads\/2016\/12\/Mehr-Anreize-fuer-Reintegration_safety-plus.jpg\" width=\"680\" height=\"453\" \/><figcaption id=\"caption-attachment-1245\" class=\"wp-caption-text\">Pour soutenir les entreprises qui mettent \u00e0 disposition des postes de travail adapt\u00e9s aux collaborateurs accident\u00e9s<\/figcaption><\/figure>\n<p>La situation \u00e9conomique actuelle et l'avanc\u00e9e de la num\u00e9risation font qu'il est de plus en plus difficile de r\u00e9int\u00e9grer les travailleurs accident\u00e9s sur le march\u00e9 du travail - surtout s'ils ne sont pas du tout ou peu form\u00e9s. Afin de soutenir les entreprises qui mettent \u00e0 disposition des emplois adapt\u00e9s \u00e0 ces personnes, la Suva lance maintenant le programme \"Incitations \u00e0 la r\u00e9int\u00e9gration en entreprise\".<\/p>\n<p>L'accent est mis sur les personnes qui, apr\u00e8s un accident, ne peuvent plus exercer leur activit\u00e9 initiale ou ne peuvent reprendre leur m\u00e9tier qu'avec un engagement important de leur employeur. L'un des crit\u00e8res est en outre qu'il n'existe aucun droit \u00e0 une mesure professionnelle de l'assurance-invalidit\u00e9 (AI) - que ce soit parce que les personnes concern\u00e9es n'ont pas droit \u00e0 une reconversion sans formation ou parce que l'AI n'intervient pas pour une autre raison. La mise en \u0153uvre du programme se fait toutefois en \u00e9troite collaboration entre la Suva et l'AI.<\/p>\n<p><strong>20 000 francs d'honoraires de r\u00e9sultat<\/strong><\/p>\n<p>D\u00e9sormais, un nombre nettement plus important d'assur\u00e9s ou d'entreprises devraient profiter du syst\u00e8me d'incitation optimis\u00e9. Pour cela, la Suva \u00e9largit ses prestations. A l'avenir, l'offre devrait \u00e9galement concerner les entreprises qui r\u00e9int\u00e8grent leurs propres collaborateurs accident\u00e9s. Jusqu'\u00e0 pr\u00e9sent, le syst\u00e8me d'incitation s'appliquait aux entreprises qui avaient cr\u00e9\u00e9 un poste pour un employ\u00e9 accident\u00e9. En effet, \"nous pr\u00e9f\u00e9rons donner \u00e0 nos assur\u00e9s une perspective plut\u00f4t qu'une rente\", explique Peter Diermann, responsable du secteur des prestations d'assurance \u00e0 la Suva.<\/p>\n<p>Avec le nouveau syst\u00e8me d'incitation, la Suva a la possibilit\u00e9 de prendre en charge les frais de r\u00e9insertion jusqu'\u00e0 20 000 francs. \"Il s'agit par exemple d'adaptations du poste de travail, de frais d'initiation \u00e0 un nouveau poste ou de cours de formation en vue d'un reclassement ou d'un nouvel emploi\", explique Diermann. De plus, en cas de r\u00e9ussite de la mesure, un honoraire de r\u00e9ussite de 20 000 francs peut \u00eatre vers\u00e9. Ces frais n'entra\u00eenent aucune charge de prime pour les entreprises. L'objectif de la Suva est que ces mesures lui permettent de r\u00e9aliser des \u00e9conomies financi\u00e8res.<\/p>\n<p>Le programme \"Incitations \u00e0 la r\u00e9int\u00e9gration dans l'entreprise\" remplace le projet pilote \"Initiative de r\u00e9int\u00e9gration professionnelle\", gr\u00e2ce auquel la Suva a pu r\u00e9int\u00e9grer 180 assur\u00e9s et \u00e9conomiser 30 millions de francs sur les rentes vers\u00e9es au cours des cinq derni\u00e8res ann\u00e9es.<\/p>\n<p><em>Source : Suva<\/em><\/p>","protected":false},"excerpt":{"rendered":"<p>Die aktuelle Wirtschaftslage und die voranschreitende Digitalisierung machen es zunehmend schwierig, verunfallte Arbeitnehmerinnen und Arbeitnehmer in den Arbeitsmarkt zur\u00fcckzuf\u00fchren \u2013 vor allem, wenn diese gar nicht oder nur schlecht ausgebildet sind. Um Unternehmen zu unterst\u00fctzen, die f\u00fcr diese Menschen geeignete Arbeitspl\u00e4tze bereitstellen, lanciert die Suva jetzt das Programm \u00abAnreize f\u00fcr die betriebliche Wiedereingliederung\u00bb. Im Fokus [&hellip;]<\/p>\n","protected":false},"author":1,"featured_media":1245,"comment_status":"open","ping_status":"open","sticky":false,"template":"","format":"standard","meta":{"_acf_changed":false,"pgc_sgb_lightbox_settings":"","footnotes":""},"categories":[1,3314],"tags":[172,167],"class_list":["post-16779","post","type-post","status-publish","format-standard","has-post-thumbnail","hentry","category-allgemein","category-health-safety","tag-arbeitssicherheit","tag-suva"],"acf":[],"hkrextid":null,"publication":null,"issue":null,"workflow":null,"startPage":null,"spitzmarke":null,"_posts_by_tag_page_fields":{"widget_title":"","widget_tags":""},"_at_widget":"1","_yoast_wpseo_primary_category":"5","_yoast_wpseo_focuskw_text_input":"Reintegration","_yoast_wpseo_opengraph-image":null,"_yoast_wpseo_opengraph-description":null,"_yoast_wpseo_opengraph-title":null,"enclosure":null,"_yoast_wpseo_twitter-title":null,"_yoast_wpseo_twitter-description":null,"_yoast_wpseo_twitter-image":null,"_wp_old_slug":null,"_yoast_wpseo_title":null,"_yoast_wpseo_canonical":null,"yoast_head":"<!-- This site is optimized with the Yoast SEO plugin v27.5 - https:\/\/yoast.com\/product\/yoast-seo-wordpress\/ -->\n<title>Mehr Anreize f\u00fcr Reintegration - Save<\/title>\n<meta name=\"description\" content=\"Reintegration: Nach erfolgreichem Pilotversuch baut die Suva ihr Reintegrationsprogramm aus. Damit will sie Arbeitgebern mehr finanzielle Anreize bieten.\" \/>\n<meta name=\"robots\" content=\"index, follow, max-snippet:-1, max-image-preview:large, max-video-preview:-1\" \/>\n<link rel=\"canonical\" href=\"https:\/\/news.save.ch\/fr\/mehr-anreize-fuer-reintegration\/\" \/>\n<meta property=\"og:locale\" content=\"fr_FR\" \/>\n<meta property=\"og:type\" content=\"article\" \/>\n<meta property=\"og:title\" content=\"Mehr Anreize f\u00fcr Reintegration - Save\" \/>\n<meta property=\"og:description\" content=\"Reintegration: Nach erfolgreichem Pilotversuch baut die Suva ihr Reintegrationsprogramm aus. Damit will sie Arbeitgebern mehr finanzielle Anreize bieten.\" \/>\n<meta property=\"og:url\" content=\"https:\/\/news.save.ch\/fr\/mehr-anreize-fuer-reintegration\/\" \/>\n<meta property=\"og:site_name\" content=\"Save\" \/>\n<meta property=\"article:published_time\" content=\"2016-10-14T08:29:56+00:00\" \/>\n<meta property=\"article:modified_time\" content=\"2023-03-14T08:01:07+00:00\" \/>\n<meta property=\"og:image\" content=\"https:\/\/news.save.ch\/wp-content\/uploads\/2016\/12\/Mehr-Anreize-fuer-Reintegration_safety-plus-scaled-1.jpg\" \/>\n\t<meta property=\"og:image:width\" content=\"1200\" \/>\n\t<meta property=\"og:image:height\" content=\"800\" \/>\n\t<meta property=\"og:image:type\" content=\"image\/jpeg\" \/>\n<meta name=\"author\" content=\"admin\" \/>\n<meta name=\"twitter:card\" content=\"summary_large_image\" \/>\n<meta name=\"twitter:label1\" content=\"\u00c9crit par\" \/>\n\t<meta name=\"twitter:data1\" content=\"admin\" \/>\n\t<meta name=\"twitter:label2\" content=\"Dur\u00e9e de lecture estim\u00e9e\" \/>\n\t<meta name=\"twitter:data2\" content=\"2 minutes\" \/>\n<script type=\"application\/ld+json\" class=\"yoast-schema-graph\">{\"@context\":\"https:\\\/\\\/schema.org\",\"@graph\":[{\"@type\":\"Article\",\"@id\":\"https:\\\/\\\/news.save.ch\\\/mehr-anreize-fuer-reintegration\\\/#article\",\"isPartOf\":{\"@id\":\"https:\\\/\\\/news.save.ch\\\/mehr-anreize-fuer-reintegration\\\/\"},\"author\":{\"name\":\"admin\",\"@id\":\"https:\\\/\\\/news.save.ch\\\/de\\\/#\\\/schema\\\/person\\\/d49e199490bad7c70d64b9ab51142f2b\"},\"headline\":\"Mehr Anreize f\u00fcr Reintegration\",\"datePublished\":\"2016-10-14T08:29:56+00:00\",\"dateModified\":\"2023-03-14T08:01:07+00:00\",\"mainEntityOfPage\":{\"@id\":\"https:\\\/\\\/news.save.ch\\\/mehr-anreize-fuer-reintegration\\\/\"},\"wordCount\":355,\"commentCount\":0,\"publisher\":{\"@id\":\"https:\\\/\\\/news.save.ch\\\/de\\\/#organization\"},\"image\":{\"@id\":\"https:\\\/\\\/news.save.ch\\\/mehr-anreize-fuer-reintegration\\\/#primaryimage\"},\"thumbnailUrl\":\"https:\\\/\\\/news.save.ch\\\/wp-content\\\/uploads\\\/2016\\\/12\\\/Mehr-Anreize-fuer-Reintegration_safety-plus-scaled-1.jpg\",\"keywords\":[\"Arbeitssicherheit\",\"SUVA\"],\"articleSection\":[\"ALLGEMEIN\",\"HEALTH &amp; SAFETY\"],\"inLanguage\":\"fr-FR\"},{\"@type\":\"WebPage\",\"@id\":\"https:\\\/\\\/news.save.ch\\\/mehr-anreize-fuer-reintegration\\\/\",\"url\":\"https:\\\/\\\/news.save.ch\\\/mehr-anreize-fuer-reintegration\\\/\",\"name\":\"Mehr Anreize f\u00fcr Reintegration - Save\",\"isPartOf\":{\"@id\":\"https:\\\/\\\/news.save.ch\\\/de\\\/#website\"},\"primaryImageOfPage\":{\"@id\":\"https:\\\/\\\/news.save.ch\\\/mehr-anreize-fuer-reintegration\\\/#primaryimage\"},\"image\":{\"@id\":\"https:\\\/\\\/news.save.ch\\\/mehr-anreize-fuer-reintegration\\\/#primaryimage\"},\"thumbnailUrl\":\"https:\\\/\\\/news.save.ch\\\/wp-content\\\/uploads\\\/2016\\\/12\\\/Mehr-Anreize-fuer-Reintegration_safety-plus-scaled-1.jpg\",\"datePublished\":\"2016-10-14T08:29:56+00:00\",\"dateModified\":\"2023-03-14T08:01:07+00:00\",\"description\":\"Reintegration: Nach erfolgreichem Pilotversuch baut die Suva ihr Reintegrationsprogramm aus. Damit will sie Arbeitgebern mehr finanzielle Anreize bieten.\",\"breadcrumb\":{\"@id\":\"https:\\\/\\\/news.save.ch\\\/mehr-anreize-fuer-reintegration\\\/#breadcrumb\"},\"inLanguage\":\"fr-FR\",\"potentialAction\":[{\"@type\":\"ReadAction\",\"target\":[\"https:\\\/\\\/news.save.ch\\\/mehr-anreize-fuer-reintegration\\\/\"]}]},{\"@type\":\"ImageObject\",\"inLanguage\":\"fr-FR\",\"@id\":\"https:\\\/\\\/news.save.ch\\\/mehr-anreize-fuer-reintegration\\\/#primaryimage\",\"url\":\"https:\\\/\\\/news.save.ch\\\/wp-content\\\/uploads\\\/2016\\\/12\\\/Mehr-Anreize-fuer-Reintegration_safety-plus-scaled-1.jpg\",\"contentUrl\":\"https:\\\/\\\/news.save.ch\\\/wp-content\\\/uploads\\\/2016\\\/12\\\/Mehr-Anreize-fuer-Reintegration_safety-plus-scaled-1.jpg\",\"width\":1200,\"height\":800,\"caption\":\"Um Unternehmen zu unterst\u00fctzen, die f\u00fcr verunfallte Mitarbeitende geeignete Arbeitspl\u00e4tze bereitstellen\"},{\"@type\":\"BreadcrumbList\",\"@id\":\"https:\\\/\\\/news.save.ch\\\/mehr-anreize-fuer-reintegration\\\/#breadcrumb\",\"itemListElement\":[{\"@type\":\"ListItem\",\"position\":1,\"name\":\"Home\",\"item\":\"https:\\\/\\\/news.save.ch\\\/de\\\/\"},{\"@type\":\"ListItem\",\"position\":2,\"name\":\"Mehr Anreize f\u00fcr Reintegration\"}]},{\"@type\":\"WebSite\",\"@id\":\"https:\\\/\\\/news.save.ch\\\/de\\\/#website\",\"url\":\"https:\\\/\\\/news.save.ch\\\/de\\\/\",\"name\":\"Save\",\"description\":\"Schweizer Fachzeitschrift f\u00fcr Sicherheit\",\"publisher\":{\"@id\":\"https:\\\/\\\/news.save.ch\\\/de\\\/#organization\"},\"potentialAction\":[{\"@type\":\"SearchAction\",\"target\":{\"@type\":\"EntryPoint\",\"urlTemplate\":\"https:\\\/\\\/news.save.ch\\\/de\\\/?s={search_term_string}\"},\"query-input\":{\"@type\":\"PropertyValueSpecification\",\"valueRequired\":true,\"valueName\":\"search_term_string\"}}],\"inLanguage\":\"fr-FR\"},{\"@type\":\"Organization\",\"@id\":\"https:\\\/\\\/news.save.ch\\\/de\\\/#organization\",\"name\":\"Sicherheitsforum\",\"url\":\"https:\\\/\\\/news.save.ch\\\/de\\\/\",\"logo\":{\"@type\":\"ImageObject\",\"inLanguage\":\"fr-FR\",\"@id\":\"https:\\\/\\\/news.save.ch\\\/de\\\/#\\\/schema\\\/logo\\\/image\\\/\",\"url\":\"https:\\\/\\\/news.save.ch\\\/wp-content\\\/uploads\\\/2022\\\/06\\\/Logo_SF_2012.png\",\"contentUrl\":\"https:\\\/\\\/news.save.ch\\\/wp-content\\\/uploads\\\/2022\\\/06\\\/Logo_SF_2012.png\",\"width\":1100,\"height\":91,\"caption\":\"Sicherheitsforum\"},\"image\":{\"@id\":\"https:\\\/\\\/news.save.ch\\\/de\\\/#\\\/schema\\\/logo\\\/image\\\/\"}},{\"@type\":\"Person\",\"@id\":\"https:\\\/\\\/news.save.ch\\\/de\\\/#\\\/schema\\\/person\\\/d49e199490bad7c70d64b9ab51142f2b\",\"name\":\"admin\",\"image\":{\"@type\":\"ImageObject\",\"inLanguage\":\"fr-FR\",\"@id\":\"https:\\\/\\\/secure.gravatar.com\\\/avatar\\\/ae2f4d718e6c49043e314ce431e7e645d646302a24a5ef5a8bc8e3f5a032e319?s=96&d=mm&r=g\",\"url\":\"https:\\\/\\\/secure.gravatar.com\\\/avatar\\\/ae2f4d718e6c49043e314ce431e7e645d646302a24a5ef5a8bc8e3f5a032e319?s=96&d=mm&r=g\",\"contentUrl\":\"https:\\\/\\\/secure.gravatar.com\\\/avatar\\\/ae2f4d718e6c49043e314ce431e7e645d646302a24a5ef5a8bc8e3f5a032e319?s=96&d=mm&r=g\",\"caption\":\"admin\"},\"sameAs\":[\"https:\\\/\\\/develop.organisator.galledia.ch\"],\"url\":\"https:\\\/\\\/news.save.ch\\\/fr\\\/author\\\/admin\\\/\"}]}<\/script>\n<!-- \/ Yoast SEO plugin. -->","yoast_head_json":{"title":"Plus d'incitations \u00e0 la r\u00e9int\u00e9gration - Save","description":"R\u00e9int\u00e9gration : Apr\u00e8s un essai pilote concluant, la Suva \u00e9tend son programme de r\u00e9int\u00e9gration. Elle veut ainsi offrir aux employeurs davantage d'incitations financi\u00e8res.","robots":{"index":"index","follow":"follow","max-snippet":"max-snippet:-1","max-image-preview":"max-image-preview:large","max-video-preview":"max-video-preview:-1"},"canonical":"https:\/\/news.save.ch\/fr\/mehr-anreize-fuer-reintegration\/","og_locale":"fr_FR","og_type":"article","og_title":"Mehr Anreize f\u00fcr Reintegration - Save","og_description":"Reintegration: Nach erfolgreichem Pilotversuch baut die Suva ihr Reintegrationsprogramm aus. Damit will sie Arbeitgebern mehr finanzielle Anreize bieten.","og_url":"https:\/\/news.save.ch\/fr\/mehr-anreize-fuer-reintegration\/","og_site_name":"Save","article_published_time":"2016-10-14T08:29:56+00:00","article_modified_time":"2023-03-14T08:01:07+00:00","og_image":[{"width":1200,"height":800,"url":"https:\/\/news.save.ch\/wp-content\/uploads\/2016\/12\/Mehr-Anreize-fuer-Reintegration_safety-plus-scaled-1.jpg","type":"image\/jpeg"}],"author":"admin","twitter_card":"summary_large_image","twitter_misc":{"\u00c9crit par":"admin","Dur\u00e9e de lecture estim\u00e9e":"2 minutes"},"schema":{"@context":"https:\/\/schema.org","@graph":[{"@type":"Article","@id":"https:\/\/news.save.ch\/mehr-anreize-fuer-reintegration\/#article","isPartOf":{"@id":"https:\/\/news.save.ch\/mehr-anreize-fuer-reintegration\/"},"author":{"name":"admin","@id":"https:\/\/news.save.ch\/de\/#\/schema\/person\/d49e199490bad7c70d64b9ab51142f2b"},"headline":"Mehr Anreize f\u00fcr Reintegration","datePublished":"2016-10-14T08:29:56+00:00","dateModified":"2023-03-14T08:01:07+00:00","mainEntityOfPage":{"@id":"https:\/\/news.save.ch\/mehr-anreize-fuer-reintegration\/"},"wordCount":355,"commentCount":0,"publisher":{"@id":"https:\/\/news.save.ch\/de\/#organization"},"image":{"@id":"https:\/\/news.save.ch\/mehr-anreize-fuer-reintegration\/#primaryimage"},"thumbnailUrl":"https:\/\/news.save.ch\/wp-content\/uploads\/2016\/12\/Mehr-Anreize-fuer-Reintegration_safety-plus-scaled-1.jpg","keywords":["Arbeitssicherheit","SUVA"],"articleSection":["ALLGEMEIN","HEALTH &amp; SAFETY"],"inLanguage":"fr-FR"},{"@type":"WebPage","@id":"https:\/\/news.save.ch\/mehr-anreize-fuer-reintegration\/","url":"https:\/\/news.save.ch\/mehr-anreize-fuer-reintegration\/","name":"Plus d'incitations \u00e0 la r\u00e9int\u00e9gration - Save","isPartOf":{"@id":"https:\/\/news.save.ch\/de\/#website"},"primaryImageOfPage":{"@id":"https:\/\/news.save.ch\/mehr-anreize-fuer-reintegration\/#primaryimage"},"image":{"@id":"https:\/\/news.save.ch\/mehr-anreize-fuer-reintegration\/#primaryimage"},"thumbnailUrl":"https:\/\/news.save.ch\/wp-content\/uploads\/2016\/12\/Mehr-Anreize-fuer-Reintegration_safety-plus-scaled-1.jpg","datePublished":"2016-10-14T08:29:56+00:00","dateModified":"2023-03-14T08:01:07+00:00","description":"R\u00e9int\u00e9gration : Apr\u00e8s un essai pilote concluant, la Suva \u00e9tend son programme de r\u00e9int\u00e9gration. Elle veut ainsi offrir aux employeurs davantage d'incitations financi\u00e8res.","breadcrumb":{"@id":"https:\/\/news.save.ch\/mehr-anreize-fuer-reintegration\/#breadcrumb"},"inLanguage":"fr-FR","potentialAction":[{"@type":"ReadAction","target":["https:\/\/news.save.ch\/mehr-anreize-fuer-reintegration\/"]}]},{"@type":"ImageObject","inLanguage":"fr-FR","@id":"https:\/\/news.save.ch\/mehr-anreize-fuer-reintegration\/#primaryimage","url":"https:\/\/news.save.ch\/wp-content\/uploads\/2016\/12\/Mehr-Anreize-fuer-Reintegration_safety-plus-scaled-1.jpg","contentUrl":"https:\/\/news.save.ch\/wp-content\/uploads\/2016\/12\/Mehr-Anreize-fuer-Reintegration_safety-plus-scaled-1.jpg","width":1200,"height":800,"caption":"Um Unternehmen zu unterst\u00fctzen, die f\u00fcr verunfallte Mitarbeitende geeignete Arbeitspl\u00e4tze bereitstellen"},{"@type":"BreadcrumbList","@id":"https:\/\/news.save.ch\/mehr-anreize-fuer-reintegration\/#breadcrumb","itemListElement":[{"@type":"ListItem","position":1,"name":"Home","item":"https:\/\/news.save.ch\/de\/"},{"@type":"ListItem","position":2,"name":"Mehr Anreize f\u00fcr Reintegration"}]},{"@type":"WebSite","@id":"https:\/\/news.save.ch\/de\/#website","url":"https:\/\/news.save.ch\/de\/","name":"Save","description":"Revue suisse sp\u00e9cialis\u00e9e dans la s\u00e9curit\u00e9","publisher":{"@id":"https:\/\/news.save.ch\/de\/#organization"},"potentialAction":[{"@type":"SearchAction","target":{"@type":"EntryPoint","urlTemplate":"https:\/\/news.save.ch\/de\/?s={search_term_string}"},"query-input":{"@type":"PropertyValueSpecification","valueRequired":true,"valueName":"search_term_string"}}],"inLanguage":"fr-FR"},{"@type":"Organization","@id":"https:\/\/news.save.ch\/de\/#organization","name":"Forum sur la s\u00e9curit\u00e9","url":"https:\/\/news.save.ch\/de\/","logo":{"@type":"ImageObject","inLanguage":"fr-FR","@id":"https:\/\/news.save.ch\/de\/#\/schema\/logo\/image\/","url":"https:\/\/news.save.ch\/wp-content\/uploads\/2022\/06\/Logo_SF_2012.png","contentUrl":"https:\/\/news.save.ch\/wp-content\/uploads\/2022\/06\/Logo_SF_2012.png","width":1100,"height":91,"caption":"Sicherheitsforum"},"image":{"@id":"https:\/\/news.save.ch\/de\/#\/schema\/logo\/image\/"}},{"@type":"Person","@id":"https:\/\/news.save.ch\/de\/#\/schema\/person\/d49e199490bad7c70d64b9ab51142f2b","name":"admin","image":{"@type":"ImageObject","inLanguage":"fr-FR","@id":"https:\/\/secure.gravatar.com\/avatar\/ae2f4d718e6c49043e314ce431e7e645d646302a24a5ef5a8bc8e3f5a032e319?s=96&d=mm&r=g","url":"https:\/\/secure.gravatar.com\/avatar\/ae2f4d718e6c49043e314ce431e7e645d646302a24a5ef5a8bc8e3f5a032e319?s=96&d=mm&r=g","contentUrl":"https:\/\/secure.gravatar.com\/avatar\/ae2f4d718e6c49043e314ce431e7e645d646302a24a5ef5a8bc8e3f5a032e319?s=96&d=mm&r=g","caption":"admin"},"sameAs":["https:\/\/develop.organisator.galledia.ch"],"url":"https:\/\/news.save.ch\/fr\/author\/admin\/"}]}},"_links":{"self":[{"href":"https:\/\/news.save.ch\/fr\/wp-json\/wp\/v2\/posts\/16779","targetHints":{"allow":["GET"]}}],"collection":[{"href":"https:\/\/news.save.ch\/fr\/wp-json\/wp\/v2\/posts"}],"about":[{"href":"https:\/\/news.save.ch\/fr\/wp-json\/wp\/v2\/types\/post"}],"author":[{"embeddable":true,"href":"https:\/\/news.save.ch\/fr\/wp-json\/wp\/v2\/users\/1"}],"replies":[{"embeddable":true,"href":"https:\/\/news.save.ch\/fr\/wp-json\/wp\/v2\/comments?post=16779"}],"version-history":[{"count":1,"href":"https:\/\/news.save.ch\/fr\/wp-json\/wp\/v2\/posts\/16779\/revisions"}],"predecessor-version":[{"id":18352,"href":"https:\/\/news.save.ch\/fr\/wp-json\/wp\/v2\/posts\/16779\/revisions\/18352"}],"wp:featuredmedia":[{"embeddable":true,"href":"https:\/\/news.save.ch\/fr\/wp-json\/wp\/v2\/media\/1245"}],"wp:attachment":[{"href":"https:\/\/news.save.ch\/fr\/wp-json\/wp\/v2\/media?parent=16779"}],"wp:term":[{"taxonomy":"category","embeddable":true,"href":"https:\/\/news.save.ch\/fr\/wp-json\/wp\/v2\/categories?post=16779"},{"taxonomy":"post_tag","embeddable":true,"href":"https:\/\/news.save.ch\/fr\/wp-json\/wp\/v2\/tags?post=16779"}],"curies":[{"name":"wp","href":"https:\/\/api.w.org\/{rel}","templated":true}]}}