{"id":16788,"date":"2016-11-20T11:19:50","date_gmt":"2016-11-20T10:19:50","guid":{"rendered":"http:\/\/dev.safety-plus.ch\/?p=1301"},"modified":"2016-11-20T11:19:50","modified_gmt":"2016-11-20T10:19:50","slug":"selbstfahrende-autos-sorgen-um-unfallrisiko","status":null,"type":"post","link":"https:\/\/news.save.ch\/fr\/selbstfahrende-autos-sorgen-um-unfallrisiko\/","title":{"rendered":"Voitures autonomes : les risques d'accident inqui\u00e8tent"},"content":{"rendered":"<figure id=\"attachment_1302\" aria-describedby=\"caption-attachment-1302\" style=\"width: 680px\" class=\"wp-caption alignnone\"><img loading=\"lazy\" decoding=\"async\" class=\"wp-image-1302 size-medium\" src=\"http:\/\/develop.safety-plus.ch\/wp-content\/uploads\/2016\/12\/Selbstfahrende-Autos-Sorgen-um-Unfallrisiko_safety-plus.jpg\" width=\"680\" height=\"544\" srcset=\"https:\/\/news.save.ch\/wp-content\/uploads\/2016\/12\/Selbstfahrende-Autos-Sorgen-um-Unfallrisiko_safety-plus.jpg 1000w, https:\/\/news.save.ch\/wp-content\/uploads\/2016\/12\/Selbstfahrende-Autos-Sorgen-um-Unfallrisiko_safety-plus-680x544.jpg 680w, https:\/\/news.save.ch\/wp-content\/uploads\/2016\/12\/Selbstfahrende-Autos-Sorgen-um-Unfallrisiko_safety-plus-768x614.jpg 768w, https:\/\/news.save.ch\/wp-content\/uploads\/2016\/12\/Selbstfahrende-Autos-Sorgen-um-Unfallrisiko_safety-plus-15x12.jpg 15w, https:\/\/news.save.ch\/wp-content\/uploads\/2016\/12\/Selbstfahrende-Autos-Sorgen-um-Unfallrisiko_safety-plus-375x300.jpg 375w, https:\/\/news.save.ch\/wp-content\/uploads\/2016\/12\/Selbstfahrende-Autos-Sorgen-um-Unfallrisiko_safety-plus-438x350.jpg 438w\" sizes=\"auto, (max-width: 680px) 100vw, 680px\" \/><figcaption id=\"caption-attachment-1302\" class=\"wp-caption-text\">Le trafic du futur : dans cinq ans, les premiers v\u00e9hicules autonomes circuleront-ils d\u00e9j\u00e0 sur les autoroutes suisses ?<\/figcaption><\/figure>\n<p>On attend beaucoup de l'automatisation des v\u00e9hicules : Le trafic routier doit devenir plus performant, plus \u00e9conomique, plus respectueux de l'environnement et surtout plus s\u00fbr. Et effectivement : les syst\u00e8mes d'assistance \u00e0 la conduite actuellement disponibles permettraient d'\u00e9viter la moiti\u00e9 des accidents.<\/p>\n<p>\"Mais si nous parlons d'automobiles qui se conduisent toutes seules, la r\u00e9alit\u00e9 est aujourd'hui diff\u00e9rente\", assure Stefan Siegrist, directeur adjoint du Bureau de pr\u00e9vention des accidents (bpa) : \"Nous nous trouvons au d\u00e9but d'une phase de transition, au cours de laquelle nous devons faire la distinction entre les techniques favorisant la s\u00e9curit\u00e9, comme le freinage automatique dans les situations d'urgence, et les syst\u00e8mes de confort\".<\/p>\n<p>Parmi ces derni\u00e8res, le bpa compte la conduite semi-autonome. Comme la voiture n'est pas encore capable de tout faire, les automobilistes doivent pouvoir prendre le relais \u00e0 tout moment en quelques secondes et ne pas se fier aveugl\u00e9ment \u00e0 la technique. Dans un premier temps, l'homme passe du statut d'automobiliste \u00e0 celui de superviseur. Cela comporte \u00e9galement des dangers, car des possibilit\u00e9s techniques sont d\u00e9sormais d\u00e9velopp\u00e9es sans garantir au pr\u00e9alable que l'homme puisse les utiliser et qu'elles soient vraiment s\u00fbres.<\/p>\n<p>Pour rendre la r\u00e9volution technique plus s\u00fbre, Stefan Siegrist conseille : \"Les autorit\u00e9s doivent refuser l'immatriculation des v\u00e9hicules en cas de doutes sur la s\u00e9curit\u00e9. De plus, les fabricants doivent informer correctement sur les limites des syst\u00e8mes vendus. Et il est \u00e9galement important que les conducteurs de voitures continuent \u00e0 garder les yeux sur la route et les mains sur le volant pendant la p\u00e9riode de transition\".<\/p>\n<p><strong>Le test avec le TCS r\u00e9v\u00e8le encore des lacunes dans les syst\u00e8mes d'assistance \u00e0 la conduite<\/strong><\/p>\n<p>En collaboration avec le TCS <a href=\"https:\/\/safety-plus.hamster.ch\/elektronische-fahrhelfer-ueberzeugen-noch-nicht-ganz\" target=\"_blank\" rel=\"noreferrer noopener\" data-cke-saved-href=\"https:\/\/safety-plus.hamster.ch\/elektronische-fahrhelfer-ueberzeugen-noch-nicht-ganz\">le bpa a test\u00e9 les syst\u00e8mes d'assistance \u00e0 la conduite actuels<\/a> des mod\u00e8les Mercedes Classe E, Tesla Model S et Volvo S90. Il s'av\u00e8re que les syst\u00e8mes test\u00e9s ne sont pas encore arriv\u00e9s \u00e0 maturit\u00e9. D'une part, les innovations techniques contribuent \u00e0 am\u00e9liorer le confort de conduite - ainsi, le r\u00e9gulateur de distance et la reconnaissance des panneaux de signalisation ont convaincu tous les v\u00e9hicules, mais d'autre part, les aides \u00e9lectroniques ne fonctionnent pas toujours de mani\u00e8re fiable. Les avertissements qui doivent attirer l'attention du conducteur sur une situation sont parfois mal per\u00e7us.<\/p>\n<p><strong>Les 5 th\u00e8ses du bpa sur les voitures autonomes<\/strong><\/p>\n<ul>\n<li>Le bpa salue l'\u00e9volution des techniques de s\u00e9curit\u00e9 des v\u00e9hicules. Les syst\u00e8mes d'assistance \u00e0 la conduite actuellement disponibles permettraient d'\u00e9viter la moiti\u00e9 des accidents.<\/li>\n<li>Les syst\u00e8mes d'assistance \u00e0 la conduite actuels sont la pierre angulaire des voitures qui se conduisent toutes seules. Les v\u00e9hicules enti\u00e8rement automatis\u00e9s pr\u00e9sentent de nombreux avantages, par exemple moins de morts et de bless\u00e9s, moins d'embouteillages et un meilleur bilan \u00e9cologique.<\/li>\n<li>Nous sommes encore loin de la conduite autonome. M\u00eame les v\u00e9hicules les plus modernes ont des limites, l'homme reste sollicit\u00e9 et devrait pouvoir reprendre rapidement le volant - mais il ne le peut pas dans tous les cas.<\/li>\n<li>Le bpa craint une augmentation des accidents durant la phase de transition. La technique n'est pas encore \u00e0 la hauteur des situations complexes, la communication avec les autres usagers de la route fait d\u00e9faut et les questions juridiques doivent \u00eatre clarifi\u00e9es.<\/li>\n<li>Le bpa estime que les premi\u00e8res voitures enti\u00e8rement autonomes circuleront en toute s\u00e9curit\u00e9 sur les autoroutes d'ici cinq ans et dans des situations exigeantes d'ici une dizaine d'ann\u00e9es. Ce n'est qu'apr\u00e8s le remplacement complet du parc automobile existant que les avantages pour la s\u00e9curit\u00e9 routi\u00e8re seront maximaux.<\/li>\n<\/ul>\n<p><strong>Source : bpa<\/strong><\/p>","protected":false},"excerpt":{"rendered":"<p>An die Automatisierung der Fahrzeuge werden hohe Erwartungen gekn\u00fcpft: Der Strassenverkehr soll leistungsf\u00e4higer, wirtschaftlicher, umweltvertr\u00e4glicher und nicht zuletzt sicherer werden. Und tats\u00e4chlich: Mit den aktuell verf\u00fcgbaren Fahrassistenzsystemen k\u00f6nnte die H\u00e4lfe aller Unf\u00e4lle verhindert werden. \u00abWenn wir aber von selbstfahrenden Automobilen sprechen, sieht die Realit\u00e4t heute anders aus\u00bb, ist sich Stefan Siegrist, stellvertretender Direktor der Beratungsstelle [&hellip;]<\/p>\n","protected":false},"author":1,"featured_media":1302,"comment_status":"open","ping_status":"open","sticky":false,"template":"","format":"standard","meta":{"_acf_changed":false,"pgc_sgb_lightbox_settings":"","footnotes":""},"categories":[1],"tags":[2553,352],"class_list":["post-16788","post","type-post","status-publish","format-standard","has-post-thumbnail","hentry","category-allgemein","tag-mobilitaetsmanagement","tag-verkehrssicherheit"],"acf":[],"hkrextid":null,"publication":null,"issue":null,"workflow":null,"startPage":null,"spitzmarke":null,"_posts_by_tag_page_fields":{"widget_title":"","widget_tags":""},"_at_widget":"1","_yoast_wpseo_primary_category":"1","_yoast_wpseo_focuskw_text_input":"Selbstfahrende Autos","_yoast_wpseo_opengraph-image":null,"_yoast_wpseo_opengraph-description":null,"_yoast_wpseo_opengraph-title":null,"enclosure":null,"_yoast_wpseo_twitter-title":null,"_yoast_wpseo_twitter-description":null,"_yoast_wpseo_twitter-image":null,"_wp_old_slug":null,"_yoast_wpseo_title":null,"_yoast_wpseo_canonical":null,"yoast_head":"<!-- This site is optimized with the Yoast SEO plugin v27.5 - https:\/\/yoast.com\/product\/yoast-seo-wordpress\/ -->\n<title>Selbstfahrende Autos: Sorgen um Unfallrisiko - Save<\/title>\n<meta name=\"description\" content=\"Selbstfahrende Autos sollen die Unfallursache Mensch eliminieren und so den Verkehr sicherer machen.\" \/>\n<meta name=\"robots\" content=\"index, follow, max-snippet:-1, max-image-preview:large, max-video-preview:-1\" \/>\n<link rel=\"canonical\" href=\"https:\/\/news.save.ch\/fr\/selbstfahrende-autos-sorgen-um-unfallrisiko\/\" \/>\n<meta property=\"og:locale\" content=\"fr_FR\" \/>\n<meta property=\"og:type\" content=\"article\" \/>\n<meta property=\"og:title\" content=\"Selbstfahrende Autos: Sorgen um Unfallrisiko - Save\" \/>\n<meta property=\"og:description\" content=\"Selbstfahrende Autos sollen die Unfallursache Mensch eliminieren und so den Verkehr sicherer machen.\" \/>\n<meta property=\"og:url\" content=\"https:\/\/news.save.ch\/fr\/selbstfahrende-autos-sorgen-um-unfallrisiko\/\" \/>\n<meta property=\"og:site_name\" content=\"Save\" \/>\n<meta property=\"article:published_time\" content=\"2016-11-20T10:19:50+00:00\" \/>\n<meta property=\"og:image\" content=\"https:\/\/news.save.ch\/wp-content\/uploads\/2016\/12\/Selbstfahrende-Autos-Sorgen-um-Unfallrisiko_safety-plus.jpg\" \/>\n\t<meta property=\"og:image:width\" content=\"1000\" \/>\n\t<meta property=\"og:image:height\" content=\"800\" \/>\n\t<meta property=\"og:image:type\" content=\"image\/jpeg\" \/>\n<meta name=\"author\" content=\"admin\" \/>\n<meta name=\"twitter:card\" content=\"summary_large_image\" \/>\n<meta name=\"twitter:label1\" content=\"\u00c9crit par\" \/>\n\t<meta name=\"twitter:data1\" content=\"admin\" \/>\n\t<meta name=\"twitter:label2\" content=\"Dur\u00e9e de lecture estim\u00e9e\" \/>\n\t<meta name=\"twitter:data2\" content=\"3 minutes\" \/>\n<script type=\"application\/ld+json\" class=\"yoast-schema-graph\">{\"@context\":\"https:\\\/\\\/schema.org\",\"@graph\":[{\"@type\":\"Article\",\"@id\":\"https:\\\/\\\/news.save.ch\\\/selbstfahrende-autos-sorgen-um-unfallrisiko\\\/#article\",\"isPartOf\":{\"@id\":\"https:\\\/\\\/news.save.ch\\\/selbstfahrende-autos-sorgen-um-unfallrisiko\\\/\"},\"author\":{\"name\":\"admin\",\"@id\":\"https:\\\/\\\/news.save.ch\\\/de\\\/#\\\/schema\\\/person\\\/d49e199490bad7c70d64b9ab51142f2b\"},\"headline\":\"Selbstfahrende Autos: Sorgen um Unfallrisiko\",\"datePublished\":\"2016-11-20T10:19:50+00:00\",\"mainEntityOfPage\":{\"@id\":\"https:\\\/\\\/news.save.ch\\\/selbstfahrende-autos-sorgen-um-unfallrisiko\\\/\"},\"wordCount\":522,\"commentCount\":0,\"publisher\":{\"@id\":\"https:\\\/\\\/news.save.ch\\\/de\\\/#organization\"},\"image\":{\"@id\":\"https:\\\/\\\/news.save.ch\\\/selbstfahrende-autos-sorgen-um-unfallrisiko\\\/#primaryimage\"},\"thumbnailUrl\":\"https:\\\/\\\/news.save.ch\\\/wp-content\\\/uploads\\\/2016\\\/12\\\/Selbstfahrende-Autos-Sorgen-um-Unfallrisiko_safety-plus.jpg\",\"keywords\":[\"Mobilit\u00e4tsmanagement\",\"Verkehrssicherheit\"],\"articleSection\":[\"ALLGEMEIN\"],\"inLanguage\":\"fr-FR\"},{\"@type\":\"WebPage\",\"@id\":\"https:\\\/\\\/news.save.ch\\\/selbstfahrende-autos-sorgen-um-unfallrisiko\\\/\",\"url\":\"https:\\\/\\\/news.save.ch\\\/selbstfahrende-autos-sorgen-um-unfallrisiko\\\/\",\"name\":\"Selbstfahrende Autos: Sorgen um Unfallrisiko - Save\",\"isPartOf\":{\"@id\":\"https:\\\/\\\/news.save.ch\\\/de\\\/#website\"},\"primaryImageOfPage\":{\"@id\":\"https:\\\/\\\/news.save.ch\\\/selbstfahrende-autos-sorgen-um-unfallrisiko\\\/#primaryimage\"},\"image\":{\"@id\":\"https:\\\/\\\/news.save.ch\\\/selbstfahrende-autos-sorgen-um-unfallrisiko\\\/#primaryimage\"},\"thumbnailUrl\":\"https:\\\/\\\/news.save.ch\\\/wp-content\\\/uploads\\\/2016\\\/12\\\/Selbstfahrende-Autos-Sorgen-um-Unfallrisiko_safety-plus.jpg\",\"datePublished\":\"2016-11-20T10:19:50+00:00\",\"description\":\"Selbstfahrende Autos sollen die Unfallursache Mensch eliminieren und so den Verkehr sicherer machen.\",\"breadcrumb\":{\"@id\":\"https:\\\/\\\/news.save.ch\\\/selbstfahrende-autos-sorgen-um-unfallrisiko\\\/#breadcrumb\"},\"inLanguage\":\"fr-FR\",\"potentialAction\":[{\"@type\":\"ReadAction\",\"target\":[\"https:\\\/\\\/news.save.ch\\\/selbstfahrende-autos-sorgen-um-unfallrisiko\\\/\"]}]},{\"@type\":\"ImageObject\",\"inLanguage\":\"fr-FR\",\"@id\":\"https:\\\/\\\/news.save.ch\\\/selbstfahrende-autos-sorgen-um-unfallrisiko\\\/#primaryimage\",\"url\":\"https:\\\/\\\/news.save.ch\\\/wp-content\\\/uploads\\\/2016\\\/12\\\/Selbstfahrende-Autos-Sorgen-um-Unfallrisiko_safety-plus.jpg\",\"contentUrl\":\"https:\\\/\\\/news.save.ch\\\/wp-content\\\/uploads\\\/2016\\\/12\\\/Selbstfahrende-Autos-Sorgen-um-Unfallrisiko_safety-plus.jpg\",\"width\":1000,\"height\":800,\"caption\":\"Der Verkehr der Zukunft: Fahren in f\u00fcnf Jahren bereits die ersten autonomen Fahrzeuge auf den Schweizer Autobahnen?\"},{\"@type\":\"BreadcrumbList\",\"@id\":\"https:\\\/\\\/news.save.ch\\\/selbstfahrende-autos-sorgen-um-unfallrisiko\\\/#breadcrumb\",\"itemListElement\":[{\"@type\":\"ListItem\",\"position\":1,\"name\":\"Home\",\"item\":\"https:\\\/\\\/news.save.ch\\\/de\\\/\"},{\"@type\":\"ListItem\",\"position\":2,\"name\":\"Selbstfahrende Autos: Sorgen um Unfallrisiko\"}]},{\"@type\":\"WebSite\",\"@id\":\"https:\\\/\\\/news.save.ch\\\/de\\\/#website\",\"url\":\"https:\\\/\\\/news.save.ch\\\/de\\\/\",\"name\":\"Save\",\"description\":\"Schweizer Fachzeitschrift f\u00fcr Sicherheit\",\"publisher\":{\"@id\":\"https:\\\/\\\/news.save.ch\\\/de\\\/#organization\"},\"potentialAction\":[{\"@type\":\"SearchAction\",\"target\":{\"@type\":\"EntryPoint\",\"urlTemplate\":\"https:\\\/\\\/news.save.ch\\\/de\\\/?s={search_term_string}\"},\"query-input\":{\"@type\":\"PropertyValueSpecification\",\"valueRequired\":true,\"valueName\":\"search_term_string\"}}],\"inLanguage\":\"fr-FR\"},{\"@type\":\"Organization\",\"@id\":\"https:\\\/\\\/news.save.ch\\\/de\\\/#organization\",\"name\":\"Sicherheitsforum\",\"url\":\"https:\\\/\\\/news.save.ch\\\/de\\\/\",\"logo\":{\"@type\":\"ImageObject\",\"inLanguage\":\"fr-FR\",\"@id\":\"https:\\\/\\\/news.save.ch\\\/de\\\/#\\\/schema\\\/logo\\\/image\\\/\",\"url\":\"https:\\\/\\\/news.save.ch\\\/wp-content\\\/uploads\\\/2022\\\/06\\\/Logo_SF_2012.png\",\"contentUrl\":\"https:\\\/\\\/news.save.ch\\\/wp-content\\\/uploads\\\/2022\\\/06\\\/Logo_SF_2012.png\",\"width\":1100,\"height\":91,\"caption\":\"Sicherheitsforum\"},\"image\":{\"@id\":\"https:\\\/\\\/news.save.ch\\\/de\\\/#\\\/schema\\\/logo\\\/image\\\/\"}},{\"@type\":\"Person\",\"@id\":\"https:\\\/\\\/news.save.ch\\\/de\\\/#\\\/schema\\\/person\\\/d49e199490bad7c70d64b9ab51142f2b\",\"name\":\"admin\",\"image\":{\"@type\":\"ImageObject\",\"inLanguage\":\"fr-FR\",\"@id\":\"https:\\\/\\\/secure.gravatar.com\\\/avatar\\\/ae2f4d718e6c49043e314ce431e7e645d646302a24a5ef5a8bc8e3f5a032e319?s=96&d=mm&r=g\",\"url\":\"https:\\\/\\\/secure.gravatar.com\\\/avatar\\\/ae2f4d718e6c49043e314ce431e7e645d646302a24a5ef5a8bc8e3f5a032e319?s=96&d=mm&r=g\",\"contentUrl\":\"https:\\\/\\\/secure.gravatar.com\\\/avatar\\\/ae2f4d718e6c49043e314ce431e7e645d646302a24a5ef5a8bc8e3f5a032e319?s=96&d=mm&r=g\",\"caption\":\"admin\"},\"sameAs\":[\"https:\\\/\\\/develop.organisator.galledia.ch\"],\"url\":\"https:\\\/\\\/news.save.ch\\\/fr\\\/author\\\/admin\\\/\"}]}<\/script>\n<!-- \/ Yoast SEO plugin. -->","yoast_head_json":{"title":"Voitures autonomes : les risques d'accident inqui\u00e8tent - Save","description":"Les voitures autopilot\u00e9es doivent \u00e9liminer la cause humaine des accidents et rendre ainsi la circulation plus s\u00fbre.","robots":{"index":"index","follow":"follow","max-snippet":"max-snippet:-1","max-image-preview":"max-image-preview:large","max-video-preview":"max-video-preview:-1"},"canonical":"https:\/\/news.save.ch\/fr\/selbstfahrende-autos-sorgen-um-unfallrisiko\/","og_locale":"fr_FR","og_type":"article","og_title":"Selbstfahrende Autos: Sorgen um Unfallrisiko - Save","og_description":"Selbstfahrende Autos sollen die Unfallursache Mensch eliminieren und so den Verkehr sicherer machen.","og_url":"https:\/\/news.save.ch\/fr\/selbstfahrende-autos-sorgen-um-unfallrisiko\/","og_site_name":"Save","article_published_time":"2016-11-20T10:19:50+00:00","og_image":[{"width":1000,"height":800,"url":"https:\/\/news.save.ch\/wp-content\/uploads\/2016\/12\/Selbstfahrende-Autos-Sorgen-um-Unfallrisiko_safety-plus.jpg","type":"image\/jpeg"}],"author":"admin","twitter_card":"summary_large_image","twitter_misc":{"\u00c9crit par":"admin","Dur\u00e9e de lecture estim\u00e9e":"3 minutes"},"schema":{"@context":"https:\/\/schema.org","@graph":[{"@type":"Article","@id":"https:\/\/news.save.ch\/selbstfahrende-autos-sorgen-um-unfallrisiko\/#article","isPartOf":{"@id":"https:\/\/news.save.ch\/selbstfahrende-autos-sorgen-um-unfallrisiko\/"},"author":{"name":"admin","@id":"https:\/\/news.save.ch\/de\/#\/schema\/person\/d49e199490bad7c70d64b9ab51142f2b"},"headline":"Selbstfahrende Autos: Sorgen um Unfallrisiko","datePublished":"2016-11-20T10:19:50+00:00","mainEntityOfPage":{"@id":"https:\/\/news.save.ch\/selbstfahrende-autos-sorgen-um-unfallrisiko\/"},"wordCount":522,"commentCount":0,"publisher":{"@id":"https:\/\/news.save.ch\/de\/#organization"},"image":{"@id":"https:\/\/news.save.ch\/selbstfahrende-autos-sorgen-um-unfallrisiko\/#primaryimage"},"thumbnailUrl":"https:\/\/news.save.ch\/wp-content\/uploads\/2016\/12\/Selbstfahrende-Autos-Sorgen-um-Unfallrisiko_safety-plus.jpg","keywords":["Mobilit\u00e4tsmanagement","Verkehrssicherheit"],"articleSection":["ALLGEMEIN"],"inLanguage":"fr-FR"},{"@type":"WebPage","@id":"https:\/\/news.save.ch\/selbstfahrende-autos-sorgen-um-unfallrisiko\/","url":"https:\/\/news.save.ch\/selbstfahrende-autos-sorgen-um-unfallrisiko\/","name":"Voitures autonomes : les risques d'accident inqui\u00e8tent - Save","isPartOf":{"@id":"https:\/\/news.save.ch\/de\/#website"},"primaryImageOfPage":{"@id":"https:\/\/news.save.ch\/selbstfahrende-autos-sorgen-um-unfallrisiko\/#primaryimage"},"image":{"@id":"https:\/\/news.save.ch\/selbstfahrende-autos-sorgen-um-unfallrisiko\/#primaryimage"},"thumbnailUrl":"https:\/\/news.save.ch\/wp-content\/uploads\/2016\/12\/Selbstfahrende-Autos-Sorgen-um-Unfallrisiko_safety-plus.jpg","datePublished":"2016-11-20T10:19:50+00:00","description":"Les voitures autopilot\u00e9es doivent \u00e9liminer la cause humaine des accidents et rendre ainsi la circulation plus s\u00fbre.","breadcrumb":{"@id":"https:\/\/news.save.ch\/selbstfahrende-autos-sorgen-um-unfallrisiko\/#breadcrumb"},"inLanguage":"fr-FR","potentialAction":[{"@type":"ReadAction","target":["https:\/\/news.save.ch\/selbstfahrende-autos-sorgen-um-unfallrisiko\/"]}]},{"@type":"ImageObject","inLanguage":"fr-FR","@id":"https:\/\/news.save.ch\/selbstfahrende-autos-sorgen-um-unfallrisiko\/#primaryimage","url":"https:\/\/news.save.ch\/wp-content\/uploads\/2016\/12\/Selbstfahrende-Autos-Sorgen-um-Unfallrisiko_safety-plus.jpg","contentUrl":"https:\/\/news.save.ch\/wp-content\/uploads\/2016\/12\/Selbstfahrende-Autos-Sorgen-um-Unfallrisiko_safety-plus.jpg","width":1000,"height":800,"caption":"Der Verkehr der Zukunft: Fahren in f\u00fcnf Jahren bereits die ersten autonomen Fahrzeuge auf den Schweizer Autobahnen?"},{"@type":"BreadcrumbList","@id":"https:\/\/news.save.ch\/selbstfahrende-autos-sorgen-um-unfallrisiko\/#breadcrumb","itemListElement":[{"@type":"ListItem","position":1,"name":"Home","item":"https:\/\/news.save.ch\/de\/"},{"@type":"ListItem","position":2,"name":"Selbstfahrende Autos: Sorgen um Unfallrisiko"}]},{"@type":"WebSite","@id":"https:\/\/news.save.ch\/de\/#website","url":"https:\/\/news.save.ch\/de\/","name":"Save","description":"Revue suisse sp\u00e9cialis\u00e9e dans la s\u00e9curit\u00e9","publisher":{"@id":"https:\/\/news.save.ch\/de\/#organization"},"potentialAction":[{"@type":"SearchAction","target":{"@type":"EntryPoint","urlTemplate":"https:\/\/news.save.ch\/de\/?s={search_term_string}"},"query-input":{"@type":"PropertyValueSpecification","valueRequired":true,"valueName":"search_term_string"}}],"inLanguage":"fr-FR"},{"@type":"Organization","@id":"https:\/\/news.save.ch\/de\/#organization","name":"Forum sur la s\u00e9curit\u00e9","url":"https:\/\/news.save.ch\/de\/","logo":{"@type":"ImageObject","inLanguage":"fr-FR","@id":"https:\/\/news.save.ch\/de\/#\/schema\/logo\/image\/","url":"https:\/\/news.save.ch\/wp-content\/uploads\/2022\/06\/Logo_SF_2012.png","contentUrl":"https:\/\/news.save.ch\/wp-content\/uploads\/2022\/06\/Logo_SF_2012.png","width":1100,"height":91,"caption":"Sicherheitsforum"},"image":{"@id":"https:\/\/news.save.ch\/de\/#\/schema\/logo\/image\/"}},{"@type":"Person","@id":"https:\/\/news.save.ch\/de\/#\/schema\/person\/d49e199490bad7c70d64b9ab51142f2b","name":"admin","image":{"@type":"ImageObject","inLanguage":"fr-FR","@id":"https:\/\/secure.gravatar.com\/avatar\/ae2f4d718e6c49043e314ce431e7e645d646302a24a5ef5a8bc8e3f5a032e319?s=96&d=mm&r=g","url":"https:\/\/secure.gravatar.com\/avatar\/ae2f4d718e6c49043e314ce431e7e645d646302a24a5ef5a8bc8e3f5a032e319?s=96&d=mm&r=g","contentUrl":"https:\/\/secure.gravatar.com\/avatar\/ae2f4d718e6c49043e314ce431e7e645d646302a24a5ef5a8bc8e3f5a032e319?s=96&d=mm&r=g","caption":"admin"},"sameAs":["https:\/\/develop.organisator.galledia.ch"],"url":"https:\/\/news.save.ch\/fr\/author\/admin\/"}]}},"_links":{"self":[{"href":"https:\/\/news.save.ch\/fr\/wp-json\/wp\/v2\/posts\/16788","targetHints":{"allow":["GET"]}}],"collection":[{"href":"https:\/\/news.save.ch\/fr\/wp-json\/wp\/v2\/posts"}],"about":[{"href":"https:\/\/news.save.ch\/fr\/wp-json\/wp\/v2\/types\/post"}],"author":[{"embeddable":true,"href":"https:\/\/news.save.ch\/fr\/wp-json\/wp\/v2\/users\/1"}],"replies":[{"embeddable":true,"href":"https:\/\/news.save.ch\/fr\/wp-json\/wp\/v2\/comments?post=16788"}],"version-history":[{"count":0,"href":"https:\/\/news.save.ch\/fr\/wp-json\/wp\/v2\/posts\/16788\/revisions"}],"wp:featuredmedia":[{"embeddable":true,"href":"https:\/\/news.save.ch\/fr\/wp-json\/wp\/v2\/media\/1302"}],"wp:attachment":[{"href":"https:\/\/news.save.ch\/fr\/wp-json\/wp\/v2\/media?parent=16788"}],"wp:term":[{"taxonomy":"category","embeddable":true,"href":"https:\/\/news.save.ch\/fr\/wp-json\/wp\/v2\/categories?post=16788"},{"taxonomy":"post_tag","embeddable":true,"href":"https:\/\/news.save.ch\/fr\/wp-json\/wp\/v2\/tags?post=16788"}],"curies":[{"name":"wp","href":"https:\/\/api.w.org\/{rel}","templated":true}]}}