{"id":16789,"date":"2016-11-22T11:22:12","date_gmt":"2016-11-22T10:22:12","guid":{"rendered":"http:\/\/dev.safety-plus.ch\/?p=1304"},"modified":"2016-11-22T11:22:12","modified_gmt":"2016-11-22T10:22:12","slug":"suva-will-detektive-zurueck","status":null,"type":"post","link":"https:\/\/news.save.ch\/fr\/suva-will-detektive-zurueck\/","title":{"rendered":"La Suva veut le retour des d\u00e9tectives"},"content":{"rendered":"<figure id=\"attachment_1305\" aria-describedby=\"caption-attachment-1305\" style=\"width: 667px\" class=\"wp-caption alignnone\"><img loading=\"lazy\" decoding=\"async\" class=\"wp-image-1305 size-medium\" src=\"http:\/\/develop.safety-plus.ch\/wp-content\/uploads\/2016\/12\/Suva-will-Detektive-zurueck_safety-plus.jpg\" width=\"667\" height=\"1000\" \/><figcaption id=\"caption-attachment-1305\" class=\"wp-caption-text\">Une personne en cong\u00e9 maladie pour des probl\u00e8mes de dos, mais qui soul\u00e8ve de lourdes charges pendant ses loisirs, se rend suspecte.<\/figcaption><\/figure>\n<p>Le 18 octobre 2016, la Cour europ\u00e9enne des droits de l'homme (CEDH) a condamn\u00e9 le recours \u00e0 des d\u00e9tectives pour observer les assur\u00e9s. Selon l'arr\u00eat, la Suisse n'a pas de base l\u00e9gale suffisante pour cela.<\/p>\n<p>En r\u00e9action, la Suva a mis fin \u00e0 ses observations en cours et a renonc\u00e9 \u00e0 de nouvelles interventions. Les documents d'observation des cas en cours seront d\u00e9truits, tout comme les \u00e9valuations m\u00e9dicales bas\u00e9es sur du mat\u00e9riel film\u00e9.<\/p>\n<p><strong>La Suva veut une loi rapide<\/strong><\/p>\n<p>Mais la Suva veut maintenant obtenir la cr\u00e9ation d'une base l\u00e9gale correspondante. Pour ce faire, elle a d\u00e9j\u00e0 d\u00e9pos\u00e9 sa propre proposition de formulation d'un article de loi sur le th\u00e8me de la surveillance. Celui-ci r\u00e8gle entre autres les conditions qui autorisent une surveillance et o\u00f9 celle-ci peut avoir lieu.<\/p>\n<p>La volont\u00e9 politique est \u00e9galement pr\u00e9sente du c\u00f4t\u00e9 de la Conf\u00e9d\u00e9ration : l'Office f\u00e9d\u00e9ral des assurances sociales (OFAS) a d\u00e9j\u00e0 annonc\u00e9 qu'il mettrait en consultation une r\u00e9vision de loi correspondante d'ici la fin de l'ann\u00e9e. En outre, la Commission de la s\u00e9curit\u00e9 sociale et de la sant\u00e9 publique du Conseil des Etats (CSSS-E) a d\u00e9cid\u00e9 la semaine derni\u00e8re d'\u00e9laborer elle aussi un projet de loi que le Parlement pourrait adopter, dans le meilleur des cas, \u00e0 l'automne 2017.<\/p>\n<p><strong>Contr\u00f4les renforc\u00e9s<\/strong><\/p>\n<p>Pour que la Suva puisse continuer \u00e0 lutter de mani\u00e8re cibl\u00e9e contre les abus jusqu'\u00e0 l'entr\u00e9e en vigueur d'une base l\u00e9gale claire, elle veut, selon ses propres indications, suivre de mani\u00e8re plus intensive les cas remarquables : Plus d'examens m\u00e9dicaux, une collaboration renforc\u00e9e avec les autorit\u00e9s ainsi que davantage d'auditions de t\u00e9moins devraient permettre de clarifier la situation \u00e0 un stade pr\u00e9coce.<\/p>\n<p>En outre, elle veut effectuer des contr\u00f4les plus fr\u00e9quents avec le service ext\u00e9rieur en cas de soup\u00e7on fond\u00e9. Cela se produit surtout lorsqu'une personne accident\u00e9e travaille conform\u00e9ment aux indications alors qu'elle est en cong\u00e9 maladie. \"Nous continuons \u00e0 tout faire pour d\u00e9tecter les abus\", explique Roger Bolt, responsable de l'\u00e9quipe de lutte contre les abus de la Suva. \"Pour nous, il est essentiel de pouvoir g\u00e9rer consciencieusement l'argent des primes qui nous est confi\u00e9 et de n'accorder des prestations qu'aux assur\u00e9s qui y ont droit\". Mais il y aura toujours des cas isol\u00e9s et co\u00fbteux qui ne pourront \u00eatre \u00e9vit\u00e9s que gr\u00e2ce \u00e0 des d\u00e9tectives.<\/p>\n<p><em>Avec du mat\u00e9riel de la Suva<\/em><\/p>","protected":false},"excerpt":{"rendered":"<p>Am 18. Oktober 2016 hat der Europ\u00e4ische Gerichtshof f\u00fcr Menschenrechte (EMGR) den Einsatz von Detektiven zur Observierung von Versicherten ger\u00fcgt. Laut dem Urteil hat die Schweiz keine ausreichende Gesetzesgrundlage daf\u00fcr. Als Reaktion hat die Suva ihre laufenden Observierungen eingestellt und auf neue Eins\u00e4tze verzichtet. Observationsunterlagen von laufenden F\u00e4llen werden vernichtet, ebenso medizinische Beurteilungen aufgrund von [&hellip;]<\/p>\n","protected":false},"author":1,"featured_media":16155,"comment_status":"open","ping_status":"open","sticky":false,"template":"","format":"standard","meta":{"_acf_changed":false,"pgc_sgb_lightbox_settings":"","footnotes":""},"categories":[1],"tags":[167,181],"class_list":["post-16789","post","type-post","status-publish","format-standard","has-post-thumbnail","hentry","category-allgemein","tag-suva","tag-versicherung"],"acf":[],"hkrextid":null,"publication":null,"issue":null,"workflow":null,"startPage":null,"spitzmarke":null,"_posts_by_tag_page_fields":{"widget_title":"","widget_tags":""},"_at_widget":"1","_yoast_wpseo_primary_category":"1","_yoast_wpseo_focuskw_text_input":"Suva","_yoast_wpseo_opengraph-image":null,"_yoast_wpseo_opengraph-description":null,"_yoast_wpseo_opengraph-title":null,"enclosure":null,"_yoast_wpseo_twitter-title":null,"_yoast_wpseo_twitter-description":null,"_yoast_wpseo_twitter-image":null,"_wp_old_slug":null,"_yoast_wpseo_title":null,"_yoast_wpseo_canonical":null,"yoast_head":"<!-- This site is optimized with the Yoast SEO plugin v27.5 - https:\/\/yoast.com\/product\/yoast-seo-wordpress\/ -->\n<title>Suva will Detektive zur\u00fcck - Save<\/title>\n<meta name=\"description\" content=\"Nach einem Urteil des Europ\u00e4ischen Gerichtshofs verzichtete die Suva auf Detektive, um Betrugsf\u00e4lle aufzudecken.\" \/>\n<meta name=\"robots\" content=\"index, follow, max-snippet:-1, max-image-preview:large, max-video-preview:-1\" \/>\n<link rel=\"canonical\" href=\"https:\/\/news.save.ch\/fr\/suva-will-detektive-zurueck\/\" \/>\n<meta property=\"og:locale\" content=\"fr_FR\" \/>\n<meta property=\"og:type\" content=\"article\" \/>\n<meta property=\"og:title\" content=\"Suva will Detektive zur\u00fcck - Save\" \/>\n<meta property=\"og:description\" content=\"Nach einem Urteil des Europ\u00e4ischen Gerichtshofs verzichtete die Suva auf Detektive, um Betrugsf\u00e4lle aufzudecken.\" \/>\n<meta property=\"og:url\" content=\"https:\/\/news.save.ch\/fr\/suva-will-detektive-zurueck\/\" \/>\n<meta property=\"og:site_name\" content=\"Save\" \/>\n<meta property=\"article:published_time\" content=\"2016-11-22T10:22:12+00:00\" \/>\n<meta property=\"og:image\" content=\"https:\/\/news.save.ch\/wp-content\/uploads\/2016\/12\/Suva-will-Detektive-zurueck_safety-plus.jpg\" \/>\n\t<meta property=\"og:image:width\" content=\"667\" \/>\n\t<meta property=\"og:image:height\" content=\"1000\" \/>\n\t<meta property=\"og:image:type\" content=\"image\/jpeg\" \/>\n<meta name=\"author\" content=\"admin\" \/>\n<meta name=\"twitter:card\" content=\"summary_large_image\" \/>\n<meta name=\"twitter:label1\" content=\"\u00c9crit par\" \/>\n\t<meta name=\"twitter:data1\" content=\"admin\" \/>\n\t<meta name=\"twitter:label2\" content=\"Dur\u00e9e de lecture estim\u00e9e\" \/>\n\t<meta name=\"twitter:data2\" content=\"2 minutes\" \/>\n<script type=\"application\/ld+json\" class=\"yoast-schema-graph\">{\"@context\":\"https:\\\/\\\/schema.org\",\"@graph\":[{\"@type\":\"Article\",\"@id\":\"https:\\\/\\\/news.save.ch\\\/suva-will-detektive-zurueck\\\/#article\",\"isPartOf\":{\"@id\":\"https:\\\/\\\/news.save.ch\\\/suva-will-detektive-zurueck\\\/\"},\"author\":{\"name\":\"admin\",\"@id\":\"https:\\\/\\\/news.save.ch\\\/de\\\/#\\\/schema\\\/person\\\/d49e199490bad7c70d64b9ab51142f2b\"},\"headline\":\"Suva will Detektive zur\u00fcck\",\"datePublished\":\"2016-11-22T10:22:12+00:00\",\"mainEntityOfPage\":{\"@id\":\"https:\\\/\\\/news.save.ch\\\/suva-will-detektive-zurueck\\\/\"},\"wordCount\":347,\"commentCount\":0,\"publisher\":{\"@id\":\"https:\\\/\\\/news.save.ch\\\/de\\\/#organization\"},\"image\":{\"@id\":\"https:\\\/\\\/news.save.ch\\\/suva-will-detektive-zurueck\\\/#primaryimage\"},\"thumbnailUrl\":\"https:\\\/\\\/news.save.ch\\\/wp-content\\\/uploads\\\/2016\\\/12\\\/Suva-will-Detektive-zurueck_safety-plus.jpg\",\"keywords\":[\"SUVA\",\"Versicherung\"],\"articleSection\":[\"ALLGEMEIN\"],\"inLanguage\":\"fr-FR\"},{\"@type\":\"WebPage\",\"@id\":\"https:\\\/\\\/news.save.ch\\\/suva-will-detektive-zurueck\\\/\",\"url\":\"https:\\\/\\\/news.save.ch\\\/suva-will-detektive-zurueck\\\/\",\"name\":\"Suva will Detektive zur\u00fcck - Save\",\"isPartOf\":{\"@id\":\"https:\\\/\\\/news.save.ch\\\/de\\\/#website\"},\"primaryImageOfPage\":{\"@id\":\"https:\\\/\\\/news.save.ch\\\/suva-will-detektive-zurueck\\\/#primaryimage\"},\"image\":{\"@id\":\"https:\\\/\\\/news.save.ch\\\/suva-will-detektive-zurueck\\\/#primaryimage\"},\"thumbnailUrl\":\"https:\\\/\\\/news.save.ch\\\/wp-content\\\/uploads\\\/2016\\\/12\\\/Suva-will-Detektive-zurueck_safety-plus.jpg\",\"datePublished\":\"2016-11-22T10:22:12+00:00\",\"description\":\"Nach einem Urteil des Europ\u00e4ischen Gerichtshofs verzichtete die Suva auf Detektive, um Betrugsf\u00e4lle aufzudecken.\",\"breadcrumb\":{\"@id\":\"https:\\\/\\\/news.save.ch\\\/suva-will-detektive-zurueck\\\/#breadcrumb\"},\"inLanguage\":\"fr-FR\",\"potentialAction\":[{\"@type\":\"ReadAction\",\"target\":[\"https:\\\/\\\/news.save.ch\\\/suva-will-detektive-zurueck\\\/\"]}]},{\"@type\":\"ImageObject\",\"inLanguage\":\"fr-FR\",\"@id\":\"https:\\\/\\\/news.save.ch\\\/suva-will-detektive-zurueck\\\/#primaryimage\",\"url\":\"https:\\\/\\\/news.save.ch\\\/wp-content\\\/uploads\\\/2016\\\/12\\\/Suva-will-Detektive-zurueck_safety-plus.jpg\",\"contentUrl\":\"https:\\\/\\\/news.save.ch\\\/wp-content\\\/uploads\\\/2016\\\/12\\\/Suva-will-Detektive-zurueck_safety-plus.jpg\",\"width\":667,\"height\":1000,\"caption\":\"Wer wegen R\u00fcckenleiden krankgeschrieben ist, aber in der Freizeit schwere Lasten hebt, macht sich verd\u00e4chtig.\"},{\"@type\":\"BreadcrumbList\",\"@id\":\"https:\\\/\\\/news.save.ch\\\/suva-will-detektive-zurueck\\\/#breadcrumb\",\"itemListElement\":[{\"@type\":\"ListItem\",\"position\":1,\"name\":\"Home\",\"item\":\"https:\\\/\\\/news.save.ch\\\/de\\\/\"},{\"@type\":\"ListItem\",\"position\":2,\"name\":\"Suva will Detektive zur\u00fcck\"}]},{\"@type\":\"WebSite\",\"@id\":\"https:\\\/\\\/news.save.ch\\\/de\\\/#website\",\"url\":\"https:\\\/\\\/news.save.ch\\\/de\\\/\",\"name\":\"Save\",\"description\":\"Schweizer Fachzeitschrift f\u00fcr Sicherheit\",\"publisher\":{\"@id\":\"https:\\\/\\\/news.save.ch\\\/de\\\/#organization\"},\"potentialAction\":[{\"@type\":\"SearchAction\",\"target\":{\"@type\":\"EntryPoint\",\"urlTemplate\":\"https:\\\/\\\/news.save.ch\\\/de\\\/?s={search_term_string}\"},\"query-input\":{\"@type\":\"PropertyValueSpecification\",\"valueRequired\":true,\"valueName\":\"search_term_string\"}}],\"inLanguage\":\"fr-FR\"},{\"@type\":\"Organization\",\"@id\":\"https:\\\/\\\/news.save.ch\\\/de\\\/#organization\",\"name\":\"Sicherheitsforum\",\"url\":\"https:\\\/\\\/news.save.ch\\\/de\\\/\",\"logo\":{\"@type\":\"ImageObject\",\"inLanguage\":\"fr-FR\",\"@id\":\"https:\\\/\\\/news.save.ch\\\/de\\\/#\\\/schema\\\/logo\\\/image\\\/\",\"url\":\"https:\\\/\\\/news.save.ch\\\/wp-content\\\/uploads\\\/2022\\\/06\\\/Logo_SF_2012.png\",\"contentUrl\":\"https:\\\/\\\/news.save.ch\\\/wp-content\\\/uploads\\\/2022\\\/06\\\/Logo_SF_2012.png\",\"width\":1100,\"height\":91,\"caption\":\"Sicherheitsforum\"},\"image\":{\"@id\":\"https:\\\/\\\/news.save.ch\\\/de\\\/#\\\/schema\\\/logo\\\/image\\\/\"}},{\"@type\":\"Person\",\"@id\":\"https:\\\/\\\/news.save.ch\\\/de\\\/#\\\/schema\\\/person\\\/d49e199490bad7c70d64b9ab51142f2b\",\"name\":\"admin\",\"image\":{\"@type\":\"ImageObject\",\"inLanguage\":\"fr-FR\",\"@id\":\"https:\\\/\\\/secure.gravatar.com\\\/avatar\\\/ae2f4d718e6c49043e314ce431e7e645d646302a24a5ef5a8bc8e3f5a032e319?s=96&d=mm&r=g\",\"url\":\"https:\\\/\\\/secure.gravatar.com\\\/avatar\\\/ae2f4d718e6c49043e314ce431e7e645d646302a24a5ef5a8bc8e3f5a032e319?s=96&d=mm&r=g\",\"contentUrl\":\"https:\\\/\\\/secure.gravatar.com\\\/avatar\\\/ae2f4d718e6c49043e314ce431e7e645d646302a24a5ef5a8bc8e3f5a032e319?s=96&d=mm&r=g\",\"caption\":\"admin\"},\"sameAs\":[\"https:\\\/\\\/develop.organisator.galledia.ch\"],\"url\":\"https:\\\/\\\/news.save.ch\\\/fr\\\/author\\\/admin\\\/\"}]}<\/script>\n<!-- \/ Yoast SEO plugin. -->","yoast_head_json":{"title":"La Suva veut le retour des d\u00e9tectives - Save","description":"Suite \u00e0 un arr\u00eat de la Cour europ\u00e9enne de justice, la Suva a renonc\u00e9 \u00e0 recourir \u00e0 des d\u00e9tectives pour d\u00e9tecter les cas de fraude.","robots":{"index":"index","follow":"follow","max-snippet":"max-snippet:-1","max-image-preview":"max-image-preview:large","max-video-preview":"max-video-preview:-1"},"canonical":"https:\/\/news.save.ch\/fr\/suva-will-detektive-zurueck\/","og_locale":"fr_FR","og_type":"article","og_title":"Suva will Detektive zur\u00fcck - Save","og_description":"Nach einem Urteil des Europ\u00e4ischen Gerichtshofs verzichtete die Suva auf Detektive, um Betrugsf\u00e4lle aufzudecken.","og_url":"https:\/\/news.save.ch\/fr\/suva-will-detektive-zurueck\/","og_site_name":"Save","article_published_time":"2016-11-22T10:22:12+00:00","og_image":[{"width":667,"height":1000,"url":"https:\/\/news.save.ch\/wp-content\/uploads\/2016\/12\/Suva-will-Detektive-zurueck_safety-plus.jpg","type":"image\/jpeg"}],"author":"admin","twitter_card":"summary_large_image","twitter_misc":{"\u00c9crit par":"admin","Dur\u00e9e de lecture estim\u00e9e":"2 minutes"},"schema":{"@context":"https:\/\/schema.org","@graph":[{"@type":"Article","@id":"https:\/\/news.save.ch\/suva-will-detektive-zurueck\/#article","isPartOf":{"@id":"https:\/\/news.save.ch\/suva-will-detektive-zurueck\/"},"author":{"name":"admin","@id":"https:\/\/news.save.ch\/de\/#\/schema\/person\/d49e199490bad7c70d64b9ab51142f2b"},"headline":"Suva will Detektive zur\u00fcck","datePublished":"2016-11-22T10:22:12+00:00","mainEntityOfPage":{"@id":"https:\/\/news.save.ch\/suva-will-detektive-zurueck\/"},"wordCount":347,"commentCount":0,"publisher":{"@id":"https:\/\/news.save.ch\/de\/#organization"},"image":{"@id":"https:\/\/news.save.ch\/suva-will-detektive-zurueck\/#primaryimage"},"thumbnailUrl":"https:\/\/news.save.ch\/wp-content\/uploads\/2016\/12\/Suva-will-Detektive-zurueck_safety-plus.jpg","keywords":["SUVA","Versicherung"],"articleSection":["ALLGEMEIN"],"inLanguage":"fr-FR"},{"@type":"WebPage","@id":"https:\/\/news.save.ch\/suva-will-detektive-zurueck\/","url":"https:\/\/news.save.ch\/suva-will-detektive-zurueck\/","name":"La Suva veut le retour des d\u00e9tectives - Save","isPartOf":{"@id":"https:\/\/news.save.ch\/de\/#website"},"primaryImageOfPage":{"@id":"https:\/\/news.save.ch\/suva-will-detektive-zurueck\/#primaryimage"},"image":{"@id":"https:\/\/news.save.ch\/suva-will-detektive-zurueck\/#primaryimage"},"thumbnailUrl":"https:\/\/news.save.ch\/wp-content\/uploads\/2016\/12\/Suva-will-Detektive-zurueck_safety-plus.jpg","datePublished":"2016-11-22T10:22:12+00:00","description":"Suite \u00e0 un arr\u00eat de la Cour europ\u00e9enne de justice, la Suva a renonc\u00e9 \u00e0 recourir \u00e0 des d\u00e9tectives pour d\u00e9tecter les cas de fraude.","breadcrumb":{"@id":"https:\/\/news.save.ch\/suva-will-detektive-zurueck\/#breadcrumb"},"inLanguage":"fr-FR","potentialAction":[{"@type":"ReadAction","target":["https:\/\/news.save.ch\/suva-will-detektive-zurueck\/"]}]},{"@type":"ImageObject","inLanguage":"fr-FR","@id":"https:\/\/news.save.ch\/suva-will-detektive-zurueck\/#primaryimage","url":"https:\/\/news.save.ch\/wp-content\/uploads\/2016\/12\/Suva-will-Detektive-zurueck_safety-plus.jpg","contentUrl":"https:\/\/news.save.ch\/wp-content\/uploads\/2016\/12\/Suva-will-Detektive-zurueck_safety-plus.jpg","width":667,"height":1000,"caption":"Wer wegen R\u00fcckenleiden krankgeschrieben ist, aber in der Freizeit schwere Lasten hebt, macht sich verd\u00e4chtig."},{"@type":"BreadcrumbList","@id":"https:\/\/news.save.ch\/suva-will-detektive-zurueck\/#breadcrumb","itemListElement":[{"@type":"ListItem","position":1,"name":"Home","item":"https:\/\/news.save.ch\/de\/"},{"@type":"ListItem","position":2,"name":"Suva will Detektive zur\u00fcck"}]},{"@type":"WebSite","@id":"https:\/\/news.save.ch\/de\/#website","url":"https:\/\/news.save.ch\/de\/","name":"Save","description":"Revue suisse sp\u00e9cialis\u00e9e dans la s\u00e9curit\u00e9","publisher":{"@id":"https:\/\/news.save.ch\/de\/#organization"},"potentialAction":[{"@type":"SearchAction","target":{"@type":"EntryPoint","urlTemplate":"https:\/\/news.save.ch\/de\/?s={search_term_string}"},"query-input":{"@type":"PropertyValueSpecification","valueRequired":true,"valueName":"search_term_string"}}],"inLanguage":"fr-FR"},{"@type":"Organization","@id":"https:\/\/news.save.ch\/de\/#organization","name":"Forum sur la s\u00e9curit\u00e9","url":"https:\/\/news.save.ch\/de\/","logo":{"@type":"ImageObject","inLanguage":"fr-FR","@id":"https:\/\/news.save.ch\/de\/#\/schema\/logo\/image\/","url":"https:\/\/news.save.ch\/wp-content\/uploads\/2022\/06\/Logo_SF_2012.png","contentUrl":"https:\/\/news.save.ch\/wp-content\/uploads\/2022\/06\/Logo_SF_2012.png","width":1100,"height":91,"caption":"Sicherheitsforum"},"image":{"@id":"https:\/\/news.save.ch\/de\/#\/schema\/logo\/image\/"}},{"@type":"Person","@id":"https:\/\/news.save.ch\/de\/#\/schema\/person\/d49e199490bad7c70d64b9ab51142f2b","name":"admin","image":{"@type":"ImageObject","inLanguage":"fr-FR","@id":"https:\/\/secure.gravatar.com\/avatar\/ae2f4d718e6c49043e314ce431e7e645d646302a24a5ef5a8bc8e3f5a032e319?s=96&d=mm&r=g","url":"https:\/\/secure.gravatar.com\/avatar\/ae2f4d718e6c49043e314ce431e7e645d646302a24a5ef5a8bc8e3f5a032e319?s=96&d=mm&r=g","contentUrl":"https:\/\/secure.gravatar.com\/avatar\/ae2f4d718e6c49043e314ce431e7e645d646302a24a5ef5a8bc8e3f5a032e319?s=96&d=mm&r=g","caption":"admin"},"sameAs":["https:\/\/develop.organisator.galledia.ch"],"url":"https:\/\/news.save.ch\/fr\/author\/admin\/"}]}},"_links":{"self":[{"href":"https:\/\/news.save.ch\/fr\/wp-json\/wp\/v2\/posts\/16789","targetHints":{"allow":["GET"]}}],"collection":[{"href":"https:\/\/news.save.ch\/fr\/wp-json\/wp\/v2\/posts"}],"about":[{"href":"https:\/\/news.save.ch\/fr\/wp-json\/wp\/v2\/types\/post"}],"author":[{"embeddable":true,"href":"https:\/\/news.save.ch\/fr\/wp-json\/wp\/v2\/users\/1"}],"replies":[{"embeddable":true,"href":"https:\/\/news.save.ch\/fr\/wp-json\/wp\/v2\/comments?post=16789"}],"version-history":[{"count":0,"href":"https:\/\/news.save.ch\/fr\/wp-json\/wp\/v2\/posts\/16789\/revisions"}],"wp:featuredmedia":[{"embeddable":true,"href":"https:\/\/news.save.ch\/fr\/wp-json\/wp\/v2\/media\/16155"}],"wp:attachment":[{"href":"https:\/\/news.save.ch\/fr\/wp-json\/wp\/v2\/media?parent=16789"}],"wp:term":[{"taxonomy":"category","embeddable":true,"href":"https:\/\/news.save.ch\/fr\/wp-json\/wp\/v2\/categories?post=16789"},{"taxonomy":"post_tag","embeddable":true,"href":"https:\/\/news.save.ch\/fr\/wp-json\/wp\/v2\/tags?post=16789"}],"curies":[{"name":"wp","href":"https:\/\/api.w.org\/{rel}","templated":true}]}}