{"id":1679,"date":"2015-10-01T13:36:08","date_gmt":"2015-10-01T11:36:08","guid":{"rendered":"https:\/\/dev.sicherheitsforum.ch\/?p=1679"},"modified":"2023-03-14T08:59:01","modified_gmt":"2023-03-14T07:59:01","slug":"erdbeben-neues-versicherungs-tool","status":null,"type":"post","link":"https:\/\/news.save.ch\/fr\/erdbeben-neues-versicherungs-tool\/","title":{"rendered":"Les tremblements de terre : Nouvel outil d'assurance"},"content":{"rendered":"<figure id=\"attachment_1738\" aria-describedby=\"caption-attachment-1738\" style=\"width: 507px\" class=\"wp-caption alignnone\"><img loading=\"lazy\" decoding=\"async\" class=\"wp-image-1738 size-full\" src=\"https:\/\/news.save.ch\/wp-content\/uploads\/2016\/12\/Erdbeben-Neues-Versicherungs-Tool-sicherheitsforum.jpg\" width=\"507\" height=\"362\" srcset=\"https:\/\/news.save.ch\/wp-content\/uploads\/2016\/12\/Erdbeben-Neues-Versicherungs-Tool-sicherheitsforum.jpg 507w, https:\/\/news.save.ch\/wp-content\/uploads\/2016\/12\/Erdbeben-Neues-Versicherungs-Tool-sicherheitsforum-375x268.jpg 375w\" sizes=\"auto, (max-width: 507px) 100vw, 507px\" \/><figcaption id=\"caption-attachment-1738\" class=\"wp-caption-text\">Un danger - les tremblements de terre en Suisse.<\/figcaption><\/figure>\n<p>La plupart des 500 \u00e0 800 secousses annuelles sont imperceptibles. Mais selon Flavio Anselmetti, professeur de g\u00e9ologie \u00e0 l'universit\u00e9 de Berne, il y a des exceptions : \"Environ tous les cent ans, il se produit en Suisse un tremblement de terre qui cause des dommages aux b\u00e2timents\".<\/p>\n<p>Les dommages caus\u00e9s par les tremblements de terre ne sont en principe pas assur\u00e9s dans le cadre de l'assurance obligatoire contre l'incendie et les dommages naturels, \u00e0 l'exception d'une couverture limit\u00e9e dans le canton de Zurich, \u00e9crit l'association.<a href=\"https:\/\/www.gvb.ch\" target=\"_blank\" data-cke-saved-href=\"https:\/\/www.gvb.ch\" rel=\"noopener\"> AIB <\/a>Assurances priv\u00e9es SA. La prise de conscience des dangers et le souhait d'une assurance tremblements de terre correspondante augmentent cependant constamment chez les propri\u00e9taires immobiliers, car la maison individuelle est la plupart du temps la plus grande composante de la fortune. C'est pourquoi l'AIB a lanc\u00e9 le nouvel outil d'assurance.<\/p>\n<p><strong>Besoin d'une assurance compl\u00e9mentaire<\/strong><\/p>\n<p>L'AIB tient d\u00e9sormais compte du besoin d'une assurance compl\u00e9mentaire pour les dommages dus aux tremblements de terre. Elle \u00e9largit ses prestations et propose d\u00e9sormais l'\"Assurance tremblements de terre AIB Terra\" dans toute la Suisse. Gr\u00e2ce au nouvel outil en ligne, les personnes int\u00e9ress\u00e9es peuvent s'inscrire en deux clics de souris sous <a href=\"https:\/\/www.erdbebenversichern.ch\" target=\"_blank\" data-cke-saved-href=\"https:\/\/www.erdbebenversichern.ch\" rel=\"noopener\">www.erdbebenversichern.ch<\/a> Les clients peuvent s'informer sur le risque de tremblement de terre \u00e0 leur domicile et assurer leur maison de mani\u00e8re simple, comme l'indique le fournisseur. L'offre en ligne est disponible pour les propri\u00e9taires dans une grande partie de la Suisse.<\/p>","protected":false},"excerpt":{"rendered":"<p>Die meisten der j\u00e4hrlich 500 bis 800 Beben sind nicht\u00a0sp\u00fcrbar. Doch gem\u00e4ss Flavio Anselmetti, Professor f\u00fcr Geologie an der Universit\u00e4t Bern, gibt es Ausnahmen: \u00abEtwa alle hundert Jahre ereignet sich in der Schweiz ein Erdbeben, das Geb\u00e4udesch\u00e4den anrichtet.\u00bb Erdbebensch\u00e4den seien\u00a0in der obligatorischen Feuer- und Elementarschadenversicherung, mit Ausnahme einer limitierten Deckung im Kanton Z\u00fcrich, grunds\u00e4tzlich nicht [&hellip;]<\/p>\n","protected":false},"author":1,"featured_media":1738,"comment_status":"open","ping_status":"open","sticky":false,"template":"","format":"standard","meta":{"_acf_changed":false,"pgc_sgb_lightbox_settings":"","footnotes":""},"categories":[3312],"tags":[170,65,181],"class_list":["post-1679","post","type-post","status-publish","format-standard","has-post-thumbnail","hentry","category-sicherheit","tag-naturgefahren","tag-unternehmen","tag-versicherung"],"acf":[],"hkrextid":null,"publication":null,"issue":null,"workflow":null,"startPage":null,"spitzmarke":null,"_posts_by_tag_page_fields":{"widget_title":"","widget_tags":""},"_at_widget":"1","_yoast_wpseo_primary_category":"5","_yoast_wpseo_focuskw_text_input":"Erdbeben","_yoast_wpseo_opengraph-image":"https:\/\/news.save.ch\/wp-content\/uploads\/2016\/12\/Erdbeben-Neues-Versicherungs-Tool-sicherheitsforum.jpg","_yoast_wpseo_opengraph-description":"Das k\u00fcrzlich aktualisierte Erdbebengef\u00e4hrdungsmodell des Schweizerischen Erdbebendienstes (SED) best\u00e4tigt es einmal mehr: Erdbeben z\u00e4hlen neben Hochwassern zu den gr\u00f6ssten Naturgefahren der Schweiz. Jetzt lanciert eine Versicherung ein Onlinetool, um das Haus gegen Erdbeben zu versichern.","_yoast_wpseo_opengraph-title":"Erdbeben: Neues Versicherungs-Tool","enclosure":null,"_yoast_wpseo_twitter-title":null,"_yoast_wpseo_twitter-description":null,"_yoast_wpseo_twitter-image":null,"_wp_old_slug":null,"_yoast_wpseo_title":null,"_yoast_wpseo_canonical":null,"yoast_head":"<!-- This site is optimized with the Yoast SEO plugin v27.4 - https:\/\/yoast.com\/product\/yoast-seo-wordpress\/ -->\n<title>Erdbeben: Neues Versicherungs-Tool - Save<\/title>\n<meta name=\"description\" content=\"Erdbeben z\u00e4hlen zu den gr\u00f6ssten Naturgefahren der Schweiz. Jetzt lanciert eine Versicherung ein Onlinetool, um das Haus gegen Erdbeben zu versichern.\" \/>\n<meta name=\"robots\" content=\"index, follow, max-snippet:-1, max-image-preview:large, max-video-preview:-1\" \/>\n<link rel=\"canonical\" href=\"https:\/\/news.save.ch\/fr\/erdbeben-neues-versicherungs-tool\/\" \/>\n<meta property=\"og:locale\" content=\"fr_FR\" \/>\n<meta property=\"og:type\" content=\"article\" \/>\n<meta property=\"og:title\" content=\"Erdbeben: Neues Versicherungs-Tool\" \/>\n<meta property=\"og:description\" content=\"Das k\u00fcrzlich aktualisierte Erdbebengef\u00e4hrdungsmodell des Schweizerischen Erdbebendienstes (SED) best\u00e4tigt es einmal mehr: Erdbeben z\u00e4hlen neben Hochwassern zu den gr\u00f6ssten Naturgefahren der Schweiz. Jetzt lanciert eine Versicherung ein Onlinetool, um das Haus gegen Erdbeben zu versichern.\" \/>\n<meta property=\"og:url\" content=\"https:\/\/news.save.ch\/fr\/erdbeben-neues-versicherungs-tool\/\" \/>\n<meta property=\"og:site_name\" content=\"Save\" \/>\n<meta property=\"article:published_time\" content=\"2015-10-01T11:36:08+00:00\" \/>\n<meta property=\"article:modified_time\" content=\"2023-03-14T07:59:01+00:00\" \/>\n<meta property=\"og:image\" content=\"https:\/\/news.save.ch\/wp-content\/uploads\/2016\/12\/Erdbeben-Neues-Versicherungs-Tool-sicherheitsforum.jpg\" \/>\n<meta name=\"author\" content=\"admin\" \/>\n<meta name=\"twitter:card\" content=\"summary_large_image\" \/>\n<meta name=\"twitter:label1\" content=\"\u00c9crit par\" \/>\n\t<meta name=\"twitter:data1\" content=\"admin\" \/>\n\t<meta name=\"twitter:label2\" content=\"Dur\u00e9e de lecture estim\u00e9e\" \/>\n\t<meta name=\"twitter:data2\" content=\"1 minute\" \/>\n<script type=\"application\/ld+json\" class=\"yoast-schema-graph\">{\"@context\":\"https:\\\/\\\/schema.org\",\"@graph\":[{\"@type\":\"Article\",\"@id\":\"https:\\\/\\\/news.save.ch\\\/erdbeben-neues-versicherungs-tool\\\/#article\",\"isPartOf\":{\"@id\":\"https:\\\/\\\/news.save.ch\\\/erdbeben-neues-versicherungs-tool\\\/\"},\"author\":{\"name\":\"admin\",\"@id\":\"https:\\\/\\\/news.save.ch\\\/de\\\/#\\\/schema\\\/person\\\/d49e199490bad7c70d64b9ab51142f2b\"},\"headline\":\"Erdbeben: Neues Versicherungs-Tool\",\"datePublished\":\"2015-10-01T11:36:08+00:00\",\"dateModified\":\"2023-03-14T07:59:01+00:00\",\"mainEntityOfPage\":{\"@id\":\"https:\\\/\\\/news.save.ch\\\/erdbeben-neues-versicherungs-tool\\\/\"},\"wordCount\":205,\"commentCount\":0,\"publisher\":{\"@id\":\"https:\\\/\\\/news.save.ch\\\/de\\\/#organization\"},\"image\":{\"@id\":\"https:\\\/\\\/news.save.ch\\\/erdbeben-neues-versicherungs-tool\\\/#primaryimage\"},\"thumbnailUrl\":\"https:\\\/\\\/news.save.ch\\\/wp-content\\\/uploads\\\/2016\\\/12\\\/Erdbeben-Neues-Versicherungs-Tool-sicherheitsforum.jpg\",\"keywords\":[\"Naturgefahren\",\"Unternehmen\",\"Versicherung\"],\"articleSection\":[\"SICHERHEIT\"],\"inLanguage\":\"fr-FR\"},{\"@type\":\"WebPage\",\"@id\":\"https:\\\/\\\/news.save.ch\\\/erdbeben-neues-versicherungs-tool\\\/\",\"url\":\"https:\\\/\\\/news.save.ch\\\/erdbeben-neues-versicherungs-tool\\\/\",\"name\":\"Erdbeben: Neues Versicherungs-Tool - Save\",\"isPartOf\":{\"@id\":\"https:\\\/\\\/news.save.ch\\\/de\\\/#website\"},\"primaryImageOfPage\":{\"@id\":\"https:\\\/\\\/news.save.ch\\\/erdbeben-neues-versicherungs-tool\\\/#primaryimage\"},\"image\":{\"@id\":\"https:\\\/\\\/news.save.ch\\\/erdbeben-neues-versicherungs-tool\\\/#primaryimage\"},\"thumbnailUrl\":\"https:\\\/\\\/news.save.ch\\\/wp-content\\\/uploads\\\/2016\\\/12\\\/Erdbeben-Neues-Versicherungs-Tool-sicherheitsforum.jpg\",\"datePublished\":\"2015-10-01T11:36:08+00:00\",\"dateModified\":\"2023-03-14T07:59:01+00:00\",\"description\":\"Erdbeben z\u00e4hlen zu den gr\u00f6ssten Naturgefahren der Schweiz. Jetzt lanciert eine Versicherung ein Onlinetool, um das Haus gegen Erdbeben zu versichern.\",\"breadcrumb\":{\"@id\":\"https:\\\/\\\/news.save.ch\\\/erdbeben-neues-versicherungs-tool\\\/#breadcrumb\"},\"inLanguage\":\"fr-FR\",\"potentialAction\":[{\"@type\":\"ReadAction\",\"target\":[\"https:\\\/\\\/news.save.ch\\\/erdbeben-neues-versicherungs-tool\\\/\"]}]},{\"@type\":\"ImageObject\",\"inLanguage\":\"fr-FR\",\"@id\":\"https:\\\/\\\/news.save.ch\\\/erdbeben-neues-versicherungs-tool\\\/#primaryimage\",\"url\":\"https:\\\/\\\/news.save.ch\\\/wp-content\\\/uploads\\\/2016\\\/12\\\/Erdbeben-Neues-Versicherungs-Tool-sicherheitsforum.jpg\",\"contentUrl\":\"https:\\\/\\\/news.save.ch\\\/wp-content\\\/uploads\\\/2016\\\/12\\\/Erdbeben-Neues-Versicherungs-Tool-sicherheitsforum.jpg\",\"width\":507,\"height\":362,\"caption\":\"Eine Gefahr - Erdbeben in der Schweiz.\"},{\"@type\":\"BreadcrumbList\",\"@id\":\"https:\\\/\\\/news.save.ch\\\/erdbeben-neues-versicherungs-tool\\\/#breadcrumb\",\"itemListElement\":[{\"@type\":\"ListItem\",\"position\":1,\"name\":\"Home\",\"item\":\"https:\\\/\\\/news.save.ch\\\/de\\\/\"},{\"@type\":\"ListItem\",\"position\":2,\"name\":\"Erdbeben: Neues Versicherungs-Tool\"}]},{\"@type\":\"WebSite\",\"@id\":\"https:\\\/\\\/news.save.ch\\\/de\\\/#website\",\"url\":\"https:\\\/\\\/news.save.ch\\\/de\\\/\",\"name\":\"Save\",\"description\":\"Schweizer Fachzeitschrift f\u00fcr Sicherheit\",\"publisher\":{\"@id\":\"https:\\\/\\\/news.save.ch\\\/de\\\/#organization\"},\"potentialAction\":[{\"@type\":\"SearchAction\",\"target\":{\"@type\":\"EntryPoint\",\"urlTemplate\":\"https:\\\/\\\/news.save.ch\\\/de\\\/?s={search_term_string}\"},\"query-input\":{\"@type\":\"PropertyValueSpecification\",\"valueRequired\":true,\"valueName\":\"search_term_string\"}}],\"inLanguage\":\"fr-FR\"},{\"@type\":\"Organization\",\"@id\":\"https:\\\/\\\/news.save.ch\\\/de\\\/#organization\",\"name\":\"Sicherheitsforum\",\"url\":\"https:\\\/\\\/news.save.ch\\\/de\\\/\",\"logo\":{\"@type\":\"ImageObject\",\"inLanguage\":\"fr-FR\",\"@id\":\"https:\\\/\\\/news.save.ch\\\/de\\\/#\\\/schema\\\/logo\\\/image\\\/\",\"url\":\"https:\\\/\\\/news.save.ch\\\/wp-content\\\/uploads\\\/2022\\\/06\\\/Logo_SF_2012.png\",\"contentUrl\":\"https:\\\/\\\/news.save.ch\\\/wp-content\\\/uploads\\\/2022\\\/06\\\/Logo_SF_2012.png\",\"width\":1100,\"height\":91,\"caption\":\"Sicherheitsforum\"},\"image\":{\"@id\":\"https:\\\/\\\/news.save.ch\\\/de\\\/#\\\/schema\\\/logo\\\/image\\\/\"}},{\"@type\":\"Person\",\"@id\":\"https:\\\/\\\/news.save.ch\\\/de\\\/#\\\/schema\\\/person\\\/d49e199490bad7c70d64b9ab51142f2b\",\"name\":\"admin\",\"image\":{\"@type\":\"ImageObject\",\"inLanguage\":\"fr-FR\",\"@id\":\"https:\\\/\\\/secure.gravatar.com\\\/avatar\\\/ae2f4d718e6c49043e314ce431e7e645d646302a24a5ef5a8bc8e3f5a032e319?s=96&d=mm&r=g\",\"url\":\"https:\\\/\\\/secure.gravatar.com\\\/avatar\\\/ae2f4d718e6c49043e314ce431e7e645d646302a24a5ef5a8bc8e3f5a032e319?s=96&d=mm&r=g\",\"contentUrl\":\"https:\\\/\\\/secure.gravatar.com\\\/avatar\\\/ae2f4d718e6c49043e314ce431e7e645d646302a24a5ef5a8bc8e3f5a032e319?s=96&d=mm&r=g\",\"caption\":\"admin\"},\"sameAs\":[\"https:\\\/\\\/develop.organisator.galledia.ch\"],\"url\":\"https:\\\/\\\/news.save.ch\\\/fr\\\/author\\\/admin\\\/\"}]}<\/script>\n<!-- \/ Yoast SEO plugin. -->","yoast_head_json":{"title":"Les tremblements de terre : Nouvel outil d'assurance - Save","description":"Les tremblements de terre comptent parmi les plus grands dangers naturels de Suisse. Aujourd'hui, une compagnie d'assurance lance un outil en ligne permettant d'assurer sa maison contre les tremblements de terre.","robots":{"index":"index","follow":"follow","max-snippet":"max-snippet:-1","max-image-preview":"max-image-preview:large","max-video-preview":"max-video-preview:-1"},"canonical":"https:\/\/news.save.ch\/fr\/erdbeben-neues-versicherungs-tool\/","og_locale":"fr_FR","og_type":"article","og_title":"Erdbeben: Neues Versicherungs-Tool","og_description":"Das k\u00fcrzlich aktualisierte Erdbebengef\u00e4hrdungsmodell des Schweizerischen Erdbebendienstes (SED) best\u00e4tigt es einmal mehr: Erdbeben z\u00e4hlen neben Hochwassern zu den gr\u00f6ssten Naturgefahren der Schweiz. Jetzt lanciert eine Versicherung ein Onlinetool, um das Haus gegen Erdbeben zu versichern.","og_url":"https:\/\/news.save.ch\/fr\/erdbeben-neues-versicherungs-tool\/","og_site_name":"Save","article_published_time":"2015-10-01T11:36:08+00:00","article_modified_time":"2023-03-14T07:59:01+00:00","og_image":[{"url":"https:\/\/news.save.ch\/wp-content\/uploads\/2016\/12\/Erdbeben-Neues-Versicherungs-Tool-sicherheitsforum.jpg","type":"","width":"","height":""}],"author":"admin","twitter_card":"summary_large_image","twitter_misc":{"\u00c9crit par":"admin","Dur\u00e9e de lecture estim\u00e9e":"1 minute"},"schema":{"@context":"https:\/\/schema.org","@graph":[{"@type":"Article","@id":"https:\/\/news.save.ch\/erdbeben-neues-versicherungs-tool\/#article","isPartOf":{"@id":"https:\/\/news.save.ch\/erdbeben-neues-versicherungs-tool\/"},"author":{"name":"admin","@id":"https:\/\/news.save.ch\/de\/#\/schema\/person\/d49e199490bad7c70d64b9ab51142f2b"},"headline":"Erdbeben: Neues Versicherungs-Tool","datePublished":"2015-10-01T11:36:08+00:00","dateModified":"2023-03-14T07:59:01+00:00","mainEntityOfPage":{"@id":"https:\/\/news.save.ch\/erdbeben-neues-versicherungs-tool\/"},"wordCount":205,"commentCount":0,"publisher":{"@id":"https:\/\/news.save.ch\/de\/#organization"},"image":{"@id":"https:\/\/news.save.ch\/erdbeben-neues-versicherungs-tool\/#primaryimage"},"thumbnailUrl":"https:\/\/news.save.ch\/wp-content\/uploads\/2016\/12\/Erdbeben-Neues-Versicherungs-Tool-sicherheitsforum.jpg","keywords":["Naturgefahren","Unternehmen","Versicherung"],"articleSection":["SICHERHEIT"],"inLanguage":"fr-FR"},{"@type":"WebPage","@id":"https:\/\/news.save.ch\/erdbeben-neues-versicherungs-tool\/","url":"https:\/\/news.save.ch\/erdbeben-neues-versicherungs-tool\/","name":"Les tremblements de terre : Nouvel outil d'assurance - Save","isPartOf":{"@id":"https:\/\/news.save.ch\/de\/#website"},"primaryImageOfPage":{"@id":"https:\/\/news.save.ch\/erdbeben-neues-versicherungs-tool\/#primaryimage"},"image":{"@id":"https:\/\/news.save.ch\/erdbeben-neues-versicherungs-tool\/#primaryimage"},"thumbnailUrl":"https:\/\/news.save.ch\/wp-content\/uploads\/2016\/12\/Erdbeben-Neues-Versicherungs-Tool-sicherheitsforum.jpg","datePublished":"2015-10-01T11:36:08+00:00","dateModified":"2023-03-14T07:59:01+00:00","description":"Les tremblements de terre comptent parmi les plus grands dangers naturels de Suisse. Aujourd'hui, une compagnie d'assurance lance un outil en ligne permettant d'assurer sa maison contre les tremblements de terre.","breadcrumb":{"@id":"https:\/\/news.save.ch\/erdbeben-neues-versicherungs-tool\/#breadcrumb"},"inLanguage":"fr-FR","potentialAction":[{"@type":"ReadAction","target":["https:\/\/news.save.ch\/erdbeben-neues-versicherungs-tool\/"]}]},{"@type":"ImageObject","inLanguage":"fr-FR","@id":"https:\/\/news.save.ch\/erdbeben-neues-versicherungs-tool\/#primaryimage","url":"https:\/\/news.save.ch\/wp-content\/uploads\/2016\/12\/Erdbeben-Neues-Versicherungs-Tool-sicherheitsforum.jpg","contentUrl":"https:\/\/news.save.ch\/wp-content\/uploads\/2016\/12\/Erdbeben-Neues-Versicherungs-Tool-sicherheitsforum.jpg","width":507,"height":362,"caption":"Eine Gefahr - Erdbeben in der Schweiz."},{"@type":"BreadcrumbList","@id":"https:\/\/news.save.ch\/erdbeben-neues-versicherungs-tool\/#breadcrumb","itemListElement":[{"@type":"ListItem","position":1,"name":"Home","item":"https:\/\/news.save.ch\/de\/"},{"@type":"ListItem","position":2,"name":"Erdbeben: Neues Versicherungs-Tool"}]},{"@type":"WebSite","@id":"https:\/\/news.save.ch\/de\/#website","url":"https:\/\/news.save.ch\/de\/","name":"Save","description":"Revue suisse sp\u00e9cialis\u00e9e dans la s\u00e9curit\u00e9","publisher":{"@id":"https:\/\/news.save.ch\/de\/#organization"},"potentialAction":[{"@type":"SearchAction","target":{"@type":"EntryPoint","urlTemplate":"https:\/\/news.save.ch\/de\/?s={search_term_string}"},"query-input":{"@type":"PropertyValueSpecification","valueRequired":true,"valueName":"search_term_string"}}],"inLanguage":"fr-FR"},{"@type":"Organization","@id":"https:\/\/news.save.ch\/de\/#organization","name":"Forum sur la s\u00e9curit\u00e9","url":"https:\/\/news.save.ch\/de\/","logo":{"@type":"ImageObject","inLanguage":"fr-FR","@id":"https:\/\/news.save.ch\/de\/#\/schema\/logo\/image\/","url":"https:\/\/news.save.ch\/wp-content\/uploads\/2022\/06\/Logo_SF_2012.png","contentUrl":"https:\/\/news.save.ch\/wp-content\/uploads\/2022\/06\/Logo_SF_2012.png","width":1100,"height":91,"caption":"Sicherheitsforum"},"image":{"@id":"https:\/\/news.save.ch\/de\/#\/schema\/logo\/image\/"}},{"@type":"Person","@id":"https:\/\/news.save.ch\/de\/#\/schema\/person\/d49e199490bad7c70d64b9ab51142f2b","name":"admin","image":{"@type":"ImageObject","inLanguage":"fr-FR","@id":"https:\/\/secure.gravatar.com\/avatar\/ae2f4d718e6c49043e314ce431e7e645d646302a24a5ef5a8bc8e3f5a032e319?s=96&d=mm&r=g","url":"https:\/\/secure.gravatar.com\/avatar\/ae2f4d718e6c49043e314ce431e7e645d646302a24a5ef5a8bc8e3f5a032e319?s=96&d=mm&r=g","contentUrl":"https:\/\/secure.gravatar.com\/avatar\/ae2f4d718e6c49043e314ce431e7e645d646302a24a5ef5a8bc8e3f5a032e319?s=96&d=mm&r=g","caption":"admin"},"sameAs":["https:\/\/develop.organisator.galledia.ch"],"url":"https:\/\/news.save.ch\/fr\/author\/admin\/"}]}},"_links":{"self":[{"href":"https:\/\/news.save.ch\/fr\/wp-json\/wp\/v2\/posts\/1679","targetHints":{"allow":["GET"]}}],"collection":[{"href":"https:\/\/news.save.ch\/fr\/wp-json\/wp\/v2\/posts"}],"about":[{"href":"https:\/\/news.save.ch\/fr\/wp-json\/wp\/v2\/types\/post"}],"author":[{"embeddable":true,"href":"https:\/\/news.save.ch\/fr\/wp-json\/wp\/v2\/users\/1"}],"replies":[{"embeddable":true,"href":"https:\/\/news.save.ch\/fr\/wp-json\/wp\/v2\/comments?post=1679"}],"version-history":[{"count":1,"href":"https:\/\/news.save.ch\/fr\/wp-json\/wp\/v2\/posts\/1679\/revisions"}],"predecessor-version":[{"id":17885,"href":"https:\/\/news.save.ch\/fr\/wp-json\/wp\/v2\/posts\/1679\/revisions\/17885"}],"wp:featuredmedia":[{"embeddable":true,"href":"https:\/\/news.save.ch\/fr\/wp-json\/wp\/v2\/media\/1738"}],"wp:attachment":[{"href":"https:\/\/news.save.ch\/fr\/wp-json\/wp\/v2\/media?parent=1679"}],"wp:term":[{"taxonomy":"category","embeddable":true,"href":"https:\/\/news.save.ch\/fr\/wp-json\/wp\/v2\/categories?post=1679"},{"taxonomy":"post_tag","embeddable":true,"href":"https:\/\/news.save.ch\/fr\/wp-json\/wp\/v2\/tags?post=1679"}],"curies":[{"name":"wp","href":"https:\/\/api.w.org\/{rel}","templated":true}]}}