{"id":16798,"date":"2017-02-20T08:11:35","date_gmt":"2017-02-20T07:11:35","guid":{"rendered":"https:\/\/news.save.ch\/?p=1449"},"modified":"2023-03-14T09:04:24","modified_gmt":"2023-03-14T08:04:24","slug":"mehr-bewegung-im-buero","status":null,"type":"post","link":"https:\/\/news.save.ch\/fr\/mehr-bewegung-im-buero\/","title":{"rendered":"Plus de mouvement au bureau"},"content":{"rendered":"<figure id=\"attachment_1450\" aria-describedby=\"caption-attachment-1450\" style=\"width: 680px\" class=\"wp-caption alignnone\"><img loading=\"lazy\" decoding=\"async\" class=\"size-medium wp-image-1450\" src=\"http:\/\/develop.safety-plus.ch\/wp-content\/uploads\/2017\/02\/BG_Etem.jpg\" alt=\"\" width=\"680\" height=\"479\" \/><figcaption id=\"caption-attachment-1450\" class=\"wp-caption-text\">Le module d'apprentissage vous guide \u00e0 travers sept exercices.<\/figcaption><\/figure>\n<p>\u00c9tirer les muscles des cuisses ou assouplir les \u00e9paules et la nuque : de petits exercices de fitness \u00e0 faire de temps en temps aident beaucoup \u00e0 surmonter sans dommage la vie quotidienne au bureau.<\/p>\n<p>L'assurance accidents l\u00e9gale allemande pour les entreprises des secteurs de l'\u00e9nergie, du textile, de l'\u00e9lectricit\u00e9 et des produits m\u00e9diatiques BG ETEM propose un site interactif sur les accidents du travail.\u00a0<a href=\"http:\/\/www.bgetem.de\/share\/BG_ETEM_Fitnesstrainer_2017\/evolution.html\">Module d'apprentissage en ligne<\/a>\u00a0sur le th\u00e8me du fitness au travail. Les sept exercices, d'une dur\u00e9e totale d'environ 15 minutes, peuvent \u00eatre effectu\u00e9s individuellement ou en une seule fois. Ils sont accompagn\u00e9s d'une musique relaxante. Ils ont pour but de faire bouger davantage et d'adopter une position plus ergonomique.<\/p>\n<p>Cliquez ici pour acc\u00e9der au <a href=\"http:\/\/www.bgetem.de\/share\/BG_ETEM_Fitnesstrainer_2017\/evolution.html\">Module d'apprentissage<\/a><\/p>","protected":false},"excerpt":{"rendered":"<p>Die Oberschenkelmuskeln dehnen oder die Schultern und den Nacken lockern: Kleine Fitness\u00fcbungen f\u00fcr zwischendurch helfen viel, um den B\u00fcroalltag unbeschadet zu \u00fcberstehen. Die\u00a0deutsche gesetzliche Unfallversicherung f\u00fcr Betriebe in Energie, Textil, Elektro und Medienerzeugnissen BG ETEM bietet ein interaktives\u00a0Online-Lernmodul\u00a0zum Thema Fitness am Arbeitsplatz. Die sieben \u00dcbungen, die insgesamt rund 15 Minuten dauern, k\u00f6nnen einzeln oder am [&hellip;]<\/p>\n","protected":false},"author":1,"featured_media":16171,"comment_status":"open","ping_status":"open","sticky":false,"template":"","format":"standard","meta":{"_acf_changed":false,"pgc_sgb_lightbox_settings":"","footnotes":""},"categories":[3314],"tags":[1783,1988,149,141,68],"class_list":["post-16798","post","type-post","status-publish","format-standard","has-post-thumbnail","hentry","category-health-safety","tag-bewegung","tag-ergonomie","tag-gesundheitsschutz","tag-praevention","tag-tipps-und-tricks"],"acf":[],"hkrextid":null,"publication":null,"issue":null,"workflow":null,"startPage":null,"spitzmarke":null,"_posts_by_tag_page_fields":{"widget_title":"","widget_tags":""},"_at_widget":"1","_yoast_wpseo_primary_category":"4","_yoast_wpseo_focuskw_text_input":"Lernmodul","_yoast_wpseo_opengraph-image":null,"_yoast_wpseo_opengraph-description":null,"_yoast_wpseo_opengraph-title":null,"enclosure":null,"_yoast_wpseo_twitter-title":null,"_yoast_wpseo_twitter-description":null,"_yoast_wpseo_twitter-image":null,"_wp_old_slug":null,"_yoast_wpseo_title":null,"_yoast_wpseo_canonical":null,"yoast_head":"<!-- This site is optimized with the Yoast SEO plugin v27.4 - https:\/\/yoast.com\/product\/yoast-seo-wordpress\/ -->\n<title>Mehr Bewegung im B\u00fcro - Save<\/title>\n<meta name=\"description\" content=\"Den ganzen Tag in der gleichen Position zu verharren, ist nicht gesund. Ein interaktives Lernmodul bringt Bewegung in den B\u00fcroalltag.\" \/>\n<meta name=\"robots\" content=\"index, follow, max-snippet:-1, max-image-preview:large, max-video-preview:-1\" \/>\n<link rel=\"canonical\" href=\"https:\/\/news.save.ch\/fr\/mehr-bewegung-im-buero\/\" \/>\n<meta property=\"og:locale\" content=\"fr_FR\" \/>\n<meta property=\"og:type\" content=\"article\" \/>\n<meta property=\"og:title\" content=\"Mehr Bewegung im B\u00fcro - Save\" \/>\n<meta property=\"og:description\" content=\"Den ganzen Tag in der gleichen Position zu verharren, ist nicht gesund. Ein interaktives Lernmodul bringt Bewegung in den B\u00fcroalltag.\" \/>\n<meta property=\"og:url\" content=\"https:\/\/news.save.ch\/fr\/mehr-bewegung-im-buero\/\" \/>\n<meta property=\"og:site_name\" content=\"Save\" \/>\n<meta property=\"article:published_time\" content=\"2017-02-20T07:11:35+00:00\" \/>\n<meta property=\"article:modified_time\" content=\"2023-03-14T08:04:24+00:00\" \/>\n<meta property=\"og:image\" content=\"https:\/\/news.save.ch\/wp-content\/uploads\/2017\/02\/BG_Etem.jpg\" \/>\n\t<meta property=\"og:image:width\" content=\"1196\" \/>\n\t<meta property=\"og:image:height\" content=\"842\" \/>\n\t<meta property=\"og:image:type\" content=\"image\/jpeg\" \/>\n<meta name=\"author\" content=\"admin\" \/>\n<meta name=\"twitter:card\" content=\"summary_large_image\" \/>\n<meta name=\"twitter:label1\" content=\"\u00c9crit par\" \/>\n\t<meta name=\"twitter:data1\" content=\"admin\" \/>\n\t<meta name=\"twitter:label2\" content=\"Dur\u00e9e de lecture estim\u00e9e\" \/>\n\t<meta name=\"twitter:data2\" content=\"1 minute\" \/>\n<script type=\"application\/ld+json\" class=\"yoast-schema-graph\">{\"@context\":\"https:\\\/\\\/schema.org\",\"@graph\":[{\"@type\":\"Article\",\"@id\":\"https:\\\/\\\/news.save.ch\\\/mehr-bewegung-im-buero\\\/#article\",\"isPartOf\":{\"@id\":\"https:\\\/\\\/news.save.ch\\\/mehr-bewegung-im-buero\\\/\"},\"author\":{\"name\":\"admin\",\"@id\":\"https:\\\/\\\/news.save.ch\\\/de\\\/#\\\/schema\\\/person\\\/d49e199490bad7c70d64b9ab51142f2b\"},\"headline\":\"Mehr Bewegung im B\u00fcro\",\"datePublished\":\"2017-02-20T07:11:35+00:00\",\"dateModified\":\"2023-03-14T08:04:24+00:00\",\"mainEntityOfPage\":{\"@id\":\"https:\\\/\\\/news.save.ch\\\/mehr-bewegung-im-buero\\\/\"},\"wordCount\":109,\"commentCount\":1,\"publisher\":{\"@id\":\"https:\\\/\\\/news.save.ch\\\/de\\\/#organization\"},\"image\":{\"@id\":\"https:\\\/\\\/news.save.ch\\\/mehr-bewegung-im-buero\\\/#primaryimage\"},\"thumbnailUrl\":\"https:\\\/\\\/news.save.ch\\\/wp-content\\\/uploads\\\/2017\\\/02\\\/BG_Etem.jpg\",\"keywords\":[\"Bewegung\",\"Ergonomie\",\"Gesundheitsschutz\",\"Pr\u00e4vention\",\"Tipps und Tricks\"],\"articleSection\":[\"HEALTH &amp; SAFETY\"],\"inLanguage\":\"fr-FR\"},{\"@type\":\"WebPage\",\"@id\":\"https:\\\/\\\/news.save.ch\\\/mehr-bewegung-im-buero\\\/\",\"url\":\"https:\\\/\\\/news.save.ch\\\/mehr-bewegung-im-buero\\\/\",\"name\":\"Mehr Bewegung im B\u00fcro - Save\",\"isPartOf\":{\"@id\":\"https:\\\/\\\/news.save.ch\\\/de\\\/#website\"},\"primaryImageOfPage\":{\"@id\":\"https:\\\/\\\/news.save.ch\\\/mehr-bewegung-im-buero\\\/#primaryimage\"},\"image\":{\"@id\":\"https:\\\/\\\/news.save.ch\\\/mehr-bewegung-im-buero\\\/#primaryimage\"},\"thumbnailUrl\":\"https:\\\/\\\/news.save.ch\\\/wp-content\\\/uploads\\\/2017\\\/02\\\/BG_Etem.jpg\",\"datePublished\":\"2017-02-20T07:11:35+00:00\",\"dateModified\":\"2023-03-14T08:04:24+00:00\",\"description\":\"Den ganzen Tag in der gleichen Position zu verharren, ist nicht gesund. Ein interaktives Lernmodul bringt Bewegung in den B\u00fcroalltag.\",\"breadcrumb\":{\"@id\":\"https:\\\/\\\/news.save.ch\\\/mehr-bewegung-im-buero\\\/#breadcrumb\"},\"inLanguage\":\"fr-FR\",\"potentialAction\":[{\"@type\":\"ReadAction\",\"target\":[\"https:\\\/\\\/news.save.ch\\\/mehr-bewegung-im-buero\\\/\"]}]},{\"@type\":\"ImageObject\",\"inLanguage\":\"fr-FR\",\"@id\":\"https:\\\/\\\/news.save.ch\\\/mehr-bewegung-im-buero\\\/#primaryimage\",\"url\":\"https:\\\/\\\/news.save.ch\\\/wp-content\\\/uploads\\\/2017\\\/02\\\/BG_Etem.jpg\",\"contentUrl\":\"https:\\\/\\\/news.save.ch\\\/wp-content\\\/uploads\\\/2017\\\/02\\\/BG_Etem.jpg\",\"width\":1196,\"height\":842,\"caption\":\"Das Lernmodul f\u00fchrt durch sieben \u00dcbungen.\"},{\"@type\":\"BreadcrumbList\",\"@id\":\"https:\\\/\\\/news.save.ch\\\/mehr-bewegung-im-buero\\\/#breadcrumb\",\"itemListElement\":[{\"@type\":\"ListItem\",\"position\":1,\"name\":\"Home\",\"item\":\"https:\\\/\\\/news.save.ch\\\/de\\\/\"},{\"@type\":\"ListItem\",\"position\":2,\"name\":\"Mehr Bewegung im B\u00fcro\"}]},{\"@type\":\"WebSite\",\"@id\":\"https:\\\/\\\/news.save.ch\\\/de\\\/#website\",\"url\":\"https:\\\/\\\/news.save.ch\\\/de\\\/\",\"name\":\"Save\",\"description\":\"Schweizer Fachzeitschrift f\u00fcr Sicherheit\",\"publisher\":{\"@id\":\"https:\\\/\\\/news.save.ch\\\/de\\\/#organization\"},\"potentialAction\":[{\"@type\":\"SearchAction\",\"target\":{\"@type\":\"EntryPoint\",\"urlTemplate\":\"https:\\\/\\\/news.save.ch\\\/de\\\/?s={search_term_string}\"},\"query-input\":{\"@type\":\"PropertyValueSpecification\",\"valueRequired\":true,\"valueName\":\"search_term_string\"}}],\"inLanguage\":\"fr-FR\"},{\"@type\":\"Organization\",\"@id\":\"https:\\\/\\\/news.save.ch\\\/de\\\/#organization\",\"name\":\"Sicherheitsforum\",\"url\":\"https:\\\/\\\/news.save.ch\\\/de\\\/\",\"logo\":{\"@type\":\"ImageObject\",\"inLanguage\":\"fr-FR\",\"@id\":\"https:\\\/\\\/news.save.ch\\\/de\\\/#\\\/schema\\\/logo\\\/image\\\/\",\"url\":\"https:\\\/\\\/news.save.ch\\\/wp-content\\\/uploads\\\/2022\\\/06\\\/Logo_SF_2012.png\",\"contentUrl\":\"https:\\\/\\\/news.save.ch\\\/wp-content\\\/uploads\\\/2022\\\/06\\\/Logo_SF_2012.png\",\"width\":1100,\"height\":91,\"caption\":\"Sicherheitsforum\"},\"image\":{\"@id\":\"https:\\\/\\\/news.save.ch\\\/de\\\/#\\\/schema\\\/logo\\\/image\\\/\"}},{\"@type\":\"Person\",\"@id\":\"https:\\\/\\\/news.save.ch\\\/de\\\/#\\\/schema\\\/person\\\/d49e199490bad7c70d64b9ab51142f2b\",\"name\":\"admin\",\"image\":{\"@type\":\"ImageObject\",\"inLanguage\":\"fr-FR\",\"@id\":\"https:\\\/\\\/secure.gravatar.com\\\/avatar\\\/ae2f4d718e6c49043e314ce431e7e645d646302a24a5ef5a8bc8e3f5a032e319?s=96&d=mm&r=g\",\"url\":\"https:\\\/\\\/secure.gravatar.com\\\/avatar\\\/ae2f4d718e6c49043e314ce431e7e645d646302a24a5ef5a8bc8e3f5a032e319?s=96&d=mm&r=g\",\"contentUrl\":\"https:\\\/\\\/secure.gravatar.com\\\/avatar\\\/ae2f4d718e6c49043e314ce431e7e645d646302a24a5ef5a8bc8e3f5a032e319?s=96&d=mm&r=g\",\"caption\":\"admin\"},\"sameAs\":[\"https:\\\/\\\/develop.organisator.galledia.ch\"],\"url\":\"https:\\\/\\\/news.save.ch\\\/fr\\\/author\\\/admin\\\/\"}]}<\/script>\n<!-- \/ Yoast SEO plugin. -->","yoast_head_json":{"title":"Plus de mouvement au bureau - Save","description":"Rester dans la m\u00eame position toute la journ\u00e9e n'est pas sain. Un module d'apprentissage interactif met du mouvement dans la vie quotidienne au bureau.","robots":{"index":"index","follow":"follow","max-snippet":"max-snippet:-1","max-image-preview":"max-image-preview:large","max-video-preview":"max-video-preview:-1"},"canonical":"https:\/\/news.save.ch\/fr\/mehr-bewegung-im-buero\/","og_locale":"fr_FR","og_type":"article","og_title":"Mehr Bewegung im B\u00fcro - Save","og_description":"Den ganzen Tag in der gleichen Position zu verharren, ist nicht gesund. Ein interaktives Lernmodul bringt Bewegung in den B\u00fcroalltag.","og_url":"https:\/\/news.save.ch\/fr\/mehr-bewegung-im-buero\/","og_site_name":"Save","article_published_time":"2017-02-20T07:11:35+00:00","article_modified_time":"2023-03-14T08:04:24+00:00","og_image":[{"width":1196,"height":842,"url":"https:\/\/news.save.ch\/wp-content\/uploads\/2017\/02\/BG_Etem.jpg","type":"image\/jpeg"}],"author":"admin","twitter_card":"summary_large_image","twitter_misc":{"\u00c9crit par":"admin","Dur\u00e9e de lecture estim\u00e9e":"1 minute"},"schema":{"@context":"https:\/\/schema.org","@graph":[{"@type":"Article","@id":"https:\/\/news.save.ch\/mehr-bewegung-im-buero\/#article","isPartOf":{"@id":"https:\/\/news.save.ch\/mehr-bewegung-im-buero\/"},"author":{"name":"admin","@id":"https:\/\/news.save.ch\/de\/#\/schema\/person\/d49e199490bad7c70d64b9ab51142f2b"},"headline":"Mehr Bewegung im B\u00fcro","datePublished":"2017-02-20T07:11:35+00:00","dateModified":"2023-03-14T08:04:24+00:00","mainEntityOfPage":{"@id":"https:\/\/news.save.ch\/mehr-bewegung-im-buero\/"},"wordCount":109,"commentCount":1,"publisher":{"@id":"https:\/\/news.save.ch\/de\/#organization"},"image":{"@id":"https:\/\/news.save.ch\/mehr-bewegung-im-buero\/#primaryimage"},"thumbnailUrl":"https:\/\/news.save.ch\/wp-content\/uploads\/2017\/02\/BG_Etem.jpg","keywords":["Bewegung","Ergonomie","Gesundheitsschutz","Pr\u00e4vention","Tipps und Tricks"],"articleSection":["HEALTH &amp; SAFETY"],"inLanguage":"fr-FR"},{"@type":"WebPage","@id":"https:\/\/news.save.ch\/mehr-bewegung-im-buero\/","url":"https:\/\/news.save.ch\/mehr-bewegung-im-buero\/","name":"Plus de mouvement au bureau - Save","isPartOf":{"@id":"https:\/\/news.save.ch\/de\/#website"},"primaryImageOfPage":{"@id":"https:\/\/news.save.ch\/mehr-bewegung-im-buero\/#primaryimage"},"image":{"@id":"https:\/\/news.save.ch\/mehr-bewegung-im-buero\/#primaryimage"},"thumbnailUrl":"https:\/\/news.save.ch\/wp-content\/uploads\/2017\/02\/BG_Etem.jpg","datePublished":"2017-02-20T07:11:35+00:00","dateModified":"2023-03-14T08:04:24+00:00","description":"Rester dans la m\u00eame position toute la journ\u00e9e n'est pas sain. Un module d'apprentissage interactif met du mouvement dans la vie quotidienne au bureau.","breadcrumb":{"@id":"https:\/\/news.save.ch\/mehr-bewegung-im-buero\/#breadcrumb"},"inLanguage":"fr-FR","potentialAction":[{"@type":"ReadAction","target":["https:\/\/news.save.ch\/mehr-bewegung-im-buero\/"]}]},{"@type":"ImageObject","inLanguage":"fr-FR","@id":"https:\/\/news.save.ch\/mehr-bewegung-im-buero\/#primaryimage","url":"https:\/\/news.save.ch\/wp-content\/uploads\/2017\/02\/BG_Etem.jpg","contentUrl":"https:\/\/news.save.ch\/wp-content\/uploads\/2017\/02\/BG_Etem.jpg","width":1196,"height":842,"caption":"Das Lernmodul f\u00fchrt durch sieben \u00dcbungen."},{"@type":"BreadcrumbList","@id":"https:\/\/news.save.ch\/mehr-bewegung-im-buero\/#breadcrumb","itemListElement":[{"@type":"ListItem","position":1,"name":"Home","item":"https:\/\/news.save.ch\/de\/"},{"@type":"ListItem","position":2,"name":"Mehr Bewegung im B\u00fcro"}]},{"@type":"WebSite","@id":"https:\/\/news.save.ch\/de\/#website","url":"https:\/\/news.save.ch\/de\/","name":"Save","description":"Revue suisse sp\u00e9cialis\u00e9e dans la s\u00e9curit\u00e9","publisher":{"@id":"https:\/\/news.save.ch\/de\/#organization"},"potentialAction":[{"@type":"SearchAction","target":{"@type":"EntryPoint","urlTemplate":"https:\/\/news.save.ch\/de\/?s={search_term_string}"},"query-input":{"@type":"PropertyValueSpecification","valueRequired":true,"valueName":"search_term_string"}}],"inLanguage":"fr-FR"},{"@type":"Organization","@id":"https:\/\/news.save.ch\/de\/#organization","name":"Forum sur la s\u00e9curit\u00e9","url":"https:\/\/news.save.ch\/de\/","logo":{"@type":"ImageObject","inLanguage":"fr-FR","@id":"https:\/\/news.save.ch\/de\/#\/schema\/logo\/image\/","url":"https:\/\/news.save.ch\/wp-content\/uploads\/2022\/06\/Logo_SF_2012.png","contentUrl":"https:\/\/news.save.ch\/wp-content\/uploads\/2022\/06\/Logo_SF_2012.png","width":1100,"height":91,"caption":"Sicherheitsforum"},"image":{"@id":"https:\/\/news.save.ch\/de\/#\/schema\/logo\/image\/"}},{"@type":"Person","@id":"https:\/\/news.save.ch\/de\/#\/schema\/person\/d49e199490bad7c70d64b9ab51142f2b","name":"admin","image":{"@type":"ImageObject","inLanguage":"fr-FR","@id":"https:\/\/secure.gravatar.com\/avatar\/ae2f4d718e6c49043e314ce431e7e645d646302a24a5ef5a8bc8e3f5a032e319?s=96&d=mm&r=g","url":"https:\/\/secure.gravatar.com\/avatar\/ae2f4d718e6c49043e314ce431e7e645d646302a24a5ef5a8bc8e3f5a032e319?s=96&d=mm&r=g","contentUrl":"https:\/\/secure.gravatar.com\/avatar\/ae2f4d718e6c49043e314ce431e7e645d646302a24a5ef5a8bc8e3f5a032e319?s=96&d=mm&r=g","caption":"admin"},"sameAs":["https:\/\/develop.organisator.galledia.ch"],"url":"https:\/\/news.save.ch\/fr\/author\/admin\/"}]}},"_links":{"self":[{"href":"https:\/\/news.save.ch\/fr\/wp-json\/wp\/v2\/posts\/16798","targetHints":{"allow":["GET"]}}],"collection":[{"href":"https:\/\/news.save.ch\/fr\/wp-json\/wp\/v2\/posts"}],"about":[{"href":"https:\/\/news.save.ch\/fr\/wp-json\/wp\/v2\/types\/post"}],"author":[{"embeddable":true,"href":"https:\/\/news.save.ch\/fr\/wp-json\/wp\/v2\/users\/1"}],"replies":[{"embeddable":true,"href":"https:\/\/news.save.ch\/fr\/wp-json\/wp\/v2\/comments?post=16798"}],"version-history":[{"count":1,"href":"https:\/\/news.save.ch\/fr\/wp-json\/wp\/v2\/posts\/16798\/revisions"}],"predecessor-version":[{"id":18798,"href":"https:\/\/news.save.ch\/fr\/wp-json\/wp\/v2\/posts\/16798\/revisions\/18798"}],"wp:featuredmedia":[{"embeddable":true,"href":"https:\/\/news.save.ch\/fr\/wp-json\/wp\/v2\/media\/16171"}],"wp:attachment":[{"href":"https:\/\/news.save.ch\/fr\/wp-json\/wp\/v2\/media?parent=16798"}],"wp:term":[{"taxonomy":"category","embeddable":true,"href":"https:\/\/news.save.ch\/fr\/wp-json\/wp\/v2\/categories?post=16798"},{"taxonomy":"post_tag","embeddable":true,"href":"https:\/\/news.save.ch\/fr\/wp-json\/wp\/v2\/tags?post=16798"}],"curies":[{"name":"wp","href":"https:\/\/api.w.org\/{rel}","templated":true}]}}