{"id":16799,"date":"2017-02-17T11:45:56","date_gmt":"2017-02-17T10:45:56","guid":{"rendered":"https:\/\/news.save.ch\/?p=1444"},"modified":"2023-03-14T09:01:07","modified_gmt":"2023-03-14T08:01:07","slug":"berufsunfaelle-nehmen-weiter-ab","status":null,"type":"post","link":"https:\/\/news.save.ch\/fr\/berufsunfaelle-nehmen-weiter-ab\/","title":{"rendered":"Les accidents du travail continuent de diminuer"},"content":{"rendered":"<figure id=\"attachment_1447\" aria-describedby=\"caption-attachment-1447\" style=\"width: 680px\" class=\"wp-caption alignnone\"><img loading=\"lazy\" decoding=\"async\" class=\"size-medium wp-image-1447\" src=\"http:\/\/develop.safety-plus.ch\/wp-content\/uploads\/2017\/02\/Depositphotos_31439787_l-2015.jpg\" alt=\"\" width=\"680\" height=\"454\" \/><figcaption id=\"caption-attachment-1447\" class=\"wp-caption-text\">A nouveau moins d'accidents professionnels et des frais m\u00e9dicaux plus bas par cas : c'est ce que montre l'\u00e9valuation de l'ann\u00e9e d'assurance 2016 de la Suva.<\/figcaption><\/figure>\n<p>En 2016, les assur\u00e9s ont d\u00e9clar\u00e9 461 000 accidents \u00e0 la Suva. Le nombre d'accidents professionnels et non professionnels est rest\u00e9 l\u00e9g\u00e8rement inf\u00e9rieur \u00e0 celui de l'ann\u00e9e pr\u00e9c\u00e9dente : les quelque 178 000 accidents et maladies professionnels enregistr\u00e9s ont diminu\u00e9 de 1,1 %, tandis que les accidents non professionnels ont baiss\u00e9 de 0,5 % pour atteindre pr\u00e8s de 264 000. Dans l'assurance-accidents pour les ch\u00f4meurs, le nombre d'accidents a augment\u00e9 presque parall\u00e8lement \u00e0 l'augmentation du nombre de demandeurs d'emploi.<\/p>\n<figure id=\"attachment_1445\" aria-describedby=\"caption-attachment-1445\" style=\"width: 680px\" class=\"wp-caption alignnone\"><img loading=\"lazy\" decoding=\"async\" class=\"size-medium wp-image-1445\" src=\"http:\/\/develop.safety-plus.ch\/wp-content\/uploads\/2017\/02\/Berufsunfaelle_2016_1.jpg\" alt=\"\" width=\"680\" height=\"227\" \/><figcaption id=\"caption-attachment-1445\" class=\"wp-caption-text\">Accidents enregistr\u00e9s par la Suva : Les accidents professionnels ont diminu\u00e9 de 1,1%.<\/figcaption><\/figure>\n<div class=\"row\">\n<div class=\"col-sm-12\">\n<div class=\"m-rich\">\n<p>Dans l'assurance contre les accidents du travail, le nombre d'accidents a continuellement baiss\u00e9 depuis 2011, de 5,5 pour cent au total. Et ce, bien que le nombre de travailleurs \u00e0 temps plein ait augment\u00e9 durant cette p\u00e9riode. Le risque d'accident professionnel (nombre d'accidents pour 1000 travailleurs \u00e0 temps plein) diminue \u00e9galement depuis des ann\u00e9es. La Suva attribue ce recul d'une part \u00e0 son travail de pr\u00e9vention dans le domaine de la s\u00e9curit\u00e9 au travail. D'autre part, les activit\u00e9s \u00e0 haut risque diminuent de mani\u00e8re g\u00e9n\u00e9rale en raison des changements structurels continus - par exemple en raison de l'augmentation des processus automatis\u00e9s.<\/p>\n<h4>Un bon r\u00e9sultat malgr\u00e9 des co\u00fbts plus \u00e9lev\u00e9s<\/h4>\n<p>En 2016, la Suva a d\u00e9bours\u00e9 1,35 milliard de francs pour les indemnit\u00e9s journali\u00e8res, soit 3,5 % de plus que l'ann\u00e9e pr\u00e9c\u00e9dente. La dur\u00e9e moyenne de perception des indemnit\u00e9s journali\u00e8res est toutefois rest\u00e9e stable, \u00e0 environ 40 jours. La hausse des co\u00fbts des indemnit\u00e9s journali\u00e8res s'explique notamment par le fait que davantage de cas ont \u00e9t\u00e9 d\u00e9compt\u00e9s en 2016 (+2,6 pour cent), soit pr\u00e8s de 231 000 cas au total. Cela s'explique par le fait que la Suva est pass\u00e9e en 2015 \u00e0 un nouveau logiciel pour le r\u00e8glement des sinistres. Ce changement a entra\u00een\u00e9 des retards de travail que la Suva a r\u00e9sorb\u00e9s en 2016, ce qui se refl\u00e8te d\u00e9sormais dans les chiffres. Par ailleurs, les co\u00fbts des indemnit\u00e9s journali\u00e8res ont \u00e9t\u00e9 influenc\u00e9s par la hausse g\u00e9n\u00e9rale des salaires moyens ainsi que par l'augmentation du gain maximal assur\u00e9 au 1er janvier 2016.<\/p>\n<\/div>\n<\/div>\n<\/div>\n<div class=\"row\">\n<div class=\"col-sm-12\">\n<figure id=\"attachment_1446\" aria-describedby=\"caption-attachment-1446\" style=\"width: 680px\" class=\"wp-caption alignnone\"><img loading=\"lazy\" decoding=\"async\" class=\"size-medium wp-image-1446\" src=\"http:\/\/develop.safety-plus.ch\/wp-content\/uploads\/2017\/02\/Berufsunfaelle_2016_2.jpg\" alt=\"\" width=\"680\" height=\"194\" \/><figcaption id=\"caption-attachment-1446\" class=\"wp-caption-text\">Alors que les frais m\u00e9dicaux par cas ont l\u00e9g\u00e8rement diminu\u00e9 l'ann\u00e9e derni\u00e8re, le nombre total de cas factur\u00e9s a augment\u00e9 plus fortement.<br \/>(Chiffres : Suva)<\/figcaption><\/figure>\n<\/div>\n<\/div>\n<div class=\"row\">\n<div class=\"col-sm-12\">\n<div class=\"m-rich\">\n<p>Le changement de logiciel de la Suva a \u00e9galement eu un impact sur les frais m\u00e9dicaux. Elle a \u00e9galement entra\u00een\u00e9 une augmentation des cas factur\u00e9s (+2,5 %). La Suva a donc vers\u00e9 1,21 milliard de francs pour les prestations m\u00e9dicales et th\u00e9rapeutiques. Les frais m\u00e9dicaux ont ainsi augment\u00e9 de 1,9 pour cent. Les frais m\u00e9dicaux par cas ont en revanche l\u00e9g\u00e8rement diminu\u00e9, \u00e0 environ 2000 francs. Dans ce contexte, on peut parler d'un bon r\u00e9sultat, d\u00e9clare Daniel Roscher, membre de la direction de la Suva. Selon lui, cela s'explique principalement par le fait que la Suva a pu soutenir plus rapidement ses accident\u00e9s de mani\u00e8re cibl\u00e9e l'ann\u00e9e derni\u00e8re. De mani\u00e8re g\u00e9n\u00e9rale, la Suva peut, gr\u00e2ce \u00e0 des avantages li\u00e9s au syst\u00e8me, contr\u00f4ler en partie les co\u00fbts, car elle travaille selon le principe des prestations en nature. Elle peut ainsi exercer une influence d\u00e8s le traitement, puisque les assur\u00e9s re\u00e7oivent une prestation m\u00e9dicale mise \u00e0 disposition par l'assurance-accidents. \"Nous pouvons contribuer \u00e0 d\u00e9cider si une prestation m\u00e9dicale est appropri\u00e9e ou non pour un patient donn\u00e9 dans sa situation\", explique Roscher. La Suva a ainsi de meilleures possibilit\u00e9s de pilotage, peut contr\u00f4ler les factures de mani\u00e8re cons\u00e9quente et n'est pas un organisme de paiement passif. \"Cela a une influence positive sur les primes\".<\/p>\n<h4>Contr\u00f4les syst\u00e9matiques des factures<\/h4>\n<p>La Suva s'engage fortement pour ma\u00eetriser l'augmentation des frais m\u00e9dicaux. L'ann\u00e9e derni\u00e8re, elle a ainsi contr\u00f4l\u00e9 environ 2,4 millions de factures par voie \u00e9lectronique. Sur ce nombre, le syst\u00e8me a \u00e9limin\u00e9 environ 1 million de factures en raison d'anomalies. Ces derni\u00e8res ont \u00e9t\u00e9 contr\u00f4l\u00e9es manuellement par 60 sp\u00e9cialistes des frais m\u00e9dicaux de la Suva. \"Ils v\u00e9rifient avant tout si les prestations per\u00e7ues sont li\u00e9es \u00e0 l'accident, si elles correspondent au diagnostic et si elles sont conformes au tarif\", explique Peter Diermann, responsable du secteur des prestations d'assurance \u00e0 la Suva. Gr\u00e2ce \u00e0 ces contr\u00f4les syst\u00e9matiques des factures, la Suva ne paie que les prestations qui sont justifi\u00e9es. \"Car le contr\u00f4le d'aujourd'hui est la prime de demain\".<\/p>\n<p>En 2016, la Suva a rejet\u00e9 280 000 factures pour un montant total de 210 millions de francs. La plupart des cr\u00e9ances rejet\u00e9es concernaient des factures en double, des cas refus\u00e9s ou cl\u00f4tur\u00e9s ou des prestations non assur\u00e9es, comme par exemple des m\u00e9dicaments contre la migraine.<\/p>\n<h4>Co\u00fbt plus \u00e9lev\u00e9 des retraites<\/h4>\n<p>Au total, quelque 88 000 personnes per\u00e7oivent actuellement une rente de la Suva. Il s'agit \u00e0 80 % de rentes d'invalidit\u00e9 et \u00e0 pr\u00e8s d'un cinqui\u00e8me de rentes de survivants. Chaque mois, environ 122 millions de francs sont vers\u00e9s aux ayants droit sous forme de rentes. Le nombre de nouvelles rentes d'invalidit\u00e9 (1670) se situe dans la fourchette des cinq derni\u00e8res ann\u00e9es (1606 l'ann\u00e9e pr\u00e9c\u00e9dente). En moyenne, une nouvelle rente d'invalidit\u00e9 \u00e0 vie a n\u00e9cessit\u00e9 l'ann\u00e9e derni\u00e8re une r\u00e9serve math\u00e9matique de 336 000 francs (ann\u00e9e pr\u00e9c\u00e9dente : 322 500 francs). En raison du contexte de taux d'int\u00e9r\u00eat bas, la Suva a besoin de plus de moyens pour capitaliser les nouvelles rentes. De plus, l'esp\u00e9rance de vie des b\u00e9n\u00e9ficiaires de rentes augmente, ce qui contribue \u00e9galement \u00e0 un besoin accru en capital. Tous ces facteurs ont entra\u00een\u00e9 en 2016 une augmentation du co\u00fbt total des nouvelles rentes d'invalidit\u00e9, qui est pass\u00e9 de 518 \u00e0 561 millions de francs.<\/p>\n<p>Source : Suva<\/p>\n<\/div>\n<\/div>\n<\/div>","protected":false},"excerpt":{"rendered":"<p>2016 meldeten die Versicherten der Suva 461 000 Unf\u00e4lle. Dabei blieb die Anzahl Berufs- und Nichtberufsunf\u00e4lle leicht unter dem Vorjahr: Die rund 178 000 registrierten Berufsunf\u00e4lle und Berufskrankheiten gingen um 1,1 Prozent zur\u00fcck, die Nichtberufsunf\u00e4lle sanken um 0,5 Prozent auf knapp 264 000. In der Unfallversicherung f\u00fcr Arbeitslose stiegen die Unfallzahlen fast parallel mit der [&hellip;]<\/p>\n","protected":false},"author":1,"featured_media":16175,"comment_status":"open","ping_status":"open","sticky":false,"template":"","format":"standard","meta":{"_acf_changed":false,"pgc_sgb_lightbox_settings":"","footnotes":""},"categories":[3314],"tags":[1767,175,167],"class_list":["post-16799","post","type-post","status-publish","format-standard","has-post-thumbnail","hentry","category-health-safety","tag-berufsunfall","tag-nichtberufsunfaelle","tag-suva"],"acf":[],"hkrextid":null,"publication":null,"issue":null,"workflow":null,"startPage":null,"spitzmarke":null,"_posts_by_tag_page_fields":{"widget_title":"","widget_tags":""},"_at_widget":"1","_yoast_wpseo_primary_category":"5","_yoast_wpseo_focuskw_text_input":"Berufsunf\u00e4lle","_yoast_wpseo_opengraph-image":null,"_yoast_wpseo_opengraph-description":null,"_yoast_wpseo_opengraph-title":null,"enclosure":null,"_yoast_wpseo_twitter-title":null,"_yoast_wpseo_twitter-description":null,"_yoast_wpseo_twitter-image":null,"_wp_old_slug":null,"_yoast_wpseo_title":null,"_yoast_wpseo_canonical":null,"yoast_head":"<!-- This site is optimized with the Yoast SEO plugin v27.5 - https:\/\/yoast.com\/product\/yoast-seo-wordpress\/ -->\n<title>Berufsunf\u00e4lle nehmen weiter ab - Save<\/title>\n<meta name=\"description\" content=\"Auch 2016 nahm die registrierte Zahl an Berufsunf\u00e4llen um \u00fcber 1% ab. Auch die Zahl an Nichtberufsunf\u00e4llen ist leicht r\u00fcckl\u00e4ufig. Dies meldet die Suva.\" \/>\n<meta name=\"robots\" content=\"index, follow, max-snippet:-1, max-image-preview:large, max-video-preview:-1\" \/>\n<link rel=\"canonical\" href=\"https:\/\/news.save.ch\/fr\/berufsunfaelle-nehmen-weiter-ab\/\" \/>\n<meta property=\"og:locale\" content=\"fr_FR\" \/>\n<meta property=\"og:type\" content=\"article\" \/>\n<meta property=\"og:title\" content=\"Berufsunf\u00e4lle nehmen weiter ab - Save\" \/>\n<meta property=\"og:description\" content=\"Auch 2016 nahm die registrierte Zahl an Berufsunf\u00e4llen um \u00fcber 1% ab. Auch die Zahl an Nichtberufsunf\u00e4llen ist leicht r\u00fcckl\u00e4ufig. Dies meldet die Suva.\" \/>\n<meta property=\"og:url\" content=\"https:\/\/news.save.ch\/fr\/berufsunfaelle-nehmen-weiter-ab\/\" \/>\n<meta property=\"og:site_name\" content=\"Save\" \/>\n<meta property=\"article:published_time\" content=\"2017-02-17T10:45:56+00:00\" \/>\n<meta property=\"article:modified_time\" content=\"2023-03-14T08:01:07+00:00\" \/>\n<meta property=\"og:image\" content=\"https:\/\/news.save.ch\/wp-content\/uploads\/2017\/02\/Depositphotos_31439787_l-2015-scaled-1.jpg\" \/>\n\t<meta property=\"og:image:width\" content=\"1200\" \/>\n\t<meta property=\"og:image:height\" content=\"801\" \/>\n\t<meta property=\"og:image:type\" content=\"image\/jpeg\" \/>\n<meta name=\"author\" content=\"admin\" \/>\n<meta name=\"twitter:card\" content=\"summary_large_image\" \/>\n<meta name=\"twitter:label1\" content=\"\u00c9crit par\" \/>\n\t<meta name=\"twitter:data1\" content=\"admin\" \/>\n\t<meta name=\"twitter:label2\" content=\"Dur\u00e9e de lecture estim\u00e9e\" \/>\n\t<meta name=\"twitter:data2\" content=\"4 minutes\" \/>\n<script type=\"application\/ld+json\" class=\"yoast-schema-graph\">{\"@context\":\"https:\\\/\\\/schema.org\",\"@graph\":[{\"@type\":\"Article\",\"@id\":\"https:\\\/\\\/news.save.ch\\\/berufsunfaelle-nehmen-weiter-ab\\\/#article\",\"isPartOf\":{\"@id\":\"https:\\\/\\\/news.save.ch\\\/berufsunfaelle-nehmen-weiter-ab\\\/\"},\"author\":{\"name\":\"admin\",\"@id\":\"https:\\\/\\\/news.save.ch\\\/de\\\/#\\\/schema\\\/person\\\/d49e199490bad7c70d64b9ab51142f2b\"},\"headline\":\"Berufsunf\u00e4lle nehmen weiter ab\",\"datePublished\":\"2017-02-17T10:45:56+00:00\",\"dateModified\":\"2023-03-14T08:01:07+00:00\",\"mainEntityOfPage\":{\"@id\":\"https:\\\/\\\/news.save.ch\\\/berufsunfaelle-nehmen-weiter-ab\\\/\"},\"wordCount\":766,\"commentCount\":0,\"publisher\":{\"@id\":\"https:\\\/\\\/news.save.ch\\\/de\\\/#organization\"},\"image\":{\"@id\":\"https:\\\/\\\/news.save.ch\\\/berufsunfaelle-nehmen-weiter-ab\\\/#primaryimage\"},\"thumbnailUrl\":\"https:\\\/\\\/news.save.ch\\\/wp-content\\\/uploads\\\/2017\\\/02\\\/Depositphotos_31439787_l-2015-scaled-1.jpg\",\"keywords\":[\"Berufsunfall\",\"Nichtberufsunf\u00e4lle\",\"SUVA\"],\"articleSection\":[\"HEALTH &amp; SAFETY\"],\"inLanguage\":\"fr-FR\"},{\"@type\":\"WebPage\",\"@id\":\"https:\\\/\\\/news.save.ch\\\/berufsunfaelle-nehmen-weiter-ab\\\/\",\"url\":\"https:\\\/\\\/news.save.ch\\\/berufsunfaelle-nehmen-weiter-ab\\\/\",\"name\":\"Berufsunf\u00e4lle nehmen weiter ab - Save\",\"isPartOf\":{\"@id\":\"https:\\\/\\\/news.save.ch\\\/de\\\/#website\"},\"primaryImageOfPage\":{\"@id\":\"https:\\\/\\\/news.save.ch\\\/berufsunfaelle-nehmen-weiter-ab\\\/#primaryimage\"},\"image\":{\"@id\":\"https:\\\/\\\/news.save.ch\\\/berufsunfaelle-nehmen-weiter-ab\\\/#primaryimage\"},\"thumbnailUrl\":\"https:\\\/\\\/news.save.ch\\\/wp-content\\\/uploads\\\/2017\\\/02\\\/Depositphotos_31439787_l-2015-scaled-1.jpg\",\"datePublished\":\"2017-02-17T10:45:56+00:00\",\"dateModified\":\"2023-03-14T08:01:07+00:00\",\"description\":\"Auch 2016 nahm die registrierte Zahl an Berufsunf\u00e4llen um \u00fcber 1% ab. Auch die Zahl an Nichtberufsunf\u00e4llen ist leicht r\u00fcckl\u00e4ufig. Dies meldet die Suva.\",\"breadcrumb\":{\"@id\":\"https:\\\/\\\/news.save.ch\\\/berufsunfaelle-nehmen-weiter-ab\\\/#breadcrumb\"},\"inLanguage\":\"fr-FR\",\"potentialAction\":[{\"@type\":\"ReadAction\",\"target\":[\"https:\\\/\\\/news.save.ch\\\/berufsunfaelle-nehmen-weiter-ab\\\/\"]}]},{\"@type\":\"ImageObject\",\"inLanguage\":\"fr-FR\",\"@id\":\"https:\\\/\\\/news.save.ch\\\/berufsunfaelle-nehmen-weiter-ab\\\/#primaryimage\",\"url\":\"https:\\\/\\\/news.save.ch\\\/wp-content\\\/uploads\\\/2017\\\/02\\\/Depositphotos_31439787_l-2015-scaled-1.jpg\",\"contentUrl\":\"https:\\\/\\\/news.save.ch\\\/wp-content\\\/uploads\\\/2017\\\/02\\\/Depositphotos_31439787_l-2015-scaled-1.jpg\",\"width\":1200,\"height\":801,\"caption\":\"Erneut weniger Berufsunf\u00e4lle und tiefere Heilkosten pro Fall: Das zeigt die Auswertung des Versicherungsjahrs 2016 der Suva.\"},{\"@type\":\"BreadcrumbList\",\"@id\":\"https:\\\/\\\/news.save.ch\\\/berufsunfaelle-nehmen-weiter-ab\\\/#breadcrumb\",\"itemListElement\":[{\"@type\":\"ListItem\",\"position\":1,\"name\":\"Home\",\"item\":\"https:\\\/\\\/news.save.ch\\\/de\\\/\"},{\"@type\":\"ListItem\",\"position\":2,\"name\":\"Berufsunf\u00e4lle nehmen weiter ab\"}]},{\"@type\":\"WebSite\",\"@id\":\"https:\\\/\\\/news.save.ch\\\/de\\\/#website\",\"url\":\"https:\\\/\\\/news.save.ch\\\/de\\\/\",\"name\":\"Save\",\"description\":\"Schweizer Fachzeitschrift f\u00fcr Sicherheit\",\"publisher\":{\"@id\":\"https:\\\/\\\/news.save.ch\\\/de\\\/#organization\"},\"potentialAction\":[{\"@type\":\"SearchAction\",\"target\":{\"@type\":\"EntryPoint\",\"urlTemplate\":\"https:\\\/\\\/news.save.ch\\\/de\\\/?s={search_term_string}\"},\"query-input\":{\"@type\":\"PropertyValueSpecification\",\"valueRequired\":true,\"valueName\":\"search_term_string\"}}],\"inLanguage\":\"fr-FR\"},{\"@type\":\"Organization\",\"@id\":\"https:\\\/\\\/news.save.ch\\\/de\\\/#organization\",\"name\":\"Sicherheitsforum\",\"url\":\"https:\\\/\\\/news.save.ch\\\/de\\\/\",\"logo\":{\"@type\":\"ImageObject\",\"inLanguage\":\"fr-FR\",\"@id\":\"https:\\\/\\\/news.save.ch\\\/de\\\/#\\\/schema\\\/logo\\\/image\\\/\",\"url\":\"https:\\\/\\\/news.save.ch\\\/wp-content\\\/uploads\\\/2022\\\/06\\\/Logo_SF_2012.png\",\"contentUrl\":\"https:\\\/\\\/news.save.ch\\\/wp-content\\\/uploads\\\/2022\\\/06\\\/Logo_SF_2012.png\",\"width\":1100,\"height\":91,\"caption\":\"Sicherheitsforum\"},\"image\":{\"@id\":\"https:\\\/\\\/news.save.ch\\\/de\\\/#\\\/schema\\\/logo\\\/image\\\/\"}},{\"@type\":\"Person\",\"@id\":\"https:\\\/\\\/news.save.ch\\\/de\\\/#\\\/schema\\\/person\\\/d49e199490bad7c70d64b9ab51142f2b\",\"name\":\"admin\",\"image\":{\"@type\":\"ImageObject\",\"inLanguage\":\"fr-FR\",\"@id\":\"https:\\\/\\\/secure.gravatar.com\\\/avatar\\\/ae2f4d718e6c49043e314ce431e7e645d646302a24a5ef5a8bc8e3f5a032e319?s=96&d=mm&r=g\",\"url\":\"https:\\\/\\\/secure.gravatar.com\\\/avatar\\\/ae2f4d718e6c49043e314ce431e7e645d646302a24a5ef5a8bc8e3f5a032e319?s=96&d=mm&r=g\",\"contentUrl\":\"https:\\\/\\\/secure.gravatar.com\\\/avatar\\\/ae2f4d718e6c49043e314ce431e7e645d646302a24a5ef5a8bc8e3f5a032e319?s=96&d=mm&r=g\",\"caption\":\"admin\"},\"sameAs\":[\"https:\\\/\\\/develop.organisator.galledia.ch\"],\"url\":\"https:\\\/\\\/news.save.ch\\\/fr\\\/author\\\/admin\\\/\"}]}<\/script>\n<!-- \/ Yoast SEO plugin. -->","yoast_head_json":{"title":"Les accidents du travail continuent de diminuer - Save","description":"En 2016, le nombre d'accidents professionnels enregistr\u00e9s a \u00e9galement diminu\u00e9 de plus de 1%. Le nombre d'accidents non professionnels est \u00e9galement en l\u00e9g\u00e8re baisse. C'est ce qu'annonce la Suva.","robots":{"index":"index","follow":"follow","max-snippet":"max-snippet:-1","max-image-preview":"max-image-preview:large","max-video-preview":"max-video-preview:-1"},"canonical":"https:\/\/news.save.ch\/fr\/berufsunfaelle-nehmen-weiter-ab\/","og_locale":"fr_FR","og_type":"article","og_title":"Berufsunf\u00e4lle nehmen weiter ab - Save","og_description":"Auch 2016 nahm die registrierte Zahl an Berufsunf\u00e4llen um \u00fcber 1% ab. Auch die Zahl an Nichtberufsunf\u00e4llen ist leicht r\u00fcckl\u00e4ufig. Dies meldet die Suva.","og_url":"https:\/\/news.save.ch\/fr\/berufsunfaelle-nehmen-weiter-ab\/","og_site_name":"Save","article_published_time":"2017-02-17T10:45:56+00:00","article_modified_time":"2023-03-14T08:01:07+00:00","og_image":[{"width":1200,"height":801,"url":"https:\/\/news.save.ch\/wp-content\/uploads\/2017\/02\/Depositphotos_31439787_l-2015-scaled-1.jpg","type":"image\/jpeg"}],"author":"admin","twitter_card":"summary_large_image","twitter_misc":{"\u00c9crit par":"admin","Dur\u00e9e de lecture estim\u00e9e":"4 minutes"},"schema":{"@context":"https:\/\/schema.org","@graph":[{"@type":"Article","@id":"https:\/\/news.save.ch\/berufsunfaelle-nehmen-weiter-ab\/#article","isPartOf":{"@id":"https:\/\/news.save.ch\/berufsunfaelle-nehmen-weiter-ab\/"},"author":{"name":"admin","@id":"https:\/\/news.save.ch\/de\/#\/schema\/person\/d49e199490bad7c70d64b9ab51142f2b"},"headline":"Berufsunf\u00e4lle nehmen weiter ab","datePublished":"2017-02-17T10:45:56+00:00","dateModified":"2023-03-14T08:01:07+00:00","mainEntityOfPage":{"@id":"https:\/\/news.save.ch\/berufsunfaelle-nehmen-weiter-ab\/"},"wordCount":766,"commentCount":0,"publisher":{"@id":"https:\/\/news.save.ch\/de\/#organization"},"image":{"@id":"https:\/\/news.save.ch\/berufsunfaelle-nehmen-weiter-ab\/#primaryimage"},"thumbnailUrl":"https:\/\/news.save.ch\/wp-content\/uploads\/2017\/02\/Depositphotos_31439787_l-2015-scaled-1.jpg","keywords":["Berufsunfall","Nichtberufsunf\u00e4lle","SUVA"],"articleSection":["HEALTH &amp; SAFETY"],"inLanguage":"fr-FR"},{"@type":"WebPage","@id":"https:\/\/news.save.ch\/berufsunfaelle-nehmen-weiter-ab\/","url":"https:\/\/news.save.ch\/berufsunfaelle-nehmen-weiter-ab\/","name":"Les accidents du travail continuent de diminuer - Save","isPartOf":{"@id":"https:\/\/news.save.ch\/de\/#website"},"primaryImageOfPage":{"@id":"https:\/\/news.save.ch\/berufsunfaelle-nehmen-weiter-ab\/#primaryimage"},"image":{"@id":"https:\/\/news.save.ch\/berufsunfaelle-nehmen-weiter-ab\/#primaryimage"},"thumbnailUrl":"https:\/\/news.save.ch\/wp-content\/uploads\/2017\/02\/Depositphotos_31439787_l-2015-scaled-1.jpg","datePublished":"2017-02-17T10:45:56+00:00","dateModified":"2023-03-14T08:01:07+00:00","description":"En 2016, le nombre d'accidents professionnels enregistr\u00e9s a \u00e9galement diminu\u00e9 de plus de 1%. Le nombre d'accidents non professionnels est \u00e9galement en l\u00e9g\u00e8re baisse. C'est ce qu'annonce la Suva.","breadcrumb":{"@id":"https:\/\/news.save.ch\/berufsunfaelle-nehmen-weiter-ab\/#breadcrumb"},"inLanguage":"fr-FR","potentialAction":[{"@type":"ReadAction","target":["https:\/\/news.save.ch\/berufsunfaelle-nehmen-weiter-ab\/"]}]},{"@type":"ImageObject","inLanguage":"fr-FR","@id":"https:\/\/news.save.ch\/berufsunfaelle-nehmen-weiter-ab\/#primaryimage","url":"https:\/\/news.save.ch\/wp-content\/uploads\/2017\/02\/Depositphotos_31439787_l-2015-scaled-1.jpg","contentUrl":"https:\/\/news.save.ch\/wp-content\/uploads\/2017\/02\/Depositphotos_31439787_l-2015-scaled-1.jpg","width":1200,"height":801,"caption":"Erneut weniger Berufsunf\u00e4lle und tiefere Heilkosten pro Fall: Das zeigt die Auswertung des Versicherungsjahrs 2016 der Suva."},{"@type":"BreadcrumbList","@id":"https:\/\/news.save.ch\/berufsunfaelle-nehmen-weiter-ab\/#breadcrumb","itemListElement":[{"@type":"ListItem","position":1,"name":"Home","item":"https:\/\/news.save.ch\/de\/"},{"@type":"ListItem","position":2,"name":"Berufsunf\u00e4lle nehmen weiter ab"}]},{"@type":"WebSite","@id":"https:\/\/news.save.ch\/de\/#website","url":"https:\/\/news.save.ch\/de\/","name":"Save","description":"Revue suisse sp\u00e9cialis\u00e9e dans la s\u00e9curit\u00e9","publisher":{"@id":"https:\/\/news.save.ch\/de\/#organization"},"potentialAction":[{"@type":"SearchAction","target":{"@type":"EntryPoint","urlTemplate":"https:\/\/news.save.ch\/de\/?s={search_term_string}"},"query-input":{"@type":"PropertyValueSpecification","valueRequired":true,"valueName":"search_term_string"}}],"inLanguage":"fr-FR"},{"@type":"Organization","@id":"https:\/\/news.save.ch\/de\/#organization","name":"Forum sur la s\u00e9curit\u00e9","url":"https:\/\/news.save.ch\/de\/","logo":{"@type":"ImageObject","inLanguage":"fr-FR","@id":"https:\/\/news.save.ch\/de\/#\/schema\/logo\/image\/","url":"https:\/\/news.save.ch\/wp-content\/uploads\/2022\/06\/Logo_SF_2012.png","contentUrl":"https:\/\/news.save.ch\/wp-content\/uploads\/2022\/06\/Logo_SF_2012.png","width":1100,"height":91,"caption":"Sicherheitsforum"},"image":{"@id":"https:\/\/news.save.ch\/de\/#\/schema\/logo\/image\/"}},{"@type":"Person","@id":"https:\/\/news.save.ch\/de\/#\/schema\/person\/d49e199490bad7c70d64b9ab51142f2b","name":"admin","image":{"@type":"ImageObject","inLanguage":"fr-FR","@id":"https:\/\/secure.gravatar.com\/avatar\/ae2f4d718e6c49043e314ce431e7e645d646302a24a5ef5a8bc8e3f5a032e319?s=96&d=mm&r=g","url":"https:\/\/secure.gravatar.com\/avatar\/ae2f4d718e6c49043e314ce431e7e645d646302a24a5ef5a8bc8e3f5a032e319?s=96&d=mm&r=g","contentUrl":"https:\/\/secure.gravatar.com\/avatar\/ae2f4d718e6c49043e314ce431e7e645d646302a24a5ef5a8bc8e3f5a032e319?s=96&d=mm&r=g","caption":"admin"},"sameAs":["https:\/\/develop.organisator.galledia.ch"],"url":"https:\/\/news.save.ch\/fr\/author\/admin\/"}]}},"_links":{"self":[{"href":"https:\/\/news.save.ch\/fr\/wp-json\/wp\/v2\/posts\/16799","targetHints":{"allow":["GET"]}}],"collection":[{"href":"https:\/\/news.save.ch\/fr\/wp-json\/wp\/v2\/posts"}],"about":[{"href":"https:\/\/news.save.ch\/fr\/wp-json\/wp\/v2\/types\/post"}],"author":[{"embeddable":true,"href":"https:\/\/news.save.ch\/fr\/wp-json\/wp\/v2\/users\/1"}],"replies":[{"embeddable":true,"href":"https:\/\/news.save.ch\/fr\/wp-json\/wp\/v2\/comments?post=16799"}],"version-history":[{"count":1,"href":"https:\/\/news.save.ch\/fr\/wp-json\/wp\/v2\/posts\/16799\/revisions"}],"predecessor-version":[{"id":18349,"href":"https:\/\/news.save.ch\/fr\/wp-json\/wp\/v2\/posts\/16799\/revisions\/18349"}],"wp:featuredmedia":[{"embeddable":true,"href":"https:\/\/news.save.ch\/fr\/wp-json\/wp\/v2\/media\/16175"}],"wp:attachment":[{"href":"https:\/\/news.save.ch\/fr\/wp-json\/wp\/v2\/media?parent=16799"}],"wp:term":[{"taxonomy":"category","embeddable":true,"href":"https:\/\/news.save.ch\/fr\/wp-json\/wp\/v2\/categories?post=16799"},{"taxonomy":"post_tag","embeddable":true,"href":"https:\/\/news.save.ch\/fr\/wp-json\/wp\/v2\/tags?post=16799"}],"curies":[{"name":"wp","href":"https:\/\/api.w.org\/{rel}","templated":true}]}}