{"id":168,"date":"2015-04-30T15:39:07","date_gmt":"2015-04-30T13:39:07","guid":{"rendered":"https:\/\/dev.sicherheitsforum.ch\/?p=168"},"modified":"2015-04-30T15:39:07","modified_gmt":"2015-04-30T13:39:07","slug":"zweitens-kaba-fuehrt-ausserordentliche-gv-durch","status":null,"type":"post","link":"https:\/\/news.save.ch\/fr\/zweitens-kaba-fuehrt-ausserordentliche-gv-durch\/","title":{"rendered":"Deuxi\u00e8mement : Kaba organise une AG extraordinaire"},"content":{"rendered":"<figure id=\"attachment_170\" aria-describedby=\"caption-attachment-170\" style=\"width: 680px\" class=\"wp-caption alignnone\"><img loading=\"lazy\" decoding=\"async\" class=\"size-medium wp-image-170\" src=\"https:\/\/sicherheitsforum.ch\/wp-content\/uploads\/2016\/12\/Zweitens-Kaba-f\u00fchrt-ausserordentliche-GV-durch_sicherheitsforum.jpg\" alt=\"Riet Cadonau, actuel CEO de Kaba, a \u00e9t\u00e9 nomm\u00e9 CEO du nouveau groupe dorma+kaba.\" width=\"680\" height=\"453\" \/><figcaption id=\"caption-attachment-170\" class=\"wp-caption-text\">Riet Cadonau, actuel CEO de Kaba, a \u00e9t\u00e9 nomm\u00e9 CEO du nouveau groupe dorma+kaba.<\/figcaption><\/figure>\n<div id='gallery-1' class='gallery galleryid-168 gallery-columns-3 gallery-size-thumbnail'><figure class='gallery-item'>\n\t\t\t<div class='gallery-icon landscape'>\n\t\t\t\t<a href='https:\/\/news.save.ch\/fr\/struktur-kaba_dorm_sicherheitsforum\/'><img loading=\"lazy\" decoding=\"async\" width=\"150\" height=\"123\" src=\"https:\/\/news.save.ch\/wp-content\/uploads\/2016\/12\/Struktur-Kaba_Dorm_sicherheitsforum-scaled.jpg\" class=\"attachment-thumbnail size-thumbnail\" alt=\"\" aria-describedby=\"gallery-1-173\" srcset=\"https:\/\/news.save.ch\/wp-content\/uploads\/2016\/12\/Struktur-Kaba_Dorm_sicherheitsforum-scaled.jpg 1400w, https:\/\/news.save.ch\/wp-content\/uploads\/2016\/12\/Struktur-Kaba_Dorm_sicherheitsforum-365x300.jpg 365w\" sizes=\"auto, (max-width: 150px) 100vw, 150px\" \/><\/a>\n\t\t\t<\/div>\n\t\t\t\t<figcaption class='wp-caption-text gallery-caption' id='gallery-1-173'>\n\t\t\t\tEt voici \u00e0 quoi ressemble la structure de la transaction.\n\t\t\t\t<\/figcaption><\/figure>\n\t\t<\/div>\n\n<p>A la <a href=\"https:\/\/www.kaba.com\/de\/investor-relations\/107904\/ausserordentliche-generalversammlung-22-mai-2015.html\" target=\"_blank\" data-cke-saved-href=\"https:\/\/www.kaba.com\/de\/investor-relations\/107904\/ausserordentliche-generalversammlung-22-mai-2015.html\" rel=\"noopener\">assembl\u00e9e g\u00e9n\u00e9rale extraordinaire<\/a> de Kaba est en attente de l'approbation du <a href=\"https:\/\/hamster.ch\/magazine\/sicherheitsforum\/mega-deal-in-der-sicherheitsbranche\" target=\"_blank\" data-cke-saved-href=\"https:\/\/hamster.ch\/magazine\/sicherheitsforum\/mega-deal-in-der-sicherheitsbranche\" rel=\"noopener\">fusion de Dorma et Kaba<\/a> \u00e0 la soci\u00e9t\u00e9. Les actionnaires, et en particulier ceux qui ne sont pas des actionnaires de r\u00e9f\u00e9rence, sont invit\u00e9s \u00e0 confirmer qu'il n'y a pas d'obligation de pr\u00e9senter une offre dans le cadre de la pr\u00e9sente transaction (\"opting-out\" limit\u00e9 \u00e0 la pr\u00e9sente transaction), comme l'\u00e9crit Kaba. Le Conseil d'administration propose en outre de supprimer les restrictions actuelles au transfert d'actions et au droit de vote de 5%, ainsi que d'autres modifications des statuts. En outre, il est propos\u00e9 de verser aux actionnaires un dividende sp\u00e9cial pr\u00e9lev\u00e9 sur les r\u00e9serves issues d'apports en capital, d'un montant de 50 francs par action. Selon les indications, cela correspond \u00e0 peu pr\u00e8s au volume des fonds qui seront vers\u00e9s \u00e0 la soci\u00e9t\u00e9 dans le cadre de l'augmentation de capital \u00e0 partir du capital autoris\u00e9.<\/p>\n<p>Christine Mankel et Stephanie Brecht-Bergen, associ\u00e9es de Dorma, ainsi que Hans Gummert, pr\u00e9sident du conseil de surveillance de Dorma, sont propos\u00e9s pour \u00eatre \u00e9lus au conseil d'administration de la future dorma+kaba Holding. Thomas Pleines, membre du conseil d'administration de Kaba depuis 2011, aurait accept\u00e9 de se retirer de cet organe.<\/p>\n<p>Les d\u00e9cisions de l'assembl\u00e9e g\u00e9n\u00e9rale extraordinaire entreront en vigueur au moment de la r\u00e9alisation de la fusion. Celle-ci est pr\u00e9vue pour le troisi\u00e8me trimestre 2015, sous r\u00e9serve de l'approbation des actionnaires et des autorit\u00e9s de la concurrence ainsi que d'autres conditions habituelles, comme le pr\u00e9cise le communiqu\u00e9 final.<\/p>\n<p>Le dernier num\u00e9ro de la revue sp\u00e9cialis\u00e9e \"SicherheitsForum\" contient un article sur la s\u00e9curit\u00e9. <a title=\"Lien vers l&#039;interview\" href=\"https:\/\/www.motosport.ch\/media\/AAA_Sicherheits-PDF\/KABA_Wachstum_Asien.pdf\" target=\"_blank\" data-cke-saved-href=\"https:\/\/www.motosport.ch\/media\/AAA_Sicherheits-PDF\/KABA_Wachstum_Asien.pdf\" rel=\"noopener\">Interview <\/a>avec le CEO du groupe Kaba, Riet Cadonau. La r\u00e9daction a men\u00e9 cet entretien avant l'annonce de la fusion de Kaba et Dorma.<\/p>\n<p>&nbsp;<\/p>","protected":false},"excerpt":{"rendered":"<p>An der ausserordentlichen Generalversammlung der Kaba steht die Genehmigung des Zu\u00adsam\u00admen\u00adschlusses von Dorma und Kaba an. Die Aktion\u00e4re und insbesondere die Nicht-Ankeraktion\u00e4re sind eingeladen zu best\u00e4tigen, dass im Rahmen der vorliegenden Transaktion keine Angebotspflicht entsteht (auf die vorliegende Transaktion beschr\u00e4nktes \u201eOpting-out\u201c), wie Kaba schreibt. Weiter beantragt der Ver\u00adwaltungsrat die Aufhebung der heutigen Aktien\u00ad\u00fcber\u00adtra\u00adgungs- und Stimmrechtsbe\u00adschr\u00e4n\u00adkun\u00adgen [&hellip;]<\/p>\n","protected":false},"author":1,"featured_media":170,"comment_status":"open","ping_status":"open","sticky":false,"template":"","format":"standard","meta":{"_acf_changed":false,"pgc_sgb_lightbox_settings":"","footnotes":""},"categories":[1],"tags":[132,137,138,44],"class_list":["post-168","post","type-post","status-publish","format-standard","has-post-thumbnail","hentry","category-allgemein","tag-finanzierung","tag-generalversammlung","tag-kabe","tag-kooperation"],"acf":[],"hkrextid":null,"publication":null,"issue":null,"workflow":null,"startPage":null,"spitzmarke":null,"_posts_by_tag_page_fields":{"widget_title":"","widget_tags":""},"_at_widget":"1","_yoast_wpseo_primary_category":"1","_yoast_wpseo_focuskw_text_input":"Kaba","_yoast_wpseo_opengraph-image":"https:\/\/sicherheitsforum.ch\/wp-content\/uploads\/2016\/12\/Zweitens-Kaba-f\u00fchrt-ausserordentliche-GV-durch_sicherheitsforum.jpg","_yoast_wpseo_opengraph-description":"Der Mega-Deal in der Sicherheitsbranche ist noch nicht unter Dach und Fach: Kaba f\u00fchrt deshalb am 22. Mai 2015 eine ausserordentliche Generalversammlung durch.","_yoast_wpseo_opengraph-title":"Zweitens: Kaba f\u00fchrt ausserordentliche GV durch","enclosure":null,"_yoast_wpseo_twitter-title":null,"_yoast_wpseo_twitter-description":null,"_yoast_wpseo_twitter-image":null,"_wp_old_slug":null,"_yoast_wpseo_title":null,"_yoast_wpseo_canonical":null,"yoast_head":"<!-- This site is optimized with the Yoast SEO plugin v27.4 - https:\/\/yoast.com\/product\/yoast-seo-wordpress\/ -->\n<title>Zweitens: Kaba f\u00fchrt ausserordentliche GV durch - Save<\/title>\n<meta name=\"description\" content=\"Der Mega-Deal in der Sicherheitsbranche ist noch nicht unter Dach und Fach: Kaba f\u00fchrt deshalb am eine ausserordentliche Generalversammlung durch.\" \/>\n<meta name=\"robots\" content=\"index, follow, max-snippet:-1, max-image-preview:large, max-video-preview:-1\" \/>\n<link rel=\"canonical\" href=\"https:\/\/news.save.ch\/fr\/zweitens-kaba-fuehrt-ausserordentliche-gv-durch\/\" \/>\n<meta property=\"og:locale\" content=\"fr_FR\" \/>\n<meta property=\"og:type\" content=\"article\" \/>\n<meta property=\"og:title\" content=\"Zweitens: Kaba f\u00fchrt ausserordentliche GV durch\" \/>\n<meta property=\"og:description\" content=\"Der Mega-Deal in der Sicherheitsbranche ist noch nicht unter Dach und Fach: Kaba f\u00fchrt deshalb am 22. Mai 2015 eine ausserordentliche Generalversammlung durch.\" \/>\n<meta property=\"og:url\" content=\"https:\/\/news.save.ch\/fr\/zweitens-kaba-fuehrt-ausserordentliche-gv-durch\/\" \/>\n<meta property=\"og:site_name\" content=\"Save\" \/>\n<meta property=\"article:published_time\" content=\"2015-04-30T13:39:07+00:00\" \/>\n<meta property=\"og:image\" content=\"https:\/\/sicherheitsforum.ch\/wp-content\/uploads\/2016\/12\/Zweitens-Kaba-f\u00fchrt-ausserordentliche-GV-durch_sicherheitsforum.jpg\" \/>\n<meta name=\"author\" content=\"admin\" \/>\n<meta name=\"twitter:card\" content=\"summary_large_image\" \/>\n<meta name=\"twitter:label1\" content=\"\u00c9crit par\" \/>\n\t<meta name=\"twitter:data1\" content=\"admin\" \/>\n\t<meta name=\"twitter:label2\" content=\"Dur\u00e9e de lecture estim\u00e9e\" \/>\n\t<meta name=\"twitter:data2\" content=\"1 minute\" \/>\n<script type=\"application\/ld+json\" class=\"yoast-schema-graph\">{\"@context\":\"https:\\\/\\\/schema.org\",\"@graph\":[{\"@type\":\"Article\",\"@id\":\"https:\\\/\\\/news.save.ch\\\/zweitens-kaba-fuehrt-ausserordentliche-gv-durch\\\/#article\",\"isPartOf\":{\"@id\":\"https:\\\/\\\/news.save.ch\\\/zweitens-kaba-fuehrt-ausserordentliche-gv-durch\\\/\"},\"author\":{\"name\":\"admin\",\"@id\":\"https:\\\/\\\/news.save.ch\\\/de\\\/#\\\/schema\\\/person\\\/d49e199490bad7c70d64b9ab51142f2b\"},\"headline\":\"Zweitens: Kaba f\u00fchrt ausserordentliche GV durch\",\"datePublished\":\"2015-04-30T13:39:07+00:00\",\"mainEntityOfPage\":{\"@id\":\"https:\\\/\\\/news.save.ch\\\/zweitens-kaba-fuehrt-ausserordentliche-gv-durch\\\/\"},\"wordCount\":299,\"commentCount\":0,\"publisher\":{\"@id\":\"https:\\\/\\\/news.save.ch\\\/de\\\/#organization\"},\"image\":{\"@id\":\"https:\\\/\\\/news.save.ch\\\/zweitens-kaba-fuehrt-ausserordentliche-gv-durch\\\/#primaryimage\"},\"thumbnailUrl\":\"https:\\\/\\\/news.save.ch\\\/wp-content\\\/uploads\\\/2016\\\/12\\\/Zweitens-Kaba-fuehrt-ausserordentliche-GV-durch_sicherheitsforum-scaled.jpg\",\"keywords\":[\"Finanzierung\",\"Generalversammlung\",\"Kabe\",\"Kooperation\"],\"articleSection\":[\"ALLGEMEIN\"],\"inLanguage\":\"fr-FR\"},{\"@type\":\"WebPage\",\"@id\":\"https:\\\/\\\/news.save.ch\\\/zweitens-kaba-fuehrt-ausserordentliche-gv-durch\\\/\",\"url\":\"https:\\\/\\\/news.save.ch\\\/zweitens-kaba-fuehrt-ausserordentliche-gv-durch\\\/\",\"name\":\"Zweitens: Kaba f\u00fchrt ausserordentliche GV durch - Save\",\"isPartOf\":{\"@id\":\"https:\\\/\\\/news.save.ch\\\/de\\\/#website\"},\"primaryImageOfPage\":{\"@id\":\"https:\\\/\\\/news.save.ch\\\/zweitens-kaba-fuehrt-ausserordentliche-gv-durch\\\/#primaryimage\"},\"image\":{\"@id\":\"https:\\\/\\\/news.save.ch\\\/zweitens-kaba-fuehrt-ausserordentliche-gv-durch\\\/#primaryimage\"},\"thumbnailUrl\":\"https:\\\/\\\/news.save.ch\\\/wp-content\\\/uploads\\\/2016\\\/12\\\/Zweitens-Kaba-fuehrt-ausserordentliche-GV-durch_sicherheitsforum-scaled.jpg\",\"datePublished\":\"2015-04-30T13:39:07+00:00\",\"description\":\"Der Mega-Deal in der Sicherheitsbranche ist noch nicht unter Dach und Fach: Kaba f\u00fchrt deshalb am eine ausserordentliche Generalversammlung durch.\",\"breadcrumb\":{\"@id\":\"https:\\\/\\\/news.save.ch\\\/zweitens-kaba-fuehrt-ausserordentliche-gv-durch\\\/#breadcrumb\"},\"inLanguage\":\"fr-FR\",\"potentialAction\":[{\"@type\":\"ReadAction\",\"target\":[\"https:\\\/\\\/news.save.ch\\\/zweitens-kaba-fuehrt-ausserordentliche-gv-durch\\\/\"]}]},{\"@type\":\"ImageObject\",\"inLanguage\":\"fr-FR\",\"@id\":\"https:\\\/\\\/news.save.ch\\\/zweitens-kaba-fuehrt-ausserordentliche-gv-durch\\\/#primaryimage\",\"url\":\"https:\\\/\\\/news.save.ch\\\/wp-content\\\/uploads\\\/2016\\\/12\\\/Zweitens-Kaba-fuehrt-ausserordentliche-GV-durch_sicherheitsforum-scaled.jpg\",\"contentUrl\":\"https:\\\/\\\/news.save.ch\\\/wp-content\\\/uploads\\\/2016\\\/12\\\/Zweitens-Kaba-fuehrt-ausserordentliche-GV-durch_sicherheitsforum-scaled.jpg\",\"width\":1400,\"height\":932,\"caption\":\"Riet Cadonau, heutiger CEO von Kaba, ist als CEO der neuen Gruppe dorma+kaba nominiert.\"},{\"@type\":\"BreadcrumbList\",\"@id\":\"https:\\\/\\\/news.save.ch\\\/zweitens-kaba-fuehrt-ausserordentliche-gv-durch\\\/#breadcrumb\",\"itemListElement\":[{\"@type\":\"ListItem\",\"position\":1,\"name\":\"Home\",\"item\":\"https:\\\/\\\/news.save.ch\\\/de\\\/\"},{\"@type\":\"ListItem\",\"position\":2,\"name\":\"Zweitens: Kaba f\u00fchrt ausserordentliche GV durch\"}]},{\"@type\":\"WebSite\",\"@id\":\"https:\\\/\\\/news.save.ch\\\/de\\\/#website\",\"url\":\"https:\\\/\\\/news.save.ch\\\/de\\\/\",\"name\":\"Save\",\"description\":\"Schweizer Fachzeitschrift f\u00fcr Sicherheit\",\"publisher\":{\"@id\":\"https:\\\/\\\/news.save.ch\\\/de\\\/#organization\"},\"potentialAction\":[{\"@type\":\"SearchAction\",\"target\":{\"@type\":\"EntryPoint\",\"urlTemplate\":\"https:\\\/\\\/news.save.ch\\\/de\\\/?s={search_term_string}\"},\"query-input\":{\"@type\":\"PropertyValueSpecification\",\"valueRequired\":true,\"valueName\":\"search_term_string\"}}],\"inLanguage\":\"fr-FR\"},{\"@type\":\"Organization\",\"@id\":\"https:\\\/\\\/news.save.ch\\\/de\\\/#organization\",\"name\":\"Sicherheitsforum\",\"url\":\"https:\\\/\\\/news.save.ch\\\/de\\\/\",\"logo\":{\"@type\":\"ImageObject\",\"inLanguage\":\"fr-FR\",\"@id\":\"https:\\\/\\\/news.save.ch\\\/de\\\/#\\\/schema\\\/logo\\\/image\\\/\",\"url\":\"https:\\\/\\\/news.save.ch\\\/wp-content\\\/uploads\\\/2022\\\/06\\\/Logo_SF_2012.png\",\"contentUrl\":\"https:\\\/\\\/news.save.ch\\\/wp-content\\\/uploads\\\/2022\\\/06\\\/Logo_SF_2012.png\",\"width\":1100,\"height\":91,\"caption\":\"Sicherheitsforum\"},\"image\":{\"@id\":\"https:\\\/\\\/news.save.ch\\\/de\\\/#\\\/schema\\\/logo\\\/image\\\/\"}},{\"@type\":\"Person\",\"@id\":\"https:\\\/\\\/news.save.ch\\\/de\\\/#\\\/schema\\\/person\\\/d49e199490bad7c70d64b9ab51142f2b\",\"name\":\"admin\",\"image\":{\"@type\":\"ImageObject\",\"inLanguage\":\"fr-FR\",\"@id\":\"https:\\\/\\\/secure.gravatar.com\\\/avatar\\\/ae2f4d718e6c49043e314ce431e7e645d646302a24a5ef5a8bc8e3f5a032e319?s=96&d=mm&r=g\",\"url\":\"https:\\\/\\\/secure.gravatar.com\\\/avatar\\\/ae2f4d718e6c49043e314ce431e7e645d646302a24a5ef5a8bc8e3f5a032e319?s=96&d=mm&r=g\",\"contentUrl\":\"https:\\\/\\\/secure.gravatar.com\\\/avatar\\\/ae2f4d718e6c49043e314ce431e7e645d646302a24a5ef5a8bc8e3f5a032e319?s=96&d=mm&r=g\",\"caption\":\"admin\"},\"sameAs\":[\"https:\\\/\\\/develop.organisator.galledia.ch\"],\"url\":\"https:\\\/\\\/news.save.ch\\\/fr\\\/author\\\/admin\\\/\"}]}<\/script>\n<!-- \/ Yoast SEO plugin. -->","yoast_head_json":{"title":"Deuxi\u00e8mement : Kaba organise une AG extraordinaire - Save","description":"Le m\u00e9ga-deal dans le secteur de la s\u00e9curit\u00e9 n'est pas encore sous toit : Kaba organise donc une assembl\u00e9e g\u00e9n\u00e9rale extraordinaire le...","robots":{"index":"index","follow":"follow","max-snippet":"max-snippet:-1","max-image-preview":"max-image-preview:large","max-video-preview":"max-video-preview:-1"},"canonical":"https:\/\/news.save.ch\/fr\/zweitens-kaba-fuehrt-ausserordentliche-gv-durch\/","og_locale":"fr_FR","og_type":"article","og_title":"Zweitens: Kaba f\u00fchrt ausserordentliche GV durch","og_description":"Der Mega-Deal in der Sicherheitsbranche ist noch nicht unter Dach und Fach: Kaba f\u00fchrt deshalb am 22. Mai 2015 eine ausserordentliche Generalversammlung durch.","og_url":"https:\/\/news.save.ch\/fr\/zweitens-kaba-fuehrt-ausserordentliche-gv-durch\/","og_site_name":"Save","article_published_time":"2015-04-30T13:39:07+00:00","og_image":[{"url":"https:\/\/sicherheitsforum.ch\/wp-content\/uploads\/2016\/12\/Zweitens-Kaba-f\u00fchrt-ausserordentliche-GV-durch_sicherheitsforum.jpg","type":"","width":"","height":""}],"author":"admin","twitter_card":"summary_large_image","twitter_misc":{"\u00c9crit par":"admin","Dur\u00e9e de lecture estim\u00e9e":"1 minute"},"schema":{"@context":"https:\/\/schema.org","@graph":[{"@type":"Article","@id":"https:\/\/news.save.ch\/zweitens-kaba-fuehrt-ausserordentliche-gv-durch\/#article","isPartOf":{"@id":"https:\/\/news.save.ch\/zweitens-kaba-fuehrt-ausserordentliche-gv-durch\/"},"author":{"name":"admin","@id":"https:\/\/news.save.ch\/de\/#\/schema\/person\/d49e199490bad7c70d64b9ab51142f2b"},"headline":"Zweitens: Kaba f\u00fchrt ausserordentliche GV durch","datePublished":"2015-04-30T13:39:07+00:00","mainEntityOfPage":{"@id":"https:\/\/news.save.ch\/zweitens-kaba-fuehrt-ausserordentliche-gv-durch\/"},"wordCount":299,"commentCount":0,"publisher":{"@id":"https:\/\/news.save.ch\/de\/#organization"},"image":{"@id":"https:\/\/news.save.ch\/zweitens-kaba-fuehrt-ausserordentliche-gv-durch\/#primaryimage"},"thumbnailUrl":"https:\/\/news.save.ch\/wp-content\/uploads\/2016\/12\/Zweitens-Kaba-fuehrt-ausserordentliche-GV-durch_sicherheitsforum-scaled.jpg","keywords":["Finanzierung","Generalversammlung","Kabe","Kooperation"],"articleSection":["ALLGEMEIN"],"inLanguage":"fr-FR"},{"@type":"WebPage","@id":"https:\/\/news.save.ch\/zweitens-kaba-fuehrt-ausserordentliche-gv-durch\/","url":"https:\/\/news.save.ch\/zweitens-kaba-fuehrt-ausserordentliche-gv-durch\/","name":"Deuxi\u00e8mement : Kaba organise une AG extraordinaire - Save","isPartOf":{"@id":"https:\/\/news.save.ch\/de\/#website"},"primaryImageOfPage":{"@id":"https:\/\/news.save.ch\/zweitens-kaba-fuehrt-ausserordentliche-gv-durch\/#primaryimage"},"image":{"@id":"https:\/\/news.save.ch\/zweitens-kaba-fuehrt-ausserordentliche-gv-durch\/#primaryimage"},"thumbnailUrl":"https:\/\/news.save.ch\/wp-content\/uploads\/2016\/12\/Zweitens-Kaba-fuehrt-ausserordentliche-GV-durch_sicherheitsforum-scaled.jpg","datePublished":"2015-04-30T13:39:07+00:00","description":"Le m\u00e9ga-deal dans le secteur de la s\u00e9curit\u00e9 n'est pas encore sous toit : Kaba organise donc une assembl\u00e9e g\u00e9n\u00e9rale extraordinaire le...","breadcrumb":{"@id":"https:\/\/news.save.ch\/zweitens-kaba-fuehrt-ausserordentliche-gv-durch\/#breadcrumb"},"inLanguage":"fr-FR","potentialAction":[{"@type":"ReadAction","target":["https:\/\/news.save.ch\/zweitens-kaba-fuehrt-ausserordentliche-gv-durch\/"]}]},{"@type":"ImageObject","inLanguage":"fr-FR","@id":"https:\/\/news.save.ch\/zweitens-kaba-fuehrt-ausserordentliche-gv-durch\/#primaryimage","url":"https:\/\/news.save.ch\/wp-content\/uploads\/2016\/12\/Zweitens-Kaba-fuehrt-ausserordentliche-GV-durch_sicherheitsforum-scaled.jpg","contentUrl":"https:\/\/news.save.ch\/wp-content\/uploads\/2016\/12\/Zweitens-Kaba-fuehrt-ausserordentliche-GV-durch_sicherheitsforum-scaled.jpg","width":1400,"height":932,"caption":"Riet Cadonau, heutiger CEO von Kaba, ist als CEO der neuen Gruppe dorma+kaba nominiert."},{"@type":"BreadcrumbList","@id":"https:\/\/news.save.ch\/zweitens-kaba-fuehrt-ausserordentliche-gv-durch\/#breadcrumb","itemListElement":[{"@type":"ListItem","position":1,"name":"Home","item":"https:\/\/news.save.ch\/de\/"},{"@type":"ListItem","position":2,"name":"Zweitens: Kaba f\u00fchrt ausserordentliche GV durch"}]},{"@type":"WebSite","@id":"https:\/\/news.save.ch\/de\/#website","url":"https:\/\/news.save.ch\/de\/","name":"Save","description":"Revue suisse sp\u00e9cialis\u00e9e dans la s\u00e9curit\u00e9","publisher":{"@id":"https:\/\/news.save.ch\/de\/#organization"},"potentialAction":[{"@type":"SearchAction","target":{"@type":"EntryPoint","urlTemplate":"https:\/\/news.save.ch\/de\/?s={search_term_string}"},"query-input":{"@type":"PropertyValueSpecification","valueRequired":true,"valueName":"search_term_string"}}],"inLanguage":"fr-FR"},{"@type":"Organization","@id":"https:\/\/news.save.ch\/de\/#organization","name":"Forum sur la s\u00e9curit\u00e9","url":"https:\/\/news.save.ch\/de\/","logo":{"@type":"ImageObject","inLanguage":"fr-FR","@id":"https:\/\/news.save.ch\/de\/#\/schema\/logo\/image\/","url":"https:\/\/news.save.ch\/wp-content\/uploads\/2022\/06\/Logo_SF_2012.png","contentUrl":"https:\/\/news.save.ch\/wp-content\/uploads\/2022\/06\/Logo_SF_2012.png","width":1100,"height":91,"caption":"Sicherheitsforum"},"image":{"@id":"https:\/\/news.save.ch\/de\/#\/schema\/logo\/image\/"}},{"@type":"Person","@id":"https:\/\/news.save.ch\/de\/#\/schema\/person\/d49e199490bad7c70d64b9ab51142f2b","name":"admin","image":{"@type":"ImageObject","inLanguage":"fr-FR","@id":"https:\/\/secure.gravatar.com\/avatar\/ae2f4d718e6c49043e314ce431e7e645d646302a24a5ef5a8bc8e3f5a032e319?s=96&d=mm&r=g","url":"https:\/\/secure.gravatar.com\/avatar\/ae2f4d718e6c49043e314ce431e7e645d646302a24a5ef5a8bc8e3f5a032e319?s=96&d=mm&r=g","contentUrl":"https:\/\/secure.gravatar.com\/avatar\/ae2f4d718e6c49043e314ce431e7e645d646302a24a5ef5a8bc8e3f5a032e319?s=96&d=mm&r=g","caption":"admin"},"sameAs":["https:\/\/develop.organisator.galledia.ch"],"url":"https:\/\/news.save.ch\/fr\/author\/admin\/"}]}},"_links":{"self":[{"href":"https:\/\/news.save.ch\/fr\/wp-json\/wp\/v2\/posts\/168","targetHints":{"allow":["GET"]}}],"collection":[{"href":"https:\/\/news.save.ch\/fr\/wp-json\/wp\/v2\/posts"}],"about":[{"href":"https:\/\/news.save.ch\/fr\/wp-json\/wp\/v2\/types\/post"}],"author":[{"embeddable":true,"href":"https:\/\/news.save.ch\/fr\/wp-json\/wp\/v2\/users\/1"}],"replies":[{"embeddable":true,"href":"https:\/\/news.save.ch\/fr\/wp-json\/wp\/v2\/comments?post=168"}],"version-history":[{"count":0,"href":"https:\/\/news.save.ch\/fr\/wp-json\/wp\/v2\/posts\/168\/revisions"}],"wp:featuredmedia":[{"embeddable":true,"href":"https:\/\/news.save.ch\/fr\/wp-json\/wp\/v2\/media\/170"}],"wp:attachment":[{"href":"https:\/\/news.save.ch\/fr\/wp-json\/wp\/v2\/media?parent=168"}],"wp:term":[{"taxonomy":"category","embeddable":true,"href":"https:\/\/news.save.ch\/fr\/wp-json\/wp\/v2\/categories?post=168"},{"taxonomy":"post_tag","embeddable":true,"href":"https:\/\/news.save.ch\/fr\/wp-json\/wp\/v2\/tags?post=168"}],"curies":[{"name":"wp","href":"https:\/\/api.w.org\/{rel}","templated":true}]}}