{"id":16805,"date":"2017-03-06T08:27:13","date_gmt":"2017-03-06T07:27:13","guid":{"rendered":"https:\/\/news.save.ch\/?p=1634"},"modified":"2017-03-06T08:27:13","modified_gmt":"2017-03-06T07:27:13","slug":"sicherer-start-in-die-toeffsaison","status":null,"type":"post","link":"https:\/\/news.save.ch\/fr\/sicherer-start-in-die-toeffsaison\/","title":{"rendered":"D\u00e9marrer la saison de moto en toute s\u00e9curit\u00e9"},"content":{"rendered":"<figure id=\"attachment_1635\" aria-describedby=\"caption-attachment-1635\" style=\"width: 680px\" class=\"wp-caption alignnone\"><img loading=\"lazy\" decoding=\"async\" class=\"size-medium wp-image-1635\" src=\"http:\/\/develop.safety-plus.ch\/wp-content\/uploads\/2017\/03\/Depositphotos_41292293_l-2015.jpg\" alt=\"\" width=\"680\" height=\"533\" \/><figcaption id=\"caption-attachment-1635\" class=\"wp-caption-text\">La route vous attire - avec ces conseils, vous restez en s\u00e9curit\u00e9 sur votre moto.<\/figcaption><\/figure>\n<p>Avec un bon \u00e9quipement, une moto techniquement irr\u00e9prochable et une bonne condition physique et mentale, faire de la moto est un plaisir. Avec les conseils de <a href=\"http:\/\/www.zweirad-fachstelle.ch\/\">Centre suisse pour les questions relatives aux deux-roues CSF<\/a>\u00a0r\u00e9ussit un bon d\u00e9but de saison en toute s\u00e9curit\u00e9.<\/p>\n<p><strong>Exigences \u00e9lev\u00e9es en mati\u00e8re de concentration et de forme physique<\/strong><\/p>\n<p>Celui qui monte sur sa moto en forme et repos\u00e9 roule de mani\u00e8re plus d\u00e9tendue et plus s\u00fbre. Une conduite pr\u00e9voyante ne signifie pas rouler lentement, mais \u00eatre actif mentalement. Important lors de l'achat d'une moto : la moto et le conducteur doivent \u00eatre compatibles : un essai avec plusieurs machines fournit des informations importantes.<\/p>\n<p><strong>Un bon \u00e9quipement de conduite est indispensable<\/strong><\/p>\n<p>Un bon \u00e9quipement permet de rouler confortablement et en toute s\u00e9curit\u00e9. Monter sur une moto avec seulement des tongs et un T-shirt - c'est un no-go ! Des bottes, une veste et des gants de moto ainsi qu'un casque homologu\u00e9 constituent l'\u00e9quipement minimal. Les pantalons\/combinaisons en cuir ou en tissu de s\u00e9curit\u00e9 avec des protections ainsi qu'une protection dorsale offrent davantage de s\u00e9curit\u00e9.<\/p>\n<p>Important : lors de l'achat d'une moto, tenir compte du co\u00fbt d'acquisition de l'\u00e9quipement. Lors de l'achat d'un casque, veiller \u00e0 ce qu'il soit parfaitement adapt\u00e9, un casque bien ajust\u00e9 augmente le plaisir de conduire. Si possible, porter le casque sur la t\u00eate pendant une demi-heure avant l'achat et constater les \u00e9ventuels bruits de vent g\u00eanants lors d'un essai sur route. Remplacer le casque apr\u00e8s 5 \u00e0 6 ans.<\/p>\n<p><strong>Service p\u00e9riodique pour une dur\u00e9e de vie plus longue<\/strong><\/p>\n<p>Une moto bien entretenue roule parfaitement et sur des milliers de kilom\u00e8tres. Respecter\/observer les intervalles de service fix\u00e9s par le constructeur du v\u00e9hicule. Important avant le d\u00e9but de la saison : un contr\u00f4le chez le revendeur sp\u00e9cialis\u00e9 permet de d\u00e9celer d'\u00e9ventuels d\u00e9fauts avant qu'ils ne g\u00e2chent le plaisir de conduire.<\/p>\n<p><strong>La formation continue est un plaisir et augmente la s\u00e9curit\u00e9<\/strong><\/p>\n<p>Mieux conduire, c'est avoir plus de plaisir \u00e0 conduire et rouler en toute s\u00e9curit\u00e9. Vous trouverez des offres de cours sur Internet en tapant \"cours de perfectionnement moto\". On peut toujours apprendre : les cours de perfectionnement sont \u00e9galement recommand\u00e9s pour les motards exp\u00e9riment\u00e9s.<\/p>\n<p>Texte : SFZ Centre suisse pour les questions relatives aux deux-roues<\/p>","protected":false},"excerpt":{"rendered":"<p>Mit guter Ausr\u00fcstung, technisch einwandfreiem T\u00f6ff und k\u00f6rperlicher und geistiger Fitness macht Motorradfahren Spass. Mit den Tipps der Schweizerische Fachstelle f\u00fcr Zweiradfragen SFZ\u00a0gelingt einen guten und sicheren Saisonstart. Hohe\u00a0Anforderungen an Konzentration und Fitness Wer fit und ausgeruht auf den T\u00f6ff steigt, f\u00e4hrt entspannter und sicherer. Vorausschauende Fahrweise heisst nicht langsam fahren, sondern geistig aktiv fahren. [&hellip;]<\/p>\n","protected":false},"author":1,"featured_media":16177,"comment_status":"open","ping_status":"open","sticky":false,"template":"","format":"standard","meta":{"_acf_changed":false,"pgc_sgb_lightbox_settings":"","footnotes":""},"categories":[1],"tags":[82,352],"class_list":["post-16805","post","type-post","status-publish","format-standard","has-post-thumbnail","hentry","category-allgemein","tag-motorrad","tag-verkehrssicherheit"],"acf":[],"hkrextid":null,"publication":null,"issue":null,"workflow":null,"startPage":null,"spitzmarke":null,"_posts_by_tag_page_fields":{"widget_title":"","widget_tags":""},"_at_widget":"1","_yoast_wpseo_primary_category":"1","_yoast_wpseo_focuskw_text_input":"T\u00f6ff","_yoast_wpseo_opengraph-image":null,"_yoast_wpseo_opengraph-description":null,"_yoast_wpseo_opengraph-title":null,"enclosure":null,"_yoast_wpseo_twitter-title":null,"_yoast_wpseo_twitter-description":null,"_yoast_wpseo_twitter-image":null,"_wp_old_slug":null,"_yoast_wpseo_title":null,"_yoast_wpseo_canonical":null,"yoast_head":"<!-- This site is optimized with the Yoast SEO plugin v27.5 - https:\/\/yoast.com\/product\/yoast-seo-wordpress\/ -->\n<title>Sicherer Start in die T\u00f6ffsaison - Save<\/title>\n<meta name=\"robots\" content=\"index, follow, max-snippet:-1, max-image-preview:large, max-video-preview:-1\" \/>\n<link rel=\"canonical\" href=\"https:\/\/news.save.ch\/fr\/sicherer-start-in-die-toeffsaison\/\" \/>\n<meta property=\"og:locale\" content=\"fr_FR\" \/>\n<meta property=\"og:type\" content=\"article\" \/>\n<meta property=\"og:title\" content=\"Sicherer Start in die T\u00f6ffsaison - Save\" \/>\n<meta property=\"og:description\" content=\"Mit guter Ausr\u00fcstung, technisch einwandfreiem T\u00f6ff und k\u00f6rperlicher und geistiger Fitness macht Motorradfahren Spass. Mit den Tipps der Schweizerische Fachstelle f\u00fcr Zweiradfragen SFZ\u00a0gelingt einen guten und sicheren Saisonstart. Hohe\u00a0Anforderungen an Konzentration und Fitness Wer fit und ausgeruht auf den T\u00f6ff steigt, f\u00e4hrt entspannter und sicherer. Vorausschauende Fahrweise heisst nicht langsam fahren, sondern geistig aktiv fahren. [&hellip;]\" \/>\n<meta property=\"og:url\" content=\"https:\/\/news.save.ch\/fr\/sicherer-start-in-die-toeffsaison\/\" \/>\n<meta property=\"og:site_name\" content=\"Save\" \/>\n<meta property=\"article:published_time\" content=\"2017-03-06T07:27:13+00:00\" \/>\n<meta property=\"og:image\" content=\"https:\/\/news.save.ch\/wp-content\/uploads\/2017\/03\/Depositphotos_41292293_l-2015-scaled-1.jpg\" \/>\n\t<meta property=\"og:image:width\" content=\"1200\" \/>\n\t<meta property=\"og:image:height\" content=\"941\" \/>\n\t<meta property=\"og:image:type\" content=\"image\/jpeg\" \/>\n<meta name=\"author\" content=\"admin\" \/>\n<meta name=\"twitter:card\" content=\"summary_large_image\" \/>\n<meta name=\"twitter:label1\" content=\"\u00c9crit par\" \/>\n\t<meta name=\"twitter:data1\" content=\"admin\" \/>\n\t<meta name=\"twitter:label2\" content=\"Dur\u00e9e de lecture estim\u00e9e\" \/>\n\t<meta name=\"twitter:data2\" content=\"2 minutes\" \/>\n<script type=\"application\/ld+json\" class=\"yoast-schema-graph\">{\"@context\":\"https:\\\/\\\/schema.org\",\"@graph\":[{\"@type\":\"Article\",\"@id\":\"https:\\\/\\\/news.save.ch\\\/sicherer-start-in-die-toeffsaison\\\/#article\",\"isPartOf\":{\"@id\":\"https:\\\/\\\/news.save.ch\\\/sicherer-start-in-die-toeffsaison\\\/\"},\"author\":{\"name\":\"admin\",\"@id\":\"https:\\\/\\\/news.save.ch\\\/de\\\/#\\\/schema\\\/person\\\/d49e199490bad7c70d64b9ab51142f2b\"},\"headline\":\"Sicherer Start in die T\u00f6ffsaison\",\"datePublished\":\"2017-03-06T07:27:13+00:00\",\"mainEntityOfPage\":{\"@id\":\"https:\\\/\\\/news.save.ch\\\/sicherer-start-in-die-toeffsaison\\\/\"},\"wordCount\":320,\"commentCount\":0,\"publisher\":{\"@id\":\"https:\\\/\\\/news.save.ch\\\/de\\\/#organization\"},\"image\":{\"@id\":\"https:\\\/\\\/news.save.ch\\\/sicherer-start-in-die-toeffsaison\\\/#primaryimage\"},\"thumbnailUrl\":\"https:\\\/\\\/news.save.ch\\\/wp-content\\\/uploads\\\/2017\\\/03\\\/Depositphotos_41292293_l-2015-scaled-1.jpg\",\"keywords\":[\"Motorrad\",\"Verkehrssicherheit\"],\"articleSection\":[\"ALLGEMEIN\"],\"inLanguage\":\"fr-FR\"},{\"@type\":\"WebPage\",\"@id\":\"https:\\\/\\\/news.save.ch\\\/sicherer-start-in-die-toeffsaison\\\/\",\"url\":\"https:\\\/\\\/news.save.ch\\\/sicherer-start-in-die-toeffsaison\\\/\",\"name\":\"Sicherer Start in die T\u00f6ffsaison - Save\",\"isPartOf\":{\"@id\":\"https:\\\/\\\/news.save.ch\\\/de\\\/#website\"},\"primaryImageOfPage\":{\"@id\":\"https:\\\/\\\/news.save.ch\\\/sicherer-start-in-die-toeffsaison\\\/#primaryimage\"},\"image\":{\"@id\":\"https:\\\/\\\/news.save.ch\\\/sicherer-start-in-die-toeffsaison\\\/#primaryimage\"},\"thumbnailUrl\":\"https:\\\/\\\/news.save.ch\\\/wp-content\\\/uploads\\\/2017\\\/03\\\/Depositphotos_41292293_l-2015-scaled-1.jpg\",\"datePublished\":\"2017-03-06T07:27:13+00:00\",\"breadcrumb\":{\"@id\":\"https:\\\/\\\/news.save.ch\\\/sicherer-start-in-die-toeffsaison\\\/#breadcrumb\"},\"inLanguage\":\"fr-FR\",\"potentialAction\":[{\"@type\":\"ReadAction\",\"target\":[\"https:\\\/\\\/news.save.ch\\\/sicherer-start-in-die-toeffsaison\\\/\"]}]},{\"@type\":\"ImageObject\",\"inLanguage\":\"fr-FR\",\"@id\":\"https:\\\/\\\/news.save.ch\\\/sicherer-start-in-die-toeffsaison\\\/#primaryimage\",\"url\":\"https:\\\/\\\/news.save.ch\\\/wp-content\\\/uploads\\\/2017\\\/03\\\/Depositphotos_41292293_l-2015-scaled-1.jpg\",\"contentUrl\":\"https:\\\/\\\/news.save.ch\\\/wp-content\\\/uploads\\\/2017\\\/03\\\/Depositphotos_41292293_l-2015-scaled-1.jpg\",\"width\":1200,\"height\":941,\"caption\":\"Die Strasse lockt - mit diesen Tipps bleiben Sie auf dem T\u00f6ff sicher.\"},{\"@type\":\"BreadcrumbList\",\"@id\":\"https:\\\/\\\/news.save.ch\\\/sicherer-start-in-die-toeffsaison\\\/#breadcrumb\",\"itemListElement\":[{\"@type\":\"ListItem\",\"position\":1,\"name\":\"Home\",\"item\":\"https:\\\/\\\/news.save.ch\\\/de\\\/\"},{\"@type\":\"ListItem\",\"position\":2,\"name\":\"Sicherer Start in die T\u00f6ffsaison\"}]},{\"@type\":\"WebSite\",\"@id\":\"https:\\\/\\\/news.save.ch\\\/de\\\/#website\",\"url\":\"https:\\\/\\\/news.save.ch\\\/de\\\/\",\"name\":\"Save\",\"description\":\"Schweizer Fachzeitschrift f\u00fcr Sicherheit\",\"publisher\":{\"@id\":\"https:\\\/\\\/news.save.ch\\\/de\\\/#organization\"},\"potentialAction\":[{\"@type\":\"SearchAction\",\"target\":{\"@type\":\"EntryPoint\",\"urlTemplate\":\"https:\\\/\\\/news.save.ch\\\/de\\\/?s={search_term_string}\"},\"query-input\":{\"@type\":\"PropertyValueSpecification\",\"valueRequired\":true,\"valueName\":\"search_term_string\"}}],\"inLanguage\":\"fr-FR\"},{\"@type\":\"Organization\",\"@id\":\"https:\\\/\\\/news.save.ch\\\/de\\\/#organization\",\"name\":\"Sicherheitsforum\",\"url\":\"https:\\\/\\\/news.save.ch\\\/de\\\/\",\"logo\":{\"@type\":\"ImageObject\",\"inLanguage\":\"fr-FR\",\"@id\":\"https:\\\/\\\/news.save.ch\\\/de\\\/#\\\/schema\\\/logo\\\/image\\\/\",\"url\":\"https:\\\/\\\/news.save.ch\\\/wp-content\\\/uploads\\\/2022\\\/06\\\/Logo_SF_2012.png\",\"contentUrl\":\"https:\\\/\\\/news.save.ch\\\/wp-content\\\/uploads\\\/2022\\\/06\\\/Logo_SF_2012.png\",\"width\":1100,\"height\":91,\"caption\":\"Sicherheitsforum\"},\"image\":{\"@id\":\"https:\\\/\\\/news.save.ch\\\/de\\\/#\\\/schema\\\/logo\\\/image\\\/\"}},{\"@type\":\"Person\",\"@id\":\"https:\\\/\\\/news.save.ch\\\/de\\\/#\\\/schema\\\/person\\\/d49e199490bad7c70d64b9ab51142f2b\",\"name\":\"admin\",\"image\":{\"@type\":\"ImageObject\",\"inLanguage\":\"fr-FR\",\"@id\":\"https:\\\/\\\/secure.gravatar.com\\\/avatar\\\/ae2f4d718e6c49043e314ce431e7e645d646302a24a5ef5a8bc8e3f5a032e319?s=96&d=mm&r=g\",\"url\":\"https:\\\/\\\/secure.gravatar.com\\\/avatar\\\/ae2f4d718e6c49043e314ce431e7e645d646302a24a5ef5a8bc8e3f5a032e319?s=96&d=mm&r=g\",\"contentUrl\":\"https:\\\/\\\/secure.gravatar.com\\\/avatar\\\/ae2f4d718e6c49043e314ce431e7e645d646302a24a5ef5a8bc8e3f5a032e319?s=96&d=mm&r=g\",\"caption\":\"admin\"},\"sameAs\":[\"https:\\\/\\\/develop.organisator.galledia.ch\"],\"url\":\"https:\\\/\\\/news.save.ch\\\/fr\\\/author\\\/admin\\\/\"}]}<\/script>\n<!-- \/ Yoast SEO plugin. -->","yoast_head_json":{"title":"D\u00e9marrer la saison de la moto en toute s\u00e9curit\u00e9 - Save","robots":{"index":"index","follow":"follow","max-snippet":"max-snippet:-1","max-image-preview":"max-image-preview:large","max-video-preview":"max-video-preview:-1"},"canonical":"https:\/\/news.save.ch\/fr\/sicherer-start-in-die-toeffsaison\/","og_locale":"fr_FR","og_type":"article","og_title":"Sicherer Start in die T\u00f6ffsaison - Save","og_description":"Mit guter Ausr\u00fcstung, technisch einwandfreiem T\u00f6ff und k\u00f6rperlicher und geistiger Fitness macht Motorradfahren Spass. Mit den Tipps der Schweizerische Fachstelle f\u00fcr Zweiradfragen SFZ\u00a0gelingt einen guten und sicheren Saisonstart. Hohe\u00a0Anforderungen an Konzentration und Fitness Wer fit und ausgeruht auf den T\u00f6ff steigt, f\u00e4hrt entspannter und sicherer. Vorausschauende Fahrweise heisst nicht langsam fahren, sondern geistig aktiv fahren. [&hellip;]","og_url":"https:\/\/news.save.ch\/fr\/sicherer-start-in-die-toeffsaison\/","og_site_name":"Save","article_published_time":"2017-03-06T07:27:13+00:00","og_image":[{"width":1200,"height":941,"url":"https:\/\/news.save.ch\/wp-content\/uploads\/2017\/03\/Depositphotos_41292293_l-2015-scaled-1.jpg","type":"image\/jpeg"}],"author":"admin","twitter_card":"summary_large_image","twitter_misc":{"\u00c9crit par":"admin","Dur\u00e9e de lecture estim\u00e9e":"2 minutes"},"schema":{"@context":"https:\/\/schema.org","@graph":[{"@type":"Article","@id":"https:\/\/news.save.ch\/sicherer-start-in-die-toeffsaison\/#article","isPartOf":{"@id":"https:\/\/news.save.ch\/sicherer-start-in-die-toeffsaison\/"},"author":{"name":"admin","@id":"https:\/\/news.save.ch\/de\/#\/schema\/person\/d49e199490bad7c70d64b9ab51142f2b"},"headline":"Sicherer Start in die T\u00f6ffsaison","datePublished":"2017-03-06T07:27:13+00:00","mainEntityOfPage":{"@id":"https:\/\/news.save.ch\/sicherer-start-in-die-toeffsaison\/"},"wordCount":320,"commentCount":0,"publisher":{"@id":"https:\/\/news.save.ch\/de\/#organization"},"image":{"@id":"https:\/\/news.save.ch\/sicherer-start-in-die-toeffsaison\/#primaryimage"},"thumbnailUrl":"https:\/\/news.save.ch\/wp-content\/uploads\/2017\/03\/Depositphotos_41292293_l-2015-scaled-1.jpg","keywords":["Motorrad","Verkehrssicherheit"],"articleSection":["ALLGEMEIN"],"inLanguage":"fr-FR"},{"@type":"WebPage","@id":"https:\/\/news.save.ch\/sicherer-start-in-die-toeffsaison\/","url":"https:\/\/news.save.ch\/sicherer-start-in-die-toeffsaison\/","name":"D\u00e9marrer la saison de la moto en toute s\u00e9curit\u00e9 - Save","isPartOf":{"@id":"https:\/\/news.save.ch\/de\/#website"},"primaryImageOfPage":{"@id":"https:\/\/news.save.ch\/sicherer-start-in-die-toeffsaison\/#primaryimage"},"image":{"@id":"https:\/\/news.save.ch\/sicherer-start-in-die-toeffsaison\/#primaryimage"},"thumbnailUrl":"https:\/\/news.save.ch\/wp-content\/uploads\/2017\/03\/Depositphotos_41292293_l-2015-scaled-1.jpg","datePublished":"2017-03-06T07:27:13+00:00","breadcrumb":{"@id":"https:\/\/news.save.ch\/sicherer-start-in-die-toeffsaison\/#breadcrumb"},"inLanguage":"fr-FR","potentialAction":[{"@type":"ReadAction","target":["https:\/\/news.save.ch\/sicherer-start-in-die-toeffsaison\/"]}]},{"@type":"ImageObject","inLanguage":"fr-FR","@id":"https:\/\/news.save.ch\/sicherer-start-in-die-toeffsaison\/#primaryimage","url":"https:\/\/news.save.ch\/wp-content\/uploads\/2017\/03\/Depositphotos_41292293_l-2015-scaled-1.jpg","contentUrl":"https:\/\/news.save.ch\/wp-content\/uploads\/2017\/03\/Depositphotos_41292293_l-2015-scaled-1.jpg","width":1200,"height":941,"caption":"Die Strasse lockt - mit diesen Tipps bleiben Sie auf dem T\u00f6ff sicher."},{"@type":"BreadcrumbList","@id":"https:\/\/news.save.ch\/sicherer-start-in-die-toeffsaison\/#breadcrumb","itemListElement":[{"@type":"ListItem","position":1,"name":"Home","item":"https:\/\/news.save.ch\/de\/"},{"@type":"ListItem","position":2,"name":"Sicherer Start in die T\u00f6ffsaison"}]},{"@type":"WebSite","@id":"https:\/\/news.save.ch\/de\/#website","url":"https:\/\/news.save.ch\/de\/","name":"Save","description":"Revue suisse sp\u00e9cialis\u00e9e dans la s\u00e9curit\u00e9","publisher":{"@id":"https:\/\/news.save.ch\/de\/#organization"},"potentialAction":[{"@type":"SearchAction","target":{"@type":"EntryPoint","urlTemplate":"https:\/\/news.save.ch\/de\/?s={search_term_string}"},"query-input":{"@type":"PropertyValueSpecification","valueRequired":true,"valueName":"search_term_string"}}],"inLanguage":"fr-FR"},{"@type":"Organization","@id":"https:\/\/news.save.ch\/de\/#organization","name":"Forum sur la s\u00e9curit\u00e9","url":"https:\/\/news.save.ch\/de\/","logo":{"@type":"ImageObject","inLanguage":"fr-FR","@id":"https:\/\/news.save.ch\/de\/#\/schema\/logo\/image\/","url":"https:\/\/news.save.ch\/wp-content\/uploads\/2022\/06\/Logo_SF_2012.png","contentUrl":"https:\/\/news.save.ch\/wp-content\/uploads\/2022\/06\/Logo_SF_2012.png","width":1100,"height":91,"caption":"Sicherheitsforum"},"image":{"@id":"https:\/\/news.save.ch\/de\/#\/schema\/logo\/image\/"}},{"@type":"Person","@id":"https:\/\/news.save.ch\/de\/#\/schema\/person\/d49e199490bad7c70d64b9ab51142f2b","name":"admin","image":{"@type":"ImageObject","inLanguage":"fr-FR","@id":"https:\/\/secure.gravatar.com\/avatar\/ae2f4d718e6c49043e314ce431e7e645d646302a24a5ef5a8bc8e3f5a032e319?s=96&d=mm&r=g","url":"https:\/\/secure.gravatar.com\/avatar\/ae2f4d718e6c49043e314ce431e7e645d646302a24a5ef5a8bc8e3f5a032e319?s=96&d=mm&r=g","contentUrl":"https:\/\/secure.gravatar.com\/avatar\/ae2f4d718e6c49043e314ce431e7e645d646302a24a5ef5a8bc8e3f5a032e319?s=96&d=mm&r=g","caption":"admin"},"sameAs":["https:\/\/develop.organisator.galledia.ch"],"url":"https:\/\/news.save.ch\/fr\/author\/admin\/"}]}},"_links":{"self":[{"href":"https:\/\/news.save.ch\/fr\/wp-json\/wp\/v2\/posts\/16805","targetHints":{"allow":["GET"]}}],"collection":[{"href":"https:\/\/news.save.ch\/fr\/wp-json\/wp\/v2\/posts"}],"about":[{"href":"https:\/\/news.save.ch\/fr\/wp-json\/wp\/v2\/types\/post"}],"author":[{"embeddable":true,"href":"https:\/\/news.save.ch\/fr\/wp-json\/wp\/v2\/users\/1"}],"replies":[{"embeddable":true,"href":"https:\/\/news.save.ch\/fr\/wp-json\/wp\/v2\/comments?post=16805"}],"version-history":[{"count":0,"href":"https:\/\/news.save.ch\/fr\/wp-json\/wp\/v2\/posts\/16805\/revisions"}],"wp:featuredmedia":[{"embeddable":true,"href":"https:\/\/news.save.ch\/fr\/wp-json\/wp\/v2\/media\/16177"}],"wp:attachment":[{"href":"https:\/\/news.save.ch\/fr\/wp-json\/wp\/v2\/media?parent=16805"}],"wp:term":[{"taxonomy":"category","embeddable":true,"href":"https:\/\/news.save.ch\/fr\/wp-json\/wp\/v2\/categories?post=16805"},{"taxonomy":"post_tag","embeddable":true,"href":"https:\/\/news.save.ch\/fr\/wp-json\/wp\/v2\/tags?post=16805"}],"curies":[{"name":"wp","href":"https:\/\/api.w.org\/{rel}","templated":true}]}}