{"id":16806,"date":"2017-03-06T11:54:39","date_gmt":"2017-03-06T10:54:39","guid":{"rendered":"https:\/\/news.save.ch\/?p=1881"},"modified":"2023-03-14T09:04:23","modified_gmt":"2023-03-14T08:04:23","slug":"schlafapnoe-kampagne-will-unfaelle-verhindern","status":null,"type":"post","link":"https:\/\/news.save.ch\/fr\/schlafapnoe-kampagne-will-unfaelle-verhindern\/","title":{"rendered":"La campagne sur l'apn\u00e9e du sommeil vise \u00e0 pr\u00e9venir les accidents"},"content":{"rendered":"<figure id=\"attachment_1882\" aria-describedby=\"caption-attachment-1882\" style=\"width: 680px\" class=\"wp-caption alignnone\"><img loading=\"lazy\" decoding=\"async\" class=\"size-medium wp-image-1882\" src=\"http:\/\/develop.safety-plus.ch\/wp-content\/uploads\/2017\/03\/Depositphotos_13433730_l-2015.jpg\" alt=\"\" width=\"680\" height=\"452\" \/><figcaption id=\"caption-attachment-1882\" class=\"wp-caption-text\">La th\u00e9rapie CPAP est le traitement le plus efficace contre l'apn\u00e9e du sommeil<\/figcaption><\/figure>\n<p>Plus de 150'000 personnes en Suisse souffrent de brefs arr\u00eats respiratoires pendant le sommeil, appel\u00e9s apn\u00e9es du sommeil. Beaucoup de personnes concern\u00e9es n'en sont cependant pas conscientes. En effet, elles ne per\u00e7oivent pas les arr\u00eats qui peuvent se produire jusqu'\u00e0 plusieurs centaines de fois par nuit ; ceux-ci perturbent n\u00e9anmoins la qualit\u00e9 du sommeil. Les cons\u00e9quences imm\u00e9diates sont la fatigue diurne, la somnolence et les troubles de la concentration. Cela peut \u00eatre dangereux si les personnes concern\u00e9es s'endorment au volant. Les cons\u00e9quences \u00e0 long terme peuvent en outre \u00eatre des troubles du m\u00e9tabolisme et des maladies cardio-vasculaires.<\/p>\n<p><strong>\u00c9viter les accidents gr\u00e2ce au diagnostic<\/strong><\/p>\n<p>Une \u00e9valuation actuelle de la Ligue pulmonaire suisse et de l'H\u00f4pital universitaire de Zurich montre que les efforts d'information d\u00e9ploy\u00e9s jusqu'\u00e0 pr\u00e9sent par la Ligue pulmonaire portent leurs fruits : entre 2009 et 2014, pr\u00e8s de 200'000 personnes ont rempli en ligne le <a href=\"http:\/\/www.lungenliga.ch\/de\/krankheiten-ihre-folgen\/schlafapnoe\/diagnose\/schlafapnoe-risikotest.html\">Test de risque d'apn\u00e9e du sommeil<\/a> de la Ligue pulmonaire. De nombreux participants souffraient de somnolence et pr\u00e9sentaient des sympt\u00f4mes d'apn\u00e9e du sommeil associ\u00e9s \u00e0 un risque accru d'accident. Gr\u00e2ce aux campagnes de la Ligue pulmonaire, ils ont \u00e9t\u00e9 sensibilis\u00e9s \u00e0 l'apn\u00e9e du sommeil, ce qui a permis de diagnostiquer et de traiter l'apn\u00e9e du sommeil et a peut-\u00eatre aussi contribu\u00e9 \u00e0 \u00e9viter des accidents de la route.<\/p>\n<p>Cette ann\u00e9e encore, la Ligue pulmonaire informe en mars dans divers cantons sur le syndrome d'apn\u00e9e du sommeil par le biais d'une campagne et d'activit\u00e9s r\u00e9gionales. Une partie importante de la campagne est le <a href=\"http:\/\/www.lungenliga.ch\/de\/krankheiten-ihre-folgen\/schlafapnoe\/diagnose\/schlafapnoe-risikotest.html\">Test de risque d'apn\u00e9e du sommeil<\/a>Il s'agit d'un test qui donne les premiers indices d'une \u00e9ventuelle maladie.<\/p>\n<p><strong>La th\u00e9rapie CPAP est efficace<\/strong><\/p>\n<p>Avec un traitement appropri\u00e9, les personnes souffrant d'apn\u00e9e du sommeil peuvent vivre de mani\u00e8re autonome et en grande partie sans sympt\u00f4mes. Le traitement le plus efficace de l'apn\u00e9e du sommeil est la th\u00e9rapie CPAP (continuous positive airway pressure). De l'air en l\u00e9g\u00e8re surpression est souffl\u00e9 en continu dans les voies respiratoires pendant la nuit \u00e0 l'aide d'un masque respiratoire afin de les maintenir ouvertes. Les pauses respiratoires sont ainsi \u00e9vit\u00e9es et un sommeil r\u00e9parateur est \u00e0 nouveau possible. La Ligue pulmonaire conseille les personnes concern\u00e9es dans le choix du masque et de l'appareil et les aide \u00e0 int\u00e9grer la th\u00e9rapie dans leur vie quotidienne.<\/p>\n<p><em>Texte : <a href=\"http:\/\/www.lungenliga.ch\">Ligue pulmonaire suisse<\/a><\/em><\/p>","protected":false},"excerpt":{"rendered":"<p>Mehr als 150&#8217;000 Menschen in der Schweiz leiden an kurzen Atemaussetzern im Schlaf, der sogenannten Schlafapnoe. Viele Betroffene sind sich dessen jedoch nicht bewusst. Denn die Aussetzer, die in der Nacht bis zu mehrere hundert Mal auftreten k\u00f6nnen, nehmen sie nicht wahr; diese st\u00f6ren dennoch die Qualit\u00e4t des Schlafs. Die unmittelbaren Folgen sind Tagesm\u00fcdigkeit, Schl\u00e4frigkeit [&hellip;]<\/p>\n","protected":false},"author":1,"featured_media":16178,"comment_status":"open","ping_status":"open","sticky":false,"template":"","format":"standard","meta":{"_acf_changed":false,"pgc_sgb_lightbox_settings":"","footnotes":""},"categories":[3314],"tags":[2348,2492,3135,352],"class_list":["post-16806","post","type-post","status-publish","format-standard","has-post-thumbnail","hentry","category-health-safety","tag-kampagne","tag-lungenliga","tag-unfaelle","tag-verkehrssicherheit"],"acf":[],"hkrextid":null,"publication":null,"issue":null,"workflow":null,"startPage":null,"spitzmarke":null,"_posts_by_tag_page_fields":{"widget_title":"","widget_tags":""},"_at_widget":"1","_yoast_wpseo_primary_category":"2","_yoast_wpseo_focuskw_text_input":"Schlafapnoe","_yoast_wpseo_opengraph-image":null,"_yoast_wpseo_opengraph-description":null,"_yoast_wpseo_opengraph-title":null,"enclosure":null,"_yoast_wpseo_twitter-title":null,"_yoast_wpseo_twitter-description":null,"_yoast_wpseo_twitter-image":null,"_wp_old_slug":null,"_yoast_wpseo_title":null,"_yoast_wpseo_canonical":null,"yoast_head":"<!-- This site is optimized with the Yoast SEO plugin v27.4 - https:\/\/yoast.com\/product\/yoast-seo-wordpress\/ -->\n<title>Schlafapnoe-Kampagne will Unf\u00e4lle verhindern - Save<\/title>\n<meta name=\"description\" content=\"Leidet eine Person an Schlafapnoe, setzt ihr Atem in der Nacht immer wieder aus. Dies erh\u00f6ht das Risiko f\u00fcr Sekundenschlaf und damit Unf\u00e4llen.\" \/>\n<meta name=\"robots\" content=\"index, follow, max-snippet:-1, max-image-preview:large, max-video-preview:-1\" \/>\n<link rel=\"canonical\" href=\"https:\/\/news.save.ch\/fr\/schlafapnoe-kampagne-will-unfaelle-verhindern\/\" \/>\n<meta property=\"og:locale\" content=\"fr_FR\" \/>\n<meta property=\"og:type\" content=\"article\" \/>\n<meta property=\"og:title\" content=\"Schlafapnoe-Kampagne will Unf\u00e4lle verhindern - Save\" \/>\n<meta property=\"og:description\" content=\"Leidet eine Person an Schlafapnoe, setzt ihr Atem in der Nacht immer wieder aus. Dies erh\u00f6ht das Risiko f\u00fcr Sekundenschlaf und damit Unf\u00e4llen.\" \/>\n<meta property=\"og:url\" content=\"https:\/\/news.save.ch\/fr\/schlafapnoe-kampagne-will-unfaelle-verhindern\/\" \/>\n<meta property=\"og:site_name\" content=\"Save\" \/>\n<meta property=\"article:published_time\" content=\"2017-03-06T10:54:39+00:00\" \/>\n<meta property=\"article:modified_time\" content=\"2023-03-14T08:04:23+00:00\" \/>\n<meta property=\"og:image\" content=\"https:\/\/news.save.ch\/wp-content\/uploads\/2017\/03\/Depositphotos_13433730_l-2015-scaled-1.jpg\" \/>\n\t<meta property=\"og:image:width\" content=\"1200\" \/>\n\t<meta property=\"og:image:height\" content=\"797\" \/>\n\t<meta property=\"og:image:type\" content=\"image\/jpeg\" \/>\n<meta name=\"author\" content=\"admin\" \/>\n<meta name=\"twitter:card\" content=\"summary_large_image\" \/>\n<meta name=\"twitter:label1\" content=\"\u00c9crit par\" \/>\n\t<meta name=\"twitter:data1\" content=\"admin\" \/>\n\t<meta name=\"twitter:label2\" content=\"Dur\u00e9e de lecture estim\u00e9e\" \/>\n\t<meta name=\"twitter:data2\" content=\"2 minutes\" \/>\n<script type=\"application\/ld+json\" class=\"yoast-schema-graph\">{\"@context\":\"https:\\\/\\\/schema.org\",\"@graph\":[{\"@type\":\"Article\",\"@id\":\"https:\\\/\\\/news.save.ch\\\/schlafapnoe-kampagne-will-unfaelle-verhindern\\\/#article\",\"isPartOf\":{\"@id\":\"https:\\\/\\\/news.save.ch\\\/schlafapnoe-kampagne-will-unfaelle-verhindern\\\/\"},\"author\":{\"name\":\"admin\",\"@id\":\"https:\\\/\\\/news.save.ch\\\/de\\\/#\\\/schema\\\/person\\\/d49e199490bad7c70d64b9ab51142f2b\"},\"headline\":\"Schlafapnoe-Kampagne will Unf\u00e4lle verhindern\",\"datePublished\":\"2017-03-06T10:54:39+00:00\",\"dateModified\":\"2023-03-14T08:04:23+00:00\",\"mainEntityOfPage\":{\"@id\":\"https:\\\/\\\/news.save.ch\\\/schlafapnoe-kampagne-will-unfaelle-verhindern\\\/\"},\"wordCount\":325,\"commentCount\":0,\"publisher\":{\"@id\":\"https:\\\/\\\/news.save.ch\\\/de\\\/#organization\"},\"image\":{\"@id\":\"https:\\\/\\\/news.save.ch\\\/schlafapnoe-kampagne-will-unfaelle-verhindern\\\/#primaryimage\"},\"thumbnailUrl\":\"https:\\\/\\\/news.save.ch\\\/wp-content\\\/uploads\\\/2017\\\/03\\\/Depositphotos_13433730_l-2015-scaled-1.jpg\",\"keywords\":[\"Kampagne\",\"Lungenliga\",\"Unf\u00e4lle\",\"Verkehrssicherheit\"],\"articleSection\":[\"HEALTH &amp; SAFETY\"],\"inLanguage\":\"fr-FR\"},{\"@type\":\"WebPage\",\"@id\":\"https:\\\/\\\/news.save.ch\\\/schlafapnoe-kampagne-will-unfaelle-verhindern\\\/\",\"url\":\"https:\\\/\\\/news.save.ch\\\/schlafapnoe-kampagne-will-unfaelle-verhindern\\\/\",\"name\":\"Schlafapnoe-Kampagne will Unf\u00e4lle verhindern - Save\",\"isPartOf\":{\"@id\":\"https:\\\/\\\/news.save.ch\\\/de\\\/#website\"},\"primaryImageOfPage\":{\"@id\":\"https:\\\/\\\/news.save.ch\\\/schlafapnoe-kampagne-will-unfaelle-verhindern\\\/#primaryimage\"},\"image\":{\"@id\":\"https:\\\/\\\/news.save.ch\\\/schlafapnoe-kampagne-will-unfaelle-verhindern\\\/#primaryimage\"},\"thumbnailUrl\":\"https:\\\/\\\/news.save.ch\\\/wp-content\\\/uploads\\\/2017\\\/03\\\/Depositphotos_13433730_l-2015-scaled-1.jpg\",\"datePublished\":\"2017-03-06T10:54:39+00:00\",\"dateModified\":\"2023-03-14T08:04:23+00:00\",\"description\":\"Leidet eine Person an Schlafapnoe, setzt ihr Atem in der Nacht immer wieder aus. Dies erh\u00f6ht das Risiko f\u00fcr Sekundenschlaf und damit Unf\u00e4llen.\",\"breadcrumb\":{\"@id\":\"https:\\\/\\\/news.save.ch\\\/schlafapnoe-kampagne-will-unfaelle-verhindern\\\/#breadcrumb\"},\"inLanguage\":\"fr-FR\",\"potentialAction\":[{\"@type\":\"ReadAction\",\"target\":[\"https:\\\/\\\/news.save.ch\\\/schlafapnoe-kampagne-will-unfaelle-verhindern\\\/\"]}]},{\"@type\":\"ImageObject\",\"inLanguage\":\"fr-FR\",\"@id\":\"https:\\\/\\\/news.save.ch\\\/schlafapnoe-kampagne-will-unfaelle-verhindern\\\/#primaryimage\",\"url\":\"https:\\\/\\\/news.save.ch\\\/wp-content\\\/uploads\\\/2017\\\/03\\\/Depositphotos_13433730_l-2015-scaled-1.jpg\",\"contentUrl\":\"https:\\\/\\\/news.save.ch\\\/wp-content\\\/uploads\\\/2017\\\/03\\\/Depositphotos_13433730_l-2015-scaled-1.jpg\",\"width\":1200,\"height\":797,\"caption\":\"Die CPAP-Therapie ist die wirksamste Behandlung von Schlafapnoe\"},{\"@type\":\"BreadcrumbList\",\"@id\":\"https:\\\/\\\/news.save.ch\\\/schlafapnoe-kampagne-will-unfaelle-verhindern\\\/#breadcrumb\",\"itemListElement\":[{\"@type\":\"ListItem\",\"position\":1,\"name\":\"Home\",\"item\":\"https:\\\/\\\/news.save.ch\\\/de\\\/\"},{\"@type\":\"ListItem\",\"position\":2,\"name\":\"Schlafapnoe-Kampagne will Unf\u00e4lle verhindern\"}]},{\"@type\":\"WebSite\",\"@id\":\"https:\\\/\\\/news.save.ch\\\/de\\\/#website\",\"url\":\"https:\\\/\\\/news.save.ch\\\/de\\\/\",\"name\":\"Save\",\"description\":\"Schweizer Fachzeitschrift f\u00fcr Sicherheit\",\"publisher\":{\"@id\":\"https:\\\/\\\/news.save.ch\\\/de\\\/#organization\"},\"potentialAction\":[{\"@type\":\"SearchAction\",\"target\":{\"@type\":\"EntryPoint\",\"urlTemplate\":\"https:\\\/\\\/news.save.ch\\\/de\\\/?s={search_term_string}\"},\"query-input\":{\"@type\":\"PropertyValueSpecification\",\"valueRequired\":true,\"valueName\":\"search_term_string\"}}],\"inLanguage\":\"fr-FR\"},{\"@type\":\"Organization\",\"@id\":\"https:\\\/\\\/news.save.ch\\\/de\\\/#organization\",\"name\":\"Sicherheitsforum\",\"url\":\"https:\\\/\\\/news.save.ch\\\/de\\\/\",\"logo\":{\"@type\":\"ImageObject\",\"inLanguage\":\"fr-FR\",\"@id\":\"https:\\\/\\\/news.save.ch\\\/de\\\/#\\\/schema\\\/logo\\\/image\\\/\",\"url\":\"https:\\\/\\\/news.save.ch\\\/wp-content\\\/uploads\\\/2022\\\/06\\\/Logo_SF_2012.png\",\"contentUrl\":\"https:\\\/\\\/news.save.ch\\\/wp-content\\\/uploads\\\/2022\\\/06\\\/Logo_SF_2012.png\",\"width\":1100,\"height\":91,\"caption\":\"Sicherheitsforum\"},\"image\":{\"@id\":\"https:\\\/\\\/news.save.ch\\\/de\\\/#\\\/schema\\\/logo\\\/image\\\/\"}},{\"@type\":\"Person\",\"@id\":\"https:\\\/\\\/news.save.ch\\\/de\\\/#\\\/schema\\\/person\\\/d49e199490bad7c70d64b9ab51142f2b\",\"name\":\"admin\",\"image\":{\"@type\":\"ImageObject\",\"inLanguage\":\"fr-FR\",\"@id\":\"https:\\\/\\\/secure.gravatar.com\\\/avatar\\\/ae2f4d718e6c49043e314ce431e7e645d646302a24a5ef5a8bc8e3f5a032e319?s=96&d=mm&r=g\",\"url\":\"https:\\\/\\\/secure.gravatar.com\\\/avatar\\\/ae2f4d718e6c49043e314ce431e7e645d646302a24a5ef5a8bc8e3f5a032e319?s=96&d=mm&r=g\",\"contentUrl\":\"https:\\\/\\\/secure.gravatar.com\\\/avatar\\\/ae2f4d718e6c49043e314ce431e7e645d646302a24a5ef5a8bc8e3f5a032e319?s=96&d=mm&r=g\",\"caption\":\"admin\"},\"sameAs\":[\"https:\\\/\\\/develop.organisator.galledia.ch\"],\"url\":\"https:\\\/\\\/news.save.ch\\\/fr\\\/author\\\/admin\\\/\"}]}<\/script>\n<!-- \/ Yoast SEO plugin. -->","yoast_head_json":{"title":"La campagne sur l'apn\u00e9e du sommeil vise \u00e0 pr\u00e9venir les accidents - Save","description":"Si une personne souffre d'apn\u00e9e du sommeil, sa respiration s'arr\u00eate r\u00e9guli\u00e8rement pendant la nuit. Cela augmente le risque d'endormissement et donc d'accidents.","robots":{"index":"index","follow":"follow","max-snippet":"max-snippet:-1","max-image-preview":"max-image-preview:large","max-video-preview":"max-video-preview:-1"},"canonical":"https:\/\/news.save.ch\/fr\/schlafapnoe-kampagne-will-unfaelle-verhindern\/","og_locale":"fr_FR","og_type":"article","og_title":"Schlafapnoe-Kampagne will Unf\u00e4lle verhindern - Save","og_description":"Leidet eine Person an Schlafapnoe, setzt ihr Atem in der Nacht immer wieder aus. Dies erh\u00f6ht das Risiko f\u00fcr Sekundenschlaf und damit Unf\u00e4llen.","og_url":"https:\/\/news.save.ch\/fr\/schlafapnoe-kampagne-will-unfaelle-verhindern\/","og_site_name":"Save","article_published_time":"2017-03-06T10:54:39+00:00","article_modified_time":"2023-03-14T08:04:23+00:00","og_image":[{"width":1200,"height":797,"url":"https:\/\/news.save.ch\/wp-content\/uploads\/2017\/03\/Depositphotos_13433730_l-2015-scaled-1.jpg","type":"image\/jpeg"}],"author":"admin","twitter_card":"summary_large_image","twitter_misc":{"\u00c9crit par":"admin","Dur\u00e9e de lecture estim\u00e9e":"2 minutes"},"schema":{"@context":"https:\/\/schema.org","@graph":[{"@type":"Article","@id":"https:\/\/news.save.ch\/schlafapnoe-kampagne-will-unfaelle-verhindern\/#article","isPartOf":{"@id":"https:\/\/news.save.ch\/schlafapnoe-kampagne-will-unfaelle-verhindern\/"},"author":{"name":"admin","@id":"https:\/\/news.save.ch\/de\/#\/schema\/person\/d49e199490bad7c70d64b9ab51142f2b"},"headline":"Schlafapnoe-Kampagne will Unf\u00e4lle verhindern","datePublished":"2017-03-06T10:54:39+00:00","dateModified":"2023-03-14T08:04:23+00:00","mainEntityOfPage":{"@id":"https:\/\/news.save.ch\/schlafapnoe-kampagne-will-unfaelle-verhindern\/"},"wordCount":325,"commentCount":0,"publisher":{"@id":"https:\/\/news.save.ch\/de\/#organization"},"image":{"@id":"https:\/\/news.save.ch\/schlafapnoe-kampagne-will-unfaelle-verhindern\/#primaryimage"},"thumbnailUrl":"https:\/\/news.save.ch\/wp-content\/uploads\/2017\/03\/Depositphotos_13433730_l-2015-scaled-1.jpg","keywords":["Kampagne","Lungenliga","Unf\u00e4lle","Verkehrssicherheit"],"articleSection":["HEALTH &amp; SAFETY"],"inLanguage":"fr-FR"},{"@type":"WebPage","@id":"https:\/\/news.save.ch\/schlafapnoe-kampagne-will-unfaelle-verhindern\/","url":"https:\/\/news.save.ch\/schlafapnoe-kampagne-will-unfaelle-verhindern\/","name":"La campagne sur l'apn\u00e9e du sommeil vise \u00e0 pr\u00e9venir les accidents - Save","isPartOf":{"@id":"https:\/\/news.save.ch\/de\/#website"},"primaryImageOfPage":{"@id":"https:\/\/news.save.ch\/schlafapnoe-kampagne-will-unfaelle-verhindern\/#primaryimage"},"image":{"@id":"https:\/\/news.save.ch\/schlafapnoe-kampagne-will-unfaelle-verhindern\/#primaryimage"},"thumbnailUrl":"https:\/\/news.save.ch\/wp-content\/uploads\/2017\/03\/Depositphotos_13433730_l-2015-scaled-1.jpg","datePublished":"2017-03-06T10:54:39+00:00","dateModified":"2023-03-14T08:04:23+00:00","description":"Si une personne souffre d'apn\u00e9e du sommeil, sa respiration s'arr\u00eate r\u00e9guli\u00e8rement pendant la nuit. Cela augmente le risque d'endormissement et donc d'accidents.","breadcrumb":{"@id":"https:\/\/news.save.ch\/schlafapnoe-kampagne-will-unfaelle-verhindern\/#breadcrumb"},"inLanguage":"fr-FR","potentialAction":[{"@type":"ReadAction","target":["https:\/\/news.save.ch\/schlafapnoe-kampagne-will-unfaelle-verhindern\/"]}]},{"@type":"ImageObject","inLanguage":"fr-FR","@id":"https:\/\/news.save.ch\/schlafapnoe-kampagne-will-unfaelle-verhindern\/#primaryimage","url":"https:\/\/news.save.ch\/wp-content\/uploads\/2017\/03\/Depositphotos_13433730_l-2015-scaled-1.jpg","contentUrl":"https:\/\/news.save.ch\/wp-content\/uploads\/2017\/03\/Depositphotos_13433730_l-2015-scaled-1.jpg","width":1200,"height":797,"caption":"Die CPAP-Therapie ist die wirksamste Behandlung von Schlafapnoe"},{"@type":"BreadcrumbList","@id":"https:\/\/news.save.ch\/schlafapnoe-kampagne-will-unfaelle-verhindern\/#breadcrumb","itemListElement":[{"@type":"ListItem","position":1,"name":"Home","item":"https:\/\/news.save.ch\/de\/"},{"@type":"ListItem","position":2,"name":"Schlafapnoe-Kampagne will Unf\u00e4lle verhindern"}]},{"@type":"WebSite","@id":"https:\/\/news.save.ch\/de\/#website","url":"https:\/\/news.save.ch\/de\/","name":"Save","description":"Revue suisse sp\u00e9cialis\u00e9e dans la s\u00e9curit\u00e9","publisher":{"@id":"https:\/\/news.save.ch\/de\/#organization"},"potentialAction":[{"@type":"SearchAction","target":{"@type":"EntryPoint","urlTemplate":"https:\/\/news.save.ch\/de\/?s={search_term_string}"},"query-input":{"@type":"PropertyValueSpecification","valueRequired":true,"valueName":"search_term_string"}}],"inLanguage":"fr-FR"},{"@type":"Organization","@id":"https:\/\/news.save.ch\/de\/#organization","name":"Forum sur la s\u00e9curit\u00e9","url":"https:\/\/news.save.ch\/de\/","logo":{"@type":"ImageObject","inLanguage":"fr-FR","@id":"https:\/\/news.save.ch\/de\/#\/schema\/logo\/image\/","url":"https:\/\/news.save.ch\/wp-content\/uploads\/2022\/06\/Logo_SF_2012.png","contentUrl":"https:\/\/news.save.ch\/wp-content\/uploads\/2022\/06\/Logo_SF_2012.png","width":1100,"height":91,"caption":"Sicherheitsforum"},"image":{"@id":"https:\/\/news.save.ch\/de\/#\/schema\/logo\/image\/"}},{"@type":"Person","@id":"https:\/\/news.save.ch\/de\/#\/schema\/person\/d49e199490bad7c70d64b9ab51142f2b","name":"admin","image":{"@type":"ImageObject","inLanguage":"fr-FR","@id":"https:\/\/secure.gravatar.com\/avatar\/ae2f4d718e6c49043e314ce431e7e645d646302a24a5ef5a8bc8e3f5a032e319?s=96&d=mm&r=g","url":"https:\/\/secure.gravatar.com\/avatar\/ae2f4d718e6c49043e314ce431e7e645d646302a24a5ef5a8bc8e3f5a032e319?s=96&d=mm&r=g","contentUrl":"https:\/\/secure.gravatar.com\/avatar\/ae2f4d718e6c49043e314ce431e7e645d646302a24a5ef5a8bc8e3f5a032e319?s=96&d=mm&r=g","caption":"admin"},"sameAs":["https:\/\/develop.organisator.galledia.ch"],"url":"https:\/\/news.save.ch\/fr\/author\/admin\/"}]}},"_links":{"self":[{"href":"https:\/\/news.save.ch\/fr\/wp-json\/wp\/v2\/posts\/16806","targetHints":{"allow":["GET"]}}],"collection":[{"href":"https:\/\/news.save.ch\/fr\/wp-json\/wp\/v2\/posts"}],"about":[{"href":"https:\/\/news.save.ch\/fr\/wp-json\/wp\/v2\/types\/post"}],"author":[{"embeddable":true,"href":"https:\/\/news.save.ch\/fr\/wp-json\/wp\/v2\/users\/1"}],"replies":[{"embeddable":true,"href":"https:\/\/news.save.ch\/fr\/wp-json\/wp\/v2\/comments?post=16806"}],"version-history":[{"count":1,"href":"https:\/\/news.save.ch\/fr\/wp-json\/wp\/v2\/posts\/16806\/revisions"}],"predecessor-version":[{"id":18949,"href":"https:\/\/news.save.ch\/fr\/wp-json\/wp\/v2\/posts\/16806\/revisions\/18949"}],"wp:featuredmedia":[{"embeddable":true,"href":"https:\/\/news.save.ch\/fr\/wp-json\/wp\/v2\/media\/16178"}],"wp:attachment":[{"href":"https:\/\/news.save.ch\/fr\/wp-json\/wp\/v2\/media?parent=16806"}],"wp:term":[{"taxonomy":"category","embeddable":true,"href":"https:\/\/news.save.ch\/fr\/wp-json\/wp\/v2\/categories?post=16806"},{"taxonomy":"post_tag","embeddable":true,"href":"https:\/\/news.save.ch\/fr\/wp-json\/wp\/v2\/tags?post=16806"}],"curies":[{"name":"wp","href":"https:\/\/api.w.org\/{rel}","templated":true}]}}