{"id":16808,"date":"2017-03-16T16:20:17","date_gmt":"2017-03-16T15:20:17","guid":{"rendered":"https:\/\/news.save.ch\/?p=1900"},"modified":"2017-03-16T16:20:17","modified_gmt":"2017-03-16T15:20:17","slug":"zu-viel-fleisch-nicht-genug-milchprodukte-so-isst-die-schweiz","status":null,"type":"post","link":"https:\/\/news.save.ch\/fr\/zu-viel-fleisch-nicht-genug-milchprodukte-so-isst-die-schweiz\/","title":{"rendered":"Trop de viande, pas assez de produits laitiers : Voici comment la Suisse mange"},"content":{"rendered":"<figure id=\"attachment_1901\" aria-describedby=\"caption-attachment-1901\" style=\"width: 680px\" class=\"wp-caption alignnone\"><img loading=\"lazy\" decoding=\"async\" class=\"size-medium wp-image-1901\" src=\"http:\/\/develop.safety-plus.ch\/wp-content\/uploads\/2017\/03\/pyramide.jpg\" alt=\"\" width=\"680\" height=\"636\" srcset=\"https:\/\/news.save.ch\/wp-content\/uploads\/2017\/03\/pyramide.jpg 900w, https:\/\/news.save.ch\/wp-content\/uploads\/2017\/03\/pyramide-680x636.jpg 680w, https:\/\/news.save.ch\/wp-content\/uploads\/2017\/03\/pyramide-768x719.jpg 768w, https:\/\/news.save.ch\/wp-content\/uploads\/2017\/03\/pyramide-13x12.jpg 13w, https:\/\/news.save.ch\/wp-content\/uploads\/2017\/03\/pyramide-321x300.jpg 321w, https:\/\/news.save.ch\/wp-content\/uploads\/2017\/03\/pyramide-374x350.jpg 374w, https:\/\/news.save.ch\/wp-content\/uploads\/2017\/03\/pyramide-855x800.jpg 855w\" sizes=\"auto, (max-width: 680px) 100vw, 680px\" \/><figcaption id=\"caption-attachment-1901\" class=\"wp-caption-text\">Ce que nous devrions manger - et ce que nous mangeons vraiment : Quatre fois plus de malbouffe que nous ne devrions, trop de viande et pas assez de l\u00e9gumes et de produits laitiers.<\/figcaption><\/figure>\n<p>La population suisse consomme en moyenne 780 grammes de viande et de charcuterie par semaine, alors que la recommandation est de 240 grammes. Avec 980 grammes, les hommes mangent presque deux fois plus de viande que les femmes (570 grammes). Les produits sucr\u00e9s et sal\u00e9s sont consomm\u00e9s quatre fois plus que la quantit\u00e9 recommand\u00e9e, et les mati\u00e8res grasses comme le beurre, la margarine, la cr\u00e8me et les sauces riches en mati\u00e8res grasses quatre fois plus que la quantit\u00e9 recommand\u00e9e. Dans le cadre de l'enqu\u00eate men\u00e9e par menuCH, 77 % des personnes ont d\u00e9clar\u00e9 avoir d\u00e9j\u00e0 entendu parler de la pyramide alimentaire suisse et des recommandations alimentaires qui y sont associ\u00e9es. La pyramide et les recommandations ont \u00e9t\u00e9 \u00e9labor\u00e9es par la Soci\u00e9t\u00e9 Suisse de Nutrition et l'Office f\u00e9d\u00e9ral de la s\u00e9curit\u00e9 alimentaire et des affaires v\u00e9t\u00e9rinaires (OSAV).<\/p>\n<p><b>Trop peu de produits laitiers<br \/>\n<\/b>Mais il y a aussi des aliments que la population consomme en quantit\u00e9 insuffisante. La consommation moyenne d'huiles v\u00e9g\u00e9tales et de noix, par exemple, correspond \u00e0 la moiti\u00e9 de la quantit\u00e9 recommand\u00e9e. En ce qui concerne le lait et les produits laitiers, la population suisse en consomme deux portions par jour au lieu de trois. La consommation est plus \u00e9lev\u00e9e en Suisse al\u00e9manique que dans les r\u00e9gions francophones et italophones du pays. menuCH montre en outre que les personnes interrog\u00e9es boivent en moyenne environ 1,7 litre d'eau, de caf\u00e9 et de th\u00e9 par jour. Il est recommand\u00e9 de boire 1 \u00e0 2 litres par jour.<\/p>\n<p><b>On mange souvent \u00e0 l'ext\u00e9rieur<br \/>\n<\/b>Les personnes interrog\u00e9es ont \u00e9galement fourni des informations sur leur comportement alimentaire et leur activit\u00e9 physique. Pr\u00e8s de la moiti\u00e9 d'entre elles (47%) ont indiqu\u00e9 consommer r\u00e9guli\u00e8rement des compl\u00e9ments alimentaires tels que des suppl\u00e9ments de vitamines et de min\u00e9raux. 71% se restaurent \u00e0 l'ext\u00e9rieur le midi. 35% des personnes interrog\u00e9es ne pr\u00e9parent jamais de repas de midi ; chez les hommes, c'est presque la moiti\u00e9 (45%), chez les femmes, un quart. Le soir, en revanche, ils sont plus nombreux \u00e0 se mettre aux fourneaux : seule une personne sur cinq (19%) ne cuisine jamais \u00e0 ce moment-l\u00e0. Il existe de grandes diff\u00e9rences entre les groupes d'\u00e2ge. Alors que 35% des 65-75 ans ne pr\u00e9parent jamais de repas chaud le soir, ce chiffre est de 15% chez les 18-34 ans.<i> <\/i>En moyenne, 38 minutes sont consacr\u00e9es \u00e0 la cuisine par repas.<\/p>\n<p><b>Les connaissances sont \u00e0 la base de la strat\u00e9gie nutritionnelle<br \/>\n<\/b>Les donn\u00e9es obtenues permettent d'identifier des groupes \u00e0 risque particuliers ou des r\u00e9gimes alimentaires \u00e0 risque. Il est \u00e9galement possible d'estimer les quantit\u00e9s de substances ind\u00e9sirables absorb\u00e9es via les aliments. Dans une prochaine \u00e9tape, les r\u00e9sultats de menuCH seront utiles pour le d\u00e9veloppement de la strat\u00e9gie alimentaire suisse 2017 - 2024. Des mesures pourront ainsi \u00eatre d\u00e9finies afin d'am\u00e9liorer encore les habitudes alimentaires de la population suisse.<\/p>\n<p>Pour menuCH, environ 2000 adultes de toute la Suisse ont \u00e9t\u00e9 interrog\u00e9s sur leurs habitudes alimentaires. L'Institut de m\u00e9decine sociale et pr\u00e9ventive de l'Universit\u00e9 de Lausanne a r\u00e9alis\u00e9 cette enqu\u00eate sur mandat de l'OFAG et de l'Office f\u00e9d\u00e9ral de la sant\u00e9 publique (OFSP). En novembre 2016, des r\u00e9sultats concernant l'indice de masse corporelle et la consommation de fruits et l\u00e9gumes ont d\u00e9j\u00e0 \u00e9t\u00e9 publi\u00e9s.<\/p>","protected":false},"excerpt":{"rendered":"<p>Die Schweizer Bev\u00f6lkerung konsumiert durchschnittlich 780 Gramm Fleisch und Wurstwaren pro Woche, empfohlen werden 240 Gramm. M\u00e4nner essen dabei mit 980 Gramm fast doppelt so viel Fleisch wie Frauen (570 g). S\u00fcsses und Salziges wird viermal mehr, und Fette wie Butter, Margarine, Rahm sowie fettreiche Sossen viermal so viel konsumiert wie empfohlen. 77 Prozent der [&hellip;]<\/p>\n","protected":false},"author":1,"featured_media":1901,"comment_status":"open","ping_status":"open","sticky":false,"template":"","format":"standard","meta":{"_acf_changed":false,"pgc_sgb_lightbox_settings":"","footnotes":""},"categories":[1],"tags":[1991,141,64,3021],"class_list":["post-16808","post","type-post","status-publish","format-standard","has-post-thumbnail","hentry","category-allgemein","tag-ernaehrung","tag-praevention","tag-studie","tag-studien"],"acf":[],"hkrextid":null,"publication":null,"issue":null,"workflow":null,"startPage":null,"spitzmarke":null,"_posts_by_tag_page_fields":{"widget_title":"","widget_tags":""},"_at_widget":"1","_yoast_wpseo_primary_category":"","_yoast_wpseo_focuskw_text_input":"Fleisch","_yoast_wpseo_opengraph-image":null,"_yoast_wpseo_opengraph-description":null,"_yoast_wpseo_opengraph-title":null,"enclosure":null,"_yoast_wpseo_twitter-title":null,"_yoast_wpseo_twitter-description":null,"_yoast_wpseo_twitter-image":null,"_wp_old_slug":null,"_yoast_wpseo_title":null,"_yoast_wpseo_canonical":null,"yoast_head":"<!-- This site is optimized with the Yoast SEO plugin v27.5 - https:\/\/yoast.com\/product\/yoast-seo-wordpress\/ -->\n<title>Zu viel Fleisch, nicht genug Milchprodukte: So isst die Schweiz - Save<\/title>\n<meta name=\"description\" content=\"Schweizer essen mehr Fleisch als empfohlen, dagegen konsumieren sie zu wenig Milchprodukte. Dies zeigt die erste Nationalen Ern\u00e4hrungserhebung menuCH.\" \/>\n<meta name=\"robots\" content=\"index, follow, max-snippet:-1, max-image-preview:large, max-video-preview:-1\" \/>\n<link rel=\"canonical\" href=\"https:\/\/news.save.ch\/fr\/zu-viel-fleisch-nicht-genug-milchprodukte-so-isst-die-schweiz\/\" \/>\n<meta property=\"og:locale\" content=\"fr_FR\" \/>\n<meta property=\"og:type\" content=\"article\" \/>\n<meta property=\"og:title\" content=\"Zu viel Fleisch, nicht genug Milchprodukte: So isst die Schweiz - Save\" \/>\n<meta property=\"og:description\" content=\"Schweizer essen mehr Fleisch als empfohlen, dagegen konsumieren sie zu wenig Milchprodukte. Dies zeigt die erste Nationalen Ern\u00e4hrungserhebung menuCH.\" \/>\n<meta property=\"og:url\" content=\"https:\/\/news.save.ch\/fr\/zu-viel-fleisch-nicht-genug-milchprodukte-so-isst-die-schweiz\/\" \/>\n<meta property=\"og:site_name\" content=\"Save\" \/>\n<meta property=\"article:published_time\" content=\"2017-03-16T15:20:17+00:00\" \/>\n<meta property=\"og:image\" content=\"https:\/\/news.save.ch\/wp-content\/uploads\/2017\/03\/pyramide.jpg\" \/>\n\t<meta property=\"og:image:width\" content=\"900\" \/>\n\t<meta property=\"og:image:height\" content=\"842\" \/>\n\t<meta property=\"og:image:type\" content=\"image\/jpeg\" \/>\n<meta name=\"author\" content=\"admin\" \/>\n<meta name=\"twitter:card\" content=\"summary_large_image\" \/>\n<meta name=\"twitter:label1\" content=\"\u00c9crit par\" \/>\n\t<meta name=\"twitter:data1\" content=\"admin\" \/>\n\t<meta name=\"twitter:label2\" content=\"Dur\u00e9e de lecture estim\u00e9e\" \/>\n\t<meta name=\"twitter:data2\" content=\"2 minutes\" \/>\n<script type=\"application\/ld+json\" class=\"yoast-schema-graph\">{\"@context\":\"https:\\\/\\\/schema.org\",\"@graph\":[{\"@type\":\"Article\",\"@id\":\"https:\\\/\\\/news.save.ch\\\/zu-viel-fleisch-nicht-genug-milchprodukte-so-isst-die-schweiz\\\/#article\",\"isPartOf\":{\"@id\":\"https:\\\/\\\/news.save.ch\\\/zu-viel-fleisch-nicht-genug-milchprodukte-so-isst-die-schweiz\\\/\"},\"author\":{\"name\":\"admin\",\"@id\":\"https:\\\/\\\/news.save.ch\\\/de\\\/#\\\/schema\\\/person\\\/d49e199490bad7c70d64b9ab51142f2b\"},\"headline\":\"Zu viel Fleisch, nicht genug Milchprodukte: So isst die Schweiz\",\"datePublished\":\"2017-03-16T15:20:17+00:00\",\"mainEntityOfPage\":{\"@id\":\"https:\\\/\\\/news.save.ch\\\/zu-viel-fleisch-nicht-genug-milchprodukte-so-isst-die-schweiz\\\/\"},\"wordCount\":489,\"commentCount\":0,\"publisher\":{\"@id\":\"https:\\\/\\\/news.save.ch\\\/de\\\/#organization\"},\"image\":{\"@id\":\"https:\\\/\\\/news.save.ch\\\/zu-viel-fleisch-nicht-genug-milchprodukte-so-isst-die-schweiz\\\/#primaryimage\"},\"thumbnailUrl\":\"https:\\\/\\\/news.save.ch\\\/wp-content\\\/uploads\\\/2017\\\/03\\\/pyramide.jpg\",\"keywords\":[\"Ern\u00e4hrung\",\"Pr\u00e4vention\",\"Studie\",\"Studien\"],\"articleSection\":[\"ALLGEMEIN\"],\"inLanguage\":\"fr-FR\"},{\"@type\":\"WebPage\",\"@id\":\"https:\\\/\\\/news.save.ch\\\/zu-viel-fleisch-nicht-genug-milchprodukte-so-isst-die-schweiz\\\/\",\"url\":\"https:\\\/\\\/news.save.ch\\\/zu-viel-fleisch-nicht-genug-milchprodukte-so-isst-die-schweiz\\\/\",\"name\":\"Zu viel Fleisch, nicht genug Milchprodukte: So isst die Schweiz - Save\",\"isPartOf\":{\"@id\":\"https:\\\/\\\/news.save.ch\\\/de\\\/#website\"},\"primaryImageOfPage\":{\"@id\":\"https:\\\/\\\/news.save.ch\\\/zu-viel-fleisch-nicht-genug-milchprodukte-so-isst-die-schweiz\\\/#primaryimage\"},\"image\":{\"@id\":\"https:\\\/\\\/news.save.ch\\\/zu-viel-fleisch-nicht-genug-milchprodukte-so-isst-die-schweiz\\\/#primaryimage\"},\"thumbnailUrl\":\"https:\\\/\\\/news.save.ch\\\/wp-content\\\/uploads\\\/2017\\\/03\\\/pyramide.jpg\",\"datePublished\":\"2017-03-16T15:20:17+00:00\",\"description\":\"Schweizer essen mehr Fleisch als empfohlen, dagegen konsumieren sie zu wenig Milchprodukte. Dies zeigt die erste Nationalen Ern\u00e4hrungserhebung menuCH.\",\"breadcrumb\":{\"@id\":\"https:\\\/\\\/news.save.ch\\\/zu-viel-fleisch-nicht-genug-milchprodukte-so-isst-die-schweiz\\\/#breadcrumb\"},\"inLanguage\":\"fr-FR\",\"potentialAction\":[{\"@type\":\"ReadAction\",\"target\":[\"https:\\\/\\\/news.save.ch\\\/zu-viel-fleisch-nicht-genug-milchprodukte-so-isst-die-schweiz\\\/\"]}]},{\"@type\":\"ImageObject\",\"inLanguage\":\"fr-FR\",\"@id\":\"https:\\\/\\\/news.save.ch\\\/zu-viel-fleisch-nicht-genug-milchprodukte-so-isst-die-schweiz\\\/#primaryimage\",\"url\":\"https:\\\/\\\/news.save.ch\\\/wp-content\\\/uploads\\\/2017\\\/03\\\/pyramide.jpg\",\"contentUrl\":\"https:\\\/\\\/news.save.ch\\\/wp-content\\\/uploads\\\/2017\\\/03\\\/pyramide.jpg\",\"width\":900,\"height\":842,\"caption\":\"Was wir essen sollten - und was wir wirklich essen: Viermal mehr Junk Food, als wir sollten, zu viel Fleisch und zu wenig Gem\u00fcse und Milchprodukte.\"},{\"@type\":\"BreadcrumbList\",\"@id\":\"https:\\\/\\\/news.save.ch\\\/zu-viel-fleisch-nicht-genug-milchprodukte-so-isst-die-schweiz\\\/#breadcrumb\",\"itemListElement\":[{\"@type\":\"ListItem\",\"position\":1,\"name\":\"Home\",\"item\":\"https:\\\/\\\/news.save.ch\\\/de\\\/\"},{\"@type\":\"ListItem\",\"position\":2,\"name\":\"Zu viel Fleisch, nicht genug Milchprodukte: So isst die Schweiz\"}]},{\"@type\":\"WebSite\",\"@id\":\"https:\\\/\\\/news.save.ch\\\/de\\\/#website\",\"url\":\"https:\\\/\\\/news.save.ch\\\/de\\\/\",\"name\":\"Save\",\"description\":\"Schweizer Fachzeitschrift f\u00fcr Sicherheit\",\"publisher\":{\"@id\":\"https:\\\/\\\/news.save.ch\\\/de\\\/#organization\"},\"potentialAction\":[{\"@type\":\"SearchAction\",\"target\":{\"@type\":\"EntryPoint\",\"urlTemplate\":\"https:\\\/\\\/news.save.ch\\\/de\\\/?s={search_term_string}\"},\"query-input\":{\"@type\":\"PropertyValueSpecification\",\"valueRequired\":true,\"valueName\":\"search_term_string\"}}],\"inLanguage\":\"fr-FR\"},{\"@type\":\"Organization\",\"@id\":\"https:\\\/\\\/news.save.ch\\\/de\\\/#organization\",\"name\":\"Sicherheitsforum\",\"url\":\"https:\\\/\\\/news.save.ch\\\/de\\\/\",\"logo\":{\"@type\":\"ImageObject\",\"inLanguage\":\"fr-FR\",\"@id\":\"https:\\\/\\\/news.save.ch\\\/de\\\/#\\\/schema\\\/logo\\\/image\\\/\",\"url\":\"https:\\\/\\\/news.save.ch\\\/wp-content\\\/uploads\\\/2022\\\/06\\\/Logo_SF_2012.png\",\"contentUrl\":\"https:\\\/\\\/news.save.ch\\\/wp-content\\\/uploads\\\/2022\\\/06\\\/Logo_SF_2012.png\",\"width\":1100,\"height\":91,\"caption\":\"Sicherheitsforum\"},\"image\":{\"@id\":\"https:\\\/\\\/news.save.ch\\\/de\\\/#\\\/schema\\\/logo\\\/image\\\/\"}},{\"@type\":\"Person\",\"@id\":\"https:\\\/\\\/news.save.ch\\\/de\\\/#\\\/schema\\\/person\\\/d49e199490bad7c70d64b9ab51142f2b\",\"name\":\"admin\",\"image\":{\"@type\":\"ImageObject\",\"inLanguage\":\"fr-FR\",\"@id\":\"https:\\\/\\\/secure.gravatar.com\\\/avatar\\\/ae2f4d718e6c49043e314ce431e7e645d646302a24a5ef5a8bc8e3f5a032e319?s=96&d=mm&r=g\",\"url\":\"https:\\\/\\\/secure.gravatar.com\\\/avatar\\\/ae2f4d718e6c49043e314ce431e7e645d646302a24a5ef5a8bc8e3f5a032e319?s=96&d=mm&r=g\",\"contentUrl\":\"https:\\\/\\\/secure.gravatar.com\\\/avatar\\\/ae2f4d718e6c49043e314ce431e7e645d646302a24a5ef5a8bc8e3f5a032e319?s=96&d=mm&r=g\",\"caption\":\"admin\"},\"sameAs\":[\"https:\\\/\\\/develop.organisator.galledia.ch\"],\"url\":\"https:\\\/\\\/news.save.ch\\\/fr\\\/author\\\/admin\\\/\"}]}<\/script>\n<!-- \/ Yoast SEO plugin. -->","yoast_head_json":{"title":"Trop de viande, pas assez de produits laitiers : La Suisse mange ainsi - Save","description":"Les Suisses mangent plus de viande que recommand\u00e9, par contre ils ne consomment pas assez de produits laitiers. C'est ce que montre la premi\u00e8re enqu\u00eate nationale sur l'alimentation menuCH.","robots":{"index":"index","follow":"follow","max-snippet":"max-snippet:-1","max-image-preview":"max-image-preview:large","max-video-preview":"max-video-preview:-1"},"canonical":"https:\/\/news.save.ch\/fr\/zu-viel-fleisch-nicht-genug-milchprodukte-so-isst-die-schweiz\/","og_locale":"fr_FR","og_type":"article","og_title":"Zu viel Fleisch, nicht genug Milchprodukte: So isst die Schweiz - Save","og_description":"Schweizer essen mehr Fleisch als empfohlen, dagegen konsumieren sie zu wenig Milchprodukte. Dies zeigt die erste Nationalen Ern\u00e4hrungserhebung menuCH.","og_url":"https:\/\/news.save.ch\/fr\/zu-viel-fleisch-nicht-genug-milchprodukte-so-isst-die-schweiz\/","og_site_name":"Save","article_published_time":"2017-03-16T15:20:17+00:00","og_image":[{"width":900,"height":842,"url":"https:\/\/news.save.ch\/wp-content\/uploads\/2017\/03\/pyramide.jpg","type":"image\/jpeg"}],"author":"admin","twitter_card":"summary_large_image","twitter_misc":{"\u00c9crit par":"admin","Dur\u00e9e de lecture estim\u00e9e":"2 minutes"},"schema":{"@context":"https:\/\/schema.org","@graph":[{"@type":"Article","@id":"https:\/\/news.save.ch\/zu-viel-fleisch-nicht-genug-milchprodukte-so-isst-die-schweiz\/#article","isPartOf":{"@id":"https:\/\/news.save.ch\/zu-viel-fleisch-nicht-genug-milchprodukte-so-isst-die-schweiz\/"},"author":{"name":"admin","@id":"https:\/\/news.save.ch\/de\/#\/schema\/person\/d49e199490bad7c70d64b9ab51142f2b"},"headline":"Zu viel Fleisch, nicht genug Milchprodukte: So isst die Schweiz","datePublished":"2017-03-16T15:20:17+00:00","mainEntityOfPage":{"@id":"https:\/\/news.save.ch\/zu-viel-fleisch-nicht-genug-milchprodukte-so-isst-die-schweiz\/"},"wordCount":489,"commentCount":0,"publisher":{"@id":"https:\/\/news.save.ch\/de\/#organization"},"image":{"@id":"https:\/\/news.save.ch\/zu-viel-fleisch-nicht-genug-milchprodukte-so-isst-die-schweiz\/#primaryimage"},"thumbnailUrl":"https:\/\/news.save.ch\/wp-content\/uploads\/2017\/03\/pyramide.jpg","keywords":["Ern\u00e4hrung","Pr\u00e4vention","Studie","Studien"],"articleSection":["ALLGEMEIN"],"inLanguage":"fr-FR"},{"@type":"WebPage","@id":"https:\/\/news.save.ch\/zu-viel-fleisch-nicht-genug-milchprodukte-so-isst-die-schweiz\/","url":"https:\/\/news.save.ch\/zu-viel-fleisch-nicht-genug-milchprodukte-so-isst-die-schweiz\/","name":"Trop de viande, pas assez de produits laitiers : La Suisse mange ainsi - Save","isPartOf":{"@id":"https:\/\/news.save.ch\/de\/#website"},"primaryImageOfPage":{"@id":"https:\/\/news.save.ch\/zu-viel-fleisch-nicht-genug-milchprodukte-so-isst-die-schweiz\/#primaryimage"},"image":{"@id":"https:\/\/news.save.ch\/zu-viel-fleisch-nicht-genug-milchprodukte-so-isst-die-schweiz\/#primaryimage"},"thumbnailUrl":"https:\/\/news.save.ch\/wp-content\/uploads\/2017\/03\/pyramide.jpg","datePublished":"2017-03-16T15:20:17+00:00","description":"Les Suisses mangent plus de viande que recommand\u00e9, par contre ils ne consomment pas assez de produits laitiers. C'est ce que montre la premi\u00e8re enqu\u00eate nationale sur l'alimentation menuCH.","breadcrumb":{"@id":"https:\/\/news.save.ch\/zu-viel-fleisch-nicht-genug-milchprodukte-so-isst-die-schweiz\/#breadcrumb"},"inLanguage":"fr-FR","potentialAction":[{"@type":"ReadAction","target":["https:\/\/news.save.ch\/zu-viel-fleisch-nicht-genug-milchprodukte-so-isst-die-schweiz\/"]}]},{"@type":"ImageObject","inLanguage":"fr-FR","@id":"https:\/\/news.save.ch\/zu-viel-fleisch-nicht-genug-milchprodukte-so-isst-die-schweiz\/#primaryimage","url":"https:\/\/news.save.ch\/wp-content\/uploads\/2017\/03\/pyramide.jpg","contentUrl":"https:\/\/news.save.ch\/wp-content\/uploads\/2017\/03\/pyramide.jpg","width":900,"height":842,"caption":"Was wir essen sollten - und was wir wirklich essen: Viermal mehr Junk Food, als wir sollten, zu viel Fleisch und zu wenig Gem\u00fcse und Milchprodukte."},{"@type":"BreadcrumbList","@id":"https:\/\/news.save.ch\/zu-viel-fleisch-nicht-genug-milchprodukte-so-isst-die-schweiz\/#breadcrumb","itemListElement":[{"@type":"ListItem","position":1,"name":"Home","item":"https:\/\/news.save.ch\/de\/"},{"@type":"ListItem","position":2,"name":"Zu viel Fleisch, nicht genug Milchprodukte: So isst die Schweiz"}]},{"@type":"WebSite","@id":"https:\/\/news.save.ch\/de\/#website","url":"https:\/\/news.save.ch\/de\/","name":"Save","description":"Revue suisse sp\u00e9cialis\u00e9e dans la s\u00e9curit\u00e9","publisher":{"@id":"https:\/\/news.save.ch\/de\/#organization"},"potentialAction":[{"@type":"SearchAction","target":{"@type":"EntryPoint","urlTemplate":"https:\/\/news.save.ch\/de\/?s={search_term_string}"},"query-input":{"@type":"PropertyValueSpecification","valueRequired":true,"valueName":"search_term_string"}}],"inLanguage":"fr-FR"},{"@type":"Organization","@id":"https:\/\/news.save.ch\/de\/#organization","name":"Forum sur la s\u00e9curit\u00e9","url":"https:\/\/news.save.ch\/de\/","logo":{"@type":"ImageObject","inLanguage":"fr-FR","@id":"https:\/\/news.save.ch\/de\/#\/schema\/logo\/image\/","url":"https:\/\/news.save.ch\/wp-content\/uploads\/2022\/06\/Logo_SF_2012.png","contentUrl":"https:\/\/news.save.ch\/wp-content\/uploads\/2022\/06\/Logo_SF_2012.png","width":1100,"height":91,"caption":"Sicherheitsforum"},"image":{"@id":"https:\/\/news.save.ch\/de\/#\/schema\/logo\/image\/"}},{"@type":"Person","@id":"https:\/\/news.save.ch\/de\/#\/schema\/person\/d49e199490bad7c70d64b9ab51142f2b","name":"admin","image":{"@type":"ImageObject","inLanguage":"fr-FR","@id":"https:\/\/secure.gravatar.com\/avatar\/ae2f4d718e6c49043e314ce431e7e645d646302a24a5ef5a8bc8e3f5a032e319?s=96&d=mm&r=g","url":"https:\/\/secure.gravatar.com\/avatar\/ae2f4d718e6c49043e314ce431e7e645d646302a24a5ef5a8bc8e3f5a032e319?s=96&d=mm&r=g","contentUrl":"https:\/\/secure.gravatar.com\/avatar\/ae2f4d718e6c49043e314ce431e7e645d646302a24a5ef5a8bc8e3f5a032e319?s=96&d=mm&r=g","caption":"admin"},"sameAs":["https:\/\/develop.organisator.galledia.ch"],"url":"https:\/\/news.save.ch\/fr\/author\/admin\/"}]}},"_links":{"self":[{"href":"https:\/\/news.save.ch\/fr\/wp-json\/wp\/v2\/posts\/16808","targetHints":{"allow":["GET"]}}],"collection":[{"href":"https:\/\/news.save.ch\/fr\/wp-json\/wp\/v2\/posts"}],"about":[{"href":"https:\/\/news.save.ch\/fr\/wp-json\/wp\/v2\/types\/post"}],"author":[{"embeddable":true,"href":"https:\/\/news.save.ch\/fr\/wp-json\/wp\/v2\/users\/1"}],"replies":[{"embeddable":true,"href":"https:\/\/news.save.ch\/fr\/wp-json\/wp\/v2\/comments?post=16808"}],"version-history":[{"count":0,"href":"https:\/\/news.save.ch\/fr\/wp-json\/wp\/v2\/posts\/16808\/revisions"}],"wp:featuredmedia":[{"embeddable":true,"href":"https:\/\/news.save.ch\/fr\/wp-json\/wp\/v2\/media\/1901"}],"wp:attachment":[{"href":"https:\/\/news.save.ch\/fr\/wp-json\/wp\/v2\/media?parent=16808"}],"wp:term":[{"taxonomy":"category","embeddable":true,"href":"https:\/\/news.save.ch\/fr\/wp-json\/wp\/v2\/categories?post=16808"},{"taxonomy":"post_tag","embeddable":true,"href":"https:\/\/news.save.ch\/fr\/wp-json\/wp\/v2\/tags?post=16808"}],"curies":[{"name":"wp","href":"https:\/\/api.w.org\/{rel}","templated":true}]}}