{"id":16846,"date":"2018-01-07T10:12:35","date_gmt":"2018-01-07T09:12:35","guid":{"rendered":"https:\/\/news.save.ch\/?p=2498"},"modified":"2023-03-14T09:02:53","modified_gmt":"2023-03-14T08:02:53","slug":"swiss-ts-swissi-und-iwt-werden-zur-swiss-safety-center-ag-2","status":null,"type":"post","link":"https:\/\/news.save.ch\/fr\/swiss-ts-swissi-und-iwt-werden-zur-swiss-safety-center-ag-2\/","title":{"rendered":"Swiss TS, Swissi et IWT deviennent Swiss Safety Center AG"},"content":{"rendered":"<figure id=\"attachment_2499\" aria-describedby=\"caption-attachment-2499\" style=\"width: 680px\" class=\"wp-caption alignnone\"><img loading=\"lazy\" decoding=\"async\" class=\"size-medium wp-image-2499\" src=\"http:\/\/develop.safety-plus.ch\/wp-content\/uploads\/2018\/01\/1406-HZDS_STVI_100_ae_4.jpg\" alt=\"\" width=\"680\" height=\"319\" \/><figcaption id=\"caption-attachment-2499\" class=\"wp-caption-text\">Swiss Safety Center AG est une entreprise du groupe ASIT et fait donc partie du centre de comp\u00e9tences pour la s\u00e9curit\u00e9 technique et la gestion des risques. Vue du nouveau b\u00e2timent \u00e0 Wallisellen. \u00a9 Swiss Safety Center<\/figcaption><\/figure>\n<p>Pour les clients et les partenaires commerciaux, cette fusion signifie qu'ils disposeront \u00e0 l'avenir d'une offre de services encore plus large dans les domaines de la s\u00e9curit\u00e9 technique et de la gestion des risques, et ce \u00e0 partir d'une seule source, comme par exemple<\/p>\n<ul>\n<li>Certifications de syst\u00e8mes de gestion, de produits et de personnes<\/li>\n<li>S\u00e9curit\u00e9 des installations, conformit\u00e9 des sous-ensembles, s\u00e9curit\u00e9 fonctionnelle 4.0<\/li>\n<li>Calculs de s\u00e9curit\u00e9, simulations, mod\u00e8les de calcul<\/li>\n<li>Protection contre les incendies, s\u00e9curit\u00e9 au travail, protection de la sant\u00e9, protection de l'environnement dans l'entreprise<\/li>\n<li>gestion int\u00e9grale des risques<\/li>\n<li>Technologie des mat\u00e9riaux stationnaire et mobile<\/li>\n<li>contr\u00f4les destructifs et non destructifs, analyse des dommages<\/li>\n<\/ul>\n<p>L'activit\u00e9 de formation, d\u00e9j\u00e0 importante, sera \u00e9galement d\u00e9velopp\u00e9e.<\/p>\n<p>Au 1er janvier 2018, tous les droits et obligations de Swiss TS, Swissi et IWT ont \u00e9t\u00e9 transf\u00e9r\u00e9s \u00e0 la <a href=\"http:\/\/www.safetycenter.ch\" target=\"_blank\" rel=\"noopener\">Swiss Safety Center AG<\/a> \u00e0 propos de. Le CEO de Swiss Safety Center AG est le Dr. Raffael Schubiger.<\/p>\n<p><strong>Swiss Safety Center - pour une s\u00e9curit\u00e9 globale<\/strong><\/p>\n<p>Le Swiss Safety Center SA est une entreprise du groupe ASIT et fait donc partie du centre de comp\u00e9tences pour la s\u00e9curit\u00e9 technique et la gestion des risques. Dans ce cadre, le Swiss Safety Center propose une gamme compl\u00e8te de services pour l'industrie, le commerce et l'artisanat. Il s'agit notamment d'essais, d'homologations, d'inspections, d'\u00e9valuations de conformit\u00e9, de marquages CE et de certifications, d'expertises, de contr\u00f4les de mat\u00e9riaux, de pr\u00e9vention des dommages ainsi que de formations et de perfectionnements sp\u00e9cialis\u00e9s.<\/p>\n<p>Pour plus d'informations, voir <a href=\"http:\/\/www.safetycenter.ch\" target=\"_blank\" rel=\"noopener\">www.safetycenter.ch<\/a><\/p>","protected":false},"excerpt":{"rendered":"<p>F\u00fcr Kunden und Gesch\u00e4ftspartner bedeutet dieser Zusammenschluss, dass ihnen insk\u00fcnftig auf den Gebieten technische Sicherheit und Risikomanagement ein noch breiteres Dienstleistungsangebot aus einer Hand zur Verf\u00fcgung steht wie Zertifizierungen von Managementsystemen, Produkten und Personen Anlagensicherheit, Baugruppenkonformit\u00e4t, funktionale Sicherheit 4.0 Sicherheitstechnische Berechnungen, Simulationen, Modellrechnungen Brandschutz, Arbeitssicherheit, Gesundheitsschutz, betrieblicher Umweltschutz integrales Risikomanagement Werkstofftechnologie station\u00e4r und mobil zerst\u00f6rende [&hellip;]<\/p>\n","protected":false},"author":1,"featured_media":2499,"comment_status":"open","ping_status":"open","sticky":false,"template":"","format":"standard","meta":{"_acf_changed":false,"pgc_sgb_lightbox_settings":"","footnotes":""},"categories":[1,3314],"tags":[172,109,1775,2108,149,2329,2669,2756,1234,3055,3058,3288],"class_list":["post-16846","post","type-post","status-publish","format-standard","has-post-thumbnail","hentry","category-allgemein","category-health-safety","tag-arbeitssicherheit","tag-aus-und-weiterbildung","tag-betriebliches-gesundheitsmanagement","tag-funktionale-sicherheit-4-0","tag-gesundheitsschutz","tag-iwt","tag-persoenliche-schutzausruestung-psa","tag-raffael-schubiger","tag-swiss-safety-center-ag","tag-swiss-ts","tag-swissi","tag-zertifizierungen"],"acf":[],"hkrextid":null,"publication":null,"issue":null,"workflow":null,"startPage":null,"spitzmarke":null,"_posts_by_tag_page_fields":{"widget_title":"","widget_tags":""},"_at_widget":"1","_yoast_wpseo_primary_category":"5","_yoast_wpseo_focuskw_text_input":"Swiss Safety Center AG","_yoast_wpseo_opengraph-image":null,"_yoast_wpseo_opengraph-description":null,"_yoast_wpseo_opengraph-title":null,"enclosure":null,"_yoast_wpseo_twitter-title":null,"_yoast_wpseo_twitter-description":null,"_yoast_wpseo_twitter-image":null,"_wp_old_slug":null,"_yoast_wpseo_title":null,"_yoast_wpseo_canonical":null,"yoast_head":"<!-- This site is optimized with the Yoast SEO plugin v27.4 - https:\/\/yoast.com\/product\/yoast-seo-wordpress\/ -->\n<title>Swiss TS, Swissi und IWT werden zur Swiss Safety Center AG - Save<\/title>\n<meta name=\"description\" content=\"Die Swiss TS Technical Services AG, die IWT Institut f\u00fcr Werkstofftechnologie AG sowie die Swissi AG schliessen sich zusammen.\" \/>\n<meta name=\"robots\" content=\"index, follow, max-snippet:-1, max-image-preview:large, max-video-preview:-1\" \/>\n<link rel=\"canonical\" href=\"https:\/\/news.save.ch\/fr\/swiss-ts-swissi-und-iwt-werden-zur-swiss-safety-center-ag-2\/\" \/>\n<meta property=\"og:locale\" content=\"fr_FR\" \/>\n<meta property=\"og:type\" content=\"article\" \/>\n<meta property=\"og:title\" content=\"Swiss TS, Swissi und IWT werden zur Swiss Safety Center AG - Save\" \/>\n<meta property=\"og:description\" content=\"Die Swiss TS Technical Services AG, die IWT Institut f\u00fcr Werkstofftechnologie AG sowie die Swissi AG schliessen sich zusammen.\" \/>\n<meta property=\"og:url\" content=\"https:\/\/news.save.ch\/fr\/swiss-ts-swissi-und-iwt-werden-zur-swiss-safety-center-ag-2\/\" \/>\n<meta property=\"og:site_name\" content=\"Save\" \/>\n<meta property=\"article:published_time\" content=\"2018-01-07T09:12:35+00:00\" \/>\n<meta property=\"article:modified_time\" content=\"2023-03-14T08:02:53+00:00\" \/>\n<meta property=\"og:image\" content=\"https:\/\/news.save.ch\/wp-content\/uploads\/2018\/01\/1406-HZDS_STVI_100_ae_4-scaled-1.jpg\" \/>\n\t<meta property=\"og:image:width\" content=\"1200\" \/>\n\t<meta property=\"og:image:height\" content=\"564\" \/>\n\t<meta property=\"og:image:type\" content=\"image\/jpeg\" \/>\n<meta name=\"author\" content=\"admin\" \/>\n<meta name=\"twitter:card\" content=\"summary_large_image\" \/>\n<meta name=\"twitter:label1\" content=\"\u00c9crit par\" \/>\n\t<meta name=\"twitter:data1\" content=\"admin\" \/>\n\t<meta name=\"twitter:label2\" content=\"Dur\u00e9e de lecture estim\u00e9e\" \/>\n\t<meta name=\"twitter:data2\" content=\"1 minute\" \/>\n<script type=\"application\/ld+json\" class=\"yoast-schema-graph\">{\"@context\":\"https:\\\/\\\/schema.org\",\"@graph\":[{\"@type\":\"Article\",\"@id\":\"https:\\\/\\\/news.save.ch\\\/swiss-ts-swissi-und-iwt-werden-zur-swiss-safety-center-ag-2\\\/#article\",\"isPartOf\":{\"@id\":\"https:\\\/\\\/news.save.ch\\\/swiss-ts-swissi-und-iwt-werden-zur-swiss-safety-center-ag-2\\\/\"},\"author\":{\"name\":\"admin\",\"@id\":\"https:\\\/\\\/news.save.ch\\\/de\\\/#\\\/schema\\\/person\\\/d49e199490bad7c70d64b9ab51142f2b\"},\"headline\":\"Swiss TS, Swissi und IWT werden zur Swiss Safety Center AG\",\"datePublished\":\"2018-01-07T09:12:35+00:00\",\"dateModified\":\"2023-03-14T08:02:53+00:00\",\"mainEntityOfPage\":{\"@id\":\"https:\\\/\\\/news.save.ch\\\/swiss-ts-swissi-und-iwt-werden-zur-swiss-safety-center-ag-2\\\/\"},\"wordCount\":232,\"commentCount\":0,\"publisher\":{\"@id\":\"https:\\\/\\\/news.save.ch\\\/de\\\/#organization\"},\"image\":{\"@id\":\"https:\\\/\\\/news.save.ch\\\/swiss-ts-swissi-und-iwt-werden-zur-swiss-safety-center-ag-2\\\/#primaryimage\"},\"thumbnailUrl\":\"https:\\\/\\\/news.save.ch\\\/wp-content\\\/uploads\\\/2018\\\/01\\\/1406-HZDS_STVI_100_ae_4-scaled-1.jpg\",\"keywords\":[\"Arbeitssicherheit\",\"Aus- und Weiterbildung\",\"Betriebliches Gesundheitsmanagement\",\"funktionale Sicherheit 4.0\",\"Gesundheitsschutz\",\"IWT\",\"Pers\u00f6nliche Schutzausr\u00fcstung (PSA)\",\"Raffael Schubiger\",\"Swiss Safety Center AG\",\"Swiss TS\",\"Swissi\",\"Zertifizierungen\"],\"articleSection\":[\"ALLGEMEIN\",\"HEALTH &amp; SAFETY\"],\"inLanguage\":\"fr-FR\"},{\"@type\":\"WebPage\",\"@id\":\"https:\\\/\\\/news.save.ch\\\/swiss-ts-swissi-und-iwt-werden-zur-swiss-safety-center-ag-2\\\/\",\"url\":\"https:\\\/\\\/news.save.ch\\\/swiss-ts-swissi-und-iwt-werden-zur-swiss-safety-center-ag-2\\\/\",\"name\":\"Swiss TS, Swissi und IWT werden zur Swiss Safety Center AG - Save\",\"isPartOf\":{\"@id\":\"https:\\\/\\\/news.save.ch\\\/de\\\/#website\"},\"primaryImageOfPage\":{\"@id\":\"https:\\\/\\\/news.save.ch\\\/swiss-ts-swissi-und-iwt-werden-zur-swiss-safety-center-ag-2\\\/#primaryimage\"},\"image\":{\"@id\":\"https:\\\/\\\/news.save.ch\\\/swiss-ts-swissi-und-iwt-werden-zur-swiss-safety-center-ag-2\\\/#primaryimage\"},\"thumbnailUrl\":\"https:\\\/\\\/news.save.ch\\\/wp-content\\\/uploads\\\/2018\\\/01\\\/1406-HZDS_STVI_100_ae_4-scaled-1.jpg\",\"datePublished\":\"2018-01-07T09:12:35+00:00\",\"dateModified\":\"2023-03-14T08:02:53+00:00\",\"description\":\"Die Swiss TS Technical Services AG, die IWT Institut f\u00fcr Werkstofftechnologie AG sowie die Swissi AG schliessen sich zusammen.\",\"breadcrumb\":{\"@id\":\"https:\\\/\\\/news.save.ch\\\/swiss-ts-swissi-und-iwt-werden-zur-swiss-safety-center-ag-2\\\/#breadcrumb\"},\"inLanguage\":\"fr-FR\",\"potentialAction\":[{\"@type\":\"ReadAction\",\"target\":[\"https:\\\/\\\/news.save.ch\\\/swiss-ts-swissi-und-iwt-werden-zur-swiss-safety-center-ag-2\\\/\"]}]},{\"@type\":\"ImageObject\",\"inLanguage\":\"fr-FR\",\"@id\":\"https:\\\/\\\/news.save.ch\\\/swiss-ts-swissi-und-iwt-werden-zur-swiss-safety-center-ag-2\\\/#primaryimage\",\"url\":\"https:\\\/\\\/news.save.ch\\\/wp-content\\\/uploads\\\/2018\\\/01\\\/1406-HZDS_STVI_100_ae_4-scaled-1.jpg\",\"contentUrl\":\"https:\\\/\\\/news.save.ch\\\/wp-content\\\/uploads\\\/2018\\\/01\\\/1406-HZDS_STVI_100_ae_4-scaled-1.jpg\",\"width\":1200,\"height\":564,\"caption\":\"Die Swiss Safety Center AG ist ein Unternehmen der SVTI-Gruppe und damit Teil des Kompetenzzentrums f\u00fcr technische Sicherheit und Risikomanagement. \u00a9 Swiss Safety Center\"},{\"@type\":\"BreadcrumbList\",\"@id\":\"https:\\\/\\\/news.save.ch\\\/swiss-ts-swissi-und-iwt-werden-zur-swiss-safety-center-ag-2\\\/#breadcrumb\",\"itemListElement\":[{\"@type\":\"ListItem\",\"position\":1,\"name\":\"Home\",\"item\":\"https:\\\/\\\/news.save.ch\\\/de\\\/\"},{\"@type\":\"ListItem\",\"position\":2,\"name\":\"Swiss TS, Swissi und IWT werden zur Swiss Safety Center AG\"}]},{\"@type\":\"WebSite\",\"@id\":\"https:\\\/\\\/news.save.ch\\\/de\\\/#website\",\"url\":\"https:\\\/\\\/news.save.ch\\\/de\\\/\",\"name\":\"Save\",\"description\":\"Schweizer Fachzeitschrift f\u00fcr Sicherheit\",\"publisher\":{\"@id\":\"https:\\\/\\\/news.save.ch\\\/de\\\/#organization\"},\"potentialAction\":[{\"@type\":\"SearchAction\",\"target\":{\"@type\":\"EntryPoint\",\"urlTemplate\":\"https:\\\/\\\/news.save.ch\\\/de\\\/?s={search_term_string}\"},\"query-input\":{\"@type\":\"PropertyValueSpecification\",\"valueRequired\":true,\"valueName\":\"search_term_string\"}}],\"inLanguage\":\"fr-FR\"},{\"@type\":\"Organization\",\"@id\":\"https:\\\/\\\/news.save.ch\\\/de\\\/#organization\",\"name\":\"Sicherheitsforum\",\"url\":\"https:\\\/\\\/news.save.ch\\\/de\\\/\",\"logo\":{\"@type\":\"ImageObject\",\"inLanguage\":\"fr-FR\",\"@id\":\"https:\\\/\\\/news.save.ch\\\/de\\\/#\\\/schema\\\/logo\\\/image\\\/\",\"url\":\"https:\\\/\\\/news.save.ch\\\/wp-content\\\/uploads\\\/2022\\\/06\\\/Logo_SF_2012.png\",\"contentUrl\":\"https:\\\/\\\/news.save.ch\\\/wp-content\\\/uploads\\\/2022\\\/06\\\/Logo_SF_2012.png\",\"width\":1100,\"height\":91,\"caption\":\"Sicherheitsforum\"},\"image\":{\"@id\":\"https:\\\/\\\/news.save.ch\\\/de\\\/#\\\/schema\\\/logo\\\/image\\\/\"}},{\"@type\":\"Person\",\"@id\":\"https:\\\/\\\/news.save.ch\\\/de\\\/#\\\/schema\\\/person\\\/d49e199490bad7c70d64b9ab51142f2b\",\"name\":\"admin\",\"image\":{\"@type\":\"ImageObject\",\"inLanguage\":\"fr-FR\",\"@id\":\"https:\\\/\\\/secure.gravatar.com\\\/avatar\\\/ae2f4d718e6c49043e314ce431e7e645d646302a24a5ef5a8bc8e3f5a032e319?s=96&d=mm&r=g\",\"url\":\"https:\\\/\\\/secure.gravatar.com\\\/avatar\\\/ae2f4d718e6c49043e314ce431e7e645d646302a24a5ef5a8bc8e3f5a032e319?s=96&d=mm&r=g\",\"contentUrl\":\"https:\\\/\\\/secure.gravatar.com\\\/avatar\\\/ae2f4d718e6c49043e314ce431e7e645d646302a24a5ef5a8bc8e3f5a032e319?s=96&d=mm&r=g\",\"caption\":\"admin\"},\"sameAs\":[\"https:\\\/\\\/develop.organisator.galledia.ch\"],\"url\":\"https:\\\/\\\/news.save.ch\\\/fr\\\/author\\\/admin\\\/\"}]}<\/script>\n<!-- \/ Yoast SEO plugin. -->","yoast_head_json":{"title":"Swiss TS, Swissi et IWT deviennent Swiss Safety Center AG - Save","description":"Swiss TS Technical Services AG, IWT Institut f\u00fcr Werkstofftechnologie AG et Swissi AG fusionnent.","robots":{"index":"index","follow":"follow","max-snippet":"max-snippet:-1","max-image-preview":"max-image-preview:large","max-video-preview":"max-video-preview:-1"},"canonical":"https:\/\/news.save.ch\/fr\/swiss-ts-swissi-und-iwt-werden-zur-swiss-safety-center-ag-2\/","og_locale":"fr_FR","og_type":"article","og_title":"Swiss TS, Swissi und IWT werden zur Swiss Safety Center AG - Save","og_description":"Die Swiss TS Technical Services AG, die IWT Institut f\u00fcr Werkstofftechnologie AG sowie die Swissi AG schliessen sich zusammen.","og_url":"https:\/\/news.save.ch\/fr\/swiss-ts-swissi-und-iwt-werden-zur-swiss-safety-center-ag-2\/","og_site_name":"Save","article_published_time":"2018-01-07T09:12:35+00:00","article_modified_time":"2023-03-14T08:02:53+00:00","og_image":[{"width":1200,"height":564,"url":"https:\/\/news.save.ch\/wp-content\/uploads\/2018\/01\/1406-HZDS_STVI_100_ae_4-scaled-1.jpg","type":"image\/jpeg"}],"author":"admin","twitter_card":"summary_large_image","twitter_misc":{"\u00c9crit par":"admin","Dur\u00e9e de lecture estim\u00e9e":"1 minute"},"schema":{"@context":"https:\/\/schema.org","@graph":[{"@type":"Article","@id":"https:\/\/news.save.ch\/swiss-ts-swissi-und-iwt-werden-zur-swiss-safety-center-ag-2\/#article","isPartOf":{"@id":"https:\/\/news.save.ch\/swiss-ts-swissi-und-iwt-werden-zur-swiss-safety-center-ag-2\/"},"author":{"name":"admin","@id":"https:\/\/news.save.ch\/de\/#\/schema\/person\/d49e199490bad7c70d64b9ab51142f2b"},"headline":"Swiss TS, Swissi und IWT werden zur Swiss Safety Center AG","datePublished":"2018-01-07T09:12:35+00:00","dateModified":"2023-03-14T08:02:53+00:00","mainEntityOfPage":{"@id":"https:\/\/news.save.ch\/swiss-ts-swissi-und-iwt-werden-zur-swiss-safety-center-ag-2\/"},"wordCount":232,"commentCount":0,"publisher":{"@id":"https:\/\/news.save.ch\/de\/#organization"},"image":{"@id":"https:\/\/news.save.ch\/swiss-ts-swissi-und-iwt-werden-zur-swiss-safety-center-ag-2\/#primaryimage"},"thumbnailUrl":"https:\/\/news.save.ch\/wp-content\/uploads\/2018\/01\/1406-HZDS_STVI_100_ae_4-scaled-1.jpg","keywords":["Arbeitssicherheit","Aus- und Weiterbildung","Betriebliches Gesundheitsmanagement","funktionale Sicherheit 4.0","Gesundheitsschutz","IWT","Pers\u00f6nliche Schutzausr\u00fcstung (PSA)","Raffael Schubiger","Swiss Safety Center AG","Swiss TS","Swissi","Zertifizierungen"],"articleSection":["ALLGEMEIN","HEALTH &amp; SAFETY"],"inLanguage":"fr-FR"},{"@type":"WebPage","@id":"https:\/\/news.save.ch\/swiss-ts-swissi-und-iwt-werden-zur-swiss-safety-center-ag-2\/","url":"https:\/\/news.save.ch\/swiss-ts-swissi-und-iwt-werden-zur-swiss-safety-center-ag-2\/","name":"Swiss TS, Swissi et IWT deviennent Swiss Safety Center AG - Save","isPartOf":{"@id":"https:\/\/news.save.ch\/de\/#website"},"primaryImageOfPage":{"@id":"https:\/\/news.save.ch\/swiss-ts-swissi-und-iwt-werden-zur-swiss-safety-center-ag-2\/#primaryimage"},"image":{"@id":"https:\/\/news.save.ch\/swiss-ts-swissi-und-iwt-werden-zur-swiss-safety-center-ag-2\/#primaryimage"},"thumbnailUrl":"https:\/\/news.save.ch\/wp-content\/uploads\/2018\/01\/1406-HZDS_STVI_100_ae_4-scaled-1.jpg","datePublished":"2018-01-07T09:12:35+00:00","dateModified":"2023-03-14T08:02:53+00:00","description":"Swiss TS Technical Services AG, IWT Institut f\u00fcr Werkstofftechnologie AG et Swissi AG fusionnent.","breadcrumb":{"@id":"https:\/\/news.save.ch\/swiss-ts-swissi-und-iwt-werden-zur-swiss-safety-center-ag-2\/#breadcrumb"},"inLanguage":"fr-FR","potentialAction":[{"@type":"ReadAction","target":["https:\/\/news.save.ch\/swiss-ts-swissi-und-iwt-werden-zur-swiss-safety-center-ag-2\/"]}]},{"@type":"ImageObject","inLanguage":"fr-FR","@id":"https:\/\/news.save.ch\/swiss-ts-swissi-und-iwt-werden-zur-swiss-safety-center-ag-2\/#primaryimage","url":"https:\/\/news.save.ch\/wp-content\/uploads\/2018\/01\/1406-HZDS_STVI_100_ae_4-scaled-1.jpg","contentUrl":"https:\/\/news.save.ch\/wp-content\/uploads\/2018\/01\/1406-HZDS_STVI_100_ae_4-scaled-1.jpg","width":1200,"height":564,"caption":"Die Swiss Safety Center AG ist ein Unternehmen der SVTI-Gruppe und damit Teil des Kompetenzzentrums f\u00fcr technische Sicherheit und Risikomanagement. \u00a9 Swiss Safety Center"},{"@type":"BreadcrumbList","@id":"https:\/\/news.save.ch\/swiss-ts-swissi-und-iwt-werden-zur-swiss-safety-center-ag-2\/#breadcrumb","itemListElement":[{"@type":"ListItem","position":1,"name":"Home","item":"https:\/\/news.save.ch\/de\/"},{"@type":"ListItem","position":2,"name":"Swiss TS, Swissi und IWT werden zur Swiss Safety Center AG"}]},{"@type":"WebSite","@id":"https:\/\/news.save.ch\/de\/#website","url":"https:\/\/news.save.ch\/de\/","name":"Save","description":"Revue suisse sp\u00e9cialis\u00e9e dans la s\u00e9curit\u00e9","publisher":{"@id":"https:\/\/news.save.ch\/de\/#organization"},"potentialAction":[{"@type":"SearchAction","target":{"@type":"EntryPoint","urlTemplate":"https:\/\/news.save.ch\/de\/?s={search_term_string}"},"query-input":{"@type":"PropertyValueSpecification","valueRequired":true,"valueName":"search_term_string"}}],"inLanguage":"fr-FR"},{"@type":"Organization","@id":"https:\/\/news.save.ch\/de\/#organization","name":"Forum sur la s\u00e9curit\u00e9","url":"https:\/\/news.save.ch\/de\/","logo":{"@type":"ImageObject","inLanguage":"fr-FR","@id":"https:\/\/news.save.ch\/de\/#\/schema\/logo\/image\/","url":"https:\/\/news.save.ch\/wp-content\/uploads\/2022\/06\/Logo_SF_2012.png","contentUrl":"https:\/\/news.save.ch\/wp-content\/uploads\/2022\/06\/Logo_SF_2012.png","width":1100,"height":91,"caption":"Sicherheitsforum"},"image":{"@id":"https:\/\/news.save.ch\/de\/#\/schema\/logo\/image\/"}},{"@type":"Person","@id":"https:\/\/news.save.ch\/de\/#\/schema\/person\/d49e199490bad7c70d64b9ab51142f2b","name":"admin","image":{"@type":"ImageObject","inLanguage":"fr-FR","@id":"https:\/\/secure.gravatar.com\/avatar\/ae2f4d718e6c49043e314ce431e7e645d646302a24a5ef5a8bc8e3f5a032e319?s=96&d=mm&r=g","url":"https:\/\/secure.gravatar.com\/avatar\/ae2f4d718e6c49043e314ce431e7e645d646302a24a5ef5a8bc8e3f5a032e319?s=96&d=mm&r=g","contentUrl":"https:\/\/secure.gravatar.com\/avatar\/ae2f4d718e6c49043e314ce431e7e645d646302a24a5ef5a8bc8e3f5a032e319?s=96&d=mm&r=g","caption":"admin"},"sameAs":["https:\/\/develop.organisator.galledia.ch"],"url":"https:\/\/news.save.ch\/fr\/author\/admin\/"}]}},"_links":{"self":[{"href":"https:\/\/news.save.ch\/fr\/wp-json\/wp\/v2\/posts\/16846","targetHints":{"allow":["GET"]}}],"collection":[{"href":"https:\/\/news.save.ch\/fr\/wp-json\/wp\/v2\/posts"}],"about":[{"href":"https:\/\/news.save.ch\/fr\/wp-json\/wp\/v2\/types\/post"}],"author":[{"embeddable":true,"href":"https:\/\/news.save.ch\/fr\/wp-json\/wp\/v2\/users\/1"}],"replies":[{"embeddable":true,"href":"https:\/\/news.save.ch\/fr\/wp-json\/wp\/v2\/comments?post=16846"}],"version-history":[{"count":1,"href":"https:\/\/news.save.ch\/fr\/wp-json\/wp\/v2\/posts\/16846\/revisions"}],"predecessor-version":[{"id":18328,"href":"https:\/\/news.save.ch\/fr\/wp-json\/wp\/v2\/posts\/16846\/revisions\/18328"}],"wp:featuredmedia":[{"embeddable":true,"href":"https:\/\/news.save.ch\/fr\/wp-json\/wp\/v2\/media\/2499"}],"wp:attachment":[{"href":"https:\/\/news.save.ch\/fr\/wp-json\/wp\/v2\/media?parent=16846"}],"wp:term":[{"taxonomy":"category","embeddable":true,"href":"https:\/\/news.save.ch\/fr\/wp-json\/wp\/v2\/categories?post=16846"},{"taxonomy":"post_tag","embeddable":true,"href":"https:\/\/news.save.ch\/fr\/wp-json\/wp\/v2\/tags?post=16846"}],"curies":[{"name":"wp","href":"https:\/\/api.w.org\/{rel}","templated":true}]}}