{"id":16875,"date":"2018-05-16T09:50:28","date_gmt":"2018-05-16T07:50:28","guid":{"rendered":"https:\/\/news.save.ch\/?p=2875"},"modified":"2023-03-14T09:05:11","modified_gmt":"2023-03-14T08:05:11","slug":"behutsam-in-die-toeffsaison-2018","status":null,"type":"post","link":"https:\/\/news.save.ch\/fr\/behutsam-in-die-toeffsaison-2018\/","title":{"rendered":"Stayin' Alive : D\u00e9marrage en douceur de la saison de moto 2018"},"content":{"rendered":"<p><img loading=\"lazy\" decoding=\"async\" class=\"alignnone size-medium wp-image-2881\" src=\"http:\/\/develop.safety-plus.ch\/wp-content\/uploads\/2018\/05\/bfu_StayinAlive_KeyTransparent-Kopie.jpg\" alt=\"\" width=\"680\" height=\"378\" \/><\/p>\n<p>Le logo de la campagne \"Stayin' Alive\" vise \u00e0 attirer l'attention sur la r\u00e9duction des accidents graves de moto. \u00a9 bpa<\/p>\n<p>En 2007, 82 motocyclistes ont perdu la vie sur les routes suisses et 1599 autres ont \u00e9t\u00e9 gri\u00e8vement bless\u00e9s \u00e0 l'\u00e9poque. Dix ans plus tard, on comptait encore 51 morts. A cela s'ajoutent 1047 bless\u00e9s graves l'an dernier - ce chiffre \u00e9tant plus \u00e9lev\u00e9 que celui des occupants de voitures de tourisme (781 bless\u00e9s graves en 2017). Malgr\u00e9 des \u00e9volutions positives, le risque pour les motocyclistes d'\u00eatre gri\u00e8vement bless\u00e9s ou tu\u00e9s dans un accident reste cinquante fois plus \u00e9lev\u00e9 que pour les automobilistes ou les passagers.<\/p>\n<p><strong>Attention : d'autres font des erreurs<\/strong><\/p>\n<p>Les collisions repr\u00e9sentent en moyenne pr\u00e8s de 60% des <a href=\"https:\/\/news.save.ch\/fr\/unfallkosten-motorradunfaelle-an-der-spitze\/\" target=\"_blank\" rel=\"noopener\">accidents graves de moto <\/a>\u00e0 partir de. Les collisions graves se produisent le plus souvent aux intersections. L'analyse du bpa montre que dans pr\u00e8s de 65 % de ces cas, ce n'est pas le motocycliste qui est enregistr\u00e9 comme responsable principal, mais l'\"autre partie\" \u00e0 la collision. Dans 55 pour cent des collisions graves, l'\"adversaire de collision\" est m\u00eame le seul responsable. Pour r\u00e9duire encore le nombre d'accidents de moto en Suisse, le bpa et la <a href=\"https:\/\/www.swissmoto.org\/\" target=\"_blank\" rel=\"noopener\">F\u00e9d\u00e9ration motocycliste suisse (FMS)<\/a> a d\u00e9cid\u00e9 de poursuivre son offensive de sensibilisation <a href=\"http:\/\/www.stayin-alive.ch\/home.html\" target=\"_blank\" rel=\"noopener\">\"Stayin' Alive\"<\/a> de passer \u00e0 la phase suivante. Les nouveaux venus sont le <a href=\"http:\/\/www.fahrlehrerverband.ch\/verband\/fachorganisationen-im-sfv\/schweizerischer-motorrad-fahrlehrer-verband-smfv\/\" target=\"_blank\" rel=\"noopener\">F\u00e9d\u00e9ration suisse des moniteurs de conduite de moto (FSMC)<\/a> et le <a href=\"http:\/\/www.fahrlehrerverband.ch\" target=\"_blank\" rel=\"noopener\">Association suisse des moniteurs de conduite (ASMC)<\/a>. <a href=\"http:\/\/www.stayin-alive.ch\/home.html\" target=\"_blank\" rel=\"noopener\">\"Stayin' Alive\"<\/a> est soutenu par le Fonds de s\u00e9curit\u00e9 routi\u00e8re et encourage les motocyclistes \u00e0 \u00eatre pr\u00eats \u00e0 tout moment \u00e0 commettre des erreurs de la part des autres usagers de la route.<\/p>\n<p><strong>Une bonne pr\u00e9paration de la saison est importante<\/strong><\/p>\n<p>Christoph J\u00f6hr, responsable du d\u00e9partement Comportement routier du bpa, souligne qu'un style de conduite d\u00e9fensif est d\u00e9cisif - surtout au d\u00e9but de la nouvelle saison de motos. \"Comme on voit moins de motos sur les routes en hiver, les autres usagers de la route peuvent \u00eatre surpris de voir tout \u00e0 coup de nombreux motocyclistes sur la route au printemps\", explique l'ancien moniteur de moto et de conduite automobile.<\/p>\n<p>Selon J\u00f6hr, il est \u00e9galement important pour les motards de bien se pr\u00e9parer \u00e0 la nouvelle saison. L'\u00e9tat de la moto et de l'\u00e9quipement doit \u00eatre v\u00e9rifi\u00e9, et le motocycliste lui-m\u00eame doit d'abord se remettre en \u00e9tat de rouler : \"Apr\u00e8s l'hiver, les motocyclistes doivent se r\u00e9habituer lentement \u00e0 la route. Des sorties plus courtes en d\u00e9but de saison permettent, par exemple, d'am\u00e9liorer l'\u00e9tat de la moto. <a href=\"https:\/\/news.save.ch\/fr\/motorradfahren-ist-sicherer-geworden\/\" target=\"_blank\" rel=\"noopener\">de s'entra\u00eener \u00e0 prendre des virages correctement et \u00e0 effectuer des man\u0153uvres de freinage d'urgence dans un cadre s\u00fbr.<\/a> de s'exercer\".<\/p>\n<p>Texte : <a href=\"http:\/\/www.bfu.ch\" target=\"_blank\" rel=\"noopener\">bpa<\/a><\/p>","protected":false},"excerpt":{"rendered":"<p>Das Logo der Kampagne \u00abStayin\u2019 Alive\u00bb soll auf die Reduktion schwerer Motorradunf\u00e4lle aufmerksam machen. \u00a9 bfu Im Jahr 2007 verloren 82 T\u00f6fffahrer ihr Leben auf Schweizer Strassen und 1599 weitere wurden damals schwer verletzt. Zehn Jahre sp\u00e4ter waren es noch 51 Tote. Dazu kamen letztes Jahr 1047 Schwerverletzte \u2013 wobei diese Zahl h\u00f6her liegt als [&hellip;]<\/p>\n","protected":false},"author":1,"featured_media":16273,"comment_status":"open","ping_status":"open","sticky":false,"template":"","format":"standard","meta":{"_acf_changed":false,"pgc_sgb_lightbox_settings":"","footnotes":""},"categories":[1,3314],"tags":[952,2165,149,2349,2563,175,2880,2882,176,3101,352],"class_list":["post-16875","post","type-post","status-publish","format-standard","has-post-thumbnail","hentry","category-allgemein","category-health-safety","tag-bfu","tag-gesundheitsfoerderung","tag-gesundheitsschutz","tag-kampagnen","tag-motorradunfaelle","tag-nichtberufsunfaelle","tag-schweizerische-fahrlehrerverband-sfv","tag-schweizerische-motorrad-fahrlehrer-verband-smfv","tag-sportunfaelle","tag-toefffahrer","tag-verkehrssicherheit"],"acf":[],"hkrextid":null,"publication":null,"issue":null,"workflow":null,"startPage":null,"spitzmarke":null,"_posts_by_tag_page_fields":{"widget_title":"","widget_tags":""},"_at_widget":"1","_yoast_wpseo_primary_category":"2","_yoast_wpseo_focuskw_text_input":"Stayin\u2019 Alive","_yoast_wpseo_opengraph-image":null,"_yoast_wpseo_opengraph-description":null,"_yoast_wpseo_opengraph-title":null,"enclosure":null,"_yoast_wpseo_twitter-title":null,"_yoast_wpseo_twitter-description":null,"_yoast_wpseo_twitter-image":null,"_wp_old_slug":null,"_yoast_wpseo_title":null,"_yoast_wpseo_canonical":null,"yoast_head":"<!-- This site is optimized with the Yoast SEO plugin v27.5 - https:\/\/yoast.com\/product\/yoast-seo-wordpress\/ -->\n<title>Stayin\u2019 Alive: Behutsam in die T\u00f6ffsaison 2018 - Save<\/title>\n<meta name=\"description\" content=\"Trotz positiven Entwicklungen bleibt das Risiko f\u00fcr T\u00f6fffahrer, bei einem Unfall schwer verletzt oder get\u00f6tet zu werden, f\u00fcnfzigmal h\u00f6her als f\u00fcr Autofahrer oder -beifahrer.\" \/>\n<meta name=\"robots\" content=\"index, follow, max-snippet:-1, max-image-preview:large, max-video-preview:-1\" \/>\n<link rel=\"canonical\" href=\"https:\/\/news.save.ch\/fr\/behutsam-in-die-toeffsaison-2018\/\" \/>\n<meta property=\"og:locale\" content=\"fr_FR\" \/>\n<meta property=\"og:type\" content=\"article\" \/>\n<meta property=\"og:title\" content=\"Stayin\u2019 Alive: Behutsam in die T\u00f6ffsaison 2018 - Save\" \/>\n<meta property=\"og:description\" content=\"Trotz positiven Entwicklungen bleibt das Risiko f\u00fcr T\u00f6fffahrer, bei einem Unfall schwer verletzt oder get\u00f6tet zu werden, f\u00fcnfzigmal h\u00f6her als f\u00fcr Autofahrer oder -beifahrer.\" \/>\n<meta property=\"og:url\" content=\"https:\/\/news.save.ch\/fr\/behutsam-in-die-toeffsaison-2018\/\" \/>\n<meta property=\"og:site_name\" content=\"Save\" \/>\n<meta property=\"article:published_time\" content=\"2018-05-16T07:50:28+00:00\" \/>\n<meta property=\"article:modified_time\" content=\"2023-03-14T08:05:11+00:00\" \/>\n<meta property=\"og:image\" content=\"https:\/\/news.save.ch\/wp-content\/uploads\/2018\/05\/bfu_StayinAlive_KeyTransparent.png\" \/>\n\t<meta property=\"og:image:width\" content=\"1200\" \/>\n\t<meta property=\"og:image:height\" content=\"638\" \/>\n\t<meta property=\"og:image:type\" content=\"image\/png\" \/>\n<meta name=\"author\" content=\"admin\" \/>\n<meta name=\"twitter:card\" content=\"summary_large_image\" \/>\n<meta name=\"twitter:label1\" content=\"\u00c9crit par\" \/>\n\t<meta name=\"twitter:data1\" content=\"admin\" \/>\n\t<meta name=\"twitter:label2\" content=\"Dur\u00e9e de lecture estim\u00e9e\" \/>\n\t<meta name=\"twitter:data2\" content=\"2 minutes\" \/>\n<script type=\"application\/ld+json\" class=\"yoast-schema-graph\">{\"@context\":\"https:\\\/\\\/schema.org\",\"@graph\":[{\"@type\":\"Article\",\"@id\":\"https:\\\/\\\/news.save.ch\\\/behutsam-in-die-toeffsaison-2018\\\/#article\",\"isPartOf\":{\"@id\":\"https:\\\/\\\/news.save.ch\\\/behutsam-in-die-toeffsaison-2018\\\/\"},\"author\":{\"name\":\"admin\",\"@id\":\"https:\\\/\\\/news.save.ch\\\/de\\\/#\\\/schema\\\/person\\\/d49e199490bad7c70d64b9ab51142f2b\"},\"headline\":\"Stayin\u2019 Alive: Behutsam in die T\u00f6ffsaison 2018\",\"datePublished\":\"2018-05-16T07:50:28+00:00\",\"dateModified\":\"2023-03-14T08:05:11+00:00\",\"mainEntityOfPage\":{\"@id\":\"https:\\\/\\\/news.save.ch\\\/behutsam-in-die-toeffsaison-2018\\\/\"},\"wordCount\":365,\"commentCount\":0,\"publisher\":{\"@id\":\"https:\\\/\\\/news.save.ch\\\/de\\\/#organization\"},\"image\":{\"@id\":\"https:\\\/\\\/news.save.ch\\\/behutsam-in-die-toeffsaison-2018\\\/#primaryimage\"},\"thumbnailUrl\":\"https:\\\/\\\/news.save.ch\\\/wp-content\\\/uploads\\\/2018\\\/05\\\/bfu_StayinAlive_KeyTransparent.png\",\"keywords\":[\"BFU\",\"Gesundheitsf\u00f6rderung\",\"Gesundheitsschutz\",\"Kampagnen\",\"Motorradunf\u00e4lle\",\"Nichtberufsunf\u00e4lle\",\"Schweizerische Fahrlehrerverband (SFV)\",\"Schweizerische Motorrad Fahrlehrer-Verband (SMFV)\",\"Sportunf\u00e4lle\",\"T\u00f6fffahrer\",\"Verkehrssicherheit\"],\"articleSection\":[\"ALLGEMEIN\",\"HEALTH &amp; SAFETY\"],\"inLanguage\":\"fr-FR\"},{\"@type\":\"WebPage\",\"@id\":\"https:\\\/\\\/news.save.ch\\\/behutsam-in-die-toeffsaison-2018\\\/\",\"url\":\"https:\\\/\\\/news.save.ch\\\/behutsam-in-die-toeffsaison-2018\\\/\",\"name\":\"Stayin\u2019 Alive: Behutsam in die T\u00f6ffsaison 2018 - Save\",\"isPartOf\":{\"@id\":\"https:\\\/\\\/news.save.ch\\\/de\\\/#website\"},\"primaryImageOfPage\":{\"@id\":\"https:\\\/\\\/news.save.ch\\\/behutsam-in-die-toeffsaison-2018\\\/#primaryimage\"},\"image\":{\"@id\":\"https:\\\/\\\/news.save.ch\\\/behutsam-in-die-toeffsaison-2018\\\/#primaryimage\"},\"thumbnailUrl\":\"https:\\\/\\\/news.save.ch\\\/wp-content\\\/uploads\\\/2018\\\/05\\\/bfu_StayinAlive_KeyTransparent.png\",\"datePublished\":\"2018-05-16T07:50:28+00:00\",\"dateModified\":\"2023-03-14T08:05:11+00:00\",\"description\":\"Trotz positiven Entwicklungen bleibt das Risiko f\u00fcr T\u00f6fffahrer, bei einem Unfall schwer verletzt oder get\u00f6tet zu werden, f\u00fcnfzigmal h\u00f6her als f\u00fcr Autofahrer oder -beifahrer.\",\"breadcrumb\":{\"@id\":\"https:\\\/\\\/news.save.ch\\\/behutsam-in-die-toeffsaison-2018\\\/#breadcrumb\"},\"inLanguage\":\"fr-FR\",\"potentialAction\":[{\"@type\":\"ReadAction\",\"target\":[\"https:\\\/\\\/news.save.ch\\\/behutsam-in-die-toeffsaison-2018\\\/\"]}]},{\"@type\":\"ImageObject\",\"inLanguage\":\"fr-FR\",\"@id\":\"https:\\\/\\\/news.save.ch\\\/behutsam-in-die-toeffsaison-2018\\\/#primaryimage\",\"url\":\"https:\\\/\\\/news.save.ch\\\/wp-content\\\/uploads\\\/2018\\\/05\\\/bfu_StayinAlive_KeyTransparent.png\",\"contentUrl\":\"https:\\\/\\\/news.save.ch\\\/wp-content\\\/uploads\\\/2018\\\/05\\\/bfu_StayinAlive_KeyTransparent.png\",\"width\":1200,\"height\":638,\"caption\":\"Das Logo der Kampagne \u00abStayin\u2019 Alive\u00bb soll auf die Reduktion schwerer Motorradunf\u00e4lle aufmerksam machen. \u00a9 bfu\"},{\"@type\":\"BreadcrumbList\",\"@id\":\"https:\\\/\\\/news.save.ch\\\/behutsam-in-die-toeffsaison-2018\\\/#breadcrumb\",\"itemListElement\":[{\"@type\":\"ListItem\",\"position\":1,\"name\":\"Home\",\"item\":\"https:\\\/\\\/news.save.ch\\\/de\\\/\"},{\"@type\":\"ListItem\",\"position\":2,\"name\":\"Stayin\u2019 Alive: Behutsam in die T\u00f6ffsaison 2018\"}]},{\"@type\":\"WebSite\",\"@id\":\"https:\\\/\\\/news.save.ch\\\/de\\\/#website\",\"url\":\"https:\\\/\\\/news.save.ch\\\/de\\\/\",\"name\":\"Save\",\"description\":\"Schweizer Fachzeitschrift f\u00fcr Sicherheit\",\"publisher\":{\"@id\":\"https:\\\/\\\/news.save.ch\\\/de\\\/#organization\"},\"potentialAction\":[{\"@type\":\"SearchAction\",\"target\":{\"@type\":\"EntryPoint\",\"urlTemplate\":\"https:\\\/\\\/news.save.ch\\\/de\\\/?s={search_term_string}\"},\"query-input\":{\"@type\":\"PropertyValueSpecification\",\"valueRequired\":true,\"valueName\":\"search_term_string\"}}],\"inLanguage\":\"fr-FR\"},{\"@type\":\"Organization\",\"@id\":\"https:\\\/\\\/news.save.ch\\\/de\\\/#organization\",\"name\":\"Sicherheitsforum\",\"url\":\"https:\\\/\\\/news.save.ch\\\/de\\\/\",\"logo\":{\"@type\":\"ImageObject\",\"inLanguage\":\"fr-FR\",\"@id\":\"https:\\\/\\\/news.save.ch\\\/de\\\/#\\\/schema\\\/logo\\\/image\\\/\",\"url\":\"https:\\\/\\\/news.save.ch\\\/wp-content\\\/uploads\\\/2022\\\/06\\\/Logo_SF_2012.png\",\"contentUrl\":\"https:\\\/\\\/news.save.ch\\\/wp-content\\\/uploads\\\/2022\\\/06\\\/Logo_SF_2012.png\",\"width\":1100,\"height\":91,\"caption\":\"Sicherheitsforum\"},\"image\":{\"@id\":\"https:\\\/\\\/news.save.ch\\\/de\\\/#\\\/schema\\\/logo\\\/image\\\/\"}},{\"@type\":\"Person\",\"@id\":\"https:\\\/\\\/news.save.ch\\\/de\\\/#\\\/schema\\\/person\\\/d49e199490bad7c70d64b9ab51142f2b\",\"name\":\"admin\",\"image\":{\"@type\":\"ImageObject\",\"inLanguage\":\"fr-FR\",\"@id\":\"https:\\\/\\\/secure.gravatar.com\\\/avatar\\\/ae2f4d718e6c49043e314ce431e7e645d646302a24a5ef5a8bc8e3f5a032e319?s=96&d=mm&r=g\",\"url\":\"https:\\\/\\\/secure.gravatar.com\\\/avatar\\\/ae2f4d718e6c49043e314ce431e7e645d646302a24a5ef5a8bc8e3f5a032e319?s=96&d=mm&r=g\",\"contentUrl\":\"https:\\\/\\\/secure.gravatar.com\\\/avatar\\\/ae2f4d718e6c49043e314ce431e7e645d646302a24a5ef5a8bc8e3f5a032e319?s=96&d=mm&r=g\",\"caption\":\"admin\"},\"sameAs\":[\"https:\\\/\\\/develop.organisator.galledia.ch\"],\"url\":\"https:\\\/\\\/news.save.ch\\\/fr\\\/author\\\/admin\\\/\"}]}<\/script>\n<!-- \/ Yoast SEO plugin. -->","yoast_head_json":{"title":"Stayin' Alive : D\u00e9marrage en douceur de la saison moto 2018 - Save","description":"Malgr\u00e9 des \u00e9volutions positives, le risque pour les motocyclistes d'\u00eatre gri\u00e8vement bless\u00e9s ou tu\u00e9s dans un accident reste cinquante fois plus \u00e9lev\u00e9 que pour les automobilistes ou les passagers.","robots":{"index":"index","follow":"follow","max-snippet":"max-snippet:-1","max-image-preview":"max-image-preview:large","max-video-preview":"max-video-preview:-1"},"canonical":"https:\/\/news.save.ch\/fr\/behutsam-in-die-toeffsaison-2018\/","og_locale":"fr_FR","og_type":"article","og_title":"Stayin\u2019 Alive: Behutsam in die T\u00f6ffsaison 2018 - Save","og_description":"Trotz positiven Entwicklungen bleibt das Risiko f\u00fcr T\u00f6fffahrer, bei einem Unfall schwer verletzt oder get\u00f6tet zu werden, f\u00fcnfzigmal h\u00f6her als f\u00fcr Autofahrer oder -beifahrer.","og_url":"https:\/\/news.save.ch\/fr\/behutsam-in-die-toeffsaison-2018\/","og_site_name":"Save","article_published_time":"2018-05-16T07:50:28+00:00","article_modified_time":"2023-03-14T08:05:11+00:00","og_image":[{"width":1200,"height":638,"url":"https:\/\/news.save.ch\/wp-content\/uploads\/2018\/05\/bfu_StayinAlive_KeyTransparent.png","type":"image\/png"}],"author":"admin","twitter_card":"summary_large_image","twitter_misc":{"\u00c9crit par":"admin","Dur\u00e9e de lecture estim\u00e9e":"2 minutes"},"schema":{"@context":"https:\/\/schema.org","@graph":[{"@type":"Article","@id":"https:\/\/news.save.ch\/behutsam-in-die-toeffsaison-2018\/#article","isPartOf":{"@id":"https:\/\/news.save.ch\/behutsam-in-die-toeffsaison-2018\/"},"author":{"name":"admin","@id":"https:\/\/news.save.ch\/de\/#\/schema\/person\/d49e199490bad7c70d64b9ab51142f2b"},"headline":"Stayin\u2019 Alive: Behutsam in die T\u00f6ffsaison 2018","datePublished":"2018-05-16T07:50:28+00:00","dateModified":"2023-03-14T08:05:11+00:00","mainEntityOfPage":{"@id":"https:\/\/news.save.ch\/behutsam-in-die-toeffsaison-2018\/"},"wordCount":365,"commentCount":0,"publisher":{"@id":"https:\/\/news.save.ch\/de\/#organization"},"image":{"@id":"https:\/\/news.save.ch\/behutsam-in-die-toeffsaison-2018\/#primaryimage"},"thumbnailUrl":"https:\/\/news.save.ch\/wp-content\/uploads\/2018\/05\/bfu_StayinAlive_KeyTransparent.png","keywords":["BFU","Gesundheitsf\u00f6rderung","Gesundheitsschutz","Kampagnen","Motorradunf\u00e4lle","Nichtberufsunf\u00e4lle","Schweizerische Fahrlehrerverband (SFV)","Schweizerische Motorrad Fahrlehrer-Verband (SMFV)","Sportunf\u00e4lle","T\u00f6fffahrer","Verkehrssicherheit"],"articleSection":["ALLGEMEIN","HEALTH &amp; SAFETY"],"inLanguage":"fr-FR"},{"@type":"WebPage","@id":"https:\/\/news.save.ch\/behutsam-in-die-toeffsaison-2018\/","url":"https:\/\/news.save.ch\/behutsam-in-die-toeffsaison-2018\/","name":"Stayin' Alive : D\u00e9marrage en douceur de la saison moto 2018 - Save","isPartOf":{"@id":"https:\/\/news.save.ch\/de\/#website"},"primaryImageOfPage":{"@id":"https:\/\/news.save.ch\/behutsam-in-die-toeffsaison-2018\/#primaryimage"},"image":{"@id":"https:\/\/news.save.ch\/behutsam-in-die-toeffsaison-2018\/#primaryimage"},"thumbnailUrl":"https:\/\/news.save.ch\/wp-content\/uploads\/2018\/05\/bfu_StayinAlive_KeyTransparent.png","datePublished":"2018-05-16T07:50:28+00:00","dateModified":"2023-03-14T08:05:11+00:00","description":"Malgr\u00e9 des \u00e9volutions positives, le risque pour les motocyclistes d'\u00eatre gri\u00e8vement bless\u00e9s ou tu\u00e9s dans un accident reste cinquante fois plus \u00e9lev\u00e9 que pour les automobilistes ou les passagers.","breadcrumb":{"@id":"https:\/\/news.save.ch\/behutsam-in-die-toeffsaison-2018\/#breadcrumb"},"inLanguage":"fr-FR","potentialAction":[{"@type":"ReadAction","target":["https:\/\/news.save.ch\/behutsam-in-die-toeffsaison-2018\/"]}]},{"@type":"ImageObject","inLanguage":"fr-FR","@id":"https:\/\/news.save.ch\/behutsam-in-die-toeffsaison-2018\/#primaryimage","url":"https:\/\/news.save.ch\/wp-content\/uploads\/2018\/05\/bfu_StayinAlive_KeyTransparent.png","contentUrl":"https:\/\/news.save.ch\/wp-content\/uploads\/2018\/05\/bfu_StayinAlive_KeyTransparent.png","width":1200,"height":638,"caption":"Das Logo der Kampagne \u00abStayin\u2019 Alive\u00bb soll auf die Reduktion schwerer Motorradunf\u00e4lle aufmerksam machen. \u00a9 bfu"},{"@type":"BreadcrumbList","@id":"https:\/\/news.save.ch\/behutsam-in-die-toeffsaison-2018\/#breadcrumb","itemListElement":[{"@type":"ListItem","position":1,"name":"Home","item":"https:\/\/news.save.ch\/de\/"},{"@type":"ListItem","position":2,"name":"Stayin\u2019 Alive: Behutsam in die T\u00f6ffsaison 2018"}]},{"@type":"WebSite","@id":"https:\/\/news.save.ch\/de\/#website","url":"https:\/\/news.save.ch\/de\/","name":"Save","description":"Revue suisse sp\u00e9cialis\u00e9e dans la s\u00e9curit\u00e9","publisher":{"@id":"https:\/\/news.save.ch\/de\/#organization"},"potentialAction":[{"@type":"SearchAction","target":{"@type":"EntryPoint","urlTemplate":"https:\/\/news.save.ch\/de\/?s={search_term_string}"},"query-input":{"@type":"PropertyValueSpecification","valueRequired":true,"valueName":"search_term_string"}}],"inLanguage":"fr-FR"},{"@type":"Organization","@id":"https:\/\/news.save.ch\/de\/#organization","name":"Forum sur la s\u00e9curit\u00e9","url":"https:\/\/news.save.ch\/de\/","logo":{"@type":"ImageObject","inLanguage":"fr-FR","@id":"https:\/\/news.save.ch\/de\/#\/schema\/logo\/image\/","url":"https:\/\/news.save.ch\/wp-content\/uploads\/2022\/06\/Logo_SF_2012.png","contentUrl":"https:\/\/news.save.ch\/wp-content\/uploads\/2022\/06\/Logo_SF_2012.png","width":1100,"height":91,"caption":"Sicherheitsforum"},"image":{"@id":"https:\/\/news.save.ch\/de\/#\/schema\/logo\/image\/"}},{"@type":"Person","@id":"https:\/\/news.save.ch\/de\/#\/schema\/person\/d49e199490bad7c70d64b9ab51142f2b","name":"admin","image":{"@type":"ImageObject","inLanguage":"fr-FR","@id":"https:\/\/secure.gravatar.com\/avatar\/ae2f4d718e6c49043e314ce431e7e645d646302a24a5ef5a8bc8e3f5a032e319?s=96&d=mm&r=g","url":"https:\/\/secure.gravatar.com\/avatar\/ae2f4d718e6c49043e314ce431e7e645d646302a24a5ef5a8bc8e3f5a032e319?s=96&d=mm&r=g","contentUrl":"https:\/\/secure.gravatar.com\/avatar\/ae2f4d718e6c49043e314ce431e7e645d646302a24a5ef5a8bc8e3f5a032e319?s=96&d=mm&r=g","caption":"admin"},"sameAs":["https:\/\/develop.organisator.galledia.ch"],"url":"https:\/\/news.save.ch\/fr\/author\/admin\/"}]}},"_links":{"self":[{"href":"https:\/\/news.save.ch\/fr\/wp-json\/wp\/v2\/posts\/16875","targetHints":{"allow":["GET"]}}],"collection":[{"href":"https:\/\/news.save.ch\/fr\/wp-json\/wp\/v2\/posts"}],"about":[{"href":"https:\/\/news.save.ch\/fr\/wp-json\/wp\/v2\/types\/post"}],"author":[{"embeddable":true,"href":"https:\/\/news.save.ch\/fr\/wp-json\/wp\/v2\/users\/1"}],"replies":[{"embeddable":true,"href":"https:\/\/news.save.ch\/fr\/wp-json\/wp\/v2\/comments?post=16875"}],"version-history":[{"count":1,"href":"https:\/\/news.save.ch\/fr\/wp-json\/wp\/v2\/posts\/16875\/revisions"}],"predecessor-version":[{"id":18724,"href":"https:\/\/news.save.ch\/fr\/wp-json\/wp\/v2\/posts\/16875\/revisions\/18724"}],"wp:featuredmedia":[{"embeddable":true,"href":"https:\/\/news.save.ch\/fr\/wp-json\/wp\/v2\/media\/16273"}],"wp:attachment":[{"href":"https:\/\/news.save.ch\/fr\/wp-json\/wp\/v2\/media?parent=16875"}],"wp:term":[{"taxonomy":"category","embeddable":true,"href":"https:\/\/news.save.ch\/fr\/wp-json\/wp\/v2\/categories?post=16875"},{"taxonomy":"post_tag","embeddable":true,"href":"https:\/\/news.save.ch\/fr\/wp-json\/wp\/v2\/tags?post=16875"}],"curies":[{"name":"wp","href":"https:\/\/api.w.org\/{rel}","templated":true}]}}